{"id":203777,"date":"2026-01-29T14:33:05","date_gmt":"2026-01-29T17:33:05","guid":{"rendered":"https:\/\/radioinfinitagoya.com.ar\/v1\/?p=203777"},"modified":"2026-01-29T14:33:05","modified_gmt":"2026-01-29T17:33:05","slug":"encontraron-el-cuerpo-de-un-hombre-que-se-ahogo-en-el-rio-parana","status":"publish","type":"post","link":"https:\/\/radioinfinitagoya.com.ar\/v1\/2026\/01\/29\/encontraron-el-cuerpo-de-un-hombre-que-se-ahogo-en-el-rio-parana\/","title":{"rendered":"Encontraron el cuerpo de un hombre que se ahog\u00f3 en el r\u00edo Paran\u00e1"},"content":{"rendered":"<p>Hab\u00eda desaparecido mientras pescaba en Puerto Viejo.<\/p>\n<p>Un hombre de 45 a\u00f1os fue encontrado muerto en la ma\u00f1ana de este jueves 29 de enero en la costa del r\u00edo Paran\u00e1, en la zona de Puerto Viejo en Lavalle.<\/p>\n<p>Fue identificado con el apellido Fern\u00e1ndez y hab\u00eda desaparecido ayer por la tarde mientras pescaba junto a un grupo de personas. Por razones que a\u00fan se investigan, cay\u00f3 al r\u00edo y no volvi\u00f3 a salir a la superficie.<\/p>\n<p>Desde ese momento, efectivos de la Prefectura Naval Argentina realizaron rastrillajes en la zona en busca del hombre. En horas de la ma\u00f1ana, un vecino lo avist\u00f3 en la costa y el cuerpo pudo ser rescatado.<\/p>\n<p>Las autoridades contin\u00faan con los trabajos para determinar las circunstancias exactas del accidente.<\/p>\n","protected":false},"excerpt":{"rendered":"<p>Hab\u00eda desaparecido mientras pescaba en Puerto Viejo. Un hombre de 45 a\u00f1os fue encontrado muerto en la ma\u00f1ana de este jueves 29 de enero en la costa del r\u00edo Paran\u00e1, en la zona de Puerto Viejo en Lavalle. Fue identificado con el apellido Fern\u00e1ndez y hab\u00eda desaparecido ayer por la tarde mientras pescaba junto a [&hellip;]<\/p>\n","protected":false},"author":4,"featured_media":203778,"comment_status":"open","ping_status":"open","sticky":false,"template":"","format":"standard","meta":{"_joinchat":[],"footnotes":""},"categories":[26],"tags":[],"class_list":{"0":"post-203777","1":"post","2":"type-post","3":"status-publish","4":"format-standard","5":"has-post-thumbnail","7":"category-provinciales"},"yoast_head":"<!-- This site is optimized with the Yoast SEO plugin v27.2 - https:\/\/yoast.com\/product\/yoast-seo-wordpress\/ -->\n<title>Encontraron el cuerpo de un hombre que se ahog\u00f3 en el r\u00edo Paran\u00e1 - Radio Infinita Goya<\/title>\n<meta name=\"description\" content=\"Hab\u00eda desaparecido mientras pescaba en Puerto Viejo. Un hombre de 45 a\u00f1os fue encontrado muerto en la ma\u00f1ana de este jueves 29 de enero en la costa del\" \/>\n<meta name=\"robots\" content=\"index, follow, max-snippet:-1, max-image-preview:large, max-video-preview:-1\" \/>\n<link rel=\"canonical\" href=\"https:\/\/radioinfinitagoya.com.ar\/v1\/2026\/01\/29\/encontraron-el-cuerpo-de-un-hombre-que-se-ahogo-en-el-rio-parana\/\" \/>\n<meta property=\"og:locale\" content=\"es_ES\" \/>\n<meta property=\"og:type\" content=\"article\" \/>\n<meta property=\"og:title\" content=\"Encontraron el cuerpo de un hombre que se ahog\u00f3 en el r\u00edo Paran\u00e1 - Radio Infinita Goya\" \/>\n<meta property=\"og:description\" content=\"Hab\u00eda desaparecido mientras pescaba en Puerto Viejo. Un hombre de 45 a\u00f1os fue encontrado muerto en la ma\u00f1ana de este jueves 29 de enero en la costa del\" \/>\n<meta property=\"og:url\" content=\"https:\/\/radioinfinitagoya.com.ar\/v1\/2026\/01\/29\/encontraron-el-cuerpo-de-un-hombre-que-se-ahogo-en-el-rio-parana\/\" \/>\n<meta property=\"og:site_name\" content=\"Radio Infinita Goya\" \/>\n<meta property=\"article:publisher\" content=\"https:\/\/www.facebook.com\/p\/Infinita-Goya-100063870918311\/\" \/>\n<meta property=\"article:published_time\" content=\"2026-01-29T17:33:05+00:00\" \/>\n<meta property=\"og:image\" content=\"https:\/\/radioinfinitagoya.com.ar\/v1\/wp-content\/uploads\/2026\/01\/890786c6-411a-4bb8-86ff-cdd3bddae456.jpg\" \/>\n\t<meta property=\"og:image:width\" content=\"945\" \/>\n\t<meta property=\"og:image:height\" content=\"482\" \/>\n\t<meta property=\"og:image:type\" content=\"image\/jpeg\" \/>\n<meta name=\"author\" content=\"Jorge Mi\u00f1o\" \/>\n<meta name=\"twitter:card\" content=\"summary_large_image\" \/>\n<meta name=\"twitter:label1\" content=\"Escrito por\" \/>\n\t<meta name=\"twitter:data1\" content=\"Jorge Mi\u00f1o\" \/>\n\t<meta name=\"twitter:label2\" content=\"Tiempo de lectura\" \/>\n\t<meta name=\"twitter:data2\" content=\"1 minuto\" \/>\n<script type=\"application\/ld+json\" class=\"yoast-schema-graph\">{\"@context\":\"https:\/\/schema.org\",\"@graph\":[{\"@type\":\"Article\",\"@id\":\"https:\/\/radioinfinitagoya.com.ar\/v1\/2026\/01\/29\/encontraron-el-cuerpo-de-un-hombre-que-se-ahogo-en-el-rio-parana\/#article\",\"isPartOf\":{\"@id\":\"https:\/\/radioinfinitagoya.com.ar\/v1\/2026\/01\/29\/encontraron-el-cuerpo-de-un-hombre-que-se-ahogo-en-el-rio-parana\/\"},\"author\":{\"name\":\"Jorge Mi\u00f1o\",\"@id\":\"https:\/\/radioinfinitagoya.com.ar\/v1\/#\/schema\/person\/d4cf9c413d4f6edb24aabdccab49ca4a\"},\"headline\":\"Encontraron el cuerpo de un hombre que se ahog\u00f3 en el r\u00edo Paran\u00e1\",\"datePublished\":\"2026-01-29T17:33:05+00:00\",\"mainEntityOfPage\":{\"@id\":\"https:\/\/radioinfinitagoya.com.ar\/v1\/2026\/01\/29\/encontraron-el-cuerpo-de-un-hombre-que-se-ahogo-en-el-rio-parana\/\"},\"wordCount\":147,\"commentCount\":0,\"publisher\":{\"@id\":\"https:\/\/radioinfinitagoya.com.ar\/v1\/#organization\"},\"image\":{\"@id\":\"https:\/\/radioinfinitagoya.com.ar\/v1\/2026\/01\/29\/encontraron-el-cuerpo-de-un-hombre-que-se-ahogo-en-el-rio-parana\/#primaryimage\"},\"thumbnailUrl\":\"https:\/\/radioinfinitagoya.com.ar\/v1\/wp-content\/uploads\/2026\/01\/890786c6-411a-4bb8-86ff-cdd3bddae456.jpg\",\"articleSection\":[\"PROVINCIALES\"],\"inLanguage\":\"es-AR\",\"potentialAction\":[{\"@type\":\"CommentAction\",\"name\":\"Comment\",\"target\":[\"https:\/\/radioinfinitagoya.com.ar\/v1\/2026\/01\/29\/encontraron-el-cuerpo-de-un-hombre-que-se-ahogo-en-el-rio-parana\/#respond\"]}]},{\"@type\":\"WebPage\",\"@id\":\"https:\/\/radioinfinitagoya.com.ar\/v1\/2026\/01\/29\/encontraron-el-cuerpo-de-un-hombre-que-se-ahogo-en-el-rio-parana\/\",\"url\":\"https:\/\/radioinfinitagoya.com.ar\/v1\/2026\/01\/29\/encontraron-el-cuerpo-de-un-hombre-que-se-ahogo-en-el-rio-parana\/\",\"name\":\"Encontraron el cuerpo de un hombre que se ahog\u00f3 en el r\u00edo Paran\u00e1 - Radio Infinita Goya\",\"isPartOf\":{\"@id\":\"https:\/\/radioinfinitagoya.com.ar\/v1\/#website\"},\"primaryImageOfPage\":{\"@id\":\"https:\/\/radioinfinitagoya.com.ar\/v1\/2026\/01\/29\/encontraron-el-cuerpo-de-un-hombre-que-se-ahogo-en-el-rio-parana\/#primaryimage\"},\"image\":{\"@id\":\"https:\/\/radioinfinitagoya.com.ar\/v1\/2026\/01\/29\/encontraron-el-cuerpo-de-un-hombre-que-se-ahogo-en-el-rio-parana\/#primaryimage\"},\"thumbnailUrl\":\"https:\/\/radioinfinitagoya.com.ar\/v1\/wp-content\/uploads\/2026\/01\/890786c6-411a-4bb8-86ff-cdd3bddae456.jpg\",\"datePublished\":\"2026-01-29T17:33:05+00:00\",\"description\":\"Hab\u00eda desaparecido mientras pescaba en Puerto Viejo. Un hombre de 45 a\u00f1os fue encontrado muerto en la ma\u00f1ana de este jueves 29 de enero en la costa del\",\"breadcrumb\":{\"@id\":\"https:\/\/radioinfinitagoya.com.ar\/v1\/2026\/01\/29\/encontraron-el-cuerpo-de-un-hombre-que-se-ahogo-en-el-rio-parana\/#breadcrumb\"},\"inLanguage\":\"es-AR\",\"potentialAction\":[{\"@type\":\"ReadAction\",\"target\":[\"https:\/\/radioinfinitagoya.com.ar\/v1\/2026\/01\/29\/encontraron-el-cuerpo-de-un-hombre-que-se-ahogo-en-el-rio-parana\/\"]}]},{\"@type\":\"ImageObject\",\"inLanguage\":\"es-AR\",\"@id\":\"https:\/\/radioinfinitagoya.com.ar\/v1\/2026\/01\/29\/encontraron-el-cuerpo-de-un-hombre-que-se-ahogo-en-el-rio-parana\/#primaryimage\",\"url\":\"https:\/\/radioinfinitagoya.com.ar\/v1\/wp-content\/uploads\/2026\/01\/890786c6-411a-4bb8-86ff-cdd3bddae456.jpg\",\"contentUrl\":\"https:\/\/radioinfinitagoya.com.ar\/v1\/wp-content\/uploads\/2026\/01\/890786c6-411a-4bb8-86ff-cdd3bddae456.jpg\",\"width\":945,\"height\":482},{\"@type\":\"BreadcrumbList\",\"@id\":\"https:\/\/radioinfinitagoya.com.ar\/v1\/2026\/01\/29\/encontraron-el-cuerpo-de-un-hombre-que-se-ahogo-en-el-rio-parana\/#breadcrumb\",\"itemListElement\":[{\"@type\":\"ListItem\",\"position\":1,\"name\":\"Inicio\",\"item\":\"https:\/\/radioinfinitagoya.com.ar\/v1\/\"},{\"@type\":\"ListItem\",\"position\":2,\"name\":\"Encontraron el cuerpo de un hombre que se ahog\u00f3 en el r\u00edo Paran\u00e1\"}]},{\"@type\":\"WebSite\",\"@id\":\"https:\/\/radioinfinitagoya.com.ar\/v1\/#website\",\"url\":\"https:\/\/radioinfinitagoya.com.ar\/v1\/\",\"name\":\"radioinfinitagoya.com.ar\",\"description\":\"Radio de noticias\",\"publisher\":{\"@id\":\"https:\/\/radioinfinitagoya.com.ar\/v1\/#organization\"},\"potentialAction\":[{\"@type\":\"SearchAction\",\"target\":{\"@type\":\"EntryPoint\",\"urlTemplate\":\"https:\/\/radioinfinitagoya.com.ar\/v1\/?s={search_term_string}\"},\"query-input\":{\"@type\":\"PropertyValueSpecification\",\"valueRequired\":true,\"valueName\":\"search_term_string\"}}],\"inLanguage\":\"es-AR\"},{\"@type\":\"Organization\",\"@id\":\"https:\/\/radioinfinitagoya.com.ar\/v1\/#organization\",\"name\":\"Radio Infinita Goya\",\"url\":\"https:\/\/radioinfinitagoya.com.ar\/v1\/\",\"logo\":{\"@type\":\"ImageObject\",\"inLanguage\":\"es-AR\",\"@id\":\"https:\/\/radioinfinitagoya.com.ar\/v1\/#\/schema\/logo\/image\/\",\"url\":\"https:\/\/radioinfinitagoya.com.ar\/v1\/wp-content\/uploads\/2019\/11\/logo-pie-web.png\",\"contentUrl\":\"https:\/\/radioinfinitagoya.com.ar\/v1\/wp-content\/uploads\/2019\/11\/logo-pie-web.png\",\"width\":635,\"height\":326,\"caption\":\"Radio Infinita Goya\"},\"image\":{\"@id\":\"https:\/\/radioinfinitagoya.com.ar\/v1\/#\/schema\/logo\/image\/\"},\"sameAs\":[\"https:\/\/www.facebook.com\/p\/Infinita-Goya-100063870918311\/\"]},{\"@type\":\"Person\",\"@id\":\"https:\/\/radioinfinitagoya.com.ar\/v1\/#\/schema\/person\/d4cf9c413d4f6edb24aabdccab49ca4a\",\"name\":\"Jorge Mi\u00f1o\",\"image\":{\"@type\":\"ImageObject\",\"inLanguage\":\"es-AR\",\"@id\":\"https:\/\/secure.gravatar.com\/avatar\/910fcf6728fe95320e07a6643c1581fec1c7fc4bf8ae12e3d8f0d0373dc844be?s=96&d=mm&r=g\",\"url\":\"https:\/\/secure.gravatar.com\/avatar\/910fcf6728fe95320e07a6643c1581fec1c7fc4bf8ae12e3d8f0d0373dc844be?s=96&d=mm&r=g\",\"contentUrl\":\"https:\/\/secure.gravatar.com\/avatar\/910fcf6728fe95320e07a6643c1581fec1c7fc4bf8ae12e3d8f0d0373dc844be?s=96&d=mm&r=g\",\"caption\":\"Jorge Mi\u00f1o\"},\"sameAs\":[\"http:\/\/radioinfinitagoya.com.ar\"]}]}<\/script>\n<!-- \/ Yoast SEO plugin. -->","yoast_head_json":{"title":"Encontraron el cuerpo de un hombre que se ahog\u00f3 en el r\u00edo Paran\u00e1 - Radio Infinita Goya","description":"Hab\u00eda desaparecido mientras pescaba en Puerto Viejo. Un hombre de 45 a\u00f1os fue encontrado muerto en la ma\u00f1ana de este jueves 29 de enero en la costa del","robots":{"index":"index","follow":"follow","max-snippet":"max-snippet:-1","max-image-preview":"max-image-preview:large","max-video-preview":"max-video-preview:-1"},"canonical":"https:\/\/radioinfinitagoya.com.ar\/v1\/2026\/01\/29\/encontraron-el-cuerpo-de-un-hombre-que-se-ahogo-en-el-rio-parana\/","og_locale":"es_ES","og_type":"article","og_title":"Encontraron el cuerpo de un hombre que se ahog\u00f3 en el r\u00edo Paran\u00e1 - Radio Infinita Goya","og_description":"Hab\u00eda desaparecido mientras pescaba en Puerto Viejo. Un hombre de 45 a\u00f1os fue encontrado muerto en la ma\u00f1ana de este jueves 29 de enero en la costa del","og_url":"https:\/\/radioinfinitagoya.com.ar\/v1\/2026\/01\/29\/encontraron-el-cuerpo-de-un-hombre-que-se-ahogo-en-el-rio-parana\/","og_site_name":"Radio Infinita Goya","article_publisher":"https:\/\/www.facebook.com\/p\/Infinita-Goya-100063870918311\/","article_published_time":"2026-01-29T17:33:05+00:00","og_image":[{"width":945,"height":482,"url":"https:\/\/radioinfinitagoya.com.ar\/v1\/wp-content\/uploads\/2026\/01\/890786c6-411a-4bb8-86ff-cdd3bddae456.jpg","type":"image\/jpeg"}],"author":"Jorge Mi\u00f1o","twitter_card":"summary_large_image","twitter_misc":{"Escrito por":"Jorge Mi\u00f1o","Tiempo de lectura":"1 minuto"},"schema":{"@context":"https:\/\/schema.org","@graph":[{"@type":"Article","@id":"https:\/\/radioinfinitagoya.com.ar\/v1\/2026\/01\/29\/encontraron-el-cuerpo-de-un-hombre-que-se-ahogo-en-el-rio-parana\/#article","isPartOf":{"@id":"https:\/\/radioinfinitagoya.com.ar\/v1\/2026\/01\/29\/encontraron-el-cuerpo-de-un-hombre-que-se-ahogo-en-el-rio-parana\/"},"author":{"name":"Jorge Mi\u00f1o","@id":"https:\/\/radioinfinitagoya.com.ar\/v1\/#\/schema\/person\/d4cf9c413d4f6edb24aabdccab49ca4a"},"headline":"Encontraron el cuerpo de un hombre que se ahog\u00f3 en el r\u00edo Paran\u00e1","datePublished":"2026-01-29T17:33:05+00:00","mainEntityOfPage":{"@id":"https:\/\/radioinfinitagoya.com.ar\/v1\/2026\/01\/29\/encontraron-el-cuerpo-de-un-hombre-que-se-ahogo-en-el-rio-parana\/"},"wordCount":147,"commentCount":0,"publisher":{"@id":"https:\/\/radioinfinitagoya.com.ar\/v1\/#organization"},"image":{"@id":"https:\/\/radioinfinitagoya.com.ar\/v1\/2026\/01\/29\/encontraron-el-cuerpo-de-un-hombre-que-se-ahogo-en-el-rio-parana\/#primaryimage"},"thumbnailUrl":"https:\/\/radioinfinitagoya.com.ar\/v1\/wp-content\/uploads\/2026\/01\/890786c6-411a-4bb8-86ff-cdd3bddae456.jpg","articleSection":["PROVINCIALES"],"inLanguage":"es-AR","potentialAction":[{"@type":"CommentAction","name":"Comment","target":["https:\/\/radioinfinitagoya.com.ar\/v1\/2026\/01\/29\/encontraron-el-cuerpo-de-un-hombre-que-se-ahogo-en-el-rio-parana\/#respond"]}]},{"@type":"WebPage","@id":"https:\/\/radioinfinitagoya.com.ar\/v1\/2026\/01\/29\/encontraron-el-cuerpo-de-un-hombre-que-se-ahogo-en-el-rio-parana\/","url":"https:\/\/radioinfinitagoya.com.ar\/v1\/2026\/01\/29\/encontraron-el-cuerpo-de-un-hombre-que-se-ahogo-en-el-rio-parana\/","name":"Encontraron el cuerpo de un hombre que se ahog\u00f3 en el r\u00edo Paran\u00e1 - Radio Infinita Goya","isPartOf":{"@id":"https:\/\/radioinfinitagoya.com.ar\/v1\/#website"},"primaryImageOfPage":{"@id":"https:\/\/radioinfinitagoya.com.ar\/v1\/2026\/01\/29\/encontraron-el-cuerpo-de-un-hombre-que-se-ahogo-en-el-rio-parana\/#primaryimage"},"image":{"@id":"https:\/\/radioinfinitagoya.com.ar\/v1\/2026\/01\/29\/encontraron-el-cuerpo-de-un-hombre-que-se-ahogo-en-el-rio-parana\/#primaryimage"},"thumbnailUrl":"https:\/\/radioinfinitagoya.com.ar\/v1\/wp-content\/uploads\/2026\/01\/890786c6-411a-4bb8-86ff-cdd3bddae456.jpg","datePublished":"2026-01-29T17:33:05+00:00","description":"Hab\u00eda desaparecido mientras pescaba en Puerto Viejo. Un hombre de 45 a\u00f1os fue encontrado muerto en la ma\u00f1ana de este jueves 29 de enero en la costa del","breadcrumb":{"@id":"https:\/\/radioinfinitagoya.com.ar\/v1\/2026\/01\/29\/encontraron-el-cuerpo-de-un-hombre-que-se-ahogo-en-el-rio-parana\/#breadcrumb"},"inLanguage":"es-AR","potentialAction":[{"@type":"ReadAction","target":["https:\/\/radioinfinitagoya.com.ar\/v1\/2026\/01\/29\/encontraron-el-cuerpo-de-un-hombre-que-se-ahogo-en-el-rio-parana\/"]}]},{"@type":"ImageObject","inLanguage":"es-AR","@id":"https:\/\/radioinfinitagoya.com.ar\/v1\/2026\/01\/29\/encontraron-el-cuerpo-de-un-hombre-que-se-ahogo-en-el-rio-parana\/#primaryimage","url":"https:\/\/radioinfinitagoya.com.ar\/v1\/wp-content\/uploads\/2026\/01\/890786c6-411a-4bb8-86ff-cdd3bddae456.jpg","contentUrl":"https:\/\/radioinfinitagoya.com.ar\/v1\/wp-content\/uploads\/2026\/01\/890786c6-411a-4bb8-86ff-cdd3bddae456.jpg","width":945,"height":482},{"@type":"BreadcrumbList","@id":"https:\/\/radioinfinitagoya.com.ar\/v1\/2026\/01\/29\/encontraron-el-cuerpo-de-un-hombre-que-se-ahogo-en-el-rio-parana\/#breadcrumb","itemListElement":[{"@type":"ListItem","position":1,"name":"Inicio","item":"https:\/\/radioinfinitagoya.com.ar\/v1\/"},{"@type":"ListItem","position":2,"name":"Encontraron el cuerpo de un hombre que se ahog\u00f3 en el r\u00edo Paran\u00e1"}]},{"@type":"WebSite","@id":"https:\/\/radioinfinitagoya.com.ar\/v1\/#website","url":"https:\/\/radioinfinitagoya.com.ar\/v1\/","name":"radioinfinitagoya.com.ar","description":"Radio de noticias","publisher":{"@id":"https:\/\/radioinfinitagoya.com.ar\/v1\/#organization"},"potentialAction":[{"@type":"SearchAction","target":{"@type":"EntryPoint","urlTemplate":"https:\/\/radioinfinitagoya.com.ar\/v1\/?s={search_term_string}"},"query-input":{"@type":"PropertyValueSpecification","valueRequired":true,"valueName":"search_term_string"}}],"inLanguage":"es-AR"},{"@type":"Organization","@id":"https:\/\/radioinfinitagoya.com.ar\/v1\/#organization","name":"Radio Infinita Goya","url":"https:\/\/radioinfinitagoya.com.ar\/v1\/","logo":{"@type":"ImageObject","inLanguage":"es-AR","@id":"https:\/\/radioinfinitagoya.com.ar\/v1\/#\/schema\/logo\/image\/","url":"https:\/\/radioinfinitagoya.com.ar\/v1\/wp-content\/uploads\/2019\/11\/logo-pie-web.png","contentUrl":"https:\/\/radioinfinitagoya.com.ar\/v1\/wp-content\/uploads\/2019\/11\/logo-pie-web.png","width":635,"height":326,"caption":"Radio Infinita Goya"},"image":{"@id":"https:\/\/radioinfinitagoya.com.ar\/v1\/#\/schema\/logo\/image\/"},"sameAs":["https:\/\/www.facebook.com\/p\/Infinita-Goya-100063870918311\/"]},{"@type":"Person","@id":"https:\/\/radioinfinitagoya.com.ar\/v1\/#\/schema\/person\/d4cf9c413d4f6edb24aabdccab49ca4a","name":"Jorge Mi\u00f1o","image":{"@type":"ImageObject","inLanguage":"es-AR","@id":"https:\/\/secure.gravatar.com\/avatar\/910fcf6728fe95320e07a6643c1581fec1c7fc4bf8ae12e3d8f0d0373dc844be?s=96&d=mm&r=g","url":"https:\/\/secure.gravatar.com\/avatar\/910fcf6728fe95320e07a6643c1581fec1c7fc4bf8ae12e3d8f0d0373dc844be?s=96&d=mm&r=g","contentUrl":"https:\/\/secure.gravatar.com\/avatar\/910fcf6728fe95320e07a6643c1581fec1c7fc4bf8ae12e3d8f0d0373dc844be?s=96&d=mm&r=g","caption":"Jorge Mi\u00f1o"},"sameAs":["http:\/\/radioinfinitagoya.com.ar"]}]}},"_links":{"self":[{"href":"https:\/\/radioinfinitagoya.com.ar\/v1\/wp-json\/wp\/v2\/posts\/203777","targetHints":{"allow":["GET"]}}],"collection":[{"href":"https:\/\/radioinfinitagoya.com.ar\/v1\/wp-json\/wp\/v2\/posts"}],"about":[{"href":"https:\/\/radioinfinitagoya.com.ar\/v1\/wp-json\/wp\/v2\/types\/post"}],"author":[{"embeddable":true,"href":"https:\/\/radioinfinitagoya.com.ar\/v1\/wp-json\/wp\/v2\/users\/4"}],"replies":[{"embeddable":true,"href":"https:\/\/radioinfinitagoya.com.ar\/v1\/wp-json\/wp\/v2\/comments?post=203777"}],"version-history":[{"count":0,"href":"https:\/\/radioinfinitagoya.com.ar\/v1\/wp-json\/wp\/v2\/posts\/203777\/revisions"}],"wp:featuredmedia":[{"embeddable":true,"href":"https:\/\/radioinfinitagoya.com.ar\/v1\/wp-json\/wp\/v2\/media\/203778"}],"wp:attachment":[{"href":"https:\/\/radioinfinitagoya.com.ar\/v1\/wp-json\/wp\/v2\/media?parent=203777"}],"wp:term":[{"taxonomy":"category","embeddable":true,"href":"https:\/\/radioinfinitagoya.com.ar\/v1\/wp-json\/wp\/v2\/categories?post=203777"},{"taxonomy":"post_tag","embeddable":true,"href":"https:\/\/radioinfinitagoya.com.ar\/v1\/wp-json\/wp\/v2\/tags?post=203777"}],"curies":[{"name":"wp","href":"https:\/\/api.w.org\/{rel}","templated":true}]}}