{"id":203780,"date":"2026-01-29T14:43:50","date_gmt":"2026-01-29T17:43:50","guid":{"rendered":"https:\/\/radioinfinitagoya.com.ar\/v1\/?p=203780"},"modified":"2026-01-29T14:43:50","modified_gmt":"2026-01-29T17:43:50","slug":"la-segunda-noche-de-los-carnavales-barriales-llegan-al-barrio-industrial","status":"publish","type":"post","link":"https:\/\/radioinfinitagoya.com.ar\/v1\/2026\/01\/29\/la-segunda-noche-de-los-carnavales-barriales-llegan-al-barrio-industrial\/","title":{"rendered":"La segunda noche de los Carnavales Barriales llegan al barrio Industrial"},"content":{"rendered":"<p>El cors\u00f3dromo itinerante vuelve a recorrer barrios de Corrientes con ritmo, color e inclusi\u00f3n. Desde las 20, 27 comparsas desfilan por avenida J. R. Fern\u00e1ndez en la segunda noche del evento.<\/p>\n<p>Tras un inicio exitoso en el barrio Ba\u00f1ado Norte, los Carnavales Barriales organizados por la Municipalidad de Corrientes tendr\u00e1n este jueves su segunda noche en el barrio Industrial. El desfile comenzar\u00e1 a las 20 y contar\u00e1 con la participaci\u00f3n de 27 comparsas, agrupaciones musicales y humor\u00edsticas.<\/p>\n<p>El cors\u00f3dromo itinerante se ubicar\u00e1 sobre la avenida J. R. Fern\u00e1ndez, en el tramo comprendido entre las calles R\u00edo Chico y Pedro Esnaola, donde se desplegar\u00e1 el ritmo, el color y la tradici\u00f3n que caracterizan a esta celebraci\u00f3n popular que recorre distintos barrios de la ciudad.3<\/p>\n<p>Organizaci\u00f3n del circuito y cortes de tr\u00e1nsito<br \/>\nSeg\u00fan lo dispuesto por la Subsecretar\u00eda de Tr\u00e1nsito y Seguridad Vial del municipio, durante el desfile la banda este de la avenida estar\u00e1 destinada al recorrido de las comparsas, mientras que la banda oeste funcionar\u00e1 como sector peatonal para el p\u00fablico.<\/p>\n<p>Por este motivo, se implementar\u00e1n cortes y desv\u00edos de tr\u00e1nsito a partir de las 18.30 en las calles y avenidas aleda\u00f1as al circuito. Agentes municipales estar\u00e1n apostados en distintos puntos para ordenar la circulaci\u00f3n y orientar a los conductores.<\/p>\n<p>Entre las intersecciones afectadas se encuentran:<\/p>\n<p>R\u00edo Chico y Jos\u00e9 Rol\u00f3n, Madrid, Badajoz, Eduardo Madero, UNNE, Mari\u00f1o y Rocha<br \/>\nJos\u00e9 Rol\u00f3n y Los Cocos<br \/>\nRemedios de Escalada<br \/>\nPedro Esnaola<br \/>\nAvenida Libertad y Quinquela Mart\u00edn<br \/>\nAvenida Laprida<br \/>\nDardo Rocha y Los Cocos<\/p>\n<p>Trabajo municipal y propuestas art\u00edsticas<\/p>\n<p>El viceintendente Ariel B\u00e1ez anticip\u00f3 que todas las noches de los Carnavales Barriales \u201cser\u00e1n muy intensas, con muchas sorpresas y muchos grupos musicales que van a pasar tocando en los carros\u201d, con el objetivo de que disfruten vecinos y turistas.<\/p>\n<p>Por su parte, la secretaria general de Gobierno, Florencia Ojeda, destac\u00f3 que la celebraci\u00f3n recorrer\u00e1 cinco barrios y tendr\u00e1 un cierre previsto en la Costanera. Adem\u00e1s, remarc\u00f3 el trabajo articulado de las distintas \u00e1reas municipales antes, durante y despu\u00e9s de cada jornada.<\/p>\n<p>\u201cTodos los agentes ponen el cuerpo porque desde muy temprano se trabaja en la preparaci\u00f3n del lugar y tambi\u00e9n hay tareas posteriores\u201d, se\u00f1al\u00f3, y agreg\u00f3 que al finalizar cada evento se realizan tareas para dejar la ciudad \u201cigual de bonita como estaba antes\u201d.<\/p>\n<p>En ese sentido, el secretario de Servicios P\u00fablicos, Ignacio Maldonado Yonna, explic\u00f3 que la organizaci\u00f3n de los carnavales incluye trabajos de limpieza urbana, arbolado y acondicionamiento del espacio p\u00fablico para garantizar el disfrute del p\u00fablico.<\/p>\n<p>Espacios inclusivos<\/p>\n<p>La Municipalidad de Corrientes dispuso un sector especial para personas con discapacidad, con el objetivo de garantizar un espacio accesible y seguro durante el evento.<\/p>\n<p>En ese marco, Lilian, integrante del grupo \u00c1ngeles de mi Tierra, invit\u00f3 a vecinos y turistas a participar: \u201cporque es algo nuestro, es algo que es de los correntinos\u201d.<\/p>\n<p>Cronograma de los Carnavales Barriales<\/p>\n<p>Jueves 31 de enero: Barrio Industrial<br \/>\nMartes 3 de febrero: Barrio 17 de Agosto<br \/>\nJueves 5 de febrero: Barrio Juan de Vera<br \/>\nMartes 10 de febrero: Barrio Mil Viviendas<br \/>\nJueves 12 de febrero: Cierre en avenida Costanera Sur<\/p>\n","protected":false},"excerpt":{"rendered":"<p>El cors\u00f3dromo itinerante vuelve a recorrer barrios de Corrientes con ritmo, color e inclusi\u00f3n. Desde las 20, 27 comparsas desfilan por avenida J. R. Fern\u00e1ndez en la segunda noche del evento. Tras un inicio exitoso en el barrio Ba\u00f1ado Norte, los Carnavales Barriales organizados por la Municipalidad de Corrientes tendr\u00e1n este jueves su segunda noche [&hellip;]<\/p>\n","protected":false},"author":4,"featured_media":203781,"comment_status":"open","ping_status":"open","sticky":false,"template":"","format":"standard","meta":{"_joinchat":[],"footnotes":""},"categories":[26],"tags":[],"class_list":{"0":"post-203780","1":"post","2":"type-post","3":"status-publish","4":"format-standard","5":"has-post-thumbnail","7":"category-provinciales"},"yoast_head":"<!-- This site is optimized with the Yoast SEO plugin v27.2 - https:\/\/yoast.com\/product\/yoast-seo-wordpress\/ -->\n<title>La segunda noche de los Carnavales Barriales llegan al barrio Industrial - Radio Infinita Goya<\/title>\n<meta name=\"description\" content=\"El cors\u00f3dromo itinerante vuelve a recorrer barrios de Corrientes con ritmo, color e inclusi\u00f3n. Desde las 20, 27 comparsas desfilan por avenida J. R.\" \/>\n<meta name=\"robots\" content=\"index, follow, max-snippet:-1, max-image-preview:large, max-video-preview:-1\" \/>\n<link rel=\"canonical\" href=\"https:\/\/radioinfinitagoya.com.ar\/v1\/2026\/01\/29\/la-segunda-noche-de-los-carnavales-barriales-llegan-al-barrio-industrial\/\" \/>\n<meta property=\"og:locale\" content=\"es_ES\" \/>\n<meta property=\"og:type\" content=\"article\" \/>\n<meta property=\"og:title\" content=\"La segunda noche de los Carnavales Barriales llegan al barrio Industrial - Radio Infinita Goya\" \/>\n<meta property=\"og:description\" content=\"El cors\u00f3dromo itinerante vuelve a recorrer barrios de Corrientes con ritmo, color e inclusi\u00f3n. Desde las 20, 27 comparsas desfilan por avenida J. R.\" \/>\n<meta property=\"og:url\" content=\"https:\/\/radioinfinitagoya.com.ar\/v1\/2026\/01\/29\/la-segunda-noche-de-los-carnavales-barriales-llegan-al-barrio-industrial\/\" \/>\n<meta property=\"og:site_name\" content=\"Radio Infinita Goya\" \/>\n<meta property=\"article:publisher\" content=\"https:\/\/www.facebook.com\/p\/Infinita-Goya-100063870918311\/\" \/>\n<meta property=\"article:published_time\" content=\"2026-01-29T17:43:50+00:00\" \/>\n<meta property=\"og:image\" content=\"https:\/\/radioinfinitagoya.com.ar\/v1\/wp-content\/uploads\/2026\/01\/f74caee1-6da2-4378-82af-ec4999bf3a34.jpg\" \/>\n\t<meta property=\"og:image:width\" content=\"908\" \/>\n\t<meta property=\"og:image:height\" content=\"524\" \/>\n\t<meta property=\"og:image:type\" content=\"image\/jpeg\" \/>\n<meta name=\"author\" content=\"Jorge Mi\u00f1o\" \/>\n<meta name=\"twitter:card\" content=\"summary_large_image\" \/>\n<meta name=\"twitter:label1\" content=\"Escrito por\" \/>\n\t<meta name=\"twitter:data1\" content=\"Jorge Mi\u00f1o\" \/>\n\t<meta name=\"twitter:label2\" content=\"Tiempo de lectura\" \/>\n\t<meta name=\"twitter:data2\" content=\"3 minutos\" \/>\n<script type=\"application\/ld+json\" class=\"yoast-schema-graph\">{\"@context\":\"https:\/\/schema.org\",\"@graph\":[{\"@type\":\"Article\",\"@id\":\"https:\/\/radioinfinitagoya.com.ar\/v1\/2026\/01\/29\/la-segunda-noche-de-los-carnavales-barriales-llegan-al-barrio-industrial\/#article\",\"isPartOf\":{\"@id\":\"https:\/\/radioinfinitagoya.com.ar\/v1\/2026\/01\/29\/la-segunda-noche-de-los-carnavales-barriales-llegan-al-barrio-industrial\/\"},\"author\":{\"name\":\"Jorge Mi\u00f1o\",\"@id\":\"https:\/\/radioinfinitagoya.com.ar\/v1\/#\/schema\/person\/d4cf9c413d4f6edb24aabdccab49ca4a\"},\"headline\":\"La segunda noche de los Carnavales Barriales llegan al barrio Industrial\",\"datePublished\":\"2026-01-29T17:43:50+00:00\",\"mainEntityOfPage\":{\"@id\":\"https:\/\/radioinfinitagoya.com.ar\/v1\/2026\/01\/29\/la-segunda-noche-de-los-carnavales-barriales-llegan-al-barrio-industrial\/\"},\"wordCount\":557,\"commentCount\":0,\"publisher\":{\"@id\":\"https:\/\/radioinfinitagoya.com.ar\/v1\/#organization\"},\"image\":{\"@id\":\"https:\/\/radioinfinitagoya.com.ar\/v1\/2026\/01\/29\/la-segunda-noche-de-los-carnavales-barriales-llegan-al-barrio-industrial\/#primaryimage\"},\"thumbnailUrl\":\"https:\/\/radioinfinitagoya.com.ar\/v1\/wp-content\/uploads\/2026\/01\/f74caee1-6da2-4378-82af-ec4999bf3a34.jpg\",\"articleSection\":[\"PROVINCIALES\"],\"inLanguage\":\"es-AR\",\"potentialAction\":[{\"@type\":\"CommentAction\",\"name\":\"Comment\",\"target\":[\"https:\/\/radioinfinitagoya.com.ar\/v1\/2026\/01\/29\/la-segunda-noche-de-los-carnavales-barriales-llegan-al-barrio-industrial\/#respond\"]}]},{\"@type\":\"WebPage\",\"@id\":\"https:\/\/radioinfinitagoya.com.ar\/v1\/2026\/01\/29\/la-segunda-noche-de-los-carnavales-barriales-llegan-al-barrio-industrial\/\",\"url\":\"https:\/\/radioinfinitagoya.com.ar\/v1\/2026\/01\/29\/la-segunda-noche-de-los-carnavales-barriales-llegan-al-barrio-industrial\/\",\"name\":\"La segunda noche de los Carnavales Barriales llegan al barrio Industrial - Radio Infinita Goya\",\"isPartOf\":{\"@id\":\"https:\/\/radioinfinitagoya.com.ar\/v1\/#website\"},\"primaryImageOfPage\":{\"@id\":\"https:\/\/radioinfinitagoya.com.ar\/v1\/2026\/01\/29\/la-segunda-noche-de-los-carnavales-barriales-llegan-al-barrio-industrial\/#primaryimage\"},\"image\":{\"@id\":\"https:\/\/radioinfinitagoya.com.ar\/v1\/2026\/01\/29\/la-segunda-noche-de-los-carnavales-barriales-llegan-al-barrio-industrial\/#primaryimage\"},\"thumbnailUrl\":\"https:\/\/radioinfinitagoya.com.ar\/v1\/wp-content\/uploads\/2026\/01\/f74caee1-6da2-4378-82af-ec4999bf3a34.jpg\",\"datePublished\":\"2026-01-29T17:43:50+00:00\",\"description\":\"El cors\u00f3dromo itinerante vuelve a recorrer barrios de Corrientes con ritmo, color e inclusi\u00f3n. Desde las 20, 27 comparsas desfilan por avenida J. R.\",\"breadcrumb\":{\"@id\":\"https:\/\/radioinfinitagoya.com.ar\/v1\/2026\/01\/29\/la-segunda-noche-de-los-carnavales-barriales-llegan-al-barrio-industrial\/#breadcrumb\"},\"inLanguage\":\"es-AR\",\"potentialAction\":[{\"@type\":\"ReadAction\",\"target\":[\"https:\/\/radioinfinitagoya.com.ar\/v1\/2026\/01\/29\/la-segunda-noche-de-los-carnavales-barriales-llegan-al-barrio-industrial\/\"]}]},{\"@type\":\"ImageObject\",\"inLanguage\":\"es-AR\",\"@id\":\"https:\/\/radioinfinitagoya.com.ar\/v1\/2026\/01\/29\/la-segunda-noche-de-los-carnavales-barriales-llegan-al-barrio-industrial\/#primaryimage\",\"url\":\"https:\/\/radioinfinitagoya.com.ar\/v1\/wp-content\/uploads\/2026\/01\/f74caee1-6da2-4378-82af-ec4999bf3a34.jpg\",\"contentUrl\":\"https:\/\/radioinfinitagoya.com.ar\/v1\/wp-content\/uploads\/2026\/01\/f74caee1-6da2-4378-82af-ec4999bf3a34.jpg\",\"width\":908,\"height\":524},{\"@type\":\"BreadcrumbList\",\"@id\":\"https:\/\/radioinfinitagoya.com.ar\/v1\/2026\/01\/29\/la-segunda-noche-de-los-carnavales-barriales-llegan-al-barrio-industrial\/#breadcrumb\",\"itemListElement\":[{\"@type\":\"ListItem\",\"position\":1,\"name\":\"Inicio\",\"item\":\"https:\/\/radioinfinitagoya.com.ar\/v1\/\"},{\"@type\":\"ListItem\",\"position\":2,\"name\":\"La segunda noche de los Carnavales Barriales llegan al barrio Industrial\"}]},{\"@type\":\"WebSite\",\"@id\":\"https:\/\/radioinfinitagoya.com.ar\/v1\/#website\",\"url\":\"https:\/\/radioinfinitagoya.com.ar\/v1\/\",\"name\":\"radioinfinitagoya.com.ar\",\"description\":\"Radio de noticias\",\"publisher\":{\"@id\":\"https:\/\/radioinfinitagoya.com.ar\/v1\/#organization\"},\"potentialAction\":[{\"@type\":\"SearchAction\",\"target\":{\"@type\":\"EntryPoint\",\"urlTemplate\":\"https:\/\/radioinfinitagoya.com.ar\/v1\/?s={search_term_string}\"},\"query-input\":{\"@type\":\"PropertyValueSpecification\",\"valueRequired\":true,\"valueName\":\"search_term_string\"}}],\"inLanguage\":\"es-AR\"},{\"@type\":\"Organization\",\"@id\":\"https:\/\/radioinfinitagoya.com.ar\/v1\/#organization\",\"name\":\"Radio Infinita Goya\",\"url\":\"https:\/\/radioinfinitagoya.com.ar\/v1\/\",\"logo\":{\"@type\":\"ImageObject\",\"inLanguage\":\"es-AR\",\"@id\":\"https:\/\/radioinfinitagoya.com.ar\/v1\/#\/schema\/logo\/image\/\",\"url\":\"https:\/\/radioinfinitagoya.com.ar\/v1\/wp-content\/uploads\/2019\/11\/logo-pie-web.png\",\"contentUrl\":\"https:\/\/radioinfinitagoya.com.ar\/v1\/wp-content\/uploads\/2019\/11\/logo-pie-web.png\",\"width\":635,\"height\":326,\"caption\":\"Radio Infinita Goya\"},\"image\":{\"@id\":\"https:\/\/radioinfinitagoya.com.ar\/v1\/#\/schema\/logo\/image\/\"},\"sameAs\":[\"https:\/\/www.facebook.com\/p\/Infinita-Goya-100063870918311\/\"]},{\"@type\":\"Person\",\"@id\":\"https:\/\/radioinfinitagoya.com.ar\/v1\/#\/schema\/person\/d4cf9c413d4f6edb24aabdccab49ca4a\",\"name\":\"Jorge Mi\u00f1o\",\"image\":{\"@type\":\"ImageObject\",\"inLanguage\":\"es-AR\",\"@id\":\"https:\/\/secure.gravatar.com\/avatar\/910fcf6728fe95320e07a6643c1581fec1c7fc4bf8ae12e3d8f0d0373dc844be?s=96&d=mm&r=g\",\"url\":\"https:\/\/secure.gravatar.com\/avatar\/910fcf6728fe95320e07a6643c1581fec1c7fc4bf8ae12e3d8f0d0373dc844be?s=96&d=mm&r=g\",\"contentUrl\":\"https:\/\/secure.gravatar.com\/avatar\/910fcf6728fe95320e07a6643c1581fec1c7fc4bf8ae12e3d8f0d0373dc844be?s=96&d=mm&r=g\",\"caption\":\"Jorge Mi\u00f1o\"},\"sameAs\":[\"http:\/\/radioinfinitagoya.com.ar\"]}]}<\/script>\n<!-- \/ Yoast SEO plugin. -->","yoast_head_json":{"title":"La segunda noche de los Carnavales Barriales llegan al barrio Industrial - Radio Infinita Goya","description":"El cors\u00f3dromo itinerante vuelve a recorrer barrios de Corrientes con ritmo, color e inclusi\u00f3n. Desde las 20, 27 comparsas desfilan por avenida J. R.","robots":{"index":"index","follow":"follow","max-snippet":"max-snippet:-1","max-image-preview":"max-image-preview:large","max-video-preview":"max-video-preview:-1"},"canonical":"https:\/\/radioinfinitagoya.com.ar\/v1\/2026\/01\/29\/la-segunda-noche-de-los-carnavales-barriales-llegan-al-barrio-industrial\/","og_locale":"es_ES","og_type":"article","og_title":"La segunda noche de los Carnavales Barriales llegan al barrio Industrial - Radio Infinita Goya","og_description":"El cors\u00f3dromo itinerante vuelve a recorrer barrios de Corrientes con ritmo, color e inclusi\u00f3n. Desde las 20, 27 comparsas desfilan por avenida J. R.","og_url":"https:\/\/radioinfinitagoya.com.ar\/v1\/2026\/01\/29\/la-segunda-noche-de-los-carnavales-barriales-llegan-al-barrio-industrial\/","og_site_name":"Radio Infinita Goya","article_publisher":"https:\/\/www.facebook.com\/p\/Infinita-Goya-100063870918311\/","article_published_time":"2026-01-29T17:43:50+00:00","og_image":[{"width":908,"height":524,"url":"https:\/\/radioinfinitagoya.com.ar\/v1\/wp-content\/uploads\/2026\/01\/f74caee1-6da2-4378-82af-ec4999bf3a34.jpg","type":"image\/jpeg"}],"author":"Jorge Mi\u00f1o","twitter_card":"summary_large_image","twitter_misc":{"Escrito por":"Jorge Mi\u00f1o","Tiempo de lectura":"3 minutos"},"schema":{"@context":"https:\/\/schema.org","@graph":[{"@type":"Article","@id":"https:\/\/radioinfinitagoya.com.ar\/v1\/2026\/01\/29\/la-segunda-noche-de-los-carnavales-barriales-llegan-al-barrio-industrial\/#article","isPartOf":{"@id":"https:\/\/radioinfinitagoya.com.ar\/v1\/2026\/01\/29\/la-segunda-noche-de-los-carnavales-barriales-llegan-al-barrio-industrial\/"},"author":{"name":"Jorge Mi\u00f1o","@id":"https:\/\/radioinfinitagoya.com.ar\/v1\/#\/schema\/person\/d4cf9c413d4f6edb24aabdccab49ca4a"},"headline":"La segunda noche de los Carnavales Barriales llegan al barrio Industrial","datePublished":"2026-01-29T17:43:50+00:00","mainEntityOfPage":{"@id":"https:\/\/radioinfinitagoya.com.ar\/v1\/2026\/01\/29\/la-segunda-noche-de-los-carnavales-barriales-llegan-al-barrio-industrial\/"},"wordCount":557,"commentCount":0,"publisher":{"@id":"https:\/\/radioinfinitagoya.com.ar\/v1\/#organization"},"image":{"@id":"https:\/\/radioinfinitagoya.com.ar\/v1\/2026\/01\/29\/la-segunda-noche-de-los-carnavales-barriales-llegan-al-barrio-industrial\/#primaryimage"},"thumbnailUrl":"https:\/\/radioinfinitagoya.com.ar\/v1\/wp-content\/uploads\/2026\/01\/f74caee1-6da2-4378-82af-ec4999bf3a34.jpg","articleSection":["PROVINCIALES"],"inLanguage":"es-AR","potentialAction":[{"@type":"CommentAction","name":"Comment","target":["https:\/\/radioinfinitagoya.com.ar\/v1\/2026\/01\/29\/la-segunda-noche-de-los-carnavales-barriales-llegan-al-barrio-industrial\/#respond"]}]},{"@type":"WebPage","@id":"https:\/\/radioinfinitagoya.com.ar\/v1\/2026\/01\/29\/la-segunda-noche-de-los-carnavales-barriales-llegan-al-barrio-industrial\/","url":"https:\/\/radioinfinitagoya.com.ar\/v1\/2026\/01\/29\/la-segunda-noche-de-los-carnavales-barriales-llegan-al-barrio-industrial\/","name":"La segunda noche de los Carnavales Barriales llegan al barrio Industrial - Radio Infinita Goya","isPartOf":{"@id":"https:\/\/radioinfinitagoya.com.ar\/v1\/#website"},"primaryImageOfPage":{"@id":"https:\/\/radioinfinitagoya.com.ar\/v1\/2026\/01\/29\/la-segunda-noche-de-los-carnavales-barriales-llegan-al-barrio-industrial\/#primaryimage"},"image":{"@id":"https:\/\/radioinfinitagoya.com.ar\/v1\/2026\/01\/29\/la-segunda-noche-de-los-carnavales-barriales-llegan-al-barrio-industrial\/#primaryimage"},"thumbnailUrl":"https:\/\/radioinfinitagoya.com.ar\/v1\/wp-content\/uploads\/2026\/01\/f74caee1-6da2-4378-82af-ec4999bf3a34.jpg","datePublished":"2026-01-29T17:43:50+00:00","description":"El cors\u00f3dromo itinerante vuelve a recorrer barrios de Corrientes con ritmo, color e inclusi\u00f3n. Desde las 20, 27 comparsas desfilan por avenida J. R.","breadcrumb":{"@id":"https:\/\/radioinfinitagoya.com.ar\/v1\/2026\/01\/29\/la-segunda-noche-de-los-carnavales-barriales-llegan-al-barrio-industrial\/#breadcrumb"},"inLanguage":"es-AR","potentialAction":[{"@type":"ReadAction","target":["https:\/\/radioinfinitagoya.com.ar\/v1\/2026\/01\/29\/la-segunda-noche-de-los-carnavales-barriales-llegan-al-barrio-industrial\/"]}]},{"@type":"ImageObject","inLanguage":"es-AR","@id":"https:\/\/radioinfinitagoya.com.ar\/v1\/2026\/01\/29\/la-segunda-noche-de-los-carnavales-barriales-llegan-al-barrio-industrial\/#primaryimage","url":"https:\/\/radioinfinitagoya.com.ar\/v1\/wp-content\/uploads\/2026\/01\/f74caee1-6da2-4378-82af-ec4999bf3a34.jpg","contentUrl":"https:\/\/radioinfinitagoya.com.ar\/v1\/wp-content\/uploads\/2026\/01\/f74caee1-6da2-4378-82af-ec4999bf3a34.jpg","width":908,"height":524},{"@type":"BreadcrumbList","@id":"https:\/\/radioinfinitagoya.com.ar\/v1\/2026\/01\/29\/la-segunda-noche-de-los-carnavales-barriales-llegan-al-barrio-industrial\/#breadcrumb","itemListElement":[{"@type":"ListItem","position":1,"name":"Inicio","item":"https:\/\/radioinfinitagoya.com.ar\/v1\/"},{"@type":"ListItem","position":2,"name":"La segunda noche de los Carnavales Barriales llegan al barrio Industrial"}]},{"@type":"WebSite","@id":"https:\/\/radioinfinitagoya.com.ar\/v1\/#website","url":"https:\/\/radioinfinitagoya.com.ar\/v1\/","name":"radioinfinitagoya.com.ar","description":"Radio de noticias","publisher":{"@id":"https:\/\/radioinfinitagoya.com.ar\/v1\/#organization"},"potentialAction":[{"@type":"SearchAction","target":{"@type":"EntryPoint","urlTemplate":"https:\/\/radioinfinitagoya.com.ar\/v1\/?s={search_term_string}"},"query-input":{"@type":"PropertyValueSpecification","valueRequired":true,"valueName":"search_term_string"}}],"inLanguage":"es-AR"},{"@type":"Organization","@id":"https:\/\/radioinfinitagoya.com.ar\/v1\/#organization","name":"Radio Infinita Goya","url":"https:\/\/radioinfinitagoya.com.ar\/v1\/","logo":{"@type":"ImageObject","inLanguage":"es-AR","@id":"https:\/\/radioinfinitagoya.com.ar\/v1\/#\/schema\/logo\/image\/","url":"https:\/\/radioinfinitagoya.com.ar\/v1\/wp-content\/uploads\/2019\/11\/logo-pie-web.png","contentUrl":"https:\/\/radioinfinitagoya.com.ar\/v1\/wp-content\/uploads\/2019\/11\/logo-pie-web.png","width":635,"height":326,"caption":"Radio Infinita Goya"},"image":{"@id":"https:\/\/radioinfinitagoya.com.ar\/v1\/#\/schema\/logo\/image\/"},"sameAs":["https:\/\/www.facebook.com\/p\/Infinita-Goya-100063870918311\/"]},{"@type":"Person","@id":"https:\/\/radioinfinitagoya.com.ar\/v1\/#\/schema\/person\/d4cf9c413d4f6edb24aabdccab49ca4a","name":"Jorge Mi\u00f1o","image":{"@type":"ImageObject","inLanguage":"es-AR","@id":"https:\/\/secure.gravatar.com\/avatar\/910fcf6728fe95320e07a6643c1581fec1c7fc4bf8ae12e3d8f0d0373dc844be?s=96&d=mm&r=g","url":"https:\/\/secure.gravatar.com\/avatar\/910fcf6728fe95320e07a6643c1581fec1c7fc4bf8ae12e3d8f0d0373dc844be?s=96&d=mm&r=g","contentUrl":"https:\/\/secure.gravatar.com\/avatar\/910fcf6728fe95320e07a6643c1581fec1c7fc4bf8ae12e3d8f0d0373dc844be?s=96&d=mm&r=g","caption":"Jorge Mi\u00f1o"},"sameAs":["http:\/\/radioinfinitagoya.com.ar"]}]}},"_links":{"self":[{"href":"https:\/\/radioinfinitagoya.com.ar\/v1\/wp-json\/wp\/v2\/posts\/203780","targetHints":{"allow":["GET"]}}],"collection":[{"href":"https:\/\/radioinfinitagoya.com.ar\/v1\/wp-json\/wp\/v2\/posts"}],"about":[{"href":"https:\/\/radioinfinitagoya.com.ar\/v1\/wp-json\/wp\/v2\/types\/post"}],"author":[{"embeddable":true,"href":"https:\/\/radioinfinitagoya.com.ar\/v1\/wp-json\/wp\/v2\/users\/4"}],"replies":[{"embeddable":true,"href":"https:\/\/radioinfinitagoya.com.ar\/v1\/wp-json\/wp\/v2\/comments?post=203780"}],"version-history":[{"count":0,"href":"https:\/\/radioinfinitagoya.com.ar\/v1\/wp-json\/wp\/v2\/posts\/203780\/revisions"}],"wp:featuredmedia":[{"embeddable":true,"href":"https:\/\/radioinfinitagoya.com.ar\/v1\/wp-json\/wp\/v2\/media\/203781"}],"wp:attachment":[{"href":"https:\/\/radioinfinitagoya.com.ar\/v1\/wp-json\/wp\/v2\/media?parent=203780"}],"wp:term":[{"taxonomy":"category","embeddable":true,"href":"https:\/\/radioinfinitagoya.com.ar\/v1\/wp-json\/wp\/v2\/categories?post=203780"},{"taxonomy":"post_tag","embeddable":true,"href":"https:\/\/radioinfinitagoya.com.ar\/v1\/wp-json\/wp\/v2\/tags?post=203780"}],"curies":[{"name":"wp","href":"https:\/\/api.w.org\/{rel}","templated":true}]}}