{"id":203783,"date":"2026-01-29T16:45:57","date_gmt":"2026-01-29T19:45:57","guid":{"rendered":"https:\/\/radioinfinitagoya.com.ar\/v1\/?p=203783"},"modified":"2026-01-29T16:45:57","modified_gmt":"2026-01-29T19:45:57","slug":"trump-ordeno-reabrir-el-espacio-aereo-de-venezuela-y-habilito-el-regreso-de-vuelos","status":"publish","type":"post","link":"https:\/\/radioinfinitagoya.com.ar\/v1\/2026\/01\/29\/trump-ordeno-reabrir-el-espacio-aereo-de-venezuela-y-habilito-el-regreso-de-vuelos\/","title":{"rendered":"Trump orden\u00f3 reabrir el espacio a\u00e9reo de Venezuela y habilit\u00f3 el regreso de vuelos"},"content":{"rendered":"<p>El mandatario estadounidense asegur\u00f3 que la instrucci\u00f3n fue comunicada a la jefa del r\u00e9gimen chavista, Delcy Rodr\u00edguez, y que el proceso debe activarse de inmediato<\/p>\n<p>El presidente de Estados Unidos, Donald Trump, orden\u00f3 este jueves la reapertura del espacio a\u00e9reo comercial sobre Venezuela, una medida que se inscribe en el proceso de reconfiguraci\u00f3n de la relaci\u00f3n bilateral tras la captura del dictador narco de Nicol\u00e1s Maduro<\/p>\n<p>El mandatario estadounidense asegur\u00f3 que la instrucci\u00f3n fue comunicada a la jefa del r\u00e9gimen chavista, Delcy Rodr\u00edguez, y que el proceso debe activarse de inmediato.<\/p>\n<p>\u201cAcabo de hablar con la presidenta de Venezuela y le inform\u00e9 que vamos a abrir todo el espacio a\u00e9reo comercial sobre Venezuela\u201d, declar\u00f3 Trump durante una reuni\u00f3n con su gabinete en la Casa Blanca.<\/p>\n<p><img loading=\"lazy\" decoding=\"async\" class=\"alignnone size-full wp-image-203785\" src=\"https:\/\/radioinfinitagoya.com.ar\/v1\/wp-content\/uploads\/2026\/01\/2-2.jpg\" alt=\"\" width=\"960\" height=\"629\" srcset=\"https:\/\/radioinfinitagoya.com.ar\/v1\/wp-content\/uploads\/2026\/01\/2-2.jpg 960w, https:\/\/radioinfinitagoya.com.ar\/v1\/wp-content\/uploads\/2026\/01\/2-2-150x98.jpg 150w, https:\/\/radioinfinitagoya.com.ar\/v1\/wp-content\/uploads\/2026\/01\/2-2-768x503.jpg 768w, https:\/\/radioinfinitagoya.com.ar\/v1\/wp-content\/uploads\/2026\/01\/2-2-641x420.jpg 641w, https:\/\/radioinfinitagoya.com.ar\/v1\/wp-content\/uploads\/2026\/01\/2-2-696x456.jpg 696w, https:\/\/radioinfinitagoya.com.ar\/v1\/wp-content\/uploads\/2026\/01\/2-2-741x486.jpg 741w\" sizes=\"auto, (max-width: 960px) 100vw, 960px\" \/>Seg\u00fan precis\u00f3, dio \u00f3rdenes al secretario de Transporte, Sean Duffy, y a otros funcionarios, incluidos mandos militares, para que \u201ca m\u00e1s tardar al final del d\u00eda de hoy, el espacio a\u00e9reo sobre Venezuela est\u00e9 abierto y para que los aviones puedan volar a Venezuela\u201d.<\/p>\n<p>Trump afirm\u00f3 que la reapertura permitir\u00e1 que ciudadanos estadounidenses viajen nuevamente al pa\u00eds sudamericano.<\/p>\n<p>\u201cLos ciudadanos estadounidenses podr\u00e1n ir a Venezuela muy pronto, y estar\u00e1n seguros all\u00ed\u201d, sostuvo.<\/p>\n<p>\u201cLa gente que antes viv\u00eda en Venezuela, algunos quieren regresar, y otros quieren ir de visita, y podr\u00e1n hacerlo\u201d, destac\u00f3 el mandatario.<\/p>\n<p>La decisi\u00f3n se produce mientras la administraci\u00f3n republicana avanza en pasos preliminares para restablecer la presencia diplom\u00e1tica en Caracas.<\/p>\n<p>En paralelo al anuncio presidencial, la aerol\u00ednea American Airlines inform\u00f3 que eval\u00faa retomar sus vuelos diarios a Venezuela, una decisi\u00f3n que quedar\u00e1 sujeta a la autorizaci\u00f3n del Gobierno de Estados Unidos y a an\u00e1lisis adicionales sobre las condiciones de seguridad.<\/p>\n<p>La compa\u00f1\u00eda hab\u00eda suspendido todas sus operaciones hacia ese destino en 2019. Desde entonces, la Agencia Federal de Aviaci\u00f3n (FAA) hab\u00eda mantenido cerradas todas las rutas de aerol\u00edneas estadounidenses hacia el pa\u00eds y emitido reiteradas advertencias sobre la \u201csituaci\u00f3n potencialmente peligrosa\u201d en el espacio a\u00e9reo venezolano.<\/p>\n<p>Esta semana, el Departamento de Estado notific\u00f3 al Congreso que estaba implementando un enfoque gradual para reanudar operaciones limitadas de la embajada estadounidense.<\/p>\n<p>En cartas enviadas a comit\u00e9s de la C\u00e1mara de Representantes y del Senado, el organismo se\u00f1al\u00f3 su intenci\u00f3n de desplegar personal temporal para cumplir funciones diplom\u00e1ticas \u201cselectas\u201d.<\/p>\n<p>\u201cEstamos escribiendo para notificar al comit\u00e9 la intenci\u00f3n del Departamento de Estado de implementar un enfoque por fases para potencialmente reanudar las operaciones de la Embajada en Caracas\u201d, indic\u00f3 el texto obtenido por The Associated Press.<\/p>\n<p>Las relaciones entre ambos pa\u00edses colapsaron en 2019, cuando Estados Unidos endureci\u00f3 sanciones y cerr\u00f3 su sede diplom\u00e1tica, acompa\u00f1ando la medida con advertencias de viaje para sus ciudadanos.<\/p>\n<p>El restablecimiento de los vuelos comerciales era una demanda de organizaciones empresariales y de la di\u00e1spora venezolana en Estados Unidos, que ha visto dificultado el contacto con sus familiares y la gesti\u00f3n de tr\u00e1mites consulares.<\/p>\n<p>En el contexto previo a la captura de Maduro, la FAA hab\u00eda renovado varias veces su alerta para aeronaves civiles, citando los peligros derivados de la actividad militar en la regi\u00f3n.<\/p>\n<p>El cierre del espacio a\u00e9reo respondi\u00f3 tanto a motivos de seguridad como a la campa\u00f1a de presi\u00f3n sobre el r\u00e9gimen chavista, acusado por la administraci\u00f3n Trump de liderar el \u201cCartel de los Soles\u201d y de utilizar la estructura estatal para actividades de narcotr\u00e1fico y corrupci\u00f3n.<\/p>\n<p>El aumento de la actividad militar estadounidense en el Caribe, junto con la presencia de una flotilla naval y operaciones de interdicci\u00f3n contra embarcaciones sospechosas, elev\u00f3 la tensi\u00f3n regional durante los \u00faltimos meses.<\/p>\n<p>La administraci\u00f3n Trump justific\u00f3 estas acciones como parte de su estrategia antinarc\u00f3ticos, en paralelo a las sanciones econ\u00f3micas y diplom\u00e1ticas. Tras la ca\u00edda de Maduro y el inicio del proceso de transici\u00f3n pol\u00edtica, la Casa Blanca ha comenzado a revisar sus pol\u00edticas restrictivas y a explorar una normalizaci\u00f3n progresiva del v\u00ednculo bilateral.<\/p>\n<p>La reapertura del espacio a\u00e9reo es vista como un primer paso clave para la recuperaci\u00f3n de la conectividad, la reactivaci\u00f3n de negocios y la posible reintegraci\u00f3n de Venezuela al sistema de transporte internacional, en el marco de un proceso pol\u00edtico a\u00fan incierto y bajo la atenta mirada de la comunidad internacional<\/p>\n","protected":false},"excerpt":{"rendered":"<p>El mandatario estadounidense asegur\u00f3 que la instrucci\u00f3n fue comunicada a la jefa del r\u00e9gimen chavista, Delcy Rodr\u00edguez, y que el proceso debe activarse de inmediato El presidente de Estados Unidos, Donald Trump, orden\u00f3 este jueves la reapertura del espacio a\u00e9reo comercial sobre Venezuela, una medida que se inscribe en el proceso de reconfiguraci\u00f3n de la [&hellip;]<\/p>\n","protected":false},"author":4,"featured_media":203784,"comment_status":"open","ping_status":"open","sticky":false,"template":"","format":"standard","meta":{"_joinchat":[],"footnotes":""},"categories":[31],"tags":[],"class_list":{"0":"post-203783","1":"post","2":"type-post","3":"status-publish","4":"format-standard","5":"has-post-thumbnail","7":"category-informacion-general"},"yoast_head":"<!-- This site is optimized with the Yoast SEO plugin v27.2 - https:\/\/yoast.com\/product\/yoast-seo-wordpress\/ -->\n<title>Trump orden\u00f3 reabrir el espacio a\u00e9reo de Venezuela y habilit\u00f3 el regreso de vuelos - Radio Infinita Goya<\/title>\n<meta name=\"description\" content=\"El mandatario estadounidense asegur\u00f3 que la instrucci\u00f3n fue comunicada a la jefa del r\u00e9gimen chavista, Delcy Rodr\u00edguez, y que el proceso debe activarse de\" \/>\n<meta name=\"robots\" content=\"index, follow, max-snippet:-1, max-image-preview:large, max-video-preview:-1\" \/>\n<link rel=\"canonical\" href=\"https:\/\/radioinfinitagoya.com.ar\/v1\/2026\/01\/29\/trump-ordeno-reabrir-el-espacio-aereo-de-venezuela-y-habilito-el-regreso-de-vuelos\/\" \/>\n<meta property=\"og:locale\" content=\"es_ES\" \/>\n<meta property=\"og:type\" content=\"article\" \/>\n<meta property=\"og:title\" content=\"Trump orden\u00f3 reabrir el espacio a\u00e9reo de Venezuela y habilit\u00f3 el regreso de vuelos - Radio Infinita Goya\" \/>\n<meta property=\"og:description\" content=\"El mandatario estadounidense asegur\u00f3 que la instrucci\u00f3n fue comunicada a la jefa del r\u00e9gimen chavista, Delcy Rodr\u00edguez, y que el proceso debe activarse de\" \/>\n<meta property=\"og:url\" content=\"https:\/\/radioinfinitagoya.com.ar\/v1\/2026\/01\/29\/trump-ordeno-reabrir-el-espacio-aereo-de-venezuela-y-habilito-el-regreso-de-vuelos\/\" \/>\n<meta property=\"og:site_name\" content=\"Radio Infinita Goya\" \/>\n<meta property=\"article:publisher\" content=\"https:\/\/www.facebook.com\/p\/Infinita-Goya-100063870918311\/\" \/>\n<meta property=\"article:published_time\" content=\"2026-01-29T19:45:57+00:00\" \/>\n<meta property=\"og:image\" content=\"https:\/\/radioinfinitagoya.com.ar\/v1\/wp-content\/uploads\/2026\/01\/1-2.jpg\" \/>\n\t<meta property=\"og:image:width\" content=\"1080\" \/>\n\t<meta property=\"og:image:height\" content=\"700\" \/>\n\t<meta property=\"og:image:type\" content=\"image\/jpeg\" \/>\n<meta name=\"author\" content=\"Jorge Mi\u00f1o\" \/>\n<meta name=\"twitter:card\" content=\"summary_large_image\" \/>\n<meta name=\"twitter:label1\" content=\"Escrito por\" \/>\n\t<meta name=\"twitter:data1\" content=\"Jorge Mi\u00f1o\" \/>\n\t<meta name=\"twitter:label2\" content=\"Tiempo de lectura\" \/>\n\t<meta name=\"twitter:data2\" content=\"4 minutos\" \/>\n<script type=\"application\/ld+json\" class=\"yoast-schema-graph\">{\"@context\":\"https:\/\/schema.org\",\"@graph\":[{\"@type\":\"Article\",\"@id\":\"https:\/\/radioinfinitagoya.com.ar\/v1\/2026\/01\/29\/trump-ordeno-reabrir-el-espacio-aereo-de-venezuela-y-habilito-el-regreso-de-vuelos\/#article\",\"isPartOf\":{\"@id\":\"https:\/\/radioinfinitagoya.com.ar\/v1\/2026\/01\/29\/trump-ordeno-reabrir-el-espacio-aereo-de-venezuela-y-habilito-el-regreso-de-vuelos\/\"},\"author\":{\"name\":\"Jorge Mi\u00f1o\",\"@id\":\"https:\/\/radioinfinitagoya.com.ar\/v1\/#\/schema\/person\/d4cf9c413d4f6edb24aabdccab49ca4a\"},\"headline\":\"Trump orden\u00f3 reabrir el espacio a\u00e9reo de Venezuela y habilit\u00f3 el regreso de vuelos\",\"datePublished\":\"2026-01-29T19:45:57+00:00\",\"mainEntityOfPage\":{\"@id\":\"https:\/\/radioinfinitagoya.com.ar\/v1\/2026\/01\/29\/trump-ordeno-reabrir-el-espacio-aereo-de-venezuela-y-habilito-el-regreso-de-vuelos\/\"},\"wordCount\":774,\"commentCount\":0,\"publisher\":{\"@id\":\"https:\/\/radioinfinitagoya.com.ar\/v1\/#organization\"},\"image\":{\"@id\":\"https:\/\/radioinfinitagoya.com.ar\/v1\/2026\/01\/29\/trump-ordeno-reabrir-el-espacio-aereo-de-venezuela-y-habilito-el-regreso-de-vuelos\/#primaryimage\"},\"thumbnailUrl\":\"https:\/\/radioinfinitagoya.com.ar\/v1\/wp-content\/uploads\/2026\/01\/1-2.jpg\",\"articleSection\":[\"INFORMACI\u00d3N GENERAL\"],\"inLanguage\":\"es-AR\",\"potentialAction\":[{\"@type\":\"CommentAction\",\"name\":\"Comment\",\"target\":[\"https:\/\/radioinfinitagoya.com.ar\/v1\/2026\/01\/29\/trump-ordeno-reabrir-el-espacio-aereo-de-venezuela-y-habilito-el-regreso-de-vuelos\/#respond\"]}]},{\"@type\":\"WebPage\",\"@id\":\"https:\/\/radioinfinitagoya.com.ar\/v1\/2026\/01\/29\/trump-ordeno-reabrir-el-espacio-aereo-de-venezuela-y-habilito-el-regreso-de-vuelos\/\",\"url\":\"https:\/\/radioinfinitagoya.com.ar\/v1\/2026\/01\/29\/trump-ordeno-reabrir-el-espacio-aereo-de-venezuela-y-habilito-el-regreso-de-vuelos\/\",\"name\":\"Trump orden\u00f3 reabrir el espacio a\u00e9reo de Venezuela y habilit\u00f3 el regreso de vuelos - Radio Infinita Goya\",\"isPartOf\":{\"@id\":\"https:\/\/radioinfinitagoya.com.ar\/v1\/#website\"},\"primaryImageOfPage\":{\"@id\":\"https:\/\/radioinfinitagoya.com.ar\/v1\/2026\/01\/29\/trump-ordeno-reabrir-el-espacio-aereo-de-venezuela-y-habilito-el-regreso-de-vuelos\/#primaryimage\"},\"image\":{\"@id\":\"https:\/\/radioinfinitagoya.com.ar\/v1\/2026\/01\/29\/trump-ordeno-reabrir-el-espacio-aereo-de-venezuela-y-habilito-el-regreso-de-vuelos\/#primaryimage\"},\"thumbnailUrl\":\"https:\/\/radioinfinitagoya.com.ar\/v1\/wp-content\/uploads\/2026\/01\/1-2.jpg\",\"datePublished\":\"2026-01-29T19:45:57+00:00\",\"description\":\"El mandatario estadounidense asegur\u00f3 que la instrucci\u00f3n fue comunicada a la jefa del r\u00e9gimen chavista, Delcy Rodr\u00edguez, y que el proceso debe activarse de\",\"breadcrumb\":{\"@id\":\"https:\/\/radioinfinitagoya.com.ar\/v1\/2026\/01\/29\/trump-ordeno-reabrir-el-espacio-aereo-de-venezuela-y-habilito-el-regreso-de-vuelos\/#breadcrumb\"},\"inLanguage\":\"es-AR\",\"potentialAction\":[{\"@type\":\"ReadAction\",\"target\":[\"https:\/\/radioinfinitagoya.com.ar\/v1\/2026\/01\/29\/trump-ordeno-reabrir-el-espacio-aereo-de-venezuela-y-habilito-el-regreso-de-vuelos\/\"]}]},{\"@type\":\"ImageObject\",\"inLanguage\":\"es-AR\",\"@id\":\"https:\/\/radioinfinitagoya.com.ar\/v1\/2026\/01\/29\/trump-ordeno-reabrir-el-espacio-aereo-de-venezuela-y-habilito-el-regreso-de-vuelos\/#primaryimage\",\"url\":\"https:\/\/radioinfinitagoya.com.ar\/v1\/wp-content\/uploads\/2026\/01\/1-2.jpg\",\"contentUrl\":\"https:\/\/radioinfinitagoya.com.ar\/v1\/wp-content\/uploads\/2026\/01\/1-2.jpg\",\"width\":1080,\"height\":700},{\"@type\":\"BreadcrumbList\",\"@id\":\"https:\/\/radioinfinitagoya.com.ar\/v1\/2026\/01\/29\/trump-ordeno-reabrir-el-espacio-aereo-de-venezuela-y-habilito-el-regreso-de-vuelos\/#breadcrumb\",\"itemListElement\":[{\"@type\":\"ListItem\",\"position\":1,\"name\":\"Inicio\",\"item\":\"https:\/\/radioinfinitagoya.com.ar\/v1\/\"},{\"@type\":\"ListItem\",\"position\":2,\"name\":\"Trump orden\u00f3 reabrir el espacio a\u00e9reo de Venezuela y habilit\u00f3 el regreso de vuelos\"}]},{\"@type\":\"WebSite\",\"@id\":\"https:\/\/radioinfinitagoya.com.ar\/v1\/#website\",\"url\":\"https:\/\/radioinfinitagoya.com.ar\/v1\/\",\"name\":\"radioinfinitagoya.com.ar\",\"description\":\"Radio de noticias\",\"publisher\":{\"@id\":\"https:\/\/radioinfinitagoya.com.ar\/v1\/#organization\"},\"potentialAction\":[{\"@type\":\"SearchAction\",\"target\":{\"@type\":\"EntryPoint\",\"urlTemplate\":\"https:\/\/radioinfinitagoya.com.ar\/v1\/?s={search_term_string}\"},\"query-input\":{\"@type\":\"PropertyValueSpecification\",\"valueRequired\":true,\"valueName\":\"search_term_string\"}}],\"inLanguage\":\"es-AR\"},{\"@type\":\"Organization\",\"@id\":\"https:\/\/radioinfinitagoya.com.ar\/v1\/#organization\",\"name\":\"Radio Infinita Goya\",\"url\":\"https:\/\/radioinfinitagoya.com.ar\/v1\/\",\"logo\":{\"@type\":\"ImageObject\",\"inLanguage\":\"es-AR\",\"@id\":\"https:\/\/radioinfinitagoya.com.ar\/v1\/#\/schema\/logo\/image\/\",\"url\":\"https:\/\/radioinfinitagoya.com.ar\/v1\/wp-content\/uploads\/2019\/11\/logo-pie-web.png\",\"contentUrl\":\"https:\/\/radioinfinitagoya.com.ar\/v1\/wp-content\/uploads\/2019\/11\/logo-pie-web.png\",\"width\":635,\"height\":326,\"caption\":\"Radio Infinita Goya\"},\"image\":{\"@id\":\"https:\/\/radioinfinitagoya.com.ar\/v1\/#\/schema\/logo\/image\/\"},\"sameAs\":[\"https:\/\/www.facebook.com\/p\/Infinita-Goya-100063870918311\/\"]},{\"@type\":\"Person\",\"@id\":\"https:\/\/radioinfinitagoya.com.ar\/v1\/#\/schema\/person\/d4cf9c413d4f6edb24aabdccab49ca4a\",\"name\":\"Jorge Mi\u00f1o\",\"image\":{\"@type\":\"ImageObject\",\"inLanguage\":\"es-AR\",\"@id\":\"https:\/\/secure.gravatar.com\/avatar\/910fcf6728fe95320e07a6643c1581fec1c7fc4bf8ae12e3d8f0d0373dc844be?s=96&d=mm&r=g\",\"url\":\"https:\/\/secure.gravatar.com\/avatar\/910fcf6728fe95320e07a6643c1581fec1c7fc4bf8ae12e3d8f0d0373dc844be?s=96&d=mm&r=g\",\"contentUrl\":\"https:\/\/secure.gravatar.com\/avatar\/910fcf6728fe95320e07a6643c1581fec1c7fc4bf8ae12e3d8f0d0373dc844be?s=96&d=mm&r=g\",\"caption\":\"Jorge Mi\u00f1o\"},\"sameAs\":[\"http:\/\/radioinfinitagoya.com.ar\"]}]}<\/script>\n<!-- \/ Yoast SEO plugin. -->","yoast_head_json":{"title":"Trump orden\u00f3 reabrir el espacio a\u00e9reo de Venezuela y habilit\u00f3 el regreso de vuelos - Radio Infinita Goya","description":"El mandatario estadounidense asegur\u00f3 que la instrucci\u00f3n fue comunicada a la jefa del r\u00e9gimen chavista, Delcy Rodr\u00edguez, y que el proceso debe activarse de","robots":{"index":"index","follow":"follow","max-snippet":"max-snippet:-1","max-image-preview":"max-image-preview:large","max-video-preview":"max-video-preview:-1"},"canonical":"https:\/\/radioinfinitagoya.com.ar\/v1\/2026\/01\/29\/trump-ordeno-reabrir-el-espacio-aereo-de-venezuela-y-habilito-el-regreso-de-vuelos\/","og_locale":"es_ES","og_type":"article","og_title":"Trump orden\u00f3 reabrir el espacio a\u00e9reo de Venezuela y habilit\u00f3 el regreso de vuelos - Radio Infinita Goya","og_description":"El mandatario estadounidense asegur\u00f3 que la instrucci\u00f3n fue comunicada a la jefa del r\u00e9gimen chavista, Delcy Rodr\u00edguez, y que el proceso debe activarse de","og_url":"https:\/\/radioinfinitagoya.com.ar\/v1\/2026\/01\/29\/trump-ordeno-reabrir-el-espacio-aereo-de-venezuela-y-habilito-el-regreso-de-vuelos\/","og_site_name":"Radio Infinita Goya","article_publisher":"https:\/\/www.facebook.com\/p\/Infinita-Goya-100063870918311\/","article_published_time":"2026-01-29T19:45:57+00:00","og_image":[{"width":1080,"height":700,"url":"https:\/\/radioinfinitagoya.com.ar\/v1\/wp-content\/uploads\/2026\/01\/1-2.jpg","type":"image\/jpeg"}],"author":"Jorge Mi\u00f1o","twitter_card":"summary_large_image","twitter_misc":{"Escrito por":"Jorge Mi\u00f1o","Tiempo de lectura":"4 minutos"},"schema":{"@context":"https:\/\/schema.org","@graph":[{"@type":"Article","@id":"https:\/\/radioinfinitagoya.com.ar\/v1\/2026\/01\/29\/trump-ordeno-reabrir-el-espacio-aereo-de-venezuela-y-habilito-el-regreso-de-vuelos\/#article","isPartOf":{"@id":"https:\/\/radioinfinitagoya.com.ar\/v1\/2026\/01\/29\/trump-ordeno-reabrir-el-espacio-aereo-de-venezuela-y-habilito-el-regreso-de-vuelos\/"},"author":{"name":"Jorge Mi\u00f1o","@id":"https:\/\/radioinfinitagoya.com.ar\/v1\/#\/schema\/person\/d4cf9c413d4f6edb24aabdccab49ca4a"},"headline":"Trump orden\u00f3 reabrir el espacio a\u00e9reo de Venezuela y habilit\u00f3 el regreso de vuelos","datePublished":"2026-01-29T19:45:57+00:00","mainEntityOfPage":{"@id":"https:\/\/radioinfinitagoya.com.ar\/v1\/2026\/01\/29\/trump-ordeno-reabrir-el-espacio-aereo-de-venezuela-y-habilito-el-regreso-de-vuelos\/"},"wordCount":774,"commentCount":0,"publisher":{"@id":"https:\/\/radioinfinitagoya.com.ar\/v1\/#organization"},"image":{"@id":"https:\/\/radioinfinitagoya.com.ar\/v1\/2026\/01\/29\/trump-ordeno-reabrir-el-espacio-aereo-de-venezuela-y-habilito-el-regreso-de-vuelos\/#primaryimage"},"thumbnailUrl":"https:\/\/radioinfinitagoya.com.ar\/v1\/wp-content\/uploads\/2026\/01\/1-2.jpg","articleSection":["INFORMACI\u00d3N GENERAL"],"inLanguage":"es-AR","potentialAction":[{"@type":"CommentAction","name":"Comment","target":["https:\/\/radioinfinitagoya.com.ar\/v1\/2026\/01\/29\/trump-ordeno-reabrir-el-espacio-aereo-de-venezuela-y-habilito-el-regreso-de-vuelos\/#respond"]}]},{"@type":"WebPage","@id":"https:\/\/radioinfinitagoya.com.ar\/v1\/2026\/01\/29\/trump-ordeno-reabrir-el-espacio-aereo-de-venezuela-y-habilito-el-regreso-de-vuelos\/","url":"https:\/\/radioinfinitagoya.com.ar\/v1\/2026\/01\/29\/trump-ordeno-reabrir-el-espacio-aereo-de-venezuela-y-habilito-el-regreso-de-vuelos\/","name":"Trump orden\u00f3 reabrir el espacio a\u00e9reo de Venezuela y habilit\u00f3 el regreso de vuelos - Radio Infinita Goya","isPartOf":{"@id":"https:\/\/radioinfinitagoya.com.ar\/v1\/#website"},"primaryImageOfPage":{"@id":"https:\/\/radioinfinitagoya.com.ar\/v1\/2026\/01\/29\/trump-ordeno-reabrir-el-espacio-aereo-de-venezuela-y-habilito-el-regreso-de-vuelos\/#primaryimage"},"image":{"@id":"https:\/\/radioinfinitagoya.com.ar\/v1\/2026\/01\/29\/trump-ordeno-reabrir-el-espacio-aereo-de-venezuela-y-habilito-el-regreso-de-vuelos\/#primaryimage"},"thumbnailUrl":"https:\/\/radioinfinitagoya.com.ar\/v1\/wp-content\/uploads\/2026\/01\/1-2.jpg","datePublished":"2026-01-29T19:45:57+00:00","description":"El mandatario estadounidense asegur\u00f3 que la instrucci\u00f3n fue comunicada a la jefa del r\u00e9gimen chavista, Delcy Rodr\u00edguez, y que el proceso debe activarse de","breadcrumb":{"@id":"https:\/\/radioinfinitagoya.com.ar\/v1\/2026\/01\/29\/trump-ordeno-reabrir-el-espacio-aereo-de-venezuela-y-habilito-el-regreso-de-vuelos\/#breadcrumb"},"inLanguage":"es-AR","potentialAction":[{"@type":"ReadAction","target":["https:\/\/radioinfinitagoya.com.ar\/v1\/2026\/01\/29\/trump-ordeno-reabrir-el-espacio-aereo-de-venezuela-y-habilito-el-regreso-de-vuelos\/"]}]},{"@type":"ImageObject","inLanguage":"es-AR","@id":"https:\/\/radioinfinitagoya.com.ar\/v1\/2026\/01\/29\/trump-ordeno-reabrir-el-espacio-aereo-de-venezuela-y-habilito-el-regreso-de-vuelos\/#primaryimage","url":"https:\/\/radioinfinitagoya.com.ar\/v1\/wp-content\/uploads\/2026\/01\/1-2.jpg","contentUrl":"https:\/\/radioinfinitagoya.com.ar\/v1\/wp-content\/uploads\/2026\/01\/1-2.jpg","width":1080,"height":700},{"@type":"BreadcrumbList","@id":"https:\/\/radioinfinitagoya.com.ar\/v1\/2026\/01\/29\/trump-ordeno-reabrir-el-espacio-aereo-de-venezuela-y-habilito-el-regreso-de-vuelos\/#breadcrumb","itemListElement":[{"@type":"ListItem","position":1,"name":"Inicio","item":"https:\/\/radioinfinitagoya.com.ar\/v1\/"},{"@type":"ListItem","position":2,"name":"Trump orden\u00f3 reabrir el espacio a\u00e9reo de Venezuela y habilit\u00f3 el regreso de vuelos"}]},{"@type":"WebSite","@id":"https:\/\/radioinfinitagoya.com.ar\/v1\/#website","url":"https:\/\/radioinfinitagoya.com.ar\/v1\/","name":"radioinfinitagoya.com.ar","description":"Radio de noticias","publisher":{"@id":"https:\/\/radioinfinitagoya.com.ar\/v1\/#organization"},"potentialAction":[{"@type":"SearchAction","target":{"@type":"EntryPoint","urlTemplate":"https:\/\/radioinfinitagoya.com.ar\/v1\/?s={search_term_string}"},"query-input":{"@type":"PropertyValueSpecification","valueRequired":true,"valueName":"search_term_string"}}],"inLanguage":"es-AR"},{"@type":"Organization","@id":"https:\/\/radioinfinitagoya.com.ar\/v1\/#organization","name":"Radio Infinita Goya","url":"https:\/\/radioinfinitagoya.com.ar\/v1\/","logo":{"@type":"ImageObject","inLanguage":"es-AR","@id":"https:\/\/radioinfinitagoya.com.ar\/v1\/#\/schema\/logo\/image\/","url":"https:\/\/radioinfinitagoya.com.ar\/v1\/wp-content\/uploads\/2019\/11\/logo-pie-web.png","contentUrl":"https:\/\/radioinfinitagoya.com.ar\/v1\/wp-content\/uploads\/2019\/11\/logo-pie-web.png","width":635,"height":326,"caption":"Radio Infinita Goya"},"image":{"@id":"https:\/\/radioinfinitagoya.com.ar\/v1\/#\/schema\/logo\/image\/"},"sameAs":["https:\/\/www.facebook.com\/p\/Infinita-Goya-100063870918311\/"]},{"@type":"Person","@id":"https:\/\/radioinfinitagoya.com.ar\/v1\/#\/schema\/person\/d4cf9c413d4f6edb24aabdccab49ca4a","name":"Jorge Mi\u00f1o","image":{"@type":"ImageObject","inLanguage":"es-AR","@id":"https:\/\/secure.gravatar.com\/avatar\/910fcf6728fe95320e07a6643c1581fec1c7fc4bf8ae12e3d8f0d0373dc844be?s=96&d=mm&r=g","url":"https:\/\/secure.gravatar.com\/avatar\/910fcf6728fe95320e07a6643c1581fec1c7fc4bf8ae12e3d8f0d0373dc844be?s=96&d=mm&r=g","contentUrl":"https:\/\/secure.gravatar.com\/avatar\/910fcf6728fe95320e07a6643c1581fec1c7fc4bf8ae12e3d8f0d0373dc844be?s=96&d=mm&r=g","caption":"Jorge Mi\u00f1o"},"sameAs":["http:\/\/radioinfinitagoya.com.ar"]}]}},"_links":{"self":[{"href":"https:\/\/radioinfinitagoya.com.ar\/v1\/wp-json\/wp\/v2\/posts\/203783","targetHints":{"allow":["GET"]}}],"collection":[{"href":"https:\/\/radioinfinitagoya.com.ar\/v1\/wp-json\/wp\/v2\/posts"}],"about":[{"href":"https:\/\/radioinfinitagoya.com.ar\/v1\/wp-json\/wp\/v2\/types\/post"}],"author":[{"embeddable":true,"href":"https:\/\/radioinfinitagoya.com.ar\/v1\/wp-json\/wp\/v2\/users\/4"}],"replies":[{"embeddable":true,"href":"https:\/\/radioinfinitagoya.com.ar\/v1\/wp-json\/wp\/v2\/comments?post=203783"}],"version-history":[{"count":0,"href":"https:\/\/radioinfinitagoya.com.ar\/v1\/wp-json\/wp\/v2\/posts\/203783\/revisions"}],"wp:featuredmedia":[{"embeddable":true,"href":"https:\/\/radioinfinitagoya.com.ar\/v1\/wp-json\/wp\/v2\/media\/203784"}],"wp:attachment":[{"href":"https:\/\/radioinfinitagoya.com.ar\/v1\/wp-json\/wp\/v2\/media?parent=203783"}],"wp:term":[{"taxonomy":"category","embeddable":true,"href":"https:\/\/radioinfinitagoya.com.ar\/v1\/wp-json\/wp\/v2\/categories?post=203783"},{"taxonomy":"post_tag","embeddable":true,"href":"https:\/\/radioinfinitagoya.com.ar\/v1\/wp-json\/wp\/v2\/tags?post=203783"}],"curies":[{"name":"wp","href":"https:\/\/api.w.org\/{rel}","templated":true}]}}