{"id":203787,"date":"2026-01-29T17:48:26","date_gmt":"2026-01-29T20:48:26","guid":{"rendered":"https:\/\/radioinfinitagoya.com.ar\/v1\/?p=203787"},"modified":"2026-01-29T17:48:26","modified_gmt":"2026-01-29T20:48:26","slug":"colapinto-hablo-sobre-el-rendimiento-que-tuvo-con-alpine-tras-las-primeras-pruebas","status":"publish","type":"post","link":"https:\/\/radioinfinitagoya.com.ar\/v1\/2026\/01\/29\/colapinto-hablo-sobre-el-rendimiento-que-tuvo-con-alpine-tras-las-primeras-pruebas\/","title":{"rendered":"Colapinto habl\u00f3 sobre el rendimiento que tuvo con Alpine tras las primeras pruebas"},"content":{"rendered":"<p>Y dej\u00f3 una esperanzadora frase sobre la F\u00f3rmula 1<\/p>\n<p>El piloto argentino de la escuder\u00eda francesa dej\u00f3 sus sensaciones de cara a una temporada que tendr\u00e1 varios cambios<\/p>\n<p>El shakedown de pretemporada en el Circuit de Barcelona-Catalunya marc\u00f3 el primer gran paso de la nueva era de la F\u00f3rmula 1 en 2026. El piloto argentino Franco Colapinto comparti\u00f3 sus impresiones tras conducir el flamante monoplaza de Alpine A526, destacando que la escuder\u00eda encara \u201cuna era completamente nueva de coches\u201d y que las primeras pruebas resultaron fundamentales para adaptarse a los cambios t\u00e9cnicos y operativos. Las declaraciones del joven piloto anticipan desaf\u00edos y oportunidades en el inicio de un calendario marcado por un profundo cambio reglamentario.<\/p>\n<p>La \u00faltima prueba que realiz\u00f3 el argentino en Barcelona fue la tercera de la semana y se desarroll\u00f3 bajo estrictas medidas de seguridad para evitar filtraciones. Colapinto, de 22 a\u00f1os, sum\u00f3 kil\u00f3metros al mando del A526 y logr\u00f3 uno de los mejores registros, solo por detr\u00e1s de George Russell. El contexto que rode\u00f3 el test privado no solo implic\u00f3 el debut de nuevos coches, sino tambi\u00e9n la puesta a punto de ingenieros y mec\u00e1nicos frente a un concepto t\u00e9cnico in\u00e9dito. \u201cCoches nuevos, nueva generaci\u00f3n, es una era completamente nueva de coches y las novedades son tan diferentes que hay mucho a lo que acostumbrarse. No solo para nosotros, los pilotos, sino tambi\u00e9n para los ingenieros y los mec\u00e1nicos\u201d, expres\u00f3 el joven en declaraciones a Sky Sports.<\/p>\n<p>El piloto argentino detall\u00f3 que el trabajo del equipo se enfoc\u00f3 en comprender los sistemas del monoplaza y en ajustar la configuraci\u00f3n general. \u201cEsta prueba es muy valiosa para que todos entiendan c\u00f3mo funciona todo, c\u00f3mo necesitamos empezar a entender el estilo de conducci\u00f3n, la t\u00e9cnica, para que los mec\u00e1nicos entiendan c\u00f3mo conducir el coche, d\u00f3nde est\u00e1n las partes m\u00e1s sensibles de los sistemas, del chasis y de la configuraci\u00f3n\u201d.<\/p>\n<p>La jornada del mi\u00e9rcoles permiti\u00f3 a Colapinto completar 56 vueltas y recorrer 260 kil\u00f3metros, tras un debut el lunes con 60 giros y 279 kil\u00f3metros. El equipo Alpine destac\u00f3 la productividad del piloto sudamericano, que firm\u00f3 un tiempo de 1:19.150 en su vuelta m\u00e1s r\u00e1pida, solo superado por Russell. En ese marco, el propio corredor subray\u00f3 la importancia de la fiabilidad: \u201cEstamos haciendo todas las comprobaciones del sistema e intentando entender c\u00f3mo funciona el coche en la pista. Tenemos que ser fiables e intentar llevar lo m\u00e1s representativo\u201d.<\/p>\n<p>Las primeras sensaciones al mando del nuevo Alpine no pasaron desapercibidas. \u201cHay bastante potencia al salir de las curvas y eso es genial. Es una sensaci\u00f3n agradable. Pero claro, tienes mucha menos lentitud. Y esa menor lentitud hace que sea m\u00e1s dif\u00edcil acelerar con la potencia extra. As\u00ed que hay mucho derrape, lo que lo hace divertido. No tanto para los neum\u00e1ticos, pero s\u00ed para nosotros, derrapar un poco m\u00e1s\u201d, explic\u00f3.<\/p>\n<p>El an\u00e1lisis t\u00e9cnico de Colapinto incluy\u00f3 referencias al tama\u00f1o reducido de los autos y a la carga aerodin\u00e1mica, dos factores que pueden cambiar el desarrollo de las carreras. \u201cLos coches tambi\u00e9n son mucho m\u00e1s peque\u00f1os en cuanto a dimensiones, y eso seguro que ayudar\u00e1 a poder adelantar en pistas que ya eran un poco m\u00e1s estrechas. Todav\u00eda me estoy acostumbrando y entendiendo los l\u00edmites\u201d. El piloto se\u00f1al\u00f3 que se percibe mayor velocidad en recta, aunque en las curvas predomina la sensaci\u00f3n de menor adherencia. \u201cDeslizas m\u00e1s y tienes menos agarre. Y, en general, eres un poco m\u00e1s lento en la mayor\u00eda de las curvas\u201d.<\/p>\n<p>El test de Barcelona tambi\u00e9n sirvi\u00f3 para que los equipos ajustaran estrategias y pulieran detalles t\u00e9cnicos antes del inicio de la temporada oficial. Los registros de tiempos no fueron oficiales, ya que la organizaci\u00f3n opt\u00f3 por mantener la privacidad de los datos para permitir pruebas m\u00e1s libres. A pesar de esa reserva, los resultados de Alpine generaron expectativas positivas, sobre todo tras superar algunas fallas del primer d\u00eda. \u201cLo hemos arreglado todo y va como queremos. As\u00ed que, s\u00ed, todo va muy bien para nosotros por el momento\u201d, afirm\u00f3 el piloto argentino.<\/p>\n<p>La experiencia acumulada durante la semana de pruebas se suma al aprendizaje que requiere la nueva generaci\u00f3n de monoplazas. \u201c\u00bfRecuerdas cuando lleg\u00f3 la \u00faltima generaci\u00f3n de coches? El primer a\u00f1o estaban muy lejos, y para el \u00faltimo a\u00f1o, creo que ganaron unos tres segundos en algunas pistas. As\u00ed que es normal. Es un proceso normal y s\u00ed, tienen buena pinta\u201d.<\/p>\n<p>El deportista albiceleste tambi\u00e9n dej\u00f3 un esperanzador mensaje para los fan\u00e1ticos. \u201cSe ven los autos, lo que tambi\u00e9n es importante para los fan\u00e1ticos. Creo que con suerte traer\u00e1n algo agradable, divertido a las carreras. Algunos adelantamientos y ser\u00e1n muy \u00fatiles para nosotros los conductores para poder divertirnos un poco m\u00e1s, competir con otros y hacer que los adelantamientos sean un poco m\u00e1s posibles ser\u00e1 algo muy bueno de tener\u201d.<\/p>\n<p>Tras el shakedown de Barcelona Colapinto volver\u00e1 a subirse al Alpine en los tests de pretemporada en Bar\u00e9in, programados entre el 11 y el 13 de febrero, y luego del 18 al 20 del mismo mes.<\/p>\n","protected":false},"excerpt":{"rendered":"<p>Y dej\u00f3 una esperanzadora frase sobre la F\u00f3rmula 1 El piloto argentino de la escuder\u00eda francesa dej\u00f3 sus sensaciones de cara a una temporada que tendr\u00e1 varios cambios El shakedown de pretemporada en el Circuit de Barcelona-Catalunya marc\u00f3 el primer gran paso de la nueva era de la F\u00f3rmula 1 en 2026. El piloto argentino [&hellip;]<\/p>\n","protected":false},"author":4,"featured_media":203788,"comment_status":"open","ping_status":"open","sticky":false,"template":"","format":"standard","meta":{"_joinchat":[],"footnotes":""},"categories":[28],"tags":[],"class_list":{"0":"post-203787","1":"post","2":"type-post","3":"status-publish","4":"format-standard","5":"has-post-thumbnail","7":"category-deportes"},"yoast_head":"<!-- This site is optimized with the Yoast SEO plugin v27.2 - https:\/\/yoast.com\/product\/yoast-seo-wordpress\/ -->\n<title>Colapinto habl\u00f3 sobre el rendimiento que tuvo con Alpine tras las primeras pruebas - Radio Infinita Goya<\/title>\n<meta name=\"description\" content=\"Y dej\u00f3 una esperanzadora frase sobre la F\u00f3rmula 1 El piloto argentino de la escuder\u00eda francesa dej\u00f3 sus sensaciones de cara a una temporada que tendr\u00e1\" \/>\n<meta name=\"robots\" content=\"index, follow, max-snippet:-1, max-image-preview:large, max-video-preview:-1\" \/>\n<link rel=\"canonical\" href=\"https:\/\/radioinfinitagoya.com.ar\/v1\/2026\/01\/29\/colapinto-hablo-sobre-el-rendimiento-que-tuvo-con-alpine-tras-las-primeras-pruebas\/\" \/>\n<meta property=\"og:locale\" content=\"es_ES\" \/>\n<meta property=\"og:type\" content=\"article\" \/>\n<meta property=\"og:title\" content=\"Colapinto habl\u00f3 sobre el rendimiento que tuvo con Alpine tras las primeras pruebas - Radio Infinita Goya\" \/>\n<meta property=\"og:description\" content=\"Y dej\u00f3 una esperanzadora frase sobre la F\u00f3rmula 1 El piloto argentino de la escuder\u00eda francesa dej\u00f3 sus sensaciones de cara a una temporada que tendr\u00e1\" \/>\n<meta property=\"og:url\" content=\"https:\/\/radioinfinitagoya.com.ar\/v1\/2026\/01\/29\/colapinto-hablo-sobre-el-rendimiento-que-tuvo-con-alpine-tras-las-primeras-pruebas\/\" \/>\n<meta property=\"og:site_name\" content=\"Radio Infinita Goya\" \/>\n<meta property=\"article:publisher\" content=\"https:\/\/www.facebook.com\/p\/Infinita-Goya-100063870918311\/\" \/>\n<meta property=\"article:published_time\" content=\"2026-01-29T20:48:26+00:00\" \/>\n<meta property=\"og:image\" content=\"https:\/\/radioinfinitagoya.com.ar\/v1\/wp-content\/uploads\/2026\/01\/BB.jpg\" \/>\n\t<meta property=\"og:image:width\" content=\"1080\" \/>\n\t<meta property=\"og:image:height\" content=\"596\" \/>\n\t<meta property=\"og:image:type\" content=\"image\/jpeg\" \/>\n<meta name=\"author\" content=\"Jorge Mi\u00f1o\" \/>\n<meta name=\"twitter:card\" content=\"summary_large_image\" \/>\n<meta name=\"twitter:label1\" content=\"Escrito por\" \/>\n\t<meta name=\"twitter:data1\" content=\"Jorge Mi\u00f1o\" \/>\n\t<meta name=\"twitter:label2\" content=\"Tiempo de lectura\" \/>\n\t<meta name=\"twitter:data2\" content=\"4 minutos\" \/>\n<script type=\"application\/ld+json\" class=\"yoast-schema-graph\">{\"@context\":\"https:\/\/schema.org\",\"@graph\":[{\"@type\":\"Article\",\"@id\":\"https:\/\/radioinfinitagoya.com.ar\/v1\/2026\/01\/29\/colapinto-hablo-sobre-el-rendimiento-que-tuvo-con-alpine-tras-las-primeras-pruebas\/#article\",\"isPartOf\":{\"@id\":\"https:\/\/radioinfinitagoya.com.ar\/v1\/2026\/01\/29\/colapinto-hablo-sobre-el-rendimiento-que-tuvo-con-alpine-tras-las-primeras-pruebas\/\"},\"author\":{\"name\":\"Jorge Mi\u00f1o\",\"@id\":\"https:\/\/radioinfinitagoya.com.ar\/v1\/#\/schema\/person\/d4cf9c413d4f6edb24aabdccab49ca4a\"},\"headline\":\"Colapinto habl\u00f3 sobre el rendimiento que tuvo con Alpine tras las primeras pruebas\",\"datePublished\":\"2026-01-29T20:48:26+00:00\",\"mainEntityOfPage\":{\"@id\":\"https:\/\/radioinfinitagoya.com.ar\/v1\/2026\/01\/29\/colapinto-hablo-sobre-el-rendimiento-que-tuvo-con-alpine-tras-las-primeras-pruebas\/\"},\"wordCount\":903,\"commentCount\":0,\"publisher\":{\"@id\":\"https:\/\/radioinfinitagoya.com.ar\/v1\/#organization\"},\"image\":{\"@id\":\"https:\/\/radioinfinitagoya.com.ar\/v1\/2026\/01\/29\/colapinto-hablo-sobre-el-rendimiento-que-tuvo-con-alpine-tras-las-primeras-pruebas\/#primaryimage\"},\"thumbnailUrl\":\"https:\/\/radioinfinitagoya.com.ar\/v1\/wp-content\/uploads\/2026\/01\/BB.jpg\",\"articleSection\":[\"DEPORTES\"],\"inLanguage\":\"es-AR\",\"potentialAction\":[{\"@type\":\"CommentAction\",\"name\":\"Comment\",\"target\":[\"https:\/\/radioinfinitagoya.com.ar\/v1\/2026\/01\/29\/colapinto-hablo-sobre-el-rendimiento-que-tuvo-con-alpine-tras-las-primeras-pruebas\/#respond\"]}]},{\"@type\":\"WebPage\",\"@id\":\"https:\/\/radioinfinitagoya.com.ar\/v1\/2026\/01\/29\/colapinto-hablo-sobre-el-rendimiento-que-tuvo-con-alpine-tras-las-primeras-pruebas\/\",\"url\":\"https:\/\/radioinfinitagoya.com.ar\/v1\/2026\/01\/29\/colapinto-hablo-sobre-el-rendimiento-que-tuvo-con-alpine-tras-las-primeras-pruebas\/\",\"name\":\"Colapinto habl\u00f3 sobre el rendimiento que tuvo con Alpine tras las primeras pruebas - Radio Infinita Goya\",\"isPartOf\":{\"@id\":\"https:\/\/radioinfinitagoya.com.ar\/v1\/#website\"},\"primaryImageOfPage\":{\"@id\":\"https:\/\/radioinfinitagoya.com.ar\/v1\/2026\/01\/29\/colapinto-hablo-sobre-el-rendimiento-que-tuvo-con-alpine-tras-las-primeras-pruebas\/#primaryimage\"},\"image\":{\"@id\":\"https:\/\/radioinfinitagoya.com.ar\/v1\/2026\/01\/29\/colapinto-hablo-sobre-el-rendimiento-que-tuvo-con-alpine-tras-las-primeras-pruebas\/#primaryimage\"},\"thumbnailUrl\":\"https:\/\/radioinfinitagoya.com.ar\/v1\/wp-content\/uploads\/2026\/01\/BB.jpg\",\"datePublished\":\"2026-01-29T20:48:26+00:00\",\"description\":\"Y dej\u00f3 una esperanzadora frase sobre la F\u00f3rmula 1 El piloto argentino de la escuder\u00eda francesa dej\u00f3 sus sensaciones de cara a una temporada que tendr\u00e1\",\"breadcrumb\":{\"@id\":\"https:\/\/radioinfinitagoya.com.ar\/v1\/2026\/01\/29\/colapinto-hablo-sobre-el-rendimiento-que-tuvo-con-alpine-tras-las-primeras-pruebas\/#breadcrumb\"},\"inLanguage\":\"es-AR\",\"potentialAction\":[{\"@type\":\"ReadAction\",\"target\":[\"https:\/\/radioinfinitagoya.com.ar\/v1\/2026\/01\/29\/colapinto-hablo-sobre-el-rendimiento-que-tuvo-con-alpine-tras-las-primeras-pruebas\/\"]}]},{\"@type\":\"ImageObject\",\"inLanguage\":\"es-AR\",\"@id\":\"https:\/\/radioinfinitagoya.com.ar\/v1\/2026\/01\/29\/colapinto-hablo-sobre-el-rendimiento-que-tuvo-con-alpine-tras-las-primeras-pruebas\/#primaryimage\",\"url\":\"https:\/\/radioinfinitagoya.com.ar\/v1\/wp-content\/uploads\/2026\/01\/BB.jpg\",\"contentUrl\":\"https:\/\/radioinfinitagoya.com.ar\/v1\/wp-content\/uploads\/2026\/01\/BB.jpg\",\"width\":1080,\"height\":596},{\"@type\":\"BreadcrumbList\",\"@id\":\"https:\/\/radioinfinitagoya.com.ar\/v1\/2026\/01\/29\/colapinto-hablo-sobre-el-rendimiento-que-tuvo-con-alpine-tras-las-primeras-pruebas\/#breadcrumb\",\"itemListElement\":[{\"@type\":\"ListItem\",\"position\":1,\"name\":\"Inicio\",\"item\":\"https:\/\/radioinfinitagoya.com.ar\/v1\/\"},{\"@type\":\"ListItem\",\"position\":2,\"name\":\"Colapinto habl\u00f3 sobre el rendimiento que tuvo con Alpine tras las primeras pruebas\"}]},{\"@type\":\"WebSite\",\"@id\":\"https:\/\/radioinfinitagoya.com.ar\/v1\/#website\",\"url\":\"https:\/\/radioinfinitagoya.com.ar\/v1\/\",\"name\":\"radioinfinitagoya.com.ar\",\"description\":\"Radio de noticias\",\"publisher\":{\"@id\":\"https:\/\/radioinfinitagoya.com.ar\/v1\/#organization\"},\"potentialAction\":[{\"@type\":\"SearchAction\",\"target\":{\"@type\":\"EntryPoint\",\"urlTemplate\":\"https:\/\/radioinfinitagoya.com.ar\/v1\/?s={search_term_string}\"},\"query-input\":{\"@type\":\"PropertyValueSpecification\",\"valueRequired\":true,\"valueName\":\"search_term_string\"}}],\"inLanguage\":\"es-AR\"},{\"@type\":\"Organization\",\"@id\":\"https:\/\/radioinfinitagoya.com.ar\/v1\/#organization\",\"name\":\"Radio Infinita Goya\",\"url\":\"https:\/\/radioinfinitagoya.com.ar\/v1\/\",\"logo\":{\"@type\":\"ImageObject\",\"inLanguage\":\"es-AR\",\"@id\":\"https:\/\/radioinfinitagoya.com.ar\/v1\/#\/schema\/logo\/image\/\",\"url\":\"https:\/\/radioinfinitagoya.com.ar\/v1\/wp-content\/uploads\/2019\/11\/logo-pie-web.png\",\"contentUrl\":\"https:\/\/radioinfinitagoya.com.ar\/v1\/wp-content\/uploads\/2019\/11\/logo-pie-web.png\",\"width\":635,\"height\":326,\"caption\":\"Radio Infinita Goya\"},\"image\":{\"@id\":\"https:\/\/radioinfinitagoya.com.ar\/v1\/#\/schema\/logo\/image\/\"},\"sameAs\":[\"https:\/\/www.facebook.com\/p\/Infinita-Goya-100063870918311\/\"]},{\"@type\":\"Person\",\"@id\":\"https:\/\/radioinfinitagoya.com.ar\/v1\/#\/schema\/person\/d4cf9c413d4f6edb24aabdccab49ca4a\",\"name\":\"Jorge Mi\u00f1o\",\"image\":{\"@type\":\"ImageObject\",\"inLanguage\":\"es-AR\",\"@id\":\"https:\/\/secure.gravatar.com\/avatar\/910fcf6728fe95320e07a6643c1581fec1c7fc4bf8ae12e3d8f0d0373dc844be?s=96&d=mm&r=g\",\"url\":\"https:\/\/secure.gravatar.com\/avatar\/910fcf6728fe95320e07a6643c1581fec1c7fc4bf8ae12e3d8f0d0373dc844be?s=96&d=mm&r=g\",\"contentUrl\":\"https:\/\/secure.gravatar.com\/avatar\/910fcf6728fe95320e07a6643c1581fec1c7fc4bf8ae12e3d8f0d0373dc844be?s=96&d=mm&r=g\",\"caption\":\"Jorge Mi\u00f1o\"},\"sameAs\":[\"http:\/\/radioinfinitagoya.com.ar\"]}]}<\/script>\n<!-- \/ Yoast SEO plugin. -->","yoast_head_json":{"title":"Colapinto habl\u00f3 sobre el rendimiento que tuvo con Alpine tras las primeras pruebas - Radio Infinita Goya","description":"Y dej\u00f3 una esperanzadora frase sobre la F\u00f3rmula 1 El piloto argentino de la escuder\u00eda francesa dej\u00f3 sus sensaciones de cara a una temporada que tendr\u00e1","robots":{"index":"index","follow":"follow","max-snippet":"max-snippet:-1","max-image-preview":"max-image-preview:large","max-video-preview":"max-video-preview:-1"},"canonical":"https:\/\/radioinfinitagoya.com.ar\/v1\/2026\/01\/29\/colapinto-hablo-sobre-el-rendimiento-que-tuvo-con-alpine-tras-las-primeras-pruebas\/","og_locale":"es_ES","og_type":"article","og_title":"Colapinto habl\u00f3 sobre el rendimiento que tuvo con Alpine tras las primeras pruebas - Radio Infinita Goya","og_description":"Y dej\u00f3 una esperanzadora frase sobre la F\u00f3rmula 1 El piloto argentino de la escuder\u00eda francesa dej\u00f3 sus sensaciones de cara a una temporada que tendr\u00e1","og_url":"https:\/\/radioinfinitagoya.com.ar\/v1\/2026\/01\/29\/colapinto-hablo-sobre-el-rendimiento-que-tuvo-con-alpine-tras-las-primeras-pruebas\/","og_site_name":"Radio Infinita Goya","article_publisher":"https:\/\/www.facebook.com\/p\/Infinita-Goya-100063870918311\/","article_published_time":"2026-01-29T20:48:26+00:00","og_image":[{"width":1080,"height":596,"url":"https:\/\/radioinfinitagoya.com.ar\/v1\/wp-content\/uploads\/2026\/01\/BB.jpg","type":"image\/jpeg"}],"author":"Jorge Mi\u00f1o","twitter_card":"summary_large_image","twitter_misc":{"Escrito por":"Jorge Mi\u00f1o","Tiempo de lectura":"4 minutos"},"schema":{"@context":"https:\/\/schema.org","@graph":[{"@type":"Article","@id":"https:\/\/radioinfinitagoya.com.ar\/v1\/2026\/01\/29\/colapinto-hablo-sobre-el-rendimiento-que-tuvo-con-alpine-tras-las-primeras-pruebas\/#article","isPartOf":{"@id":"https:\/\/radioinfinitagoya.com.ar\/v1\/2026\/01\/29\/colapinto-hablo-sobre-el-rendimiento-que-tuvo-con-alpine-tras-las-primeras-pruebas\/"},"author":{"name":"Jorge Mi\u00f1o","@id":"https:\/\/radioinfinitagoya.com.ar\/v1\/#\/schema\/person\/d4cf9c413d4f6edb24aabdccab49ca4a"},"headline":"Colapinto habl\u00f3 sobre el rendimiento que tuvo con Alpine tras las primeras pruebas","datePublished":"2026-01-29T20:48:26+00:00","mainEntityOfPage":{"@id":"https:\/\/radioinfinitagoya.com.ar\/v1\/2026\/01\/29\/colapinto-hablo-sobre-el-rendimiento-que-tuvo-con-alpine-tras-las-primeras-pruebas\/"},"wordCount":903,"commentCount":0,"publisher":{"@id":"https:\/\/radioinfinitagoya.com.ar\/v1\/#organization"},"image":{"@id":"https:\/\/radioinfinitagoya.com.ar\/v1\/2026\/01\/29\/colapinto-hablo-sobre-el-rendimiento-que-tuvo-con-alpine-tras-las-primeras-pruebas\/#primaryimage"},"thumbnailUrl":"https:\/\/radioinfinitagoya.com.ar\/v1\/wp-content\/uploads\/2026\/01\/BB.jpg","articleSection":["DEPORTES"],"inLanguage":"es-AR","potentialAction":[{"@type":"CommentAction","name":"Comment","target":["https:\/\/radioinfinitagoya.com.ar\/v1\/2026\/01\/29\/colapinto-hablo-sobre-el-rendimiento-que-tuvo-con-alpine-tras-las-primeras-pruebas\/#respond"]}]},{"@type":"WebPage","@id":"https:\/\/radioinfinitagoya.com.ar\/v1\/2026\/01\/29\/colapinto-hablo-sobre-el-rendimiento-que-tuvo-con-alpine-tras-las-primeras-pruebas\/","url":"https:\/\/radioinfinitagoya.com.ar\/v1\/2026\/01\/29\/colapinto-hablo-sobre-el-rendimiento-que-tuvo-con-alpine-tras-las-primeras-pruebas\/","name":"Colapinto habl\u00f3 sobre el rendimiento que tuvo con Alpine tras las primeras pruebas - Radio Infinita Goya","isPartOf":{"@id":"https:\/\/radioinfinitagoya.com.ar\/v1\/#website"},"primaryImageOfPage":{"@id":"https:\/\/radioinfinitagoya.com.ar\/v1\/2026\/01\/29\/colapinto-hablo-sobre-el-rendimiento-que-tuvo-con-alpine-tras-las-primeras-pruebas\/#primaryimage"},"image":{"@id":"https:\/\/radioinfinitagoya.com.ar\/v1\/2026\/01\/29\/colapinto-hablo-sobre-el-rendimiento-que-tuvo-con-alpine-tras-las-primeras-pruebas\/#primaryimage"},"thumbnailUrl":"https:\/\/radioinfinitagoya.com.ar\/v1\/wp-content\/uploads\/2026\/01\/BB.jpg","datePublished":"2026-01-29T20:48:26+00:00","description":"Y dej\u00f3 una esperanzadora frase sobre la F\u00f3rmula 1 El piloto argentino de la escuder\u00eda francesa dej\u00f3 sus sensaciones de cara a una temporada que tendr\u00e1","breadcrumb":{"@id":"https:\/\/radioinfinitagoya.com.ar\/v1\/2026\/01\/29\/colapinto-hablo-sobre-el-rendimiento-que-tuvo-con-alpine-tras-las-primeras-pruebas\/#breadcrumb"},"inLanguage":"es-AR","potentialAction":[{"@type":"ReadAction","target":["https:\/\/radioinfinitagoya.com.ar\/v1\/2026\/01\/29\/colapinto-hablo-sobre-el-rendimiento-que-tuvo-con-alpine-tras-las-primeras-pruebas\/"]}]},{"@type":"ImageObject","inLanguage":"es-AR","@id":"https:\/\/radioinfinitagoya.com.ar\/v1\/2026\/01\/29\/colapinto-hablo-sobre-el-rendimiento-que-tuvo-con-alpine-tras-las-primeras-pruebas\/#primaryimage","url":"https:\/\/radioinfinitagoya.com.ar\/v1\/wp-content\/uploads\/2026\/01\/BB.jpg","contentUrl":"https:\/\/radioinfinitagoya.com.ar\/v1\/wp-content\/uploads\/2026\/01\/BB.jpg","width":1080,"height":596},{"@type":"BreadcrumbList","@id":"https:\/\/radioinfinitagoya.com.ar\/v1\/2026\/01\/29\/colapinto-hablo-sobre-el-rendimiento-que-tuvo-con-alpine-tras-las-primeras-pruebas\/#breadcrumb","itemListElement":[{"@type":"ListItem","position":1,"name":"Inicio","item":"https:\/\/radioinfinitagoya.com.ar\/v1\/"},{"@type":"ListItem","position":2,"name":"Colapinto habl\u00f3 sobre el rendimiento que tuvo con Alpine tras las primeras pruebas"}]},{"@type":"WebSite","@id":"https:\/\/radioinfinitagoya.com.ar\/v1\/#website","url":"https:\/\/radioinfinitagoya.com.ar\/v1\/","name":"radioinfinitagoya.com.ar","description":"Radio de noticias","publisher":{"@id":"https:\/\/radioinfinitagoya.com.ar\/v1\/#organization"},"potentialAction":[{"@type":"SearchAction","target":{"@type":"EntryPoint","urlTemplate":"https:\/\/radioinfinitagoya.com.ar\/v1\/?s={search_term_string}"},"query-input":{"@type":"PropertyValueSpecification","valueRequired":true,"valueName":"search_term_string"}}],"inLanguage":"es-AR"},{"@type":"Organization","@id":"https:\/\/radioinfinitagoya.com.ar\/v1\/#organization","name":"Radio Infinita Goya","url":"https:\/\/radioinfinitagoya.com.ar\/v1\/","logo":{"@type":"ImageObject","inLanguage":"es-AR","@id":"https:\/\/radioinfinitagoya.com.ar\/v1\/#\/schema\/logo\/image\/","url":"https:\/\/radioinfinitagoya.com.ar\/v1\/wp-content\/uploads\/2019\/11\/logo-pie-web.png","contentUrl":"https:\/\/radioinfinitagoya.com.ar\/v1\/wp-content\/uploads\/2019\/11\/logo-pie-web.png","width":635,"height":326,"caption":"Radio Infinita Goya"},"image":{"@id":"https:\/\/radioinfinitagoya.com.ar\/v1\/#\/schema\/logo\/image\/"},"sameAs":["https:\/\/www.facebook.com\/p\/Infinita-Goya-100063870918311\/"]},{"@type":"Person","@id":"https:\/\/radioinfinitagoya.com.ar\/v1\/#\/schema\/person\/d4cf9c413d4f6edb24aabdccab49ca4a","name":"Jorge Mi\u00f1o","image":{"@type":"ImageObject","inLanguage":"es-AR","@id":"https:\/\/secure.gravatar.com\/avatar\/910fcf6728fe95320e07a6643c1581fec1c7fc4bf8ae12e3d8f0d0373dc844be?s=96&d=mm&r=g","url":"https:\/\/secure.gravatar.com\/avatar\/910fcf6728fe95320e07a6643c1581fec1c7fc4bf8ae12e3d8f0d0373dc844be?s=96&d=mm&r=g","contentUrl":"https:\/\/secure.gravatar.com\/avatar\/910fcf6728fe95320e07a6643c1581fec1c7fc4bf8ae12e3d8f0d0373dc844be?s=96&d=mm&r=g","caption":"Jorge Mi\u00f1o"},"sameAs":["http:\/\/radioinfinitagoya.com.ar"]}]}},"_links":{"self":[{"href":"https:\/\/radioinfinitagoya.com.ar\/v1\/wp-json\/wp\/v2\/posts\/203787","targetHints":{"allow":["GET"]}}],"collection":[{"href":"https:\/\/radioinfinitagoya.com.ar\/v1\/wp-json\/wp\/v2\/posts"}],"about":[{"href":"https:\/\/radioinfinitagoya.com.ar\/v1\/wp-json\/wp\/v2\/types\/post"}],"author":[{"embeddable":true,"href":"https:\/\/radioinfinitagoya.com.ar\/v1\/wp-json\/wp\/v2\/users\/4"}],"replies":[{"embeddable":true,"href":"https:\/\/radioinfinitagoya.com.ar\/v1\/wp-json\/wp\/v2\/comments?post=203787"}],"version-history":[{"count":0,"href":"https:\/\/radioinfinitagoya.com.ar\/v1\/wp-json\/wp\/v2\/posts\/203787\/revisions"}],"wp:featuredmedia":[{"embeddable":true,"href":"https:\/\/radioinfinitagoya.com.ar\/v1\/wp-json\/wp\/v2\/media\/203788"}],"wp:attachment":[{"href":"https:\/\/radioinfinitagoya.com.ar\/v1\/wp-json\/wp\/v2\/media?parent=203787"}],"wp:term":[{"taxonomy":"category","embeddable":true,"href":"https:\/\/radioinfinitagoya.com.ar\/v1\/wp-json\/wp\/v2\/categories?post=203787"},{"taxonomy":"post_tag","embeddable":true,"href":"https:\/\/radioinfinitagoya.com.ar\/v1\/wp-json\/wp\/v2\/tags?post=203787"}],"curies":[{"name":"wp","href":"https:\/\/api.w.org\/{rel}","templated":true}]}}