{"id":203790,"date":"2026-01-29T17:58:09","date_gmt":"2026-01-29T20:58:09","guid":{"rendered":"https:\/\/radioinfinitagoya.com.ar\/v1\/?p=203790"},"modified":"2026-01-29T17:58:09","modified_gmt":"2026-01-29T20:58:09","slug":"flamengo-rompio-el-mercado-y-concreto-el-fichaje-mas-caro","status":"publish","type":"post","link":"https:\/\/radioinfinitagoya.com.ar\/v1\/2026\/01\/29\/flamengo-rompio-el-mercado-y-concreto-el-fichaje-mas-caro\/","title":{"rendered":"Flamengo rompi\u00f3 el mercado y concret\u00f3 el fichaje m\u00e1s caro"},"content":{"rendered":"<p>&#8220;De la historia del f\u00fatbol Sudamericano&#8221;<\/p>\n<p>El club brasile\u00f1o y el West Ham de Inglaterra llegaron a un acuerdo por el futbolista<\/p>\n<p>El club brasile\u00f1o Flamengo y el West Ham United alcanzaron un acuerdo para el retorno del mediocampista Lucas Paquet\u00e1 a R\u00edo de Janeiro, en lo que representa la transferencia m\u00e1s costosa en la historia del f\u00fatbol sudamericano. Seg\u00fan report\u00f3 el medio Globo, la operaci\u00f3n se cerr\u00f3 por una suma cercana a 41,25 millones de euros (255,9 millones de reales), con pagos distribuidos a lo largo de 24 meses y posibles variables adicionales.<\/p>\n<p>El traspaso de Paquet\u00e1 supera ampliamente los 27 millones de euros abonados por Cruzeiro al Zenit por Gerson, quien ostentaba hasta ahora el mayor registro en el mercado brasile\u00f1o. Con este movimiento, la entidad carioca reafirma su posici\u00f3n como l\u00edder en inversiones deportivas en la regi\u00f3n y marca un nuevo hito en las finanzas del f\u00fatbol sudamericano.<\/p>\n<p>El West Ham United oficializ\u00f3 la salida del jugador mediante un comunicado en el que se\u00f1al\u00f3: \u201cEl West Ham United puede confirmar que Lucas Paquet\u00e1 recibi\u00f3 permiso para someterse a un examen m\u00e9dico y discutir t\u00e9rminos personales con el club brasile\u00f1o Flamengo, luego de que se acord\u00f3 una tarifa para su transferencia permanente\u201d. Adem\u00e1s, el documento detall\u00f3: \u201cLucas ha dejado claro que, por motivos personales y familiares, desea regresar a su casa en Brasil y comenzar de nuevo despu\u00e9s de haber sido absuelto en julio de 2025 de los cargos de mala conducta de la FA que tardaron dos a\u00f1os en resolverse, una situaci\u00f3n que le caus\u00f3 una tensi\u00f3n mental significativa\u201d.<\/p>\n<p>El club ingl\u00e9s agreg\u00f3 en la misiva: \u201cA pesar de que el Club hizo todo lo posible para convencer a Lucas de que se quedara, este se ha mantenido firme en su deseo de marcharse. Por ello, el entrenador y el Club han accedido, a rega\u00f1adientes, a aceptar su solicitud de traspaso\u201d.<\/p>\n<p>El comunicado concluy\u00f3: \u201cWest Ham United quiere aprovechar esta oportunidad para agradecer a nuestra directiva, jugadores, personal y fieles seguidores por el apoyo inquebrantable y dedicado que han demostrado a Lucas durante su tiempo en el Club y, en particular, durante los \u00faltimos dos a\u00f1os y medio. El Club no har\u00e1 m\u00e1s comentarios en este momento\u201d.<\/p>\n<p>La incorporaci\u00f3n de Paquet\u00e1 a Flamengo se enmarca como una apuesta de alto impacto financiero y deportivo. El futbolista viajar\u00e1 este viernes a R\u00edo de Janeiro para someterse a los ex\u00e1menes m\u00e9dicos y sellar un contrato de cinco a\u00f1os con la instituci\u00f3n rojinegra, de la que surgi\u00f3 como profesional en 2016. El mediocampista retorna a Brasil tras siete a\u00f1os en el f\u00fatbol europeo, lapso en el que defendi\u00f3 los colores de AC Milan, Olympique de Lyon y West Ham United.<\/p>\n<p>Durante su etapa en Europa, Paquet\u00e1 disput\u00f3 44 partidos con el Milan y anot\u00f3 un gol, mientras que en el Lyon firm\u00f3 21 tantos en 80 encuentros. En el conjunto ingl\u00e9s, el mediocampista sum\u00f3 19 presentaciones en la actual temporada, con cinco goles y una asistencia, y fue parte del plantel que conquist\u00f3 la Conference League en 2023, el primer t\u00edtulo continental en la historia del club de Londres.<\/p>\n<p>La transferencia de Paquet\u00e1 impulsa a Flamengo a la cima de los fichajes realizados por clubes sudamericanos. El jugador desplaza a Gerson (35 millones de d\u00f3lares) y a otros nombres destacados como Vitor Roque (30 millones), Wendel y Thiago Almada (ambos 23 millones), as\u00ed como a Paulinho y Gabriel Barbosa.<\/p>\n<p>Formado en las divisiones inferiores del Flamengo, Paquet\u00e1 debut\u00f3 en el primer equipo en 2016 y se consolid\u00f3 como titular r\u00e1pidamente. En su primer ciclo con el club, conquist\u00f3 un Campeonato Carioca en 2017. Su retorno se produce en un contexto en el que el club carioca busca reforzar su plantilla y recuperar protagonismo en el plano local e internacional.<\/p>\n<p>El club espera concretar los ex\u00e1menes m\u00e9dicos y la firma contractual en las pr\u00f3ximas horas para formalizar el anuncio oficial y sumar al mediocampista a los entrenamientos.<\/p>\n<p>Los 10 jugadores m\u00e1s caros del f\u00fatbol sudamericano<\/p>\n<p>1- Lucas Paquet\u00e1 (Flamengo) USD 42 millones<\/p>\n<p>2- Gerson (Cruzeiro) USD 35 millones<\/p>\n<p>3- Vitor Roque (Palmeiras) USD 30 millones<\/p>\n<p>4- Wendel (Botafogo) USD 23 millones<\/p>\n<p>5- Thiago Almada (Botafogo) USD 23 millones<\/p>\n<p>6- Paulinho (Palmeiras) USD 21 millones<\/p>\n<p>7- Carlos Alcaraz (Flamengo) USD 21 millones<\/p>\n<p>8- Gabriel Barbosa (Flamengo) USD 20 millones<\/p>\n<p>9- Luiz Henrique (Botafogo) USD 19 millones<\/p>\n<p>10- Gerson (Flamengo) USD 17 millones<\/p>\n<p>&nbsp;<\/p>\n","protected":false},"excerpt":{"rendered":"<p>&#8220;De la historia del f\u00fatbol Sudamericano&#8221; El club brasile\u00f1o y el West Ham de Inglaterra llegaron a un acuerdo por el futbolista El club brasile\u00f1o Flamengo y el West Ham United alcanzaron un acuerdo para el retorno del mediocampista Lucas Paquet\u00e1 a R\u00edo de Janeiro, en lo que representa la transferencia m\u00e1s costosa en la [&hellip;]<\/p>\n","protected":false},"author":4,"featured_media":203791,"comment_status":"open","ping_status":"open","sticky":false,"template":"","format":"standard","meta":{"_joinchat":[],"footnotes":""},"categories":[28],"tags":[],"class_list":{"0":"post-203790","1":"post","2":"type-post","3":"status-publish","4":"format-standard","5":"has-post-thumbnail","7":"category-deportes"},"yoast_head":"<!-- This site is optimized with the Yoast SEO plugin v27.2 - https:\/\/yoast.com\/product\/yoast-seo-wordpress\/ -->\n<title>Flamengo rompi\u00f3 el mercado y concret\u00f3 el fichaje m\u00e1s caro - Radio Infinita Goya<\/title>\n<meta name=\"description\" content=\"&quot;De la historia del f\u00fatbol Sudamericano&quot; El club brasile\u00f1o y el West Ham de Inglaterra llegaron a un acuerdo por el futbolista El club brasile\u00f1o Flamengo\" \/>\n<meta name=\"robots\" content=\"index, follow, max-snippet:-1, max-image-preview:large, max-video-preview:-1\" \/>\n<link rel=\"canonical\" href=\"https:\/\/radioinfinitagoya.com.ar\/v1\/2026\/01\/29\/flamengo-rompio-el-mercado-y-concreto-el-fichaje-mas-caro\/\" \/>\n<meta property=\"og:locale\" content=\"es_ES\" \/>\n<meta property=\"og:type\" content=\"article\" \/>\n<meta property=\"og:title\" content=\"Flamengo rompi\u00f3 el mercado y concret\u00f3 el fichaje m\u00e1s caro - Radio Infinita Goya\" \/>\n<meta property=\"og:description\" content=\"&quot;De la historia del f\u00fatbol Sudamericano&quot; El club brasile\u00f1o y el West Ham de Inglaterra llegaron a un acuerdo por el futbolista El club brasile\u00f1o Flamengo\" \/>\n<meta property=\"og:url\" content=\"https:\/\/radioinfinitagoya.com.ar\/v1\/2026\/01\/29\/flamengo-rompio-el-mercado-y-concreto-el-fichaje-mas-caro\/\" \/>\n<meta property=\"og:site_name\" content=\"Radio Infinita Goya\" \/>\n<meta property=\"article:publisher\" content=\"https:\/\/www.facebook.com\/p\/Infinita-Goya-100063870918311\/\" \/>\n<meta property=\"article:published_time\" content=\"2026-01-29T20:58:09+00:00\" \/>\n<meta property=\"og:image\" content=\"https:\/\/radioinfinitagoya.com.ar\/v1\/wp-content\/uploads\/2026\/01\/1A.jpg\" \/>\n\t<meta property=\"og:image:width\" content=\"947\" \/>\n\t<meta property=\"og:image:height\" content=\"615\" \/>\n\t<meta property=\"og:image:type\" content=\"image\/jpeg\" \/>\n<meta name=\"author\" content=\"Jorge Mi\u00f1o\" \/>\n<meta name=\"twitter:card\" content=\"summary_large_image\" \/>\n<meta name=\"twitter:label1\" content=\"Escrito por\" \/>\n\t<meta name=\"twitter:data1\" content=\"Jorge Mi\u00f1o\" \/>\n\t<meta name=\"twitter:label2\" content=\"Tiempo de lectura\" \/>\n\t<meta name=\"twitter:data2\" content=\"4 minutos\" \/>\n<script type=\"application\/ld+json\" class=\"yoast-schema-graph\">{\"@context\":\"https:\/\/schema.org\",\"@graph\":[{\"@type\":\"Article\",\"@id\":\"https:\/\/radioinfinitagoya.com.ar\/v1\/2026\/01\/29\/flamengo-rompio-el-mercado-y-concreto-el-fichaje-mas-caro\/#article\",\"isPartOf\":{\"@id\":\"https:\/\/radioinfinitagoya.com.ar\/v1\/2026\/01\/29\/flamengo-rompio-el-mercado-y-concreto-el-fichaje-mas-caro\/\"},\"author\":{\"name\":\"Jorge Mi\u00f1o\",\"@id\":\"https:\/\/radioinfinitagoya.com.ar\/v1\/#\/schema\/person\/d4cf9c413d4f6edb24aabdccab49ca4a\"},\"headline\":\"Flamengo rompi\u00f3 el mercado y concret\u00f3 el fichaje m\u00e1s caro\",\"datePublished\":\"2026-01-29T20:58:09+00:00\",\"mainEntityOfPage\":{\"@id\":\"https:\/\/radioinfinitagoya.com.ar\/v1\/2026\/01\/29\/flamengo-rompio-el-mercado-y-concreto-el-fichaje-mas-caro\/\"},\"wordCount\":758,\"commentCount\":0,\"publisher\":{\"@id\":\"https:\/\/radioinfinitagoya.com.ar\/v1\/#organization\"},\"image\":{\"@id\":\"https:\/\/radioinfinitagoya.com.ar\/v1\/2026\/01\/29\/flamengo-rompio-el-mercado-y-concreto-el-fichaje-mas-caro\/#primaryimage\"},\"thumbnailUrl\":\"https:\/\/radioinfinitagoya.com.ar\/v1\/wp-content\/uploads\/2026\/01\/1A.jpg\",\"articleSection\":[\"DEPORTES\"],\"inLanguage\":\"es-AR\",\"potentialAction\":[{\"@type\":\"CommentAction\",\"name\":\"Comment\",\"target\":[\"https:\/\/radioinfinitagoya.com.ar\/v1\/2026\/01\/29\/flamengo-rompio-el-mercado-y-concreto-el-fichaje-mas-caro\/#respond\"]}]},{\"@type\":\"WebPage\",\"@id\":\"https:\/\/radioinfinitagoya.com.ar\/v1\/2026\/01\/29\/flamengo-rompio-el-mercado-y-concreto-el-fichaje-mas-caro\/\",\"url\":\"https:\/\/radioinfinitagoya.com.ar\/v1\/2026\/01\/29\/flamengo-rompio-el-mercado-y-concreto-el-fichaje-mas-caro\/\",\"name\":\"Flamengo rompi\u00f3 el mercado y concret\u00f3 el fichaje m\u00e1s caro - Radio Infinita Goya\",\"isPartOf\":{\"@id\":\"https:\/\/radioinfinitagoya.com.ar\/v1\/#website\"},\"primaryImageOfPage\":{\"@id\":\"https:\/\/radioinfinitagoya.com.ar\/v1\/2026\/01\/29\/flamengo-rompio-el-mercado-y-concreto-el-fichaje-mas-caro\/#primaryimage\"},\"image\":{\"@id\":\"https:\/\/radioinfinitagoya.com.ar\/v1\/2026\/01\/29\/flamengo-rompio-el-mercado-y-concreto-el-fichaje-mas-caro\/#primaryimage\"},\"thumbnailUrl\":\"https:\/\/radioinfinitagoya.com.ar\/v1\/wp-content\/uploads\/2026\/01\/1A.jpg\",\"datePublished\":\"2026-01-29T20:58:09+00:00\",\"description\":\"\\\"De la historia del f\u00fatbol Sudamericano\\\" El club brasile\u00f1o y el West Ham de Inglaterra llegaron a un acuerdo por el futbolista El club brasile\u00f1o Flamengo\",\"breadcrumb\":{\"@id\":\"https:\/\/radioinfinitagoya.com.ar\/v1\/2026\/01\/29\/flamengo-rompio-el-mercado-y-concreto-el-fichaje-mas-caro\/#breadcrumb\"},\"inLanguage\":\"es-AR\",\"potentialAction\":[{\"@type\":\"ReadAction\",\"target\":[\"https:\/\/radioinfinitagoya.com.ar\/v1\/2026\/01\/29\/flamengo-rompio-el-mercado-y-concreto-el-fichaje-mas-caro\/\"]}]},{\"@type\":\"ImageObject\",\"inLanguage\":\"es-AR\",\"@id\":\"https:\/\/radioinfinitagoya.com.ar\/v1\/2026\/01\/29\/flamengo-rompio-el-mercado-y-concreto-el-fichaje-mas-caro\/#primaryimage\",\"url\":\"https:\/\/radioinfinitagoya.com.ar\/v1\/wp-content\/uploads\/2026\/01\/1A.jpg\",\"contentUrl\":\"https:\/\/radioinfinitagoya.com.ar\/v1\/wp-content\/uploads\/2026\/01\/1A.jpg\",\"width\":947,\"height\":615},{\"@type\":\"BreadcrumbList\",\"@id\":\"https:\/\/radioinfinitagoya.com.ar\/v1\/2026\/01\/29\/flamengo-rompio-el-mercado-y-concreto-el-fichaje-mas-caro\/#breadcrumb\",\"itemListElement\":[{\"@type\":\"ListItem\",\"position\":1,\"name\":\"Inicio\",\"item\":\"https:\/\/radioinfinitagoya.com.ar\/v1\/\"},{\"@type\":\"ListItem\",\"position\":2,\"name\":\"Flamengo rompi\u00f3 el mercado y concret\u00f3 el fichaje m\u00e1s caro\"}]},{\"@type\":\"WebSite\",\"@id\":\"https:\/\/radioinfinitagoya.com.ar\/v1\/#website\",\"url\":\"https:\/\/radioinfinitagoya.com.ar\/v1\/\",\"name\":\"radioinfinitagoya.com.ar\",\"description\":\"Radio de noticias\",\"publisher\":{\"@id\":\"https:\/\/radioinfinitagoya.com.ar\/v1\/#organization\"},\"potentialAction\":[{\"@type\":\"SearchAction\",\"target\":{\"@type\":\"EntryPoint\",\"urlTemplate\":\"https:\/\/radioinfinitagoya.com.ar\/v1\/?s={search_term_string}\"},\"query-input\":{\"@type\":\"PropertyValueSpecification\",\"valueRequired\":true,\"valueName\":\"search_term_string\"}}],\"inLanguage\":\"es-AR\"},{\"@type\":\"Organization\",\"@id\":\"https:\/\/radioinfinitagoya.com.ar\/v1\/#organization\",\"name\":\"Radio Infinita Goya\",\"url\":\"https:\/\/radioinfinitagoya.com.ar\/v1\/\",\"logo\":{\"@type\":\"ImageObject\",\"inLanguage\":\"es-AR\",\"@id\":\"https:\/\/radioinfinitagoya.com.ar\/v1\/#\/schema\/logo\/image\/\",\"url\":\"https:\/\/radioinfinitagoya.com.ar\/v1\/wp-content\/uploads\/2019\/11\/logo-pie-web.png\",\"contentUrl\":\"https:\/\/radioinfinitagoya.com.ar\/v1\/wp-content\/uploads\/2019\/11\/logo-pie-web.png\",\"width\":635,\"height\":326,\"caption\":\"Radio Infinita Goya\"},\"image\":{\"@id\":\"https:\/\/radioinfinitagoya.com.ar\/v1\/#\/schema\/logo\/image\/\"},\"sameAs\":[\"https:\/\/www.facebook.com\/p\/Infinita-Goya-100063870918311\/\"]},{\"@type\":\"Person\",\"@id\":\"https:\/\/radioinfinitagoya.com.ar\/v1\/#\/schema\/person\/d4cf9c413d4f6edb24aabdccab49ca4a\",\"name\":\"Jorge Mi\u00f1o\",\"image\":{\"@type\":\"ImageObject\",\"inLanguage\":\"es-AR\",\"@id\":\"https:\/\/secure.gravatar.com\/avatar\/910fcf6728fe95320e07a6643c1581fec1c7fc4bf8ae12e3d8f0d0373dc844be?s=96&d=mm&r=g\",\"url\":\"https:\/\/secure.gravatar.com\/avatar\/910fcf6728fe95320e07a6643c1581fec1c7fc4bf8ae12e3d8f0d0373dc844be?s=96&d=mm&r=g\",\"contentUrl\":\"https:\/\/secure.gravatar.com\/avatar\/910fcf6728fe95320e07a6643c1581fec1c7fc4bf8ae12e3d8f0d0373dc844be?s=96&d=mm&r=g\",\"caption\":\"Jorge Mi\u00f1o\"},\"sameAs\":[\"http:\/\/radioinfinitagoya.com.ar\"]}]}<\/script>\n<!-- \/ Yoast SEO plugin. -->","yoast_head_json":{"title":"Flamengo rompi\u00f3 el mercado y concret\u00f3 el fichaje m\u00e1s caro - Radio Infinita Goya","description":"\"De la historia del f\u00fatbol Sudamericano\" El club brasile\u00f1o y el West Ham de Inglaterra llegaron a un acuerdo por el futbolista El club brasile\u00f1o Flamengo","robots":{"index":"index","follow":"follow","max-snippet":"max-snippet:-1","max-image-preview":"max-image-preview:large","max-video-preview":"max-video-preview:-1"},"canonical":"https:\/\/radioinfinitagoya.com.ar\/v1\/2026\/01\/29\/flamengo-rompio-el-mercado-y-concreto-el-fichaje-mas-caro\/","og_locale":"es_ES","og_type":"article","og_title":"Flamengo rompi\u00f3 el mercado y concret\u00f3 el fichaje m\u00e1s caro - Radio Infinita Goya","og_description":"\"De la historia del f\u00fatbol Sudamericano\" El club brasile\u00f1o y el West Ham de Inglaterra llegaron a un acuerdo por el futbolista El club brasile\u00f1o Flamengo","og_url":"https:\/\/radioinfinitagoya.com.ar\/v1\/2026\/01\/29\/flamengo-rompio-el-mercado-y-concreto-el-fichaje-mas-caro\/","og_site_name":"Radio Infinita Goya","article_publisher":"https:\/\/www.facebook.com\/p\/Infinita-Goya-100063870918311\/","article_published_time":"2026-01-29T20:58:09+00:00","og_image":[{"width":947,"height":615,"url":"https:\/\/radioinfinitagoya.com.ar\/v1\/wp-content\/uploads\/2026\/01\/1A.jpg","type":"image\/jpeg"}],"author":"Jorge Mi\u00f1o","twitter_card":"summary_large_image","twitter_misc":{"Escrito por":"Jorge Mi\u00f1o","Tiempo de lectura":"4 minutos"},"schema":{"@context":"https:\/\/schema.org","@graph":[{"@type":"Article","@id":"https:\/\/radioinfinitagoya.com.ar\/v1\/2026\/01\/29\/flamengo-rompio-el-mercado-y-concreto-el-fichaje-mas-caro\/#article","isPartOf":{"@id":"https:\/\/radioinfinitagoya.com.ar\/v1\/2026\/01\/29\/flamengo-rompio-el-mercado-y-concreto-el-fichaje-mas-caro\/"},"author":{"name":"Jorge Mi\u00f1o","@id":"https:\/\/radioinfinitagoya.com.ar\/v1\/#\/schema\/person\/d4cf9c413d4f6edb24aabdccab49ca4a"},"headline":"Flamengo rompi\u00f3 el mercado y concret\u00f3 el fichaje m\u00e1s caro","datePublished":"2026-01-29T20:58:09+00:00","mainEntityOfPage":{"@id":"https:\/\/radioinfinitagoya.com.ar\/v1\/2026\/01\/29\/flamengo-rompio-el-mercado-y-concreto-el-fichaje-mas-caro\/"},"wordCount":758,"commentCount":0,"publisher":{"@id":"https:\/\/radioinfinitagoya.com.ar\/v1\/#organization"},"image":{"@id":"https:\/\/radioinfinitagoya.com.ar\/v1\/2026\/01\/29\/flamengo-rompio-el-mercado-y-concreto-el-fichaje-mas-caro\/#primaryimage"},"thumbnailUrl":"https:\/\/radioinfinitagoya.com.ar\/v1\/wp-content\/uploads\/2026\/01\/1A.jpg","articleSection":["DEPORTES"],"inLanguage":"es-AR","potentialAction":[{"@type":"CommentAction","name":"Comment","target":["https:\/\/radioinfinitagoya.com.ar\/v1\/2026\/01\/29\/flamengo-rompio-el-mercado-y-concreto-el-fichaje-mas-caro\/#respond"]}]},{"@type":"WebPage","@id":"https:\/\/radioinfinitagoya.com.ar\/v1\/2026\/01\/29\/flamengo-rompio-el-mercado-y-concreto-el-fichaje-mas-caro\/","url":"https:\/\/radioinfinitagoya.com.ar\/v1\/2026\/01\/29\/flamengo-rompio-el-mercado-y-concreto-el-fichaje-mas-caro\/","name":"Flamengo rompi\u00f3 el mercado y concret\u00f3 el fichaje m\u00e1s caro - Radio Infinita Goya","isPartOf":{"@id":"https:\/\/radioinfinitagoya.com.ar\/v1\/#website"},"primaryImageOfPage":{"@id":"https:\/\/radioinfinitagoya.com.ar\/v1\/2026\/01\/29\/flamengo-rompio-el-mercado-y-concreto-el-fichaje-mas-caro\/#primaryimage"},"image":{"@id":"https:\/\/radioinfinitagoya.com.ar\/v1\/2026\/01\/29\/flamengo-rompio-el-mercado-y-concreto-el-fichaje-mas-caro\/#primaryimage"},"thumbnailUrl":"https:\/\/radioinfinitagoya.com.ar\/v1\/wp-content\/uploads\/2026\/01\/1A.jpg","datePublished":"2026-01-29T20:58:09+00:00","description":"\"De la historia del f\u00fatbol Sudamericano\" El club brasile\u00f1o y el West Ham de Inglaterra llegaron a un acuerdo por el futbolista El club brasile\u00f1o Flamengo","breadcrumb":{"@id":"https:\/\/radioinfinitagoya.com.ar\/v1\/2026\/01\/29\/flamengo-rompio-el-mercado-y-concreto-el-fichaje-mas-caro\/#breadcrumb"},"inLanguage":"es-AR","potentialAction":[{"@type":"ReadAction","target":["https:\/\/radioinfinitagoya.com.ar\/v1\/2026\/01\/29\/flamengo-rompio-el-mercado-y-concreto-el-fichaje-mas-caro\/"]}]},{"@type":"ImageObject","inLanguage":"es-AR","@id":"https:\/\/radioinfinitagoya.com.ar\/v1\/2026\/01\/29\/flamengo-rompio-el-mercado-y-concreto-el-fichaje-mas-caro\/#primaryimage","url":"https:\/\/radioinfinitagoya.com.ar\/v1\/wp-content\/uploads\/2026\/01\/1A.jpg","contentUrl":"https:\/\/radioinfinitagoya.com.ar\/v1\/wp-content\/uploads\/2026\/01\/1A.jpg","width":947,"height":615},{"@type":"BreadcrumbList","@id":"https:\/\/radioinfinitagoya.com.ar\/v1\/2026\/01\/29\/flamengo-rompio-el-mercado-y-concreto-el-fichaje-mas-caro\/#breadcrumb","itemListElement":[{"@type":"ListItem","position":1,"name":"Inicio","item":"https:\/\/radioinfinitagoya.com.ar\/v1\/"},{"@type":"ListItem","position":2,"name":"Flamengo rompi\u00f3 el mercado y concret\u00f3 el fichaje m\u00e1s caro"}]},{"@type":"WebSite","@id":"https:\/\/radioinfinitagoya.com.ar\/v1\/#website","url":"https:\/\/radioinfinitagoya.com.ar\/v1\/","name":"radioinfinitagoya.com.ar","description":"Radio de noticias","publisher":{"@id":"https:\/\/radioinfinitagoya.com.ar\/v1\/#organization"},"potentialAction":[{"@type":"SearchAction","target":{"@type":"EntryPoint","urlTemplate":"https:\/\/radioinfinitagoya.com.ar\/v1\/?s={search_term_string}"},"query-input":{"@type":"PropertyValueSpecification","valueRequired":true,"valueName":"search_term_string"}}],"inLanguage":"es-AR"},{"@type":"Organization","@id":"https:\/\/radioinfinitagoya.com.ar\/v1\/#organization","name":"Radio Infinita Goya","url":"https:\/\/radioinfinitagoya.com.ar\/v1\/","logo":{"@type":"ImageObject","inLanguage":"es-AR","@id":"https:\/\/radioinfinitagoya.com.ar\/v1\/#\/schema\/logo\/image\/","url":"https:\/\/radioinfinitagoya.com.ar\/v1\/wp-content\/uploads\/2019\/11\/logo-pie-web.png","contentUrl":"https:\/\/radioinfinitagoya.com.ar\/v1\/wp-content\/uploads\/2019\/11\/logo-pie-web.png","width":635,"height":326,"caption":"Radio Infinita Goya"},"image":{"@id":"https:\/\/radioinfinitagoya.com.ar\/v1\/#\/schema\/logo\/image\/"},"sameAs":["https:\/\/www.facebook.com\/p\/Infinita-Goya-100063870918311\/"]},{"@type":"Person","@id":"https:\/\/radioinfinitagoya.com.ar\/v1\/#\/schema\/person\/d4cf9c413d4f6edb24aabdccab49ca4a","name":"Jorge Mi\u00f1o","image":{"@type":"ImageObject","inLanguage":"es-AR","@id":"https:\/\/secure.gravatar.com\/avatar\/910fcf6728fe95320e07a6643c1581fec1c7fc4bf8ae12e3d8f0d0373dc844be?s=96&d=mm&r=g","url":"https:\/\/secure.gravatar.com\/avatar\/910fcf6728fe95320e07a6643c1581fec1c7fc4bf8ae12e3d8f0d0373dc844be?s=96&d=mm&r=g","contentUrl":"https:\/\/secure.gravatar.com\/avatar\/910fcf6728fe95320e07a6643c1581fec1c7fc4bf8ae12e3d8f0d0373dc844be?s=96&d=mm&r=g","caption":"Jorge Mi\u00f1o"},"sameAs":["http:\/\/radioinfinitagoya.com.ar"]}]}},"_links":{"self":[{"href":"https:\/\/radioinfinitagoya.com.ar\/v1\/wp-json\/wp\/v2\/posts\/203790","targetHints":{"allow":["GET"]}}],"collection":[{"href":"https:\/\/radioinfinitagoya.com.ar\/v1\/wp-json\/wp\/v2\/posts"}],"about":[{"href":"https:\/\/radioinfinitagoya.com.ar\/v1\/wp-json\/wp\/v2\/types\/post"}],"author":[{"embeddable":true,"href":"https:\/\/radioinfinitagoya.com.ar\/v1\/wp-json\/wp\/v2\/users\/4"}],"replies":[{"embeddable":true,"href":"https:\/\/radioinfinitagoya.com.ar\/v1\/wp-json\/wp\/v2\/comments?post=203790"}],"version-history":[{"count":0,"href":"https:\/\/radioinfinitagoya.com.ar\/v1\/wp-json\/wp\/v2\/posts\/203790\/revisions"}],"wp:featuredmedia":[{"embeddable":true,"href":"https:\/\/radioinfinitagoya.com.ar\/v1\/wp-json\/wp\/v2\/media\/203791"}],"wp:attachment":[{"href":"https:\/\/radioinfinitagoya.com.ar\/v1\/wp-json\/wp\/v2\/media?parent=203790"}],"wp:term":[{"taxonomy":"category","embeddable":true,"href":"https:\/\/radioinfinitagoya.com.ar\/v1\/wp-json\/wp\/v2\/categories?post=203790"},{"taxonomy":"post_tag","embeddable":true,"href":"https:\/\/radioinfinitagoya.com.ar\/v1\/wp-json\/wp\/v2\/tags?post=203790"}],"curies":[{"name":"wp","href":"https:\/\/api.w.org\/{rel}","templated":true}]}}