{"id":203793,"date":"2026-01-29T18:01:43","date_gmt":"2026-01-29T21:01:43","guid":{"rendered":"https:\/\/radioinfinitagoya.com.ar\/v1\/?p=203793"},"modified":"2026-01-29T18:01:43","modified_gmt":"2026-01-29T21:01:43","slug":"el-nuevo-boca-unidos-puso-en-marcha-la-pretemporada","status":"publish","type":"post","link":"https:\/\/radioinfinitagoya.com.ar\/v1\/2026\/01\/29\/el-nuevo-boca-unidos-puso-en-marcha-la-pretemporada\/","title":{"rendered":"El nuevo Boca Unidos puso en marcha la pretemporada"},"content":{"rendered":"<p>En la ma\u00f1ana de este jueves Boca Unidos inici\u00f3 formalmente los trabajos de pretemporada para la campa\u00f1a 2026 del Torneo Federal &#8220;A&#8221; de F\u00fatbol, que dar\u00e1 inicio en el mes de marzo, y en el cual el elenco correntino tendr\u00e1 como objetivo recuperar el protagonismo perdido en los \u00faltimos a\u00f1os donde tuvo que pelear por la permanencia en la categor\u00eda.<\/p>\n<p>Este nuevo proceso que renueva las esperanzas del club &#8220;aurirrojo&#8221; tuvo su punto de partida este jueves en el predio &#8220;Leoncio Ben\u00edtez&#8221; donde el renovado plantel comenz\u00f3 con la pretemporada baj\u00f3 las ordenes del flamente t\u00e9cnico Lucas Batistuta. Recordemos que este nuevo proyecto, gerenciado por un grupo de empresarios correntinos estar\u00e1 a cargo del f\u00fatbol profesional de la instituci\u00f3n del barrio 17 de Agosto por los pr\u00f3ximos dos a\u00f1os.<\/p>\n<p>En cuanto a los refuerzos que llegaron para esta temporada, son: el delantero Cristian Ch\u00e1vez (llega desde Midland), el arquero Luis Ojeda (Uni\u00f3n Central Tarija), el volante Mart\u00edn Ojeda (Olimpo), el volante Sa\u00fal Abecasis (Sol de Am\u00e9rica), el extremo izquierdo Gustavo Mbombaj (Cipolletti), el zaguero central Pablo Moreyra (Argentino de Monte Ma\u00edz), el lateral derecho Bryan Mendoza (Noah, de Armenia), el juvenil mediocampista Lautaro Ludue\u00f1a (Aldosivi), el arquero Federico Quijano (Sol de Am\u00e9rica) y el marcador Juli\u00e1n Fuyana (Atl\u00e9tico Rafaela).<\/p>\n<p>Por su parte los jugadores que seguir\u00e1n formando parte del plantel &#8220;aurirrojo&#8221; son: Diego S\u00e1nchez Paredes, \u00c1ngel Piz, Leandro G\u00f3mez, Alejandro Leani, y Ataliva Schweizer. El nuevo entrenador Lucas Batistuta, esta acompa\u00f1ado por Jos\u00e9 Villarruel como ayudante de campo y Hugo D\u00edaz como preparador f\u00edsico. En tanto que Jos\u00e9 Chamot es el director deportivo y Alberto Boggio es el responsable de las divisiones formativas.<\/p>\n","protected":false},"excerpt":{"rendered":"<p>En la ma\u00f1ana de este jueves Boca Unidos inici\u00f3 formalmente los trabajos de pretemporada para la campa\u00f1a 2026 del Torneo Federal &#8220;A&#8221; de F\u00fatbol, que dar\u00e1 inicio en el mes de marzo, y en el cual el elenco correntino tendr\u00e1 como objetivo recuperar el protagonismo perdido en los \u00faltimos a\u00f1os donde tuvo que pelear por [&hellip;]<\/p>\n","protected":false},"author":4,"featured_media":203794,"comment_status":"open","ping_status":"open","sticky":false,"template":"","format":"standard","meta":{"_joinchat":[],"footnotes":""},"categories":[28],"tags":[],"class_list":{"0":"post-203793","1":"post","2":"type-post","3":"status-publish","4":"format-standard","5":"has-post-thumbnail","7":"category-deportes"},"yoast_head":"<!-- This site is optimized with the Yoast SEO plugin v27.2 - https:\/\/yoast.com\/product\/yoast-seo-wordpress\/ -->\n<title>El nuevo Boca Unidos puso en marcha la pretemporada - Radio Infinita Goya<\/title>\n<meta name=\"description\" content=\"En la ma\u00f1ana de este jueves Boca Unidos inici\u00f3 formalmente los trabajos de pretemporada para la campa\u00f1a 2026 del Torneo Federal &quot;A&quot; de F\u00fatbol, que dar\u00e1\" \/>\n<meta name=\"robots\" content=\"index, follow, max-snippet:-1, max-image-preview:large, max-video-preview:-1\" \/>\n<link rel=\"canonical\" href=\"https:\/\/radioinfinitagoya.com.ar\/v1\/2026\/01\/29\/el-nuevo-boca-unidos-puso-en-marcha-la-pretemporada\/\" \/>\n<meta property=\"og:locale\" content=\"es_ES\" \/>\n<meta property=\"og:type\" content=\"article\" \/>\n<meta property=\"og:title\" content=\"El nuevo Boca Unidos puso en marcha la pretemporada - Radio Infinita Goya\" \/>\n<meta property=\"og:description\" content=\"En la ma\u00f1ana de este jueves Boca Unidos inici\u00f3 formalmente los trabajos de pretemporada para la campa\u00f1a 2026 del Torneo Federal &quot;A&quot; de F\u00fatbol, que dar\u00e1\" \/>\n<meta property=\"og:url\" content=\"https:\/\/radioinfinitagoya.com.ar\/v1\/2026\/01\/29\/el-nuevo-boca-unidos-puso-en-marcha-la-pretemporada\/\" \/>\n<meta property=\"og:site_name\" content=\"Radio Infinita Goya\" \/>\n<meta property=\"article:publisher\" content=\"https:\/\/www.facebook.com\/p\/Infinita-Goya-100063870918311\/\" \/>\n<meta property=\"article:published_time\" content=\"2026-01-29T21:01:43+00:00\" \/>\n<meta property=\"og:image\" content=\"https:\/\/radioinfinitagoya.com.ar\/v1\/wp-content\/uploads\/2026\/01\/2A.jpg\" \/>\n\t<meta property=\"og:image:width\" content=\"1080\" \/>\n\t<meta property=\"og:image:height\" content=\"900\" \/>\n\t<meta property=\"og:image:type\" content=\"image\/jpeg\" \/>\n<meta name=\"author\" content=\"Jorge Mi\u00f1o\" \/>\n<meta name=\"twitter:card\" content=\"summary_large_image\" \/>\n<meta name=\"twitter:label1\" content=\"Escrito por\" \/>\n\t<meta name=\"twitter:data1\" content=\"Jorge Mi\u00f1o\" \/>\n\t<meta name=\"twitter:label2\" content=\"Tiempo de lectura\" \/>\n\t<meta name=\"twitter:data2\" content=\"1 minuto\" \/>\n<script type=\"application\/ld+json\" class=\"yoast-schema-graph\">{\"@context\":\"https:\/\/schema.org\",\"@graph\":[{\"@type\":\"Article\",\"@id\":\"https:\/\/radioinfinitagoya.com.ar\/v1\/2026\/01\/29\/el-nuevo-boca-unidos-puso-en-marcha-la-pretemporada\/#article\",\"isPartOf\":{\"@id\":\"https:\/\/radioinfinitagoya.com.ar\/v1\/2026\/01\/29\/el-nuevo-boca-unidos-puso-en-marcha-la-pretemporada\/\"},\"author\":{\"name\":\"Jorge Mi\u00f1o\",\"@id\":\"https:\/\/radioinfinitagoya.com.ar\/v1\/#\/schema\/person\/d4cf9c413d4f6edb24aabdccab49ca4a\"},\"headline\":\"El nuevo Boca Unidos puso en marcha la pretemporada\",\"datePublished\":\"2026-01-29T21:01:43+00:00\",\"mainEntityOfPage\":{\"@id\":\"https:\/\/radioinfinitagoya.com.ar\/v1\/2026\/01\/29\/el-nuevo-boca-unidos-puso-en-marcha-la-pretemporada\/\"},\"wordCount\":307,\"commentCount\":0,\"publisher\":{\"@id\":\"https:\/\/radioinfinitagoya.com.ar\/v1\/#organization\"},\"image\":{\"@id\":\"https:\/\/radioinfinitagoya.com.ar\/v1\/2026\/01\/29\/el-nuevo-boca-unidos-puso-en-marcha-la-pretemporada\/#primaryimage\"},\"thumbnailUrl\":\"https:\/\/radioinfinitagoya.com.ar\/v1\/wp-content\/uploads\/2026\/01\/2A.jpg\",\"articleSection\":[\"DEPORTES\"],\"inLanguage\":\"es-AR\",\"potentialAction\":[{\"@type\":\"CommentAction\",\"name\":\"Comment\",\"target\":[\"https:\/\/radioinfinitagoya.com.ar\/v1\/2026\/01\/29\/el-nuevo-boca-unidos-puso-en-marcha-la-pretemporada\/#respond\"]}]},{\"@type\":\"WebPage\",\"@id\":\"https:\/\/radioinfinitagoya.com.ar\/v1\/2026\/01\/29\/el-nuevo-boca-unidos-puso-en-marcha-la-pretemporada\/\",\"url\":\"https:\/\/radioinfinitagoya.com.ar\/v1\/2026\/01\/29\/el-nuevo-boca-unidos-puso-en-marcha-la-pretemporada\/\",\"name\":\"El nuevo Boca Unidos puso en marcha la pretemporada - Radio Infinita Goya\",\"isPartOf\":{\"@id\":\"https:\/\/radioinfinitagoya.com.ar\/v1\/#website\"},\"primaryImageOfPage\":{\"@id\":\"https:\/\/radioinfinitagoya.com.ar\/v1\/2026\/01\/29\/el-nuevo-boca-unidos-puso-en-marcha-la-pretemporada\/#primaryimage\"},\"image\":{\"@id\":\"https:\/\/radioinfinitagoya.com.ar\/v1\/2026\/01\/29\/el-nuevo-boca-unidos-puso-en-marcha-la-pretemporada\/#primaryimage\"},\"thumbnailUrl\":\"https:\/\/radioinfinitagoya.com.ar\/v1\/wp-content\/uploads\/2026\/01\/2A.jpg\",\"datePublished\":\"2026-01-29T21:01:43+00:00\",\"description\":\"En la ma\u00f1ana de este jueves Boca Unidos inici\u00f3 formalmente los trabajos de pretemporada para la campa\u00f1a 2026 del Torneo Federal \\\"A\\\" de F\u00fatbol, que dar\u00e1\",\"breadcrumb\":{\"@id\":\"https:\/\/radioinfinitagoya.com.ar\/v1\/2026\/01\/29\/el-nuevo-boca-unidos-puso-en-marcha-la-pretemporada\/#breadcrumb\"},\"inLanguage\":\"es-AR\",\"potentialAction\":[{\"@type\":\"ReadAction\",\"target\":[\"https:\/\/radioinfinitagoya.com.ar\/v1\/2026\/01\/29\/el-nuevo-boca-unidos-puso-en-marcha-la-pretemporada\/\"]}]},{\"@type\":\"ImageObject\",\"inLanguage\":\"es-AR\",\"@id\":\"https:\/\/radioinfinitagoya.com.ar\/v1\/2026\/01\/29\/el-nuevo-boca-unidos-puso-en-marcha-la-pretemporada\/#primaryimage\",\"url\":\"https:\/\/radioinfinitagoya.com.ar\/v1\/wp-content\/uploads\/2026\/01\/2A.jpg\",\"contentUrl\":\"https:\/\/radioinfinitagoya.com.ar\/v1\/wp-content\/uploads\/2026\/01\/2A.jpg\",\"width\":1080,\"height\":900},{\"@type\":\"BreadcrumbList\",\"@id\":\"https:\/\/radioinfinitagoya.com.ar\/v1\/2026\/01\/29\/el-nuevo-boca-unidos-puso-en-marcha-la-pretemporada\/#breadcrumb\",\"itemListElement\":[{\"@type\":\"ListItem\",\"position\":1,\"name\":\"Inicio\",\"item\":\"https:\/\/radioinfinitagoya.com.ar\/v1\/\"},{\"@type\":\"ListItem\",\"position\":2,\"name\":\"El nuevo Boca Unidos puso en marcha la pretemporada\"}]},{\"@type\":\"WebSite\",\"@id\":\"https:\/\/radioinfinitagoya.com.ar\/v1\/#website\",\"url\":\"https:\/\/radioinfinitagoya.com.ar\/v1\/\",\"name\":\"radioinfinitagoya.com.ar\",\"description\":\"Radio de noticias\",\"publisher\":{\"@id\":\"https:\/\/radioinfinitagoya.com.ar\/v1\/#organization\"},\"potentialAction\":[{\"@type\":\"SearchAction\",\"target\":{\"@type\":\"EntryPoint\",\"urlTemplate\":\"https:\/\/radioinfinitagoya.com.ar\/v1\/?s={search_term_string}\"},\"query-input\":{\"@type\":\"PropertyValueSpecification\",\"valueRequired\":true,\"valueName\":\"search_term_string\"}}],\"inLanguage\":\"es-AR\"},{\"@type\":\"Organization\",\"@id\":\"https:\/\/radioinfinitagoya.com.ar\/v1\/#organization\",\"name\":\"Radio Infinita Goya\",\"url\":\"https:\/\/radioinfinitagoya.com.ar\/v1\/\",\"logo\":{\"@type\":\"ImageObject\",\"inLanguage\":\"es-AR\",\"@id\":\"https:\/\/radioinfinitagoya.com.ar\/v1\/#\/schema\/logo\/image\/\",\"url\":\"https:\/\/radioinfinitagoya.com.ar\/v1\/wp-content\/uploads\/2019\/11\/logo-pie-web.png\",\"contentUrl\":\"https:\/\/radioinfinitagoya.com.ar\/v1\/wp-content\/uploads\/2019\/11\/logo-pie-web.png\",\"width\":635,\"height\":326,\"caption\":\"Radio Infinita Goya\"},\"image\":{\"@id\":\"https:\/\/radioinfinitagoya.com.ar\/v1\/#\/schema\/logo\/image\/\"},\"sameAs\":[\"https:\/\/www.facebook.com\/p\/Infinita-Goya-100063870918311\/\"]},{\"@type\":\"Person\",\"@id\":\"https:\/\/radioinfinitagoya.com.ar\/v1\/#\/schema\/person\/d4cf9c413d4f6edb24aabdccab49ca4a\",\"name\":\"Jorge Mi\u00f1o\",\"image\":{\"@type\":\"ImageObject\",\"inLanguage\":\"es-AR\",\"@id\":\"https:\/\/secure.gravatar.com\/avatar\/910fcf6728fe95320e07a6643c1581fec1c7fc4bf8ae12e3d8f0d0373dc844be?s=96&d=mm&r=g\",\"url\":\"https:\/\/secure.gravatar.com\/avatar\/910fcf6728fe95320e07a6643c1581fec1c7fc4bf8ae12e3d8f0d0373dc844be?s=96&d=mm&r=g\",\"contentUrl\":\"https:\/\/secure.gravatar.com\/avatar\/910fcf6728fe95320e07a6643c1581fec1c7fc4bf8ae12e3d8f0d0373dc844be?s=96&d=mm&r=g\",\"caption\":\"Jorge Mi\u00f1o\"},\"sameAs\":[\"http:\/\/radioinfinitagoya.com.ar\"]}]}<\/script>\n<!-- \/ Yoast SEO plugin. -->","yoast_head_json":{"title":"El nuevo Boca Unidos puso en marcha la pretemporada - Radio Infinita Goya","description":"En la ma\u00f1ana de este jueves Boca Unidos inici\u00f3 formalmente los trabajos de pretemporada para la campa\u00f1a 2026 del Torneo Federal \"A\" de F\u00fatbol, que dar\u00e1","robots":{"index":"index","follow":"follow","max-snippet":"max-snippet:-1","max-image-preview":"max-image-preview:large","max-video-preview":"max-video-preview:-1"},"canonical":"https:\/\/radioinfinitagoya.com.ar\/v1\/2026\/01\/29\/el-nuevo-boca-unidos-puso-en-marcha-la-pretemporada\/","og_locale":"es_ES","og_type":"article","og_title":"El nuevo Boca Unidos puso en marcha la pretemporada - Radio Infinita Goya","og_description":"En la ma\u00f1ana de este jueves Boca Unidos inici\u00f3 formalmente los trabajos de pretemporada para la campa\u00f1a 2026 del Torneo Federal \"A\" de F\u00fatbol, que dar\u00e1","og_url":"https:\/\/radioinfinitagoya.com.ar\/v1\/2026\/01\/29\/el-nuevo-boca-unidos-puso-en-marcha-la-pretemporada\/","og_site_name":"Radio Infinita Goya","article_publisher":"https:\/\/www.facebook.com\/p\/Infinita-Goya-100063870918311\/","article_published_time":"2026-01-29T21:01:43+00:00","og_image":[{"width":1080,"height":900,"url":"https:\/\/radioinfinitagoya.com.ar\/v1\/wp-content\/uploads\/2026\/01\/2A.jpg","type":"image\/jpeg"}],"author":"Jorge Mi\u00f1o","twitter_card":"summary_large_image","twitter_misc":{"Escrito por":"Jorge Mi\u00f1o","Tiempo de lectura":"1 minuto"},"schema":{"@context":"https:\/\/schema.org","@graph":[{"@type":"Article","@id":"https:\/\/radioinfinitagoya.com.ar\/v1\/2026\/01\/29\/el-nuevo-boca-unidos-puso-en-marcha-la-pretemporada\/#article","isPartOf":{"@id":"https:\/\/radioinfinitagoya.com.ar\/v1\/2026\/01\/29\/el-nuevo-boca-unidos-puso-en-marcha-la-pretemporada\/"},"author":{"name":"Jorge Mi\u00f1o","@id":"https:\/\/radioinfinitagoya.com.ar\/v1\/#\/schema\/person\/d4cf9c413d4f6edb24aabdccab49ca4a"},"headline":"El nuevo Boca Unidos puso en marcha la pretemporada","datePublished":"2026-01-29T21:01:43+00:00","mainEntityOfPage":{"@id":"https:\/\/radioinfinitagoya.com.ar\/v1\/2026\/01\/29\/el-nuevo-boca-unidos-puso-en-marcha-la-pretemporada\/"},"wordCount":307,"commentCount":0,"publisher":{"@id":"https:\/\/radioinfinitagoya.com.ar\/v1\/#organization"},"image":{"@id":"https:\/\/radioinfinitagoya.com.ar\/v1\/2026\/01\/29\/el-nuevo-boca-unidos-puso-en-marcha-la-pretemporada\/#primaryimage"},"thumbnailUrl":"https:\/\/radioinfinitagoya.com.ar\/v1\/wp-content\/uploads\/2026\/01\/2A.jpg","articleSection":["DEPORTES"],"inLanguage":"es-AR","potentialAction":[{"@type":"CommentAction","name":"Comment","target":["https:\/\/radioinfinitagoya.com.ar\/v1\/2026\/01\/29\/el-nuevo-boca-unidos-puso-en-marcha-la-pretemporada\/#respond"]}]},{"@type":"WebPage","@id":"https:\/\/radioinfinitagoya.com.ar\/v1\/2026\/01\/29\/el-nuevo-boca-unidos-puso-en-marcha-la-pretemporada\/","url":"https:\/\/radioinfinitagoya.com.ar\/v1\/2026\/01\/29\/el-nuevo-boca-unidos-puso-en-marcha-la-pretemporada\/","name":"El nuevo Boca Unidos puso en marcha la pretemporada - Radio Infinita Goya","isPartOf":{"@id":"https:\/\/radioinfinitagoya.com.ar\/v1\/#website"},"primaryImageOfPage":{"@id":"https:\/\/radioinfinitagoya.com.ar\/v1\/2026\/01\/29\/el-nuevo-boca-unidos-puso-en-marcha-la-pretemporada\/#primaryimage"},"image":{"@id":"https:\/\/radioinfinitagoya.com.ar\/v1\/2026\/01\/29\/el-nuevo-boca-unidos-puso-en-marcha-la-pretemporada\/#primaryimage"},"thumbnailUrl":"https:\/\/radioinfinitagoya.com.ar\/v1\/wp-content\/uploads\/2026\/01\/2A.jpg","datePublished":"2026-01-29T21:01:43+00:00","description":"En la ma\u00f1ana de este jueves Boca Unidos inici\u00f3 formalmente los trabajos de pretemporada para la campa\u00f1a 2026 del Torneo Federal \"A\" de F\u00fatbol, que dar\u00e1","breadcrumb":{"@id":"https:\/\/radioinfinitagoya.com.ar\/v1\/2026\/01\/29\/el-nuevo-boca-unidos-puso-en-marcha-la-pretemporada\/#breadcrumb"},"inLanguage":"es-AR","potentialAction":[{"@type":"ReadAction","target":["https:\/\/radioinfinitagoya.com.ar\/v1\/2026\/01\/29\/el-nuevo-boca-unidos-puso-en-marcha-la-pretemporada\/"]}]},{"@type":"ImageObject","inLanguage":"es-AR","@id":"https:\/\/radioinfinitagoya.com.ar\/v1\/2026\/01\/29\/el-nuevo-boca-unidos-puso-en-marcha-la-pretemporada\/#primaryimage","url":"https:\/\/radioinfinitagoya.com.ar\/v1\/wp-content\/uploads\/2026\/01\/2A.jpg","contentUrl":"https:\/\/radioinfinitagoya.com.ar\/v1\/wp-content\/uploads\/2026\/01\/2A.jpg","width":1080,"height":900},{"@type":"BreadcrumbList","@id":"https:\/\/radioinfinitagoya.com.ar\/v1\/2026\/01\/29\/el-nuevo-boca-unidos-puso-en-marcha-la-pretemporada\/#breadcrumb","itemListElement":[{"@type":"ListItem","position":1,"name":"Inicio","item":"https:\/\/radioinfinitagoya.com.ar\/v1\/"},{"@type":"ListItem","position":2,"name":"El nuevo Boca Unidos puso en marcha la pretemporada"}]},{"@type":"WebSite","@id":"https:\/\/radioinfinitagoya.com.ar\/v1\/#website","url":"https:\/\/radioinfinitagoya.com.ar\/v1\/","name":"radioinfinitagoya.com.ar","description":"Radio de noticias","publisher":{"@id":"https:\/\/radioinfinitagoya.com.ar\/v1\/#organization"},"potentialAction":[{"@type":"SearchAction","target":{"@type":"EntryPoint","urlTemplate":"https:\/\/radioinfinitagoya.com.ar\/v1\/?s={search_term_string}"},"query-input":{"@type":"PropertyValueSpecification","valueRequired":true,"valueName":"search_term_string"}}],"inLanguage":"es-AR"},{"@type":"Organization","@id":"https:\/\/radioinfinitagoya.com.ar\/v1\/#organization","name":"Radio Infinita Goya","url":"https:\/\/radioinfinitagoya.com.ar\/v1\/","logo":{"@type":"ImageObject","inLanguage":"es-AR","@id":"https:\/\/radioinfinitagoya.com.ar\/v1\/#\/schema\/logo\/image\/","url":"https:\/\/radioinfinitagoya.com.ar\/v1\/wp-content\/uploads\/2019\/11\/logo-pie-web.png","contentUrl":"https:\/\/radioinfinitagoya.com.ar\/v1\/wp-content\/uploads\/2019\/11\/logo-pie-web.png","width":635,"height":326,"caption":"Radio Infinita Goya"},"image":{"@id":"https:\/\/radioinfinitagoya.com.ar\/v1\/#\/schema\/logo\/image\/"},"sameAs":["https:\/\/www.facebook.com\/p\/Infinita-Goya-100063870918311\/"]},{"@type":"Person","@id":"https:\/\/radioinfinitagoya.com.ar\/v1\/#\/schema\/person\/d4cf9c413d4f6edb24aabdccab49ca4a","name":"Jorge Mi\u00f1o","image":{"@type":"ImageObject","inLanguage":"es-AR","@id":"https:\/\/secure.gravatar.com\/avatar\/910fcf6728fe95320e07a6643c1581fec1c7fc4bf8ae12e3d8f0d0373dc844be?s=96&d=mm&r=g","url":"https:\/\/secure.gravatar.com\/avatar\/910fcf6728fe95320e07a6643c1581fec1c7fc4bf8ae12e3d8f0d0373dc844be?s=96&d=mm&r=g","contentUrl":"https:\/\/secure.gravatar.com\/avatar\/910fcf6728fe95320e07a6643c1581fec1c7fc4bf8ae12e3d8f0d0373dc844be?s=96&d=mm&r=g","caption":"Jorge Mi\u00f1o"},"sameAs":["http:\/\/radioinfinitagoya.com.ar"]}]}},"_links":{"self":[{"href":"https:\/\/radioinfinitagoya.com.ar\/v1\/wp-json\/wp\/v2\/posts\/203793","targetHints":{"allow":["GET"]}}],"collection":[{"href":"https:\/\/radioinfinitagoya.com.ar\/v1\/wp-json\/wp\/v2\/posts"}],"about":[{"href":"https:\/\/radioinfinitagoya.com.ar\/v1\/wp-json\/wp\/v2\/types\/post"}],"author":[{"embeddable":true,"href":"https:\/\/radioinfinitagoya.com.ar\/v1\/wp-json\/wp\/v2\/users\/4"}],"replies":[{"embeddable":true,"href":"https:\/\/radioinfinitagoya.com.ar\/v1\/wp-json\/wp\/v2\/comments?post=203793"}],"version-history":[{"count":0,"href":"https:\/\/radioinfinitagoya.com.ar\/v1\/wp-json\/wp\/v2\/posts\/203793\/revisions"}],"wp:featuredmedia":[{"embeddable":true,"href":"https:\/\/radioinfinitagoya.com.ar\/v1\/wp-json\/wp\/v2\/media\/203794"}],"wp:attachment":[{"href":"https:\/\/radioinfinitagoya.com.ar\/v1\/wp-json\/wp\/v2\/media?parent=203793"}],"wp:term":[{"taxonomy":"category","embeddable":true,"href":"https:\/\/radioinfinitagoya.com.ar\/v1\/wp-json\/wp\/v2\/categories?post=203793"},{"taxonomy":"post_tag","embeddable":true,"href":"https:\/\/radioinfinitagoya.com.ar\/v1\/wp-json\/wp\/v2\/tags?post=203793"}],"curies":[{"name":"wp","href":"https:\/\/api.w.org\/{rel}","templated":true}]}}