{"id":203816,"date":"2026-01-30T14:20:14","date_gmt":"2026-01-30T17:20:14","guid":{"rendered":"https:\/\/radioinfinitagoya.com.ar\/v1\/?p=203816"},"modified":"2026-01-30T14:20:14","modified_gmt":"2026-01-30T17:20:14","slug":"diego-santilli-en-corrientes","status":"publish","type":"post","link":"https:\/\/radioinfinitagoya.com.ar\/v1\/2026\/01\/30\/diego-santilli-en-corrientes\/","title":{"rendered":"Diego Santilli en Corrientes"},"content":{"rendered":"<p>Reuni\u00f3n con Juan Pablo Vald\u00e9s, con la reforma laboral y las deudas de Naci\u00f3n en la agenda<\/p>\n<p>El ministro del Interior se reuni\u00f3 con el gobernador y ofreci\u00f3 una conferencia de prensa sobre la agenda bilateral.<\/p>\n<p>El ministro del Interior, Diego Santilli, visit\u00f3 este viernes Corrientes con el objetivo de consolidar apoyos para proyectos clave del Gobierno nacional, entre ellos la reforma laboral. Durante su visita, se reuni\u00f3 con el gobernador Juan Pablo Vald\u00e9s, quien le plante\u00f3 reclamos provinciales relacionados con deudas, coparticipaci\u00f3n y obras de infraestructura.<\/p>\n<p>La visita se produjo en medio de las negociaciones por las sesiones extraordinarias en el Congreso, en un contexto donde el oficialismo busca consolidar apoyos para iniciativas consideradas prioritarias, como la modernizaci\u00f3n del sistema laboral, en un Senado fragmentado.<\/p>\n<p>Reforma laboral y empleo<br \/>\nSantilli destac\u00f3 que la reforma laboral busca generar trabajo formal y proteger los derechos existentes. Adem\u00e1s, asegur\u00f3 cobertura para quienes a\u00fan se encuentran en la informalidad: \u201cLa mitad de los trabajadores est\u00e1n en la informalidad. Se busca generar derechos para los que no tienen y no tocar los derechos que ya existen; eso impulsa el presidente con la reforma\u201d.<\/p>\n<p>Por su parte, Vald\u00e9s coincidi\u00f3 en la necesidad de modernizar el sistema laboral, pero afirm\u00f3 que durante la reuni\u00f3n se plantearon dudas con los senadores y diputados provinciales. \u201cEs altamente positivo que se discuta la modernizaci\u00f3n laboral y que los derechos de los trabajadores no se pongan en riesgo\u201d, insisti\u00f3.<\/p>\n<p>Compensaci\u00f3n de deudas y reclamos<br \/>\nOtro eje de la reuni\u00f3n fueron las deudas de Naci\u00f3n con Corrientes. Vald\u00e9s plante\u00f3 c\u00f3mo podr\u00edan compensarse, e incluso evalu\u00f3 la posibilidad de que tierras nacionales, como el terreno del ex regimiento, sean utilizadas como moneda de compensaci\u00f3n.<\/p>\n<p>Santilli a\u00f1adi\u00f3 que estas cuestiones ser\u00e1n trasladadas a las \u00e1reas correspondientes del Gobierno nacional para su an\u00e1lisis y posible resoluci\u00f3n. El ministro quiere definir los pasos necesarios para encontrar acciones concretas que beneficien a la provincia.<\/p>\n<p>Econom\u00eda y desarrollo regional<br \/>\nEn materia econ\u00f3mica, el ministro se\u00f1al\u00f3 que el crecimiento es desigual seg\u00fan los sectores, pero destac\u00f3 que se trabaja para reactivar la microeconom\u00eda y fortalecer las pol\u00edticas de exportaci\u00f3n.<\/p>\n<p>\u201cLa econom\u00eda est\u00e1 creciendo; hay sectores que van m\u00e1s fuertes, como el campo, la miner\u00eda, la energ\u00eda y el gas. Otros, como el consumo, tardan un poco. El objetivo es crecer parejo este a\u00f1o y estamos en el sendero correcto\u201d, explic\u00f3.<\/p>\n<p>Santilli tambi\u00e9n anticip\u00f3 que mantendr\u00e1 una reuni\u00f3n en Buenos Aires con el secretario de Producci\u00f3n, Pablo Lavigne, junto al gobernador Vald\u00e9s. Se adelant\u00f3 que abordar\u00e1n pol\u00edticas de apoyo a las econom\u00edas regionales y la matriz productiva provincial, incluyendo el seguimiento de la caja jubilatoria.<\/p>\n<p>\u201cVan a avanzar estas pol\u00edticas y se van a notar, como acuerdos con Estados Unidos, ya que Corrientes es un gran productor ganadero\u201d, concluy\u00f3 el ministro.<\/p>\n","protected":false},"excerpt":{"rendered":"<p>Reuni\u00f3n con Juan Pablo Vald\u00e9s, con la reforma laboral y las deudas de Naci\u00f3n en la agenda El ministro del Interior se reuni\u00f3 con el gobernador y ofreci\u00f3 una conferencia de prensa sobre la agenda bilateral. El ministro del Interior, Diego Santilli, visit\u00f3 este viernes Corrientes con el objetivo de consolidar apoyos para proyectos clave [&hellip;]<\/p>\n","protected":false},"author":4,"featured_media":203817,"comment_status":"open","ping_status":"open","sticky":false,"template":"","format":"standard","meta":{"_joinchat":[],"footnotes":""},"categories":[26],"tags":[],"class_list":{"0":"post-203816","1":"post","2":"type-post","3":"status-publish","4":"format-standard","5":"has-post-thumbnail","7":"category-provinciales"},"yoast_head":"<!-- This site is optimized with the Yoast SEO plugin v27.2 - https:\/\/yoast.com\/product\/yoast-seo-wordpress\/ -->\n<title>Diego Santilli en Corrientes - Radio Infinita Goya<\/title>\n<meta name=\"description\" content=\"Reuni\u00f3n con Juan Pablo Vald\u00e9s, con la reforma laboral y las deudas de Naci\u00f3n en la agenda El ministro del Interior se reuni\u00f3 con el gobernador y ofreci\u00f3\" \/>\n<meta name=\"robots\" content=\"index, follow, max-snippet:-1, max-image-preview:large, max-video-preview:-1\" \/>\n<link rel=\"canonical\" href=\"https:\/\/radioinfinitagoya.com.ar\/v1\/2026\/01\/30\/diego-santilli-en-corrientes\/\" \/>\n<meta property=\"og:locale\" content=\"es_ES\" \/>\n<meta property=\"og:type\" content=\"article\" \/>\n<meta property=\"og:title\" content=\"Diego Santilli en Corrientes - Radio Infinita Goya\" \/>\n<meta property=\"og:description\" content=\"Reuni\u00f3n con Juan Pablo Vald\u00e9s, con la reforma laboral y las deudas de Naci\u00f3n en la agenda El ministro del Interior se reuni\u00f3 con el gobernador y ofreci\u00f3\" \/>\n<meta property=\"og:url\" content=\"https:\/\/radioinfinitagoya.com.ar\/v1\/2026\/01\/30\/diego-santilli-en-corrientes\/\" \/>\n<meta property=\"og:site_name\" content=\"Radio Infinita Goya\" \/>\n<meta property=\"article:publisher\" content=\"https:\/\/www.facebook.com\/p\/Infinita-Goya-100063870918311\/\" \/>\n<meta property=\"article:published_time\" content=\"2026-01-30T17:20:14+00:00\" \/>\n<meta property=\"og:image\" content=\"https:\/\/radioinfinitagoya.com.ar\/v1\/wp-content\/uploads\/2026\/01\/3138ac6c-71f2-4ecd-87ed-27600843a5ec.jpg\" \/>\n\t<meta property=\"og:image:width\" content=\"933\" \/>\n\t<meta property=\"og:image:height\" content=\"519\" \/>\n\t<meta property=\"og:image:type\" content=\"image\/jpeg\" \/>\n<meta name=\"author\" content=\"Jorge Mi\u00f1o\" \/>\n<meta name=\"twitter:card\" content=\"summary_large_image\" \/>\n<meta name=\"twitter:label1\" content=\"Escrito por\" \/>\n\t<meta name=\"twitter:data1\" content=\"Jorge Mi\u00f1o\" \/>\n\t<meta name=\"twitter:label2\" content=\"Tiempo de lectura\" \/>\n\t<meta name=\"twitter:data2\" content=\"3 minutos\" \/>\n<script type=\"application\/ld+json\" class=\"yoast-schema-graph\">{\"@context\":\"https:\/\/schema.org\",\"@graph\":[{\"@type\":\"Article\",\"@id\":\"https:\/\/radioinfinitagoya.com.ar\/v1\/2026\/01\/30\/diego-santilli-en-corrientes\/#article\",\"isPartOf\":{\"@id\":\"https:\/\/radioinfinitagoya.com.ar\/v1\/2026\/01\/30\/diego-santilli-en-corrientes\/\"},\"author\":{\"name\":\"Jorge Mi\u00f1o\",\"@id\":\"https:\/\/radioinfinitagoya.com.ar\/v1\/#\/schema\/person\/d4cf9c413d4f6edb24aabdccab49ca4a\"},\"headline\":\"Diego Santilli en Corrientes\",\"datePublished\":\"2026-01-30T17:20:14+00:00\",\"mainEntityOfPage\":{\"@id\":\"https:\/\/radioinfinitagoya.com.ar\/v1\/2026\/01\/30\/diego-santilli-en-corrientes\/\"},\"wordCount\":509,\"commentCount\":0,\"publisher\":{\"@id\":\"https:\/\/radioinfinitagoya.com.ar\/v1\/#organization\"},\"image\":{\"@id\":\"https:\/\/radioinfinitagoya.com.ar\/v1\/2026\/01\/30\/diego-santilli-en-corrientes\/#primaryimage\"},\"thumbnailUrl\":\"https:\/\/radioinfinitagoya.com.ar\/v1\/wp-content\/uploads\/2026\/01\/3138ac6c-71f2-4ecd-87ed-27600843a5ec.jpg\",\"articleSection\":[\"PROVINCIALES\"],\"inLanguage\":\"es-AR\",\"potentialAction\":[{\"@type\":\"CommentAction\",\"name\":\"Comment\",\"target\":[\"https:\/\/radioinfinitagoya.com.ar\/v1\/2026\/01\/30\/diego-santilli-en-corrientes\/#respond\"]}]},{\"@type\":\"WebPage\",\"@id\":\"https:\/\/radioinfinitagoya.com.ar\/v1\/2026\/01\/30\/diego-santilli-en-corrientes\/\",\"url\":\"https:\/\/radioinfinitagoya.com.ar\/v1\/2026\/01\/30\/diego-santilli-en-corrientes\/\",\"name\":\"Diego Santilli en Corrientes - Radio Infinita Goya\",\"isPartOf\":{\"@id\":\"https:\/\/radioinfinitagoya.com.ar\/v1\/#website\"},\"primaryImageOfPage\":{\"@id\":\"https:\/\/radioinfinitagoya.com.ar\/v1\/2026\/01\/30\/diego-santilli-en-corrientes\/#primaryimage\"},\"image\":{\"@id\":\"https:\/\/radioinfinitagoya.com.ar\/v1\/2026\/01\/30\/diego-santilli-en-corrientes\/#primaryimage\"},\"thumbnailUrl\":\"https:\/\/radioinfinitagoya.com.ar\/v1\/wp-content\/uploads\/2026\/01\/3138ac6c-71f2-4ecd-87ed-27600843a5ec.jpg\",\"datePublished\":\"2026-01-30T17:20:14+00:00\",\"description\":\"Reuni\u00f3n con Juan Pablo Vald\u00e9s, con la reforma laboral y las deudas de Naci\u00f3n en la agenda El ministro del Interior se reuni\u00f3 con el gobernador y ofreci\u00f3\",\"breadcrumb\":{\"@id\":\"https:\/\/radioinfinitagoya.com.ar\/v1\/2026\/01\/30\/diego-santilli-en-corrientes\/#breadcrumb\"},\"inLanguage\":\"es-AR\",\"potentialAction\":[{\"@type\":\"ReadAction\",\"target\":[\"https:\/\/radioinfinitagoya.com.ar\/v1\/2026\/01\/30\/diego-santilli-en-corrientes\/\"]}]},{\"@type\":\"ImageObject\",\"inLanguage\":\"es-AR\",\"@id\":\"https:\/\/radioinfinitagoya.com.ar\/v1\/2026\/01\/30\/diego-santilli-en-corrientes\/#primaryimage\",\"url\":\"https:\/\/radioinfinitagoya.com.ar\/v1\/wp-content\/uploads\/2026\/01\/3138ac6c-71f2-4ecd-87ed-27600843a5ec.jpg\",\"contentUrl\":\"https:\/\/radioinfinitagoya.com.ar\/v1\/wp-content\/uploads\/2026\/01\/3138ac6c-71f2-4ecd-87ed-27600843a5ec.jpg\",\"width\":933,\"height\":519},{\"@type\":\"BreadcrumbList\",\"@id\":\"https:\/\/radioinfinitagoya.com.ar\/v1\/2026\/01\/30\/diego-santilli-en-corrientes\/#breadcrumb\",\"itemListElement\":[{\"@type\":\"ListItem\",\"position\":1,\"name\":\"Inicio\",\"item\":\"https:\/\/radioinfinitagoya.com.ar\/v1\/\"},{\"@type\":\"ListItem\",\"position\":2,\"name\":\"Diego Santilli en Corrientes\"}]},{\"@type\":\"WebSite\",\"@id\":\"https:\/\/radioinfinitagoya.com.ar\/v1\/#website\",\"url\":\"https:\/\/radioinfinitagoya.com.ar\/v1\/\",\"name\":\"radioinfinitagoya.com.ar\",\"description\":\"Radio de noticias\",\"publisher\":{\"@id\":\"https:\/\/radioinfinitagoya.com.ar\/v1\/#organization\"},\"potentialAction\":[{\"@type\":\"SearchAction\",\"target\":{\"@type\":\"EntryPoint\",\"urlTemplate\":\"https:\/\/radioinfinitagoya.com.ar\/v1\/?s={search_term_string}\"},\"query-input\":{\"@type\":\"PropertyValueSpecification\",\"valueRequired\":true,\"valueName\":\"search_term_string\"}}],\"inLanguage\":\"es-AR\"},{\"@type\":\"Organization\",\"@id\":\"https:\/\/radioinfinitagoya.com.ar\/v1\/#organization\",\"name\":\"Radio Infinita Goya\",\"url\":\"https:\/\/radioinfinitagoya.com.ar\/v1\/\",\"logo\":{\"@type\":\"ImageObject\",\"inLanguage\":\"es-AR\",\"@id\":\"https:\/\/radioinfinitagoya.com.ar\/v1\/#\/schema\/logo\/image\/\",\"url\":\"https:\/\/radioinfinitagoya.com.ar\/v1\/wp-content\/uploads\/2019\/11\/logo-pie-web.png\",\"contentUrl\":\"https:\/\/radioinfinitagoya.com.ar\/v1\/wp-content\/uploads\/2019\/11\/logo-pie-web.png\",\"width\":635,\"height\":326,\"caption\":\"Radio Infinita Goya\"},\"image\":{\"@id\":\"https:\/\/radioinfinitagoya.com.ar\/v1\/#\/schema\/logo\/image\/\"},\"sameAs\":[\"https:\/\/www.facebook.com\/p\/Infinita-Goya-100063870918311\/\"]},{\"@type\":\"Person\",\"@id\":\"https:\/\/radioinfinitagoya.com.ar\/v1\/#\/schema\/person\/d4cf9c413d4f6edb24aabdccab49ca4a\",\"name\":\"Jorge Mi\u00f1o\",\"image\":{\"@type\":\"ImageObject\",\"inLanguage\":\"es-AR\",\"@id\":\"https:\/\/secure.gravatar.com\/avatar\/910fcf6728fe95320e07a6643c1581fec1c7fc4bf8ae12e3d8f0d0373dc844be?s=96&d=mm&r=g\",\"url\":\"https:\/\/secure.gravatar.com\/avatar\/910fcf6728fe95320e07a6643c1581fec1c7fc4bf8ae12e3d8f0d0373dc844be?s=96&d=mm&r=g\",\"contentUrl\":\"https:\/\/secure.gravatar.com\/avatar\/910fcf6728fe95320e07a6643c1581fec1c7fc4bf8ae12e3d8f0d0373dc844be?s=96&d=mm&r=g\",\"caption\":\"Jorge Mi\u00f1o\"},\"sameAs\":[\"http:\/\/radioinfinitagoya.com.ar\"]}]}<\/script>\n<!-- \/ Yoast SEO plugin. -->","yoast_head_json":{"title":"Diego Santilli en Corrientes - Radio Infinita Goya","description":"Reuni\u00f3n con Juan Pablo Vald\u00e9s, con la reforma laboral y las deudas de Naci\u00f3n en la agenda El ministro del Interior se reuni\u00f3 con el gobernador y ofreci\u00f3","robots":{"index":"index","follow":"follow","max-snippet":"max-snippet:-1","max-image-preview":"max-image-preview:large","max-video-preview":"max-video-preview:-1"},"canonical":"https:\/\/radioinfinitagoya.com.ar\/v1\/2026\/01\/30\/diego-santilli-en-corrientes\/","og_locale":"es_ES","og_type":"article","og_title":"Diego Santilli en Corrientes - Radio Infinita Goya","og_description":"Reuni\u00f3n con Juan Pablo Vald\u00e9s, con la reforma laboral y las deudas de Naci\u00f3n en la agenda El ministro del Interior se reuni\u00f3 con el gobernador y ofreci\u00f3","og_url":"https:\/\/radioinfinitagoya.com.ar\/v1\/2026\/01\/30\/diego-santilli-en-corrientes\/","og_site_name":"Radio Infinita Goya","article_publisher":"https:\/\/www.facebook.com\/p\/Infinita-Goya-100063870918311\/","article_published_time":"2026-01-30T17:20:14+00:00","og_image":[{"width":933,"height":519,"url":"https:\/\/radioinfinitagoya.com.ar\/v1\/wp-content\/uploads\/2026\/01\/3138ac6c-71f2-4ecd-87ed-27600843a5ec.jpg","type":"image\/jpeg"}],"author":"Jorge Mi\u00f1o","twitter_card":"summary_large_image","twitter_misc":{"Escrito por":"Jorge Mi\u00f1o","Tiempo de lectura":"3 minutos"},"schema":{"@context":"https:\/\/schema.org","@graph":[{"@type":"Article","@id":"https:\/\/radioinfinitagoya.com.ar\/v1\/2026\/01\/30\/diego-santilli-en-corrientes\/#article","isPartOf":{"@id":"https:\/\/radioinfinitagoya.com.ar\/v1\/2026\/01\/30\/diego-santilli-en-corrientes\/"},"author":{"name":"Jorge Mi\u00f1o","@id":"https:\/\/radioinfinitagoya.com.ar\/v1\/#\/schema\/person\/d4cf9c413d4f6edb24aabdccab49ca4a"},"headline":"Diego Santilli en Corrientes","datePublished":"2026-01-30T17:20:14+00:00","mainEntityOfPage":{"@id":"https:\/\/radioinfinitagoya.com.ar\/v1\/2026\/01\/30\/diego-santilli-en-corrientes\/"},"wordCount":509,"commentCount":0,"publisher":{"@id":"https:\/\/radioinfinitagoya.com.ar\/v1\/#organization"},"image":{"@id":"https:\/\/radioinfinitagoya.com.ar\/v1\/2026\/01\/30\/diego-santilli-en-corrientes\/#primaryimage"},"thumbnailUrl":"https:\/\/radioinfinitagoya.com.ar\/v1\/wp-content\/uploads\/2026\/01\/3138ac6c-71f2-4ecd-87ed-27600843a5ec.jpg","articleSection":["PROVINCIALES"],"inLanguage":"es-AR","potentialAction":[{"@type":"CommentAction","name":"Comment","target":["https:\/\/radioinfinitagoya.com.ar\/v1\/2026\/01\/30\/diego-santilli-en-corrientes\/#respond"]}]},{"@type":"WebPage","@id":"https:\/\/radioinfinitagoya.com.ar\/v1\/2026\/01\/30\/diego-santilli-en-corrientes\/","url":"https:\/\/radioinfinitagoya.com.ar\/v1\/2026\/01\/30\/diego-santilli-en-corrientes\/","name":"Diego Santilli en Corrientes - Radio Infinita Goya","isPartOf":{"@id":"https:\/\/radioinfinitagoya.com.ar\/v1\/#website"},"primaryImageOfPage":{"@id":"https:\/\/radioinfinitagoya.com.ar\/v1\/2026\/01\/30\/diego-santilli-en-corrientes\/#primaryimage"},"image":{"@id":"https:\/\/radioinfinitagoya.com.ar\/v1\/2026\/01\/30\/diego-santilli-en-corrientes\/#primaryimage"},"thumbnailUrl":"https:\/\/radioinfinitagoya.com.ar\/v1\/wp-content\/uploads\/2026\/01\/3138ac6c-71f2-4ecd-87ed-27600843a5ec.jpg","datePublished":"2026-01-30T17:20:14+00:00","description":"Reuni\u00f3n con Juan Pablo Vald\u00e9s, con la reforma laboral y las deudas de Naci\u00f3n en la agenda El ministro del Interior se reuni\u00f3 con el gobernador y ofreci\u00f3","breadcrumb":{"@id":"https:\/\/radioinfinitagoya.com.ar\/v1\/2026\/01\/30\/diego-santilli-en-corrientes\/#breadcrumb"},"inLanguage":"es-AR","potentialAction":[{"@type":"ReadAction","target":["https:\/\/radioinfinitagoya.com.ar\/v1\/2026\/01\/30\/diego-santilli-en-corrientes\/"]}]},{"@type":"ImageObject","inLanguage":"es-AR","@id":"https:\/\/radioinfinitagoya.com.ar\/v1\/2026\/01\/30\/diego-santilli-en-corrientes\/#primaryimage","url":"https:\/\/radioinfinitagoya.com.ar\/v1\/wp-content\/uploads\/2026\/01\/3138ac6c-71f2-4ecd-87ed-27600843a5ec.jpg","contentUrl":"https:\/\/radioinfinitagoya.com.ar\/v1\/wp-content\/uploads\/2026\/01\/3138ac6c-71f2-4ecd-87ed-27600843a5ec.jpg","width":933,"height":519},{"@type":"BreadcrumbList","@id":"https:\/\/radioinfinitagoya.com.ar\/v1\/2026\/01\/30\/diego-santilli-en-corrientes\/#breadcrumb","itemListElement":[{"@type":"ListItem","position":1,"name":"Inicio","item":"https:\/\/radioinfinitagoya.com.ar\/v1\/"},{"@type":"ListItem","position":2,"name":"Diego Santilli en Corrientes"}]},{"@type":"WebSite","@id":"https:\/\/radioinfinitagoya.com.ar\/v1\/#website","url":"https:\/\/radioinfinitagoya.com.ar\/v1\/","name":"radioinfinitagoya.com.ar","description":"Radio de noticias","publisher":{"@id":"https:\/\/radioinfinitagoya.com.ar\/v1\/#organization"},"potentialAction":[{"@type":"SearchAction","target":{"@type":"EntryPoint","urlTemplate":"https:\/\/radioinfinitagoya.com.ar\/v1\/?s={search_term_string}"},"query-input":{"@type":"PropertyValueSpecification","valueRequired":true,"valueName":"search_term_string"}}],"inLanguage":"es-AR"},{"@type":"Organization","@id":"https:\/\/radioinfinitagoya.com.ar\/v1\/#organization","name":"Radio Infinita Goya","url":"https:\/\/radioinfinitagoya.com.ar\/v1\/","logo":{"@type":"ImageObject","inLanguage":"es-AR","@id":"https:\/\/radioinfinitagoya.com.ar\/v1\/#\/schema\/logo\/image\/","url":"https:\/\/radioinfinitagoya.com.ar\/v1\/wp-content\/uploads\/2019\/11\/logo-pie-web.png","contentUrl":"https:\/\/radioinfinitagoya.com.ar\/v1\/wp-content\/uploads\/2019\/11\/logo-pie-web.png","width":635,"height":326,"caption":"Radio Infinita Goya"},"image":{"@id":"https:\/\/radioinfinitagoya.com.ar\/v1\/#\/schema\/logo\/image\/"},"sameAs":["https:\/\/www.facebook.com\/p\/Infinita-Goya-100063870918311\/"]},{"@type":"Person","@id":"https:\/\/radioinfinitagoya.com.ar\/v1\/#\/schema\/person\/d4cf9c413d4f6edb24aabdccab49ca4a","name":"Jorge Mi\u00f1o","image":{"@type":"ImageObject","inLanguage":"es-AR","@id":"https:\/\/secure.gravatar.com\/avatar\/910fcf6728fe95320e07a6643c1581fec1c7fc4bf8ae12e3d8f0d0373dc844be?s=96&d=mm&r=g","url":"https:\/\/secure.gravatar.com\/avatar\/910fcf6728fe95320e07a6643c1581fec1c7fc4bf8ae12e3d8f0d0373dc844be?s=96&d=mm&r=g","contentUrl":"https:\/\/secure.gravatar.com\/avatar\/910fcf6728fe95320e07a6643c1581fec1c7fc4bf8ae12e3d8f0d0373dc844be?s=96&d=mm&r=g","caption":"Jorge Mi\u00f1o"},"sameAs":["http:\/\/radioinfinitagoya.com.ar"]}]}},"_links":{"self":[{"href":"https:\/\/radioinfinitagoya.com.ar\/v1\/wp-json\/wp\/v2\/posts\/203816","targetHints":{"allow":["GET"]}}],"collection":[{"href":"https:\/\/radioinfinitagoya.com.ar\/v1\/wp-json\/wp\/v2\/posts"}],"about":[{"href":"https:\/\/radioinfinitagoya.com.ar\/v1\/wp-json\/wp\/v2\/types\/post"}],"author":[{"embeddable":true,"href":"https:\/\/radioinfinitagoya.com.ar\/v1\/wp-json\/wp\/v2\/users\/4"}],"replies":[{"embeddable":true,"href":"https:\/\/radioinfinitagoya.com.ar\/v1\/wp-json\/wp\/v2\/comments?post=203816"}],"version-history":[{"count":0,"href":"https:\/\/radioinfinitagoya.com.ar\/v1\/wp-json\/wp\/v2\/posts\/203816\/revisions"}],"wp:featuredmedia":[{"embeddable":true,"href":"https:\/\/radioinfinitagoya.com.ar\/v1\/wp-json\/wp\/v2\/media\/203817"}],"wp:attachment":[{"href":"https:\/\/radioinfinitagoya.com.ar\/v1\/wp-json\/wp\/v2\/media?parent=203816"}],"wp:term":[{"taxonomy":"category","embeddable":true,"href":"https:\/\/radioinfinitagoya.com.ar\/v1\/wp-json\/wp\/v2\/categories?post=203816"},{"taxonomy":"post_tag","embeddable":true,"href":"https:\/\/radioinfinitagoya.com.ar\/v1\/wp-json\/wp\/v2\/tags?post=203816"}],"curies":[{"name":"wp","href":"https:\/\/api.w.org\/{rel}","templated":true}]}}