{"id":203820,"date":"2026-01-30T14:29:16","date_gmt":"2026-01-30T17:29:16","guid":{"rendered":"https:\/\/radioinfinitagoya.com.ar\/v1\/?p=203820"},"modified":"2026-01-30T14:29:16","modified_gmt":"2026-01-30T17:29:16","slug":"el-gobierno-declaro-la-emergencia-ignea-en-cuatro-provincias","status":"publish","type":"post","link":"https:\/\/radioinfinitagoya.com.ar\/v1\/2026\/01\/30\/el-gobierno-declaro-la-emergencia-ignea-en-cuatro-provincias\/","title":{"rendered":"El Gobierno declar\u00f3 la emergencia \u00edgnea en cuatro provincias"},"content":{"rendered":"<p>La medida alcanza a Chubut, R\u00edo Negro, Neuqu\u00e9n y La Pampa, en medio del avance de los incendios y la presi\u00f3n de los gobernadores.<\/p>\n<p>En medio del avance sostenido de los incendios forestales y tras los reclamos de los gobernadores patag\u00f3nicos, el Gobierno nacional resolvi\u00f3 declarar la emergencia \u00edgnea en las provincias de Chubut, R\u00edo Negro, Neuqu\u00e9n y La Pampa mediante un Decreto de Necesidad y Urgencia (DNU).<\/p>\n<p>La decisi\u00f3n fue definida durante una reuni\u00f3n de la mesa pol\u00edtica en la Casa Rosada, encabezada por el jefe de Gabinete, Manuel Adorni, donde se acord\u00f3 destinar recursos extraordinarios para afrontar la crisis ambiental que atraviesa la regi\u00f3n. \u201cSe est\u00e1 procediendo a firmar el DNU que declara la Emergencia \u00cdgnea en estas provincias\u201d, confirm\u00f3 el funcionario en X.<\/p>\n<p>La iniciativa se concret\u00f3 en un contexto de negociaciones pol\u00edticas abiertas y con fuerte presi\u00f3n de los mandatarios provinciales para que la emergencia fuera incluida en el temario de sesiones extraordinarias. Desde el entorno oficial se\u00f1alaron que el tema fue impulsado por el ministro del Interior, Diego Santilli, a partir de pedidos formales de los gobernadores.<\/p>\n<p>Como antecedente inmediato, este jueves el Gobierno public\u00f3 la Resoluci\u00f3n 91\/2026 del Ministerio de Seguridad Nacional, que dispuso una transferencia de 100.000 millones de pesos para reforzar el sistema de Bomberos Voluntarios en todo el pa\u00eds.<\/p>\n<p>Desde el Ejecutivo indicaron que la declaraci\u00f3n de la emergencia \u00edgnea se suma a un despliegue operativo que incluye m\u00e1s de 400 brigadistas, medios a\u00e9reos, veh\u00edculos log\u00edsticos, fuerzas federales, asistencia sanitaria y ayuda social en las zonas afectadas. Adem\u00e1s, la Naci\u00f3n gir\u00f3 4.000 millones de pesos en Aportes del Tesoro Nacional (ATN) a Chubut, tras gestiones del gobernador Ignacio Torres.<\/p>\n<p>El reclamo por la emergencia fue firmado por los gobernadores Alberto Weretilneck (R\u00edo Negro), Ignacio Torres (Chubut), Sergio Ziliotto (La Pampa), Rolando Figueroa (Neuqu\u00e9n) y Claudio Vidal (Santa Cruz), con el respaldo de legisladores nacionales de distintos bloques.<\/p>\n<p>Seg\u00fan datos oficiales, la situaci\u00f3n es cr\u00edtica. En los \u00faltimos meses se quemaron:<\/p>\n<p>168.000 hect\u00e1reas en La Pampa.<\/p>\n<p>45.000 hect\u00e1reas en Chubut.<\/p>\n<p>10.000 hect\u00e1reas en R\u00edo Negro.<\/p>\n<p>6.000 hect\u00e1reas en Neuqu\u00e9n.<\/p>\n<p>700 hect\u00e1reas en Santa Cruz.<\/p>\n<p>Los focos activos afectan zonas sensibles como el Parque Nacional Los Alerces y la regi\u00f3n de Epuy\u00e9n, agravados por las condiciones clim\u00e1ticas y los fuertes vientos.<\/p>\n<p>Con la declaraci\u00f3n de la emergencia \u00edgnea, el Gobierno nacional busca acelerar la asistencia financiera y operativa para contener los incendios y mitigar el impacto ambiental y social en una de las regiones m\u00e1s afectadas del pa\u00eds.<\/p>\n<p>&nbsp;<\/p>\n<p>&nbsp;<\/p>\n","protected":false},"excerpt":{"rendered":"<p>La medida alcanza a Chubut, R\u00edo Negro, Neuqu\u00e9n y La Pampa, en medio del avance de los incendios y la presi\u00f3n de los gobernadores. En medio del avance sostenido de los incendios forestales y tras los reclamos de los gobernadores patag\u00f3nicos, el Gobierno nacional resolvi\u00f3 declarar la emergencia \u00edgnea en las provincias de Chubut, R\u00edo [&hellip;]<\/p>\n","protected":false},"author":4,"featured_media":203821,"comment_status":"open","ping_status":"open","sticky":false,"template":"","format":"standard","meta":{"_joinchat":[],"footnotes":""},"categories":[29],"tags":[],"class_list":{"0":"post-203820","1":"post","2":"type-post","3":"status-publish","4":"format-standard","5":"has-post-thumbnail","7":"category-nacionales"},"yoast_head":"<!-- This site is optimized with the Yoast SEO plugin v27.2 - https:\/\/yoast.com\/product\/yoast-seo-wordpress\/ -->\n<title>El Gobierno declar\u00f3 la emergencia \u00edgnea en cuatro provincias - Radio Infinita Goya<\/title>\n<meta name=\"description\" content=\"La medida alcanza a Chubut, R\u00edo Negro, Neuqu\u00e9n y La Pampa, en medio del avance de los incendios y la presi\u00f3n de los gobernadores. En medio del avance\" \/>\n<meta name=\"robots\" content=\"index, follow, max-snippet:-1, max-image-preview:large, max-video-preview:-1\" \/>\n<link rel=\"canonical\" href=\"https:\/\/radioinfinitagoya.com.ar\/v1\/2026\/01\/30\/el-gobierno-declaro-la-emergencia-ignea-en-cuatro-provincias\/\" \/>\n<meta property=\"og:locale\" content=\"es_ES\" \/>\n<meta property=\"og:type\" content=\"article\" \/>\n<meta property=\"og:title\" content=\"El Gobierno declar\u00f3 la emergencia \u00edgnea en cuatro provincias - Radio Infinita Goya\" \/>\n<meta property=\"og:description\" content=\"La medida alcanza a Chubut, R\u00edo Negro, Neuqu\u00e9n y La Pampa, en medio del avance de los incendios y la presi\u00f3n de los gobernadores. En medio del avance\" \/>\n<meta property=\"og:url\" content=\"https:\/\/radioinfinitagoya.com.ar\/v1\/2026\/01\/30\/el-gobierno-declaro-la-emergencia-ignea-en-cuatro-provincias\/\" \/>\n<meta property=\"og:site_name\" content=\"Radio Infinita Goya\" \/>\n<meta property=\"article:publisher\" content=\"https:\/\/www.facebook.com\/p\/Infinita-Goya-100063870918311\/\" \/>\n<meta property=\"article:published_time\" content=\"2026-01-30T17:29:16+00:00\" \/>\n<meta property=\"og:image\" content=\"https:\/\/radioinfinitagoya.com.ar\/v1\/wp-content\/uploads\/2026\/01\/A-2.jpg\" \/>\n\t<meta property=\"og:image:width\" content=\"1080\" \/>\n\t<meta property=\"og:image:height\" content=\"916\" \/>\n\t<meta property=\"og:image:type\" content=\"image\/jpeg\" \/>\n<meta name=\"author\" content=\"Jorge Mi\u00f1o\" \/>\n<meta name=\"twitter:card\" content=\"summary_large_image\" \/>\n<meta name=\"twitter:label1\" content=\"Escrito por\" \/>\n\t<meta name=\"twitter:data1\" content=\"Jorge Mi\u00f1o\" \/>\n\t<meta name=\"twitter:label2\" content=\"Tiempo de lectura\" \/>\n\t<meta name=\"twitter:data2\" content=\"2 minutos\" \/>\n<script type=\"application\/ld+json\" class=\"yoast-schema-graph\">{\"@context\":\"https:\/\/schema.org\",\"@graph\":[{\"@type\":\"Article\",\"@id\":\"https:\/\/radioinfinitagoya.com.ar\/v1\/2026\/01\/30\/el-gobierno-declaro-la-emergencia-ignea-en-cuatro-provincias\/#article\",\"isPartOf\":{\"@id\":\"https:\/\/radioinfinitagoya.com.ar\/v1\/2026\/01\/30\/el-gobierno-declaro-la-emergencia-ignea-en-cuatro-provincias\/\"},\"author\":{\"name\":\"Jorge Mi\u00f1o\",\"@id\":\"https:\/\/radioinfinitagoya.com.ar\/v1\/#\/schema\/person\/d4cf9c413d4f6edb24aabdccab49ca4a\"},\"headline\":\"El Gobierno declar\u00f3 la emergencia \u00edgnea en cuatro provincias\",\"datePublished\":\"2026-01-30T17:29:16+00:00\",\"mainEntityOfPage\":{\"@id\":\"https:\/\/radioinfinitagoya.com.ar\/v1\/2026\/01\/30\/el-gobierno-declaro-la-emergencia-ignea-en-cuatro-provincias\/\"},\"wordCount\":457,\"commentCount\":0,\"publisher\":{\"@id\":\"https:\/\/radioinfinitagoya.com.ar\/v1\/#organization\"},\"image\":{\"@id\":\"https:\/\/radioinfinitagoya.com.ar\/v1\/2026\/01\/30\/el-gobierno-declaro-la-emergencia-ignea-en-cuatro-provincias\/#primaryimage\"},\"thumbnailUrl\":\"https:\/\/radioinfinitagoya.com.ar\/v1\/wp-content\/uploads\/2026\/01\/A-2.jpg\",\"articleSection\":[\"NACIONALES\"],\"inLanguage\":\"es-AR\",\"potentialAction\":[{\"@type\":\"CommentAction\",\"name\":\"Comment\",\"target\":[\"https:\/\/radioinfinitagoya.com.ar\/v1\/2026\/01\/30\/el-gobierno-declaro-la-emergencia-ignea-en-cuatro-provincias\/#respond\"]}]},{\"@type\":\"WebPage\",\"@id\":\"https:\/\/radioinfinitagoya.com.ar\/v1\/2026\/01\/30\/el-gobierno-declaro-la-emergencia-ignea-en-cuatro-provincias\/\",\"url\":\"https:\/\/radioinfinitagoya.com.ar\/v1\/2026\/01\/30\/el-gobierno-declaro-la-emergencia-ignea-en-cuatro-provincias\/\",\"name\":\"El Gobierno declar\u00f3 la emergencia \u00edgnea en cuatro provincias - Radio Infinita Goya\",\"isPartOf\":{\"@id\":\"https:\/\/radioinfinitagoya.com.ar\/v1\/#website\"},\"primaryImageOfPage\":{\"@id\":\"https:\/\/radioinfinitagoya.com.ar\/v1\/2026\/01\/30\/el-gobierno-declaro-la-emergencia-ignea-en-cuatro-provincias\/#primaryimage\"},\"image\":{\"@id\":\"https:\/\/radioinfinitagoya.com.ar\/v1\/2026\/01\/30\/el-gobierno-declaro-la-emergencia-ignea-en-cuatro-provincias\/#primaryimage\"},\"thumbnailUrl\":\"https:\/\/radioinfinitagoya.com.ar\/v1\/wp-content\/uploads\/2026\/01\/A-2.jpg\",\"datePublished\":\"2026-01-30T17:29:16+00:00\",\"description\":\"La medida alcanza a Chubut, R\u00edo Negro, Neuqu\u00e9n y La Pampa, en medio del avance de los incendios y la presi\u00f3n de los gobernadores. En medio del avance\",\"breadcrumb\":{\"@id\":\"https:\/\/radioinfinitagoya.com.ar\/v1\/2026\/01\/30\/el-gobierno-declaro-la-emergencia-ignea-en-cuatro-provincias\/#breadcrumb\"},\"inLanguage\":\"es-AR\",\"potentialAction\":[{\"@type\":\"ReadAction\",\"target\":[\"https:\/\/radioinfinitagoya.com.ar\/v1\/2026\/01\/30\/el-gobierno-declaro-la-emergencia-ignea-en-cuatro-provincias\/\"]}]},{\"@type\":\"ImageObject\",\"inLanguage\":\"es-AR\",\"@id\":\"https:\/\/radioinfinitagoya.com.ar\/v1\/2026\/01\/30\/el-gobierno-declaro-la-emergencia-ignea-en-cuatro-provincias\/#primaryimage\",\"url\":\"https:\/\/radioinfinitagoya.com.ar\/v1\/wp-content\/uploads\/2026\/01\/A-2.jpg\",\"contentUrl\":\"https:\/\/radioinfinitagoya.com.ar\/v1\/wp-content\/uploads\/2026\/01\/A-2.jpg\",\"width\":1080,\"height\":916},{\"@type\":\"BreadcrumbList\",\"@id\":\"https:\/\/radioinfinitagoya.com.ar\/v1\/2026\/01\/30\/el-gobierno-declaro-la-emergencia-ignea-en-cuatro-provincias\/#breadcrumb\",\"itemListElement\":[{\"@type\":\"ListItem\",\"position\":1,\"name\":\"Inicio\",\"item\":\"https:\/\/radioinfinitagoya.com.ar\/v1\/\"},{\"@type\":\"ListItem\",\"position\":2,\"name\":\"El Gobierno declar\u00f3 la emergencia \u00edgnea en cuatro provincias\"}]},{\"@type\":\"WebSite\",\"@id\":\"https:\/\/radioinfinitagoya.com.ar\/v1\/#website\",\"url\":\"https:\/\/radioinfinitagoya.com.ar\/v1\/\",\"name\":\"radioinfinitagoya.com.ar\",\"description\":\"Radio de noticias\",\"publisher\":{\"@id\":\"https:\/\/radioinfinitagoya.com.ar\/v1\/#organization\"},\"potentialAction\":[{\"@type\":\"SearchAction\",\"target\":{\"@type\":\"EntryPoint\",\"urlTemplate\":\"https:\/\/radioinfinitagoya.com.ar\/v1\/?s={search_term_string}\"},\"query-input\":{\"@type\":\"PropertyValueSpecification\",\"valueRequired\":true,\"valueName\":\"search_term_string\"}}],\"inLanguage\":\"es-AR\"},{\"@type\":\"Organization\",\"@id\":\"https:\/\/radioinfinitagoya.com.ar\/v1\/#organization\",\"name\":\"Radio Infinita Goya\",\"url\":\"https:\/\/radioinfinitagoya.com.ar\/v1\/\",\"logo\":{\"@type\":\"ImageObject\",\"inLanguage\":\"es-AR\",\"@id\":\"https:\/\/radioinfinitagoya.com.ar\/v1\/#\/schema\/logo\/image\/\",\"url\":\"https:\/\/radioinfinitagoya.com.ar\/v1\/wp-content\/uploads\/2019\/11\/logo-pie-web.png\",\"contentUrl\":\"https:\/\/radioinfinitagoya.com.ar\/v1\/wp-content\/uploads\/2019\/11\/logo-pie-web.png\",\"width\":635,\"height\":326,\"caption\":\"Radio Infinita Goya\"},\"image\":{\"@id\":\"https:\/\/radioinfinitagoya.com.ar\/v1\/#\/schema\/logo\/image\/\"},\"sameAs\":[\"https:\/\/www.facebook.com\/p\/Infinita-Goya-100063870918311\/\"]},{\"@type\":\"Person\",\"@id\":\"https:\/\/radioinfinitagoya.com.ar\/v1\/#\/schema\/person\/d4cf9c413d4f6edb24aabdccab49ca4a\",\"name\":\"Jorge Mi\u00f1o\",\"image\":{\"@type\":\"ImageObject\",\"inLanguage\":\"es-AR\",\"@id\":\"https:\/\/secure.gravatar.com\/avatar\/910fcf6728fe95320e07a6643c1581fec1c7fc4bf8ae12e3d8f0d0373dc844be?s=96&d=mm&r=g\",\"url\":\"https:\/\/secure.gravatar.com\/avatar\/910fcf6728fe95320e07a6643c1581fec1c7fc4bf8ae12e3d8f0d0373dc844be?s=96&d=mm&r=g\",\"contentUrl\":\"https:\/\/secure.gravatar.com\/avatar\/910fcf6728fe95320e07a6643c1581fec1c7fc4bf8ae12e3d8f0d0373dc844be?s=96&d=mm&r=g\",\"caption\":\"Jorge Mi\u00f1o\"},\"sameAs\":[\"http:\/\/radioinfinitagoya.com.ar\"]}]}<\/script>\n<!-- \/ Yoast SEO plugin. -->","yoast_head_json":{"title":"El Gobierno declar\u00f3 la emergencia \u00edgnea en cuatro provincias - Radio Infinita Goya","description":"La medida alcanza a Chubut, R\u00edo Negro, Neuqu\u00e9n y La Pampa, en medio del avance de los incendios y la presi\u00f3n de los gobernadores. En medio del avance","robots":{"index":"index","follow":"follow","max-snippet":"max-snippet:-1","max-image-preview":"max-image-preview:large","max-video-preview":"max-video-preview:-1"},"canonical":"https:\/\/radioinfinitagoya.com.ar\/v1\/2026\/01\/30\/el-gobierno-declaro-la-emergencia-ignea-en-cuatro-provincias\/","og_locale":"es_ES","og_type":"article","og_title":"El Gobierno declar\u00f3 la emergencia \u00edgnea en cuatro provincias - Radio Infinita Goya","og_description":"La medida alcanza a Chubut, R\u00edo Negro, Neuqu\u00e9n y La Pampa, en medio del avance de los incendios y la presi\u00f3n de los gobernadores. En medio del avance","og_url":"https:\/\/radioinfinitagoya.com.ar\/v1\/2026\/01\/30\/el-gobierno-declaro-la-emergencia-ignea-en-cuatro-provincias\/","og_site_name":"Radio Infinita Goya","article_publisher":"https:\/\/www.facebook.com\/p\/Infinita-Goya-100063870918311\/","article_published_time":"2026-01-30T17:29:16+00:00","og_image":[{"width":1080,"height":916,"url":"https:\/\/radioinfinitagoya.com.ar\/v1\/wp-content\/uploads\/2026\/01\/A-2.jpg","type":"image\/jpeg"}],"author":"Jorge Mi\u00f1o","twitter_card":"summary_large_image","twitter_misc":{"Escrito por":"Jorge Mi\u00f1o","Tiempo de lectura":"2 minutos"},"schema":{"@context":"https:\/\/schema.org","@graph":[{"@type":"Article","@id":"https:\/\/radioinfinitagoya.com.ar\/v1\/2026\/01\/30\/el-gobierno-declaro-la-emergencia-ignea-en-cuatro-provincias\/#article","isPartOf":{"@id":"https:\/\/radioinfinitagoya.com.ar\/v1\/2026\/01\/30\/el-gobierno-declaro-la-emergencia-ignea-en-cuatro-provincias\/"},"author":{"name":"Jorge Mi\u00f1o","@id":"https:\/\/radioinfinitagoya.com.ar\/v1\/#\/schema\/person\/d4cf9c413d4f6edb24aabdccab49ca4a"},"headline":"El Gobierno declar\u00f3 la emergencia \u00edgnea en cuatro provincias","datePublished":"2026-01-30T17:29:16+00:00","mainEntityOfPage":{"@id":"https:\/\/radioinfinitagoya.com.ar\/v1\/2026\/01\/30\/el-gobierno-declaro-la-emergencia-ignea-en-cuatro-provincias\/"},"wordCount":457,"commentCount":0,"publisher":{"@id":"https:\/\/radioinfinitagoya.com.ar\/v1\/#organization"},"image":{"@id":"https:\/\/radioinfinitagoya.com.ar\/v1\/2026\/01\/30\/el-gobierno-declaro-la-emergencia-ignea-en-cuatro-provincias\/#primaryimage"},"thumbnailUrl":"https:\/\/radioinfinitagoya.com.ar\/v1\/wp-content\/uploads\/2026\/01\/A-2.jpg","articleSection":["NACIONALES"],"inLanguage":"es-AR","potentialAction":[{"@type":"CommentAction","name":"Comment","target":["https:\/\/radioinfinitagoya.com.ar\/v1\/2026\/01\/30\/el-gobierno-declaro-la-emergencia-ignea-en-cuatro-provincias\/#respond"]}]},{"@type":"WebPage","@id":"https:\/\/radioinfinitagoya.com.ar\/v1\/2026\/01\/30\/el-gobierno-declaro-la-emergencia-ignea-en-cuatro-provincias\/","url":"https:\/\/radioinfinitagoya.com.ar\/v1\/2026\/01\/30\/el-gobierno-declaro-la-emergencia-ignea-en-cuatro-provincias\/","name":"El Gobierno declar\u00f3 la emergencia \u00edgnea en cuatro provincias - Radio Infinita Goya","isPartOf":{"@id":"https:\/\/radioinfinitagoya.com.ar\/v1\/#website"},"primaryImageOfPage":{"@id":"https:\/\/radioinfinitagoya.com.ar\/v1\/2026\/01\/30\/el-gobierno-declaro-la-emergencia-ignea-en-cuatro-provincias\/#primaryimage"},"image":{"@id":"https:\/\/radioinfinitagoya.com.ar\/v1\/2026\/01\/30\/el-gobierno-declaro-la-emergencia-ignea-en-cuatro-provincias\/#primaryimage"},"thumbnailUrl":"https:\/\/radioinfinitagoya.com.ar\/v1\/wp-content\/uploads\/2026\/01\/A-2.jpg","datePublished":"2026-01-30T17:29:16+00:00","description":"La medida alcanza a Chubut, R\u00edo Negro, Neuqu\u00e9n y La Pampa, en medio del avance de los incendios y la presi\u00f3n de los gobernadores. En medio del avance","breadcrumb":{"@id":"https:\/\/radioinfinitagoya.com.ar\/v1\/2026\/01\/30\/el-gobierno-declaro-la-emergencia-ignea-en-cuatro-provincias\/#breadcrumb"},"inLanguage":"es-AR","potentialAction":[{"@type":"ReadAction","target":["https:\/\/radioinfinitagoya.com.ar\/v1\/2026\/01\/30\/el-gobierno-declaro-la-emergencia-ignea-en-cuatro-provincias\/"]}]},{"@type":"ImageObject","inLanguage":"es-AR","@id":"https:\/\/radioinfinitagoya.com.ar\/v1\/2026\/01\/30\/el-gobierno-declaro-la-emergencia-ignea-en-cuatro-provincias\/#primaryimage","url":"https:\/\/radioinfinitagoya.com.ar\/v1\/wp-content\/uploads\/2026\/01\/A-2.jpg","contentUrl":"https:\/\/radioinfinitagoya.com.ar\/v1\/wp-content\/uploads\/2026\/01\/A-2.jpg","width":1080,"height":916},{"@type":"BreadcrumbList","@id":"https:\/\/radioinfinitagoya.com.ar\/v1\/2026\/01\/30\/el-gobierno-declaro-la-emergencia-ignea-en-cuatro-provincias\/#breadcrumb","itemListElement":[{"@type":"ListItem","position":1,"name":"Inicio","item":"https:\/\/radioinfinitagoya.com.ar\/v1\/"},{"@type":"ListItem","position":2,"name":"El Gobierno declar\u00f3 la emergencia \u00edgnea en cuatro provincias"}]},{"@type":"WebSite","@id":"https:\/\/radioinfinitagoya.com.ar\/v1\/#website","url":"https:\/\/radioinfinitagoya.com.ar\/v1\/","name":"radioinfinitagoya.com.ar","description":"Radio de noticias","publisher":{"@id":"https:\/\/radioinfinitagoya.com.ar\/v1\/#organization"},"potentialAction":[{"@type":"SearchAction","target":{"@type":"EntryPoint","urlTemplate":"https:\/\/radioinfinitagoya.com.ar\/v1\/?s={search_term_string}"},"query-input":{"@type":"PropertyValueSpecification","valueRequired":true,"valueName":"search_term_string"}}],"inLanguage":"es-AR"},{"@type":"Organization","@id":"https:\/\/radioinfinitagoya.com.ar\/v1\/#organization","name":"Radio Infinita Goya","url":"https:\/\/radioinfinitagoya.com.ar\/v1\/","logo":{"@type":"ImageObject","inLanguage":"es-AR","@id":"https:\/\/radioinfinitagoya.com.ar\/v1\/#\/schema\/logo\/image\/","url":"https:\/\/radioinfinitagoya.com.ar\/v1\/wp-content\/uploads\/2019\/11\/logo-pie-web.png","contentUrl":"https:\/\/radioinfinitagoya.com.ar\/v1\/wp-content\/uploads\/2019\/11\/logo-pie-web.png","width":635,"height":326,"caption":"Radio Infinita Goya"},"image":{"@id":"https:\/\/radioinfinitagoya.com.ar\/v1\/#\/schema\/logo\/image\/"},"sameAs":["https:\/\/www.facebook.com\/p\/Infinita-Goya-100063870918311\/"]},{"@type":"Person","@id":"https:\/\/radioinfinitagoya.com.ar\/v1\/#\/schema\/person\/d4cf9c413d4f6edb24aabdccab49ca4a","name":"Jorge Mi\u00f1o","image":{"@type":"ImageObject","inLanguage":"es-AR","@id":"https:\/\/secure.gravatar.com\/avatar\/910fcf6728fe95320e07a6643c1581fec1c7fc4bf8ae12e3d8f0d0373dc844be?s=96&d=mm&r=g","url":"https:\/\/secure.gravatar.com\/avatar\/910fcf6728fe95320e07a6643c1581fec1c7fc4bf8ae12e3d8f0d0373dc844be?s=96&d=mm&r=g","contentUrl":"https:\/\/secure.gravatar.com\/avatar\/910fcf6728fe95320e07a6643c1581fec1c7fc4bf8ae12e3d8f0d0373dc844be?s=96&d=mm&r=g","caption":"Jorge Mi\u00f1o"},"sameAs":["http:\/\/radioinfinitagoya.com.ar"]}]}},"_links":{"self":[{"href":"https:\/\/radioinfinitagoya.com.ar\/v1\/wp-json\/wp\/v2\/posts\/203820","targetHints":{"allow":["GET"]}}],"collection":[{"href":"https:\/\/radioinfinitagoya.com.ar\/v1\/wp-json\/wp\/v2\/posts"}],"about":[{"href":"https:\/\/radioinfinitagoya.com.ar\/v1\/wp-json\/wp\/v2\/types\/post"}],"author":[{"embeddable":true,"href":"https:\/\/radioinfinitagoya.com.ar\/v1\/wp-json\/wp\/v2\/users\/4"}],"replies":[{"embeddable":true,"href":"https:\/\/radioinfinitagoya.com.ar\/v1\/wp-json\/wp\/v2\/comments?post=203820"}],"version-history":[{"count":0,"href":"https:\/\/radioinfinitagoya.com.ar\/v1\/wp-json\/wp\/v2\/posts\/203820\/revisions"}],"wp:featuredmedia":[{"embeddable":true,"href":"https:\/\/radioinfinitagoya.com.ar\/v1\/wp-json\/wp\/v2\/media\/203821"}],"wp:attachment":[{"href":"https:\/\/radioinfinitagoya.com.ar\/v1\/wp-json\/wp\/v2\/media?parent=203820"}],"wp:term":[{"taxonomy":"category","embeddable":true,"href":"https:\/\/radioinfinitagoya.com.ar\/v1\/wp-json\/wp\/v2\/categories?post=203820"},{"taxonomy":"post_tag","embeddable":true,"href":"https:\/\/radioinfinitagoya.com.ar\/v1\/wp-json\/wp\/v2\/tags?post=203820"}],"curies":[{"name":"wp","href":"https:\/\/api.w.org\/{rel}","templated":true}]}}