{"id":203823,"date":"2026-01-30T14:43:36","date_gmt":"2026-01-30T17:43:36","guid":{"rendered":"https:\/\/radioinfinitagoya.com.ar\/v1\/?p=203823"},"modified":"2026-01-30T14:43:36","modified_gmt":"2026-01-30T17:43:36","slug":"el-renatre-actualizo-la-prestacion-por-desempleo-rural","status":"publish","type":"post","link":"https:\/\/radioinfinitagoya.com.ar\/v1\/2026\/01\/30\/el-renatre-actualizo-la-prestacion-por-desempleo-rural\/","title":{"rendered":"El Renatre actualiz\u00f3 la Prestaci\u00f3n por Desempleo rural"},"content":{"rendered":"<p>Estos son los nuevos montos<\/p>\n<p>El incremento ser\u00e1 del 3% y comenzar\u00e1 a regir desde el 1 de febrero. Tambi\u00e9n se ajustaron los valores m\u00ednimos y los adicionales por zona desfavorable.<\/p>\n<p>El Registro Nacional de Trabajadores Rurales y Empleadores (Renatre) resolvi\u00f3 una actualizaci\u00f3n en los montos de la Prestaci\u00f3n por Desempleo, que entrar\u00e1 en vigencia a partir del 1 de febrero. Con el nuevo esquema, el monto m\u00e1ximo se fij\u00f3 en $356.895 y el m\u00ednimo en $178.448, tras un incremento del 3%.<\/p>\n<p>El Registro Nacional de Trabajadores Rurales y Empleadores (Renatre) resolvi\u00f3 una actualizaci\u00f3n en los montos de la Prestaci\u00f3n por Desempleo, que entrar\u00e1 en vigencia a partir del 1 de febrero. Con el nuevo esquema, el monto m\u00e1ximo se fij\u00f3 en $356.895 y el m\u00ednimo en $178.448, tras un incremento del 3%.<\/p>\n<p>La medida fue definida por el Cuerpo Directivo del organismo, luego de analizar el contexto econ\u00f3mico general y la situaci\u00f3n financiera del Registro. Seg\u00fan se inform\u00f3, el objetivo es sostener la cobertura social destinada a trabajadores y trabajadoras rurales que atraviesan situaciones de desempleo.<\/p>\n<p>Desde el Renatre se\u00f1alaron que la actualizaci\u00f3n busca garantizar la sustentabilidad del r\u00e9gimen de prestaciones con el equilibrio entre los aportes de los empleadores y los beneficios otorgados a los beneficiarios.<\/p>\n<p>Adem\u00e1s del pago mensual, la Prestaci\u00f3n por Desempleo incluye:<\/p>\n<p>Cobertura m\u00e9dico-asistencial.<\/p>\n<p>Acceso a asignaciones familiares.<\/p>\n<p>Participaci\u00f3n en programas de capacitaci\u00f3n y reinserci\u00f3n laboral.<\/p>\n<p>En paralelo, el organismo contin\u00faa desarrollando acciones de formaci\u00f3n dirigidas a quienes perciben la prestaci\u00f3n, con capacitaciones orientadas a mejorar habilidades laborales, fortalecer la empleabilidad y brindar informaci\u00f3n sobre derechos y obligaciones en el \u00e1mbito del trabajo rural.<\/p>\n<p>El esquema contempla tambi\u00e9n adicionales por zona desfavorable. Al monto general se suma un 20% para beneficiarios que residan en Chubut, Santa Cruz, Tierra del Fuego, Ant\u00e1rtida e Islas del Atl\u00e1ntico Sur, y un 10% adicional para quienes viven en Neuqu\u00e9n y R\u00edo Negro.<\/p>\n<p>&nbsp;<\/p>\n<p>&nbsp;<\/p>\n","protected":false},"excerpt":{"rendered":"<p>Estos son los nuevos montos El incremento ser\u00e1 del 3% y comenzar\u00e1 a regir desde el 1 de febrero. Tambi\u00e9n se ajustaron los valores m\u00ednimos y los adicionales por zona desfavorable. El Registro Nacional de Trabajadores Rurales y Empleadores (Renatre) resolvi\u00f3 una actualizaci\u00f3n en los montos de la Prestaci\u00f3n por Desempleo, que entrar\u00e1 en vigencia [&hellip;]<\/p>\n","protected":false},"author":4,"featured_media":203824,"comment_status":"open","ping_status":"open","sticky":false,"template":"","format":"standard","meta":{"_joinchat":[],"footnotes":""},"categories":[29],"tags":[],"class_list":{"0":"post-203823","1":"post","2":"type-post","3":"status-publish","4":"format-standard","5":"has-post-thumbnail","7":"category-nacionales"},"yoast_head":"<!-- This site is optimized with the Yoast SEO plugin v27.2 - https:\/\/yoast.com\/product\/yoast-seo-wordpress\/ -->\n<title>El Renatre actualiz\u00f3 la Prestaci\u00f3n por Desempleo rural - Radio Infinita Goya<\/title>\n<meta name=\"description\" content=\"Estos son los nuevos montos El incremento ser\u00e1 del 3% y comenzar\u00e1 a regir desde el 1 de febrero. Tambi\u00e9n se ajustaron los valores m\u00ednimos y los\" \/>\n<meta name=\"robots\" content=\"index, follow, max-snippet:-1, max-image-preview:large, max-video-preview:-1\" \/>\n<link rel=\"canonical\" href=\"https:\/\/radioinfinitagoya.com.ar\/v1\/2026\/01\/30\/el-renatre-actualizo-la-prestacion-por-desempleo-rural\/\" \/>\n<meta property=\"og:locale\" content=\"es_ES\" \/>\n<meta property=\"og:type\" content=\"article\" \/>\n<meta property=\"og:title\" content=\"El Renatre actualiz\u00f3 la Prestaci\u00f3n por Desempleo rural - Radio Infinita Goya\" \/>\n<meta property=\"og:description\" content=\"Estos son los nuevos montos El incremento ser\u00e1 del 3% y comenzar\u00e1 a regir desde el 1 de febrero. Tambi\u00e9n se ajustaron los valores m\u00ednimos y los\" \/>\n<meta property=\"og:url\" content=\"https:\/\/radioinfinitagoya.com.ar\/v1\/2026\/01\/30\/el-renatre-actualizo-la-prestacion-por-desempleo-rural\/\" \/>\n<meta property=\"og:site_name\" content=\"Radio Infinita Goya\" \/>\n<meta property=\"article:publisher\" content=\"https:\/\/www.facebook.com\/p\/Infinita-Goya-100063870918311\/\" \/>\n<meta property=\"article:published_time\" content=\"2026-01-30T17:43:36+00:00\" \/>\n<meta property=\"og:image\" content=\"https:\/\/radioinfinitagoya.com.ar\/v1\/wp-content\/uploads\/2026\/01\/AA.jpg\" \/>\n\t<meta property=\"og:image:width\" content=\"910\" \/>\n\t<meta property=\"og:image:height\" content=\"488\" \/>\n\t<meta property=\"og:image:type\" content=\"image\/jpeg\" \/>\n<meta name=\"author\" content=\"Jorge Mi\u00f1o\" \/>\n<meta name=\"twitter:card\" content=\"summary_large_image\" \/>\n<meta name=\"twitter:label1\" content=\"Escrito por\" \/>\n\t<meta name=\"twitter:data1\" content=\"Jorge Mi\u00f1o\" \/>\n\t<meta name=\"twitter:label2\" content=\"Tiempo de lectura\" \/>\n\t<meta name=\"twitter:data2\" content=\"2 minutos\" \/>\n<script type=\"application\/ld+json\" class=\"yoast-schema-graph\">{\"@context\":\"https:\/\/schema.org\",\"@graph\":[{\"@type\":\"Article\",\"@id\":\"https:\/\/radioinfinitagoya.com.ar\/v1\/2026\/01\/30\/el-renatre-actualizo-la-prestacion-por-desempleo-rural\/#article\",\"isPartOf\":{\"@id\":\"https:\/\/radioinfinitagoya.com.ar\/v1\/2026\/01\/30\/el-renatre-actualizo-la-prestacion-por-desempleo-rural\/\"},\"author\":{\"name\":\"Jorge Mi\u00f1o\",\"@id\":\"https:\/\/radioinfinitagoya.com.ar\/v1\/#\/schema\/person\/d4cf9c413d4f6edb24aabdccab49ca4a\"},\"headline\":\"El Renatre actualiz\u00f3 la Prestaci\u00f3n por Desempleo rural\",\"datePublished\":\"2026-01-30T17:43:36+00:00\",\"mainEntityOfPage\":{\"@id\":\"https:\/\/radioinfinitagoya.com.ar\/v1\/2026\/01\/30\/el-renatre-actualizo-la-prestacion-por-desempleo-rural\/\"},\"wordCount\":343,\"commentCount\":0,\"publisher\":{\"@id\":\"https:\/\/radioinfinitagoya.com.ar\/v1\/#organization\"},\"image\":{\"@id\":\"https:\/\/radioinfinitagoya.com.ar\/v1\/2026\/01\/30\/el-renatre-actualizo-la-prestacion-por-desempleo-rural\/#primaryimage\"},\"thumbnailUrl\":\"https:\/\/radioinfinitagoya.com.ar\/v1\/wp-content\/uploads\/2026\/01\/AA.jpg\",\"articleSection\":[\"NACIONALES\"],\"inLanguage\":\"es-AR\",\"potentialAction\":[{\"@type\":\"CommentAction\",\"name\":\"Comment\",\"target\":[\"https:\/\/radioinfinitagoya.com.ar\/v1\/2026\/01\/30\/el-renatre-actualizo-la-prestacion-por-desempleo-rural\/#respond\"]}]},{\"@type\":\"WebPage\",\"@id\":\"https:\/\/radioinfinitagoya.com.ar\/v1\/2026\/01\/30\/el-renatre-actualizo-la-prestacion-por-desempleo-rural\/\",\"url\":\"https:\/\/radioinfinitagoya.com.ar\/v1\/2026\/01\/30\/el-renatre-actualizo-la-prestacion-por-desempleo-rural\/\",\"name\":\"El Renatre actualiz\u00f3 la Prestaci\u00f3n por Desempleo rural - Radio Infinita Goya\",\"isPartOf\":{\"@id\":\"https:\/\/radioinfinitagoya.com.ar\/v1\/#website\"},\"primaryImageOfPage\":{\"@id\":\"https:\/\/radioinfinitagoya.com.ar\/v1\/2026\/01\/30\/el-renatre-actualizo-la-prestacion-por-desempleo-rural\/#primaryimage\"},\"image\":{\"@id\":\"https:\/\/radioinfinitagoya.com.ar\/v1\/2026\/01\/30\/el-renatre-actualizo-la-prestacion-por-desempleo-rural\/#primaryimage\"},\"thumbnailUrl\":\"https:\/\/radioinfinitagoya.com.ar\/v1\/wp-content\/uploads\/2026\/01\/AA.jpg\",\"datePublished\":\"2026-01-30T17:43:36+00:00\",\"description\":\"Estos son los nuevos montos El incremento ser\u00e1 del 3% y comenzar\u00e1 a regir desde el 1 de febrero. Tambi\u00e9n se ajustaron los valores m\u00ednimos y los\",\"breadcrumb\":{\"@id\":\"https:\/\/radioinfinitagoya.com.ar\/v1\/2026\/01\/30\/el-renatre-actualizo-la-prestacion-por-desempleo-rural\/#breadcrumb\"},\"inLanguage\":\"es-AR\",\"potentialAction\":[{\"@type\":\"ReadAction\",\"target\":[\"https:\/\/radioinfinitagoya.com.ar\/v1\/2026\/01\/30\/el-renatre-actualizo-la-prestacion-por-desempleo-rural\/\"]}]},{\"@type\":\"ImageObject\",\"inLanguage\":\"es-AR\",\"@id\":\"https:\/\/radioinfinitagoya.com.ar\/v1\/2026\/01\/30\/el-renatre-actualizo-la-prestacion-por-desempleo-rural\/#primaryimage\",\"url\":\"https:\/\/radioinfinitagoya.com.ar\/v1\/wp-content\/uploads\/2026\/01\/AA.jpg\",\"contentUrl\":\"https:\/\/radioinfinitagoya.com.ar\/v1\/wp-content\/uploads\/2026\/01\/AA.jpg\",\"width\":910,\"height\":488},{\"@type\":\"BreadcrumbList\",\"@id\":\"https:\/\/radioinfinitagoya.com.ar\/v1\/2026\/01\/30\/el-renatre-actualizo-la-prestacion-por-desempleo-rural\/#breadcrumb\",\"itemListElement\":[{\"@type\":\"ListItem\",\"position\":1,\"name\":\"Inicio\",\"item\":\"https:\/\/radioinfinitagoya.com.ar\/v1\/\"},{\"@type\":\"ListItem\",\"position\":2,\"name\":\"El Renatre actualiz\u00f3 la Prestaci\u00f3n por Desempleo rural\"}]},{\"@type\":\"WebSite\",\"@id\":\"https:\/\/radioinfinitagoya.com.ar\/v1\/#website\",\"url\":\"https:\/\/radioinfinitagoya.com.ar\/v1\/\",\"name\":\"radioinfinitagoya.com.ar\",\"description\":\"Radio de noticias\",\"publisher\":{\"@id\":\"https:\/\/radioinfinitagoya.com.ar\/v1\/#organization\"},\"potentialAction\":[{\"@type\":\"SearchAction\",\"target\":{\"@type\":\"EntryPoint\",\"urlTemplate\":\"https:\/\/radioinfinitagoya.com.ar\/v1\/?s={search_term_string}\"},\"query-input\":{\"@type\":\"PropertyValueSpecification\",\"valueRequired\":true,\"valueName\":\"search_term_string\"}}],\"inLanguage\":\"es-AR\"},{\"@type\":\"Organization\",\"@id\":\"https:\/\/radioinfinitagoya.com.ar\/v1\/#organization\",\"name\":\"Radio Infinita Goya\",\"url\":\"https:\/\/radioinfinitagoya.com.ar\/v1\/\",\"logo\":{\"@type\":\"ImageObject\",\"inLanguage\":\"es-AR\",\"@id\":\"https:\/\/radioinfinitagoya.com.ar\/v1\/#\/schema\/logo\/image\/\",\"url\":\"https:\/\/radioinfinitagoya.com.ar\/v1\/wp-content\/uploads\/2019\/11\/logo-pie-web.png\",\"contentUrl\":\"https:\/\/radioinfinitagoya.com.ar\/v1\/wp-content\/uploads\/2019\/11\/logo-pie-web.png\",\"width\":635,\"height\":326,\"caption\":\"Radio Infinita Goya\"},\"image\":{\"@id\":\"https:\/\/radioinfinitagoya.com.ar\/v1\/#\/schema\/logo\/image\/\"},\"sameAs\":[\"https:\/\/www.facebook.com\/p\/Infinita-Goya-100063870918311\/\"]},{\"@type\":\"Person\",\"@id\":\"https:\/\/radioinfinitagoya.com.ar\/v1\/#\/schema\/person\/d4cf9c413d4f6edb24aabdccab49ca4a\",\"name\":\"Jorge Mi\u00f1o\",\"image\":{\"@type\":\"ImageObject\",\"inLanguage\":\"es-AR\",\"@id\":\"https:\/\/secure.gravatar.com\/avatar\/910fcf6728fe95320e07a6643c1581fec1c7fc4bf8ae12e3d8f0d0373dc844be?s=96&d=mm&r=g\",\"url\":\"https:\/\/secure.gravatar.com\/avatar\/910fcf6728fe95320e07a6643c1581fec1c7fc4bf8ae12e3d8f0d0373dc844be?s=96&d=mm&r=g\",\"contentUrl\":\"https:\/\/secure.gravatar.com\/avatar\/910fcf6728fe95320e07a6643c1581fec1c7fc4bf8ae12e3d8f0d0373dc844be?s=96&d=mm&r=g\",\"caption\":\"Jorge Mi\u00f1o\"},\"sameAs\":[\"http:\/\/radioinfinitagoya.com.ar\"]}]}<\/script>\n<!-- \/ Yoast SEO plugin. -->","yoast_head_json":{"title":"El Renatre actualiz\u00f3 la Prestaci\u00f3n por Desempleo rural - Radio Infinita Goya","description":"Estos son los nuevos montos El incremento ser\u00e1 del 3% y comenzar\u00e1 a regir desde el 1 de febrero. Tambi\u00e9n se ajustaron los valores m\u00ednimos y los","robots":{"index":"index","follow":"follow","max-snippet":"max-snippet:-1","max-image-preview":"max-image-preview:large","max-video-preview":"max-video-preview:-1"},"canonical":"https:\/\/radioinfinitagoya.com.ar\/v1\/2026\/01\/30\/el-renatre-actualizo-la-prestacion-por-desempleo-rural\/","og_locale":"es_ES","og_type":"article","og_title":"El Renatre actualiz\u00f3 la Prestaci\u00f3n por Desempleo rural - Radio Infinita Goya","og_description":"Estos son los nuevos montos El incremento ser\u00e1 del 3% y comenzar\u00e1 a regir desde el 1 de febrero. Tambi\u00e9n se ajustaron los valores m\u00ednimos y los","og_url":"https:\/\/radioinfinitagoya.com.ar\/v1\/2026\/01\/30\/el-renatre-actualizo-la-prestacion-por-desempleo-rural\/","og_site_name":"Radio Infinita Goya","article_publisher":"https:\/\/www.facebook.com\/p\/Infinita-Goya-100063870918311\/","article_published_time":"2026-01-30T17:43:36+00:00","og_image":[{"width":910,"height":488,"url":"https:\/\/radioinfinitagoya.com.ar\/v1\/wp-content\/uploads\/2026\/01\/AA.jpg","type":"image\/jpeg"}],"author":"Jorge Mi\u00f1o","twitter_card":"summary_large_image","twitter_misc":{"Escrito por":"Jorge Mi\u00f1o","Tiempo de lectura":"2 minutos"},"schema":{"@context":"https:\/\/schema.org","@graph":[{"@type":"Article","@id":"https:\/\/radioinfinitagoya.com.ar\/v1\/2026\/01\/30\/el-renatre-actualizo-la-prestacion-por-desempleo-rural\/#article","isPartOf":{"@id":"https:\/\/radioinfinitagoya.com.ar\/v1\/2026\/01\/30\/el-renatre-actualizo-la-prestacion-por-desempleo-rural\/"},"author":{"name":"Jorge Mi\u00f1o","@id":"https:\/\/radioinfinitagoya.com.ar\/v1\/#\/schema\/person\/d4cf9c413d4f6edb24aabdccab49ca4a"},"headline":"El Renatre actualiz\u00f3 la Prestaci\u00f3n por Desempleo rural","datePublished":"2026-01-30T17:43:36+00:00","mainEntityOfPage":{"@id":"https:\/\/radioinfinitagoya.com.ar\/v1\/2026\/01\/30\/el-renatre-actualizo-la-prestacion-por-desempleo-rural\/"},"wordCount":343,"commentCount":0,"publisher":{"@id":"https:\/\/radioinfinitagoya.com.ar\/v1\/#organization"},"image":{"@id":"https:\/\/radioinfinitagoya.com.ar\/v1\/2026\/01\/30\/el-renatre-actualizo-la-prestacion-por-desempleo-rural\/#primaryimage"},"thumbnailUrl":"https:\/\/radioinfinitagoya.com.ar\/v1\/wp-content\/uploads\/2026\/01\/AA.jpg","articleSection":["NACIONALES"],"inLanguage":"es-AR","potentialAction":[{"@type":"CommentAction","name":"Comment","target":["https:\/\/radioinfinitagoya.com.ar\/v1\/2026\/01\/30\/el-renatre-actualizo-la-prestacion-por-desempleo-rural\/#respond"]}]},{"@type":"WebPage","@id":"https:\/\/radioinfinitagoya.com.ar\/v1\/2026\/01\/30\/el-renatre-actualizo-la-prestacion-por-desempleo-rural\/","url":"https:\/\/radioinfinitagoya.com.ar\/v1\/2026\/01\/30\/el-renatre-actualizo-la-prestacion-por-desempleo-rural\/","name":"El Renatre actualiz\u00f3 la Prestaci\u00f3n por Desempleo rural - Radio Infinita Goya","isPartOf":{"@id":"https:\/\/radioinfinitagoya.com.ar\/v1\/#website"},"primaryImageOfPage":{"@id":"https:\/\/radioinfinitagoya.com.ar\/v1\/2026\/01\/30\/el-renatre-actualizo-la-prestacion-por-desempleo-rural\/#primaryimage"},"image":{"@id":"https:\/\/radioinfinitagoya.com.ar\/v1\/2026\/01\/30\/el-renatre-actualizo-la-prestacion-por-desempleo-rural\/#primaryimage"},"thumbnailUrl":"https:\/\/radioinfinitagoya.com.ar\/v1\/wp-content\/uploads\/2026\/01\/AA.jpg","datePublished":"2026-01-30T17:43:36+00:00","description":"Estos son los nuevos montos El incremento ser\u00e1 del 3% y comenzar\u00e1 a regir desde el 1 de febrero. Tambi\u00e9n se ajustaron los valores m\u00ednimos y los","breadcrumb":{"@id":"https:\/\/radioinfinitagoya.com.ar\/v1\/2026\/01\/30\/el-renatre-actualizo-la-prestacion-por-desempleo-rural\/#breadcrumb"},"inLanguage":"es-AR","potentialAction":[{"@type":"ReadAction","target":["https:\/\/radioinfinitagoya.com.ar\/v1\/2026\/01\/30\/el-renatre-actualizo-la-prestacion-por-desempleo-rural\/"]}]},{"@type":"ImageObject","inLanguage":"es-AR","@id":"https:\/\/radioinfinitagoya.com.ar\/v1\/2026\/01\/30\/el-renatre-actualizo-la-prestacion-por-desempleo-rural\/#primaryimage","url":"https:\/\/radioinfinitagoya.com.ar\/v1\/wp-content\/uploads\/2026\/01\/AA.jpg","contentUrl":"https:\/\/radioinfinitagoya.com.ar\/v1\/wp-content\/uploads\/2026\/01\/AA.jpg","width":910,"height":488},{"@type":"BreadcrumbList","@id":"https:\/\/radioinfinitagoya.com.ar\/v1\/2026\/01\/30\/el-renatre-actualizo-la-prestacion-por-desempleo-rural\/#breadcrumb","itemListElement":[{"@type":"ListItem","position":1,"name":"Inicio","item":"https:\/\/radioinfinitagoya.com.ar\/v1\/"},{"@type":"ListItem","position":2,"name":"El Renatre actualiz\u00f3 la Prestaci\u00f3n por Desempleo rural"}]},{"@type":"WebSite","@id":"https:\/\/radioinfinitagoya.com.ar\/v1\/#website","url":"https:\/\/radioinfinitagoya.com.ar\/v1\/","name":"radioinfinitagoya.com.ar","description":"Radio de noticias","publisher":{"@id":"https:\/\/radioinfinitagoya.com.ar\/v1\/#organization"},"potentialAction":[{"@type":"SearchAction","target":{"@type":"EntryPoint","urlTemplate":"https:\/\/radioinfinitagoya.com.ar\/v1\/?s={search_term_string}"},"query-input":{"@type":"PropertyValueSpecification","valueRequired":true,"valueName":"search_term_string"}}],"inLanguage":"es-AR"},{"@type":"Organization","@id":"https:\/\/radioinfinitagoya.com.ar\/v1\/#organization","name":"Radio Infinita Goya","url":"https:\/\/radioinfinitagoya.com.ar\/v1\/","logo":{"@type":"ImageObject","inLanguage":"es-AR","@id":"https:\/\/radioinfinitagoya.com.ar\/v1\/#\/schema\/logo\/image\/","url":"https:\/\/radioinfinitagoya.com.ar\/v1\/wp-content\/uploads\/2019\/11\/logo-pie-web.png","contentUrl":"https:\/\/radioinfinitagoya.com.ar\/v1\/wp-content\/uploads\/2019\/11\/logo-pie-web.png","width":635,"height":326,"caption":"Radio Infinita Goya"},"image":{"@id":"https:\/\/radioinfinitagoya.com.ar\/v1\/#\/schema\/logo\/image\/"},"sameAs":["https:\/\/www.facebook.com\/p\/Infinita-Goya-100063870918311\/"]},{"@type":"Person","@id":"https:\/\/radioinfinitagoya.com.ar\/v1\/#\/schema\/person\/d4cf9c413d4f6edb24aabdccab49ca4a","name":"Jorge Mi\u00f1o","image":{"@type":"ImageObject","inLanguage":"es-AR","@id":"https:\/\/secure.gravatar.com\/avatar\/910fcf6728fe95320e07a6643c1581fec1c7fc4bf8ae12e3d8f0d0373dc844be?s=96&d=mm&r=g","url":"https:\/\/secure.gravatar.com\/avatar\/910fcf6728fe95320e07a6643c1581fec1c7fc4bf8ae12e3d8f0d0373dc844be?s=96&d=mm&r=g","contentUrl":"https:\/\/secure.gravatar.com\/avatar\/910fcf6728fe95320e07a6643c1581fec1c7fc4bf8ae12e3d8f0d0373dc844be?s=96&d=mm&r=g","caption":"Jorge Mi\u00f1o"},"sameAs":["http:\/\/radioinfinitagoya.com.ar"]}]}},"_links":{"self":[{"href":"https:\/\/radioinfinitagoya.com.ar\/v1\/wp-json\/wp\/v2\/posts\/203823","targetHints":{"allow":["GET"]}}],"collection":[{"href":"https:\/\/radioinfinitagoya.com.ar\/v1\/wp-json\/wp\/v2\/posts"}],"about":[{"href":"https:\/\/radioinfinitagoya.com.ar\/v1\/wp-json\/wp\/v2\/types\/post"}],"author":[{"embeddable":true,"href":"https:\/\/radioinfinitagoya.com.ar\/v1\/wp-json\/wp\/v2\/users\/4"}],"replies":[{"embeddable":true,"href":"https:\/\/radioinfinitagoya.com.ar\/v1\/wp-json\/wp\/v2\/comments?post=203823"}],"version-history":[{"count":0,"href":"https:\/\/radioinfinitagoya.com.ar\/v1\/wp-json\/wp\/v2\/posts\/203823\/revisions"}],"wp:featuredmedia":[{"embeddable":true,"href":"https:\/\/radioinfinitagoya.com.ar\/v1\/wp-json\/wp\/v2\/media\/203824"}],"wp:attachment":[{"href":"https:\/\/radioinfinitagoya.com.ar\/v1\/wp-json\/wp\/v2\/media?parent=203823"}],"wp:term":[{"taxonomy":"category","embeddable":true,"href":"https:\/\/radioinfinitagoya.com.ar\/v1\/wp-json\/wp\/v2\/categories?post=203823"},{"taxonomy":"post_tag","embeddable":true,"href":"https:\/\/radioinfinitagoya.com.ar\/v1\/wp-json\/wp\/v2\/tags?post=203823"}],"curies":[{"name":"wp","href":"https:\/\/api.w.org\/{rel}","templated":true}]}}