{"id":203829,"date":"2026-01-30T14:58:36","date_gmt":"2026-01-30T17:58:36","guid":{"rendered":"https:\/\/radioinfinitagoya.com.ar\/v1\/?p=203829"},"modified":"2026-01-30T14:58:36","modified_gmt":"2026-01-30T17:58:36","slug":"ubeda-pondria-de-titulares-a-los-dos-refuerzos-de-boca-ante-newells","status":"publish","type":"post","link":"https:\/\/radioinfinitagoya.com.ar\/v1\/2026\/01\/30\/ubeda-pondria-de-titulares-a-los-dos-refuerzos-de-boca-ante-newells\/","title":{"rendered":"\u00dabeda pondr\u00eda de titulares a los dos refuerzos de Boca ante Newell\u2019s"},"content":{"rendered":"<p>Santiago Ascac\u00edbar y \u00c1ngel Romero ir\u00edan de arranque ante la Lepra el domingo<\/p>\n<p>Boca Juniors recibi\u00f3 un duro golpe en La Plata ante Estudiantes y ahora buscar\u00e1 recuperarse en la Bombonera, donde debut\u00f3 con triunfo ante Deportivo Riestra en la Zona A del Apertura 2026. Su pr\u00f3ximo compromiso ser\u00e1 contra Newell\u2019s, este domingo a partir de las 19:15, cita en la que Claudio \u00dabeda incluir\u00eda desde el arranque a los dos refuerzos que arribaron en este mercado de pases: Santiago Ascac\u00edbar y \u00c1ngel Romero.<\/p>\n<p>Las urgencias que se generaron por las lesiones en el plantel casi obligaron al cuerpo t\u00e9cnico a apelar a sus nuevas caras aun con pocos entrenamientos encima. Los fichajes se concretaron la semana pasada, pero el DT xeneize pondr\u00eda al ex mediocampista del Pincha y el ex delantero de Corinthians desde el minuto cero ante la Lepra. Vale mencionar que Boca perdi\u00f3 a Rodrigo Battaglia (se operar\u00e1 un tend\u00f3n de Aquiles la semana que viene) y tambi\u00e9n espera las recuperaciones de sus atacantes Edinson Cavani (podr\u00eda concentrar el domingo), Milton Gim\u00e9nez, Miguel Merentiel, Lucas Janson, Alan Velasco y Carlos Palacios.<\/p>\n<p>Estas bajas le abrieron las puertas a futbolistas j\u00f3venes como Iker Zufiarurre (titularcontra Estudiantes), Gonzalo Gelini y Tom\u00e1s Aranda (debutaron en el segundo tiempo), adem\u00e1s de concederle protagonismo nuevamente a otros como Kevin Zen\u00f3n. Con Exequiel Zeballos marcando presencia de entrada, \u00dabeda no dispone de muchas m\u00e1s alternativas en la faz ofensiva y por eso optar\u00eda por darle rodaje al paraguayo Romero como centrodelantero. En tanto, Ascac\u00edbar ocupar\u00eda el lugar del chileno Williams Alarc\u00f3n, de discreta tarea ante el Le\u00f3n. No ser\u00edan las \u00fanicas modificaciones.<\/p>\n<p>El Sif\u00f3n ya hab\u00eda anticipado algo en su \u00faltima conferencia de prensa: \u201cOjal\u00e1 que algunos de los titulares puedan estar el domingo. Veremos c\u00f3mo evolucionan en estos d\u00edas y c\u00f3mo responde Romero a la posibilidad de que tambi\u00e9n \u00e9l ocupe ese lugar. Hablamos con \u00e9l y Santiago. Esperamos poder contar con los dos para el pr\u00f3ximo partido\u201d. Adem\u00e1s, respecto a la seguidilla de bajas, declar\u00f3: \u201cTenemos que encontrar soluciones r\u00e1pidas e intentar que la evoluci\u00f3n de los lesionados sea lo m\u00e1s acelerada posible para contar con todos lo antes posible porque tambi\u00e9n es un puesto s\u00faper importante\u201d.<\/p>\n<p>Tomando como referencia la ca\u00edda 2-1 en La Plata, el otro futbolista que reaparecer\u00eda es Ander Herrera, quien hab\u00eda sido inicial ante Riestra y apareci\u00f3 en el complemento en la visita a Estudiantes. El vasco tiene chances de quitarle la plaza a Tom\u00e1s Belmonte en el mediocampo. Si todos estos cambios se confirman, el once de Boca ir\u00eda con: Agust\u00edn Marches\u00edn; Juan Barinaga, Lautaro Di Lollo, Ayrton Costa, Lautaro Blanco; Santiago Ascac\u00edbar, Leandro Paredes, Ander Herrera; Kevin Zen\u00f3n, \u00c1ngel Romero y Exequiel Zeballos.<\/p>\n<p>Vale mencionar que el Xeneize cedi\u00f3 a Valentino Simoni, goleador de la Reserva, a Gimnasia de Mendoza. Tambi\u00e9n se desprendi\u00f3 de otros atacantes como Norberto Briasco (Barracas Central) e Ignacio Rodr\u00edguez (Atlanta), mientras que Nicol\u00e1s Orsini contin\u00faa entrenando apartado del plantel profesional (tiene posibilidades de ser prestado a Central C\u00f3rdoba de Santiago del Estero).<\/p>\n<p>Boca contrat\u00f3 a Romero luego de quedar en libertad de acci\u00f3n y desembols\u00f3 3.200.000 d\u00f3lares por el 80% del pase de Ascac\u00edbar (adem\u00e1s, le cedi\u00f3 por un a\u00f1o a Estudiantes a Brian Aguirre). Todav\u00eda no existen certezas de que Juan Rom\u00e1n Riquelme vaya por otro nombre en el mercado de pases, aunque no se descarta que arribe otro mediocampista y\/o un nuevo extremo o centrodelantero.<\/p>\n<p>LOS LESIONADOS EN BOCA JUNIORS<\/p>\n<p>Edinson Cavani (lumbalgia)<br \/>\nRodrigo Battaglia (ser\u00e1 operado por un sobrehueso en el tend\u00f3n de Aquiles)<br \/>\nMilton Gim\u00e9nez (pubalgia)<br \/>\nMiguel Merentiel (distensi\u00f3n grado 1 en s\u00f3leo derecho)<br \/>\nAlan Velasco (esguince de rodilla izquierda)<br \/>\nLucas Janson (distensi\u00f3n grado 2 en el abdomen)<\/p>\n<p>&nbsp;<\/p>\n<p>&nbsp;<\/p>\n","protected":false},"excerpt":{"rendered":"<p>Santiago Ascac\u00edbar y \u00c1ngel Romero ir\u00edan de arranque ante la Lepra el domingo Boca Juniors recibi\u00f3 un duro golpe en La Plata ante Estudiantes y ahora buscar\u00e1 recuperarse en la Bombonera, donde debut\u00f3 con triunfo ante Deportivo Riestra en la Zona A del Apertura 2026. Su pr\u00f3ximo compromiso ser\u00e1 contra Newell\u2019s, este domingo a partir [&hellip;]<\/p>\n","protected":false},"author":4,"featured_media":203830,"comment_status":"open","ping_status":"open","sticky":false,"template":"","format":"standard","meta":{"_joinchat":[],"footnotes":""},"categories":[28],"tags":[],"class_list":{"0":"post-203829","1":"post","2":"type-post","3":"status-publish","4":"format-standard","5":"has-post-thumbnail","7":"category-deportes"},"yoast_head":"<!-- This site is optimized with the Yoast SEO plugin v27.2 - https:\/\/yoast.com\/product\/yoast-seo-wordpress\/ -->\n<title>\u00dabeda pondr\u00eda de titulares a los dos refuerzos de Boca ante Newell\u2019s - Radio Infinita Goya<\/title>\n<meta name=\"description\" content=\"Santiago Ascac\u00edbar y \u00c1ngel Romero ir\u00edan de arranque ante la Lepra el domingo Boca Juniors recibi\u00f3 un duro golpe en La Plata ante Estudiantes y ahora\" \/>\n<meta name=\"robots\" content=\"index, follow, max-snippet:-1, max-image-preview:large, max-video-preview:-1\" \/>\n<link rel=\"canonical\" href=\"https:\/\/radioinfinitagoya.com.ar\/v1\/2026\/01\/30\/ubeda-pondria-de-titulares-a-los-dos-refuerzos-de-boca-ante-newells\/\" \/>\n<meta property=\"og:locale\" content=\"es_ES\" \/>\n<meta property=\"og:type\" content=\"article\" \/>\n<meta property=\"og:title\" content=\"\u00dabeda pondr\u00eda de titulares a los dos refuerzos de Boca ante Newell\u2019s - Radio Infinita Goya\" \/>\n<meta property=\"og:description\" content=\"Santiago Ascac\u00edbar y \u00c1ngel Romero ir\u00edan de arranque ante la Lepra el domingo Boca Juniors recibi\u00f3 un duro golpe en La Plata ante Estudiantes y ahora\" \/>\n<meta property=\"og:url\" content=\"https:\/\/radioinfinitagoya.com.ar\/v1\/2026\/01\/30\/ubeda-pondria-de-titulares-a-los-dos-refuerzos-de-boca-ante-newells\/\" \/>\n<meta property=\"og:site_name\" content=\"Radio Infinita Goya\" \/>\n<meta property=\"article:publisher\" content=\"https:\/\/www.facebook.com\/p\/Infinita-Goya-100063870918311\/\" \/>\n<meta property=\"article:published_time\" content=\"2026-01-30T17:58:36+00:00\" \/>\n<meta property=\"og:image\" content=\"https:\/\/radioinfinitagoya.com.ar\/v1\/wp-content\/uploads\/2026\/01\/BB-1.jpg\" \/>\n\t<meta property=\"og:image:width\" content=\"1080\" \/>\n\t<meta property=\"og:image:height\" content=\"862\" \/>\n\t<meta property=\"og:image:type\" content=\"image\/jpeg\" \/>\n<meta name=\"author\" content=\"Jorge Mi\u00f1o\" \/>\n<meta name=\"twitter:card\" content=\"summary_large_image\" \/>\n<meta name=\"twitter:label1\" content=\"Escrito por\" \/>\n\t<meta name=\"twitter:data1\" content=\"Jorge Mi\u00f1o\" \/>\n\t<meta name=\"twitter:label2\" content=\"Tiempo de lectura\" \/>\n\t<meta name=\"twitter:data2\" content=\"3 minutos\" \/>\n<script type=\"application\/ld+json\" class=\"yoast-schema-graph\">{\"@context\":\"https:\/\/schema.org\",\"@graph\":[{\"@type\":\"Article\",\"@id\":\"https:\/\/radioinfinitagoya.com.ar\/v1\/2026\/01\/30\/ubeda-pondria-de-titulares-a-los-dos-refuerzos-de-boca-ante-newells\/#article\",\"isPartOf\":{\"@id\":\"https:\/\/radioinfinitagoya.com.ar\/v1\/2026\/01\/30\/ubeda-pondria-de-titulares-a-los-dos-refuerzos-de-boca-ante-newells\/\"},\"author\":{\"name\":\"Jorge Mi\u00f1o\",\"@id\":\"https:\/\/radioinfinitagoya.com.ar\/v1\/#\/schema\/person\/d4cf9c413d4f6edb24aabdccab49ca4a\"},\"headline\":\"\u00dabeda pondr\u00eda de titulares a los dos refuerzos de Boca ante Newell\u2019s\",\"datePublished\":\"2026-01-30T17:58:36+00:00\",\"mainEntityOfPage\":{\"@id\":\"https:\/\/radioinfinitagoya.com.ar\/v1\/2026\/01\/30\/ubeda-pondria-de-titulares-a-los-dos-refuerzos-de-boca-ante-newells\/\"},\"wordCount\":686,\"commentCount\":0,\"publisher\":{\"@id\":\"https:\/\/radioinfinitagoya.com.ar\/v1\/#organization\"},\"image\":{\"@id\":\"https:\/\/radioinfinitagoya.com.ar\/v1\/2026\/01\/30\/ubeda-pondria-de-titulares-a-los-dos-refuerzos-de-boca-ante-newells\/#primaryimage\"},\"thumbnailUrl\":\"https:\/\/radioinfinitagoya.com.ar\/v1\/wp-content\/uploads\/2026\/01\/BB-1.jpg\",\"articleSection\":[\"DEPORTES\"],\"inLanguage\":\"es-AR\",\"potentialAction\":[{\"@type\":\"CommentAction\",\"name\":\"Comment\",\"target\":[\"https:\/\/radioinfinitagoya.com.ar\/v1\/2026\/01\/30\/ubeda-pondria-de-titulares-a-los-dos-refuerzos-de-boca-ante-newells\/#respond\"]}]},{\"@type\":\"WebPage\",\"@id\":\"https:\/\/radioinfinitagoya.com.ar\/v1\/2026\/01\/30\/ubeda-pondria-de-titulares-a-los-dos-refuerzos-de-boca-ante-newells\/\",\"url\":\"https:\/\/radioinfinitagoya.com.ar\/v1\/2026\/01\/30\/ubeda-pondria-de-titulares-a-los-dos-refuerzos-de-boca-ante-newells\/\",\"name\":\"\u00dabeda pondr\u00eda de titulares a los dos refuerzos de Boca ante Newell\u2019s - Radio Infinita Goya\",\"isPartOf\":{\"@id\":\"https:\/\/radioinfinitagoya.com.ar\/v1\/#website\"},\"primaryImageOfPage\":{\"@id\":\"https:\/\/radioinfinitagoya.com.ar\/v1\/2026\/01\/30\/ubeda-pondria-de-titulares-a-los-dos-refuerzos-de-boca-ante-newells\/#primaryimage\"},\"image\":{\"@id\":\"https:\/\/radioinfinitagoya.com.ar\/v1\/2026\/01\/30\/ubeda-pondria-de-titulares-a-los-dos-refuerzos-de-boca-ante-newells\/#primaryimage\"},\"thumbnailUrl\":\"https:\/\/radioinfinitagoya.com.ar\/v1\/wp-content\/uploads\/2026\/01\/BB-1.jpg\",\"datePublished\":\"2026-01-30T17:58:36+00:00\",\"description\":\"Santiago Ascac\u00edbar y \u00c1ngel Romero ir\u00edan de arranque ante la Lepra el domingo Boca Juniors recibi\u00f3 un duro golpe en La Plata ante Estudiantes y ahora\",\"breadcrumb\":{\"@id\":\"https:\/\/radioinfinitagoya.com.ar\/v1\/2026\/01\/30\/ubeda-pondria-de-titulares-a-los-dos-refuerzos-de-boca-ante-newells\/#breadcrumb\"},\"inLanguage\":\"es-AR\",\"potentialAction\":[{\"@type\":\"ReadAction\",\"target\":[\"https:\/\/radioinfinitagoya.com.ar\/v1\/2026\/01\/30\/ubeda-pondria-de-titulares-a-los-dos-refuerzos-de-boca-ante-newells\/\"]}]},{\"@type\":\"ImageObject\",\"inLanguage\":\"es-AR\",\"@id\":\"https:\/\/radioinfinitagoya.com.ar\/v1\/2026\/01\/30\/ubeda-pondria-de-titulares-a-los-dos-refuerzos-de-boca-ante-newells\/#primaryimage\",\"url\":\"https:\/\/radioinfinitagoya.com.ar\/v1\/wp-content\/uploads\/2026\/01\/BB-1.jpg\",\"contentUrl\":\"https:\/\/radioinfinitagoya.com.ar\/v1\/wp-content\/uploads\/2026\/01\/BB-1.jpg\",\"width\":1080,\"height\":862},{\"@type\":\"BreadcrumbList\",\"@id\":\"https:\/\/radioinfinitagoya.com.ar\/v1\/2026\/01\/30\/ubeda-pondria-de-titulares-a-los-dos-refuerzos-de-boca-ante-newells\/#breadcrumb\",\"itemListElement\":[{\"@type\":\"ListItem\",\"position\":1,\"name\":\"Inicio\",\"item\":\"https:\/\/radioinfinitagoya.com.ar\/v1\/\"},{\"@type\":\"ListItem\",\"position\":2,\"name\":\"\u00dabeda pondr\u00eda de titulares a los dos refuerzos de Boca ante Newell\u2019s\"}]},{\"@type\":\"WebSite\",\"@id\":\"https:\/\/radioinfinitagoya.com.ar\/v1\/#website\",\"url\":\"https:\/\/radioinfinitagoya.com.ar\/v1\/\",\"name\":\"radioinfinitagoya.com.ar\",\"description\":\"Radio de noticias\",\"publisher\":{\"@id\":\"https:\/\/radioinfinitagoya.com.ar\/v1\/#organization\"},\"potentialAction\":[{\"@type\":\"SearchAction\",\"target\":{\"@type\":\"EntryPoint\",\"urlTemplate\":\"https:\/\/radioinfinitagoya.com.ar\/v1\/?s={search_term_string}\"},\"query-input\":{\"@type\":\"PropertyValueSpecification\",\"valueRequired\":true,\"valueName\":\"search_term_string\"}}],\"inLanguage\":\"es-AR\"},{\"@type\":\"Organization\",\"@id\":\"https:\/\/radioinfinitagoya.com.ar\/v1\/#organization\",\"name\":\"Radio Infinita Goya\",\"url\":\"https:\/\/radioinfinitagoya.com.ar\/v1\/\",\"logo\":{\"@type\":\"ImageObject\",\"inLanguage\":\"es-AR\",\"@id\":\"https:\/\/radioinfinitagoya.com.ar\/v1\/#\/schema\/logo\/image\/\",\"url\":\"https:\/\/radioinfinitagoya.com.ar\/v1\/wp-content\/uploads\/2019\/11\/logo-pie-web.png\",\"contentUrl\":\"https:\/\/radioinfinitagoya.com.ar\/v1\/wp-content\/uploads\/2019\/11\/logo-pie-web.png\",\"width\":635,\"height\":326,\"caption\":\"Radio Infinita Goya\"},\"image\":{\"@id\":\"https:\/\/radioinfinitagoya.com.ar\/v1\/#\/schema\/logo\/image\/\"},\"sameAs\":[\"https:\/\/www.facebook.com\/p\/Infinita-Goya-100063870918311\/\"]},{\"@type\":\"Person\",\"@id\":\"https:\/\/radioinfinitagoya.com.ar\/v1\/#\/schema\/person\/d4cf9c413d4f6edb24aabdccab49ca4a\",\"name\":\"Jorge Mi\u00f1o\",\"image\":{\"@type\":\"ImageObject\",\"inLanguage\":\"es-AR\",\"@id\":\"https:\/\/secure.gravatar.com\/avatar\/910fcf6728fe95320e07a6643c1581fec1c7fc4bf8ae12e3d8f0d0373dc844be?s=96&d=mm&r=g\",\"url\":\"https:\/\/secure.gravatar.com\/avatar\/910fcf6728fe95320e07a6643c1581fec1c7fc4bf8ae12e3d8f0d0373dc844be?s=96&d=mm&r=g\",\"contentUrl\":\"https:\/\/secure.gravatar.com\/avatar\/910fcf6728fe95320e07a6643c1581fec1c7fc4bf8ae12e3d8f0d0373dc844be?s=96&d=mm&r=g\",\"caption\":\"Jorge Mi\u00f1o\"},\"sameAs\":[\"http:\/\/radioinfinitagoya.com.ar\"]}]}<\/script>\n<!-- \/ Yoast SEO plugin. -->","yoast_head_json":{"title":"\u00dabeda pondr\u00eda de titulares a los dos refuerzos de Boca ante Newell\u2019s - Radio Infinita Goya","description":"Santiago Ascac\u00edbar y \u00c1ngel Romero ir\u00edan de arranque ante la Lepra el domingo Boca Juniors recibi\u00f3 un duro golpe en La Plata ante Estudiantes y ahora","robots":{"index":"index","follow":"follow","max-snippet":"max-snippet:-1","max-image-preview":"max-image-preview:large","max-video-preview":"max-video-preview:-1"},"canonical":"https:\/\/radioinfinitagoya.com.ar\/v1\/2026\/01\/30\/ubeda-pondria-de-titulares-a-los-dos-refuerzos-de-boca-ante-newells\/","og_locale":"es_ES","og_type":"article","og_title":"\u00dabeda pondr\u00eda de titulares a los dos refuerzos de Boca ante Newell\u2019s - Radio Infinita Goya","og_description":"Santiago Ascac\u00edbar y \u00c1ngel Romero ir\u00edan de arranque ante la Lepra el domingo Boca Juniors recibi\u00f3 un duro golpe en La Plata ante Estudiantes y ahora","og_url":"https:\/\/radioinfinitagoya.com.ar\/v1\/2026\/01\/30\/ubeda-pondria-de-titulares-a-los-dos-refuerzos-de-boca-ante-newells\/","og_site_name":"Radio Infinita Goya","article_publisher":"https:\/\/www.facebook.com\/p\/Infinita-Goya-100063870918311\/","article_published_time":"2026-01-30T17:58:36+00:00","og_image":[{"width":1080,"height":862,"url":"https:\/\/radioinfinitagoya.com.ar\/v1\/wp-content\/uploads\/2026\/01\/BB-1.jpg","type":"image\/jpeg"}],"author":"Jorge Mi\u00f1o","twitter_card":"summary_large_image","twitter_misc":{"Escrito por":"Jorge Mi\u00f1o","Tiempo de lectura":"3 minutos"},"schema":{"@context":"https:\/\/schema.org","@graph":[{"@type":"Article","@id":"https:\/\/radioinfinitagoya.com.ar\/v1\/2026\/01\/30\/ubeda-pondria-de-titulares-a-los-dos-refuerzos-de-boca-ante-newells\/#article","isPartOf":{"@id":"https:\/\/radioinfinitagoya.com.ar\/v1\/2026\/01\/30\/ubeda-pondria-de-titulares-a-los-dos-refuerzos-de-boca-ante-newells\/"},"author":{"name":"Jorge Mi\u00f1o","@id":"https:\/\/radioinfinitagoya.com.ar\/v1\/#\/schema\/person\/d4cf9c413d4f6edb24aabdccab49ca4a"},"headline":"\u00dabeda pondr\u00eda de titulares a los dos refuerzos de Boca ante Newell\u2019s","datePublished":"2026-01-30T17:58:36+00:00","mainEntityOfPage":{"@id":"https:\/\/radioinfinitagoya.com.ar\/v1\/2026\/01\/30\/ubeda-pondria-de-titulares-a-los-dos-refuerzos-de-boca-ante-newells\/"},"wordCount":686,"commentCount":0,"publisher":{"@id":"https:\/\/radioinfinitagoya.com.ar\/v1\/#organization"},"image":{"@id":"https:\/\/radioinfinitagoya.com.ar\/v1\/2026\/01\/30\/ubeda-pondria-de-titulares-a-los-dos-refuerzos-de-boca-ante-newells\/#primaryimage"},"thumbnailUrl":"https:\/\/radioinfinitagoya.com.ar\/v1\/wp-content\/uploads\/2026\/01\/BB-1.jpg","articleSection":["DEPORTES"],"inLanguage":"es-AR","potentialAction":[{"@type":"CommentAction","name":"Comment","target":["https:\/\/radioinfinitagoya.com.ar\/v1\/2026\/01\/30\/ubeda-pondria-de-titulares-a-los-dos-refuerzos-de-boca-ante-newells\/#respond"]}]},{"@type":"WebPage","@id":"https:\/\/radioinfinitagoya.com.ar\/v1\/2026\/01\/30\/ubeda-pondria-de-titulares-a-los-dos-refuerzos-de-boca-ante-newells\/","url":"https:\/\/radioinfinitagoya.com.ar\/v1\/2026\/01\/30\/ubeda-pondria-de-titulares-a-los-dos-refuerzos-de-boca-ante-newells\/","name":"\u00dabeda pondr\u00eda de titulares a los dos refuerzos de Boca ante Newell\u2019s - Radio Infinita Goya","isPartOf":{"@id":"https:\/\/radioinfinitagoya.com.ar\/v1\/#website"},"primaryImageOfPage":{"@id":"https:\/\/radioinfinitagoya.com.ar\/v1\/2026\/01\/30\/ubeda-pondria-de-titulares-a-los-dos-refuerzos-de-boca-ante-newells\/#primaryimage"},"image":{"@id":"https:\/\/radioinfinitagoya.com.ar\/v1\/2026\/01\/30\/ubeda-pondria-de-titulares-a-los-dos-refuerzos-de-boca-ante-newells\/#primaryimage"},"thumbnailUrl":"https:\/\/radioinfinitagoya.com.ar\/v1\/wp-content\/uploads\/2026\/01\/BB-1.jpg","datePublished":"2026-01-30T17:58:36+00:00","description":"Santiago Ascac\u00edbar y \u00c1ngel Romero ir\u00edan de arranque ante la Lepra el domingo Boca Juniors recibi\u00f3 un duro golpe en La Plata ante Estudiantes y ahora","breadcrumb":{"@id":"https:\/\/radioinfinitagoya.com.ar\/v1\/2026\/01\/30\/ubeda-pondria-de-titulares-a-los-dos-refuerzos-de-boca-ante-newells\/#breadcrumb"},"inLanguage":"es-AR","potentialAction":[{"@type":"ReadAction","target":["https:\/\/radioinfinitagoya.com.ar\/v1\/2026\/01\/30\/ubeda-pondria-de-titulares-a-los-dos-refuerzos-de-boca-ante-newells\/"]}]},{"@type":"ImageObject","inLanguage":"es-AR","@id":"https:\/\/radioinfinitagoya.com.ar\/v1\/2026\/01\/30\/ubeda-pondria-de-titulares-a-los-dos-refuerzos-de-boca-ante-newells\/#primaryimage","url":"https:\/\/radioinfinitagoya.com.ar\/v1\/wp-content\/uploads\/2026\/01\/BB-1.jpg","contentUrl":"https:\/\/radioinfinitagoya.com.ar\/v1\/wp-content\/uploads\/2026\/01\/BB-1.jpg","width":1080,"height":862},{"@type":"BreadcrumbList","@id":"https:\/\/radioinfinitagoya.com.ar\/v1\/2026\/01\/30\/ubeda-pondria-de-titulares-a-los-dos-refuerzos-de-boca-ante-newells\/#breadcrumb","itemListElement":[{"@type":"ListItem","position":1,"name":"Inicio","item":"https:\/\/radioinfinitagoya.com.ar\/v1\/"},{"@type":"ListItem","position":2,"name":"\u00dabeda pondr\u00eda de titulares a los dos refuerzos de Boca ante Newell\u2019s"}]},{"@type":"WebSite","@id":"https:\/\/radioinfinitagoya.com.ar\/v1\/#website","url":"https:\/\/radioinfinitagoya.com.ar\/v1\/","name":"radioinfinitagoya.com.ar","description":"Radio de noticias","publisher":{"@id":"https:\/\/radioinfinitagoya.com.ar\/v1\/#organization"},"potentialAction":[{"@type":"SearchAction","target":{"@type":"EntryPoint","urlTemplate":"https:\/\/radioinfinitagoya.com.ar\/v1\/?s={search_term_string}"},"query-input":{"@type":"PropertyValueSpecification","valueRequired":true,"valueName":"search_term_string"}}],"inLanguage":"es-AR"},{"@type":"Organization","@id":"https:\/\/radioinfinitagoya.com.ar\/v1\/#organization","name":"Radio Infinita Goya","url":"https:\/\/radioinfinitagoya.com.ar\/v1\/","logo":{"@type":"ImageObject","inLanguage":"es-AR","@id":"https:\/\/radioinfinitagoya.com.ar\/v1\/#\/schema\/logo\/image\/","url":"https:\/\/radioinfinitagoya.com.ar\/v1\/wp-content\/uploads\/2019\/11\/logo-pie-web.png","contentUrl":"https:\/\/radioinfinitagoya.com.ar\/v1\/wp-content\/uploads\/2019\/11\/logo-pie-web.png","width":635,"height":326,"caption":"Radio Infinita Goya"},"image":{"@id":"https:\/\/radioinfinitagoya.com.ar\/v1\/#\/schema\/logo\/image\/"},"sameAs":["https:\/\/www.facebook.com\/p\/Infinita-Goya-100063870918311\/"]},{"@type":"Person","@id":"https:\/\/radioinfinitagoya.com.ar\/v1\/#\/schema\/person\/d4cf9c413d4f6edb24aabdccab49ca4a","name":"Jorge Mi\u00f1o","image":{"@type":"ImageObject","inLanguage":"es-AR","@id":"https:\/\/secure.gravatar.com\/avatar\/910fcf6728fe95320e07a6643c1581fec1c7fc4bf8ae12e3d8f0d0373dc844be?s=96&d=mm&r=g","url":"https:\/\/secure.gravatar.com\/avatar\/910fcf6728fe95320e07a6643c1581fec1c7fc4bf8ae12e3d8f0d0373dc844be?s=96&d=mm&r=g","contentUrl":"https:\/\/secure.gravatar.com\/avatar\/910fcf6728fe95320e07a6643c1581fec1c7fc4bf8ae12e3d8f0d0373dc844be?s=96&d=mm&r=g","caption":"Jorge Mi\u00f1o"},"sameAs":["http:\/\/radioinfinitagoya.com.ar"]}]}},"_links":{"self":[{"href":"https:\/\/radioinfinitagoya.com.ar\/v1\/wp-json\/wp\/v2\/posts\/203829","targetHints":{"allow":["GET"]}}],"collection":[{"href":"https:\/\/radioinfinitagoya.com.ar\/v1\/wp-json\/wp\/v2\/posts"}],"about":[{"href":"https:\/\/radioinfinitagoya.com.ar\/v1\/wp-json\/wp\/v2\/types\/post"}],"author":[{"embeddable":true,"href":"https:\/\/radioinfinitagoya.com.ar\/v1\/wp-json\/wp\/v2\/users\/4"}],"replies":[{"embeddable":true,"href":"https:\/\/radioinfinitagoya.com.ar\/v1\/wp-json\/wp\/v2\/comments?post=203829"}],"version-history":[{"count":0,"href":"https:\/\/radioinfinitagoya.com.ar\/v1\/wp-json\/wp\/v2\/posts\/203829\/revisions"}],"wp:featuredmedia":[{"embeddable":true,"href":"https:\/\/radioinfinitagoya.com.ar\/v1\/wp-json\/wp\/v2\/media\/203830"}],"wp:attachment":[{"href":"https:\/\/radioinfinitagoya.com.ar\/v1\/wp-json\/wp\/v2\/media?parent=203829"}],"wp:term":[{"taxonomy":"category","embeddable":true,"href":"https:\/\/radioinfinitagoya.com.ar\/v1\/wp-json\/wp\/v2\/categories?post=203829"},{"taxonomy":"post_tag","embeddable":true,"href":"https:\/\/radioinfinitagoya.com.ar\/v1\/wp-json\/wp\/v2\/tags?post=203829"}],"curies":[{"name":"wp","href":"https:\/\/api.w.org\/{rel}","templated":true}]}}