{"id":203832,"date":"2026-01-30T15:04:11","date_gmt":"2026-01-30T18:04:11","guid":{"rendered":"https:\/\/radioinfinitagoya.com.ar\/v1\/?p=203832"},"modified":"2026-01-30T15:04:11","modified_gmt":"2026-01-30T18:04:11","slug":"djokovic-derroto-a-jannik-sinner-y-se-clasifico-a-la-final-del-abierto-de-australia","status":"publish","type":"post","link":"https:\/\/radioinfinitagoya.com.ar\/v1\/2026\/01\/30\/djokovic-derroto-a-jannik-sinner-y-se-clasifico-a-la-final-del-abierto-de-australia\/","title":{"rendered":"Djokovic derrot\u00f3 a Jannik Sinner y se clasific\u00f3 a la final del Abierto de Australia"},"content":{"rendered":"<p>El serbio se impuso en cinco sets y ahora definir\u00e1 el t\u00edtulo frente al espa\u00f1ol Carlos Alcaraz<\/p>\n<p>Novak Djokovic derrot\u00f3 en cinco sets a Jannik Sinner y se clasific\u00f3 a la final del Abierto de Australia. En un partido vibrante, que comenz\u00f3 favorable al italiano, Nole mostr\u00f3 su mejor versi\u00f3n en los \u00faltimos dos sets e inclin\u00f3 la balanza a su favor. Ahora se medir\u00e1 frente al espa\u00f1ol Carlos Alcaraz en la gran final de Melbourne este domingo<\/p>\n<p>La victoria de Djokovic, obtenida tras sobreponerse a una desventaja en sets y neutralizar todos los intentos de ruptura en la manga decisiva, no solo confirma su vigencia, sino que refuerza la magnitud del logro ante un adversario que hab\u00eda acumulado 19 victorias consecutivas en el certamen. Para el N\u00b01 mundial y vigente campe\u00f3n, Sinner, la derrota llega tras verse superado por la fortaleza f\u00edsica y mental del tenista m\u00e1s laureado de Melbourne, quien, a sus 38 a\u00f1os, regresa a la lucha por el trono australiano con la oportunidad de ampliar su historial.<\/p>\n<p>Durante el desenlace del encuentro, la Rod Laver Arena vivi\u00f3 una atm\u00f3sfera de m\u00e1xima tensi\u00f3n. El quinto set fue testigo de la resiliencia extrema de Djokovic: el serbio salv\u00f3 las ocho pelotas de rotura enfrentadas en el \u00faltimo parcial, defendiendo de forma impecable su servicio frente al asedio constante de Sinner. Este desenlace no solo revirti\u00f3 una tendencia hist\u00f3rica \u2014Djokovic hab\u00eda perdido los \u00faltimos cinco duelos contra el italiano\u2014, sino que equilibr\u00f3 el enfrentamiento particular entre ambos tenistas hasta un 5-6 en el historial.<\/p>\n<p>La progresi\u00f3n del partido evidenci\u00f3 el car\u00e1cter y la estrategia de Djokovic, quien, afectado por ampollas en el pie acumuladas en rondas anteriores, adapt\u00f3 su juego apostando a la ofensiva y acortando los intercambios. Conforme Sinner impuso ritmo en los primeros parciales con derechas y dejadas que llevaron el duelo a un clima de alta exigencia f\u00edsica, el serbio respondi\u00f3 afinando el saque y protegiendo con decisi\u00f3n su ventaja tras conseguir romper el servicio del italiano en momentos cr\u00edticos. La victoria final, obtenida por 3-6, 6-3, 4-6, 6-4, 6-4, se produjo en el marco de un torneo que vio a Djokovic erigirse como figura hist\u00f3rica.<\/p>\n<p>Ante este escenario, el horizonte inmediato se\u00f1ala el enfrentamiento con Carlos Alcaraz, quien lleg\u00f3 a la final tras sobrevivir al tercer partido m\u00e1s largo de la historia del torneo frente a Alexander Zverev y ahora desafiar\u00e1 a Djokovic con apenas 22 a\u00f1os. El encuentro no solo representar\u00e1 la posibilidad de que el serbio recupere la corona en Australia, sino tambi\u00e9n el intento del murciano por sumar el \u00fanico Grand Slam que falta en su palmar\u00e9s. La dimensi\u00f3n de esta final, determinada por el cruce de generaciones y estilos, coloca a Melbourne en el foco del tenis mundial.<\/p>\n<p>\u201cNo encuentro palabras para ser honesto. Por Dios, por d\u00f3nde comienzo. Es incre\u00edble. Cuatro horas, casi las 2 de la madrugada. Recuerdos del 2012 cuando jugu\u00e9 casi seis horas contra Rafa (Nadal), el nivel de intensidad, la calidad de tenis fue muy alta, sab\u00eda que la \u00fanica forma que ten\u00eda que jugar para ganarle. Ya me hab\u00eda ganado los \u00faltimos cinco partidos y ten\u00eda mi n\u00famero, se lo tuve que cambiar. Aparte de eso, le agradec\u00ed por dejarme ganar. Tengo que felicitarlo (a Sinner), es un gran jugador, me llev\u00f3 al l\u00edmite. Hay que aplaudirlo a \u00e9l tambi\u00e9n\u201d, declar\u00f3 Nole.<\/p>\n<p>\u201cMe encanta nuestra pasi\u00f3n y la relaci\u00f3n que tenemos, todos los a\u00f1os son incre\u00edbles. Esta noche fue sin dudas una de las mejores y donde sent\u00ed que m\u00e1s apoyo recib\u00ed aqu\u00ed en Australia\u201d, fue el agradecimiento del serbio para el p\u00fablico presente, que lo vitore\u00f3.<\/p>\n<p>Djokovic gan\u00f3 hasta ahora las diez finales de Abierto de Australia que disput\u00f3 en su historia (cuatro al brit\u00e1nico Andy Murray, dos al espa\u00f1ol Rafael Nadal y una al franc\u00e9s Jo-Wilfried Tsonga, al austr\u00edaco Dominic Thiem, al ruso Daniil Medvedev y al griego Stefanos Tsitsipas). Con su decena de trofeos, es el m\u00e1ximo exponente en el Abierto australiano (lo siguen el suizo Roger Federer y el australiano Roy Emerson con 6 cada uno). Adem\u00e1s, ir\u00e1 por su t\u00edtulo n\u00famero 25 de Grand Slam.<\/p>\n<p>\u201cEl a\u00f1o pasado dije que iba a ser dif\u00edcil, pero no imposible. Yo dije que hab\u00eda rivales que estaban en otro nivel y yo ten\u00eda que llegar a ese nivel. El partido entre Alcaraz y Zverev fue tan intenso que tratamos de emularlos, les garantizo que ustedes recibieron el valor de la compra de la entrada hoy. Quiero el 10 por ciento de esta noche, no voy a negociar\u201d, brome\u00f3. En tanto, confes\u00f3 qu\u00e9 habl\u00f3 con Alcaraz, a quien le recrimin\u00f3 con tono de sorna que \u00e9l ya est\u00e1 \u201cviejito\u201d y debe acostarse temprano.<\/p>\n<p>Por \u00faltimo, remat\u00f3: \u201cHoy siento que gan\u00e9, pero tengo que regresar en dos d\u00edas a jugar contra el n\u00famero uno del mundo. Espero tener suficiente ox\u00edgeno y gasolina, por lo menos eso deseo. Y que los dioses decidan el destino\u201d.<\/p>\n<p>TODAS LAS FINALES DE DJOKOVIC EN EL ABIERTO DE AUSTRALIA<br \/>\n2008 &#8211; Novak Djokovic a Jo-Wilfried Tsonga<\/p>\n<p>2011 &#8211; Novak Djokovic a Andy Murray<\/p>\n<p>2012 &#8211; Novak Djokovic a Rafael Nadal<\/p>\n<p>2013 &#8211; Novak Djokovic a Andy Murray<\/p>\n<p>2015 &#8211; Novak Djokovic a Andy Murray<\/p>\n<p>2016 &#8211; Novak Djokovic a Andy Murray<\/p>\n<p>2019 &#8211; Novak Djokovic a Rafael Nadal<\/p>\n<p>2020 &#8211; Novak Djokovic a Dominic Thiem<\/p>\n<p>2021 &#8211; Novak Djokovic a Daniil Medvedev<\/p>\n<p>2023 &#8211; Novak Djokovic a Stefanos Tsitsipas<\/p>\n<p>2026 &#8211; Novak Djokovic o Carlos Alcaraz<\/p>\n","protected":false},"excerpt":{"rendered":"<p>El serbio se impuso en cinco sets y ahora definir\u00e1 el t\u00edtulo frente al espa\u00f1ol Carlos Alcaraz Novak Djokovic derrot\u00f3 en cinco sets a Jannik Sinner y se clasific\u00f3 a la final del Abierto de Australia. En un partido vibrante, que comenz\u00f3 favorable al italiano, Nole mostr\u00f3 su mejor versi\u00f3n en los \u00faltimos dos sets [&hellip;]<\/p>\n","protected":false},"author":4,"featured_media":203833,"comment_status":"open","ping_status":"open","sticky":false,"template":"","format":"standard","meta":{"_joinchat":[],"footnotes":""},"categories":[28],"tags":[],"class_list":{"0":"post-203832","1":"post","2":"type-post","3":"status-publish","4":"format-standard","5":"has-post-thumbnail","7":"category-deportes"},"yoast_head":"<!-- This site is optimized with the Yoast SEO plugin v27.2 - https:\/\/yoast.com\/product\/yoast-seo-wordpress\/ -->\n<title>Djokovic derrot\u00f3 a Jannik Sinner y se clasific\u00f3 a la final del Abierto de Australia - Radio Infinita Goya<\/title>\n<meta name=\"description\" content=\"El serbio se impuso en cinco sets y ahora definir\u00e1 el t\u00edtulo frente al espa\u00f1ol Carlos Alcaraz Novak Djokovic derrot\u00f3 en cinco sets a Jannik Sinner y se\" \/>\n<meta name=\"robots\" content=\"index, follow, max-snippet:-1, max-image-preview:large, max-video-preview:-1\" \/>\n<link rel=\"canonical\" href=\"https:\/\/radioinfinitagoya.com.ar\/v1\/2026\/01\/30\/djokovic-derroto-a-jannik-sinner-y-se-clasifico-a-la-final-del-abierto-de-australia\/\" \/>\n<meta property=\"og:locale\" content=\"es_ES\" \/>\n<meta property=\"og:type\" content=\"article\" \/>\n<meta property=\"og:title\" content=\"Djokovic derrot\u00f3 a Jannik Sinner y se clasific\u00f3 a la final del Abierto de Australia - Radio Infinita Goya\" \/>\n<meta property=\"og:description\" content=\"El serbio se impuso en cinco sets y ahora definir\u00e1 el t\u00edtulo frente al espa\u00f1ol Carlos Alcaraz Novak Djokovic derrot\u00f3 en cinco sets a Jannik Sinner y se\" \/>\n<meta property=\"og:url\" content=\"https:\/\/radioinfinitagoya.com.ar\/v1\/2026\/01\/30\/djokovic-derroto-a-jannik-sinner-y-se-clasifico-a-la-final-del-abierto-de-australia\/\" \/>\n<meta property=\"og:site_name\" content=\"Radio Infinita Goya\" \/>\n<meta property=\"article:publisher\" content=\"https:\/\/www.facebook.com\/p\/Infinita-Goya-100063870918311\/\" \/>\n<meta property=\"article:published_time\" content=\"2026-01-30T18:04:11+00:00\" \/>\n<meta property=\"og:image\" content=\"https:\/\/radioinfinitagoya.com.ar\/v1\/wp-content\/uploads\/2026\/01\/29c1d5cd-e288-42bb-b708-9d8e59f6ca17.jpg\" \/>\n\t<meta property=\"og:image:width\" content=\"1080\" \/>\n\t<meta property=\"og:image:height\" content=\"683\" \/>\n\t<meta property=\"og:image:type\" content=\"image\/jpeg\" \/>\n<meta name=\"author\" content=\"Jorge Mi\u00f1o\" \/>\n<meta name=\"twitter:card\" content=\"summary_large_image\" \/>\n<meta name=\"twitter:label1\" content=\"Escrito por\" \/>\n\t<meta name=\"twitter:data1\" content=\"Jorge Mi\u00f1o\" \/>\n\t<meta name=\"twitter:label2\" content=\"Tiempo de lectura\" \/>\n\t<meta name=\"twitter:data2\" content=\"5 minutos\" \/>\n<script type=\"application\/ld+json\" class=\"yoast-schema-graph\">{\"@context\":\"https:\/\/schema.org\",\"@graph\":[{\"@type\":\"Article\",\"@id\":\"https:\/\/radioinfinitagoya.com.ar\/v1\/2026\/01\/30\/djokovic-derroto-a-jannik-sinner-y-se-clasifico-a-la-final-del-abierto-de-australia\/#article\",\"isPartOf\":{\"@id\":\"https:\/\/radioinfinitagoya.com.ar\/v1\/2026\/01\/30\/djokovic-derroto-a-jannik-sinner-y-se-clasifico-a-la-final-del-abierto-de-australia\/\"},\"author\":{\"name\":\"Jorge Mi\u00f1o\",\"@id\":\"https:\/\/radioinfinitagoya.com.ar\/v1\/#\/schema\/person\/d4cf9c413d4f6edb24aabdccab49ca4a\"},\"headline\":\"Djokovic derrot\u00f3 a Jannik Sinner y se clasific\u00f3 a la final del Abierto de Australia\",\"datePublished\":\"2026-01-30T18:04:11+00:00\",\"mainEntityOfPage\":{\"@id\":\"https:\/\/radioinfinitagoya.com.ar\/v1\/2026\/01\/30\/djokovic-derroto-a-jannik-sinner-y-se-clasifico-a-la-final-del-abierto-de-australia\/\"},\"wordCount\":958,\"commentCount\":0,\"publisher\":{\"@id\":\"https:\/\/radioinfinitagoya.com.ar\/v1\/#organization\"},\"image\":{\"@id\":\"https:\/\/radioinfinitagoya.com.ar\/v1\/2026\/01\/30\/djokovic-derroto-a-jannik-sinner-y-se-clasifico-a-la-final-del-abierto-de-australia\/#primaryimage\"},\"thumbnailUrl\":\"https:\/\/radioinfinitagoya.com.ar\/v1\/wp-content\/uploads\/2026\/01\/29c1d5cd-e288-42bb-b708-9d8e59f6ca17.jpg\",\"articleSection\":[\"DEPORTES\"],\"inLanguage\":\"es-AR\",\"potentialAction\":[{\"@type\":\"CommentAction\",\"name\":\"Comment\",\"target\":[\"https:\/\/radioinfinitagoya.com.ar\/v1\/2026\/01\/30\/djokovic-derroto-a-jannik-sinner-y-se-clasifico-a-la-final-del-abierto-de-australia\/#respond\"]}]},{\"@type\":\"WebPage\",\"@id\":\"https:\/\/radioinfinitagoya.com.ar\/v1\/2026\/01\/30\/djokovic-derroto-a-jannik-sinner-y-se-clasifico-a-la-final-del-abierto-de-australia\/\",\"url\":\"https:\/\/radioinfinitagoya.com.ar\/v1\/2026\/01\/30\/djokovic-derroto-a-jannik-sinner-y-se-clasifico-a-la-final-del-abierto-de-australia\/\",\"name\":\"Djokovic derrot\u00f3 a Jannik Sinner y se clasific\u00f3 a la final del Abierto de Australia - Radio Infinita Goya\",\"isPartOf\":{\"@id\":\"https:\/\/radioinfinitagoya.com.ar\/v1\/#website\"},\"primaryImageOfPage\":{\"@id\":\"https:\/\/radioinfinitagoya.com.ar\/v1\/2026\/01\/30\/djokovic-derroto-a-jannik-sinner-y-se-clasifico-a-la-final-del-abierto-de-australia\/#primaryimage\"},\"image\":{\"@id\":\"https:\/\/radioinfinitagoya.com.ar\/v1\/2026\/01\/30\/djokovic-derroto-a-jannik-sinner-y-se-clasifico-a-la-final-del-abierto-de-australia\/#primaryimage\"},\"thumbnailUrl\":\"https:\/\/radioinfinitagoya.com.ar\/v1\/wp-content\/uploads\/2026\/01\/29c1d5cd-e288-42bb-b708-9d8e59f6ca17.jpg\",\"datePublished\":\"2026-01-30T18:04:11+00:00\",\"description\":\"El serbio se impuso en cinco sets y ahora definir\u00e1 el t\u00edtulo frente al espa\u00f1ol Carlos Alcaraz Novak Djokovic derrot\u00f3 en cinco sets a Jannik Sinner y se\",\"breadcrumb\":{\"@id\":\"https:\/\/radioinfinitagoya.com.ar\/v1\/2026\/01\/30\/djokovic-derroto-a-jannik-sinner-y-se-clasifico-a-la-final-del-abierto-de-australia\/#breadcrumb\"},\"inLanguage\":\"es-AR\",\"potentialAction\":[{\"@type\":\"ReadAction\",\"target\":[\"https:\/\/radioinfinitagoya.com.ar\/v1\/2026\/01\/30\/djokovic-derroto-a-jannik-sinner-y-se-clasifico-a-la-final-del-abierto-de-australia\/\"]}]},{\"@type\":\"ImageObject\",\"inLanguage\":\"es-AR\",\"@id\":\"https:\/\/radioinfinitagoya.com.ar\/v1\/2026\/01\/30\/djokovic-derroto-a-jannik-sinner-y-se-clasifico-a-la-final-del-abierto-de-australia\/#primaryimage\",\"url\":\"https:\/\/radioinfinitagoya.com.ar\/v1\/wp-content\/uploads\/2026\/01\/29c1d5cd-e288-42bb-b708-9d8e59f6ca17.jpg\",\"contentUrl\":\"https:\/\/radioinfinitagoya.com.ar\/v1\/wp-content\/uploads\/2026\/01\/29c1d5cd-e288-42bb-b708-9d8e59f6ca17.jpg\",\"width\":1080,\"height\":683},{\"@type\":\"BreadcrumbList\",\"@id\":\"https:\/\/radioinfinitagoya.com.ar\/v1\/2026\/01\/30\/djokovic-derroto-a-jannik-sinner-y-se-clasifico-a-la-final-del-abierto-de-australia\/#breadcrumb\",\"itemListElement\":[{\"@type\":\"ListItem\",\"position\":1,\"name\":\"Inicio\",\"item\":\"https:\/\/radioinfinitagoya.com.ar\/v1\/\"},{\"@type\":\"ListItem\",\"position\":2,\"name\":\"Djokovic derrot\u00f3 a Jannik Sinner y se clasific\u00f3 a la final del Abierto de Australia\"}]},{\"@type\":\"WebSite\",\"@id\":\"https:\/\/radioinfinitagoya.com.ar\/v1\/#website\",\"url\":\"https:\/\/radioinfinitagoya.com.ar\/v1\/\",\"name\":\"radioinfinitagoya.com.ar\",\"description\":\"Radio de noticias\",\"publisher\":{\"@id\":\"https:\/\/radioinfinitagoya.com.ar\/v1\/#organization\"},\"potentialAction\":[{\"@type\":\"SearchAction\",\"target\":{\"@type\":\"EntryPoint\",\"urlTemplate\":\"https:\/\/radioinfinitagoya.com.ar\/v1\/?s={search_term_string}\"},\"query-input\":{\"@type\":\"PropertyValueSpecification\",\"valueRequired\":true,\"valueName\":\"search_term_string\"}}],\"inLanguage\":\"es-AR\"},{\"@type\":\"Organization\",\"@id\":\"https:\/\/radioinfinitagoya.com.ar\/v1\/#organization\",\"name\":\"Radio Infinita Goya\",\"url\":\"https:\/\/radioinfinitagoya.com.ar\/v1\/\",\"logo\":{\"@type\":\"ImageObject\",\"inLanguage\":\"es-AR\",\"@id\":\"https:\/\/radioinfinitagoya.com.ar\/v1\/#\/schema\/logo\/image\/\",\"url\":\"https:\/\/radioinfinitagoya.com.ar\/v1\/wp-content\/uploads\/2019\/11\/logo-pie-web.png\",\"contentUrl\":\"https:\/\/radioinfinitagoya.com.ar\/v1\/wp-content\/uploads\/2019\/11\/logo-pie-web.png\",\"width\":635,\"height\":326,\"caption\":\"Radio Infinita Goya\"},\"image\":{\"@id\":\"https:\/\/radioinfinitagoya.com.ar\/v1\/#\/schema\/logo\/image\/\"},\"sameAs\":[\"https:\/\/www.facebook.com\/p\/Infinita-Goya-100063870918311\/\"]},{\"@type\":\"Person\",\"@id\":\"https:\/\/radioinfinitagoya.com.ar\/v1\/#\/schema\/person\/d4cf9c413d4f6edb24aabdccab49ca4a\",\"name\":\"Jorge Mi\u00f1o\",\"image\":{\"@type\":\"ImageObject\",\"inLanguage\":\"es-AR\",\"@id\":\"https:\/\/secure.gravatar.com\/avatar\/910fcf6728fe95320e07a6643c1581fec1c7fc4bf8ae12e3d8f0d0373dc844be?s=96&d=mm&r=g\",\"url\":\"https:\/\/secure.gravatar.com\/avatar\/910fcf6728fe95320e07a6643c1581fec1c7fc4bf8ae12e3d8f0d0373dc844be?s=96&d=mm&r=g\",\"contentUrl\":\"https:\/\/secure.gravatar.com\/avatar\/910fcf6728fe95320e07a6643c1581fec1c7fc4bf8ae12e3d8f0d0373dc844be?s=96&d=mm&r=g\",\"caption\":\"Jorge Mi\u00f1o\"},\"sameAs\":[\"http:\/\/radioinfinitagoya.com.ar\"]}]}<\/script>\n<!-- \/ Yoast SEO plugin. -->","yoast_head_json":{"title":"Djokovic derrot\u00f3 a Jannik Sinner y se clasific\u00f3 a la final del Abierto de Australia - Radio Infinita Goya","description":"El serbio se impuso en cinco sets y ahora definir\u00e1 el t\u00edtulo frente al espa\u00f1ol Carlos Alcaraz Novak Djokovic derrot\u00f3 en cinco sets a Jannik Sinner y se","robots":{"index":"index","follow":"follow","max-snippet":"max-snippet:-1","max-image-preview":"max-image-preview:large","max-video-preview":"max-video-preview:-1"},"canonical":"https:\/\/radioinfinitagoya.com.ar\/v1\/2026\/01\/30\/djokovic-derroto-a-jannik-sinner-y-se-clasifico-a-la-final-del-abierto-de-australia\/","og_locale":"es_ES","og_type":"article","og_title":"Djokovic derrot\u00f3 a Jannik Sinner y se clasific\u00f3 a la final del Abierto de Australia - Radio Infinita Goya","og_description":"El serbio se impuso en cinco sets y ahora definir\u00e1 el t\u00edtulo frente al espa\u00f1ol Carlos Alcaraz Novak Djokovic derrot\u00f3 en cinco sets a Jannik Sinner y se","og_url":"https:\/\/radioinfinitagoya.com.ar\/v1\/2026\/01\/30\/djokovic-derroto-a-jannik-sinner-y-se-clasifico-a-la-final-del-abierto-de-australia\/","og_site_name":"Radio Infinita Goya","article_publisher":"https:\/\/www.facebook.com\/p\/Infinita-Goya-100063870918311\/","article_published_time":"2026-01-30T18:04:11+00:00","og_image":[{"width":1080,"height":683,"url":"https:\/\/radioinfinitagoya.com.ar\/v1\/wp-content\/uploads\/2026\/01\/29c1d5cd-e288-42bb-b708-9d8e59f6ca17.jpg","type":"image\/jpeg"}],"author":"Jorge Mi\u00f1o","twitter_card":"summary_large_image","twitter_misc":{"Escrito por":"Jorge Mi\u00f1o","Tiempo de lectura":"5 minutos"},"schema":{"@context":"https:\/\/schema.org","@graph":[{"@type":"Article","@id":"https:\/\/radioinfinitagoya.com.ar\/v1\/2026\/01\/30\/djokovic-derroto-a-jannik-sinner-y-se-clasifico-a-la-final-del-abierto-de-australia\/#article","isPartOf":{"@id":"https:\/\/radioinfinitagoya.com.ar\/v1\/2026\/01\/30\/djokovic-derroto-a-jannik-sinner-y-se-clasifico-a-la-final-del-abierto-de-australia\/"},"author":{"name":"Jorge Mi\u00f1o","@id":"https:\/\/radioinfinitagoya.com.ar\/v1\/#\/schema\/person\/d4cf9c413d4f6edb24aabdccab49ca4a"},"headline":"Djokovic derrot\u00f3 a Jannik Sinner y se clasific\u00f3 a la final del Abierto de Australia","datePublished":"2026-01-30T18:04:11+00:00","mainEntityOfPage":{"@id":"https:\/\/radioinfinitagoya.com.ar\/v1\/2026\/01\/30\/djokovic-derroto-a-jannik-sinner-y-se-clasifico-a-la-final-del-abierto-de-australia\/"},"wordCount":958,"commentCount":0,"publisher":{"@id":"https:\/\/radioinfinitagoya.com.ar\/v1\/#organization"},"image":{"@id":"https:\/\/radioinfinitagoya.com.ar\/v1\/2026\/01\/30\/djokovic-derroto-a-jannik-sinner-y-se-clasifico-a-la-final-del-abierto-de-australia\/#primaryimage"},"thumbnailUrl":"https:\/\/radioinfinitagoya.com.ar\/v1\/wp-content\/uploads\/2026\/01\/29c1d5cd-e288-42bb-b708-9d8e59f6ca17.jpg","articleSection":["DEPORTES"],"inLanguage":"es-AR","potentialAction":[{"@type":"CommentAction","name":"Comment","target":["https:\/\/radioinfinitagoya.com.ar\/v1\/2026\/01\/30\/djokovic-derroto-a-jannik-sinner-y-se-clasifico-a-la-final-del-abierto-de-australia\/#respond"]}]},{"@type":"WebPage","@id":"https:\/\/radioinfinitagoya.com.ar\/v1\/2026\/01\/30\/djokovic-derroto-a-jannik-sinner-y-se-clasifico-a-la-final-del-abierto-de-australia\/","url":"https:\/\/radioinfinitagoya.com.ar\/v1\/2026\/01\/30\/djokovic-derroto-a-jannik-sinner-y-se-clasifico-a-la-final-del-abierto-de-australia\/","name":"Djokovic derrot\u00f3 a Jannik Sinner y se clasific\u00f3 a la final del Abierto de Australia - Radio Infinita Goya","isPartOf":{"@id":"https:\/\/radioinfinitagoya.com.ar\/v1\/#website"},"primaryImageOfPage":{"@id":"https:\/\/radioinfinitagoya.com.ar\/v1\/2026\/01\/30\/djokovic-derroto-a-jannik-sinner-y-se-clasifico-a-la-final-del-abierto-de-australia\/#primaryimage"},"image":{"@id":"https:\/\/radioinfinitagoya.com.ar\/v1\/2026\/01\/30\/djokovic-derroto-a-jannik-sinner-y-se-clasifico-a-la-final-del-abierto-de-australia\/#primaryimage"},"thumbnailUrl":"https:\/\/radioinfinitagoya.com.ar\/v1\/wp-content\/uploads\/2026\/01\/29c1d5cd-e288-42bb-b708-9d8e59f6ca17.jpg","datePublished":"2026-01-30T18:04:11+00:00","description":"El serbio se impuso en cinco sets y ahora definir\u00e1 el t\u00edtulo frente al espa\u00f1ol Carlos Alcaraz Novak Djokovic derrot\u00f3 en cinco sets a Jannik Sinner y se","breadcrumb":{"@id":"https:\/\/radioinfinitagoya.com.ar\/v1\/2026\/01\/30\/djokovic-derroto-a-jannik-sinner-y-se-clasifico-a-la-final-del-abierto-de-australia\/#breadcrumb"},"inLanguage":"es-AR","potentialAction":[{"@type":"ReadAction","target":["https:\/\/radioinfinitagoya.com.ar\/v1\/2026\/01\/30\/djokovic-derroto-a-jannik-sinner-y-se-clasifico-a-la-final-del-abierto-de-australia\/"]}]},{"@type":"ImageObject","inLanguage":"es-AR","@id":"https:\/\/radioinfinitagoya.com.ar\/v1\/2026\/01\/30\/djokovic-derroto-a-jannik-sinner-y-se-clasifico-a-la-final-del-abierto-de-australia\/#primaryimage","url":"https:\/\/radioinfinitagoya.com.ar\/v1\/wp-content\/uploads\/2026\/01\/29c1d5cd-e288-42bb-b708-9d8e59f6ca17.jpg","contentUrl":"https:\/\/radioinfinitagoya.com.ar\/v1\/wp-content\/uploads\/2026\/01\/29c1d5cd-e288-42bb-b708-9d8e59f6ca17.jpg","width":1080,"height":683},{"@type":"BreadcrumbList","@id":"https:\/\/radioinfinitagoya.com.ar\/v1\/2026\/01\/30\/djokovic-derroto-a-jannik-sinner-y-se-clasifico-a-la-final-del-abierto-de-australia\/#breadcrumb","itemListElement":[{"@type":"ListItem","position":1,"name":"Inicio","item":"https:\/\/radioinfinitagoya.com.ar\/v1\/"},{"@type":"ListItem","position":2,"name":"Djokovic derrot\u00f3 a Jannik Sinner y se clasific\u00f3 a la final del Abierto de Australia"}]},{"@type":"WebSite","@id":"https:\/\/radioinfinitagoya.com.ar\/v1\/#website","url":"https:\/\/radioinfinitagoya.com.ar\/v1\/","name":"radioinfinitagoya.com.ar","description":"Radio de noticias","publisher":{"@id":"https:\/\/radioinfinitagoya.com.ar\/v1\/#organization"},"potentialAction":[{"@type":"SearchAction","target":{"@type":"EntryPoint","urlTemplate":"https:\/\/radioinfinitagoya.com.ar\/v1\/?s={search_term_string}"},"query-input":{"@type":"PropertyValueSpecification","valueRequired":true,"valueName":"search_term_string"}}],"inLanguage":"es-AR"},{"@type":"Organization","@id":"https:\/\/radioinfinitagoya.com.ar\/v1\/#organization","name":"Radio Infinita Goya","url":"https:\/\/radioinfinitagoya.com.ar\/v1\/","logo":{"@type":"ImageObject","inLanguage":"es-AR","@id":"https:\/\/radioinfinitagoya.com.ar\/v1\/#\/schema\/logo\/image\/","url":"https:\/\/radioinfinitagoya.com.ar\/v1\/wp-content\/uploads\/2019\/11\/logo-pie-web.png","contentUrl":"https:\/\/radioinfinitagoya.com.ar\/v1\/wp-content\/uploads\/2019\/11\/logo-pie-web.png","width":635,"height":326,"caption":"Radio Infinita Goya"},"image":{"@id":"https:\/\/radioinfinitagoya.com.ar\/v1\/#\/schema\/logo\/image\/"},"sameAs":["https:\/\/www.facebook.com\/p\/Infinita-Goya-100063870918311\/"]},{"@type":"Person","@id":"https:\/\/radioinfinitagoya.com.ar\/v1\/#\/schema\/person\/d4cf9c413d4f6edb24aabdccab49ca4a","name":"Jorge Mi\u00f1o","image":{"@type":"ImageObject","inLanguage":"es-AR","@id":"https:\/\/secure.gravatar.com\/avatar\/910fcf6728fe95320e07a6643c1581fec1c7fc4bf8ae12e3d8f0d0373dc844be?s=96&d=mm&r=g","url":"https:\/\/secure.gravatar.com\/avatar\/910fcf6728fe95320e07a6643c1581fec1c7fc4bf8ae12e3d8f0d0373dc844be?s=96&d=mm&r=g","contentUrl":"https:\/\/secure.gravatar.com\/avatar\/910fcf6728fe95320e07a6643c1581fec1c7fc4bf8ae12e3d8f0d0373dc844be?s=96&d=mm&r=g","caption":"Jorge Mi\u00f1o"},"sameAs":["http:\/\/radioinfinitagoya.com.ar"]}]}},"_links":{"self":[{"href":"https:\/\/radioinfinitagoya.com.ar\/v1\/wp-json\/wp\/v2\/posts\/203832","targetHints":{"allow":["GET"]}}],"collection":[{"href":"https:\/\/radioinfinitagoya.com.ar\/v1\/wp-json\/wp\/v2\/posts"}],"about":[{"href":"https:\/\/radioinfinitagoya.com.ar\/v1\/wp-json\/wp\/v2\/types\/post"}],"author":[{"embeddable":true,"href":"https:\/\/radioinfinitagoya.com.ar\/v1\/wp-json\/wp\/v2\/users\/4"}],"replies":[{"embeddable":true,"href":"https:\/\/radioinfinitagoya.com.ar\/v1\/wp-json\/wp\/v2\/comments?post=203832"}],"version-history":[{"count":0,"href":"https:\/\/radioinfinitagoya.com.ar\/v1\/wp-json\/wp\/v2\/posts\/203832\/revisions"}],"wp:featuredmedia":[{"embeddable":true,"href":"https:\/\/radioinfinitagoya.com.ar\/v1\/wp-json\/wp\/v2\/media\/203833"}],"wp:attachment":[{"href":"https:\/\/radioinfinitagoya.com.ar\/v1\/wp-json\/wp\/v2\/media?parent=203832"}],"wp:term":[{"taxonomy":"category","embeddable":true,"href":"https:\/\/radioinfinitagoya.com.ar\/v1\/wp-json\/wp\/v2\/categories?post=203832"},{"taxonomy":"post_tag","embeddable":true,"href":"https:\/\/radioinfinitagoya.com.ar\/v1\/wp-json\/wp\/v2\/tags?post=203832"}],"curies":[{"name":"wp","href":"https:\/\/api.w.org\/{rel}","templated":true}]}}