{"id":203835,"date":"2026-01-30T15:15:23","date_gmt":"2026-01-30T18:15:23","guid":{"rendered":"https:\/\/radioinfinitagoya.com.ar\/v1\/?p=203835"},"modified":"2026-01-30T15:15:23","modified_gmt":"2026-01-30T18:15:23","slug":"quedaron-definidos-los-cruces-de-los-playoff-de-la-champions-league","status":"publish","type":"post","link":"https:\/\/radioinfinitagoya.com.ar\/v1\/2026\/01\/30\/quedaron-definidos-los-cruces-de-los-playoff-de-la-champions-league\/","title":{"rendered":"Quedaron definidos los cruces de los playoff de la Champions League"},"content":{"rendered":"<p>Real Madrid chocar\u00e1 contra Benfica<\/p>\n<p>La Orejona dej\u00f3 atr\u00e1s la Fase Liga y luego del sorteo qued\u00f3 definido el camino que deber\u00e1 trazar cada instituci\u00f3n para alzarse con el trofeo<\/p>\n<p>La Fase Liga de la UEFA Champions League ha llegado a su final este mi\u00e9rcoles en una dram\u00e1tica definici\u00f3n con 18 partidos en simult\u00e1neo, que incluy\u00f3 la anotaci\u00f3n del arquero Anatoliy Trubin para que Benfica sea el \u00faltimo equipo en colarse dentro de los playoff. Esa instancia tiene a equipos muy poderosos que deber\u00e1n poner en juego el pasaje a octavos de final, mientras que los ocho primeros de la tabla esquivaron esta ronda previa y ya sacaron su boleto entre los 16 mejores de Europa.<\/p>\n<p>El sorteo para determinar los emparejamientos se realiz\u00f3 este viernes con los conjuntos que terminaron entre el 9\u00b0 y el 24\u00b0 lugar. Del 9\u00b0 al 16\u00b0 fueron cabezas de serie en el bolillero y se medir\u00e1n con los ocho restantes. Hubo cuatro parejas de cuatro rivales de cada uno:<\/p>\n<p>9\u00b0 y 10\u00b0 vs. 23\u00b0 y 24\u00b0<br \/>\n11\u00b0 y 12\u00b0 vs. 21\u00b0 y 22\u00b0<br \/>\n13\u00b0 y 14\u00b0 vs. 19\u00b0 y 20\u00b0<br \/>\n15\u00b0 y 16\u00b0 vs. 17\u00b0 y 18\u00b0<\/p>\n<p>Todos los cruces de los playoffs:<\/p>\n<p><img loading=\"lazy\" decoding=\"async\" class=\"alignnone size-full wp-image-203837\" src=\"https:\/\/radioinfinitagoya.com.ar\/v1\/wp-content\/uploads\/2026\/01\/unnamed-file-2.jpg\" alt=\"\" width=\"946\" height=\"1048\" srcset=\"https:\/\/radioinfinitagoya.com.ar\/v1\/wp-content\/uploads\/2026\/01\/unnamed-file-2.jpg 946w, https:\/\/radioinfinitagoya.com.ar\/v1\/wp-content\/uploads\/2026\/01\/unnamed-file-2-135x150.jpg 135w, https:\/\/radioinfinitagoya.com.ar\/v1\/wp-content\/uploads\/2026\/01\/unnamed-file-2-768x851.jpg 768w, https:\/\/radioinfinitagoya.com.ar\/v1\/wp-content\/uploads\/2026\/01\/unnamed-file-2-379x420.jpg 379w, https:\/\/radioinfinitagoya.com.ar\/v1\/wp-content\/uploads\/2026\/01\/unnamed-file-2-696x771.jpg 696w\" sizes=\"auto, (max-width: 946px) 100vw, 946px\" \/><\/p>\n<p>Benfica vs Real Madrid<\/p>\n<p>Bodo Glimt vs Inter<\/p>\n<p>M\u00f3naco vs PSG<\/p>\n<p>Qarabag vs Newcastle<\/p>\n<p>Galatasaray vs Juventus<\/p>\n<p>Brujas vs Atl\u00e9tico de Madrid<\/p>\n<p>Borussia Dortmund vs Atalanta<\/p>\n<p>Olympiakos vs Bayern Leverkusen<\/p>\n<p>La gala, que se desarroll\u00f3 en la Casa del F\u00fatbol Europeo en Nyon, Suiza, determin\u00f3 c\u00f3mo se repartieron las bolillas. El primer emparejamiento puso cara a cara al Borussia Dortmund de Alemania con el Atalanta, por lo que Olympiakos de Grecia se ver\u00e1n las caras contra el Bayern Leverkusen. Los vencedores de estas llaves se medir\u00e1n en octavos de final (el sorteo ser\u00e1 el 27 de febrero) ante Arsenal de Inglaterra o Bayer Munich de Alemania.<\/p>\n<p>Luego qued\u00f3 definido el cruce entre el Galatasaray de Turqu\u00eda contra la Juventus de Italia y el Brujas de B\u00e9lgica ante el Atl\u00e9tico de Madrid. Liverpool y Tottenham aguardan por los resultados de estos enfrentamientos para conocer a sus rivales<\/p>\n<p>Otro cruce electrizante ser\u00e1 entre dos grandes de Francia, ya que el vigente campe\u00f3n PSG chocar\u00e1 contra M\u00f3naco, mientras que Newcastle ir\u00e1 ante Qarabag. De estos emparejamientos saldr\u00e1n los rivales de Barcelona y Chelsea.<\/p>\n<p>Sobre el final se dio otro de los platos fuertes, debido a que el Benfica de Jos\u00e9 Mourinho nuevamente enfrentar\u00e1 al Real Madrid. As\u00ed, Bodo Glimt jugar\u00e1 ante el Inter de Italia. Los que sobrevivan jugar\u00e1n en la siguiente fase ante Sporting Lisboa o Manchester City.<\/p>\n<p>De ac\u00e1 en m\u00e1s, todas las instancias se jugar\u00e1n a doble partido, salvo la final del 30 de mayo pr\u00f3ximo, que ser\u00e1 a encuentro \u00fanico en Budapest, Hungr\u00eda. Los cruces de ida del playoff tendr\u00e1n lugar del 17 al 18 de febrero, mientras que las revanchas ocurrir\u00e1n del 24 al 25 de febrero. Los ocho vencedores completar\u00e1n los 16 clasificados a octavos y las llaves se sortear\u00e1n el viernes 27 de febrero.<\/p>\n<p>Los ocho equipos clasificados a octavos de final<\/p>\n<p>Arsenal (Inglaterra)<br \/>\nBayern M\u00fanich (Alemania)<br \/>\nLiverpool (Inglaterra)<br \/>\nTottenham (Inglaterra)<br \/>\nBarcelona (Espa\u00f1a)<br \/>\nChelsea (Inglaterra)<br \/>\nSporting de Lisboa (Portugal)<br \/>\nManchester City (Inglaterra)<\/p>\n<p>Todos los clasificados al playoff de la Champions<br \/>\nCabeza de serie<\/p>\n<p>Real Madrid (Espa\u00f1a)<br \/>\nInter (Italia)<br \/>\nPSG (Francia)<br \/>\nNewcastle (Inglaterra)<br \/>\nJuventus (Italia)<br \/>\nAtl\u00e9tico de Madrid (Espa\u00f1a)<br \/>\nAtalanta (Italia)<br \/>\nBayer Leverkusen (Alemania)<br \/>\nNo cabeza de serie<\/p>\n<p>Borussia Dortmund (Alemania)<br \/>\nOlympiacos (Grecia)<br \/>\nBrujas (B\u00e9lgica)<br \/>\nGalatasaray (Turqu\u00eda)<br \/>\nM\u00f3naco (Francia)<br \/>\nQarabag (Azerbaiy\u00e1n)<br \/>\nBodo Glimt (Noruega)<br \/>\nBenfica (Portugal)<\/p>\n<p>As\u00ed est\u00e1 el cuadro de la Champions League<\/p>\n<p>Todas las fechas de la Champions League<br \/>\nPlayoffs: 17\/18 y 24\/25 de febrero de 2026<br \/>\nSorteos de octavos, cuartos y semifinales: 27 de febrero<br \/>\nOctavos: 10\/11 y 17\/18 de marzo<br \/>\nCuartos: 7\/8 y 14\/15 de abril<br \/>\nSemifinales: 28\/29 de abril y 5\/6 de mayo<br \/>\nFinal: 30 de mayo (Estadio Pusk\u00e1s Ar\u00e9na, de Budapest)<br \/>\nAs\u00ed termin\u00f3 la Fase Liga de la UEFA Champions League<\/p>\n","protected":false},"excerpt":{"rendered":"<p>Real Madrid chocar\u00e1 contra Benfica La Orejona dej\u00f3 atr\u00e1s la Fase Liga y luego del sorteo qued\u00f3 definido el camino que deber\u00e1 trazar cada instituci\u00f3n para alzarse con el trofeo La Fase Liga de la UEFA Champions League ha llegado a su final este mi\u00e9rcoles en una dram\u00e1tica definici\u00f3n con 18 partidos en simult\u00e1neo, que [&hellip;]<\/p>\n","protected":false},"author":4,"featured_media":203836,"comment_status":"open","ping_status":"open","sticky":false,"template":"","format":"standard","meta":{"_joinchat":[],"footnotes":""},"categories":[28],"tags":[],"class_list":{"0":"post-203835","1":"post","2":"type-post","3":"status-publish","4":"format-standard","5":"has-post-thumbnail","7":"category-deportes"},"yoast_head":"<!-- This site is optimized with the Yoast SEO plugin v27.2 - https:\/\/yoast.com\/product\/yoast-seo-wordpress\/ -->\n<title>Quedaron definidos los cruces de los playoff de la Champions League - Radio Infinita Goya<\/title>\n<meta name=\"description\" content=\"Real Madrid chocar\u00e1 contra Benfica La Orejona dej\u00f3 atr\u00e1s la Fase Liga y luego del sorteo qued\u00f3 definido el camino que deber\u00e1 trazar cada instituci\u00f3n para\" \/>\n<meta name=\"robots\" content=\"index, follow, max-snippet:-1, max-image-preview:large, max-video-preview:-1\" \/>\n<link rel=\"canonical\" href=\"https:\/\/radioinfinitagoya.com.ar\/v1\/2026\/01\/30\/quedaron-definidos-los-cruces-de-los-playoff-de-la-champions-league\/\" \/>\n<meta property=\"og:locale\" content=\"es_ES\" \/>\n<meta property=\"og:type\" content=\"article\" \/>\n<meta property=\"og:title\" content=\"Quedaron definidos los cruces de los playoff de la Champions League - Radio Infinita Goya\" \/>\n<meta property=\"og:description\" content=\"Real Madrid chocar\u00e1 contra Benfica La Orejona dej\u00f3 atr\u00e1s la Fase Liga y luego del sorteo qued\u00f3 definido el camino que deber\u00e1 trazar cada instituci\u00f3n para\" \/>\n<meta property=\"og:url\" content=\"https:\/\/radioinfinitagoya.com.ar\/v1\/2026\/01\/30\/quedaron-definidos-los-cruces-de-los-playoff-de-la-champions-league\/\" \/>\n<meta property=\"og:site_name\" content=\"Radio Infinita Goya\" \/>\n<meta property=\"article:publisher\" content=\"https:\/\/www.facebook.com\/p\/Infinita-Goya-100063870918311\/\" \/>\n<meta property=\"article:published_time\" content=\"2026-01-30T18:15:23+00:00\" \/>\n<meta property=\"og:image\" content=\"https:\/\/radioinfinitagoya.com.ar\/v1\/wp-content\/uploads\/2026\/01\/unnamed-file-1.jpg\" \/>\n\t<meta property=\"og:image:width\" content=\"1080\" \/>\n\t<meta property=\"og:image:height\" content=\"701\" \/>\n\t<meta property=\"og:image:type\" content=\"image\/jpeg\" \/>\n<meta name=\"author\" content=\"Jorge Mi\u00f1o\" \/>\n<meta name=\"twitter:card\" content=\"summary_large_image\" \/>\n<meta name=\"twitter:label1\" content=\"Escrito por\" \/>\n\t<meta name=\"twitter:data1\" content=\"Jorge Mi\u00f1o\" \/>\n\t<meta name=\"twitter:label2\" content=\"Tiempo de lectura\" \/>\n\t<meta name=\"twitter:data2\" content=\"3 minutos\" \/>\n<script type=\"application\/ld+json\" class=\"yoast-schema-graph\">{\"@context\":\"https:\/\/schema.org\",\"@graph\":[{\"@type\":\"Article\",\"@id\":\"https:\/\/radioinfinitagoya.com.ar\/v1\/2026\/01\/30\/quedaron-definidos-los-cruces-de-los-playoff-de-la-champions-league\/#article\",\"isPartOf\":{\"@id\":\"https:\/\/radioinfinitagoya.com.ar\/v1\/2026\/01\/30\/quedaron-definidos-los-cruces-de-los-playoff-de-la-champions-league\/\"},\"author\":{\"name\":\"Jorge Mi\u00f1o\",\"@id\":\"https:\/\/radioinfinitagoya.com.ar\/v1\/#\/schema\/person\/d4cf9c413d4f6edb24aabdccab49ca4a\"},\"headline\":\"Quedaron definidos los cruces de los playoff de la Champions League\",\"datePublished\":\"2026-01-30T18:15:23+00:00\",\"mainEntityOfPage\":{\"@id\":\"https:\/\/radioinfinitagoya.com.ar\/v1\/2026\/01\/30\/quedaron-definidos-los-cruces-de-los-playoff-de-la-champions-league\/\"},\"wordCount\":660,\"commentCount\":0,\"publisher\":{\"@id\":\"https:\/\/radioinfinitagoya.com.ar\/v1\/#organization\"},\"image\":{\"@id\":\"https:\/\/radioinfinitagoya.com.ar\/v1\/2026\/01\/30\/quedaron-definidos-los-cruces-de-los-playoff-de-la-champions-league\/#primaryimage\"},\"thumbnailUrl\":\"https:\/\/radioinfinitagoya.com.ar\/v1\/wp-content\/uploads\/2026\/01\/unnamed-file-1.jpg\",\"articleSection\":[\"DEPORTES\"],\"inLanguage\":\"es-AR\",\"potentialAction\":[{\"@type\":\"CommentAction\",\"name\":\"Comment\",\"target\":[\"https:\/\/radioinfinitagoya.com.ar\/v1\/2026\/01\/30\/quedaron-definidos-los-cruces-de-los-playoff-de-la-champions-league\/#respond\"]}]},{\"@type\":\"WebPage\",\"@id\":\"https:\/\/radioinfinitagoya.com.ar\/v1\/2026\/01\/30\/quedaron-definidos-los-cruces-de-los-playoff-de-la-champions-league\/\",\"url\":\"https:\/\/radioinfinitagoya.com.ar\/v1\/2026\/01\/30\/quedaron-definidos-los-cruces-de-los-playoff-de-la-champions-league\/\",\"name\":\"Quedaron definidos los cruces de los playoff de la Champions League - Radio Infinita Goya\",\"isPartOf\":{\"@id\":\"https:\/\/radioinfinitagoya.com.ar\/v1\/#website\"},\"primaryImageOfPage\":{\"@id\":\"https:\/\/radioinfinitagoya.com.ar\/v1\/2026\/01\/30\/quedaron-definidos-los-cruces-de-los-playoff-de-la-champions-league\/#primaryimage\"},\"image\":{\"@id\":\"https:\/\/radioinfinitagoya.com.ar\/v1\/2026\/01\/30\/quedaron-definidos-los-cruces-de-los-playoff-de-la-champions-league\/#primaryimage\"},\"thumbnailUrl\":\"https:\/\/radioinfinitagoya.com.ar\/v1\/wp-content\/uploads\/2026\/01\/unnamed-file-1.jpg\",\"datePublished\":\"2026-01-30T18:15:23+00:00\",\"description\":\"Real Madrid chocar\u00e1 contra Benfica La Orejona dej\u00f3 atr\u00e1s la Fase Liga y luego del sorteo qued\u00f3 definido el camino que deber\u00e1 trazar cada instituci\u00f3n para\",\"breadcrumb\":{\"@id\":\"https:\/\/radioinfinitagoya.com.ar\/v1\/2026\/01\/30\/quedaron-definidos-los-cruces-de-los-playoff-de-la-champions-league\/#breadcrumb\"},\"inLanguage\":\"es-AR\",\"potentialAction\":[{\"@type\":\"ReadAction\",\"target\":[\"https:\/\/radioinfinitagoya.com.ar\/v1\/2026\/01\/30\/quedaron-definidos-los-cruces-de-los-playoff-de-la-champions-league\/\"]}]},{\"@type\":\"ImageObject\",\"inLanguage\":\"es-AR\",\"@id\":\"https:\/\/radioinfinitagoya.com.ar\/v1\/2026\/01\/30\/quedaron-definidos-los-cruces-de-los-playoff-de-la-champions-league\/#primaryimage\",\"url\":\"https:\/\/radioinfinitagoya.com.ar\/v1\/wp-content\/uploads\/2026\/01\/unnamed-file-1.jpg\",\"contentUrl\":\"https:\/\/radioinfinitagoya.com.ar\/v1\/wp-content\/uploads\/2026\/01\/unnamed-file-1.jpg\",\"width\":1080,\"height\":701},{\"@type\":\"BreadcrumbList\",\"@id\":\"https:\/\/radioinfinitagoya.com.ar\/v1\/2026\/01\/30\/quedaron-definidos-los-cruces-de-los-playoff-de-la-champions-league\/#breadcrumb\",\"itemListElement\":[{\"@type\":\"ListItem\",\"position\":1,\"name\":\"Inicio\",\"item\":\"https:\/\/radioinfinitagoya.com.ar\/v1\/\"},{\"@type\":\"ListItem\",\"position\":2,\"name\":\"Quedaron definidos los cruces de los playoff de la Champions League\"}]},{\"@type\":\"WebSite\",\"@id\":\"https:\/\/radioinfinitagoya.com.ar\/v1\/#website\",\"url\":\"https:\/\/radioinfinitagoya.com.ar\/v1\/\",\"name\":\"radioinfinitagoya.com.ar\",\"description\":\"Radio de noticias\",\"publisher\":{\"@id\":\"https:\/\/radioinfinitagoya.com.ar\/v1\/#organization\"},\"potentialAction\":[{\"@type\":\"SearchAction\",\"target\":{\"@type\":\"EntryPoint\",\"urlTemplate\":\"https:\/\/radioinfinitagoya.com.ar\/v1\/?s={search_term_string}\"},\"query-input\":{\"@type\":\"PropertyValueSpecification\",\"valueRequired\":true,\"valueName\":\"search_term_string\"}}],\"inLanguage\":\"es-AR\"},{\"@type\":\"Organization\",\"@id\":\"https:\/\/radioinfinitagoya.com.ar\/v1\/#organization\",\"name\":\"Radio Infinita Goya\",\"url\":\"https:\/\/radioinfinitagoya.com.ar\/v1\/\",\"logo\":{\"@type\":\"ImageObject\",\"inLanguage\":\"es-AR\",\"@id\":\"https:\/\/radioinfinitagoya.com.ar\/v1\/#\/schema\/logo\/image\/\",\"url\":\"https:\/\/radioinfinitagoya.com.ar\/v1\/wp-content\/uploads\/2019\/11\/logo-pie-web.png\",\"contentUrl\":\"https:\/\/radioinfinitagoya.com.ar\/v1\/wp-content\/uploads\/2019\/11\/logo-pie-web.png\",\"width\":635,\"height\":326,\"caption\":\"Radio Infinita Goya\"},\"image\":{\"@id\":\"https:\/\/radioinfinitagoya.com.ar\/v1\/#\/schema\/logo\/image\/\"},\"sameAs\":[\"https:\/\/www.facebook.com\/p\/Infinita-Goya-100063870918311\/\"]},{\"@type\":\"Person\",\"@id\":\"https:\/\/radioinfinitagoya.com.ar\/v1\/#\/schema\/person\/d4cf9c413d4f6edb24aabdccab49ca4a\",\"name\":\"Jorge Mi\u00f1o\",\"image\":{\"@type\":\"ImageObject\",\"inLanguage\":\"es-AR\",\"@id\":\"https:\/\/secure.gravatar.com\/avatar\/910fcf6728fe95320e07a6643c1581fec1c7fc4bf8ae12e3d8f0d0373dc844be?s=96&d=mm&r=g\",\"url\":\"https:\/\/secure.gravatar.com\/avatar\/910fcf6728fe95320e07a6643c1581fec1c7fc4bf8ae12e3d8f0d0373dc844be?s=96&d=mm&r=g\",\"contentUrl\":\"https:\/\/secure.gravatar.com\/avatar\/910fcf6728fe95320e07a6643c1581fec1c7fc4bf8ae12e3d8f0d0373dc844be?s=96&d=mm&r=g\",\"caption\":\"Jorge Mi\u00f1o\"},\"sameAs\":[\"http:\/\/radioinfinitagoya.com.ar\"]}]}<\/script>\n<!-- \/ Yoast SEO plugin. -->","yoast_head_json":{"title":"Quedaron definidos los cruces de los playoff de la Champions League - Radio Infinita Goya","description":"Real Madrid chocar\u00e1 contra Benfica La Orejona dej\u00f3 atr\u00e1s la Fase Liga y luego del sorteo qued\u00f3 definido el camino que deber\u00e1 trazar cada instituci\u00f3n para","robots":{"index":"index","follow":"follow","max-snippet":"max-snippet:-1","max-image-preview":"max-image-preview:large","max-video-preview":"max-video-preview:-1"},"canonical":"https:\/\/radioinfinitagoya.com.ar\/v1\/2026\/01\/30\/quedaron-definidos-los-cruces-de-los-playoff-de-la-champions-league\/","og_locale":"es_ES","og_type":"article","og_title":"Quedaron definidos los cruces de los playoff de la Champions League - Radio Infinita Goya","og_description":"Real Madrid chocar\u00e1 contra Benfica La Orejona dej\u00f3 atr\u00e1s la Fase Liga y luego del sorteo qued\u00f3 definido el camino que deber\u00e1 trazar cada instituci\u00f3n para","og_url":"https:\/\/radioinfinitagoya.com.ar\/v1\/2026\/01\/30\/quedaron-definidos-los-cruces-de-los-playoff-de-la-champions-league\/","og_site_name":"Radio Infinita Goya","article_publisher":"https:\/\/www.facebook.com\/p\/Infinita-Goya-100063870918311\/","article_published_time":"2026-01-30T18:15:23+00:00","og_image":[{"width":1080,"height":701,"url":"https:\/\/radioinfinitagoya.com.ar\/v1\/wp-content\/uploads\/2026\/01\/unnamed-file-1.jpg","type":"image\/jpeg"}],"author":"Jorge Mi\u00f1o","twitter_card":"summary_large_image","twitter_misc":{"Escrito por":"Jorge Mi\u00f1o","Tiempo de lectura":"3 minutos"},"schema":{"@context":"https:\/\/schema.org","@graph":[{"@type":"Article","@id":"https:\/\/radioinfinitagoya.com.ar\/v1\/2026\/01\/30\/quedaron-definidos-los-cruces-de-los-playoff-de-la-champions-league\/#article","isPartOf":{"@id":"https:\/\/radioinfinitagoya.com.ar\/v1\/2026\/01\/30\/quedaron-definidos-los-cruces-de-los-playoff-de-la-champions-league\/"},"author":{"name":"Jorge Mi\u00f1o","@id":"https:\/\/radioinfinitagoya.com.ar\/v1\/#\/schema\/person\/d4cf9c413d4f6edb24aabdccab49ca4a"},"headline":"Quedaron definidos los cruces de los playoff de la Champions League","datePublished":"2026-01-30T18:15:23+00:00","mainEntityOfPage":{"@id":"https:\/\/radioinfinitagoya.com.ar\/v1\/2026\/01\/30\/quedaron-definidos-los-cruces-de-los-playoff-de-la-champions-league\/"},"wordCount":660,"commentCount":0,"publisher":{"@id":"https:\/\/radioinfinitagoya.com.ar\/v1\/#organization"},"image":{"@id":"https:\/\/radioinfinitagoya.com.ar\/v1\/2026\/01\/30\/quedaron-definidos-los-cruces-de-los-playoff-de-la-champions-league\/#primaryimage"},"thumbnailUrl":"https:\/\/radioinfinitagoya.com.ar\/v1\/wp-content\/uploads\/2026\/01\/unnamed-file-1.jpg","articleSection":["DEPORTES"],"inLanguage":"es-AR","potentialAction":[{"@type":"CommentAction","name":"Comment","target":["https:\/\/radioinfinitagoya.com.ar\/v1\/2026\/01\/30\/quedaron-definidos-los-cruces-de-los-playoff-de-la-champions-league\/#respond"]}]},{"@type":"WebPage","@id":"https:\/\/radioinfinitagoya.com.ar\/v1\/2026\/01\/30\/quedaron-definidos-los-cruces-de-los-playoff-de-la-champions-league\/","url":"https:\/\/radioinfinitagoya.com.ar\/v1\/2026\/01\/30\/quedaron-definidos-los-cruces-de-los-playoff-de-la-champions-league\/","name":"Quedaron definidos los cruces de los playoff de la Champions League - Radio Infinita Goya","isPartOf":{"@id":"https:\/\/radioinfinitagoya.com.ar\/v1\/#website"},"primaryImageOfPage":{"@id":"https:\/\/radioinfinitagoya.com.ar\/v1\/2026\/01\/30\/quedaron-definidos-los-cruces-de-los-playoff-de-la-champions-league\/#primaryimage"},"image":{"@id":"https:\/\/radioinfinitagoya.com.ar\/v1\/2026\/01\/30\/quedaron-definidos-los-cruces-de-los-playoff-de-la-champions-league\/#primaryimage"},"thumbnailUrl":"https:\/\/radioinfinitagoya.com.ar\/v1\/wp-content\/uploads\/2026\/01\/unnamed-file-1.jpg","datePublished":"2026-01-30T18:15:23+00:00","description":"Real Madrid chocar\u00e1 contra Benfica La Orejona dej\u00f3 atr\u00e1s la Fase Liga y luego del sorteo qued\u00f3 definido el camino que deber\u00e1 trazar cada instituci\u00f3n para","breadcrumb":{"@id":"https:\/\/radioinfinitagoya.com.ar\/v1\/2026\/01\/30\/quedaron-definidos-los-cruces-de-los-playoff-de-la-champions-league\/#breadcrumb"},"inLanguage":"es-AR","potentialAction":[{"@type":"ReadAction","target":["https:\/\/radioinfinitagoya.com.ar\/v1\/2026\/01\/30\/quedaron-definidos-los-cruces-de-los-playoff-de-la-champions-league\/"]}]},{"@type":"ImageObject","inLanguage":"es-AR","@id":"https:\/\/radioinfinitagoya.com.ar\/v1\/2026\/01\/30\/quedaron-definidos-los-cruces-de-los-playoff-de-la-champions-league\/#primaryimage","url":"https:\/\/radioinfinitagoya.com.ar\/v1\/wp-content\/uploads\/2026\/01\/unnamed-file-1.jpg","contentUrl":"https:\/\/radioinfinitagoya.com.ar\/v1\/wp-content\/uploads\/2026\/01\/unnamed-file-1.jpg","width":1080,"height":701},{"@type":"BreadcrumbList","@id":"https:\/\/radioinfinitagoya.com.ar\/v1\/2026\/01\/30\/quedaron-definidos-los-cruces-de-los-playoff-de-la-champions-league\/#breadcrumb","itemListElement":[{"@type":"ListItem","position":1,"name":"Inicio","item":"https:\/\/radioinfinitagoya.com.ar\/v1\/"},{"@type":"ListItem","position":2,"name":"Quedaron definidos los cruces de los playoff de la Champions League"}]},{"@type":"WebSite","@id":"https:\/\/radioinfinitagoya.com.ar\/v1\/#website","url":"https:\/\/radioinfinitagoya.com.ar\/v1\/","name":"radioinfinitagoya.com.ar","description":"Radio de noticias","publisher":{"@id":"https:\/\/radioinfinitagoya.com.ar\/v1\/#organization"},"potentialAction":[{"@type":"SearchAction","target":{"@type":"EntryPoint","urlTemplate":"https:\/\/radioinfinitagoya.com.ar\/v1\/?s={search_term_string}"},"query-input":{"@type":"PropertyValueSpecification","valueRequired":true,"valueName":"search_term_string"}}],"inLanguage":"es-AR"},{"@type":"Organization","@id":"https:\/\/radioinfinitagoya.com.ar\/v1\/#organization","name":"Radio Infinita Goya","url":"https:\/\/radioinfinitagoya.com.ar\/v1\/","logo":{"@type":"ImageObject","inLanguage":"es-AR","@id":"https:\/\/radioinfinitagoya.com.ar\/v1\/#\/schema\/logo\/image\/","url":"https:\/\/radioinfinitagoya.com.ar\/v1\/wp-content\/uploads\/2019\/11\/logo-pie-web.png","contentUrl":"https:\/\/radioinfinitagoya.com.ar\/v1\/wp-content\/uploads\/2019\/11\/logo-pie-web.png","width":635,"height":326,"caption":"Radio Infinita Goya"},"image":{"@id":"https:\/\/radioinfinitagoya.com.ar\/v1\/#\/schema\/logo\/image\/"},"sameAs":["https:\/\/www.facebook.com\/p\/Infinita-Goya-100063870918311\/"]},{"@type":"Person","@id":"https:\/\/radioinfinitagoya.com.ar\/v1\/#\/schema\/person\/d4cf9c413d4f6edb24aabdccab49ca4a","name":"Jorge Mi\u00f1o","image":{"@type":"ImageObject","inLanguage":"es-AR","@id":"https:\/\/secure.gravatar.com\/avatar\/910fcf6728fe95320e07a6643c1581fec1c7fc4bf8ae12e3d8f0d0373dc844be?s=96&d=mm&r=g","url":"https:\/\/secure.gravatar.com\/avatar\/910fcf6728fe95320e07a6643c1581fec1c7fc4bf8ae12e3d8f0d0373dc844be?s=96&d=mm&r=g","contentUrl":"https:\/\/secure.gravatar.com\/avatar\/910fcf6728fe95320e07a6643c1581fec1c7fc4bf8ae12e3d8f0d0373dc844be?s=96&d=mm&r=g","caption":"Jorge Mi\u00f1o"},"sameAs":["http:\/\/radioinfinitagoya.com.ar"]}]}},"_links":{"self":[{"href":"https:\/\/radioinfinitagoya.com.ar\/v1\/wp-json\/wp\/v2\/posts\/203835","targetHints":{"allow":["GET"]}}],"collection":[{"href":"https:\/\/radioinfinitagoya.com.ar\/v1\/wp-json\/wp\/v2\/posts"}],"about":[{"href":"https:\/\/radioinfinitagoya.com.ar\/v1\/wp-json\/wp\/v2\/types\/post"}],"author":[{"embeddable":true,"href":"https:\/\/radioinfinitagoya.com.ar\/v1\/wp-json\/wp\/v2\/users\/4"}],"replies":[{"embeddable":true,"href":"https:\/\/radioinfinitagoya.com.ar\/v1\/wp-json\/wp\/v2\/comments?post=203835"}],"version-history":[{"count":0,"href":"https:\/\/radioinfinitagoya.com.ar\/v1\/wp-json\/wp\/v2\/posts\/203835\/revisions"}],"wp:featuredmedia":[{"embeddable":true,"href":"https:\/\/radioinfinitagoya.com.ar\/v1\/wp-json\/wp\/v2\/media\/203836"}],"wp:attachment":[{"href":"https:\/\/radioinfinitagoya.com.ar\/v1\/wp-json\/wp\/v2\/media?parent=203835"}],"wp:term":[{"taxonomy":"category","embeddable":true,"href":"https:\/\/radioinfinitagoya.com.ar\/v1\/wp-json\/wp\/v2\/categories?post=203835"},{"taxonomy":"post_tag","embeddable":true,"href":"https:\/\/radioinfinitagoya.com.ar\/v1\/wp-json\/wp\/v2\/tags?post=203835"}],"curies":[{"name":"wp","href":"https:\/\/api.w.org\/{rel}","templated":true}]}}