{"id":203839,"date":"2026-01-30T15:24:07","date_gmt":"2026-01-30T18:24:07","guid":{"rendered":"https:\/\/radioinfinitagoya.com.ar\/v1\/?p=203839"},"modified":"2026-01-30T15:24:07","modified_gmt":"2026-01-30T18:24:07","slug":"advertencia-de-los-aliados-al-gobierno-apoyaran-la-baja-en-la-edad-de-imputabilidad","status":"publish","type":"post","link":"https:\/\/radioinfinitagoya.com.ar\/v1\/2026\/01\/30\/advertencia-de-los-aliados-al-gobierno-apoyaran-la-baja-en-la-edad-de-imputabilidad\/","title":{"rendered":"Advertencia de los aliados al Gobierno: apoyar\u00e1n la baja en la edad de imputabilidad"},"content":{"rendered":"<p>&#8220;Pero hasta los 14 a\u00f1os&#8221;<\/p>\n<p>El proyecto de Milei propon\u00eda establecer los 13 a\u00f1os como m\u00ednimo punible. El dictamen que se negoci\u00f3 el a\u00f1o pasado perdi\u00f3 estado parlamentario y los libertarios analizan si insisten con el texto original<\/p>\n<p>\u201cLa baja de la edad de imputabilidad es clave, ojal\u00e1 logremos que se establezca a los 13 o 14 a\u00f1os, pero creo que incluso deber\u00eda ser menos\u201d. Las declaraciones de la ministra de Seguridad, Alejandra Monteoliva, dejaron en evidencia que la discusi\u00f3n sobre el contenido del nuevo R\u00e9gimen Penal Juvenil, que se tratar\u00e1 durante las sesiones extraordinarias, no est\u00e1 saldada al interior del Gobierno<\/p>\n<p>Mientras algunos referentes libertarios dejaron trascender que establecer la edad m\u00ednima de imputabilidad en los 14 a\u00f1os permitir\u00eda alcanzar consensos m\u00e1s amplios que dejar\u00e1n al oficialismo muy cerca de tener los votos para sancionar la nueva ley, otros creen que es momento de insistir con la redacci\u00f3n original del proyecto, que propon\u00eda bajar el umbral a los 13 a\u00f1os.<\/p>\n<p>El primer proyecto hab\u00eda sido enviado por el Poder Ejecutivo a la C\u00e1mara de Diputados en julio de 2024. All\u00ed se discuti\u00f3 durante largos meses y reci\u00e9n en mayo de 2025 un plenario de las comisiones de Legislaci\u00f3n Penal; Familias, Ni\u00f1ez y Juventudes; y Justicia acord\u00f3 un dictamen de mayor\u00eda firmado por LLA, el PRO, la UCR, Innovaci\u00f3n Federal, la Coalici\u00f3n C\u00edvica y Democracia para Siempre (los \u00faltimos dos con algunas disidencias).<\/p>\n<p><img loading=\"lazy\" decoding=\"async\" class=\"alignnone size-full wp-image-203841\" src=\"https:\/\/radioinfinitagoya.com.ar\/v1\/wp-content\/uploads\/2026\/01\/unnamed-file-4.jpg\" alt=\"\" width=\"943\" height=\"501\" srcset=\"https:\/\/radioinfinitagoya.com.ar\/v1\/wp-content\/uploads\/2026\/01\/unnamed-file-4.jpg 943w, https:\/\/radioinfinitagoya.com.ar\/v1\/wp-content\/uploads\/2026\/01\/unnamed-file-4-150x80.jpg 150w, https:\/\/radioinfinitagoya.com.ar\/v1\/wp-content\/uploads\/2026\/01\/unnamed-file-4-768x408.jpg 768w, https:\/\/radioinfinitagoya.com.ar\/v1\/wp-content\/uploads\/2026\/01\/unnamed-file-4-791x420.jpg 791w, https:\/\/radioinfinitagoya.com.ar\/v1\/wp-content\/uploads\/2026\/01\/unnamed-file-4-696x370.jpg 696w\" sizes=\"auto, (max-width: 943px) 100vw, 943px\" \/>Durante esas negociaciones, el PRO, la UCR y la Coalici\u00f3n C\u00edvica presionaron para fijar la edad m\u00ednima en 14 a\u00f1os. Tambi\u00e9n redujeron de 20 a 15 a\u00f1os de prisi\u00f3n efectiva la pena m\u00e1xima para delitos graves como homicidio, abuso sexual o secuestro. Eso posibilit\u00f3 llegar a un texto consensuado que qued\u00f3 listo para ir al recinto, algo que finalmente nunca ocurri\u00f3.<\/p>\n<p>Con el recambio legislativo, el dictamen perdi\u00f3 estado parlamentario y t\u00e9cnicamente la discusi\u00f3n deber\u00e1 comenzar desde cero. Algunos sectores del Gobierno se inclinan por \u201crespetar\u201d los acuerdos previos; en cambio, otros creen que la victoria electoral de las legislativas y el contexto generado por algunos cr\u00edmenes resonantes, como el de Jerem\u00edas Monz\u00f3n en Santa Fe, habilitan a jugar m\u00e1s a fondo.<\/p>\n<p>En esta discusi\u00f3n, la posici\u00f3n que adopten los aliados del Gobierno y los sectores dialoguistas terminar\u00e1 de inclinar la balanza. \u201cEl Gobierno est\u00e1 muy bien y viene metiendo goles, es obvio que van a tensar la discusi\u00f3n y proponer otra vez los 13 a\u00f1os. Pero nosotros vamos a seguir sosteniendo que la edad m\u00ednima tiene que ser 14 a\u00f1os\u201d, explic\u00f3 un referente del PRO en Diputados.<\/p>\n<p><img loading=\"lazy\" decoding=\"async\" class=\"alignnone size-full wp-image-203842\" src=\"https:\/\/radioinfinitagoya.com.ar\/v1\/wp-content\/uploads\/2026\/01\/unnamed-file-5.jpg\" alt=\"\" width=\"971\" height=\"647\" srcset=\"https:\/\/radioinfinitagoya.com.ar\/v1\/wp-content\/uploads\/2026\/01\/unnamed-file-5.jpg 971w, https:\/\/radioinfinitagoya.com.ar\/v1\/wp-content\/uploads\/2026\/01\/unnamed-file-5-150x100.jpg 150w, https:\/\/radioinfinitagoya.com.ar\/v1\/wp-content\/uploads\/2026\/01\/unnamed-file-5-768x512.jpg 768w, https:\/\/radioinfinitagoya.com.ar\/v1\/wp-content\/uploads\/2026\/01\/unnamed-file-5-630x420.jpg 630w, https:\/\/radioinfinitagoya.com.ar\/v1\/wp-content\/uploads\/2026\/01\/unnamed-file-5-696x464.jpg 696w\" sizes=\"auto, (max-width: 971px) 100vw, 971px\" \/>Desde la bancada que conduce Cristian Ritondo argumentan que es una cuesti\u00f3n de \u201cprudencia cient\u00edfica y de realidad operativa\u201d. \u201cNo hay consenso m\u00e9dico ni psicol\u00f3gico sobre si un chico de 12 o 13 a\u00f1os comprende plenamente la criminalidad de sus actos. Tanto la Convenci\u00f3n de Naciones Unidas, en su observaci\u00f3n general n\u00famero 24 relativa a los derechos del ni\u00f1o en el sistema de justicia juvenil, y estudios en neurociencias advierten que a esa edad el pensamiento abstracto a\u00fan est\u00e1 en desarrollo. Ante la duda, m\u00e1s all\u00e1 de lo que uno crea, es decir, sin que implique tomar partido, lo m\u00e1s prudente parece ser esperar a que se consolide un criterio cient\u00edfico\u201d, explicaron.<\/p>\n<p>A su vez, advierten que el Estado tiene enormes dificultades para alojar y tratar a los menores que ya est\u00e1n en el sistema: \u201cSabemos que bajar la edad implica un esfuerzo grande en t\u00e9rminos de infraestructura y bajar la edad a 13 a\u00f1os duplicar\u00eda la poblaci\u00f3n de internos de un d\u00eda para el otro. La propia Corte Suprema ya alert\u00f3 al Poder Ejecutivo sobre la falta de infraestructura. Sin lugares adecuados, la ley nacer\u00eda muerta\u201d.<\/p>\n<p>Por otro lado, el bloque amarillo entienden que ser\u00e1 una buena oportunidad para \u201cplantarse\u201d e inaugurar la nueva etapa de \u201caliados con condiciones\u201d. Cabe recordar que muchos en el bloque PRO a\u00fan no superaron el malestar por la ruptura de los diputados bullrichistas y la posterior incorporaci\u00f3n a La Libertad Avanza de Alejandro Bongiovanni, Ver\u00f3nica Razzini y Lorena Petrovich.<\/p>\n<p>Ante la consulta de Infobae, desde el bloque oficial de la UCR coincidieron en que \u201cla discusi\u00f3n no deber\u00eda volver a foja cero porque el tema ya est\u00e1 casi alineado en una de las C\u00e1maras\u201d.<\/p>\n<p>\u201cPor querer jugar a fondo, pueden perder el n\u00famero que pr\u00e1cticamente ya tienen asegurado para bajar la imputabilidad a los 14 a\u00f1os. El radicalismo quiere que la ley salga, no hay que desaprovechar los consenso que no fueron nada f\u00e1ciles de conseguir, ser\u00eda perder el tiempo\u201d, explicaron. Y advirtieron: \u201cTienen que mirar la composici\u00f3n de la C\u00e1mara\u201d.<\/p>\n<p>La advertencia no es menor, ya que sin los 22 votos del interbloque Fuerza del Cambio, donde conviven el PRO, la UCR y el MID, para el oficialismo ser\u00eda pr\u00e1cticamente imposible llegar al qu\u00f3rum de 129 para el debate en Diputados.<\/p>\n<p>&nbsp;<\/p>\n","protected":false},"excerpt":{"rendered":"<p>&#8220;Pero hasta los 14 a\u00f1os&#8221; El proyecto de Milei propon\u00eda establecer los 13 a\u00f1os como m\u00ednimo punible. El dictamen que se negoci\u00f3 el a\u00f1o pasado perdi\u00f3 estado parlamentario y los libertarios analizan si insisten con el texto original \u201cLa baja de la edad de imputabilidad es clave, ojal\u00e1 logremos que se establezca a los 13 [&hellip;]<\/p>\n","protected":false},"author":4,"featured_media":203840,"comment_status":"open","ping_status":"open","sticky":false,"template":"","format":"standard","meta":{"_joinchat":[],"footnotes":""},"categories":[34],"tags":[],"class_list":{"0":"post-203839","1":"post","2":"type-post","3":"status-publish","4":"format-standard","5":"has-post-thumbnail","7":"category-principal"},"yoast_head":"<!-- This site is optimized with the Yoast SEO plugin v27.2 - https:\/\/yoast.com\/product\/yoast-seo-wordpress\/ -->\n<title>Advertencia de los aliados al Gobierno: apoyar\u00e1n la baja en la edad de imputabilidad - Radio Infinita Goya<\/title>\n<meta name=\"description\" content=\"&quot;Pero hasta los 14 a\u00f1os&quot; El proyecto de Milei propon\u00eda establecer los 13 a\u00f1os como m\u00ednimo punible. El dictamen que se negoci\u00f3 el a\u00f1o pasado perdi\u00f3 estado\" \/>\n<meta name=\"robots\" content=\"index, follow, max-snippet:-1, max-image-preview:large, max-video-preview:-1\" \/>\n<link rel=\"canonical\" href=\"https:\/\/radioinfinitagoya.com.ar\/v1\/2026\/01\/30\/advertencia-de-los-aliados-al-gobierno-apoyaran-la-baja-en-la-edad-de-imputabilidad\/\" \/>\n<meta property=\"og:locale\" content=\"es_ES\" \/>\n<meta property=\"og:type\" content=\"article\" \/>\n<meta property=\"og:title\" content=\"Advertencia de los aliados al Gobierno: apoyar\u00e1n la baja en la edad de imputabilidad - Radio Infinita Goya\" \/>\n<meta property=\"og:description\" content=\"&quot;Pero hasta los 14 a\u00f1os&quot; El proyecto de Milei propon\u00eda establecer los 13 a\u00f1os como m\u00ednimo punible. El dictamen que se negoci\u00f3 el a\u00f1o pasado perdi\u00f3 estado\" \/>\n<meta property=\"og:url\" content=\"https:\/\/radioinfinitagoya.com.ar\/v1\/2026\/01\/30\/advertencia-de-los-aliados-al-gobierno-apoyaran-la-baja-en-la-edad-de-imputabilidad\/\" \/>\n<meta property=\"og:site_name\" content=\"Radio Infinita Goya\" \/>\n<meta property=\"article:publisher\" content=\"https:\/\/www.facebook.com\/p\/Infinita-Goya-100063870918311\/\" \/>\n<meta property=\"article:published_time\" content=\"2026-01-30T18:24:07+00:00\" \/>\n<meta property=\"og:image\" content=\"https:\/\/radioinfinitagoya.com.ar\/v1\/wp-content\/uploads\/2026\/01\/unnamed-file-3.jpg\" \/>\n\t<meta property=\"og:image:width\" content=\"1080\" \/>\n\t<meta property=\"og:image:height\" content=\"596\" \/>\n\t<meta property=\"og:image:type\" content=\"image\/jpeg\" \/>\n<meta name=\"author\" content=\"Jorge Mi\u00f1o\" \/>\n<meta name=\"twitter:card\" content=\"summary_large_image\" \/>\n<meta name=\"twitter:label1\" content=\"Escrito por\" \/>\n\t<meta name=\"twitter:data1\" content=\"Jorge Mi\u00f1o\" \/>\n\t<meta name=\"twitter:label2\" content=\"Tiempo de lectura\" \/>\n\t<meta name=\"twitter:data2\" content=\"4 minutos\" \/>\n<script type=\"application\/ld+json\" class=\"yoast-schema-graph\">{\"@context\":\"https:\/\/schema.org\",\"@graph\":[{\"@type\":\"Article\",\"@id\":\"https:\/\/radioinfinitagoya.com.ar\/v1\/2026\/01\/30\/advertencia-de-los-aliados-al-gobierno-apoyaran-la-baja-en-la-edad-de-imputabilidad\/#article\",\"isPartOf\":{\"@id\":\"https:\/\/radioinfinitagoya.com.ar\/v1\/2026\/01\/30\/advertencia-de-los-aliados-al-gobierno-apoyaran-la-baja-en-la-edad-de-imputabilidad\/\"},\"author\":{\"name\":\"Jorge Mi\u00f1o\",\"@id\":\"https:\/\/radioinfinitagoya.com.ar\/v1\/#\/schema\/person\/d4cf9c413d4f6edb24aabdccab49ca4a\"},\"headline\":\"Advertencia de los aliados al Gobierno: apoyar\u00e1n la baja en la edad de imputabilidad\",\"datePublished\":\"2026-01-30T18:24:07+00:00\",\"mainEntityOfPage\":{\"@id\":\"https:\/\/radioinfinitagoya.com.ar\/v1\/2026\/01\/30\/advertencia-de-los-aliados-al-gobierno-apoyaran-la-baja-en-la-edad-de-imputabilidad\/\"},\"wordCount\":878,\"commentCount\":0,\"publisher\":{\"@id\":\"https:\/\/radioinfinitagoya.com.ar\/v1\/#organization\"},\"image\":{\"@id\":\"https:\/\/radioinfinitagoya.com.ar\/v1\/2026\/01\/30\/advertencia-de-los-aliados-al-gobierno-apoyaran-la-baja-en-la-edad-de-imputabilidad\/#primaryimage\"},\"thumbnailUrl\":\"https:\/\/radioinfinitagoya.com.ar\/v1\/wp-content\/uploads\/2026\/01\/unnamed-file-3.jpg\",\"articleSection\":[\"PRINCIPAL\"],\"inLanguage\":\"es-AR\",\"potentialAction\":[{\"@type\":\"CommentAction\",\"name\":\"Comment\",\"target\":[\"https:\/\/radioinfinitagoya.com.ar\/v1\/2026\/01\/30\/advertencia-de-los-aliados-al-gobierno-apoyaran-la-baja-en-la-edad-de-imputabilidad\/#respond\"]}]},{\"@type\":\"WebPage\",\"@id\":\"https:\/\/radioinfinitagoya.com.ar\/v1\/2026\/01\/30\/advertencia-de-los-aliados-al-gobierno-apoyaran-la-baja-en-la-edad-de-imputabilidad\/\",\"url\":\"https:\/\/radioinfinitagoya.com.ar\/v1\/2026\/01\/30\/advertencia-de-los-aliados-al-gobierno-apoyaran-la-baja-en-la-edad-de-imputabilidad\/\",\"name\":\"Advertencia de los aliados al Gobierno: apoyar\u00e1n la baja en la edad de imputabilidad - Radio Infinita Goya\",\"isPartOf\":{\"@id\":\"https:\/\/radioinfinitagoya.com.ar\/v1\/#website\"},\"primaryImageOfPage\":{\"@id\":\"https:\/\/radioinfinitagoya.com.ar\/v1\/2026\/01\/30\/advertencia-de-los-aliados-al-gobierno-apoyaran-la-baja-en-la-edad-de-imputabilidad\/#primaryimage\"},\"image\":{\"@id\":\"https:\/\/radioinfinitagoya.com.ar\/v1\/2026\/01\/30\/advertencia-de-los-aliados-al-gobierno-apoyaran-la-baja-en-la-edad-de-imputabilidad\/#primaryimage\"},\"thumbnailUrl\":\"https:\/\/radioinfinitagoya.com.ar\/v1\/wp-content\/uploads\/2026\/01\/unnamed-file-3.jpg\",\"datePublished\":\"2026-01-30T18:24:07+00:00\",\"description\":\"\\\"Pero hasta los 14 a\u00f1os\\\" El proyecto de Milei propon\u00eda establecer los 13 a\u00f1os como m\u00ednimo punible. El dictamen que se negoci\u00f3 el a\u00f1o pasado perdi\u00f3 estado\",\"breadcrumb\":{\"@id\":\"https:\/\/radioinfinitagoya.com.ar\/v1\/2026\/01\/30\/advertencia-de-los-aliados-al-gobierno-apoyaran-la-baja-en-la-edad-de-imputabilidad\/#breadcrumb\"},\"inLanguage\":\"es-AR\",\"potentialAction\":[{\"@type\":\"ReadAction\",\"target\":[\"https:\/\/radioinfinitagoya.com.ar\/v1\/2026\/01\/30\/advertencia-de-los-aliados-al-gobierno-apoyaran-la-baja-en-la-edad-de-imputabilidad\/\"]}]},{\"@type\":\"ImageObject\",\"inLanguage\":\"es-AR\",\"@id\":\"https:\/\/radioinfinitagoya.com.ar\/v1\/2026\/01\/30\/advertencia-de-los-aliados-al-gobierno-apoyaran-la-baja-en-la-edad-de-imputabilidad\/#primaryimage\",\"url\":\"https:\/\/radioinfinitagoya.com.ar\/v1\/wp-content\/uploads\/2026\/01\/unnamed-file-3.jpg\",\"contentUrl\":\"https:\/\/radioinfinitagoya.com.ar\/v1\/wp-content\/uploads\/2026\/01\/unnamed-file-3.jpg\",\"width\":1080,\"height\":596},{\"@type\":\"BreadcrumbList\",\"@id\":\"https:\/\/radioinfinitagoya.com.ar\/v1\/2026\/01\/30\/advertencia-de-los-aliados-al-gobierno-apoyaran-la-baja-en-la-edad-de-imputabilidad\/#breadcrumb\",\"itemListElement\":[{\"@type\":\"ListItem\",\"position\":1,\"name\":\"Inicio\",\"item\":\"https:\/\/radioinfinitagoya.com.ar\/v1\/\"},{\"@type\":\"ListItem\",\"position\":2,\"name\":\"Advertencia de los aliados al Gobierno: apoyar\u00e1n la baja en la edad de imputabilidad\"}]},{\"@type\":\"WebSite\",\"@id\":\"https:\/\/radioinfinitagoya.com.ar\/v1\/#website\",\"url\":\"https:\/\/radioinfinitagoya.com.ar\/v1\/\",\"name\":\"radioinfinitagoya.com.ar\",\"description\":\"Radio de noticias\",\"publisher\":{\"@id\":\"https:\/\/radioinfinitagoya.com.ar\/v1\/#organization\"},\"potentialAction\":[{\"@type\":\"SearchAction\",\"target\":{\"@type\":\"EntryPoint\",\"urlTemplate\":\"https:\/\/radioinfinitagoya.com.ar\/v1\/?s={search_term_string}\"},\"query-input\":{\"@type\":\"PropertyValueSpecification\",\"valueRequired\":true,\"valueName\":\"search_term_string\"}}],\"inLanguage\":\"es-AR\"},{\"@type\":\"Organization\",\"@id\":\"https:\/\/radioinfinitagoya.com.ar\/v1\/#organization\",\"name\":\"Radio Infinita Goya\",\"url\":\"https:\/\/radioinfinitagoya.com.ar\/v1\/\",\"logo\":{\"@type\":\"ImageObject\",\"inLanguage\":\"es-AR\",\"@id\":\"https:\/\/radioinfinitagoya.com.ar\/v1\/#\/schema\/logo\/image\/\",\"url\":\"https:\/\/radioinfinitagoya.com.ar\/v1\/wp-content\/uploads\/2019\/11\/logo-pie-web.png\",\"contentUrl\":\"https:\/\/radioinfinitagoya.com.ar\/v1\/wp-content\/uploads\/2019\/11\/logo-pie-web.png\",\"width\":635,\"height\":326,\"caption\":\"Radio Infinita Goya\"},\"image\":{\"@id\":\"https:\/\/radioinfinitagoya.com.ar\/v1\/#\/schema\/logo\/image\/\"},\"sameAs\":[\"https:\/\/www.facebook.com\/p\/Infinita-Goya-100063870918311\/\"]},{\"@type\":\"Person\",\"@id\":\"https:\/\/radioinfinitagoya.com.ar\/v1\/#\/schema\/person\/d4cf9c413d4f6edb24aabdccab49ca4a\",\"name\":\"Jorge Mi\u00f1o\",\"image\":{\"@type\":\"ImageObject\",\"inLanguage\":\"es-AR\",\"@id\":\"https:\/\/secure.gravatar.com\/avatar\/910fcf6728fe95320e07a6643c1581fec1c7fc4bf8ae12e3d8f0d0373dc844be?s=96&d=mm&r=g\",\"url\":\"https:\/\/secure.gravatar.com\/avatar\/910fcf6728fe95320e07a6643c1581fec1c7fc4bf8ae12e3d8f0d0373dc844be?s=96&d=mm&r=g\",\"contentUrl\":\"https:\/\/secure.gravatar.com\/avatar\/910fcf6728fe95320e07a6643c1581fec1c7fc4bf8ae12e3d8f0d0373dc844be?s=96&d=mm&r=g\",\"caption\":\"Jorge Mi\u00f1o\"},\"sameAs\":[\"http:\/\/radioinfinitagoya.com.ar\"]}]}<\/script>\n<!-- \/ Yoast SEO plugin. -->","yoast_head_json":{"title":"Advertencia de los aliados al Gobierno: apoyar\u00e1n la baja en la edad de imputabilidad - Radio Infinita Goya","description":"\"Pero hasta los 14 a\u00f1os\" El proyecto de Milei propon\u00eda establecer los 13 a\u00f1os como m\u00ednimo punible. El dictamen que se negoci\u00f3 el a\u00f1o pasado perdi\u00f3 estado","robots":{"index":"index","follow":"follow","max-snippet":"max-snippet:-1","max-image-preview":"max-image-preview:large","max-video-preview":"max-video-preview:-1"},"canonical":"https:\/\/radioinfinitagoya.com.ar\/v1\/2026\/01\/30\/advertencia-de-los-aliados-al-gobierno-apoyaran-la-baja-en-la-edad-de-imputabilidad\/","og_locale":"es_ES","og_type":"article","og_title":"Advertencia de los aliados al Gobierno: apoyar\u00e1n la baja en la edad de imputabilidad - Radio Infinita Goya","og_description":"\"Pero hasta los 14 a\u00f1os\" El proyecto de Milei propon\u00eda establecer los 13 a\u00f1os como m\u00ednimo punible. El dictamen que se negoci\u00f3 el a\u00f1o pasado perdi\u00f3 estado","og_url":"https:\/\/radioinfinitagoya.com.ar\/v1\/2026\/01\/30\/advertencia-de-los-aliados-al-gobierno-apoyaran-la-baja-en-la-edad-de-imputabilidad\/","og_site_name":"Radio Infinita Goya","article_publisher":"https:\/\/www.facebook.com\/p\/Infinita-Goya-100063870918311\/","article_published_time":"2026-01-30T18:24:07+00:00","og_image":[{"width":1080,"height":596,"url":"https:\/\/radioinfinitagoya.com.ar\/v1\/wp-content\/uploads\/2026\/01\/unnamed-file-3.jpg","type":"image\/jpeg"}],"author":"Jorge Mi\u00f1o","twitter_card":"summary_large_image","twitter_misc":{"Escrito por":"Jorge Mi\u00f1o","Tiempo de lectura":"4 minutos"},"schema":{"@context":"https:\/\/schema.org","@graph":[{"@type":"Article","@id":"https:\/\/radioinfinitagoya.com.ar\/v1\/2026\/01\/30\/advertencia-de-los-aliados-al-gobierno-apoyaran-la-baja-en-la-edad-de-imputabilidad\/#article","isPartOf":{"@id":"https:\/\/radioinfinitagoya.com.ar\/v1\/2026\/01\/30\/advertencia-de-los-aliados-al-gobierno-apoyaran-la-baja-en-la-edad-de-imputabilidad\/"},"author":{"name":"Jorge Mi\u00f1o","@id":"https:\/\/radioinfinitagoya.com.ar\/v1\/#\/schema\/person\/d4cf9c413d4f6edb24aabdccab49ca4a"},"headline":"Advertencia de los aliados al Gobierno: apoyar\u00e1n la baja en la edad de imputabilidad","datePublished":"2026-01-30T18:24:07+00:00","mainEntityOfPage":{"@id":"https:\/\/radioinfinitagoya.com.ar\/v1\/2026\/01\/30\/advertencia-de-los-aliados-al-gobierno-apoyaran-la-baja-en-la-edad-de-imputabilidad\/"},"wordCount":878,"commentCount":0,"publisher":{"@id":"https:\/\/radioinfinitagoya.com.ar\/v1\/#organization"},"image":{"@id":"https:\/\/radioinfinitagoya.com.ar\/v1\/2026\/01\/30\/advertencia-de-los-aliados-al-gobierno-apoyaran-la-baja-en-la-edad-de-imputabilidad\/#primaryimage"},"thumbnailUrl":"https:\/\/radioinfinitagoya.com.ar\/v1\/wp-content\/uploads\/2026\/01\/unnamed-file-3.jpg","articleSection":["PRINCIPAL"],"inLanguage":"es-AR","potentialAction":[{"@type":"CommentAction","name":"Comment","target":["https:\/\/radioinfinitagoya.com.ar\/v1\/2026\/01\/30\/advertencia-de-los-aliados-al-gobierno-apoyaran-la-baja-en-la-edad-de-imputabilidad\/#respond"]}]},{"@type":"WebPage","@id":"https:\/\/radioinfinitagoya.com.ar\/v1\/2026\/01\/30\/advertencia-de-los-aliados-al-gobierno-apoyaran-la-baja-en-la-edad-de-imputabilidad\/","url":"https:\/\/radioinfinitagoya.com.ar\/v1\/2026\/01\/30\/advertencia-de-los-aliados-al-gobierno-apoyaran-la-baja-en-la-edad-de-imputabilidad\/","name":"Advertencia de los aliados al Gobierno: apoyar\u00e1n la baja en la edad de imputabilidad - Radio Infinita Goya","isPartOf":{"@id":"https:\/\/radioinfinitagoya.com.ar\/v1\/#website"},"primaryImageOfPage":{"@id":"https:\/\/radioinfinitagoya.com.ar\/v1\/2026\/01\/30\/advertencia-de-los-aliados-al-gobierno-apoyaran-la-baja-en-la-edad-de-imputabilidad\/#primaryimage"},"image":{"@id":"https:\/\/radioinfinitagoya.com.ar\/v1\/2026\/01\/30\/advertencia-de-los-aliados-al-gobierno-apoyaran-la-baja-en-la-edad-de-imputabilidad\/#primaryimage"},"thumbnailUrl":"https:\/\/radioinfinitagoya.com.ar\/v1\/wp-content\/uploads\/2026\/01\/unnamed-file-3.jpg","datePublished":"2026-01-30T18:24:07+00:00","description":"\"Pero hasta los 14 a\u00f1os\" El proyecto de Milei propon\u00eda establecer los 13 a\u00f1os como m\u00ednimo punible. El dictamen que se negoci\u00f3 el a\u00f1o pasado perdi\u00f3 estado","breadcrumb":{"@id":"https:\/\/radioinfinitagoya.com.ar\/v1\/2026\/01\/30\/advertencia-de-los-aliados-al-gobierno-apoyaran-la-baja-en-la-edad-de-imputabilidad\/#breadcrumb"},"inLanguage":"es-AR","potentialAction":[{"@type":"ReadAction","target":["https:\/\/radioinfinitagoya.com.ar\/v1\/2026\/01\/30\/advertencia-de-los-aliados-al-gobierno-apoyaran-la-baja-en-la-edad-de-imputabilidad\/"]}]},{"@type":"ImageObject","inLanguage":"es-AR","@id":"https:\/\/radioinfinitagoya.com.ar\/v1\/2026\/01\/30\/advertencia-de-los-aliados-al-gobierno-apoyaran-la-baja-en-la-edad-de-imputabilidad\/#primaryimage","url":"https:\/\/radioinfinitagoya.com.ar\/v1\/wp-content\/uploads\/2026\/01\/unnamed-file-3.jpg","contentUrl":"https:\/\/radioinfinitagoya.com.ar\/v1\/wp-content\/uploads\/2026\/01\/unnamed-file-3.jpg","width":1080,"height":596},{"@type":"BreadcrumbList","@id":"https:\/\/radioinfinitagoya.com.ar\/v1\/2026\/01\/30\/advertencia-de-los-aliados-al-gobierno-apoyaran-la-baja-en-la-edad-de-imputabilidad\/#breadcrumb","itemListElement":[{"@type":"ListItem","position":1,"name":"Inicio","item":"https:\/\/radioinfinitagoya.com.ar\/v1\/"},{"@type":"ListItem","position":2,"name":"Advertencia de los aliados al Gobierno: apoyar\u00e1n la baja en la edad de imputabilidad"}]},{"@type":"WebSite","@id":"https:\/\/radioinfinitagoya.com.ar\/v1\/#website","url":"https:\/\/radioinfinitagoya.com.ar\/v1\/","name":"radioinfinitagoya.com.ar","description":"Radio de noticias","publisher":{"@id":"https:\/\/radioinfinitagoya.com.ar\/v1\/#organization"},"potentialAction":[{"@type":"SearchAction","target":{"@type":"EntryPoint","urlTemplate":"https:\/\/radioinfinitagoya.com.ar\/v1\/?s={search_term_string}"},"query-input":{"@type":"PropertyValueSpecification","valueRequired":true,"valueName":"search_term_string"}}],"inLanguage":"es-AR"},{"@type":"Organization","@id":"https:\/\/radioinfinitagoya.com.ar\/v1\/#organization","name":"Radio Infinita Goya","url":"https:\/\/radioinfinitagoya.com.ar\/v1\/","logo":{"@type":"ImageObject","inLanguage":"es-AR","@id":"https:\/\/radioinfinitagoya.com.ar\/v1\/#\/schema\/logo\/image\/","url":"https:\/\/radioinfinitagoya.com.ar\/v1\/wp-content\/uploads\/2019\/11\/logo-pie-web.png","contentUrl":"https:\/\/radioinfinitagoya.com.ar\/v1\/wp-content\/uploads\/2019\/11\/logo-pie-web.png","width":635,"height":326,"caption":"Radio Infinita Goya"},"image":{"@id":"https:\/\/radioinfinitagoya.com.ar\/v1\/#\/schema\/logo\/image\/"},"sameAs":["https:\/\/www.facebook.com\/p\/Infinita-Goya-100063870918311\/"]},{"@type":"Person","@id":"https:\/\/radioinfinitagoya.com.ar\/v1\/#\/schema\/person\/d4cf9c413d4f6edb24aabdccab49ca4a","name":"Jorge Mi\u00f1o","image":{"@type":"ImageObject","inLanguage":"es-AR","@id":"https:\/\/secure.gravatar.com\/avatar\/910fcf6728fe95320e07a6643c1581fec1c7fc4bf8ae12e3d8f0d0373dc844be?s=96&d=mm&r=g","url":"https:\/\/secure.gravatar.com\/avatar\/910fcf6728fe95320e07a6643c1581fec1c7fc4bf8ae12e3d8f0d0373dc844be?s=96&d=mm&r=g","contentUrl":"https:\/\/secure.gravatar.com\/avatar\/910fcf6728fe95320e07a6643c1581fec1c7fc4bf8ae12e3d8f0d0373dc844be?s=96&d=mm&r=g","caption":"Jorge Mi\u00f1o"},"sameAs":["http:\/\/radioinfinitagoya.com.ar"]}]}},"_links":{"self":[{"href":"https:\/\/radioinfinitagoya.com.ar\/v1\/wp-json\/wp\/v2\/posts\/203839","targetHints":{"allow":["GET"]}}],"collection":[{"href":"https:\/\/radioinfinitagoya.com.ar\/v1\/wp-json\/wp\/v2\/posts"}],"about":[{"href":"https:\/\/radioinfinitagoya.com.ar\/v1\/wp-json\/wp\/v2\/types\/post"}],"author":[{"embeddable":true,"href":"https:\/\/radioinfinitagoya.com.ar\/v1\/wp-json\/wp\/v2\/users\/4"}],"replies":[{"embeddable":true,"href":"https:\/\/radioinfinitagoya.com.ar\/v1\/wp-json\/wp\/v2\/comments?post=203839"}],"version-history":[{"count":0,"href":"https:\/\/radioinfinitagoya.com.ar\/v1\/wp-json\/wp\/v2\/posts\/203839\/revisions"}],"wp:featuredmedia":[{"embeddable":true,"href":"https:\/\/radioinfinitagoya.com.ar\/v1\/wp-json\/wp\/v2\/media\/203840"}],"wp:attachment":[{"href":"https:\/\/radioinfinitagoya.com.ar\/v1\/wp-json\/wp\/v2\/media?parent=203839"}],"wp:term":[{"taxonomy":"category","embeddable":true,"href":"https:\/\/radioinfinitagoya.com.ar\/v1\/wp-json\/wp\/v2\/categories?post=203839"},{"taxonomy":"post_tag","embeddable":true,"href":"https:\/\/radioinfinitagoya.com.ar\/v1\/wp-json\/wp\/v2\/tags?post=203839"}],"curies":[{"name":"wp","href":"https:\/\/api.w.org\/{rel}","templated":true}]}}