{"id":203888,"date":"2026-01-31T15:39:41","date_gmt":"2026-01-31T18:39:41","guid":{"rendered":"https:\/\/radioinfinitagoya.com.ar\/v1\/?p=203888"},"modified":"2026-01-31T15:39:41","modified_gmt":"2026-01-31T18:39:41","slug":"la-impactante-cifra-que-esta-dispuesto-a-pagar-real-madrid-por-el-cuti-romero","status":"publish","type":"post","link":"https:\/\/radioinfinitagoya.com.ar\/v1\/2026\/01\/31\/la-impactante-cifra-que-esta-dispuesto-a-pagar-real-madrid-por-el-cuti-romero\/","title":{"rendered":"La impactante cifra que est\u00e1 dispuesto a pagar Real Madrid por el Cuti Romero"},"content":{"rendered":"<p>El Merengue busca dar un salto de calidad en la \u00faltima l\u00ednea y puso sus ojos sobre el marcador central argentino<\/p>\n<p>Una noticia sacudi\u00f3 por completo el mercado de pases. La directiva del Real Madrid ha dado un giro inesperado a su pol\u00edtica de fichajes al presentar una oferta de 100 millones de euros por el defensor argentino Cristian Cuti Romero, actual jugador del Tottenham Hotspur, seg\u00fan revel\u00f3 el sitio especializado en el mercado de pases Fichajes.net.<\/p>\n<p>La eliminaci\u00f3n ante el Albacete en la Copa del Rey y la derrota frente al Benfica en la fase de grupos de la Champions League han generado una crisis interna en la capital espa\u00f1ola. La directiva que encabeza Florentino P\u00e9rez ha reaccionado con rapidez, apostando por una inversi\u00f3n de gran magnitud para fortalecer una defensa muy cuestionada en los \u00faltimos meses.<\/p>\n<p>La situaci\u00f3n defensiva del Real Madrid se ha tornado insostenible tras la lesi\u00f3n de larga duraci\u00f3n de \u00c9der Milit\u00e3o y la falta de recambios fiables en la plantilla. El joven Ra\u00fal Asencio no ha logrado consolidarse en la \u00e9lite y Dean Huijsen ha mostrado limitaciones en escenarios de m\u00e1xima presi\u00f3n. Por su parte, los experimentados Antonio R\u00fcdiger y David Alaba han dejado dudas por sus continuas ausencias m\u00e9dicas y su irregularidad en el rendimiento, seg\u00fan detall\u00f3 el mencionado medio.<\/p>\n<p>El entrenador \u00c1lvaro Arbeloa ha sido el principal impulsor de la operaci\u00f3n, avalando el fichaje del central argentino. Seg\u00fan el medio especializado, la llegada del Cuti Romero apunta a \u201cinyectar agresividad y car\u00e1cter a una l\u00ednea que hace aguas en cada partido\u201d. Arbeloa considera que el jugador de los Spurs puede aportar la fiabilidad que perdi\u00f3 la zaga tras la salida de hist\u00f3ricos referentes defensivos.<\/p>\n<p>El perfil del defensor cordob\u00e9s, campe\u00f3n del mundo con Argentina, se ajusta a la necesidad urgente del club de encontrar un l\u00edder capaz de reorganizar el sistema defensivo desde el primer minuto. La presencia de Romero permitir\u00eda liberar de presi\u00f3n a los m\u00e1s j\u00f3venes del plantel, quienes no han soportado el peso de la camiseta blanca en las \u00faltimas semanas.<\/p>\n<p>El club presidido por Florentino P\u00e9rez ha optado por una estrategia firme al presentar una oferta que busca romper la resistencia del presidente del Tottenham, Daniel Levy, conocido por su dureza en las negociaciones. Seg\u00fan el citado portal, los 100 millones de euros puestos sobre la mesa pretenden cerrar la operaci\u00f3n de inmediato, a sabiendas de que el tiempo apremia y la situaci\u00f3n deportiva del equipo no admite demoras.<\/p>\n<p>El movimiento no solo tiene un impacto econ\u00f3mico significativo, sino que tambi\u00e9n busca enviar un mensaje de autoridad al resto de competidores. Para el Real Madrid, la llegada de un central de la talla de Romero representa un refuerzo estrat\u00e9gico destinado a garantizar la estabilidad del equipo a corto y largo plazo. El club ve en el argentino a un futbolista capaz de frenar la pasividad defensiva que ha condenado al equipo en compromisos recientes de Champions League.<\/p>\n<p>La directiva conf\u00eda en que el deseo del jugador por vestir la camiseta del Real Madrid pueda facilitar el acuerdo y desbloquear una de las transferencias m\u00e1s importantes de la ventana invernal europea. El futbolista argentino, de 27 a\u00f1os, lleva una brillante temporada en el conjunto ingl\u00e9s al acumular seis goles y brindar cuatro asistencias en 26 presentaciones.<\/p>\n<p>Las pr\u00f3ximas horas resultan decisivas para conocer si el Tottenham acepta desprenderse de su principal baluarte defensivo en plena competencia oficial. El club ingl\u00e9s se encuentra en una posici\u00f3n delicada, ya que perder a un referente de la zaga podr\u00eda afectar sus aspiraciones deportivas en la temporada.<\/p>\n<p>Los Spurs atraviesan un andar irregular en lo que va de la temporada, al figurar en el puesto 14 de la Premier League con solo 28 unidades, a 22 del l\u00edder Arsenal y a 11 del Chelsea, \u00faltimo en acceder a un boleto a una competencia europea de cara a la pr\u00f3xima temporada. Adem\u00e1s, qued\u00f3 eliminado de la Copa de la Liga en cuartos de final a manos de Newcastle y se despidi\u00f3 de la FA Cup en la tercera ronda al caer 2-1 contra el Aston Villa. En contrapartida, finaliz\u00f3 cuarto en la fase regular de la Champions League y accedi\u00f3 de forma directa a los octavos de final del m\u00e1ximo certamen europeo.<\/p>\n<p>&nbsp;<\/p>\n<p>&nbsp;<\/p>\n","protected":false},"excerpt":{"rendered":"<p>El Merengue busca dar un salto de calidad en la \u00faltima l\u00ednea y puso sus ojos sobre el marcador central argentino Una noticia sacudi\u00f3 por completo el mercado de pases. La directiva del Real Madrid ha dado un giro inesperado a su pol\u00edtica de fichajes al presentar una oferta de 100 millones de euros por [&hellip;]<\/p>\n","protected":false},"author":4,"featured_media":203889,"comment_status":"open","ping_status":"open","sticky":false,"template":"","format":"standard","meta":{"_joinchat":[],"footnotes":""},"categories":[28],"tags":[],"class_list":{"0":"post-203888","1":"post","2":"type-post","3":"status-publish","4":"format-standard","5":"has-post-thumbnail","7":"category-deportes"},"yoast_head":"<!-- This site is optimized with the Yoast SEO plugin v27.2 - https:\/\/yoast.com\/product\/yoast-seo-wordpress\/ -->\n<title>La impactante cifra que est\u00e1 dispuesto a pagar Real Madrid por el Cuti Romero - Radio Infinita Goya<\/title>\n<meta name=\"description\" content=\"El Merengue busca dar un salto de calidad en la \u00faltima l\u00ednea y puso sus ojos sobre el marcador central argentino Una noticia sacudi\u00f3 por completo el\" \/>\n<meta name=\"robots\" content=\"index, follow, max-snippet:-1, max-image-preview:large, max-video-preview:-1\" \/>\n<link rel=\"canonical\" href=\"https:\/\/radioinfinitagoya.com.ar\/v1\/2026\/01\/31\/la-impactante-cifra-que-esta-dispuesto-a-pagar-real-madrid-por-el-cuti-romero\/\" \/>\n<meta property=\"og:locale\" content=\"es_ES\" \/>\n<meta property=\"og:type\" content=\"article\" \/>\n<meta property=\"og:title\" content=\"La impactante cifra que est\u00e1 dispuesto a pagar Real Madrid por el Cuti Romero - Radio Infinita Goya\" \/>\n<meta property=\"og:description\" content=\"El Merengue busca dar un salto de calidad en la \u00faltima l\u00ednea y puso sus ojos sobre el marcador central argentino Una noticia sacudi\u00f3 por completo el\" \/>\n<meta property=\"og:url\" content=\"https:\/\/radioinfinitagoya.com.ar\/v1\/2026\/01\/31\/la-impactante-cifra-que-esta-dispuesto-a-pagar-real-madrid-por-el-cuti-romero\/\" \/>\n<meta property=\"og:site_name\" content=\"Radio Infinita Goya\" \/>\n<meta property=\"article:publisher\" content=\"https:\/\/www.facebook.com\/p\/Infinita-Goya-100063870918311\/\" \/>\n<meta property=\"article:published_time\" content=\"2026-01-31T18:39:41+00:00\" \/>\n<meta property=\"og:image\" content=\"https:\/\/radioinfinitagoya.com.ar\/v1\/wp-content\/uploads\/2026\/01\/l.jpg\" \/>\n\t<meta property=\"og:image:width\" content=\"1080\" \/>\n\t<meta property=\"og:image:height\" content=\"579\" \/>\n\t<meta property=\"og:image:type\" content=\"image\/jpeg\" \/>\n<meta name=\"author\" content=\"Jorge Mi\u00f1o\" \/>\n<meta name=\"twitter:card\" content=\"summary_large_image\" \/>\n<meta name=\"twitter:label1\" content=\"Escrito por\" \/>\n\t<meta name=\"twitter:data1\" content=\"Jorge Mi\u00f1o\" \/>\n\t<meta name=\"twitter:label2\" content=\"Tiempo de lectura\" \/>\n\t<meta name=\"twitter:data2\" content=\"4 minutos\" \/>\n<script type=\"application\/ld+json\" class=\"yoast-schema-graph\">{\"@context\":\"https:\/\/schema.org\",\"@graph\":[{\"@type\":\"Article\",\"@id\":\"https:\/\/radioinfinitagoya.com.ar\/v1\/2026\/01\/31\/la-impactante-cifra-que-esta-dispuesto-a-pagar-real-madrid-por-el-cuti-romero\/#article\",\"isPartOf\":{\"@id\":\"https:\/\/radioinfinitagoya.com.ar\/v1\/2026\/01\/31\/la-impactante-cifra-que-esta-dispuesto-a-pagar-real-madrid-por-el-cuti-romero\/\"},\"author\":{\"name\":\"Jorge Mi\u00f1o\",\"@id\":\"https:\/\/radioinfinitagoya.com.ar\/v1\/#\/schema\/person\/d4cf9c413d4f6edb24aabdccab49ca4a\"},\"headline\":\"La impactante cifra que est\u00e1 dispuesto a pagar Real Madrid por el Cuti Romero\",\"datePublished\":\"2026-01-31T18:39:41+00:00\",\"mainEntityOfPage\":{\"@id\":\"https:\/\/radioinfinitagoya.com.ar\/v1\/2026\/01\/31\/la-impactante-cifra-que-esta-dispuesto-a-pagar-real-madrid-por-el-cuti-romero\/\"},\"wordCount\":765,\"commentCount\":0,\"publisher\":{\"@id\":\"https:\/\/radioinfinitagoya.com.ar\/v1\/#organization\"},\"image\":{\"@id\":\"https:\/\/radioinfinitagoya.com.ar\/v1\/2026\/01\/31\/la-impactante-cifra-que-esta-dispuesto-a-pagar-real-madrid-por-el-cuti-romero\/#primaryimage\"},\"thumbnailUrl\":\"https:\/\/radioinfinitagoya.com.ar\/v1\/wp-content\/uploads\/2026\/01\/l.jpg\",\"articleSection\":[\"DEPORTES\"],\"inLanguage\":\"es-AR\",\"potentialAction\":[{\"@type\":\"CommentAction\",\"name\":\"Comment\",\"target\":[\"https:\/\/radioinfinitagoya.com.ar\/v1\/2026\/01\/31\/la-impactante-cifra-que-esta-dispuesto-a-pagar-real-madrid-por-el-cuti-romero\/#respond\"]}]},{\"@type\":\"WebPage\",\"@id\":\"https:\/\/radioinfinitagoya.com.ar\/v1\/2026\/01\/31\/la-impactante-cifra-que-esta-dispuesto-a-pagar-real-madrid-por-el-cuti-romero\/\",\"url\":\"https:\/\/radioinfinitagoya.com.ar\/v1\/2026\/01\/31\/la-impactante-cifra-que-esta-dispuesto-a-pagar-real-madrid-por-el-cuti-romero\/\",\"name\":\"La impactante cifra que est\u00e1 dispuesto a pagar Real Madrid por el Cuti Romero - Radio Infinita Goya\",\"isPartOf\":{\"@id\":\"https:\/\/radioinfinitagoya.com.ar\/v1\/#website\"},\"primaryImageOfPage\":{\"@id\":\"https:\/\/radioinfinitagoya.com.ar\/v1\/2026\/01\/31\/la-impactante-cifra-que-esta-dispuesto-a-pagar-real-madrid-por-el-cuti-romero\/#primaryimage\"},\"image\":{\"@id\":\"https:\/\/radioinfinitagoya.com.ar\/v1\/2026\/01\/31\/la-impactante-cifra-que-esta-dispuesto-a-pagar-real-madrid-por-el-cuti-romero\/#primaryimage\"},\"thumbnailUrl\":\"https:\/\/radioinfinitagoya.com.ar\/v1\/wp-content\/uploads\/2026\/01\/l.jpg\",\"datePublished\":\"2026-01-31T18:39:41+00:00\",\"description\":\"El Merengue busca dar un salto de calidad en la \u00faltima l\u00ednea y puso sus ojos sobre el marcador central argentino Una noticia sacudi\u00f3 por completo el\",\"breadcrumb\":{\"@id\":\"https:\/\/radioinfinitagoya.com.ar\/v1\/2026\/01\/31\/la-impactante-cifra-que-esta-dispuesto-a-pagar-real-madrid-por-el-cuti-romero\/#breadcrumb\"},\"inLanguage\":\"es-AR\",\"potentialAction\":[{\"@type\":\"ReadAction\",\"target\":[\"https:\/\/radioinfinitagoya.com.ar\/v1\/2026\/01\/31\/la-impactante-cifra-que-esta-dispuesto-a-pagar-real-madrid-por-el-cuti-romero\/\"]}]},{\"@type\":\"ImageObject\",\"inLanguage\":\"es-AR\",\"@id\":\"https:\/\/radioinfinitagoya.com.ar\/v1\/2026\/01\/31\/la-impactante-cifra-que-esta-dispuesto-a-pagar-real-madrid-por-el-cuti-romero\/#primaryimage\",\"url\":\"https:\/\/radioinfinitagoya.com.ar\/v1\/wp-content\/uploads\/2026\/01\/l.jpg\",\"contentUrl\":\"https:\/\/radioinfinitagoya.com.ar\/v1\/wp-content\/uploads\/2026\/01\/l.jpg\",\"width\":1080,\"height\":579},{\"@type\":\"BreadcrumbList\",\"@id\":\"https:\/\/radioinfinitagoya.com.ar\/v1\/2026\/01\/31\/la-impactante-cifra-que-esta-dispuesto-a-pagar-real-madrid-por-el-cuti-romero\/#breadcrumb\",\"itemListElement\":[{\"@type\":\"ListItem\",\"position\":1,\"name\":\"Inicio\",\"item\":\"https:\/\/radioinfinitagoya.com.ar\/v1\/\"},{\"@type\":\"ListItem\",\"position\":2,\"name\":\"La impactante cifra que est\u00e1 dispuesto a pagar Real Madrid por el Cuti Romero\"}]},{\"@type\":\"WebSite\",\"@id\":\"https:\/\/radioinfinitagoya.com.ar\/v1\/#website\",\"url\":\"https:\/\/radioinfinitagoya.com.ar\/v1\/\",\"name\":\"radioinfinitagoya.com.ar\",\"description\":\"Radio de noticias\",\"publisher\":{\"@id\":\"https:\/\/radioinfinitagoya.com.ar\/v1\/#organization\"},\"potentialAction\":[{\"@type\":\"SearchAction\",\"target\":{\"@type\":\"EntryPoint\",\"urlTemplate\":\"https:\/\/radioinfinitagoya.com.ar\/v1\/?s={search_term_string}\"},\"query-input\":{\"@type\":\"PropertyValueSpecification\",\"valueRequired\":true,\"valueName\":\"search_term_string\"}}],\"inLanguage\":\"es-AR\"},{\"@type\":\"Organization\",\"@id\":\"https:\/\/radioinfinitagoya.com.ar\/v1\/#organization\",\"name\":\"Radio Infinita Goya\",\"url\":\"https:\/\/radioinfinitagoya.com.ar\/v1\/\",\"logo\":{\"@type\":\"ImageObject\",\"inLanguage\":\"es-AR\",\"@id\":\"https:\/\/radioinfinitagoya.com.ar\/v1\/#\/schema\/logo\/image\/\",\"url\":\"https:\/\/radioinfinitagoya.com.ar\/v1\/wp-content\/uploads\/2019\/11\/logo-pie-web.png\",\"contentUrl\":\"https:\/\/radioinfinitagoya.com.ar\/v1\/wp-content\/uploads\/2019\/11\/logo-pie-web.png\",\"width\":635,\"height\":326,\"caption\":\"Radio Infinita Goya\"},\"image\":{\"@id\":\"https:\/\/radioinfinitagoya.com.ar\/v1\/#\/schema\/logo\/image\/\"},\"sameAs\":[\"https:\/\/www.facebook.com\/p\/Infinita-Goya-100063870918311\/\"]},{\"@type\":\"Person\",\"@id\":\"https:\/\/radioinfinitagoya.com.ar\/v1\/#\/schema\/person\/d4cf9c413d4f6edb24aabdccab49ca4a\",\"name\":\"Jorge Mi\u00f1o\",\"image\":{\"@type\":\"ImageObject\",\"inLanguage\":\"es-AR\",\"@id\":\"https:\/\/secure.gravatar.com\/avatar\/910fcf6728fe95320e07a6643c1581fec1c7fc4bf8ae12e3d8f0d0373dc844be?s=96&d=mm&r=g\",\"url\":\"https:\/\/secure.gravatar.com\/avatar\/910fcf6728fe95320e07a6643c1581fec1c7fc4bf8ae12e3d8f0d0373dc844be?s=96&d=mm&r=g\",\"contentUrl\":\"https:\/\/secure.gravatar.com\/avatar\/910fcf6728fe95320e07a6643c1581fec1c7fc4bf8ae12e3d8f0d0373dc844be?s=96&d=mm&r=g\",\"caption\":\"Jorge Mi\u00f1o\"},\"sameAs\":[\"http:\/\/radioinfinitagoya.com.ar\"]}]}<\/script>\n<!-- \/ Yoast SEO plugin. -->","yoast_head_json":{"title":"La impactante cifra que est\u00e1 dispuesto a pagar Real Madrid por el Cuti Romero - Radio Infinita Goya","description":"El Merengue busca dar un salto de calidad en la \u00faltima l\u00ednea y puso sus ojos sobre el marcador central argentino Una noticia sacudi\u00f3 por completo el","robots":{"index":"index","follow":"follow","max-snippet":"max-snippet:-1","max-image-preview":"max-image-preview:large","max-video-preview":"max-video-preview:-1"},"canonical":"https:\/\/radioinfinitagoya.com.ar\/v1\/2026\/01\/31\/la-impactante-cifra-que-esta-dispuesto-a-pagar-real-madrid-por-el-cuti-romero\/","og_locale":"es_ES","og_type":"article","og_title":"La impactante cifra que est\u00e1 dispuesto a pagar Real Madrid por el Cuti Romero - Radio Infinita Goya","og_description":"El Merengue busca dar un salto de calidad en la \u00faltima l\u00ednea y puso sus ojos sobre el marcador central argentino Una noticia sacudi\u00f3 por completo el","og_url":"https:\/\/radioinfinitagoya.com.ar\/v1\/2026\/01\/31\/la-impactante-cifra-que-esta-dispuesto-a-pagar-real-madrid-por-el-cuti-romero\/","og_site_name":"Radio Infinita Goya","article_publisher":"https:\/\/www.facebook.com\/p\/Infinita-Goya-100063870918311\/","article_published_time":"2026-01-31T18:39:41+00:00","og_image":[{"width":1080,"height":579,"url":"https:\/\/radioinfinitagoya.com.ar\/v1\/wp-content\/uploads\/2026\/01\/l.jpg","type":"image\/jpeg"}],"author":"Jorge Mi\u00f1o","twitter_card":"summary_large_image","twitter_misc":{"Escrito por":"Jorge Mi\u00f1o","Tiempo de lectura":"4 minutos"},"schema":{"@context":"https:\/\/schema.org","@graph":[{"@type":"Article","@id":"https:\/\/radioinfinitagoya.com.ar\/v1\/2026\/01\/31\/la-impactante-cifra-que-esta-dispuesto-a-pagar-real-madrid-por-el-cuti-romero\/#article","isPartOf":{"@id":"https:\/\/radioinfinitagoya.com.ar\/v1\/2026\/01\/31\/la-impactante-cifra-que-esta-dispuesto-a-pagar-real-madrid-por-el-cuti-romero\/"},"author":{"name":"Jorge Mi\u00f1o","@id":"https:\/\/radioinfinitagoya.com.ar\/v1\/#\/schema\/person\/d4cf9c413d4f6edb24aabdccab49ca4a"},"headline":"La impactante cifra que est\u00e1 dispuesto a pagar Real Madrid por el Cuti Romero","datePublished":"2026-01-31T18:39:41+00:00","mainEntityOfPage":{"@id":"https:\/\/radioinfinitagoya.com.ar\/v1\/2026\/01\/31\/la-impactante-cifra-que-esta-dispuesto-a-pagar-real-madrid-por-el-cuti-romero\/"},"wordCount":765,"commentCount":0,"publisher":{"@id":"https:\/\/radioinfinitagoya.com.ar\/v1\/#organization"},"image":{"@id":"https:\/\/radioinfinitagoya.com.ar\/v1\/2026\/01\/31\/la-impactante-cifra-que-esta-dispuesto-a-pagar-real-madrid-por-el-cuti-romero\/#primaryimage"},"thumbnailUrl":"https:\/\/radioinfinitagoya.com.ar\/v1\/wp-content\/uploads\/2026\/01\/l.jpg","articleSection":["DEPORTES"],"inLanguage":"es-AR","potentialAction":[{"@type":"CommentAction","name":"Comment","target":["https:\/\/radioinfinitagoya.com.ar\/v1\/2026\/01\/31\/la-impactante-cifra-que-esta-dispuesto-a-pagar-real-madrid-por-el-cuti-romero\/#respond"]}]},{"@type":"WebPage","@id":"https:\/\/radioinfinitagoya.com.ar\/v1\/2026\/01\/31\/la-impactante-cifra-que-esta-dispuesto-a-pagar-real-madrid-por-el-cuti-romero\/","url":"https:\/\/radioinfinitagoya.com.ar\/v1\/2026\/01\/31\/la-impactante-cifra-que-esta-dispuesto-a-pagar-real-madrid-por-el-cuti-romero\/","name":"La impactante cifra que est\u00e1 dispuesto a pagar Real Madrid por el Cuti Romero - Radio Infinita Goya","isPartOf":{"@id":"https:\/\/radioinfinitagoya.com.ar\/v1\/#website"},"primaryImageOfPage":{"@id":"https:\/\/radioinfinitagoya.com.ar\/v1\/2026\/01\/31\/la-impactante-cifra-que-esta-dispuesto-a-pagar-real-madrid-por-el-cuti-romero\/#primaryimage"},"image":{"@id":"https:\/\/radioinfinitagoya.com.ar\/v1\/2026\/01\/31\/la-impactante-cifra-que-esta-dispuesto-a-pagar-real-madrid-por-el-cuti-romero\/#primaryimage"},"thumbnailUrl":"https:\/\/radioinfinitagoya.com.ar\/v1\/wp-content\/uploads\/2026\/01\/l.jpg","datePublished":"2026-01-31T18:39:41+00:00","description":"El Merengue busca dar un salto de calidad en la \u00faltima l\u00ednea y puso sus ojos sobre el marcador central argentino Una noticia sacudi\u00f3 por completo el","breadcrumb":{"@id":"https:\/\/radioinfinitagoya.com.ar\/v1\/2026\/01\/31\/la-impactante-cifra-que-esta-dispuesto-a-pagar-real-madrid-por-el-cuti-romero\/#breadcrumb"},"inLanguage":"es-AR","potentialAction":[{"@type":"ReadAction","target":["https:\/\/radioinfinitagoya.com.ar\/v1\/2026\/01\/31\/la-impactante-cifra-que-esta-dispuesto-a-pagar-real-madrid-por-el-cuti-romero\/"]}]},{"@type":"ImageObject","inLanguage":"es-AR","@id":"https:\/\/radioinfinitagoya.com.ar\/v1\/2026\/01\/31\/la-impactante-cifra-que-esta-dispuesto-a-pagar-real-madrid-por-el-cuti-romero\/#primaryimage","url":"https:\/\/radioinfinitagoya.com.ar\/v1\/wp-content\/uploads\/2026\/01\/l.jpg","contentUrl":"https:\/\/radioinfinitagoya.com.ar\/v1\/wp-content\/uploads\/2026\/01\/l.jpg","width":1080,"height":579},{"@type":"BreadcrumbList","@id":"https:\/\/radioinfinitagoya.com.ar\/v1\/2026\/01\/31\/la-impactante-cifra-que-esta-dispuesto-a-pagar-real-madrid-por-el-cuti-romero\/#breadcrumb","itemListElement":[{"@type":"ListItem","position":1,"name":"Inicio","item":"https:\/\/radioinfinitagoya.com.ar\/v1\/"},{"@type":"ListItem","position":2,"name":"La impactante cifra que est\u00e1 dispuesto a pagar Real Madrid por el Cuti Romero"}]},{"@type":"WebSite","@id":"https:\/\/radioinfinitagoya.com.ar\/v1\/#website","url":"https:\/\/radioinfinitagoya.com.ar\/v1\/","name":"radioinfinitagoya.com.ar","description":"Radio de noticias","publisher":{"@id":"https:\/\/radioinfinitagoya.com.ar\/v1\/#organization"},"potentialAction":[{"@type":"SearchAction","target":{"@type":"EntryPoint","urlTemplate":"https:\/\/radioinfinitagoya.com.ar\/v1\/?s={search_term_string}"},"query-input":{"@type":"PropertyValueSpecification","valueRequired":true,"valueName":"search_term_string"}}],"inLanguage":"es-AR"},{"@type":"Organization","@id":"https:\/\/radioinfinitagoya.com.ar\/v1\/#organization","name":"Radio Infinita Goya","url":"https:\/\/radioinfinitagoya.com.ar\/v1\/","logo":{"@type":"ImageObject","inLanguage":"es-AR","@id":"https:\/\/radioinfinitagoya.com.ar\/v1\/#\/schema\/logo\/image\/","url":"https:\/\/radioinfinitagoya.com.ar\/v1\/wp-content\/uploads\/2019\/11\/logo-pie-web.png","contentUrl":"https:\/\/radioinfinitagoya.com.ar\/v1\/wp-content\/uploads\/2019\/11\/logo-pie-web.png","width":635,"height":326,"caption":"Radio Infinita Goya"},"image":{"@id":"https:\/\/radioinfinitagoya.com.ar\/v1\/#\/schema\/logo\/image\/"},"sameAs":["https:\/\/www.facebook.com\/p\/Infinita-Goya-100063870918311\/"]},{"@type":"Person","@id":"https:\/\/radioinfinitagoya.com.ar\/v1\/#\/schema\/person\/d4cf9c413d4f6edb24aabdccab49ca4a","name":"Jorge Mi\u00f1o","image":{"@type":"ImageObject","inLanguage":"es-AR","@id":"https:\/\/secure.gravatar.com\/avatar\/910fcf6728fe95320e07a6643c1581fec1c7fc4bf8ae12e3d8f0d0373dc844be?s=96&d=mm&r=g","url":"https:\/\/secure.gravatar.com\/avatar\/910fcf6728fe95320e07a6643c1581fec1c7fc4bf8ae12e3d8f0d0373dc844be?s=96&d=mm&r=g","contentUrl":"https:\/\/secure.gravatar.com\/avatar\/910fcf6728fe95320e07a6643c1581fec1c7fc4bf8ae12e3d8f0d0373dc844be?s=96&d=mm&r=g","caption":"Jorge Mi\u00f1o"},"sameAs":["http:\/\/radioinfinitagoya.com.ar"]}]}},"_links":{"self":[{"href":"https:\/\/radioinfinitagoya.com.ar\/v1\/wp-json\/wp\/v2\/posts\/203888","targetHints":{"allow":["GET"]}}],"collection":[{"href":"https:\/\/radioinfinitagoya.com.ar\/v1\/wp-json\/wp\/v2\/posts"}],"about":[{"href":"https:\/\/radioinfinitagoya.com.ar\/v1\/wp-json\/wp\/v2\/types\/post"}],"author":[{"embeddable":true,"href":"https:\/\/radioinfinitagoya.com.ar\/v1\/wp-json\/wp\/v2\/users\/4"}],"replies":[{"embeddable":true,"href":"https:\/\/radioinfinitagoya.com.ar\/v1\/wp-json\/wp\/v2\/comments?post=203888"}],"version-history":[{"count":0,"href":"https:\/\/radioinfinitagoya.com.ar\/v1\/wp-json\/wp\/v2\/posts\/203888\/revisions"}],"wp:featuredmedia":[{"embeddable":true,"href":"https:\/\/radioinfinitagoya.com.ar\/v1\/wp-json\/wp\/v2\/media\/203889"}],"wp:attachment":[{"href":"https:\/\/radioinfinitagoya.com.ar\/v1\/wp-json\/wp\/v2\/media?parent=203888"}],"wp:term":[{"taxonomy":"category","embeddable":true,"href":"https:\/\/radioinfinitagoya.com.ar\/v1\/wp-json\/wp\/v2\/categories?post=203888"},{"taxonomy":"post_tag","embeddable":true,"href":"https:\/\/radioinfinitagoya.com.ar\/v1\/wp-json\/wp\/v2\/tags?post=203888"}],"curies":[{"name":"wp","href":"https:\/\/api.w.org\/{rel}","templated":true}]}}