{"id":203897,"date":"2026-01-31T16:19:30","date_gmt":"2026-01-31T19:19:30","guid":{"rendered":"https:\/\/radioinfinitagoya.com.ar\/v1\/?p=203897"},"modified":"2026-01-31T16:19:30","modified_gmt":"2026-01-31T19:19:30","slug":"el-gobierno-de-peru-aprobo-la-extradicion-de-pequeno-j-a-argentina-por-triple-femicidio-de-florencio-varela","status":"publish","type":"post","link":"https:\/\/radioinfinitagoya.com.ar\/v1\/2026\/01\/31\/el-gobierno-de-peru-aprobo-la-extradicion-de-pequeno-j-a-argentina-por-triple-femicidio-de-florencio-varela\/","title":{"rendered":"El gobierno de Per\u00fa aprob\u00f3 la extradici\u00f3n de \u2018Peque\u00f1o J\u2019 a Argentina por triple femicidio de Florencio Varela"},"content":{"rendered":"<p>La medida se oficializ\u00f3 mediante una resoluci\u00f3n. Ahora las autoridades de ambos pa\u00edses deber\u00e1n coordinar la entrega de Tony Janzen Valverde Victoriano, acusado del crimen de Lara Guti\u00e9rrez, Brenda del Castillo y Morena Verdi<\/p>\n<p>El Gobierno peruano aprob\u00f3 la extradici\u00f3n de Tony Janzen Valverde Victoriano, alias \u2018Peque\u00f1o J\u2019 o \u2018Montana\u2019 para que sea procesado en Argentina por el triple femicidio de las j\u00f3venes Brenda del Castillo y Morena Verdi, ambas de 20 a\u00f1os, y Lara Guti\u00e9rrez, de 15.<\/p>\n<p>La medida se oficializ\u00f3 mediante la resoluci\u00f3n suprema 041-2026-JUS publicada en El Peruano, resoluci\u00f3n suscrita por el presidente interino peruano Jos\u00e9 Jer\u00ed, el canciller Hugo de Zela y el ministro de Justicia Walter Mart\u00ednez.<\/p>\n<p>Ahora, las autoridades peruanas y argentinas deber\u00e1n coordinar para que se proceda a la entrega de \u2018Peque\u00f1o J\u2019, quien permanece recluido en un centro penitenciario de la provincia lime\u00f1a de Ca\u00f1ete. Fue en esta zona donde lo detuvo la Polic\u00eda Nacional del Per\u00fa en setiembre de 2025 tras huir de Argentina.<\/p>\n<p><img loading=\"lazy\" decoding=\"async\" class=\"alignnone size-full wp-image-203899\" src=\"https:\/\/radioinfinitagoya.com.ar\/v1\/wp-content\/uploads\/2026\/01\/o.jpg\" alt=\"\" width=\"1080\" height=\"1395\" srcset=\"https:\/\/radioinfinitagoya.com.ar\/v1\/wp-content\/uploads\/2026\/01\/o.jpg 1080w, https:\/\/radioinfinitagoya.com.ar\/v1\/wp-content\/uploads\/2026\/01\/o-116x150.jpg 116w, https:\/\/radioinfinitagoya.com.ar\/v1\/wp-content\/uploads\/2026\/01\/o-768x992.jpg 768w, https:\/\/radioinfinitagoya.com.ar\/v1\/wp-content\/uploads\/2026\/01\/o-325x420.jpg 325w, https:\/\/radioinfinitagoya.com.ar\/v1\/wp-content\/uploads\/2026\/01\/o-696x899.jpg 696w, https:\/\/radioinfinitagoya.com.ar\/v1\/wp-content\/uploads\/2026\/01\/o-1068x1380.jpg 1068w\" sizes=\"auto, (max-width: 1080px) 100vw, 1080px\" \/>A Valverde se le atribuye el delito de homicidio agravado por cometerse con el concurso premeditado de dos o m\u00e1s personas con ensa\u00f1amiento, con alevos\u00eda y por mediar violencia de g\u00e9nero reiterado.<\/p>\n<p>Previamente, en noviembre de 2025, la Sala Penal Permanente de la Corte Suprema declar\u00f3 procedente la solicitud de extradici\u00f3n de Valverde al corroborar que se cumplen los requisitos establecidos en el Acuerdo de Extradici\u00f3n entre Per\u00fa y Argentina, como la doble incriminaci\u00f3n y pena m\u00ednima.<\/p>\n<p>\u201cConforme a las restricciones se\u00f1aladas en el Acuerdo, no existen motivos para denegar la extradici\u00f3n de Tony Janzen Valverde Victoriano. Por tanto, al no existir obst\u00e1culo de derecho internacional o de derecho interno para la aceptaci\u00f3n de la solicitud de extracci\u00f3n, cabe aprobarla, debido a que se cumpli\u00f3 con los presupuestos materiales y formales que legitiman la extradici\u00f3n\u201d, se lee en la resoluci\u00f3n de la Corte Suprema de Per\u00fa.<\/p>\n<p><img loading=\"lazy\" decoding=\"async\" class=\"alignnone size-full wp-image-203900\" src=\"https:\/\/radioinfinitagoya.com.ar\/v1\/wp-content\/uploads\/2026\/01\/p.jpg\" alt=\"\" width=\"1080\" height=\"832\" srcset=\"https:\/\/radioinfinitagoya.com.ar\/v1\/wp-content\/uploads\/2026\/01\/p.jpg 1080w, https:\/\/radioinfinitagoya.com.ar\/v1\/wp-content\/uploads\/2026\/01\/p-150x116.jpg 150w, https:\/\/radioinfinitagoya.com.ar\/v1\/wp-content\/uploads\/2026\/01\/p-768x592.jpg 768w, https:\/\/radioinfinitagoya.com.ar\/v1\/wp-content\/uploads\/2026\/01\/p-545x420.jpg 545w, https:\/\/radioinfinitagoya.com.ar\/v1\/wp-content\/uploads\/2026\/01\/p-696x536.jpg 696w, https:\/\/radioinfinitagoya.com.ar\/v1\/wp-content\/uploads\/2026\/01\/p-1068x823.jpg 1068w\" sizes=\"auto, (max-width: 1080px) 100vw, 1080px\" \/>El triple feminicidio<br \/>\nLa justicia argentina le atribuye a Tony Janzen Valverde Victoriano haber participado en la muerte violenta, premeditada y con graves agravantes (ensa\u00f1amiento, alevos\u00eda, violencia de g\u00e9nero) de las j\u00f3venes Brenda del Castillo, Morena Verdi, y Lara Guti\u00e9rrez.<\/p>\n<p>A \u2018Peque\u00f1o J\u2019 tambi\u00e9n se le imputa haber ocultado los cad\u00e1veres de las mujeres asesinadas en un pozo cavado por un tercero al que se le pag\u00f3 con dinero y estupefacientes. Todo sucedi\u00f3 en una casa ubicada en la provincia bonaerense de Florencia Varela, entre el 19 y 23 de setiembre de 2025, seg\u00fan el pedido de extradici\u00f3n.<\/p>\n<p>As\u00ed huy\u00f3 \u2018Peque\u00f1o J\u2019 de Argentina<br \/>\nLa captura de Tony Janzen Valverde Victoriano, apodado \u2018Peque\u00f1o J\u2019, represent\u00f3 el desenlace de una operaci\u00f3n internacional iniciada a ra\u00edz de un triple feminicidio en Buenos Aires. Su detenci\u00f3n en el sur de Lima no solo puso fin a seis d\u00edas de fuga, sino que desencaden\u00f3 un intenso proceso de extradici\u00f3n, mientras las autoridades argentinas y peruanas avanzan en el traslado del joven para enfrentar cargos.<\/p>\n<p>En las horas previas a su arresto, la Polic\u00eda Nacional del Per\u00fa ya hab\u00eda capturado en Lima a Mat\u00edas Agust\u00edn Ozorio, integrante clave de la red de apoyo de Valverde. Los agentes, aprovechando esta ventaja, simularon ser Ozorio mediante su tel\u00e9fono m\u00f3vil y mantuvieron comunicaci\u00f3n con el fugitivo. De ese modo lograron que Valverde, convencido de que acudir\u00eda a un encuentro seguro en el centro de Lima, continuara su marcha hasta el punto donde la polic\u00eda peruana prepar\u00f3 la intervenci\u00f3n.<\/p>\n<p>El operativo final se desarroll\u00f3 en Pucusana, cuando un cami\u00f3n de carga\u2014donde Valverde permanec\u00eda oculto\u2014se vio obligado a detenerse por un bloqueo de pescadores en la carretera Panamericana. Ese hecho posibilit\u00f3 que efectivos de civil lo interceptaran sin incidentes violentos. Al ser abordado, Valverde se identific\u00f3 ante los miembros de la Direcci\u00f3n Antidrogas de la PNP, quienes procedieron al arresto y registraron el procedimiento en video.<\/p>\n<p>La coordinaci\u00f3n binacional fue resultado de un minucioso rastreo telef\u00f3nico realizado por la Polic\u00eda Bonaerense y la unidad antidrogas peruana. A trav\u00e9s de se\u00f1ales emitidas por distintos celulares, los equipos de inteligencia lograron triangular su ubicaci\u00f3n, reconstruyendo una ruta de escape que parti\u00f3 de Florencio Varela, al sur de Gran Buenos Aires, seg\u00fan reconstruy\u00f3 Infobae.<\/p>\n<p>Desde su partida en Argentina, \u2018Peque\u00f1o J\u2019 hab\u00eda burlado los controles fronterizos utilizando pasos clandestinos poco vigilados y, posteriormente, cruz\u00f3 el territorio boliviano mediante buses de transporte interprovincial y alojamiento en lugares reservados. Las autoridades comprobaron que no hab\u00eda registros oficiales de su entrada a Bolivia ni a Per\u00fa, lo que indica el uso de pasos no autorizados y un desplazamiento sin documentos oficiales, apoyado por una red criminal.<\/p>\n<p>La decisi\u00f3n de la polic\u00eda argentina de no alertar a las autoridades bolivianas se respald\u00f3 en la hip\u00f3tesis de que Bolivia solo era un territorio de tr\u00e1nsito y el destino final ser\u00eda Per\u00fa. Toda la operaci\u00f3n policial se fundament\u00f3 en informaci\u00f3n proveniente de los tel\u00e9fonos que Valverde emple\u00f3 para coordinar log\u00edstica y obtener apoyo de sus contactos, estrategia que finalmente permiti\u00f3 anticipar su llegada a territorio peruano.<\/p>\n","protected":false},"excerpt":{"rendered":"<p>La medida se oficializ\u00f3 mediante una resoluci\u00f3n. Ahora las autoridades de ambos pa\u00edses deber\u00e1n coordinar la entrega de Tony Janzen Valverde Victoriano, acusado del crimen de Lara Guti\u00e9rrez, Brenda del Castillo y Morena Verdi El Gobierno peruano aprob\u00f3 la extradici\u00f3n de Tony Janzen Valverde Victoriano, alias \u2018Peque\u00f1o J\u2019 o \u2018Montana\u2019 para que sea procesado en [&hellip;]<\/p>\n","protected":false},"author":4,"featured_media":203898,"comment_status":"open","ping_status":"open","sticky":false,"template":"","format":"standard","meta":{"_joinchat":[],"footnotes":""},"categories":[31],"tags":[],"class_list":{"0":"post-203897","1":"post","2":"type-post","3":"status-publish","4":"format-standard","5":"has-post-thumbnail","7":"category-informacion-general"},"yoast_head":"<!-- This site is optimized with the Yoast SEO plugin v27.2 - https:\/\/yoast.com\/product\/yoast-seo-wordpress\/ -->\n<title>El gobierno de Per\u00fa aprob\u00f3 la extradici\u00f3n de \u2018Peque\u00f1o J\u2019 a Argentina por triple femicidio de Florencio Varela - Radio Infinita Goya<\/title>\n<meta name=\"description\" content=\"La medida se oficializ\u00f3 mediante una resoluci\u00f3n. Ahora las autoridades de ambos pa\u00edses deber\u00e1n coordinar la entrega de Tony Janzen Valverde Victoriano,\" \/>\n<meta name=\"robots\" content=\"index, follow, max-snippet:-1, max-image-preview:large, max-video-preview:-1\" \/>\n<link rel=\"canonical\" href=\"https:\/\/radioinfinitagoya.com.ar\/v1\/2026\/01\/31\/el-gobierno-de-peru-aprobo-la-extradicion-de-pequeno-j-a-argentina-por-triple-femicidio-de-florencio-varela\/\" \/>\n<meta property=\"og:locale\" content=\"es_ES\" \/>\n<meta property=\"og:type\" content=\"article\" \/>\n<meta property=\"og:title\" content=\"El gobierno de Per\u00fa aprob\u00f3 la extradici\u00f3n de \u2018Peque\u00f1o J\u2019 a Argentina por triple femicidio de Florencio Varela - Radio Infinita Goya\" \/>\n<meta property=\"og:description\" content=\"La medida se oficializ\u00f3 mediante una resoluci\u00f3n. Ahora las autoridades de ambos pa\u00edses deber\u00e1n coordinar la entrega de Tony Janzen Valverde Victoriano,\" \/>\n<meta property=\"og:url\" content=\"https:\/\/radioinfinitagoya.com.ar\/v1\/2026\/01\/31\/el-gobierno-de-peru-aprobo-la-extradicion-de-pequeno-j-a-argentina-por-triple-femicidio-de-florencio-varela\/\" \/>\n<meta property=\"og:site_name\" content=\"Radio Infinita Goya\" \/>\n<meta property=\"article:publisher\" content=\"https:\/\/www.facebook.com\/p\/Infinita-Goya-100063870918311\/\" \/>\n<meta property=\"article:published_time\" content=\"2026-01-31T19:19:30+00:00\" \/>\n<meta property=\"og:image\" content=\"https:\/\/radioinfinitagoya.com.ar\/v1\/wp-content\/uploads\/2026\/01\/n-1.jpg\" \/>\n\t<meta property=\"og:image:width\" content=\"1080\" \/>\n\t<meta property=\"og:image:height\" content=\"592\" \/>\n\t<meta property=\"og:image:type\" content=\"image\/jpeg\" \/>\n<meta name=\"author\" content=\"Jorge Mi\u00f1o\" \/>\n<meta name=\"twitter:card\" content=\"summary_large_image\" \/>\n<meta name=\"twitter:label1\" content=\"Escrito por\" \/>\n\t<meta name=\"twitter:data1\" content=\"Jorge Mi\u00f1o\" \/>\n\t<meta name=\"twitter:label2\" content=\"Tiempo de lectura\" \/>\n\t<meta name=\"twitter:data2\" content=\"4 minutos\" \/>\n<script type=\"application\/ld+json\" class=\"yoast-schema-graph\">{\"@context\":\"https:\/\/schema.org\",\"@graph\":[{\"@type\":\"Article\",\"@id\":\"https:\/\/radioinfinitagoya.com.ar\/v1\/2026\/01\/31\/el-gobierno-de-peru-aprobo-la-extradicion-de-pequeno-j-a-argentina-por-triple-femicidio-de-florencio-varela\/#article\",\"isPartOf\":{\"@id\":\"https:\/\/radioinfinitagoya.com.ar\/v1\/2026\/01\/31\/el-gobierno-de-peru-aprobo-la-extradicion-de-pequeno-j-a-argentina-por-triple-femicidio-de-florencio-varela\/\"},\"author\":{\"name\":\"Jorge Mi\u00f1o\",\"@id\":\"https:\/\/radioinfinitagoya.com.ar\/v1\/#\/schema\/person\/d4cf9c413d4f6edb24aabdccab49ca4a\"},\"headline\":\"El gobierno de Per\u00fa aprob\u00f3 la extradici\u00f3n de \u2018Peque\u00f1o J\u2019 a Argentina por triple femicidio de Florencio Varela\",\"datePublished\":\"2026-01-31T19:19:30+00:00\",\"mainEntityOfPage\":{\"@id\":\"https:\/\/radioinfinitagoya.com.ar\/v1\/2026\/01\/31\/el-gobierno-de-peru-aprobo-la-extradicion-de-pequeno-j-a-argentina-por-triple-femicidio-de-florencio-varela\/\"},\"wordCount\":913,\"commentCount\":0,\"publisher\":{\"@id\":\"https:\/\/radioinfinitagoya.com.ar\/v1\/#organization\"},\"image\":{\"@id\":\"https:\/\/radioinfinitagoya.com.ar\/v1\/2026\/01\/31\/el-gobierno-de-peru-aprobo-la-extradicion-de-pequeno-j-a-argentina-por-triple-femicidio-de-florencio-varela\/#primaryimage\"},\"thumbnailUrl\":\"https:\/\/radioinfinitagoya.com.ar\/v1\/wp-content\/uploads\/2026\/01\/n-1.jpg\",\"articleSection\":[\"INFORMACI\u00d3N GENERAL\"],\"inLanguage\":\"es-AR\",\"potentialAction\":[{\"@type\":\"CommentAction\",\"name\":\"Comment\",\"target\":[\"https:\/\/radioinfinitagoya.com.ar\/v1\/2026\/01\/31\/el-gobierno-de-peru-aprobo-la-extradicion-de-pequeno-j-a-argentina-por-triple-femicidio-de-florencio-varela\/#respond\"]}]},{\"@type\":\"WebPage\",\"@id\":\"https:\/\/radioinfinitagoya.com.ar\/v1\/2026\/01\/31\/el-gobierno-de-peru-aprobo-la-extradicion-de-pequeno-j-a-argentina-por-triple-femicidio-de-florencio-varela\/\",\"url\":\"https:\/\/radioinfinitagoya.com.ar\/v1\/2026\/01\/31\/el-gobierno-de-peru-aprobo-la-extradicion-de-pequeno-j-a-argentina-por-triple-femicidio-de-florencio-varela\/\",\"name\":\"El gobierno de Per\u00fa aprob\u00f3 la extradici\u00f3n de \u2018Peque\u00f1o J\u2019 a Argentina por triple femicidio de Florencio Varela - Radio Infinita Goya\",\"isPartOf\":{\"@id\":\"https:\/\/radioinfinitagoya.com.ar\/v1\/#website\"},\"primaryImageOfPage\":{\"@id\":\"https:\/\/radioinfinitagoya.com.ar\/v1\/2026\/01\/31\/el-gobierno-de-peru-aprobo-la-extradicion-de-pequeno-j-a-argentina-por-triple-femicidio-de-florencio-varela\/#primaryimage\"},\"image\":{\"@id\":\"https:\/\/radioinfinitagoya.com.ar\/v1\/2026\/01\/31\/el-gobierno-de-peru-aprobo-la-extradicion-de-pequeno-j-a-argentina-por-triple-femicidio-de-florencio-varela\/#primaryimage\"},\"thumbnailUrl\":\"https:\/\/radioinfinitagoya.com.ar\/v1\/wp-content\/uploads\/2026\/01\/n-1.jpg\",\"datePublished\":\"2026-01-31T19:19:30+00:00\",\"description\":\"La medida se oficializ\u00f3 mediante una resoluci\u00f3n. Ahora las autoridades de ambos pa\u00edses deber\u00e1n coordinar la entrega de Tony Janzen Valverde Victoriano,\",\"breadcrumb\":{\"@id\":\"https:\/\/radioinfinitagoya.com.ar\/v1\/2026\/01\/31\/el-gobierno-de-peru-aprobo-la-extradicion-de-pequeno-j-a-argentina-por-triple-femicidio-de-florencio-varela\/#breadcrumb\"},\"inLanguage\":\"es-AR\",\"potentialAction\":[{\"@type\":\"ReadAction\",\"target\":[\"https:\/\/radioinfinitagoya.com.ar\/v1\/2026\/01\/31\/el-gobierno-de-peru-aprobo-la-extradicion-de-pequeno-j-a-argentina-por-triple-femicidio-de-florencio-varela\/\"]}]},{\"@type\":\"ImageObject\",\"inLanguage\":\"es-AR\",\"@id\":\"https:\/\/radioinfinitagoya.com.ar\/v1\/2026\/01\/31\/el-gobierno-de-peru-aprobo-la-extradicion-de-pequeno-j-a-argentina-por-triple-femicidio-de-florencio-varela\/#primaryimage\",\"url\":\"https:\/\/radioinfinitagoya.com.ar\/v1\/wp-content\/uploads\/2026\/01\/n-1.jpg\",\"contentUrl\":\"https:\/\/radioinfinitagoya.com.ar\/v1\/wp-content\/uploads\/2026\/01\/n-1.jpg\",\"width\":1080,\"height\":592},{\"@type\":\"BreadcrumbList\",\"@id\":\"https:\/\/radioinfinitagoya.com.ar\/v1\/2026\/01\/31\/el-gobierno-de-peru-aprobo-la-extradicion-de-pequeno-j-a-argentina-por-triple-femicidio-de-florencio-varela\/#breadcrumb\",\"itemListElement\":[{\"@type\":\"ListItem\",\"position\":1,\"name\":\"Inicio\",\"item\":\"https:\/\/radioinfinitagoya.com.ar\/v1\/\"},{\"@type\":\"ListItem\",\"position\":2,\"name\":\"El gobierno de Per\u00fa aprob\u00f3 la extradici\u00f3n de \u2018Peque\u00f1o J\u2019 a Argentina por triple femicidio de Florencio Varela\"}]},{\"@type\":\"WebSite\",\"@id\":\"https:\/\/radioinfinitagoya.com.ar\/v1\/#website\",\"url\":\"https:\/\/radioinfinitagoya.com.ar\/v1\/\",\"name\":\"radioinfinitagoya.com.ar\",\"description\":\"Radio de noticias\",\"publisher\":{\"@id\":\"https:\/\/radioinfinitagoya.com.ar\/v1\/#organization\"},\"potentialAction\":[{\"@type\":\"SearchAction\",\"target\":{\"@type\":\"EntryPoint\",\"urlTemplate\":\"https:\/\/radioinfinitagoya.com.ar\/v1\/?s={search_term_string}\"},\"query-input\":{\"@type\":\"PropertyValueSpecification\",\"valueRequired\":true,\"valueName\":\"search_term_string\"}}],\"inLanguage\":\"es-AR\"},{\"@type\":\"Organization\",\"@id\":\"https:\/\/radioinfinitagoya.com.ar\/v1\/#organization\",\"name\":\"Radio Infinita Goya\",\"url\":\"https:\/\/radioinfinitagoya.com.ar\/v1\/\",\"logo\":{\"@type\":\"ImageObject\",\"inLanguage\":\"es-AR\",\"@id\":\"https:\/\/radioinfinitagoya.com.ar\/v1\/#\/schema\/logo\/image\/\",\"url\":\"https:\/\/radioinfinitagoya.com.ar\/v1\/wp-content\/uploads\/2019\/11\/logo-pie-web.png\",\"contentUrl\":\"https:\/\/radioinfinitagoya.com.ar\/v1\/wp-content\/uploads\/2019\/11\/logo-pie-web.png\",\"width\":635,\"height\":326,\"caption\":\"Radio Infinita Goya\"},\"image\":{\"@id\":\"https:\/\/radioinfinitagoya.com.ar\/v1\/#\/schema\/logo\/image\/\"},\"sameAs\":[\"https:\/\/www.facebook.com\/p\/Infinita-Goya-100063870918311\/\"]},{\"@type\":\"Person\",\"@id\":\"https:\/\/radioinfinitagoya.com.ar\/v1\/#\/schema\/person\/d4cf9c413d4f6edb24aabdccab49ca4a\",\"name\":\"Jorge Mi\u00f1o\",\"image\":{\"@type\":\"ImageObject\",\"inLanguage\":\"es-AR\",\"@id\":\"https:\/\/secure.gravatar.com\/avatar\/910fcf6728fe95320e07a6643c1581fec1c7fc4bf8ae12e3d8f0d0373dc844be?s=96&d=mm&r=g\",\"url\":\"https:\/\/secure.gravatar.com\/avatar\/910fcf6728fe95320e07a6643c1581fec1c7fc4bf8ae12e3d8f0d0373dc844be?s=96&d=mm&r=g\",\"contentUrl\":\"https:\/\/secure.gravatar.com\/avatar\/910fcf6728fe95320e07a6643c1581fec1c7fc4bf8ae12e3d8f0d0373dc844be?s=96&d=mm&r=g\",\"caption\":\"Jorge Mi\u00f1o\"},\"sameAs\":[\"http:\/\/radioinfinitagoya.com.ar\"]}]}<\/script>\n<!-- \/ Yoast SEO plugin. -->","yoast_head_json":{"title":"El gobierno de Per\u00fa aprob\u00f3 la extradici\u00f3n de \u2018Peque\u00f1o J\u2019 a Argentina por triple femicidio de Florencio Varela - Radio Infinita Goya","description":"La medida se oficializ\u00f3 mediante una resoluci\u00f3n. Ahora las autoridades de ambos pa\u00edses deber\u00e1n coordinar la entrega de Tony Janzen Valverde Victoriano,","robots":{"index":"index","follow":"follow","max-snippet":"max-snippet:-1","max-image-preview":"max-image-preview:large","max-video-preview":"max-video-preview:-1"},"canonical":"https:\/\/radioinfinitagoya.com.ar\/v1\/2026\/01\/31\/el-gobierno-de-peru-aprobo-la-extradicion-de-pequeno-j-a-argentina-por-triple-femicidio-de-florencio-varela\/","og_locale":"es_ES","og_type":"article","og_title":"El gobierno de Per\u00fa aprob\u00f3 la extradici\u00f3n de \u2018Peque\u00f1o J\u2019 a Argentina por triple femicidio de Florencio Varela - Radio Infinita Goya","og_description":"La medida se oficializ\u00f3 mediante una resoluci\u00f3n. Ahora las autoridades de ambos pa\u00edses deber\u00e1n coordinar la entrega de Tony Janzen Valverde Victoriano,","og_url":"https:\/\/radioinfinitagoya.com.ar\/v1\/2026\/01\/31\/el-gobierno-de-peru-aprobo-la-extradicion-de-pequeno-j-a-argentina-por-triple-femicidio-de-florencio-varela\/","og_site_name":"Radio Infinita Goya","article_publisher":"https:\/\/www.facebook.com\/p\/Infinita-Goya-100063870918311\/","article_published_time":"2026-01-31T19:19:30+00:00","og_image":[{"width":1080,"height":592,"url":"https:\/\/radioinfinitagoya.com.ar\/v1\/wp-content\/uploads\/2026\/01\/n-1.jpg","type":"image\/jpeg"}],"author":"Jorge Mi\u00f1o","twitter_card":"summary_large_image","twitter_misc":{"Escrito por":"Jorge Mi\u00f1o","Tiempo de lectura":"4 minutos"},"schema":{"@context":"https:\/\/schema.org","@graph":[{"@type":"Article","@id":"https:\/\/radioinfinitagoya.com.ar\/v1\/2026\/01\/31\/el-gobierno-de-peru-aprobo-la-extradicion-de-pequeno-j-a-argentina-por-triple-femicidio-de-florencio-varela\/#article","isPartOf":{"@id":"https:\/\/radioinfinitagoya.com.ar\/v1\/2026\/01\/31\/el-gobierno-de-peru-aprobo-la-extradicion-de-pequeno-j-a-argentina-por-triple-femicidio-de-florencio-varela\/"},"author":{"name":"Jorge Mi\u00f1o","@id":"https:\/\/radioinfinitagoya.com.ar\/v1\/#\/schema\/person\/d4cf9c413d4f6edb24aabdccab49ca4a"},"headline":"El gobierno de Per\u00fa aprob\u00f3 la extradici\u00f3n de \u2018Peque\u00f1o J\u2019 a Argentina por triple femicidio de Florencio Varela","datePublished":"2026-01-31T19:19:30+00:00","mainEntityOfPage":{"@id":"https:\/\/radioinfinitagoya.com.ar\/v1\/2026\/01\/31\/el-gobierno-de-peru-aprobo-la-extradicion-de-pequeno-j-a-argentina-por-triple-femicidio-de-florencio-varela\/"},"wordCount":913,"commentCount":0,"publisher":{"@id":"https:\/\/radioinfinitagoya.com.ar\/v1\/#organization"},"image":{"@id":"https:\/\/radioinfinitagoya.com.ar\/v1\/2026\/01\/31\/el-gobierno-de-peru-aprobo-la-extradicion-de-pequeno-j-a-argentina-por-triple-femicidio-de-florencio-varela\/#primaryimage"},"thumbnailUrl":"https:\/\/radioinfinitagoya.com.ar\/v1\/wp-content\/uploads\/2026\/01\/n-1.jpg","articleSection":["INFORMACI\u00d3N GENERAL"],"inLanguage":"es-AR","potentialAction":[{"@type":"CommentAction","name":"Comment","target":["https:\/\/radioinfinitagoya.com.ar\/v1\/2026\/01\/31\/el-gobierno-de-peru-aprobo-la-extradicion-de-pequeno-j-a-argentina-por-triple-femicidio-de-florencio-varela\/#respond"]}]},{"@type":"WebPage","@id":"https:\/\/radioinfinitagoya.com.ar\/v1\/2026\/01\/31\/el-gobierno-de-peru-aprobo-la-extradicion-de-pequeno-j-a-argentina-por-triple-femicidio-de-florencio-varela\/","url":"https:\/\/radioinfinitagoya.com.ar\/v1\/2026\/01\/31\/el-gobierno-de-peru-aprobo-la-extradicion-de-pequeno-j-a-argentina-por-triple-femicidio-de-florencio-varela\/","name":"El gobierno de Per\u00fa aprob\u00f3 la extradici\u00f3n de \u2018Peque\u00f1o J\u2019 a Argentina por triple femicidio de Florencio Varela - Radio Infinita Goya","isPartOf":{"@id":"https:\/\/radioinfinitagoya.com.ar\/v1\/#website"},"primaryImageOfPage":{"@id":"https:\/\/radioinfinitagoya.com.ar\/v1\/2026\/01\/31\/el-gobierno-de-peru-aprobo-la-extradicion-de-pequeno-j-a-argentina-por-triple-femicidio-de-florencio-varela\/#primaryimage"},"image":{"@id":"https:\/\/radioinfinitagoya.com.ar\/v1\/2026\/01\/31\/el-gobierno-de-peru-aprobo-la-extradicion-de-pequeno-j-a-argentina-por-triple-femicidio-de-florencio-varela\/#primaryimage"},"thumbnailUrl":"https:\/\/radioinfinitagoya.com.ar\/v1\/wp-content\/uploads\/2026\/01\/n-1.jpg","datePublished":"2026-01-31T19:19:30+00:00","description":"La medida se oficializ\u00f3 mediante una resoluci\u00f3n. Ahora las autoridades de ambos pa\u00edses deber\u00e1n coordinar la entrega de Tony Janzen Valverde Victoriano,","breadcrumb":{"@id":"https:\/\/radioinfinitagoya.com.ar\/v1\/2026\/01\/31\/el-gobierno-de-peru-aprobo-la-extradicion-de-pequeno-j-a-argentina-por-triple-femicidio-de-florencio-varela\/#breadcrumb"},"inLanguage":"es-AR","potentialAction":[{"@type":"ReadAction","target":["https:\/\/radioinfinitagoya.com.ar\/v1\/2026\/01\/31\/el-gobierno-de-peru-aprobo-la-extradicion-de-pequeno-j-a-argentina-por-triple-femicidio-de-florencio-varela\/"]}]},{"@type":"ImageObject","inLanguage":"es-AR","@id":"https:\/\/radioinfinitagoya.com.ar\/v1\/2026\/01\/31\/el-gobierno-de-peru-aprobo-la-extradicion-de-pequeno-j-a-argentina-por-triple-femicidio-de-florencio-varela\/#primaryimage","url":"https:\/\/radioinfinitagoya.com.ar\/v1\/wp-content\/uploads\/2026\/01\/n-1.jpg","contentUrl":"https:\/\/radioinfinitagoya.com.ar\/v1\/wp-content\/uploads\/2026\/01\/n-1.jpg","width":1080,"height":592},{"@type":"BreadcrumbList","@id":"https:\/\/radioinfinitagoya.com.ar\/v1\/2026\/01\/31\/el-gobierno-de-peru-aprobo-la-extradicion-de-pequeno-j-a-argentina-por-triple-femicidio-de-florencio-varela\/#breadcrumb","itemListElement":[{"@type":"ListItem","position":1,"name":"Inicio","item":"https:\/\/radioinfinitagoya.com.ar\/v1\/"},{"@type":"ListItem","position":2,"name":"El gobierno de Per\u00fa aprob\u00f3 la extradici\u00f3n de \u2018Peque\u00f1o J\u2019 a Argentina por triple femicidio de Florencio Varela"}]},{"@type":"WebSite","@id":"https:\/\/radioinfinitagoya.com.ar\/v1\/#website","url":"https:\/\/radioinfinitagoya.com.ar\/v1\/","name":"radioinfinitagoya.com.ar","description":"Radio de noticias","publisher":{"@id":"https:\/\/radioinfinitagoya.com.ar\/v1\/#organization"},"potentialAction":[{"@type":"SearchAction","target":{"@type":"EntryPoint","urlTemplate":"https:\/\/radioinfinitagoya.com.ar\/v1\/?s={search_term_string}"},"query-input":{"@type":"PropertyValueSpecification","valueRequired":true,"valueName":"search_term_string"}}],"inLanguage":"es-AR"},{"@type":"Organization","@id":"https:\/\/radioinfinitagoya.com.ar\/v1\/#organization","name":"Radio Infinita Goya","url":"https:\/\/radioinfinitagoya.com.ar\/v1\/","logo":{"@type":"ImageObject","inLanguage":"es-AR","@id":"https:\/\/radioinfinitagoya.com.ar\/v1\/#\/schema\/logo\/image\/","url":"https:\/\/radioinfinitagoya.com.ar\/v1\/wp-content\/uploads\/2019\/11\/logo-pie-web.png","contentUrl":"https:\/\/radioinfinitagoya.com.ar\/v1\/wp-content\/uploads\/2019\/11\/logo-pie-web.png","width":635,"height":326,"caption":"Radio Infinita Goya"},"image":{"@id":"https:\/\/radioinfinitagoya.com.ar\/v1\/#\/schema\/logo\/image\/"},"sameAs":["https:\/\/www.facebook.com\/p\/Infinita-Goya-100063870918311\/"]},{"@type":"Person","@id":"https:\/\/radioinfinitagoya.com.ar\/v1\/#\/schema\/person\/d4cf9c413d4f6edb24aabdccab49ca4a","name":"Jorge Mi\u00f1o","image":{"@type":"ImageObject","inLanguage":"es-AR","@id":"https:\/\/secure.gravatar.com\/avatar\/910fcf6728fe95320e07a6643c1581fec1c7fc4bf8ae12e3d8f0d0373dc844be?s=96&d=mm&r=g","url":"https:\/\/secure.gravatar.com\/avatar\/910fcf6728fe95320e07a6643c1581fec1c7fc4bf8ae12e3d8f0d0373dc844be?s=96&d=mm&r=g","contentUrl":"https:\/\/secure.gravatar.com\/avatar\/910fcf6728fe95320e07a6643c1581fec1c7fc4bf8ae12e3d8f0d0373dc844be?s=96&d=mm&r=g","caption":"Jorge Mi\u00f1o"},"sameAs":["http:\/\/radioinfinitagoya.com.ar"]}]}},"_links":{"self":[{"href":"https:\/\/radioinfinitagoya.com.ar\/v1\/wp-json\/wp\/v2\/posts\/203897","targetHints":{"allow":["GET"]}}],"collection":[{"href":"https:\/\/radioinfinitagoya.com.ar\/v1\/wp-json\/wp\/v2\/posts"}],"about":[{"href":"https:\/\/radioinfinitagoya.com.ar\/v1\/wp-json\/wp\/v2\/types\/post"}],"author":[{"embeddable":true,"href":"https:\/\/radioinfinitagoya.com.ar\/v1\/wp-json\/wp\/v2\/users\/4"}],"replies":[{"embeddable":true,"href":"https:\/\/radioinfinitagoya.com.ar\/v1\/wp-json\/wp\/v2\/comments?post=203897"}],"version-history":[{"count":0,"href":"https:\/\/radioinfinitagoya.com.ar\/v1\/wp-json\/wp\/v2\/posts\/203897\/revisions"}],"wp:featuredmedia":[{"embeddable":true,"href":"https:\/\/radioinfinitagoya.com.ar\/v1\/wp-json\/wp\/v2\/media\/203898"}],"wp:attachment":[{"href":"https:\/\/radioinfinitagoya.com.ar\/v1\/wp-json\/wp\/v2\/media?parent=203897"}],"wp:term":[{"taxonomy":"category","embeddable":true,"href":"https:\/\/radioinfinitagoya.com.ar\/v1\/wp-json\/wp\/v2\/categories?post=203897"},{"taxonomy":"post_tag","embeddable":true,"href":"https:\/\/radioinfinitagoya.com.ar\/v1\/wp-json\/wp\/v2\/tags?post=203897"}],"curies":[{"name":"wp","href":"https:\/\/api.w.org\/{rel}","templated":true}]}}