{"id":203902,"date":"2026-01-31T16:24:46","date_gmt":"2026-01-31T19:24:46","guid":{"rendered":"https:\/\/radioinfinitagoya.com.ar\/v1\/?p=203902"},"modified":"2026-01-31T16:28:29","modified_gmt":"2026-01-31T19:28:29","slug":"el-gobierno-admite-cambios-en-la-reforma-laboral","status":"publish","type":"post","link":"https:\/\/radioinfinitagoya.com.ar\/v1\/2026\/01\/31\/el-gobierno-admite-cambios-en-la-reforma-laboral\/","title":{"rendered":"El Gobierno admite cambios en la reforma laboral"},"content":{"rendered":"<p>Pero aspira a blindar el art\u00edculo que modifica Ganancias<\/p>\n<p>El oficialismo se prepara para dar lugar a los pedidos de la oposici\u00f3n en el recinto. Fuerte blindaje de los puntos en los que ceder\u00e1n. El reclamo de los gobernadores y la encerrona<\/p>\n<p>En las v\u00edsperas del inicio de sesiones extraordinarias, el Gobierno Nacional debate el accionar de los alfiles negociadores para la sanci\u00f3n del temario enviado, con especial centralidad en la Reforma Laboral. Luego de varios idas y vueltas, tres integrantes de la mesa pol\u00edtica designada por el presidente Javier Milei admitieron que el reducido c\u00edrculo est\u00e1 dispuesto a aplicar cambios en el proyecto aunque se muestran reticentes a filtrar los art\u00edculos est\u00e1n dispuestos a ceder.<\/p>\n<p>En Balcarce 50 aseguran tener mayor\u00eda en ambas C\u00e1maras para hacer pasar el grueso del articulado al tiempo que confiensan que la reducci\u00f3n pensada para el Impuesto a las Ganancias para sociedades, que afecta directamente la recaudaci\u00f3n provincial, complejiza los planes por la reticencia de los gobernadores, incluso los aliados. \u201cSantilli est\u00e1 viendo si encuentra la forma, pero est\u00e1 dif\u00edci. Es il\u00f3gico, estamos hablando de bajar impuestos, pero ellos priorizan el Estado que a las empresas\u201d, cont\u00f3 a este medio una importante fuente libertaria.<\/p>\n<p>Cada semana los actores que componen la mesa pol\u00edtica intercambian pareceres para definir alternativas que conformen a los aliados y les permita aprobar la reforma y mantener las modificaciones tributarias ideadas por el ministro del Econom\u00eda, Luis Caputo. De mantenerse firmes en la posici\u00f3n, el rechazo que acumula la reducci\u00f3n del tributo podr\u00eda poner en riesgo la sanci\u00f3n de la ley.<\/p>\n<p>\u201cRealmente necesitamos arreglar con los gobernadores, sino lamentablemente quedar\u00e1 afuera, pero haremos todo lo posible para que eso no suceda\u201d, admiti\u00f3 otra una voz involucarada en la negociaci\u00f3n.<\/p>\n<p>En el esquema negociador critican a los mandatarios oficiales a los que acusan de \u201cpedir y pedir\u201d, pero \u201cno ayudan a achicar\u201d el Estado, y a su vez detectan que los gobernadores desconf\u00edan de las promesas del Ejecutivo. \u201cNo vamos a dar ning\u00fan detalle que entorpezca la negociaci\u00f3n. Lo \u00fanico que se puede anticipar es que toda la primera parte de la ley no se toca, si cambiamos, son cuestiones que no son significativas\u201d, plante\u00f3 un integrante del oficialismo.<\/p>\n<p><img loading=\"lazy\" decoding=\"async\" class=\"alignnone size-full wp-image-203906\" src=\"https:\/\/radioinfinitagoya.com.ar\/v1\/wp-content\/uploads\/2026\/01\/R.jpg\" alt=\"\" width=\"963\" height=\"534\" srcset=\"https:\/\/radioinfinitagoya.com.ar\/v1\/wp-content\/uploads\/2026\/01\/R.jpg 963w, https:\/\/radioinfinitagoya.com.ar\/v1\/wp-content\/uploads\/2026\/01\/R-150x83.jpg 150w, https:\/\/radioinfinitagoya.com.ar\/v1\/wp-content\/uploads\/2026\/01\/R-768x426.jpg 768w, https:\/\/radioinfinitagoya.com.ar\/v1\/wp-content\/uploads\/2026\/01\/R-757x420.jpg 757w, https:\/\/radioinfinitagoya.com.ar\/v1\/wp-content\/uploads\/2026\/01\/R-696x385.jpg 696w\" sizes=\"auto, (max-width: 963px) 100vw, 963px\" \/>La postura no es un\u00e1nime. Algunos interlocutores se muestran m\u00e1s reacios a la hora de evaluar la posibilidad de ceder ante la presi\u00f3n de las provincias. Pese a eso, la garant\u00eda de cambios -siempre y cuando no afecete el esp\u00edritu de la norma- durante el tratamiento en el recinto que iniciar\u00e1 en el Senado el pr\u00f3ximo mi\u00e9rcoles 11 de febrero es un secreto a voces.<\/p>\n<p>Otro punto que oficia de parteaguas es el futuro de las disposiciones vinculadas a discapacidad, universidades p\u00fablicas, coparticipaci\u00f3n federal, subsidios energ\u00e9ticos y financiamiento del Poder Judicial que estaban contempladas en el cap\u00edtulo XI que qued\u00f3 excluido de la sanci\u00f3n del Presupuesto 2026.<\/p>\n<p>El ala m\u00e1s dura que rodea al Presidente est\u00e1 dispuesta a buscar la manera de insistir en el tratamiento de cada punto, mientras que el sector de los moderados, integrado por los alfiles que se encargan de protagonizar la negociaci\u00f3n en primera persona, anticipan que no cuentan con los votos y piden evitar ciertos temas que generan pol\u00e9mica. \u201cEs imposible avanzar con ese tema. No sale. Hasta los aliados estan en contra. Y no nos vamos a anotar una victoria pol\u00edtica con esto. Lo mejor es no meterse y dejar que pase el a\u00f1o\u201d, confesaron.<\/p>\n<p>El per\u00edodo extraordinario augura positivo para el Poder Ejecutivo. Con los actores ordenados, Patricia Bullrich articula en el Senado, Mart\u00edn Menem en Diputados y Diego Santilli establece contacto con los gobernadores bajo el orden dispuesto por el jefe de Gabinete, Manuel Adorni, quien es seguido de cerca por la secretaria general de la Presidencia, Karina Milei.<\/p>\n<p><img loading=\"lazy\" decoding=\"async\" class=\"alignnone size-full wp-image-203907\" src=\"https:\/\/radioinfinitagoya.com.ar\/v1\/wp-content\/uploads\/2026\/01\/S.jpg\" alt=\"\" width=\"952\" height=\"638\" srcset=\"https:\/\/radioinfinitagoya.com.ar\/v1\/wp-content\/uploads\/2026\/01\/S.jpg 952w, https:\/\/radioinfinitagoya.com.ar\/v1\/wp-content\/uploads\/2026\/01\/S-150x101.jpg 150w, https:\/\/radioinfinitagoya.com.ar\/v1\/wp-content\/uploads\/2026\/01\/S-768x515.jpg 768w, https:\/\/radioinfinitagoya.com.ar\/v1\/wp-content\/uploads\/2026\/01\/S-627x420.jpg 627w, https:\/\/radioinfinitagoya.com.ar\/v1\/wp-content\/uploads\/2026\/01\/S-696x466.jpg 696w\" sizes=\"auto, (max-width: 952px) 100vw, 952px\" \/>Todas las decisiones econ\u00f3micas son habilitadas por el ministro de Econom\u00eda que desde hace algunas ediciones asiste de manera regular a las reuniones que incluyen adem\u00e1s al asesor presidencial, Santiago Caputo, y al secretario de Asuntos Estrat\u00e9gicos, Ignacio Devitt. \u201cLa mesa est\u00e1 ordenada. El que meta la mano en otro lado lo mato\u201d, ironiz\u00f3 ante este medio uno de sus miembros.<\/p>\n<p>Con el inicio de extraordinarias pr\u00f3ximo, el oficialismo busca optimizar los ajustados tiempos de febrero y tiene planes de intentar tratar el acuerdo comercial entre la Uni\u00f3n Europea y el Mercosur la pr\u00f3xima semana en la C\u00e1mara de Diputados. Un legislador libertario garantiz\u00f3 ante este medio que de aprobarse entrar\u00eda en vigencia, pese a las trabas del Parlamento Europeo, y sostuvo que tanto Brasil como Paraguay tienen planes de avanzar en su sanci\u00f3n.<\/p>\n<p>&nbsp;<\/p>\n","protected":false},"excerpt":{"rendered":"<p>Pero aspira a blindar el art\u00edculo que modifica Ganancias El oficialismo se prepara para dar lugar a los pedidos de la oposici\u00f3n en el recinto. Fuerte blindaje de los puntos en los que ceder\u00e1n. El reclamo de los gobernadores y la encerrona En las v\u00edsperas del inicio de sesiones extraordinarias, el Gobierno Nacional debate el [&hellip;]<\/p>\n","protected":false},"author":4,"featured_media":203903,"comment_status":"open","ping_status":"open","sticky":false,"template":"","format":"standard","meta":{"_joinchat":[],"footnotes":""},"categories":[25],"tags":[],"class_list":{"0":"post-203902","1":"post","2":"type-post","3":"status-publish","4":"format-standard","5":"has-post-thumbnail","7":"category-destacados"},"yoast_head":"<!-- This site is optimized with the Yoast SEO plugin v27.2 - https:\/\/yoast.com\/product\/yoast-seo-wordpress\/ -->\n<title>El Gobierno admite cambios en la reforma laboral - Radio Infinita Goya<\/title>\n<meta name=\"description\" content=\"Pero aspira a blindar el art\u00edculo que modifica Ganancias El oficialismo se prepara para dar lugar a los pedidos de la oposici\u00f3n en el recinto. Fuerte\" \/>\n<meta name=\"robots\" content=\"index, follow, max-snippet:-1, max-image-preview:large, max-video-preview:-1\" \/>\n<link rel=\"canonical\" href=\"https:\/\/radioinfinitagoya.com.ar\/v1\/2026\/01\/31\/el-gobierno-admite-cambios-en-la-reforma-laboral\/\" \/>\n<meta property=\"og:locale\" content=\"es_ES\" \/>\n<meta property=\"og:type\" content=\"article\" \/>\n<meta property=\"og:title\" content=\"El Gobierno admite cambios en la reforma laboral - Radio Infinita Goya\" \/>\n<meta property=\"og:description\" content=\"Pero aspira a blindar el art\u00edculo que modifica Ganancias El oficialismo se prepara para dar lugar a los pedidos de la oposici\u00f3n en el recinto. Fuerte\" \/>\n<meta property=\"og:url\" content=\"https:\/\/radioinfinitagoya.com.ar\/v1\/2026\/01\/31\/el-gobierno-admite-cambios-en-la-reforma-laboral\/\" \/>\n<meta property=\"og:site_name\" content=\"Radio Infinita Goya\" \/>\n<meta property=\"article:publisher\" content=\"https:\/\/www.facebook.com\/p\/Infinita-Goya-100063870918311\/\" \/>\n<meta property=\"article:published_time\" content=\"2026-01-31T19:24:46+00:00\" \/>\n<meta property=\"article:modified_time\" content=\"2026-01-31T19:28:29+00:00\" \/>\n<meta property=\"og:image\" content=\"https:\/\/radioinfinitagoya.com.ar\/v1\/wp-content\/uploads\/2026\/01\/cf7ab08a-c63d-4463-8dca-36bc8e757de8.jpg\" \/>\n\t<meta property=\"og:image:width\" content=\"950\" \/>\n\t<meta property=\"og:image:height\" content=\"533\" \/>\n\t<meta property=\"og:image:type\" content=\"image\/jpeg\" \/>\n<meta name=\"author\" content=\"Jorge Mi\u00f1o\" \/>\n<meta name=\"twitter:card\" content=\"summary_large_image\" \/>\n<meta name=\"twitter:label1\" content=\"Escrito por\" \/>\n\t<meta name=\"twitter:data1\" content=\"Jorge Mi\u00f1o\" \/>\n\t<meta name=\"twitter:label2\" content=\"Tiempo de lectura\" \/>\n\t<meta name=\"twitter:data2\" content=\"4 minutos\" \/>\n<script type=\"application\/ld+json\" class=\"yoast-schema-graph\">{\"@context\":\"https:\/\/schema.org\",\"@graph\":[{\"@type\":\"Article\",\"@id\":\"https:\/\/radioinfinitagoya.com.ar\/v1\/2026\/01\/31\/el-gobierno-admite-cambios-en-la-reforma-laboral\/#article\",\"isPartOf\":{\"@id\":\"https:\/\/radioinfinitagoya.com.ar\/v1\/2026\/01\/31\/el-gobierno-admite-cambios-en-la-reforma-laboral\/\"},\"author\":{\"name\":\"Jorge Mi\u00f1o\",\"@id\":\"https:\/\/radioinfinitagoya.com.ar\/v1\/#\/schema\/person\/d4cf9c413d4f6edb24aabdccab49ca4a\"},\"headline\":\"El Gobierno admite cambios en la reforma laboral\",\"datePublished\":\"2026-01-31T19:24:46+00:00\",\"dateModified\":\"2026-01-31T19:28:29+00:00\",\"mainEntityOfPage\":{\"@id\":\"https:\/\/radioinfinitagoya.com.ar\/v1\/2026\/01\/31\/el-gobierno-admite-cambios-en-la-reforma-laboral\/\"},\"wordCount\":820,\"commentCount\":0,\"publisher\":{\"@id\":\"https:\/\/radioinfinitagoya.com.ar\/v1\/#organization\"},\"image\":{\"@id\":\"https:\/\/radioinfinitagoya.com.ar\/v1\/2026\/01\/31\/el-gobierno-admite-cambios-en-la-reforma-laboral\/#primaryimage\"},\"thumbnailUrl\":\"https:\/\/radioinfinitagoya.com.ar\/v1\/wp-content\/uploads\/2026\/01\/cf7ab08a-c63d-4463-8dca-36bc8e757de8.jpg\",\"articleSection\":[\"DESTACADOS\"],\"inLanguage\":\"es-AR\",\"potentialAction\":[{\"@type\":\"CommentAction\",\"name\":\"Comment\",\"target\":[\"https:\/\/radioinfinitagoya.com.ar\/v1\/2026\/01\/31\/el-gobierno-admite-cambios-en-la-reforma-laboral\/#respond\"]}]},{\"@type\":\"WebPage\",\"@id\":\"https:\/\/radioinfinitagoya.com.ar\/v1\/2026\/01\/31\/el-gobierno-admite-cambios-en-la-reforma-laboral\/\",\"url\":\"https:\/\/radioinfinitagoya.com.ar\/v1\/2026\/01\/31\/el-gobierno-admite-cambios-en-la-reforma-laboral\/\",\"name\":\"El Gobierno admite cambios en la reforma laboral - Radio Infinita Goya\",\"isPartOf\":{\"@id\":\"https:\/\/radioinfinitagoya.com.ar\/v1\/#website\"},\"primaryImageOfPage\":{\"@id\":\"https:\/\/radioinfinitagoya.com.ar\/v1\/2026\/01\/31\/el-gobierno-admite-cambios-en-la-reforma-laboral\/#primaryimage\"},\"image\":{\"@id\":\"https:\/\/radioinfinitagoya.com.ar\/v1\/2026\/01\/31\/el-gobierno-admite-cambios-en-la-reforma-laboral\/#primaryimage\"},\"thumbnailUrl\":\"https:\/\/radioinfinitagoya.com.ar\/v1\/wp-content\/uploads\/2026\/01\/cf7ab08a-c63d-4463-8dca-36bc8e757de8.jpg\",\"datePublished\":\"2026-01-31T19:24:46+00:00\",\"dateModified\":\"2026-01-31T19:28:29+00:00\",\"description\":\"Pero aspira a blindar el art\u00edculo que modifica Ganancias El oficialismo se prepara para dar lugar a los pedidos de la oposici\u00f3n en el recinto. Fuerte\",\"breadcrumb\":{\"@id\":\"https:\/\/radioinfinitagoya.com.ar\/v1\/2026\/01\/31\/el-gobierno-admite-cambios-en-la-reforma-laboral\/#breadcrumb\"},\"inLanguage\":\"es-AR\",\"potentialAction\":[{\"@type\":\"ReadAction\",\"target\":[\"https:\/\/radioinfinitagoya.com.ar\/v1\/2026\/01\/31\/el-gobierno-admite-cambios-en-la-reforma-laboral\/\"]}]},{\"@type\":\"ImageObject\",\"inLanguage\":\"es-AR\",\"@id\":\"https:\/\/radioinfinitagoya.com.ar\/v1\/2026\/01\/31\/el-gobierno-admite-cambios-en-la-reforma-laboral\/#primaryimage\",\"url\":\"https:\/\/radioinfinitagoya.com.ar\/v1\/wp-content\/uploads\/2026\/01\/cf7ab08a-c63d-4463-8dca-36bc8e757de8.jpg\",\"contentUrl\":\"https:\/\/radioinfinitagoya.com.ar\/v1\/wp-content\/uploads\/2026\/01\/cf7ab08a-c63d-4463-8dca-36bc8e757de8.jpg\",\"width\":950,\"height\":533},{\"@type\":\"BreadcrumbList\",\"@id\":\"https:\/\/radioinfinitagoya.com.ar\/v1\/2026\/01\/31\/el-gobierno-admite-cambios-en-la-reforma-laboral\/#breadcrumb\",\"itemListElement\":[{\"@type\":\"ListItem\",\"position\":1,\"name\":\"Inicio\",\"item\":\"https:\/\/radioinfinitagoya.com.ar\/v1\/\"},{\"@type\":\"ListItem\",\"position\":2,\"name\":\"El Gobierno admite cambios en la reforma laboral\"}]},{\"@type\":\"WebSite\",\"@id\":\"https:\/\/radioinfinitagoya.com.ar\/v1\/#website\",\"url\":\"https:\/\/radioinfinitagoya.com.ar\/v1\/\",\"name\":\"radioinfinitagoya.com.ar\",\"description\":\"Radio de noticias\",\"publisher\":{\"@id\":\"https:\/\/radioinfinitagoya.com.ar\/v1\/#organization\"},\"potentialAction\":[{\"@type\":\"SearchAction\",\"target\":{\"@type\":\"EntryPoint\",\"urlTemplate\":\"https:\/\/radioinfinitagoya.com.ar\/v1\/?s={search_term_string}\"},\"query-input\":{\"@type\":\"PropertyValueSpecification\",\"valueRequired\":true,\"valueName\":\"search_term_string\"}}],\"inLanguage\":\"es-AR\"},{\"@type\":\"Organization\",\"@id\":\"https:\/\/radioinfinitagoya.com.ar\/v1\/#organization\",\"name\":\"Radio Infinita Goya\",\"url\":\"https:\/\/radioinfinitagoya.com.ar\/v1\/\",\"logo\":{\"@type\":\"ImageObject\",\"inLanguage\":\"es-AR\",\"@id\":\"https:\/\/radioinfinitagoya.com.ar\/v1\/#\/schema\/logo\/image\/\",\"url\":\"https:\/\/radioinfinitagoya.com.ar\/v1\/wp-content\/uploads\/2019\/11\/logo-pie-web.png\",\"contentUrl\":\"https:\/\/radioinfinitagoya.com.ar\/v1\/wp-content\/uploads\/2019\/11\/logo-pie-web.png\",\"width\":635,\"height\":326,\"caption\":\"Radio Infinita Goya\"},\"image\":{\"@id\":\"https:\/\/radioinfinitagoya.com.ar\/v1\/#\/schema\/logo\/image\/\"},\"sameAs\":[\"https:\/\/www.facebook.com\/p\/Infinita-Goya-100063870918311\/\"]},{\"@type\":\"Person\",\"@id\":\"https:\/\/radioinfinitagoya.com.ar\/v1\/#\/schema\/person\/d4cf9c413d4f6edb24aabdccab49ca4a\",\"name\":\"Jorge Mi\u00f1o\",\"image\":{\"@type\":\"ImageObject\",\"inLanguage\":\"es-AR\",\"@id\":\"https:\/\/secure.gravatar.com\/avatar\/910fcf6728fe95320e07a6643c1581fec1c7fc4bf8ae12e3d8f0d0373dc844be?s=96&d=mm&r=g\",\"url\":\"https:\/\/secure.gravatar.com\/avatar\/910fcf6728fe95320e07a6643c1581fec1c7fc4bf8ae12e3d8f0d0373dc844be?s=96&d=mm&r=g\",\"contentUrl\":\"https:\/\/secure.gravatar.com\/avatar\/910fcf6728fe95320e07a6643c1581fec1c7fc4bf8ae12e3d8f0d0373dc844be?s=96&d=mm&r=g\",\"caption\":\"Jorge Mi\u00f1o\"},\"sameAs\":[\"http:\/\/radioinfinitagoya.com.ar\"]}]}<\/script>\n<!-- \/ Yoast SEO plugin. -->","yoast_head_json":{"title":"El Gobierno admite cambios en la reforma laboral - Radio Infinita Goya","description":"Pero aspira a blindar el art\u00edculo que modifica Ganancias El oficialismo se prepara para dar lugar a los pedidos de la oposici\u00f3n en el recinto. Fuerte","robots":{"index":"index","follow":"follow","max-snippet":"max-snippet:-1","max-image-preview":"max-image-preview:large","max-video-preview":"max-video-preview:-1"},"canonical":"https:\/\/radioinfinitagoya.com.ar\/v1\/2026\/01\/31\/el-gobierno-admite-cambios-en-la-reforma-laboral\/","og_locale":"es_ES","og_type":"article","og_title":"El Gobierno admite cambios en la reforma laboral - Radio Infinita Goya","og_description":"Pero aspira a blindar el art\u00edculo que modifica Ganancias El oficialismo se prepara para dar lugar a los pedidos de la oposici\u00f3n en el recinto. Fuerte","og_url":"https:\/\/radioinfinitagoya.com.ar\/v1\/2026\/01\/31\/el-gobierno-admite-cambios-en-la-reforma-laboral\/","og_site_name":"Radio Infinita Goya","article_publisher":"https:\/\/www.facebook.com\/p\/Infinita-Goya-100063870918311\/","article_published_time":"2026-01-31T19:24:46+00:00","article_modified_time":"2026-01-31T19:28:29+00:00","og_image":[{"width":950,"height":533,"url":"https:\/\/radioinfinitagoya.com.ar\/v1\/wp-content\/uploads\/2026\/01\/cf7ab08a-c63d-4463-8dca-36bc8e757de8.jpg","type":"image\/jpeg"}],"author":"Jorge Mi\u00f1o","twitter_card":"summary_large_image","twitter_misc":{"Escrito por":"Jorge Mi\u00f1o","Tiempo de lectura":"4 minutos"},"schema":{"@context":"https:\/\/schema.org","@graph":[{"@type":"Article","@id":"https:\/\/radioinfinitagoya.com.ar\/v1\/2026\/01\/31\/el-gobierno-admite-cambios-en-la-reforma-laboral\/#article","isPartOf":{"@id":"https:\/\/radioinfinitagoya.com.ar\/v1\/2026\/01\/31\/el-gobierno-admite-cambios-en-la-reforma-laboral\/"},"author":{"name":"Jorge Mi\u00f1o","@id":"https:\/\/radioinfinitagoya.com.ar\/v1\/#\/schema\/person\/d4cf9c413d4f6edb24aabdccab49ca4a"},"headline":"El Gobierno admite cambios en la reforma laboral","datePublished":"2026-01-31T19:24:46+00:00","dateModified":"2026-01-31T19:28:29+00:00","mainEntityOfPage":{"@id":"https:\/\/radioinfinitagoya.com.ar\/v1\/2026\/01\/31\/el-gobierno-admite-cambios-en-la-reforma-laboral\/"},"wordCount":820,"commentCount":0,"publisher":{"@id":"https:\/\/radioinfinitagoya.com.ar\/v1\/#organization"},"image":{"@id":"https:\/\/radioinfinitagoya.com.ar\/v1\/2026\/01\/31\/el-gobierno-admite-cambios-en-la-reforma-laboral\/#primaryimage"},"thumbnailUrl":"https:\/\/radioinfinitagoya.com.ar\/v1\/wp-content\/uploads\/2026\/01\/cf7ab08a-c63d-4463-8dca-36bc8e757de8.jpg","articleSection":["DESTACADOS"],"inLanguage":"es-AR","potentialAction":[{"@type":"CommentAction","name":"Comment","target":["https:\/\/radioinfinitagoya.com.ar\/v1\/2026\/01\/31\/el-gobierno-admite-cambios-en-la-reforma-laboral\/#respond"]}]},{"@type":"WebPage","@id":"https:\/\/radioinfinitagoya.com.ar\/v1\/2026\/01\/31\/el-gobierno-admite-cambios-en-la-reforma-laboral\/","url":"https:\/\/radioinfinitagoya.com.ar\/v1\/2026\/01\/31\/el-gobierno-admite-cambios-en-la-reforma-laboral\/","name":"El Gobierno admite cambios en la reforma laboral - Radio Infinita Goya","isPartOf":{"@id":"https:\/\/radioinfinitagoya.com.ar\/v1\/#website"},"primaryImageOfPage":{"@id":"https:\/\/radioinfinitagoya.com.ar\/v1\/2026\/01\/31\/el-gobierno-admite-cambios-en-la-reforma-laboral\/#primaryimage"},"image":{"@id":"https:\/\/radioinfinitagoya.com.ar\/v1\/2026\/01\/31\/el-gobierno-admite-cambios-en-la-reforma-laboral\/#primaryimage"},"thumbnailUrl":"https:\/\/radioinfinitagoya.com.ar\/v1\/wp-content\/uploads\/2026\/01\/cf7ab08a-c63d-4463-8dca-36bc8e757de8.jpg","datePublished":"2026-01-31T19:24:46+00:00","dateModified":"2026-01-31T19:28:29+00:00","description":"Pero aspira a blindar el art\u00edculo que modifica Ganancias El oficialismo se prepara para dar lugar a los pedidos de la oposici\u00f3n en el recinto. Fuerte","breadcrumb":{"@id":"https:\/\/radioinfinitagoya.com.ar\/v1\/2026\/01\/31\/el-gobierno-admite-cambios-en-la-reforma-laboral\/#breadcrumb"},"inLanguage":"es-AR","potentialAction":[{"@type":"ReadAction","target":["https:\/\/radioinfinitagoya.com.ar\/v1\/2026\/01\/31\/el-gobierno-admite-cambios-en-la-reforma-laboral\/"]}]},{"@type":"ImageObject","inLanguage":"es-AR","@id":"https:\/\/radioinfinitagoya.com.ar\/v1\/2026\/01\/31\/el-gobierno-admite-cambios-en-la-reforma-laboral\/#primaryimage","url":"https:\/\/radioinfinitagoya.com.ar\/v1\/wp-content\/uploads\/2026\/01\/cf7ab08a-c63d-4463-8dca-36bc8e757de8.jpg","contentUrl":"https:\/\/radioinfinitagoya.com.ar\/v1\/wp-content\/uploads\/2026\/01\/cf7ab08a-c63d-4463-8dca-36bc8e757de8.jpg","width":950,"height":533},{"@type":"BreadcrumbList","@id":"https:\/\/radioinfinitagoya.com.ar\/v1\/2026\/01\/31\/el-gobierno-admite-cambios-en-la-reforma-laboral\/#breadcrumb","itemListElement":[{"@type":"ListItem","position":1,"name":"Inicio","item":"https:\/\/radioinfinitagoya.com.ar\/v1\/"},{"@type":"ListItem","position":2,"name":"El Gobierno admite cambios en la reforma laboral"}]},{"@type":"WebSite","@id":"https:\/\/radioinfinitagoya.com.ar\/v1\/#website","url":"https:\/\/radioinfinitagoya.com.ar\/v1\/","name":"radioinfinitagoya.com.ar","description":"Radio de noticias","publisher":{"@id":"https:\/\/radioinfinitagoya.com.ar\/v1\/#organization"},"potentialAction":[{"@type":"SearchAction","target":{"@type":"EntryPoint","urlTemplate":"https:\/\/radioinfinitagoya.com.ar\/v1\/?s={search_term_string}"},"query-input":{"@type":"PropertyValueSpecification","valueRequired":true,"valueName":"search_term_string"}}],"inLanguage":"es-AR"},{"@type":"Organization","@id":"https:\/\/radioinfinitagoya.com.ar\/v1\/#organization","name":"Radio Infinita Goya","url":"https:\/\/radioinfinitagoya.com.ar\/v1\/","logo":{"@type":"ImageObject","inLanguage":"es-AR","@id":"https:\/\/radioinfinitagoya.com.ar\/v1\/#\/schema\/logo\/image\/","url":"https:\/\/radioinfinitagoya.com.ar\/v1\/wp-content\/uploads\/2019\/11\/logo-pie-web.png","contentUrl":"https:\/\/radioinfinitagoya.com.ar\/v1\/wp-content\/uploads\/2019\/11\/logo-pie-web.png","width":635,"height":326,"caption":"Radio Infinita Goya"},"image":{"@id":"https:\/\/radioinfinitagoya.com.ar\/v1\/#\/schema\/logo\/image\/"},"sameAs":["https:\/\/www.facebook.com\/p\/Infinita-Goya-100063870918311\/"]},{"@type":"Person","@id":"https:\/\/radioinfinitagoya.com.ar\/v1\/#\/schema\/person\/d4cf9c413d4f6edb24aabdccab49ca4a","name":"Jorge Mi\u00f1o","image":{"@type":"ImageObject","inLanguage":"es-AR","@id":"https:\/\/secure.gravatar.com\/avatar\/910fcf6728fe95320e07a6643c1581fec1c7fc4bf8ae12e3d8f0d0373dc844be?s=96&d=mm&r=g","url":"https:\/\/secure.gravatar.com\/avatar\/910fcf6728fe95320e07a6643c1581fec1c7fc4bf8ae12e3d8f0d0373dc844be?s=96&d=mm&r=g","contentUrl":"https:\/\/secure.gravatar.com\/avatar\/910fcf6728fe95320e07a6643c1581fec1c7fc4bf8ae12e3d8f0d0373dc844be?s=96&d=mm&r=g","caption":"Jorge Mi\u00f1o"},"sameAs":["http:\/\/radioinfinitagoya.com.ar"]}]}},"_links":{"self":[{"href":"https:\/\/radioinfinitagoya.com.ar\/v1\/wp-json\/wp\/v2\/posts\/203902","targetHints":{"allow":["GET"]}}],"collection":[{"href":"https:\/\/radioinfinitagoya.com.ar\/v1\/wp-json\/wp\/v2\/posts"}],"about":[{"href":"https:\/\/radioinfinitagoya.com.ar\/v1\/wp-json\/wp\/v2\/types\/post"}],"author":[{"embeddable":true,"href":"https:\/\/radioinfinitagoya.com.ar\/v1\/wp-json\/wp\/v2\/users\/4"}],"replies":[{"embeddable":true,"href":"https:\/\/radioinfinitagoya.com.ar\/v1\/wp-json\/wp\/v2\/comments?post=203902"}],"version-history":[{"count":0,"href":"https:\/\/radioinfinitagoya.com.ar\/v1\/wp-json\/wp\/v2\/posts\/203902\/revisions"}],"wp:featuredmedia":[{"embeddable":true,"href":"https:\/\/radioinfinitagoya.com.ar\/v1\/wp-json\/wp\/v2\/media\/203903"}],"wp:attachment":[{"href":"https:\/\/radioinfinitagoya.com.ar\/v1\/wp-json\/wp\/v2\/media?parent=203902"}],"wp:term":[{"taxonomy":"category","embeddable":true,"href":"https:\/\/radioinfinitagoya.com.ar\/v1\/wp-json\/wp\/v2\/categories?post=203902"},{"taxonomy":"post_tag","embeddable":true,"href":"https:\/\/radioinfinitagoya.com.ar\/v1\/wp-json\/wp\/v2\/tags?post=203902"}],"curies":[{"name":"wp","href":"https:\/\/api.w.org\/{rel}","templated":true}]}}