{"id":203909,"date":"2026-01-31T16:41:12","date_gmt":"2026-01-31T19:41:12","guid":{"rendered":"https:\/\/radioinfinitagoya.com.ar\/v1\/?p=203909"},"modified":"2026-02-01T16:44:36","modified_gmt":"2026-02-01T19:44:36","slug":"capilla-del-monte-se-prepara-para-un-viaje-al-misterio-en-febrero","status":"publish","type":"post","link":"https:\/\/radioinfinitagoya.com.ar\/v1\/2026\/01\/31\/capilla-del-monte-se-prepara-para-un-viaje-al-misterio-en-febrero\/","title":{"rendered":"Capilla del Monte se prepara para un viaje al misterio en febrero"},"content":{"rendered":"<p>El Festival Alien\u00edgena 2026 y actividades \u00fanicas convierten a la ciudad serrana en un destino lleno de magia y enigmas.<\/p>\n<p>Febrero encuentra a Capilla del Monte con una intensa actividad cultural y tur\u00edstica, marcada por una agenda diversa que tiene como eje central el Festival Alien\u00edgena 2026 (FA26). La propuesta, que se desarrollar\u00e1 del 6 al 15 de este mes, se consolida una vez m\u00e1s como uno de los principales atractivos del verano en el Valle de Punilla.<\/p>\n<p><img loading=\"lazy\" decoding=\"async\" class=\"alignnone size-full wp-image-203911\" src=\"https:\/\/radioinfinitagoya.com.ar\/v1\/wp-content\/uploads\/2026\/01\/T.jpg\" alt=\"\" width=\"2560\" height=\"1706\" srcset=\"https:\/\/radioinfinitagoya.com.ar\/v1\/wp-content\/uploads\/2026\/01\/T.jpg 2560w, https:\/\/radioinfinitagoya.com.ar\/v1\/wp-content\/uploads\/2026\/01\/T-150x100.jpg 150w, https:\/\/radioinfinitagoya.com.ar\/v1\/wp-content\/uploads\/2026\/01\/T-768x512.jpg 768w, https:\/\/radioinfinitagoya.com.ar\/v1\/wp-content\/uploads\/2026\/01\/T-1536x1024.jpg 1536w, https:\/\/radioinfinitagoya.com.ar\/v1\/wp-content\/uploads\/2026\/01\/T-2048x1365.jpg 2048w, https:\/\/radioinfinitagoya.com.ar\/v1\/wp-content\/uploads\/2026\/01\/T-630x420.jpg 630w, https:\/\/radioinfinitagoya.com.ar\/v1\/wp-content\/uploads\/2026\/01\/T-696x464.jpg 696w, https:\/\/radioinfinitagoya.com.ar\/v1\/wp-content\/uploads\/2026\/01\/T-1068x712.jpg 1068w\" sizes=\"auto, (max-width: 2560px) 100vw, 2560px\" \/><\/p>\n<p><img loading=\"lazy\" decoding=\"async\" class=\"alignnone size-full wp-image-203912\" src=\"https:\/\/radioinfinitagoya.com.ar\/v1\/wp-content\/uploads\/2026\/01\/U.jpg\" alt=\"\" width=\"1600\" height=\"1066\" srcset=\"https:\/\/radioinfinitagoya.com.ar\/v1\/wp-content\/uploads\/2026\/01\/U.jpg 1600w, https:\/\/radioinfinitagoya.com.ar\/v1\/wp-content\/uploads\/2026\/01\/U-150x100.jpg 150w, https:\/\/radioinfinitagoya.com.ar\/v1\/wp-content\/uploads\/2026\/01\/U-768x512.jpg 768w, https:\/\/radioinfinitagoya.com.ar\/v1\/wp-content\/uploads\/2026\/01\/U-1536x1023.jpg 1536w, https:\/\/radioinfinitagoya.com.ar\/v1\/wp-content\/uploads\/2026\/01\/U-630x420.jpg 630w, https:\/\/radioinfinitagoya.com.ar\/v1\/wp-content\/uploads\/2026\/01\/U-696x464.jpg 696w, https:\/\/radioinfinitagoya.com.ar\/v1\/wp-content\/uploads\/2026\/01\/U-1068x712.jpg 1068w\" sizes=\"auto, (max-width: 1600px) 100vw, 1600px\" \/><\/p>\n<p>Con una tradici\u00f3n ya arraigada, el Festival Alien\u00edgena convoca cada a\u00f1o a miles de visitantes provenientes de distintos puntos de la provincia de C\u00f3rdoba, de otras regiones del pa\u00eds y del exterior. La propuesta combina la reconocida tem\u00e1tica ovni de la localidad con una celebraci\u00f3n que integra a la comunidad local y a turistas interesados en el misterio y la singular identidad de Capilla del Monte.<\/p>\n<p>La programaci\u00f3n del FA26 incluye desfiles tem\u00e1ticos, la tradicional murga alien\u00edgena, espect\u00e1culos en vivo, ciclos de conferencias con especialistas -entre ellos Ricardo Gonz\u00e1lez-, talleres para la creaci\u00f3n de mu\u00f1ecos alien\u00edgenas, noches de astroturismo y proyecciones de pel\u00edculas vinculadas al g\u00e9nero. Esta variedad de actividades refuerza el car\u00e1cter multidisciplinario del festival y su atractivo para p\u00fablicos de todas las edades.<\/p>\n<p>Como parte de la agenda del programa Veranizate, el Municipio de Capilla del Monte tambi\u00e9n impuls\u00f3 durante enero una serie de eventos gratuitos y al aire libre de gran convocatoria. El renovado Balneario Calabalumba fue sede de las presentaciones de Paquito Oca\u00f1o y Magui Olave, mientras que en el sector de Cinco Esquinas se realizaron el Festival de Tributos al Rock Argentino y el Festival del Humor, con la participaci\u00f3n de la reconocida Do\u00f1a Jovita.<\/p>\n<p><img loading=\"lazy\" decoding=\"async\" class=\"alignnone size-medium wp-image-203913\" src=\"https:\/\/radioinfinitagoya.com.ar\/v1\/wp-content\/uploads\/2026\/01\/V.jpg\" alt=\"\" width=\"1600\" height=\"1200\" srcset=\"https:\/\/radioinfinitagoya.com.ar\/v1\/wp-content\/uploads\/2026\/01\/V.jpg 1600w, https:\/\/radioinfinitagoya.com.ar\/v1\/wp-content\/uploads\/2026\/01\/V-150x113.jpg 150w, https:\/\/radioinfinitagoya.com.ar\/v1\/wp-content\/uploads\/2026\/01\/V-768x576.jpg 768w, https:\/\/radioinfinitagoya.com.ar\/v1\/wp-content\/uploads\/2026\/01\/V-1536x1152.jpg 1536w, https:\/\/radioinfinitagoya.com.ar\/v1\/wp-content\/uploads\/2026\/01\/V-560x420.jpg 560w, https:\/\/radioinfinitagoya.com.ar\/v1\/wp-content\/uploads\/2026\/01\/V-80x60.jpg 80w, https:\/\/radioinfinitagoya.com.ar\/v1\/wp-content\/uploads\/2026\/01\/V-696x522.jpg 696w, https:\/\/radioinfinitagoya.com.ar\/v1\/wp-content\/uploads\/2026\/01\/V-1068x801.jpg 1068w, https:\/\/radioinfinitagoya.com.ar\/v1\/wp-content\/uploads\/2026\/01\/V-265x198.jpg 265w\" sizes=\"auto, (max-width: 1600px) 100vw, 1600px\" \/> <img loading=\"lazy\" decoding=\"async\" class=\"alignnone size-medium wp-image-203914\" src=\"https:\/\/radioinfinitagoya.com.ar\/v1\/wp-content\/uploads\/2026\/01\/W.jpg\" alt=\"\" width=\"1600\" height=\"900\" srcset=\"https:\/\/radioinfinitagoya.com.ar\/v1\/wp-content\/uploads\/2026\/01\/W.jpg 1600w, https:\/\/radioinfinitagoya.com.ar\/v1\/wp-content\/uploads\/2026\/01\/W-150x84.jpg 150w, https:\/\/radioinfinitagoya.com.ar\/v1\/wp-content\/uploads\/2026\/01\/W-768x432.jpg 768w, https:\/\/radioinfinitagoya.com.ar\/v1\/wp-content\/uploads\/2026\/01\/W-1536x864.jpg 1536w, https:\/\/radioinfinitagoya.com.ar\/v1\/wp-content\/uploads\/2026\/01\/W-747x420.jpg 747w, https:\/\/radioinfinitagoya.com.ar\/v1\/wp-content\/uploads\/2026\/01\/W-696x392.jpg 696w, https:\/\/radioinfinitagoya.com.ar\/v1\/wp-content\/uploads\/2026\/01\/W-1068x601.jpg 1068w\" sizes=\"auto, (max-width: 1600px) 100vw, 1600px\" \/><\/p>\n<p>El bienestar, primero.<\/p>\n<p>A estas propuestas se suma una agenda orientada al bienestar y el contacto con la naturaleza, que incluye caminatas matutinas, senderismo al atardecer, yoga restaurativo y clases de zumba, adem\u00e1s de una s\u00f3lida oferta cultural con teatro, m\u00fasica en vivo, exposiciones de arte y las tradicionales Noches de las Casonas.<\/p>\n<p>De este modo, Capilla del Monte afianza su propuesta de temporada, ofreciendo una experiencia integral donde naturaleza, cultura y elementos extraordinarios se combinan para posicionar al destino como una opci\u00f3n destacada para vacacionar.<\/p>\n<p><img loading=\"lazy\" decoding=\"async\" class=\"alignnone size-medium wp-image-203915\" src=\"https:\/\/radioinfinitagoya.com.ar\/v1\/wp-content\/uploads\/2026\/01\/X.jpg\" alt=\"\" width=\"1600\" height=\"1200\" srcset=\"https:\/\/radioinfinitagoya.com.ar\/v1\/wp-content\/uploads\/2026\/01\/X.jpg 1600w, https:\/\/radioinfinitagoya.com.ar\/v1\/wp-content\/uploads\/2026\/01\/X-150x113.jpg 150w, https:\/\/radioinfinitagoya.com.ar\/v1\/wp-content\/uploads\/2026\/01\/X-768x576.jpg 768w, https:\/\/radioinfinitagoya.com.ar\/v1\/wp-content\/uploads\/2026\/01\/X-1536x1152.jpg 1536w, https:\/\/radioinfinitagoya.com.ar\/v1\/wp-content\/uploads\/2026\/01\/X-560x420.jpg 560w, https:\/\/radioinfinitagoya.com.ar\/v1\/wp-content\/uploads\/2026\/01\/X-80x60.jpg 80w, https:\/\/radioinfinitagoya.com.ar\/v1\/wp-content\/uploads\/2026\/01\/X-696x522.jpg 696w, https:\/\/radioinfinitagoya.com.ar\/v1\/wp-content\/uploads\/2026\/01\/X-1068x801.jpg 1068w, https:\/\/radioinfinitagoya.com.ar\/v1\/wp-content\/uploads\/2026\/01\/X-265x198.jpg 265w\" sizes=\"auto, (max-width: 1600px) 100vw, 1600px\" \/> <img loading=\"lazy\" decoding=\"async\" class=\"alignnone size-medium wp-image-203916\" src=\"https:\/\/radioinfinitagoya.com.ar\/v1\/wp-content\/uploads\/2026\/01\/Y-scaled.jpg\" alt=\"\" width=\"2560\" height=\"1920\" srcset=\"https:\/\/radioinfinitagoya.com.ar\/v1\/wp-content\/uploads\/2026\/01\/Y-scaled.jpg 2560w, https:\/\/radioinfinitagoya.com.ar\/v1\/wp-content\/uploads\/2026\/01\/Y-150x113.jpg 150w, https:\/\/radioinfinitagoya.com.ar\/v1\/wp-content\/uploads\/2026\/01\/Y-768x576.jpg 768w, https:\/\/radioinfinitagoya.com.ar\/v1\/wp-content\/uploads\/2026\/01\/Y-1536x1152.jpg 1536w, https:\/\/radioinfinitagoya.com.ar\/v1\/wp-content\/uploads\/2026\/01\/Y-2048x1536.jpg 2048w, https:\/\/radioinfinitagoya.com.ar\/v1\/wp-content\/uploads\/2026\/01\/Y-560x420.jpg 560w, https:\/\/radioinfinitagoya.com.ar\/v1\/wp-content\/uploads\/2026\/01\/Y-80x60.jpg 80w, https:\/\/radioinfinitagoya.com.ar\/v1\/wp-content\/uploads\/2026\/01\/Y-696x522.jpg 696w, https:\/\/radioinfinitagoya.com.ar\/v1\/wp-content\/uploads\/2026\/01\/Y-1068x801.jpg 1068w, https:\/\/radioinfinitagoya.com.ar\/v1\/wp-content\/uploads\/2026\/01\/Y-265x198.jpg 265w\" sizes=\"auto, (max-width: 2560px) 100vw, 2560px\" \/>Por informaci\u00f3n adicional consultar en:<br \/>\nPortal de Noticias Oficial: https:\/\/www.capillaconvos.gob.ar\/<br \/>\nSitio Web de Turismo: https:\/\/turismocapilla.gob.ar\/<br \/>\nEn las redes sociales oficiales:<br \/>\nFacebook: https:\/\/www.facebook.com\/municapilladelmonte y https:\/\/www.facebook.com\/Secretariaturismocapilladelmonte<br \/>\nInstagram: https:\/\/www.instagram.com\/turismocapilla\/ y https:\/\/www.instagram.com\/municapilla\/<br \/>\nO por WhatsApp:<br \/>\nTurismo: 3548 614515<br \/>\nCultura: 3548 582506<\/p>\n<p>&nbsp;<\/p>\n<p><img loading=\"lazy\" decoding=\"async\" class=\"alignnone size-full wp-image-203917\" src=\"https:\/\/radioinfinitagoya.com.ar\/v1\/wp-content\/uploads\/2026\/01\/002-2.jpg\" alt=\"\" width=\"1600\" height=\"1066\" srcset=\"https:\/\/radioinfinitagoya.com.ar\/v1\/wp-content\/uploads\/2026\/01\/002-2.jpg 1600w, https:\/\/radioinfinitagoya.com.ar\/v1\/wp-content\/uploads\/2026\/01\/002-2-150x100.jpg 150w, https:\/\/radioinfinitagoya.com.ar\/v1\/wp-content\/uploads\/2026\/01\/002-2-768x512.jpg 768w, https:\/\/radioinfinitagoya.com.ar\/v1\/wp-content\/uploads\/2026\/01\/002-2-1536x1023.jpg 1536w, https:\/\/radioinfinitagoya.com.ar\/v1\/wp-content\/uploads\/2026\/01\/002-2-630x420.jpg 630w, https:\/\/radioinfinitagoya.com.ar\/v1\/wp-content\/uploads\/2026\/01\/002-2-696x464.jpg 696w, https:\/\/radioinfinitagoya.com.ar\/v1\/wp-content\/uploads\/2026\/01\/002-2-1068x712.jpg 1068w\" sizes=\"auto, (max-width: 1600px) 100vw, 1600px\" \/><\/p>\n","protected":false},"excerpt":{"rendered":"<p>El Festival Alien\u00edgena 2026 y actividades \u00fanicas convierten a la ciudad serrana en un destino lleno de magia y enigmas. Febrero encuentra a Capilla del Monte con una intensa actividad cultural y tur\u00edstica, marcada por una agenda diversa que tiene como eje central el Festival Alien\u00edgena 2026 (FA26). La propuesta, que se desarrollar\u00e1 del 6 [&hellip;]<\/p>\n","protected":false},"author":4,"featured_media":203910,"comment_status":"open","ping_status":"open","sticky":false,"template":"","format":"standard","meta":{"_joinchat":[],"footnotes":""},"categories":[25],"tags":[],"class_list":{"0":"post-203909","1":"post","2":"type-post","3":"status-publish","4":"format-standard","5":"has-post-thumbnail","7":"category-destacados"},"yoast_head":"<!-- This site is optimized with the Yoast SEO plugin v27.2 - https:\/\/yoast.com\/product\/yoast-seo-wordpress\/ -->\n<title>Capilla del Monte se prepara para un viaje al misterio en febrero - Radio Infinita Goya<\/title>\n<meta name=\"description\" content=\"El Festival Alien\u00edgena 2026 y actividades \u00fanicas convierten a la ciudad serrana en un destino lleno de magia y enigmas. Febrero encuentra a Capilla del\" \/>\n<meta name=\"robots\" content=\"index, follow, max-snippet:-1, max-image-preview:large, max-video-preview:-1\" \/>\n<link rel=\"canonical\" href=\"https:\/\/radioinfinitagoya.com.ar\/v1\/2026\/01\/31\/capilla-del-monte-se-prepara-para-un-viaje-al-misterio-en-febrero\/\" \/>\n<meta property=\"og:locale\" content=\"es_ES\" \/>\n<meta property=\"og:type\" content=\"article\" \/>\n<meta property=\"og:title\" content=\"Capilla del Monte se prepara para un viaje al misterio en febrero - Radio Infinita Goya\" \/>\n<meta property=\"og:description\" content=\"El Festival Alien\u00edgena 2026 y actividades \u00fanicas convierten a la ciudad serrana en un destino lleno de magia y enigmas. Febrero encuentra a Capilla del\" \/>\n<meta property=\"og:url\" content=\"https:\/\/radioinfinitagoya.com.ar\/v1\/2026\/01\/31\/capilla-del-monte-se-prepara-para-un-viaje-al-misterio-en-febrero\/\" \/>\n<meta property=\"og:site_name\" content=\"Radio Infinita Goya\" \/>\n<meta property=\"article:publisher\" content=\"https:\/\/www.facebook.com\/p\/Infinita-Goya-100063870918311\/\" \/>\n<meta property=\"article:published_time\" content=\"2026-01-31T19:41:12+00:00\" \/>\n<meta property=\"article:modified_time\" content=\"2026-02-01T19:44:36+00:00\" \/>\n<meta property=\"og:image\" content=\"https:\/\/radioinfinitagoya.com.ar\/v1\/wp-content\/uploads\/2026\/01\/0011-2.jpg\" \/>\n\t<meta property=\"og:image:width\" content=\"939\" \/>\n\t<meta property=\"og:image:height\" content=\"578\" \/>\n\t<meta property=\"og:image:type\" content=\"image\/jpeg\" \/>\n<meta name=\"author\" content=\"Jorge Mi\u00f1o\" \/>\n<meta name=\"twitter:card\" content=\"summary_large_image\" \/>\n<meta name=\"twitter:label1\" content=\"Escrito por\" \/>\n\t<meta name=\"twitter:data1\" content=\"Jorge Mi\u00f1o\" \/>\n\t<meta name=\"twitter:label2\" content=\"Tiempo de lectura\" \/>\n\t<meta name=\"twitter:data2\" content=\"2 minutos\" \/>\n<script type=\"application\/ld+json\" class=\"yoast-schema-graph\">{\"@context\":\"https:\/\/schema.org\",\"@graph\":[{\"@type\":\"Article\",\"@id\":\"https:\/\/radioinfinitagoya.com.ar\/v1\/2026\/01\/31\/capilla-del-monte-se-prepara-para-un-viaje-al-misterio-en-febrero\/#article\",\"isPartOf\":{\"@id\":\"https:\/\/radioinfinitagoya.com.ar\/v1\/2026\/01\/31\/capilla-del-monte-se-prepara-para-un-viaje-al-misterio-en-febrero\/\"},\"author\":{\"name\":\"Jorge Mi\u00f1o\",\"@id\":\"https:\/\/radioinfinitagoya.com.ar\/v1\/#\/schema\/person\/d4cf9c413d4f6edb24aabdccab49ca4a\"},\"headline\":\"Capilla del Monte se prepara para un viaje al misterio en febrero\",\"datePublished\":\"2026-01-31T19:41:12+00:00\",\"dateModified\":\"2026-02-01T19:44:36+00:00\",\"mainEntityOfPage\":{\"@id\":\"https:\/\/radioinfinitagoya.com.ar\/v1\/2026\/01\/31\/capilla-del-monte-se-prepara-para-un-viaje-al-misterio-en-febrero\/\"},\"wordCount\":461,\"commentCount\":0,\"publisher\":{\"@id\":\"https:\/\/radioinfinitagoya.com.ar\/v1\/#organization\"},\"image\":{\"@id\":\"https:\/\/radioinfinitagoya.com.ar\/v1\/2026\/01\/31\/capilla-del-monte-se-prepara-para-un-viaje-al-misterio-en-febrero\/#primaryimage\"},\"thumbnailUrl\":\"https:\/\/radioinfinitagoya.com.ar\/v1\/wp-content\/uploads\/2026\/01\/0011-2.jpg\",\"articleSection\":[\"DESTACADOS\"],\"inLanguage\":\"es-AR\",\"potentialAction\":[{\"@type\":\"CommentAction\",\"name\":\"Comment\",\"target\":[\"https:\/\/radioinfinitagoya.com.ar\/v1\/2026\/01\/31\/capilla-del-monte-se-prepara-para-un-viaje-al-misterio-en-febrero\/#respond\"]}]},{\"@type\":\"WebPage\",\"@id\":\"https:\/\/radioinfinitagoya.com.ar\/v1\/2026\/01\/31\/capilla-del-monte-se-prepara-para-un-viaje-al-misterio-en-febrero\/\",\"url\":\"https:\/\/radioinfinitagoya.com.ar\/v1\/2026\/01\/31\/capilla-del-monte-se-prepara-para-un-viaje-al-misterio-en-febrero\/\",\"name\":\"Capilla del Monte se prepara para un viaje al misterio en febrero - Radio Infinita Goya\",\"isPartOf\":{\"@id\":\"https:\/\/radioinfinitagoya.com.ar\/v1\/#website\"},\"primaryImageOfPage\":{\"@id\":\"https:\/\/radioinfinitagoya.com.ar\/v1\/2026\/01\/31\/capilla-del-monte-se-prepara-para-un-viaje-al-misterio-en-febrero\/#primaryimage\"},\"image\":{\"@id\":\"https:\/\/radioinfinitagoya.com.ar\/v1\/2026\/01\/31\/capilla-del-monte-se-prepara-para-un-viaje-al-misterio-en-febrero\/#primaryimage\"},\"thumbnailUrl\":\"https:\/\/radioinfinitagoya.com.ar\/v1\/wp-content\/uploads\/2026\/01\/0011-2.jpg\",\"datePublished\":\"2026-01-31T19:41:12+00:00\",\"dateModified\":\"2026-02-01T19:44:36+00:00\",\"description\":\"El Festival Alien\u00edgena 2026 y actividades \u00fanicas convierten a la ciudad serrana en un destino lleno de magia y enigmas. Febrero encuentra a Capilla del\",\"breadcrumb\":{\"@id\":\"https:\/\/radioinfinitagoya.com.ar\/v1\/2026\/01\/31\/capilla-del-monte-se-prepara-para-un-viaje-al-misterio-en-febrero\/#breadcrumb\"},\"inLanguage\":\"es-AR\",\"potentialAction\":[{\"@type\":\"ReadAction\",\"target\":[\"https:\/\/radioinfinitagoya.com.ar\/v1\/2026\/01\/31\/capilla-del-monte-se-prepara-para-un-viaje-al-misterio-en-febrero\/\"]}]},{\"@type\":\"ImageObject\",\"inLanguage\":\"es-AR\",\"@id\":\"https:\/\/radioinfinitagoya.com.ar\/v1\/2026\/01\/31\/capilla-del-monte-se-prepara-para-un-viaje-al-misterio-en-febrero\/#primaryimage\",\"url\":\"https:\/\/radioinfinitagoya.com.ar\/v1\/wp-content\/uploads\/2026\/01\/0011-2.jpg\",\"contentUrl\":\"https:\/\/radioinfinitagoya.com.ar\/v1\/wp-content\/uploads\/2026\/01\/0011-2.jpg\",\"width\":939,\"height\":578},{\"@type\":\"BreadcrumbList\",\"@id\":\"https:\/\/radioinfinitagoya.com.ar\/v1\/2026\/01\/31\/capilla-del-monte-se-prepara-para-un-viaje-al-misterio-en-febrero\/#breadcrumb\",\"itemListElement\":[{\"@type\":\"ListItem\",\"position\":1,\"name\":\"Inicio\",\"item\":\"https:\/\/radioinfinitagoya.com.ar\/v1\/\"},{\"@type\":\"ListItem\",\"position\":2,\"name\":\"Capilla del Monte se prepara para un viaje al misterio en febrero\"}]},{\"@type\":\"WebSite\",\"@id\":\"https:\/\/radioinfinitagoya.com.ar\/v1\/#website\",\"url\":\"https:\/\/radioinfinitagoya.com.ar\/v1\/\",\"name\":\"radioinfinitagoya.com.ar\",\"description\":\"Radio de noticias\",\"publisher\":{\"@id\":\"https:\/\/radioinfinitagoya.com.ar\/v1\/#organization\"},\"potentialAction\":[{\"@type\":\"SearchAction\",\"target\":{\"@type\":\"EntryPoint\",\"urlTemplate\":\"https:\/\/radioinfinitagoya.com.ar\/v1\/?s={search_term_string}\"},\"query-input\":{\"@type\":\"PropertyValueSpecification\",\"valueRequired\":true,\"valueName\":\"search_term_string\"}}],\"inLanguage\":\"es-AR\"},{\"@type\":\"Organization\",\"@id\":\"https:\/\/radioinfinitagoya.com.ar\/v1\/#organization\",\"name\":\"Radio Infinita Goya\",\"url\":\"https:\/\/radioinfinitagoya.com.ar\/v1\/\",\"logo\":{\"@type\":\"ImageObject\",\"inLanguage\":\"es-AR\",\"@id\":\"https:\/\/radioinfinitagoya.com.ar\/v1\/#\/schema\/logo\/image\/\",\"url\":\"https:\/\/radioinfinitagoya.com.ar\/v1\/wp-content\/uploads\/2019\/11\/logo-pie-web.png\",\"contentUrl\":\"https:\/\/radioinfinitagoya.com.ar\/v1\/wp-content\/uploads\/2019\/11\/logo-pie-web.png\",\"width\":635,\"height\":326,\"caption\":\"Radio Infinita Goya\"},\"image\":{\"@id\":\"https:\/\/radioinfinitagoya.com.ar\/v1\/#\/schema\/logo\/image\/\"},\"sameAs\":[\"https:\/\/www.facebook.com\/p\/Infinita-Goya-100063870918311\/\"]},{\"@type\":\"Person\",\"@id\":\"https:\/\/radioinfinitagoya.com.ar\/v1\/#\/schema\/person\/d4cf9c413d4f6edb24aabdccab49ca4a\",\"name\":\"Jorge Mi\u00f1o\",\"image\":{\"@type\":\"ImageObject\",\"inLanguage\":\"es-AR\",\"@id\":\"https:\/\/secure.gravatar.com\/avatar\/910fcf6728fe95320e07a6643c1581fec1c7fc4bf8ae12e3d8f0d0373dc844be?s=96&d=mm&r=g\",\"url\":\"https:\/\/secure.gravatar.com\/avatar\/910fcf6728fe95320e07a6643c1581fec1c7fc4bf8ae12e3d8f0d0373dc844be?s=96&d=mm&r=g\",\"contentUrl\":\"https:\/\/secure.gravatar.com\/avatar\/910fcf6728fe95320e07a6643c1581fec1c7fc4bf8ae12e3d8f0d0373dc844be?s=96&d=mm&r=g\",\"caption\":\"Jorge Mi\u00f1o\"},\"sameAs\":[\"http:\/\/radioinfinitagoya.com.ar\"]}]}<\/script>\n<!-- \/ Yoast SEO plugin. -->","yoast_head_json":{"title":"Capilla del Monte se prepara para un viaje al misterio en febrero - Radio Infinita Goya","description":"El Festival Alien\u00edgena 2026 y actividades \u00fanicas convierten a la ciudad serrana en un destino lleno de magia y enigmas. Febrero encuentra a Capilla del","robots":{"index":"index","follow":"follow","max-snippet":"max-snippet:-1","max-image-preview":"max-image-preview:large","max-video-preview":"max-video-preview:-1"},"canonical":"https:\/\/radioinfinitagoya.com.ar\/v1\/2026\/01\/31\/capilla-del-monte-se-prepara-para-un-viaje-al-misterio-en-febrero\/","og_locale":"es_ES","og_type":"article","og_title":"Capilla del Monte se prepara para un viaje al misterio en febrero - Radio Infinita Goya","og_description":"El Festival Alien\u00edgena 2026 y actividades \u00fanicas convierten a la ciudad serrana en un destino lleno de magia y enigmas. Febrero encuentra a Capilla del","og_url":"https:\/\/radioinfinitagoya.com.ar\/v1\/2026\/01\/31\/capilla-del-monte-se-prepara-para-un-viaje-al-misterio-en-febrero\/","og_site_name":"Radio Infinita Goya","article_publisher":"https:\/\/www.facebook.com\/p\/Infinita-Goya-100063870918311\/","article_published_time":"2026-01-31T19:41:12+00:00","article_modified_time":"2026-02-01T19:44:36+00:00","og_image":[{"width":939,"height":578,"url":"https:\/\/radioinfinitagoya.com.ar\/v1\/wp-content\/uploads\/2026\/01\/0011-2.jpg","type":"image\/jpeg"}],"author":"Jorge Mi\u00f1o","twitter_card":"summary_large_image","twitter_misc":{"Escrito por":"Jorge Mi\u00f1o","Tiempo de lectura":"2 minutos"},"schema":{"@context":"https:\/\/schema.org","@graph":[{"@type":"Article","@id":"https:\/\/radioinfinitagoya.com.ar\/v1\/2026\/01\/31\/capilla-del-monte-se-prepara-para-un-viaje-al-misterio-en-febrero\/#article","isPartOf":{"@id":"https:\/\/radioinfinitagoya.com.ar\/v1\/2026\/01\/31\/capilla-del-monte-se-prepara-para-un-viaje-al-misterio-en-febrero\/"},"author":{"name":"Jorge Mi\u00f1o","@id":"https:\/\/radioinfinitagoya.com.ar\/v1\/#\/schema\/person\/d4cf9c413d4f6edb24aabdccab49ca4a"},"headline":"Capilla del Monte se prepara para un viaje al misterio en febrero","datePublished":"2026-01-31T19:41:12+00:00","dateModified":"2026-02-01T19:44:36+00:00","mainEntityOfPage":{"@id":"https:\/\/radioinfinitagoya.com.ar\/v1\/2026\/01\/31\/capilla-del-monte-se-prepara-para-un-viaje-al-misterio-en-febrero\/"},"wordCount":461,"commentCount":0,"publisher":{"@id":"https:\/\/radioinfinitagoya.com.ar\/v1\/#organization"},"image":{"@id":"https:\/\/radioinfinitagoya.com.ar\/v1\/2026\/01\/31\/capilla-del-monte-se-prepara-para-un-viaje-al-misterio-en-febrero\/#primaryimage"},"thumbnailUrl":"https:\/\/radioinfinitagoya.com.ar\/v1\/wp-content\/uploads\/2026\/01\/0011-2.jpg","articleSection":["DESTACADOS"],"inLanguage":"es-AR","potentialAction":[{"@type":"CommentAction","name":"Comment","target":["https:\/\/radioinfinitagoya.com.ar\/v1\/2026\/01\/31\/capilla-del-monte-se-prepara-para-un-viaje-al-misterio-en-febrero\/#respond"]}]},{"@type":"WebPage","@id":"https:\/\/radioinfinitagoya.com.ar\/v1\/2026\/01\/31\/capilla-del-monte-se-prepara-para-un-viaje-al-misterio-en-febrero\/","url":"https:\/\/radioinfinitagoya.com.ar\/v1\/2026\/01\/31\/capilla-del-monte-se-prepara-para-un-viaje-al-misterio-en-febrero\/","name":"Capilla del Monte se prepara para un viaje al misterio en febrero - Radio Infinita Goya","isPartOf":{"@id":"https:\/\/radioinfinitagoya.com.ar\/v1\/#website"},"primaryImageOfPage":{"@id":"https:\/\/radioinfinitagoya.com.ar\/v1\/2026\/01\/31\/capilla-del-monte-se-prepara-para-un-viaje-al-misterio-en-febrero\/#primaryimage"},"image":{"@id":"https:\/\/radioinfinitagoya.com.ar\/v1\/2026\/01\/31\/capilla-del-monte-se-prepara-para-un-viaje-al-misterio-en-febrero\/#primaryimage"},"thumbnailUrl":"https:\/\/radioinfinitagoya.com.ar\/v1\/wp-content\/uploads\/2026\/01\/0011-2.jpg","datePublished":"2026-01-31T19:41:12+00:00","dateModified":"2026-02-01T19:44:36+00:00","description":"El Festival Alien\u00edgena 2026 y actividades \u00fanicas convierten a la ciudad serrana en un destino lleno de magia y enigmas. Febrero encuentra a Capilla del","breadcrumb":{"@id":"https:\/\/radioinfinitagoya.com.ar\/v1\/2026\/01\/31\/capilla-del-monte-se-prepara-para-un-viaje-al-misterio-en-febrero\/#breadcrumb"},"inLanguage":"es-AR","potentialAction":[{"@type":"ReadAction","target":["https:\/\/radioinfinitagoya.com.ar\/v1\/2026\/01\/31\/capilla-del-monte-se-prepara-para-un-viaje-al-misterio-en-febrero\/"]}]},{"@type":"ImageObject","inLanguage":"es-AR","@id":"https:\/\/radioinfinitagoya.com.ar\/v1\/2026\/01\/31\/capilla-del-monte-se-prepara-para-un-viaje-al-misterio-en-febrero\/#primaryimage","url":"https:\/\/radioinfinitagoya.com.ar\/v1\/wp-content\/uploads\/2026\/01\/0011-2.jpg","contentUrl":"https:\/\/radioinfinitagoya.com.ar\/v1\/wp-content\/uploads\/2026\/01\/0011-2.jpg","width":939,"height":578},{"@type":"BreadcrumbList","@id":"https:\/\/radioinfinitagoya.com.ar\/v1\/2026\/01\/31\/capilla-del-monte-se-prepara-para-un-viaje-al-misterio-en-febrero\/#breadcrumb","itemListElement":[{"@type":"ListItem","position":1,"name":"Inicio","item":"https:\/\/radioinfinitagoya.com.ar\/v1\/"},{"@type":"ListItem","position":2,"name":"Capilla del Monte se prepara para un viaje al misterio en febrero"}]},{"@type":"WebSite","@id":"https:\/\/radioinfinitagoya.com.ar\/v1\/#website","url":"https:\/\/radioinfinitagoya.com.ar\/v1\/","name":"radioinfinitagoya.com.ar","description":"Radio de noticias","publisher":{"@id":"https:\/\/radioinfinitagoya.com.ar\/v1\/#organization"},"potentialAction":[{"@type":"SearchAction","target":{"@type":"EntryPoint","urlTemplate":"https:\/\/radioinfinitagoya.com.ar\/v1\/?s={search_term_string}"},"query-input":{"@type":"PropertyValueSpecification","valueRequired":true,"valueName":"search_term_string"}}],"inLanguage":"es-AR"},{"@type":"Organization","@id":"https:\/\/radioinfinitagoya.com.ar\/v1\/#organization","name":"Radio Infinita Goya","url":"https:\/\/radioinfinitagoya.com.ar\/v1\/","logo":{"@type":"ImageObject","inLanguage":"es-AR","@id":"https:\/\/radioinfinitagoya.com.ar\/v1\/#\/schema\/logo\/image\/","url":"https:\/\/radioinfinitagoya.com.ar\/v1\/wp-content\/uploads\/2019\/11\/logo-pie-web.png","contentUrl":"https:\/\/radioinfinitagoya.com.ar\/v1\/wp-content\/uploads\/2019\/11\/logo-pie-web.png","width":635,"height":326,"caption":"Radio Infinita Goya"},"image":{"@id":"https:\/\/radioinfinitagoya.com.ar\/v1\/#\/schema\/logo\/image\/"},"sameAs":["https:\/\/www.facebook.com\/p\/Infinita-Goya-100063870918311\/"]},{"@type":"Person","@id":"https:\/\/radioinfinitagoya.com.ar\/v1\/#\/schema\/person\/d4cf9c413d4f6edb24aabdccab49ca4a","name":"Jorge Mi\u00f1o","image":{"@type":"ImageObject","inLanguage":"es-AR","@id":"https:\/\/secure.gravatar.com\/avatar\/910fcf6728fe95320e07a6643c1581fec1c7fc4bf8ae12e3d8f0d0373dc844be?s=96&d=mm&r=g","url":"https:\/\/secure.gravatar.com\/avatar\/910fcf6728fe95320e07a6643c1581fec1c7fc4bf8ae12e3d8f0d0373dc844be?s=96&d=mm&r=g","contentUrl":"https:\/\/secure.gravatar.com\/avatar\/910fcf6728fe95320e07a6643c1581fec1c7fc4bf8ae12e3d8f0d0373dc844be?s=96&d=mm&r=g","caption":"Jorge Mi\u00f1o"},"sameAs":["http:\/\/radioinfinitagoya.com.ar"]}]}},"_links":{"self":[{"href":"https:\/\/radioinfinitagoya.com.ar\/v1\/wp-json\/wp\/v2\/posts\/203909","targetHints":{"allow":["GET"]}}],"collection":[{"href":"https:\/\/radioinfinitagoya.com.ar\/v1\/wp-json\/wp\/v2\/posts"}],"about":[{"href":"https:\/\/radioinfinitagoya.com.ar\/v1\/wp-json\/wp\/v2\/types\/post"}],"author":[{"embeddable":true,"href":"https:\/\/radioinfinitagoya.com.ar\/v1\/wp-json\/wp\/v2\/users\/4"}],"replies":[{"embeddable":true,"href":"https:\/\/radioinfinitagoya.com.ar\/v1\/wp-json\/wp\/v2\/comments?post=203909"}],"version-history":[{"count":0,"href":"https:\/\/radioinfinitagoya.com.ar\/v1\/wp-json\/wp\/v2\/posts\/203909\/revisions"}],"wp:featuredmedia":[{"embeddable":true,"href":"https:\/\/radioinfinitagoya.com.ar\/v1\/wp-json\/wp\/v2\/media\/203910"}],"wp:attachment":[{"href":"https:\/\/radioinfinitagoya.com.ar\/v1\/wp-json\/wp\/v2\/media?parent=203909"}],"wp:term":[{"taxonomy":"category","embeddable":true,"href":"https:\/\/radioinfinitagoya.com.ar\/v1\/wp-json\/wp\/v2\/categories?post=203909"},{"taxonomy":"post_tag","embeddable":true,"href":"https:\/\/radioinfinitagoya.com.ar\/v1\/wp-json\/wp\/v2\/tags?post=203909"}],"curies":[{"name":"wp","href":"https:\/\/api.w.org\/{rel}","templated":true}]}}