{"id":203950,"date":"2026-02-01T15:21:12","date_gmt":"2026-02-01T18:21:12","guid":{"rendered":"https:\/\/radioinfinitagoya.com.ar\/v1\/?p=203950"},"modified":"2026-02-01T15:21:12","modified_gmt":"2026-02-01T18:21:12","slug":"las-negociaciones-entre-los-gobernadores-y-el-gobierno-se-acercan-a-su-fin","status":"publish","type":"post","link":"https:\/\/radioinfinitagoya.com.ar\/v1\/2026\/02\/01\/las-negociaciones-entre-los-gobernadores-y-el-gobierno-se-acercan-a-su-fin\/","title":{"rendered":"Las negociaciones entre los gobernadores y el Gobierno se acercan a su fin"},"content":{"rendered":"<p>El presidente Javier Milei quiere iniciar un febrero con una agenda cargada en cuanto a reformas que considera esenciales.Camino al inicio de los debates, la presi\u00f3n de los mandatarios provinciales se hace evidente.<\/p>\n<p>El presidente Javier Milei no se resigna a no tener un febrero como viene imaginando, en el que fluyan los tratamientos parlamentarios de la reforma laboral y la baja de la edad de imputabilidad, entre otras prioridades.<\/p>\n<p>A medida que pasan los d\u00edas para llegar al mi\u00e9rcoles 11 de febrero, cuando se debatir\u00eda en el Senado la ley de modernizaci\u00f3n laboral, el reclamo y la presi\u00f3n de los gobernadores se hace m\u00e1s evidente.<\/p>\n<p>Tienen la llave para que ese proyecto se convierta en ley luego de su tratamiento en las dos C\u00e1maras del Congreso y lo quieren hacer valer.<\/p>\n<p>Es cierto que la mayor\u00eda de los consulados por el ministro del Interior, Diego Sanilli, se mostr\u00f3 proclive a facilitar su aprobaci\u00f3n, pero antes quieren que el Gobierno les garantice la compensaci\u00f3n econ\u00f3mica por lo que perder\u00e1n, producto de la baja de impuestos para el sector empresario que son coparticipables.<\/p>\n<p>No son suficientes las promesas, quieren hechos concretos porque saben de la intransigencia de Milei a la hora de modificar el proyecto que tiene dictamen para su tratamiento.<\/p>\n<p>En los \u00faltimos d\u00edas, no solo se lo hicieron saber a Santilli los integrantes del bloque del norte, Gustavo S\u00e1enz (Jujuy), Osvaldo Jaldo (Tucum\u00e1n) y Ra\u00fal Jalil (Tucum\u00e1n). El mensaje es siempre el mismo: \u201cNo queremos seguir resignando fondos\u201d.<\/p>\n<p>Consideran que una reducci\u00f3n del impuesto a las ganancias, sumado a la ca\u00edda del consumo, est\u00e1 provocando da\u00f1os a\u00fan mayores a los que soportan las econom\u00edas provinciales.<\/p>\n<p>Si bien Santilli cumple con su misi\u00f3n de buscar apoyo y contener a los gobernadores, la llave parece estar en manos del ministro de Econom\u00eda, Luis Caputo, en cuanto al atajo que encuentren para compensar la p\u00e9rdida de dinero que fluye, como puede, a las provincias.<\/p>\n<p>La jefa del bloque de senadores oficialistas, Patricia Bullrich, est\u00e1 al frente de las negociaciones en el Congreso y sabe de la urgencia para garantizar los votos, pero tambi\u00e9n que la palabra final para cualquier modificaci\u00f3n ser\u00e1 la de Milei. Por eso sus promesas tienen l\u00edmites.<\/p>\n<p>Bullrich volver\u00e1 a reunirse el pr\u00f3ximo martes con los legisladores aliados y espera tener alguna mayor definici\u00f3n para ellos, m\u00e1s all\u00e1 del \u201cacuerdo bastante consolidado\u201d que dice tener.<\/p>\n<p>Los radicales tienen votos importantes a la hora de lograr el quorum y la aprobaci\u00f3n de la ley y, adem\u00e1s, l\u00ednea directa con sus gobernadores, por eso se trata de atender sus reclamos, aunque con un l\u00edmite que lo impone a Casa Rosada. Quiz\u00e1s por eso Santilli se reuni\u00f3 para acercar posiciones con el gobernador de Corrientes, el radical Juan Pablo Vald\u00e9s.<\/p>\n<p>La relaci\u00f3n con la Naci\u00f3n es tirante y Vald\u00e9s, al igual que Gustavo, su hermano y antecesor en el cargo, no olvidan que Corrientes fue castigada el a\u00f1o pasado a la hora del reparto de los Aportes del Tesoro. Quiz\u00e1s por no votar como esperaba Milei distintas cuestiones que eran prioritarias para su gesti\u00f3n y por ir enfrentados a las elecciones provinciales.<\/p>\n<p>Por lo pronto, la mayor\u00eda de los gobernadores se encontrar\u00e1 esta semana en el Consejo Federal de Inversiones (CFI), que es testigo de los enfrentamientos que tuvieron en el pasado con distintos habitantes de la Casa Rosada.<\/p>\n<p>Por otra parte, el kirchnerismo, el peronismo combativo y la CGT saben que est\u00e1n en inferioridad de condiciones para poder detener la reforma y por eso le prenden una vela a varios gobernadores, aunque desconf\u00edan de su posici\u00f3n final.<\/p>\n<p>Los sindicalistas, que trabajan desde hace tiempo en varias presentaciones ante la Justicia para pedir la inconstitucionalidad de la ley en cuanto se apruebe, est\u00e1n preocupados, adem\u00e1s, por los efectos de la inflaci\u00f3n sobre la muy lenta recuperaci\u00f3n de los salarios.<\/p>\n<p>Milei prometi\u00f3 para el 2025 un nivel de inflaci\u00f3n que no lleg\u00f3 y ahora renov\u00f3 esa promesa para alcanzar un costo de vida de 0 en agosto.<\/p>\n<p>Desde julio y agosto del a\u00f1o pasado, cuando el \u00edndice qued\u00f3 en el 1,9%, la inflaci\u00f3n no dej\u00f3 de moverse en alza, acotada, hasta llegar en diciembre al 2,8%.<\/p>\n<p>Ahora, el Banco Central (BCRA) admite que el proceso de desinflaci\u00f3n \u201cenfrenta riesgos\u201d, entre otras cosas, por factores estacionarios, incertidumbre y la nueva manera de medir la inflaci\u00f3n por parte del Instituto Nacional de Estad\u00edsticas y Censos (INDEC) y el aumento de las tarifas de gas y luz.<\/p>\n<p>De todas formas, el Bcra considera que una vez superados esos obst\u00e1culos la inflaci\u00f3n va a profundizar su tendencia a la baja.<\/p>\n<p>Por las dudas, el gobierno volvi\u00f3 a pisar las negociaciones salariales en el marco de las paritarias, como ocurri\u00f3 en la segunda mitad del a\u00f1o pasado.<\/p>\n<p>Seg\u00fan public\u00f3 Julia D\u2019Arriso en TN, la intenci\u00f3n de la Casa Rosada es que se homologuen aumentos que \u201cen enero ronden el 2%, en febrero el 1,9% y en marzo 1,8%\u201d.<\/p>\n<p>En la pr\u00e1ctica esto significa que solo los gremios m\u00e1s fuertes estar\u00edan en condiciones de forzar acuerdos que permitan una real compensaci\u00f3n frente a la p\u00e9rdida del poder adquisitivo por la suba del costo de vida de los \u00faltimos cuatro meses, siempre y cuando la secretar\u00eda de Trabajo acepte su homologaci\u00f3n.<\/p>\n<p>Esto ya ven\u00eda provocando un nuevo foco de tensi\u00f3n entre la CGT y el gobierno, en el medio de las conversaciones por la reforma laboral.<\/p>\n<p>Los sindicalistas, en su mayor\u00eda, decidieron no romper lanzas con el Gobierno, por lo menos mientras se prepara el tratamiento parlamentario de la reforma. Saben que tienen mucho por perder. Adem\u00e1s, enfrentan la avanzada de los gremialistas que est\u00e1n cerca de Cristina Kirchner.<\/p>\n<p>Abel Furl\u00e1n, de los metal\u00fargicos, es quien viene empujando a algunos pares de la CGT para la realizaci\u00f3n de un paro nacional, en sinton\u00eda con las dos CTA, tambi\u00e9n cercanas al kirchnerismo.<\/p>\n<p>Pero, por ahora, todo es espera y negociaci\u00f3n, de los gobernadores y de la CGT, mientras Milei se muestra intransigente.<\/p>\n","protected":false},"excerpt":{"rendered":"<p>El presidente Javier Milei quiere iniciar un febrero con una agenda cargada en cuanto a reformas que considera esenciales.Camino al inicio de los debates, la presi\u00f3n de los mandatarios provinciales se hace evidente. El presidente Javier Milei no se resigna a no tener un febrero como viene imaginando, en el que fluyan los tratamientos parlamentarios [&hellip;]<\/p>\n","protected":false},"author":4,"featured_media":203951,"comment_status":"open","ping_status":"open","sticky":false,"template":"","format":"standard","meta":{"_joinchat":[],"footnotes":""},"categories":[29],"tags":[],"class_list":{"0":"post-203950","1":"post","2":"type-post","3":"status-publish","4":"format-standard","5":"has-post-thumbnail","7":"category-nacionales"},"yoast_head":"<!-- This site is optimized with the Yoast SEO plugin v27.2 - https:\/\/yoast.com\/product\/yoast-seo-wordpress\/ -->\n<title>Las negociaciones entre los gobernadores y el Gobierno se acercan a su fin - Radio Infinita Goya<\/title>\n<meta name=\"description\" content=\"El presidente Javier Milei quiere iniciar un febrero con una agenda cargada en cuanto a reformas que considera esenciales.Camino al inicio de los debates,\" \/>\n<meta name=\"robots\" content=\"index, follow, max-snippet:-1, max-image-preview:large, max-video-preview:-1\" \/>\n<link rel=\"canonical\" href=\"https:\/\/radioinfinitagoya.com.ar\/v1\/2026\/02\/01\/las-negociaciones-entre-los-gobernadores-y-el-gobierno-se-acercan-a-su-fin\/\" \/>\n<meta property=\"og:locale\" content=\"es_ES\" \/>\n<meta property=\"og:type\" content=\"article\" \/>\n<meta property=\"og:title\" content=\"Las negociaciones entre los gobernadores y el Gobierno se acercan a su fin - Radio Infinita Goya\" \/>\n<meta property=\"og:description\" content=\"El presidente Javier Milei quiere iniciar un febrero con una agenda cargada en cuanto a reformas que considera esenciales.Camino al inicio de los debates,\" \/>\n<meta property=\"og:url\" content=\"https:\/\/radioinfinitagoya.com.ar\/v1\/2026\/02\/01\/las-negociaciones-entre-los-gobernadores-y-el-gobierno-se-acercan-a-su-fin\/\" \/>\n<meta property=\"og:site_name\" content=\"Radio Infinita Goya\" \/>\n<meta property=\"article:publisher\" content=\"https:\/\/www.facebook.com\/p\/Infinita-Goya-100063870918311\/\" \/>\n<meta property=\"article:published_time\" content=\"2026-02-01T18:21:12+00:00\" \/>\n<meta property=\"og:image\" content=\"https:\/\/radioinfinitagoya.com.ar\/v1\/wp-content\/uploads\/2026\/02\/21a23145-5140-499f-9910-97fe4f764e7c.jpg\" \/>\n\t<meta property=\"og:image:width\" content=\"1080\" \/>\n\t<meta property=\"og:image:height\" content=\"597\" \/>\n\t<meta property=\"og:image:type\" content=\"image\/jpeg\" \/>\n<meta name=\"author\" content=\"Jorge Mi\u00f1o\" \/>\n<meta name=\"twitter:card\" content=\"summary_large_image\" \/>\n<meta name=\"twitter:label1\" content=\"Escrito por\" \/>\n\t<meta name=\"twitter:data1\" content=\"Jorge Mi\u00f1o\" \/>\n\t<meta name=\"twitter:label2\" content=\"Tiempo de lectura\" \/>\n\t<meta name=\"twitter:data2\" content=\"5 minutos\" \/>\n<script type=\"application\/ld+json\" class=\"yoast-schema-graph\">{\"@context\":\"https:\/\/schema.org\",\"@graph\":[{\"@type\":\"Article\",\"@id\":\"https:\/\/radioinfinitagoya.com.ar\/v1\/2026\/02\/01\/las-negociaciones-entre-los-gobernadores-y-el-gobierno-se-acercan-a-su-fin\/#article\",\"isPartOf\":{\"@id\":\"https:\/\/radioinfinitagoya.com.ar\/v1\/2026\/02\/01\/las-negociaciones-entre-los-gobernadores-y-el-gobierno-se-acercan-a-su-fin\/\"},\"author\":{\"name\":\"Jorge Mi\u00f1o\",\"@id\":\"https:\/\/radioinfinitagoya.com.ar\/v1\/#\/schema\/person\/d4cf9c413d4f6edb24aabdccab49ca4a\"},\"headline\":\"Las negociaciones entre los gobernadores y el Gobierno se acercan a su fin\",\"datePublished\":\"2026-02-01T18:21:12+00:00\",\"mainEntityOfPage\":{\"@id\":\"https:\/\/radioinfinitagoya.com.ar\/v1\/2026\/02\/01\/las-negociaciones-entre-los-gobernadores-y-el-gobierno-se-acercan-a-su-fin\/\"},\"wordCount\":1079,\"commentCount\":0,\"publisher\":{\"@id\":\"https:\/\/radioinfinitagoya.com.ar\/v1\/#organization\"},\"image\":{\"@id\":\"https:\/\/radioinfinitagoya.com.ar\/v1\/2026\/02\/01\/las-negociaciones-entre-los-gobernadores-y-el-gobierno-se-acercan-a-su-fin\/#primaryimage\"},\"thumbnailUrl\":\"https:\/\/radioinfinitagoya.com.ar\/v1\/wp-content\/uploads\/2026\/02\/21a23145-5140-499f-9910-97fe4f764e7c.jpg\",\"articleSection\":[\"NACIONALES\"],\"inLanguage\":\"es-AR\",\"potentialAction\":[{\"@type\":\"CommentAction\",\"name\":\"Comment\",\"target\":[\"https:\/\/radioinfinitagoya.com.ar\/v1\/2026\/02\/01\/las-negociaciones-entre-los-gobernadores-y-el-gobierno-se-acercan-a-su-fin\/#respond\"]}]},{\"@type\":\"WebPage\",\"@id\":\"https:\/\/radioinfinitagoya.com.ar\/v1\/2026\/02\/01\/las-negociaciones-entre-los-gobernadores-y-el-gobierno-se-acercan-a-su-fin\/\",\"url\":\"https:\/\/radioinfinitagoya.com.ar\/v1\/2026\/02\/01\/las-negociaciones-entre-los-gobernadores-y-el-gobierno-se-acercan-a-su-fin\/\",\"name\":\"Las negociaciones entre los gobernadores y el Gobierno se acercan a su fin - Radio Infinita Goya\",\"isPartOf\":{\"@id\":\"https:\/\/radioinfinitagoya.com.ar\/v1\/#website\"},\"primaryImageOfPage\":{\"@id\":\"https:\/\/radioinfinitagoya.com.ar\/v1\/2026\/02\/01\/las-negociaciones-entre-los-gobernadores-y-el-gobierno-se-acercan-a-su-fin\/#primaryimage\"},\"image\":{\"@id\":\"https:\/\/radioinfinitagoya.com.ar\/v1\/2026\/02\/01\/las-negociaciones-entre-los-gobernadores-y-el-gobierno-se-acercan-a-su-fin\/#primaryimage\"},\"thumbnailUrl\":\"https:\/\/radioinfinitagoya.com.ar\/v1\/wp-content\/uploads\/2026\/02\/21a23145-5140-499f-9910-97fe4f764e7c.jpg\",\"datePublished\":\"2026-02-01T18:21:12+00:00\",\"description\":\"El presidente Javier Milei quiere iniciar un febrero con una agenda cargada en cuanto a reformas que considera esenciales.Camino al inicio de los debates,\",\"breadcrumb\":{\"@id\":\"https:\/\/radioinfinitagoya.com.ar\/v1\/2026\/02\/01\/las-negociaciones-entre-los-gobernadores-y-el-gobierno-se-acercan-a-su-fin\/#breadcrumb\"},\"inLanguage\":\"es-AR\",\"potentialAction\":[{\"@type\":\"ReadAction\",\"target\":[\"https:\/\/radioinfinitagoya.com.ar\/v1\/2026\/02\/01\/las-negociaciones-entre-los-gobernadores-y-el-gobierno-se-acercan-a-su-fin\/\"]}]},{\"@type\":\"ImageObject\",\"inLanguage\":\"es-AR\",\"@id\":\"https:\/\/radioinfinitagoya.com.ar\/v1\/2026\/02\/01\/las-negociaciones-entre-los-gobernadores-y-el-gobierno-se-acercan-a-su-fin\/#primaryimage\",\"url\":\"https:\/\/radioinfinitagoya.com.ar\/v1\/wp-content\/uploads\/2026\/02\/21a23145-5140-499f-9910-97fe4f764e7c.jpg\",\"contentUrl\":\"https:\/\/radioinfinitagoya.com.ar\/v1\/wp-content\/uploads\/2026\/02\/21a23145-5140-499f-9910-97fe4f764e7c.jpg\",\"width\":1080,\"height\":597},{\"@type\":\"BreadcrumbList\",\"@id\":\"https:\/\/radioinfinitagoya.com.ar\/v1\/2026\/02\/01\/las-negociaciones-entre-los-gobernadores-y-el-gobierno-se-acercan-a-su-fin\/#breadcrumb\",\"itemListElement\":[{\"@type\":\"ListItem\",\"position\":1,\"name\":\"Inicio\",\"item\":\"https:\/\/radioinfinitagoya.com.ar\/v1\/\"},{\"@type\":\"ListItem\",\"position\":2,\"name\":\"Las negociaciones entre los gobernadores y el Gobierno se acercan a su fin\"}]},{\"@type\":\"WebSite\",\"@id\":\"https:\/\/radioinfinitagoya.com.ar\/v1\/#website\",\"url\":\"https:\/\/radioinfinitagoya.com.ar\/v1\/\",\"name\":\"radioinfinitagoya.com.ar\",\"description\":\"Radio de noticias\",\"publisher\":{\"@id\":\"https:\/\/radioinfinitagoya.com.ar\/v1\/#organization\"},\"potentialAction\":[{\"@type\":\"SearchAction\",\"target\":{\"@type\":\"EntryPoint\",\"urlTemplate\":\"https:\/\/radioinfinitagoya.com.ar\/v1\/?s={search_term_string}\"},\"query-input\":{\"@type\":\"PropertyValueSpecification\",\"valueRequired\":true,\"valueName\":\"search_term_string\"}}],\"inLanguage\":\"es-AR\"},{\"@type\":\"Organization\",\"@id\":\"https:\/\/radioinfinitagoya.com.ar\/v1\/#organization\",\"name\":\"Radio Infinita Goya\",\"url\":\"https:\/\/radioinfinitagoya.com.ar\/v1\/\",\"logo\":{\"@type\":\"ImageObject\",\"inLanguage\":\"es-AR\",\"@id\":\"https:\/\/radioinfinitagoya.com.ar\/v1\/#\/schema\/logo\/image\/\",\"url\":\"https:\/\/radioinfinitagoya.com.ar\/v1\/wp-content\/uploads\/2019\/11\/logo-pie-web.png\",\"contentUrl\":\"https:\/\/radioinfinitagoya.com.ar\/v1\/wp-content\/uploads\/2019\/11\/logo-pie-web.png\",\"width\":635,\"height\":326,\"caption\":\"Radio Infinita Goya\"},\"image\":{\"@id\":\"https:\/\/radioinfinitagoya.com.ar\/v1\/#\/schema\/logo\/image\/\"},\"sameAs\":[\"https:\/\/www.facebook.com\/p\/Infinita-Goya-100063870918311\/\"]},{\"@type\":\"Person\",\"@id\":\"https:\/\/radioinfinitagoya.com.ar\/v1\/#\/schema\/person\/d4cf9c413d4f6edb24aabdccab49ca4a\",\"name\":\"Jorge Mi\u00f1o\",\"image\":{\"@type\":\"ImageObject\",\"inLanguage\":\"es-AR\",\"@id\":\"https:\/\/secure.gravatar.com\/avatar\/910fcf6728fe95320e07a6643c1581fec1c7fc4bf8ae12e3d8f0d0373dc844be?s=96&d=mm&r=g\",\"url\":\"https:\/\/secure.gravatar.com\/avatar\/910fcf6728fe95320e07a6643c1581fec1c7fc4bf8ae12e3d8f0d0373dc844be?s=96&d=mm&r=g\",\"contentUrl\":\"https:\/\/secure.gravatar.com\/avatar\/910fcf6728fe95320e07a6643c1581fec1c7fc4bf8ae12e3d8f0d0373dc844be?s=96&d=mm&r=g\",\"caption\":\"Jorge Mi\u00f1o\"},\"sameAs\":[\"http:\/\/radioinfinitagoya.com.ar\"]}]}<\/script>\n<!-- \/ Yoast SEO plugin. -->","yoast_head_json":{"title":"Las negociaciones entre los gobernadores y el Gobierno se acercan a su fin - Radio Infinita Goya","description":"El presidente Javier Milei quiere iniciar un febrero con una agenda cargada en cuanto a reformas que considera esenciales.Camino al inicio de los debates,","robots":{"index":"index","follow":"follow","max-snippet":"max-snippet:-1","max-image-preview":"max-image-preview:large","max-video-preview":"max-video-preview:-1"},"canonical":"https:\/\/radioinfinitagoya.com.ar\/v1\/2026\/02\/01\/las-negociaciones-entre-los-gobernadores-y-el-gobierno-se-acercan-a-su-fin\/","og_locale":"es_ES","og_type":"article","og_title":"Las negociaciones entre los gobernadores y el Gobierno se acercan a su fin - Radio Infinita Goya","og_description":"El presidente Javier Milei quiere iniciar un febrero con una agenda cargada en cuanto a reformas que considera esenciales.Camino al inicio de los debates,","og_url":"https:\/\/radioinfinitagoya.com.ar\/v1\/2026\/02\/01\/las-negociaciones-entre-los-gobernadores-y-el-gobierno-se-acercan-a-su-fin\/","og_site_name":"Radio Infinita Goya","article_publisher":"https:\/\/www.facebook.com\/p\/Infinita-Goya-100063870918311\/","article_published_time":"2026-02-01T18:21:12+00:00","og_image":[{"width":1080,"height":597,"url":"https:\/\/radioinfinitagoya.com.ar\/v1\/wp-content\/uploads\/2026\/02\/21a23145-5140-499f-9910-97fe4f764e7c.jpg","type":"image\/jpeg"}],"author":"Jorge Mi\u00f1o","twitter_card":"summary_large_image","twitter_misc":{"Escrito por":"Jorge Mi\u00f1o","Tiempo de lectura":"5 minutos"},"schema":{"@context":"https:\/\/schema.org","@graph":[{"@type":"Article","@id":"https:\/\/radioinfinitagoya.com.ar\/v1\/2026\/02\/01\/las-negociaciones-entre-los-gobernadores-y-el-gobierno-se-acercan-a-su-fin\/#article","isPartOf":{"@id":"https:\/\/radioinfinitagoya.com.ar\/v1\/2026\/02\/01\/las-negociaciones-entre-los-gobernadores-y-el-gobierno-se-acercan-a-su-fin\/"},"author":{"name":"Jorge Mi\u00f1o","@id":"https:\/\/radioinfinitagoya.com.ar\/v1\/#\/schema\/person\/d4cf9c413d4f6edb24aabdccab49ca4a"},"headline":"Las negociaciones entre los gobernadores y el Gobierno se acercan a su fin","datePublished":"2026-02-01T18:21:12+00:00","mainEntityOfPage":{"@id":"https:\/\/radioinfinitagoya.com.ar\/v1\/2026\/02\/01\/las-negociaciones-entre-los-gobernadores-y-el-gobierno-se-acercan-a-su-fin\/"},"wordCount":1079,"commentCount":0,"publisher":{"@id":"https:\/\/radioinfinitagoya.com.ar\/v1\/#organization"},"image":{"@id":"https:\/\/radioinfinitagoya.com.ar\/v1\/2026\/02\/01\/las-negociaciones-entre-los-gobernadores-y-el-gobierno-se-acercan-a-su-fin\/#primaryimage"},"thumbnailUrl":"https:\/\/radioinfinitagoya.com.ar\/v1\/wp-content\/uploads\/2026\/02\/21a23145-5140-499f-9910-97fe4f764e7c.jpg","articleSection":["NACIONALES"],"inLanguage":"es-AR","potentialAction":[{"@type":"CommentAction","name":"Comment","target":["https:\/\/radioinfinitagoya.com.ar\/v1\/2026\/02\/01\/las-negociaciones-entre-los-gobernadores-y-el-gobierno-se-acercan-a-su-fin\/#respond"]}]},{"@type":"WebPage","@id":"https:\/\/radioinfinitagoya.com.ar\/v1\/2026\/02\/01\/las-negociaciones-entre-los-gobernadores-y-el-gobierno-se-acercan-a-su-fin\/","url":"https:\/\/radioinfinitagoya.com.ar\/v1\/2026\/02\/01\/las-negociaciones-entre-los-gobernadores-y-el-gobierno-se-acercan-a-su-fin\/","name":"Las negociaciones entre los gobernadores y el Gobierno se acercan a su fin - Radio Infinita Goya","isPartOf":{"@id":"https:\/\/radioinfinitagoya.com.ar\/v1\/#website"},"primaryImageOfPage":{"@id":"https:\/\/radioinfinitagoya.com.ar\/v1\/2026\/02\/01\/las-negociaciones-entre-los-gobernadores-y-el-gobierno-se-acercan-a-su-fin\/#primaryimage"},"image":{"@id":"https:\/\/radioinfinitagoya.com.ar\/v1\/2026\/02\/01\/las-negociaciones-entre-los-gobernadores-y-el-gobierno-se-acercan-a-su-fin\/#primaryimage"},"thumbnailUrl":"https:\/\/radioinfinitagoya.com.ar\/v1\/wp-content\/uploads\/2026\/02\/21a23145-5140-499f-9910-97fe4f764e7c.jpg","datePublished":"2026-02-01T18:21:12+00:00","description":"El presidente Javier Milei quiere iniciar un febrero con una agenda cargada en cuanto a reformas que considera esenciales.Camino al inicio de los debates,","breadcrumb":{"@id":"https:\/\/radioinfinitagoya.com.ar\/v1\/2026\/02\/01\/las-negociaciones-entre-los-gobernadores-y-el-gobierno-se-acercan-a-su-fin\/#breadcrumb"},"inLanguage":"es-AR","potentialAction":[{"@type":"ReadAction","target":["https:\/\/radioinfinitagoya.com.ar\/v1\/2026\/02\/01\/las-negociaciones-entre-los-gobernadores-y-el-gobierno-se-acercan-a-su-fin\/"]}]},{"@type":"ImageObject","inLanguage":"es-AR","@id":"https:\/\/radioinfinitagoya.com.ar\/v1\/2026\/02\/01\/las-negociaciones-entre-los-gobernadores-y-el-gobierno-se-acercan-a-su-fin\/#primaryimage","url":"https:\/\/radioinfinitagoya.com.ar\/v1\/wp-content\/uploads\/2026\/02\/21a23145-5140-499f-9910-97fe4f764e7c.jpg","contentUrl":"https:\/\/radioinfinitagoya.com.ar\/v1\/wp-content\/uploads\/2026\/02\/21a23145-5140-499f-9910-97fe4f764e7c.jpg","width":1080,"height":597},{"@type":"BreadcrumbList","@id":"https:\/\/radioinfinitagoya.com.ar\/v1\/2026\/02\/01\/las-negociaciones-entre-los-gobernadores-y-el-gobierno-se-acercan-a-su-fin\/#breadcrumb","itemListElement":[{"@type":"ListItem","position":1,"name":"Inicio","item":"https:\/\/radioinfinitagoya.com.ar\/v1\/"},{"@type":"ListItem","position":2,"name":"Las negociaciones entre los gobernadores y el Gobierno se acercan a su fin"}]},{"@type":"WebSite","@id":"https:\/\/radioinfinitagoya.com.ar\/v1\/#website","url":"https:\/\/radioinfinitagoya.com.ar\/v1\/","name":"radioinfinitagoya.com.ar","description":"Radio de noticias","publisher":{"@id":"https:\/\/radioinfinitagoya.com.ar\/v1\/#organization"},"potentialAction":[{"@type":"SearchAction","target":{"@type":"EntryPoint","urlTemplate":"https:\/\/radioinfinitagoya.com.ar\/v1\/?s={search_term_string}"},"query-input":{"@type":"PropertyValueSpecification","valueRequired":true,"valueName":"search_term_string"}}],"inLanguage":"es-AR"},{"@type":"Organization","@id":"https:\/\/radioinfinitagoya.com.ar\/v1\/#organization","name":"Radio Infinita Goya","url":"https:\/\/radioinfinitagoya.com.ar\/v1\/","logo":{"@type":"ImageObject","inLanguage":"es-AR","@id":"https:\/\/radioinfinitagoya.com.ar\/v1\/#\/schema\/logo\/image\/","url":"https:\/\/radioinfinitagoya.com.ar\/v1\/wp-content\/uploads\/2019\/11\/logo-pie-web.png","contentUrl":"https:\/\/radioinfinitagoya.com.ar\/v1\/wp-content\/uploads\/2019\/11\/logo-pie-web.png","width":635,"height":326,"caption":"Radio Infinita Goya"},"image":{"@id":"https:\/\/radioinfinitagoya.com.ar\/v1\/#\/schema\/logo\/image\/"},"sameAs":["https:\/\/www.facebook.com\/p\/Infinita-Goya-100063870918311\/"]},{"@type":"Person","@id":"https:\/\/radioinfinitagoya.com.ar\/v1\/#\/schema\/person\/d4cf9c413d4f6edb24aabdccab49ca4a","name":"Jorge Mi\u00f1o","image":{"@type":"ImageObject","inLanguage":"es-AR","@id":"https:\/\/secure.gravatar.com\/avatar\/910fcf6728fe95320e07a6643c1581fec1c7fc4bf8ae12e3d8f0d0373dc844be?s=96&d=mm&r=g","url":"https:\/\/secure.gravatar.com\/avatar\/910fcf6728fe95320e07a6643c1581fec1c7fc4bf8ae12e3d8f0d0373dc844be?s=96&d=mm&r=g","contentUrl":"https:\/\/secure.gravatar.com\/avatar\/910fcf6728fe95320e07a6643c1581fec1c7fc4bf8ae12e3d8f0d0373dc844be?s=96&d=mm&r=g","caption":"Jorge Mi\u00f1o"},"sameAs":["http:\/\/radioinfinitagoya.com.ar"]}]}},"_links":{"self":[{"href":"https:\/\/radioinfinitagoya.com.ar\/v1\/wp-json\/wp\/v2\/posts\/203950","targetHints":{"allow":["GET"]}}],"collection":[{"href":"https:\/\/radioinfinitagoya.com.ar\/v1\/wp-json\/wp\/v2\/posts"}],"about":[{"href":"https:\/\/radioinfinitagoya.com.ar\/v1\/wp-json\/wp\/v2\/types\/post"}],"author":[{"embeddable":true,"href":"https:\/\/radioinfinitagoya.com.ar\/v1\/wp-json\/wp\/v2\/users\/4"}],"replies":[{"embeddable":true,"href":"https:\/\/radioinfinitagoya.com.ar\/v1\/wp-json\/wp\/v2\/comments?post=203950"}],"version-history":[{"count":0,"href":"https:\/\/radioinfinitagoya.com.ar\/v1\/wp-json\/wp\/v2\/posts\/203950\/revisions"}],"wp:featuredmedia":[{"embeddable":true,"href":"https:\/\/radioinfinitagoya.com.ar\/v1\/wp-json\/wp\/v2\/media\/203951"}],"wp:attachment":[{"href":"https:\/\/radioinfinitagoya.com.ar\/v1\/wp-json\/wp\/v2\/media?parent=203950"}],"wp:term":[{"taxonomy":"category","embeddable":true,"href":"https:\/\/radioinfinitagoya.com.ar\/v1\/wp-json\/wp\/v2\/categories?post=203950"},{"taxonomy":"post_tag","embeddable":true,"href":"https:\/\/radioinfinitagoya.com.ar\/v1\/wp-json\/wp\/v2\/tags?post=203950"}],"curies":[{"name":"wp","href":"https:\/\/api.w.org\/{rel}","templated":true}]}}