{"id":203953,"date":"2026-02-01T15:26:53","date_gmt":"2026-02-01T18:26:53","guid":{"rendered":"https:\/\/radioinfinitagoya.com.ar\/v1\/?p=203953"},"modified":"2026-02-01T15:26:53","modified_gmt":"2026-02-01T18:26:53","slug":"la-iglesia-catolica-se-opuso-a-la-baja-en-la-edad-de-imputabilidad","status":"publish","type":"post","link":"https:\/\/radioinfinitagoya.com.ar\/v1\/2026\/02\/01\/la-iglesia-catolica-se-opuso-a-la-baja-en-la-edad-de-imputabilidad\/","title":{"rendered":"La Iglesia Cat\u00f3lica se opuso a la baja en la edad de imputabilidad"},"content":{"rendered":"<p>La Comisi\u00f3n de Pastoral Social reiter\u00f3 la oposici\u00f3n, pidiendo considerar la complejidad del tema y exigiendo \u201cgrandeza pol\u00edtica\u201d. En su comunicado la comisi\u00f3n dijo que el tema &#8220;requiere un abordaje integral, profundo y a largo plazo&#8221;.<\/p>\n<p>Frente a la decisi\u00f3n del Gobierno de incorporar a la agenda de sesiones extraordinarias del Congreso la propuesta de reforma del c\u00f3digo penal juvenil y la baja de edad de imputabilidad, la Comisi\u00f3n de Pastoral Social reiter\u00f3 la oposici\u00f3n, pidiendo considerar la complejidad del tema y exigiendo \u201cgrandeza pol\u00edtica\u201d.<\/p>\n<p>La determinaci\u00f3n del Ejecutivo de incorporar el proyecto en la agenda legislativa gener\u00f3 que la Iglesia Cat\u00f3lica, a trav\u00e9s de la Comisi\u00f3n Episcopal de Pastoral Social, reiterara su oposici\u00f3n a la medida volviendo a poner sobre la mesa un documento titulado \u201cM\u00e1s oportunidades que penas\u201d, difundido en marzo de 2025.<\/p>\n<p>En una de sus partes m\u00e1s sustanciales dicho documento sostiene que \u201ces una idealizaci\u00f3n creer que la soluci\u00f3n de la inseguridad es bajar la edad de imputabilidad y no considerar sus causas\u201d. Porque, se agrega, \u201cla soluci\u00f3n de fondo es mucho m\u00e1s compleja que bajar la edad de imputabilidad, requiere un abordaje integral, profundo y a largo plazo\u201d para el que \u201ces necesaria la grandeza pol\u00edtica\u201d.<\/p>\n<p>Los obispos cat\u00f3licos argentinos se han venido oponiendo de manera contin\u00faa a las iniciativas de ley que apuntan a la reducci\u00f3n de la edad imputabilidad afirmando, entre otros motivos y bas\u00e1ndose en estad\u00edsticas oficiales, que \u201clos menores no son los que m\u00e1s delitos cometen\u201d, admitiendo sin embargo que los hechos de \u201cviolencia extrema\u201d que generan \u201csituaciones dolorosas\u201d hacen que se fortalezcan \u201clas propuestas que hacen foco en los menores, como si fueran los \u00fanicos y los num\u00e9ricamente m\u00e1s responsables de los delitos\u201d.<\/p>\n<p>En aquel documento, los obispos de Pastoral Social recordaron que \u201cla sociedad argentina viene padeciendo las consecuencias de administraciones pol\u00edticas que no han sido capaces de crear una cultura del trabajo que incluyera a todos los habitantes y que permita a todas las familias del pa\u00eds vivir con dignidad y procurarse los bienes necesarios para un aut\u00e9ntico desarrollo humano, laboral, social, econ\u00f3mico y psicoactivo\u201d lo que ha provocado \u201cinnumerables problemas entre los que se encuentra la inseguridad y la delincuencia juvenil\u201d.<\/p>\n<p>Resulta muy sintom\u00e1tico que de manera casi autom\u00e1tica la Conferencia Episcopal haya optado por reiterar en forma completa las afirmaciones que hizo casi un a\u00f1o atr\u00e1s sobre el mismo tema, ratificando as\u00ed su posici\u00f3n y obviando nuevas declaraciones. Poco despu\u00e9s de que el Gobierno anunciara la decisi\u00f3n de sumar el tema a la agenda de las sesiones legislativas extraordinarias el documento apareci\u00f3 reinstalado en la apertura de la p\u00e1gina oficial del episcopado.<\/p>\n<p>Para las autoridades de la Iglesia Cat\u00f3lica, detr\u00e1s de la problem\u00e1tica que atraviesa a los j\u00f3venes en la actualidad hay narcotr\u00e1fico, consumo de drogas y falta de oportunidades. En el texto se sostiene que las drogas est\u00e1n destruyendo a los j\u00f3venes y \u201cel consumo es una de las principales causas de la violencia\u201d.<\/p>\n<p>En el an\u00e1lisis se agrega que \u201cla droga sigue penetrando f\u00e1cilmente en nuestros barrios y pueblos\u201d y que \u201csi miramos la realidad, el narcotr\u00e1fico en nuestro pa\u00eds, desde hace d\u00e9cadas, viene ganando territorio y ampliando sus negocios dejando tiradas y destruidas un mont\u00f3n de vidas y familias, particularmente j\u00f3venes\u201d.<\/p>\n<p>Tambi\u00e9n hay argumentos de tipo social. Se sostiene que muchos j\u00f3venes \u201ccrecen sin oportunidades de una buena educaci\u00f3n o de una necesaria formaci\u00f3n laboral, o de contenci\u00f3n familiar o social\u201d por lo que es imprescindible comprender que es necesario promover \u201cuna cultura del cuidado\u201d que \u201cgarantice las condiciones para el desarrollo integral y pleno de cada persona\u201d.<\/p>\n<p>Adem\u00e1s del contacto directo que los ministros de la iglesia y los miembros de la comunidad cat\u00f3lica mantienen en barrios y pueblos de todo el pa\u00eds, los obispos vienen haciendo consultas permanentes con expertos en temas sociales y juveniles. En base a ello proponen que \u201ces necesario ofrecer un verdadero proyecto de vida para nuestros adolescentes y j\u00f3venes\u201d que \u201ctengan motivos para so\u00f1ar y para creer que es posible un futuro con esperanza, y una salida que no sea \u2018Ezeiza\u2019, las drogas, las armas o el cementerio\u201d.<\/p>\n<p>Por eso los obispos siguen reclamando \u201cun debate serio, un compromiso profundo y la grandeza de pensar pol\u00edticas p\u00fablicas a largo plazo y no solo medidas que pueden sonar bien en periodos electorales, pero que se quedan muy cortas\u201d.<\/p>\n<p>Y agregan que para ello \u201cimprescindible vencer todo tipo de indiferencia, superar la cultura del descarte y llenar con propuestas superadoras el vac\u00edo que dejamos cuando evadimos nuestras responsabilidades como adultos\u201d.<\/p>\n<p>El documento finaliza afirmando que \u201cson tantos los adolescentes y j\u00f3venes que nos inspiran esperanza y nos permiten creer que un futuro mejor es realmente posible si somos capaces de pensar en grande y de caminar juntos\u201d.<\/p>\n","protected":false},"excerpt":{"rendered":"<p>La Comisi\u00f3n de Pastoral Social reiter\u00f3 la oposici\u00f3n, pidiendo considerar la complejidad del tema y exigiendo \u201cgrandeza pol\u00edtica\u201d. En su comunicado la comisi\u00f3n dijo que el tema &#8220;requiere un abordaje integral, profundo y a largo plazo&#8221;. Frente a la decisi\u00f3n del Gobierno de incorporar a la agenda de sesiones extraordinarias del Congreso la propuesta de [&hellip;]<\/p>\n","protected":false},"author":4,"featured_media":203954,"comment_status":"open","ping_status":"open","sticky":false,"template":"","format":"standard","meta":{"_joinchat":[],"footnotes":""},"categories":[29],"tags":[],"class_list":{"0":"post-203953","1":"post","2":"type-post","3":"status-publish","4":"format-standard","5":"has-post-thumbnail","7":"category-nacionales"},"yoast_head":"<!-- This site is optimized with the Yoast SEO plugin v27.2 - https:\/\/yoast.com\/product\/yoast-seo-wordpress\/ -->\n<title>La Iglesia Cat\u00f3lica se opuso a la baja en la edad de imputabilidad - Radio Infinita Goya<\/title>\n<meta name=\"description\" content=\"La Comisi\u00f3n de Pastoral Social reiter\u00f3 la oposici\u00f3n, pidiendo considerar la complejidad del tema y exigiendo \u201cgrandeza pol\u00edtica\u201d. En su comunicado la\" \/>\n<meta name=\"robots\" content=\"index, follow, max-snippet:-1, max-image-preview:large, max-video-preview:-1\" \/>\n<link rel=\"canonical\" href=\"https:\/\/radioinfinitagoya.com.ar\/v1\/2026\/02\/01\/la-iglesia-catolica-se-opuso-a-la-baja-en-la-edad-de-imputabilidad\/\" \/>\n<meta property=\"og:locale\" content=\"es_ES\" \/>\n<meta property=\"og:type\" content=\"article\" \/>\n<meta property=\"og:title\" content=\"La Iglesia Cat\u00f3lica se opuso a la baja en la edad de imputabilidad - Radio Infinita Goya\" \/>\n<meta property=\"og:description\" content=\"La Comisi\u00f3n de Pastoral Social reiter\u00f3 la oposici\u00f3n, pidiendo considerar la complejidad del tema y exigiendo \u201cgrandeza pol\u00edtica\u201d. En su comunicado la\" \/>\n<meta property=\"og:url\" content=\"https:\/\/radioinfinitagoya.com.ar\/v1\/2026\/02\/01\/la-iglesia-catolica-se-opuso-a-la-baja-en-la-edad-de-imputabilidad\/\" \/>\n<meta property=\"og:site_name\" content=\"Radio Infinita Goya\" \/>\n<meta property=\"article:publisher\" content=\"https:\/\/www.facebook.com\/p\/Infinita-Goya-100063870918311\/\" \/>\n<meta property=\"article:published_time\" content=\"2026-02-01T18:26:53+00:00\" \/>\n<meta property=\"og:image\" content=\"https:\/\/radioinfinitagoya.com.ar\/v1\/wp-content\/uploads\/2026\/02\/Z9.jpg\" \/>\n\t<meta property=\"og:image:width\" content=\"1080\" \/>\n\t<meta property=\"og:image:height\" content=\"695\" \/>\n\t<meta property=\"og:image:type\" content=\"image\/jpeg\" \/>\n<meta name=\"author\" content=\"Jorge Mi\u00f1o\" \/>\n<meta name=\"twitter:card\" content=\"summary_large_image\" \/>\n<meta name=\"twitter:label1\" content=\"Escrito por\" \/>\n\t<meta name=\"twitter:data1\" content=\"Jorge Mi\u00f1o\" \/>\n\t<meta name=\"twitter:label2\" content=\"Tiempo de lectura\" \/>\n\t<meta name=\"twitter:data2\" content=\"4 minutos\" \/>\n<script type=\"application\/ld+json\" class=\"yoast-schema-graph\">{\"@context\":\"https:\/\/schema.org\",\"@graph\":[{\"@type\":\"Article\",\"@id\":\"https:\/\/radioinfinitagoya.com.ar\/v1\/2026\/02\/01\/la-iglesia-catolica-se-opuso-a-la-baja-en-la-edad-de-imputabilidad\/#article\",\"isPartOf\":{\"@id\":\"https:\/\/radioinfinitagoya.com.ar\/v1\/2026\/02\/01\/la-iglesia-catolica-se-opuso-a-la-baja-en-la-edad-de-imputabilidad\/\"},\"author\":{\"name\":\"Jorge Mi\u00f1o\",\"@id\":\"https:\/\/radioinfinitagoya.com.ar\/v1\/#\/schema\/person\/d4cf9c413d4f6edb24aabdccab49ca4a\"},\"headline\":\"La Iglesia Cat\u00f3lica se opuso a la baja en la edad de imputabilidad\",\"datePublished\":\"2026-02-01T18:26:53+00:00\",\"mainEntityOfPage\":{\"@id\":\"https:\/\/radioinfinitagoya.com.ar\/v1\/2026\/02\/01\/la-iglesia-catolica-se-opuso-a-la-baja-en-la-edad-de-imputabilidad\/\"},\"wordCount\":871,\"commentCount\":0,\"publisher\":{\"@id\":\"https:\/\/radioinfinitagoya.com.ar\/v1\/#organization\"},\"image\":{\"@id\":\"https:\/\/radioinfinitagoya.com.ar\/v1\/2026\/02\/01\/la-iglesia-catolica-se-opuso-a-la-baja-en-la-edad-de-imputabilidad\/#primaryimage\"},\"thumbnailUrl\":\"https:\/\/radioinfinitagoya.com.ar\/v1\/wp-content\/uploads\/2026\/02\/Z9.jpg\",\"articleSection\":[\"NACIONALES\"],\"inLanguage\":\"es-AR\",\"potentialAction\":[{\"@type\":\"CommentAction\",\"name\":\"Comment\",\"target\":[\"https:\/\/radioinfinitagoya.com.ar\/v1\/2026\/02\/01\/la-iglesia-catolica-se-opuso-a-la-baja-en-la-edad-de-imputabilidad\/#respond\"]}]},{\"@type\":\"WebPage\",\"@id\":\"https:\/\/radioinfinitagoya.com.ar\/v1\/2026\/02\/01\/la-iglesia-catolica-se-opuso-a-la-baja-en-la-edad-de-imputabilidad\/\",\"url\":\"https:\/\/radioinfinitagoya.com.ar\/v1\/2026\/02\/01\/la-iglesia-catolica-se-opuso-a-la-baja-en-la-edad-de-imputabilidad\/\",\"name\":\"La Iglesia Cat\u00f3lica se opuso a la baja en la edad de imputabilidad - Radio Infinita Goya\",\"isPartOf\":{\"@id\":\"https:\/\/radioinfinitagoya.com.ar\/v1\/#website\"},\"primaryImageOfPage\":{\"@id\":\"https:\/\/radioinfinitagoya.com.ar\/v1\/2026\/02\/01\/la-iglesia-catolica-se-opuso-a-la-baja-en-la-edad-de-imputabilidad\/#primaryimage\"},\"image\":{\"@id\":\"https:\/\/radioinfinitagoya.com.ar\/v1\/2026\/02\/01\/la-iglesia-catolica-se-opuso-a-la-baja-en-la-edad-de-imputabilidad\/#primaryimage\"},\"thumbnailUrl\":\"https:\/\/radioinfinitagoya.com.ar\/v1\/wp-content\/uploads\/2026\/02\/Z9.jpg\",\"datePublished\":\"2026-02-01T18:26:53+00:00\",\"description\":\"La Comisi\u00f3n de Pastoral Social reiter\u00f3 la oposici\u00f3n, pidiendo considerar la complejidad del tema y exigiendo \u201cgrandeza pol\u00edtica\u201d. En su comunicado la\",\"breadcrumb\":{\"@id\":\"https:\/\/radioinfinitagoya.com.ar\/v1\/2026\/02\/01\/la-iglesia-catolica-se-opuso-a-la-baja-en-la-edad-de-imputabilidad\/#breadcrumb\"},\"inLanguage\":\"es-AR\",\"potentialAction\":[{\"@type\":\"ReadAction\",\"target\":[\"https:\/\/radioinfinitagoya.com.ar\/v1\/2026\/02\/01\/la-iglesia-catolica-se-opuso-a-la-baja-en-la-edad-de-imputabilidad\/\"]}]},{\"@type\":\"ImageObject\",\"inLanguage\":\"es-AR\",\"@id\":\"https:\/\/radioinfinitagoya.com.ar\/v1\/2026\/02\/01\/la-iglesia-catolica-se-opuso-a-la-baja-en-la-edad-de-imputabilidad\/#primaryimage\",\"url\":\"https:\/\/radioinfinitagoya.com.ar\/v1\/wp-content\/uploads\/2026\/02\/Z9.jpg\",\"contentUrl\":\"https:\/\/radioinfinitagoya.com.ar\/v1\/wp-content\/uploads\/2026\/02\/Z9.jpg\",\"width\":1080,\"height\":695},{\"@type\":\"BreadcrumbList\",\"@id\":\"https:\/\/radioinfinitagoya.com.ar\/v1\/2026\/02\/01\/la-iglesia-catolica-se-opuso-a-la-baja-en-la-edad-de-imputabilidad\/#breadcrumb\",\"itemListElement\":[{\"@type\":\"ListItem\",\"position\":1,\"name\":\"Inicio\",\"item\":\"https:\/\/radioinfinitagoya.com.ar\/v1\/\"},{\"@type\":\"ListItem\",\"position\":2,\"name\":\"La Iglesia Cat\u00f3lica se opuso a la baja en la edad de imputabilidad\"}]},{\"@type\":\"WebSite\",\"@id\":\"https:\/\/radioinfinitagoya.com.ar\/v1\/#website\",\"url\":\"https:\/\/radioinfinitagoya.com.ar\/v1\/\",\"name\":\"radioinfinitagoya.com.ar\",\"description\":\"Radio de noticias\",\"publisher\":{\"@id\":\"https:\/\/radioinfinitagoya.com.ar\/v1\/#organization\"},\"potentialAction\":[{\"@type\":\"SearchAction\",\"target\":{\"@type\":\"EntryPoint\",\"urlTemplate\":\"https:\/\/radioinfinitagoya.com.ar\/v1\/?s={search_term_string}\"},\"query-input\":{\"@type\":\"PropertyValueSpecification\",\"valueRequired\":true,\"valueName\":\"search_term_string\"}}],\"inLanguage\":\"es-AR\"},{\"@type\":\"Organization\",\"@id\":\"https:\/\/radioinfinitagoya.com.ar\/v1\/#organization\",\"name\":\"Radio Infinita Goya\",\"url\":\"https:\/\/radioinfinitagoya.com.ar\/v1\/\",\"logo\":{\"@type\":\"ImageObject\",\"inLanguage\":\"es-AR\",\"@id\":\"https:\/\/radioinfinitagoya.com.ar\/v1\/#\/schema\/logo\/image\/\",\"url\":\"https:\/\/radioinfinitagoya.com.ar\/v1\/wp-content\/uploads\/2019\/11\/logo-pie-web.png\",\"contentUrl\":\"https:\/\/radioinfinitagoya.com.ar\/v1\/wp-content\/uploads\/2019\/11\/logo-pie-web.png\",\"width\":635,\"height\":326,\"caption\":\"Radio Infinita Goya\"},\"image\":{\"@id\":\"https:\/\/radioinfinitagoya.com.ar\/v1\/#\/schema\/logo\/image\/\"},\"sameAs\":[\"https:\/\/www.facebook.com\/p\/Infinita-Goya-100063870918311\/\"]},{\"@type\":\"Person\",\"@id\":\"https:\/\/radioinfinitagoya.com.ar\/v1\/#\/schema\/person\/d4cf9c413d4f6edb24aabdccab49ca4a\",\"name\":\"Jorge Mi\u00f1o\",\"image\":{\"@type\":\"ImageObject\",\"inLanguage\":\"es-AR\",\"@id\":\"https:\/\/secure.gravatar.com\/avatar\/910fcf6728fe95320e07a6643c1581fec1c7fc4bf8ae12e3d8f0d0373dc844be?s=96&d=mm&r=g\",\"url\":\"https:\/\/secure.gravatar.com\/avatar\/910fcf6728fe95320e07a6643c1581fec1c7fc4bf8ae12e3d8f0d0373dc844be?s=96&d=mm&r=g\",\"contentUrl\":\"https:\/\/secure.gravatar.com\/avatar\/910fcf6728fe95320e07a6643c1581fec1c7fc4bf8ae12e3d8f0d0373dc844be?s=96&d=mm&r=g\",\"caption\":\"Jorge Mi\u00f1o\"},\"sameAs\":[\"http:\/\/radioinfinitagoya.com.ar\"]}]}<\/script>\n<!-- \/ Yoast SEO plugin. -->","yoast_head_json":{"title":"La Iglesia Cat\u00f3lica se opuso a la baja en la edad de imputabilidad - Radio Infinita Goya","description":"La Comisi\u00f3n de Pastoral Social reiter\u00f3 la oposici\u00f3n, pidiendo considerar la complejidad del tema y exigiendo \u201cgrandeza pol\u00edtica\u201d. En su comunicado la","robots":{"index":"index","follow":"follow","max-snippet":"max-snippet:-1","max-image-preview":"max-image-preview:large","max-video-preview":"max-video-preview:-1"},"canonical":"https:\/\/radioinfinitagoya.com.ar\/v1\/2026\/02\/01\/la-iglesia-catolica-se-opuso-a-la-baja-en-la-edad-de-imputabilidad\/","og_locale":"es_ES","og_type":"article","og_title":"La Iglesia Cat\u00f3lica se opuso a la baja en la edad de imputabilidad - Radio Infinita Goya","og_description":"La Comisi\u00f3n de Pastoral Social reiter\u00f3 la oposici\u00f3n, pidiendo considerar la complejidad del tema y exigiendo \u201cgrandeza pol\u00edtica\u201d. En su comunicado la","og_url":"https:\/\/radioinfinitagoya.com.ar\/v1\/2026\/02\/01\/la-iglesia-catolica-se-opuso-a-la-baja-en-la-edad-de-imputabilidad\/","og_site_name":"Radio Infinita Goya","article_publisher":"https:\/\/www.facebook.com\/p\/Infinita-Goya-100063870918311\/","article_published_time":"2026-02-01T18:26:53+00:00","og_image":[{"width":1080,"height":695,"url":"https:\/\/radioinfinitagoya.com.ar\/v1\/wp-content\/uploads\/2026\/02\/Z9.jpg","type":"image\/jpeg"}],"author":"Jorge Mi\u00f1o","twitter_card":"summary_large_image","twitter_misc":{"Escrito por":"Jorge Mi\u00f1o","Tiempo de lectura":"4 minutos"},"schema":{"@context":"https:\/\/schema.org","@graph":[{"@type":"Article","@id":"https:\/\/radioinfinitagoya.com.ar\/v1\/2026\/02\/01\/la-iglesia-catolica-se-opuso-a-la-baja-en-la-edad-de-imputabilidad\/#article","isPartOf":{"@id":"https:\/\/radioinfinitagoya.com.ar\/v1\/2026\/02\/01\/la-iglesia-catolica-se-opuso-a-la-baja-en-la-edad-de-imputabilidad\/"},"author":{"name":"Jorge Mi\u00f1o","@id":"https:\/\/radioinfinitagoya.com.ar\/v1\/#\/schema\/person\/d4cf9c413d4f6edb24aabdccab49ca4a"},"headline":"La Iglesia Cat\u00f3lica se opuso a la baja en la edad de imputabilidad","datePublished":"2026-02-01T18:26:53+00:00","mainEntityOfPage":{"@id":"https:\/\/radioinfinitagoya.com.ar\/v1\/2026\/02\/01\/la-iglesia-catolica-se-opuso-a-la-baja-en-la-edad-de-imputabilidad\/"},"wordCount":871,"commentCount":0,"publisher":{"@id":"https:\/\/radioinfinitagoya.com.ar\/v1\/#organization"},"image":{"@id":"https:\/\/radioinfinitagoya.com.ar\/v1\/2026\/02\/01\/la-iglesia-catolica-se-opuso-a-la-baja-en-la-edad-de-imputabilidad\/#primaryimage"},"thumbnailUrl":"https:\/\/radioinfinitagoya.com.ar\/v1\/wp-content\/uploads\/2026\/02\/Z9.jpg","articleSection":["NACIONALES"],"inLanguage":"es-AR","potentialAction":[{"@type":"CommentAction","name":"Comment","target":["https:\/\/radioinfinitagoya.com.ar\/v1\/2026\/02\/01\/la-iglesia-catolica-se-opuso-a-la-baja-en-la-edad-de-imputabilidad\/#respond"]}]},{"@type":"WebPage","@id":"https:\/\/radioinfinitagoya.com.ar\/v1\/2026\/02\/01\/la-iglesia-catolica-se-opuso-a-la-baja-en-la-edad-de-imputabilidad\/","url":"https:\/\/radioinfinitagoya.com.ar\/v1\/2026\/02\/01\/la-iglesia-catolica-se-opuso-a-la-baja-en-la-edad-de-imputabilidad\/","name":"La Iglesia Cat\u00f3lica se opuso a la baja en la edad de imputabilidad - Radio Infinita Goya","isPartOf":{"@id":"https:\/\/radioinfinitagoya.com.ar\/v1\/#website"},"primaryImageOfPage":{"@id":"https:\/\/radioinfinitagoya.com.ar\/v1\/2026\/02\/01\/la-iglesia-catolica-se-opuso-a-la-baja-en-la-edad-de-imputabilidad\/#primaryimage"},"image":{"@id":"https:\/\/radioinfinitagoya.com.ar\/v1\/2026\/02\/01\/la-iglesia-catolica-se-opuso-a-la-baja-en-la-edad-de-imputabilidad\/#primaryimage"},"thumbnailUrl":"https:\/\/radioinfinitagoya.com.ar\/v1\/wp-content\/uploads\/2026\/02\/Z9.jpg","datePublished":"2026-02-01T18:26:53+00:00","description":"La Comisi\u00f3n de Pastoral Social reiter\u00f3 la oposici\u00f3n, pidiendo considerar la complejidad del tema y exigiendo \u201cgrandeza pol\u00edtica\u201d. En su comunicado la","breadcrumb":{"@id":"https:\/\/radioinfinitagoya.com.ar\/v1\/2026\/02\/01\/la-iglesia-catolica-se-opuso-a-la-baja-en-la-edad-de-imputabilidad\/#breadcrumb"},"inLanguage":"es-AR","potentialAction":[{"@type":"ReadAction","target":["https:\/\/radioinfinitagoya.com.ar\/v1\/2026\/02\/01\/la-iglesia-catolica-se-opuso-a-la-baja-en-la-edad-de-imputabilidad\/"]}]},{"@type":"ImageObject","inLanguage":"es-AR","@id":"https:\/\/radioinfinitagoya.com.ar\/v1\/2026\/02\/01\/la-iglesia-catolica-se-opuso-a-la-baja-en-la-edad-de-imputabilidad\/#primaryimage","url":"https:\/\/radioinfinitagoya.com.ar\/v1\/wp-content\/uploads\/2026\/02\/Z9.jpg","contentUrl":"https:\/\/radioinfinitagoya.com.ar\/v1\/wp-content\/uploads\/2026\/02\/Z9.jpg","width":1080,"height":695},{"@type":"BreadcrumbList","@id":"https:\/\/radioinfinitagoya.com.ar\/v1\/2026\/02\/01\/la-iglesia-catolica-se-opuso-a-la-baja-en-la-edad-de-imputabilidad\/#breadcrumb","itemListElement":[{"@type":"ListItem","position":1,"name":"Inicio","item":"https:\/\/radioinfinitagoya.com.ar\/v1\/"},{"@type":"ListItem","position":2,"name":"La Iglesia Cat\u00f3lica se opuso a la baja en la edad de imputabilidad"}]},{"@type":"WebSite","@id":"https:\/\/radioinfinitagoya.com.ar\/v1\/#website","url":"https:\/\/radioinfinitagoya.com.ar\/v1\/","name":"radioinfinitagoya.com.ar","description":"Radio de noticias","publisher":{"@id":"https:\/\/radioinfinitagoya.com.ar\/v1\/#organization"},"potentialAction":[{"@type":"SearchAction","target":{"@type":"EntryPoint","urlTemplate":"https:\/\/radioinfinitagoya.com.ar\/v1\/?s={search_term_string}"},"query-input":{"@type":"PropertyValueSpecification","valueRequired":true,"valueName":"search_term_string"}}],"inLanguage":"es-AR"},{"@type":"Organization","@id":"https:\/\/radioinfinitagoya.com.ar\/v1\/#organization","name":"Radio Infinita Goya","url":"https:\/\/radioinfinitagoya.com.ar\/v1\/","logo":{"@type":"ImageObject","inLanguage":"es-AR","@id":"https:\/\/radioinfinitagoya.com.ar\/v1\/#\/schema\/logo\/image\/","url":"https:\/\/radioinfinitagoya.com.ar\/v1\/wp-content\/uploads\/2019\/11\/logo-pie-web.png","contentUrl":"https:\/\/radioinfinitagoya.com.ar\/v1\/wp-content\/uploads\/2019\/11\/logo-pie-web.png","width":635,"height":326,"caption":"Radio Infinita Goya"},"image":{"@id":"https:\/\/radioinfinitagoya.com.ar\/v1\/#\/schema\/logo\/image\/"},"sameAs":["https:\/\/www.facebook.com\/p\/Infinita-Goya-100063870918311\/"]},{"@type":"Person","@id":"https:\/\/radioinfinitagoya.com.ar\/v1\/#\/schema\/person\/d4cf9c413d4f6edb24aabdccab49ca4a","name":"Jorge Mi\u00f1o","image":{"@type":"ImageObject","inLanguage":"es-AR","@id":"https:\/\/secure.gravatar.com\/avatar\/910fcf6728fe95320e07a6643c1581fec1c7fc4bf8ae12e3d8f0d0373dc844be?s=96&d=mm&r=g","url":"https:\/\/secure.gravatar.com\/avatar\/910fcf6728fe95320e07a6643c1581fec1c7fc4bf8ae12e3d8f0d0373dc844be?s=96&d=mm&r=g","contentUrl":"https:\/\/secure.gravatar.com\/avatar\/910fcf6728fe95320e07a6643c1581fec1c7fc4bf8ae12e3d8f0d0373dc844be?s=96&d=mm&r=g","caption":"Jorge Mi\u00f1o"},"sameAs":["http:\/\/radioinfinitagoya.com.ar"]}]}},"_links":{"self":[{"href":"https:\/\/radioinfinitagoya.com.ar\/v1\/wp-json\/wp\/v2\/posts\/203953","targetHints":{"allow":["GET"]}}],"collection":[{"href":"https:\/\/radioinfinitagoya.com.ar\/v1\/wp-json\/wp\/v2\/posts"}],"about":[{"href":"https:\/\/radioinfinitagoya.com.ar\/v1\/wp-json\/wp\/v2\/types\/post"}],"author":[{"embeddable":true,"href":"https:\/\/radioinfinitagoya.com.ar\/v1\/wp-json\/wp\/v2\/users\/4"}],"replies":[{"embeddable":true,"href":"https:\/\/radioinfinitagoya.com.ar\/v1\/wp-json\/wp\/v2\/comments?post=203953"}],"version-history":[{"count":0,"href":"https:\/\/radioinfinitagoya.com.ar\/v1\/wp-json\/wp\/v2\/posts\/203953\/revisions"}],"wp:featuredmedia":[{"embeddable":true,"href":"https:\/\/radioinfinitagoya.com.ar\/v1\/wp-json\/wp\/v2\/media\/203954"}],"wp:attachment":[{"href":"https:\/\/radioinfinitagoya.com.ar\/v1\/wp-json\/wp\/v2\/media?parent=203953"}],"wp:term":[{"taxonomy":"category","embeddable":true,"href":"https:\/\/radioinfinitagoya.com.ar\/v1\/wp-json\/wp\/v2\/categories?post=203953"},{"taxonomy":"post_tag","embeddable":true,"href":"https:\/\/radioinfinitagoya.com.ar\/v1\/wp-json\/wp\/v2\/tags?post=203953"}],"curies":[{"name":"wp","href":"https:\/\/api.w.org\/{rel}","templated":true}]}}