{"id":203962,"date":"2026-02-01T15:42:47","date_gmt":"2026-02-01T18:42:47","guid":{"rendered":"https:\/\/radioinfinitagoya.com.ar\/v1\/?p=203962"},"modified":"2026-02-01T15:42:47","modified_gmt":"2026-02-01T18:42:47","slug":"corrientes-sera-sede-de-un-amistoso-internacional","status":"publish","type":"post","link":"https:\/\/radioinfinitagoya.com.ar\/v1\/2026\/02\/01\/corrientes-sera-sede-de-un-amistoso-internacional\/","title":{"rendered":"Corrientes ser\u00e1 sede de un amistoso internacional"},"content":{"rendered":"<p>La cancha de Aranduroga recibir\u00e1 al partido entre dos equipos que se preparan para el S\u00faper Rugby Am\u00e9ricas<\/p>\n<p>De cara al S\u00faper Rugby Am\u00e9ricas 2026, Corrientes ser\u00e1 sede de un amistoso internacional entre dos de las franquicias que tomar\u00e1n parte del certamen profesional e internacional.<\/p>\n<p>El s\u00e1bado 7 de febrero, la cancha de Aranduroga recibir\u00e1 el duelo entre Yacar\u00e9 XV y Capibaras XV. El partido se jugar\u00e1 desde las 17 hs, y habr\u00e1 presencia correntina en los dos planteles.<\/p>\n<p>Yacar\u00e9 es el equipo que representa a la Uni\u00f3n de Rugby del Paraguay, mientras que Capibaras har\u00e1 su debut en la competencia y la franquicia la componen las uniones de Rosario, Santa Fe y Entre R\u00edos.<\/p>\n<p>El equipo paraguayo tienen en sus filas al mercede\u00f1o Ramiro Amarilla y su figura es Joaqu\u00edn Lamas, el ex apertura del SIC y que milita en San Jos\u00e9 durante el Regional del NEA.<\/p>\n<p>Capibaras, que contar\u00e1 con una buena base de jugadores que vienen de actuar con Dogos XV en temporadas anteriores y que tiene al correntino Jer\u00f3nimo G\u00f3mez Vara, tendr\u00e1 su debut oficial en el S\u00faper Rugby Am\u00e9ricas el 21 de febrero frente a Pe\u00f1arol de Uruguay, como local en el Hip\u00f3dromo de Rosario.<\/p>\n<p>La entradas para el amistoso internacional se pueden comprar de manera anticipada a $8.000 en centralticket.net, mientras que, el d\u00eda del cotejo, en el acceso al club el costo se elevar\u00e1 a $10.000. El estacionamiento, que se abonar\u00e1 en puerta, se fij\u00f3 en $10.000.<\/p>\n<p>Sexta edici\u00f3n<\/p>\n<p>El S\u00faper Rugby Am\u00e9ricas 2026 disputar\u00e1 su sexta edici\u00f3n. Pampas, Dogos XV, Tarucas, Capibaras ser\u00e1n los representantes de Argentina, que corresponden a las Uniones de UAR, C\u00f3rdoba, Tucum\u00e1n y Litoral (Rosario, Santa Fe y Entre R\u00edos), respectivamente.<\/p>\n<p>Mientras que Uruguay tendr\u00e1 a Pe\u00f1arol, \u00faltimo campe\u00f3n y m\u00e1ximo ganador hist\u00f3rico con tres t\u00edtulos (2022, 2023 y 2025). A su vez, Yacare XV ser\u00e1 el de Paraguay y Selknam lo har\u00e1 para Chile. En tanto, Cobras representar\u00e1 a Brasil<\/p>\n","protected":false},"excerpt":{"rendered":"<p>La cancha de Aranduroga recibir\u00e1 al partido entre dos equipos que se preparan para el S\u00faper Rugby Am\u00e9ricas De cara al S\u00faper Rugby Am\u00e9ricas 2026, Corrientes ser\u00e1 sede de un amistoso internacional entre dos de las franquicias que tomar\u00e1n parte del certamen profesional e internacional. El s\u00e1bado 7 de febrero, la cancha de Aranduroga recibir\u00e1 [&hellip;]<\/p>\n","protected":false},"author":4,"featured_media":203963,"comment_status":"open","ping_status":"open","sticky":false,"template":"","format":"standard","meta":{"_joinchat":[],"footnotes":""},"categories":[28],"tags":[],"class_list":{"0":"post-203962","1":"post","2":"type-post","3":"status-publish","4":"format-standard","5":"has-post-thumbnail","7":"category-deportes"},"yoast_head":"<!-- This site is optimized with the Yoast SEO plugin v27.2 - https:\/\/yoast.com\/product\/yoast-seo-wordpress\/ -->\n<title>Corrientes ser\u00e1 sede de un amistoso internacional - Radio Infinita Goya<\/title>\n<meta name=\"description\" content=\"La cancha de Aranduroga recibir\u00e1 al partido entre dos equipos que se preparan para el S\u00faper Rugby Am\u00e9ricas De cara al S\u00faper Rugby Am\u00e9ricas 2026,\" \/>\n<meta name=\"robots\" content=\"index, follow, max-snippet:-1, max-image-preview:large, max-video-preview:-1\" \/>\n<link rel=\"canonical\" href=\"https:\/\/radioinfinitagoya.com.ar\/v1\/2026\/02\/01\/corrientes-sera-sede-de-un-amistoso-internacional\/\" \/>\n<meta property=\"og:locale\" content=\"es_ES\" \/>\n<meta property=\"og:type\" content=\"article\" \/>\n<meta property=\"og:title\" content=\"Corrientes ser\u00e1 sede de un amistoso internacional - Radio Infinita Goya\" \/>\n<meta property=\"og:description\" content=\"La cancha de Aranduroga recibir\u00e1 al partido entre dos equipos que se preparan para el S\u00faper Rugby Am\u00e9ricas De cara al S\u00faper Rugby Am\u00e9ricas 2026,\" \/>\n<meta property=\"og:url\" content=\"https:\/\/radioinfinitagoya.com.ar\/v1\/2026\/02\/01\/corrientes-sera-sede-de-un-amistoso-internacional\/\" \/>\n<meta property=\"og:site_name\" content=\"Radio Infinita Goya\" \/>\n<meta property=\"article:publisher\" content=\"https:\/\/www.facebook.com\/p\/Infinita-Goya-100063870918311\/\" \/>\n<meta property=\"article:published_time\" content=\"2026-02-01T18:42:47+00:00\" \/>\n<meta property=\"og:image\" content=\"https:\/\/radioinfinitagoya.com.ar\/v1\/wp-content\/uploads\/2026\/02\/Z13.jpg\" \/>\n\t<meta property=\"og:image:width\" content=\"925\" \/>\n\t<meta property=\"og:image:height\" content=\"517\" \/>\n\t<meta property=\"og:image:type\" content=\"image\/jpeg\" \/>\n<meta name=\"author\" content=\"Jorge Mi\u00f1o\" \/>\n<meta name=\"twitter:card\" content=\"summary_large_image\" \/>\n<meta name=\"twitter:label1\" content=\"Escrito por\" \/>\n\t<meta name=\"twitter:data1\" content=\"Jorge Mi\u00f1o\" \/>\n\t<meta name=\"twitter:label2\" content=\"Tiempo de lectura\" \/>\n\t<meta name=\"twitter:data2\" content=\"2 minutos\" \/>\n<script type=\"application\/ld+json\" class=\"yoast-schema-graph\">{\"@context\":\"https:\/\/schema.org\",\"@graph\":[{\"@type\":\"Article\",\"@id\":\"https:\/\/radioinfinitagoya.com.ar\/v1\/2026\/02\/01\/corrientes-sera-sede-de-un-amistoso-internacional\/#article\",\"isPartOf\":{\"@id\":\"https:\/\/radioinfinitagoya.com.ar\/v1\/2026\/02\/01\/corrientes-sera-sede-de-un-amistoso-internacional\/\"},\"author\":{\"name\":\"Jorge Mi\u00f1o\",\"@id\":\"https:\/\/radioinfinitagoya.com.ar\/v1\/#\/schema\/person\/d4cf9c413d4f6edb24aabdccab49ca4a\"},\"headline\":\"Corrientes ser\u00e1 sede de un amistoso internacional\",\"datePublished\":\"2026-02-01T18:42:47+00:00\",\"mainEntityOfPage\":{\"@id\":\"https:\/\/radioinfinitagoya.com.ar\/v1\/2026\/02\/01\/corrientes-sera-sede-de-un-amistoso-internacional\/\"},\"wordCount\":350,\"commentCount\":0,\"publisher\":{\"@id\":\"https:\/\/radioinfinitagoya.com.ar\/v1\/#organization\"},\"image\":{\"@id\":\"https:\/\/radioinfinitagoya.com.ar\/v1\/2026\/02\/01\/corrientes-sera-sede-de-un-amistoso-internacional\/#primaryimage\"},\"thumbnailUrl\":\"https:\/\/radioinfinitagoya.com.ar\/v1\/wp-content\/uploads\/2026\/02\/Z13.jpg\",\"articleSection\":[\"DEPORTES\"],\"inLanguage\":\"es-AR\",\"potentialAction\":[{\"@type\":\"CommentAction\",\"name\":\"Comment\",\"target\":[\"https:\/\/radioinfinitagoya.com.ar\/v1\/2026\/02\/01\/corrientes-sera-sede-de-un-amistoso-internacional\/#respond\"]}]},{\"@type\":\"WebPage\",\"@id\":\"https:\/\/radioinfinitagoya.com.ar\/v1\/2026\/02\/01\/corrientes-sera-sede-de-un-amistoso-internacional\/\",\"url\":\"https:\/\/radioinfinitagoya.com.ar\/v1\/2026\/02\/01\/corrientes-sera-sede-de-un-amistoso-internacional\/\",\"name\":\"Corrientes ser\u00e1 sede de un amistoso internacional - Radio Infinita Goya\",\"isPartOf\":{\"@id\":\"https:\/\/radioinfinitagoya.com.ar\/v1\/#website\"},\"primaryImageOfPage\":{\"@id\":\"https:\/\/radioinfinitagoya.com.ar\/v1\/2026\/02\/01\/corrientes-sera-sede-de-un-amistoso-internacional\/#primaryimage\"},\"image\":{\"@id\":\"https:\/\/radioinfinitagoya.com.ar\/v1\/2026\/02\/01\/corrientes-sera-sede-de-un-amistoso-internacional\/#primaryimage\"},\"thumbnailUrl\":\"https:\/\/radioinfinitagoya.com.ar\/v1\/wp-content\/uploads\/2026\/02\/Z13.jpg\",\"datePublished\":\"2026-02-01T18:42:47+00:00\",\"description\":\"La cancha de Aranduroga recibir\u00e1 al partido entre dos equipos que se preparan para el S\u00faper Rugby Am\u00e9ricas De cara al S\u00faper Rugby Am\u00e9ricas 2026,\",\"breadcrumb\":{\"@id\":\"https:\/\/radioinfinitagoya.com.ar\/v1\/2026\/02\/01\/corrientes-sera-sede-de-un-amistoso-internacional\/#breadcrumb\"},\"inLanguage\":\"es-AR\",\"potentialAction\":[{\"@type\":\"ReadAction\",\"target\":[\"https:\/\/radioinfinitagoya.com.ar\/v1\/2026\/02\/01\/corrientes-sera-sede-de-un-amistoso-internacional\/\"]}]},{\"@type\":\"ImageObject\",\"inLanguage\":\"es-AR\",\"@id\":\"https:\/\/radioinfinitagoya.com.ar\/v1\/2026\/02\/01\/corrientes-sera-sede-de-un-amistoso-internacional\/#primaryimage\",\"url\":\"https:\/\/radioinfinitagoya.com.ar\/v1\/wp-content\/uploads\/2026\/02\/Z13.jpg\",\"contentUrl\":\"https:\/\/radioinfinitagoya.com.ar\/v1\/wp-content\/uploads\/2026\/02\/Z13.jpg\",\"width\":925,\"height\":517},{\"@type\":\"BreadcrumbList\",\"@id\":\"https:\/\/radioinfinitagoya.com.ar\/v1\/2026\/02\/01\/corrientes-sera-sede-de-un-amistoso-internacional\/#breadcrumb\",\"itemListElement\":[{\"@type\":\"ListItem\",\"position\":1,\"name\":\"Inicio\",\"item\":\"https:\/\/radioinfinitagoya.com.ar\/v1\/\"},{\"@type\":\"ListItem\",\"position\":2,\"name\":\"Corrientes ser\u00e1 sede de un amistoso internacional\"}]},{\"@type\":\"WebSite\",\"@id\":\"https:\/\/radioinfinitagoya.com.ar\/v1\/#website\",\"url\":\"https:\/\/radioinfinitagoya.com.ar\/v1\/\",\"name\":\"radioinfinitagoya.com.ar\",\"description\":\"Radio de noticias\",\"publisher\":{\"@id\":\"https:\/\/radioinfinitagoya.com.ar\/v1\/#organization\"},\"potentialAction\":[{\"@type\":\"SearchAction\",\"target\":{\"@type\":\"EntryPoint\",\"urlTemplate\":\"https:\/\/radioinfinitagoya.com.ar\/v1\/?s={search_term_string}\"},\"query-input\":{\"@type\":\"PropertyValueSpecification\",\"valueRequired\":true,\"valueName\":\"search_term_string\"}}],\"inLanguage\":\"es-AR\"},{\"@type\":\"Organization\",\"@id\":\"https:\/\/radioinfinitagoya.com.ar\/v1\/#organization\",\"name\":\"Radio Infinita Goya\",\"url\":\"https:\/\/radioinfinitagoya.com.ar\/v1\/\",\"logo\":{\"@type\":\"ImageObject\",\"inLanguage\":\"es-AR\",\"@id\":\"https:\/\/radioinfinitagoya.com.ar\/v1\/#\/schema\/logo\/image\/\",\"url\":\"https:\/\/radioinfinitagoya.com.ar\/v1\/wp-content\/uploads\/2019\/11\/logo-pie-web.png\",\"contentUrl\":\"https:\/\/radioinfinitagoya.com.ar\/v1\/wp-content\/uploads\/2019\/11\/logo-pie-web.png\",\"width\":635,\"height\":326,\"caption\":\"Radio Infinita Goya\"},\"image\":{\"@id\":\"https:\/\/radioinfinitagoya.com.ar\/v1\/#\/schema\/logo\/image\/\"},\"sameAs\":[\"https:\/\/www.facebook.com\/p\/Infinita-Goya-100063870918311\/\"]},{\"@type\":\"Person\",\"@id\":\"https:\/\/radioinfinitagoya.com.ar\/v1\/#\/schema\/person\/d4cf9c413d4f6edb24aabdccab49ca4a\",\"name\":\"Jorge Mi\u00f1o\",\"image\":{\"@type\":\"ImageObject\",\"inLanguage\":\"es-AR\",\"@id\":\"https:\/\/secure.gravatar.com\/avatar\/910fcf6728fe95320e07a6643c1581fec1c7fc4bf8ae12e3d8f0d0373dc844be?s=96&d=mm&r=g\",\"url\":\"https:\/\/secure.gravatar.com\/avatar\/910fcf6728fe95320e07a6643c1581fec1c7fc4bf8ae12e3d8f0d0373dc844be?s=96&d=mm&r=g\",\"contentUrl\":\"https:\/\/secure.gravatar.com\/avatar\/910fcf6728fe95320e07a6643c1581fec1c7fc4bf8ae12e3d8f0d0373dc844be?s=96&d=mm&r=g\",\"caption\":\"Jorge Mi\u00f1o\"},\"sameAs\":[\"http:\/\/radioinfinitagoya.com.ar\"]}]}<\/script>\n<!-- \/ Yoast SEO plugin. -->","yoast_head_json":{"title":"Corrientes ser\u00e1 sede de un amistoso internacional - Radio Infinita Goya","description":"La cancha de Aranduroga recibir\u00e1 al partido entre dos equipos que se preparan para el S\u00faper Rugby Am\u00e9ricas De cara al S\u00faper Rugby Am\u00e9ricas 2026,","robots":{"index":"index","follow":"follow","max-snippet":"max-snippet:-1","max-image-preview":"max-image-preview:large","max-video-preview":"max-video-preview:-1"},"canonical":"https:\/\/radioinfinitagoya.com.ar\/v1\/2026\/02\/01\/corrientes-sera-sede-de-un-amistoso-internacional\/","og_locale":"es_ES","og_type":"article","og_title":"Corrientes ser\u00e1 sede de un amistoso internacional - Radio Infinita Goya","og_description":"La cancha de Aranduroga recibir\u00e1 al partido entre dos equipos que se preparan para el S\u00faper Rugby Am\u00e9ricas De cara al S\u00faper Rugby Am\u00e9ricas 2026,","og_url":"https:\/\/radioinfinitagoya.com.ar\/v1\/2026\/02\/01\/corrientes-sera-sede-de-un-amistoso-internacional\/","og_site_name":"Radio Infinita Goya","article_publisher":"https:\/\/www.facebook.com\/p\/Infinita-Goya-100063870918311\/","article_published_time":"2026-02-01T18:42:47+00:00","og_image":[{"width":925,"height":517,"url":"https:\/\/radioinfinitagoya.com.ar\/v1\/wp-content\/uploads\/2026\/02\/Z13.jpg","type":"image\/jpeg"}],"author":"Jorge Mi\u00f1o","twitter_card":"summary_large_image","twitter_misc":{"Escrito por":"Jorge Mi\u00f1o","Tiempo de lectura":"2 minutos"},"schema":{"@context":"https:\/\/schema.org","@graph":[{"@type":"Article","@id":"https:\/\/radioinfinitagoya.com.ar\/v1\/2026\/02\/01\/corrientes-sera-sede-de-un-amistoso-internacional\/#article","isPartOf":{"@id":"https:\/\/radioinfinitagoya.com.ar\/v1\/2026\/02\/01\/corrientes-sera-sede-de-un-amistoso-internacional\/"},"author":{"name":"Jorge Mi\u00f1o","@id":"https:\/\/radioinfinitagoya.com.ar\/v1\/#\/schema\/person\/d4cf9c413d4f6edb24aabdccab49ca4a"},"headline":"Corrientes ser\u00e1 sede de un amistoso internacional","datePublished":"2026-02-01T18:42:47+00:00","mainEntityOfPage":{"@id":"https:\/\/radioinfinitagoya.com.ar\/v1\/2026\/02\/01\/corrientes-sera-sede-de-un-amistoso-internacional\/"},"wordCount":350,"commentCount":0,"publisher":{"@id":"https:\/\/radioinfinitagoya.com.ar\/v1\/#organization"},"image":{"@id":"https:\/\/radioinfinitagoya.com.ar\/v1\/2026\/02\/01\/corrientes-sera-sede-de-un-amistoso-internacional\/#primaryimage"},"thumbnailUrl":"https:\/\/radioinfinitagoya.com.ar\/v1\/wp-content\/uploads\/2026\/02\/Z13.jpg","articleSection":["DEPORTES"],"inLanguage":"es-AR","potentialAction":[{"@type":"CommentAction","name":"Comment","target":["https:\/\/radioinfinitagoya.com.ar\/v1\/2026\/02\/01\/corrientes-sera-sede-de-un-amistoso-internacional\/#respond"]}]},{"@type":"WebPage","@id":"https:\/\/radioinfinitagoya.com.ar\/v1\/2026\/02\/01\/corrientes-sera-sede-de-un-amistoso-internacional\/","url":"https:\/\/radioinfinitagoya.com.ar\/v1\/2026\/02\/01\/corrientes-sera-sede-de-un-amistoso-internacional\/","name":"Corrientes ser\u00e1 sede de un amistoso internacional - Radio Infinita Goya","isPartOf":{"@id":"https:\/\/radioinfinitagoya.com.ar\/v1\/#website"},"primaryImageOfPage":{"@id":"https:\/\/radioinfinitagoya.com.ar\/v1\/2026\/02\/01\/corrientes-sera-sede-de-un-amistoso-internacional\/#primaryimage"},"image":{"@id":"https:\/\/radioinfinitagoya.com.ar\/v1\/2026\/02\/01\/corrientes-sera-sede-de-un-amistoso-internacional\/#primaryimage"},"thumbnailUrl":"https:\/\/radioinfinitagoya.com.ar\/v1\/wp-content\/uploads\/2026\/02\/Z13.jpg","datePublished":"2026-02-01T18:42:47+00:00","description":"La cancha de Aranduroga recibir\u00e1 al partido entre dos equipos que se preparan para el S\u00faper Rugby Am\u00e9ricas De cara al S\u00faper Rugby Am\u00e9ricas 2026,","breadcrumb":{"@id":"https:\/\/radioinfinitagoya.com.ar\/v1\/2026\/02\/01\/corrientes-sera-sede-de-un-amistoso-internacional\/#breadcrumb"},"inLanguage":"es-AR","potentialAction":[{"@type":"ReadAction","target":["https:\/\/radioinfinitagoya.com.ar\/v1\/2026\/02\/01\/corrientes-sera-sede-de-un-amistoso-internacional\/"]}]},{"@type":"ImageObject","inLanguage":"es-AR","@id":"https:\/\/radioinfinitagoya.com.ar\/v1\/2026\/02\/01\/corrientes-sera-sede-de-un-amistoso-internacional\/#primaryimage","url":"https:\/\/radioinfinitagoya.com.ar\/v1\/wp-content\/uploads\/2026\/02\/Z13.jpg","contentUrl":"https:\/\/radioinfinitagoya.com.ar\/v1\/wp-content\/uploads\/2026\/02\/Z13.jpg","width":925,"height":517},{"@type":"BreadcrumbList","@id":"https:\/\/radioinfinitagoya.com.ar\/v1\/2026\/02\/01\/corrientes-sera-sede-de-un-amistoso-internacional\/#breadcrumb","itemListElement":[{"@type":"ListItem","position":1,"name":"Inicio","item":"https:\/\/radioinfinitagoya.com.ar\/v1\/"},{"@type":"ListItem","position":2,"name":"Corrientes ser\u00e1 sede de un amistoso internacional"}]},{"@type":"WebSite","@id":"https:\/\/radioinfinitagoya.com.ar\/v1\/#website","url":"https:\/\/radioinfinitagoya.com.ar\/v1\/","name":"radioinfinitagoya.com.ar","description":"Radio de noticias","publisher":{"@id":"https:\/\/radioinfinitagoya.com.ar\/v1\/#organization"},"potentialAction":[{"@type":"SearchAction","target":{"@type":"EntryPoint","urlTemplate":"https:\/\/radioinfinitagoya.com.ar\/v1\/?s={search_term_string}"},"query-input":{"@type":"PropertyValueSpecification","valueRequired":true,"valueName":"search_term_string"}}],"inLanguage":"es-AR"},{"@type":"Organization","@id":"https:\/\/radioinfinitagoya.com.ar\/v1\/#organization","name":"Radio Infinita Goya","url":"https:\/\/radioinfinitagoya.com.ar\/v1\/","logo":{"@type":"ImageObject","inLanguage":"es-AR","@id":"https:\/\/radioinfinitagoya.com.ar\/v1\/#\/schema\/logo\/image\/","url":"https:\/\/radioinfinitagoya.com.ar\/v1\/wp-content\/uploads\/2019\/11\/logo-pie-web.png","contentUrl":"https:\/\/radioinfinitagoya.com.ar\/v1\/wp-content\/uploads\/2019\/11\/logo-pie-web.png","width":635,"height":326,"caption":"Radio Infinita Goya"},"image":{"@id":"https:\/\/radioinfinitagoya.com.ar\/v1\/#\/schema\/logo\/image\/"},"sameAs":["https:\/\/www.facebook.com\/p\/Infinita-Goya-100063870918311\/"]},{"@type":"Person","@id":"https:\/\/radioinfinitagoya.com.ar\/v1\/#\/schema\/person\/d4cf9c413d4f6edb24aabdccab49ca4a","name":"Jorge Mi\u00f1o","image":{"@type":"ImageObject","inLanguage":"es-AR","@id":"https:\/\/secure.gravatar.com\/avatar\/910fcf6728fe95320e07a6643c1581fec1c7fc4bf8ae12e3d8f0d0373dc844be?s=96&d=mm&r=g","url":"https:\/\/secure.gravatar.com\/avatar\/910fcf6728fe95320e07a6643c1581fec1c7fc4bf8ae12e3d8f0d0373dc844be?s=96&d=mm&r=g","contentUrl":"https:\/\/secure.gravatar.com\/avatar\/910fcf6728fe95320e07a6643c1581fec1c7fc4bf8ae12e3d8f0d0373dc844be?s=96&d=mm&r=g","caption":"Jorge Mi\u00f1o"},"sameAs":["http:\/\/radioinfinitagoya.com.ar"]}]}},"_links":{"self":[{"href":"https:\/\/radioinfinitagoya.com.ar\/v1\/wp-json\/wp\/v2\/posts\/203962","targetHints":{"allow":["GET"]}}],"collection":[{"href":"https:\/\/radioinfinitagoya.com.ar\/v1\/wp-json\/wp\/v2\/posts"}],"about":[{"href":"https:\/\/radioinfinitagoya.com.ar\/v1\/wp-json\/wp\/v2\/types\/post"}],"author":[{"embeddable":true,"href":"https:\/\/radioinfinitagoya.com.ar\/v1\/wp-json\/wp\/v2\/users\/4"}],"replies":[{"embeddable":true,"href":"https:\/\/radioinfinitagoya.com.ar\/v1\/wp-json\/wp\/v2\/comments?post=203962"}],"version-history":[{"count":0,"href":"https:\/\/radioinfinitagoya.com.ar\/v1\/wp-json\/wp\/v2\/posts\/203962\/revisions"}],"wp:featuredmedia":[{"embeddable":true,"href":"https:\/\/radioinfinitagoya.com.ar\/v1\/wp-json\/wp\/v2\/media\/203963"}],"wp:attachment":[{"href":"https:\/\/radioinfinitagoya.com.ar\/v1\/wp-json\/wp\/v2\/media?parent=203962"}],"wp:term":[{"taxonomy":"category","embeddable":true,"href":"https:\/\/radioinfinitagoya.com.ar\/v1\/wp-json\/wp\/v2\/categories?post=203962"},{"taxonomy":"post_tag","embeddable":true,"href":"https:\/\/radioinfinitagoya.com.ar\/v1\/wp-json\/wp\/v2\/tags?post=203962"}],"curies":[{"name":"wp","href":"https:\/\/api.w.org\/{rel}","templated":true}]}}