{"id":203966,"date":"2026-02-01T15:45:54","date_gmt":"2026-02-01T18:45:54","guid":{"rendered":"https:\/\/radioinfinitagoya.com.ar\/v1\/?p=203966"},"modified":"2026-02-01T15:45:54","modified_gmt":"2026-02-01T18:45:54","slug":"se-definieron-los-grupos-para-el-torneo-provincial-2026","status":"publish","type":"post","link":"https:\/\/radioinfinitagoya.com.ar\/v1\/2026\/02\/01\/se-definieron-los-grupos-para-el-torneo-provincial-2026\/","title":{"rendered":"Se definieron los grupos para el Torneo Provincial 2026"},"content":{"rendered":"<p>La Federaci\u00f3n Correntina de F\u00fatbol dio a conocer este s\u00e1bado la confirmaci\u00f3n de los grupos para la pr\u00f3xima edici\u00f3n del Torneo Provincial de Clubes 2026, que contar\u00e1 con la participaci\u00f3n de 32 equipos, que estar\u00e1n divididos en ocho grupos de cuatro equipos cada uno.<\/p>\n<p>En representaci\u00f3n a la Liga Correntina de F\u00fatbol se ganaron su lugar en el certamen provincial el Deportivo Empedrado y Sportivo Corrientes, en tanto que fueron invitados Lipton y Boca Unidos, quienes tambi\u00e9n formar\u00e1n parte del certamen, por lo que en total ser\u00e1n cuatro los equipos capitalinos.<br \/>\nEn cuanto a la conformaci\u00f3n de los grupos, Boca Unidos y Lipton competir\u00e1n en la Zona 1 junto a los equipos de la ciudad de Bella Vista, Estrada y Hogar Hermanos. Mientras que en la Zona 2, Sportivo Corrientes y Deportivo Empedrado compartir\u00e1n grupo junto con a los elencos de Ituzaing\u00f3, El Decano y Uni\u00f3n.<\/p>\n<p>Las Zonas:<br \/>\nZona 1: Boca Unidos, Lipton, Estrada (Bella Vista), Hogar Hermanos (Bella Vista)<br \/>\nZona 2: Sportivo Corrientes, Deportivo Empedrado, El Decano (Ituzaing\u00f3), Uni\u00f3n (Ituzaing\u00f3)<br \/>\nZona 3: Sportivo Santa Luc\u00eda, Matienzo (Goya), Concepci\u00f3n (Saladas), Calle Po\u00ed (Saladas)<br \/>\nZona 4: Central Goya, Hurac\u00e1n (Goya), Football (Esquina), Ber\u00f3n de Astrada (Esquina)<br \/>\nZona 5: Victoria (Curuz\u00fa Cuati\u00e1), Barracas (Curuz\u00fa Cuati\u00e1), Por\u00e1 Purajey (Sauce), Atlas (Sauce)<br \/>\nZona 6: Panificaci\u00f3n (Paso de los Libres), Barraca (Paso de los Libres), Villa Calma (Santo Tom\u00e9), Belgrano (La Cruz)<\/p>\n<p>Zona 7: Satunt\u00fan (Santo Tom\u00e9), Ber\u00f3n de Astrada (Santo Tom\u00e9), Estudiantes (Virasoro), San Alonso (Viraroso)<br \/>\nZona 8: San Lorenzo (Monte Caseros), Monte Caseros 2, Comunicaciones (Mercedes), Villa del Parque (Curuz\u00fa Cuati\u00e1)<\/p>\n<p>&nbsp;<\/p>\n","protected":false},"excerpt":{"rendered":"<p>La Federaci\u00f3n Correntina de F\u00fatbol dio a conocer este s\u00e1bado la confirmaci\u00f3n de los grupos para la pr\u00f3xima edici\u00f3n del Torneo Provincial de Clubes 2026, que contar\u00e1 con la participaci\u00f3n de 32 equipos, que estar\u00e1n divididos en ocho grupos de cuatro equipos cada uno. En representaci\u00f3n a la Liga Correntina de F\u00fatbol se ganaron su [&hellip;]<\/p>\n","protected":false},"author":4,"featured_media":203967,"comment_status":"open","ping_status":"open","sticky":false,"template":"","format":"standard","meta":{"_joinchat":[],"footnotes":""},"categories":[28],"tags":[],"class_list":{"0":"post-203966","1":"post","2":"type-post","3":"status-publish","4":"format-standard","5":"has-post-thumbnail","7":"category-deportes"},"yoast_head":"<!-- This site is optimized with the Yoast SEO plugin v27.2 - https:\/\/yoast.com\/product\/yoast-seo-wordpress\/ -->\n<title>Se definieron los grupos para el Torneo Provincial 2026 - Radio Infinita Goya<\/title>\n<meta name=\"description\" content=\"La Federaci\u00f3n Correntina de F\u00fatbol dio a conocer este s\u00e1bado la confirmaci\u00f3n de los grupos para la pr\u00f3xima edici\u00f3n del Torneo Provincial de Clubes 2026,\" \/>\n<meta name=\"robots\" content=\"index, follow, max-snippet:-1, max-image-preview:large, max-video-preview:-1\" \/>\n<link rel=\"canonical\" href=\"https:\/\/radioinfinitagoya.com.ar\/v1\/2026\/02\/01\/se-definieron-los-grupos-para-el-torneo-provincial-2026\/\" \/>\n<meta property=\"og:locale\" content=\"es_ES\" \/>\n<meta property=\"og:type\" content=\"article\" \/>\n<meta property=\"og:title\" content=\"Se definieron los grupos para el Torneo Provincial 2026 - Radio Infinita Goya\" \/>\n<meta property=\"og:description\" content=\"La Federaci\u00f3n Correntina de F\u00fatbol dio a conocer este s\u00e1bado la confirmaci\u00f3n de los grupos para la pr\u00f3xima edici\u00f3n del Torneo Provincial de Clubes 2026,\" \/>\n<meta property=\"og:url\" content=\"https:\/\/radioinfinitagoya.com.ar\/v1\/2026\/02\/01\/se-definieron-los-grupos-para-el-torneo-provincial-2026\/\" \/>\n<meta property=\"og:site_name\" content=\"Radio Infinita Goya\" \/>\n<meta property=\"article:publisher\" content=\"https:\/\/www.facebook.com\/p\/Infinita-Goya-100063870918311\/\" \/>\n<meta property=\"article:published_time\" content=\"2026-02-01T18:45:54+00:00\" \/>\n<meta property=\"og:image\" content=\"https:\/\/radioinfinitagoya.com.ar\/v1\/wp-content\/uploads\/2026\/02\/Z14.jpg\" \/>\n\t<meta property=\"og:image:width\" content=\"1080\" \/>\n\t<meta property=\"og:image:height\" content=\"1080\" \/>\n\t<meta property=\"og:image:type\" content=\"image\/jpeg\" \/>\n<meta name=\"author\" content=\"Jorge Mi\u00f1o\" \/>\n<meta name=\"twitter:card\" content=\"summary_large_image\" \/>\n<meta name=\"twitter:label1\" content=\"Escrito por\" \/>\n\t<meta name=\"twitter:data1\" content=\"Jorge Mi\u00f1o\" \/>\n\t<meta name=\"twitter:label2\" content=\"Tiempo de lectura\" \/>\n\t<meta name=\"twitter:data2\" content=\"1 minuto\" \/>\n<script type=\"application\/ld+json\" class=\"yoast-schema-graph\">{\"@context\":\"https:\/\/schema.org\",\"@graph\":[{\"@type\":\"Article\",\"@id\":\"https:\/\/radioinfinitagoya.com.ar\/v1\/2026\/02\/01\/se-definieron-los-grupos-para-el-torneo-provincial-2026\/#article\",\"isPartOf\":{\"@id\":\"https:\/\/radioinfinitagoya.com.ar\/v1\/2026\/02\/01\/se-definieron-los-grupos-para-el-torneo-provincial-2026\/\"},\"author\":{\"name\":\"Jorge Mi\u00f1o\",\"@id\":\"https:\/\/radioinfinitagoya.com.ar\/v1\/#\/schema\/person\/d4cf9c413d4f6edb24aabdccab49ca4a\"},\"headline\":\"Se definieron los grupos para el Torneo Provincial 2026\",\"datePublished\":\"2026-02-01T18:45:54+00:00\",\"mainEntityOfPage\":{\"@id\":\"https:\/\/radioinfinitagoya.com.ar\/v1\/2026\/02\/01\/se-definieron-los-grupos-para-el-torneo-provincial-2026\/\"},\"wordCount\":279,\"commentCount\":0,\"publisher\":{\"@id\":\"https:\/\/radioinfinitagoya.com.ar\/v1\/#organization\"},\"image\":{\"@id\":\"https:\/\/radioinfinitagoya.com.ar\/v1\/2026\/02\/01\/se-definieron-los-grupos-para-el-torneo-provincial-2026\/#primaryimage\"},\"thumbnailUrl\":\"https:\/\/radioinfinitagoya.com.ar\/v1\/wp-content\/uploads\/2026\/02\/Z14.jpg\",\"articleSection\":[\"DEPORTES\"],\"inLanguage\":\"es-AR\",\"potentialAction\":[{\"@type\":\"CommentAction\",\"name\":\"Comment\",\"target\":[\"https:\/\/radioinfinitagoya.com.ar\/v1\/2026\/02\/01\/se-definieron-los-grupos-para-el-torneo-provincial-2026\/#respond\"]}]},{\"@type\":\"WebPage\",\"@id\":\"https:\/\/radioinfinitagoya.com.ar\/v1\/2026\/02\/01\/se-definieron-los-grupos-para-el-torneo-provincial-2026\/\",\"url\":\"https:\/\/radioinfinitagoya.com.ar\/v1\/2026\/02\/01\/se-definieron-los-grupos-para-el-torneo-provincial-2026\/\",\"name\":\"Se definieron los grupos para el Torneo Provincial 2026 - Radio Infinita Goya\",\"isPartOf\":{\"@id\":\"https:\/\/radioinfinitagoya.com.ar\/v1\/#website\"},\"primaryImageOfPage\":{\"@id\":\"https:\/\/radioinfinitagoya.com.ar\/v1\/2026\/02\/01\/se-definieron-los-grupos-para-el-torneo-provincial-2026\/#primaryimage\"},\"image\":{\"@id\":\"https:\/\/radioinfinitagoya.com.ar\/v1\/2026\/02\/01\/se-definieron-los-grupos-para-el-torneo-provincial-2026\/#primaryimage\"},\"thumbnailUrl\":\"https:\/\/radioinfinitagoya.com.ar\/v1\/wp-content\/uploads\/2026\/02\/Z14.jpg\",\"datePublished\":\"2026-02-01T18:45:54+00:00\",\"description\":\"La Federaci\u00f3n Correntina de F\u00fatbol dio a conocer este s\u00e1bado la confirmaci\u00f3n de los grupos para la pr\u00f3xima edici\u00f3n del Torneo Provincial de Clubes 2026,\",\"breadcrumb\":{\"@id\":\"https:\/\/radioinfinitagoya.com.ar\/v1\/2026\/02\/01\/se-definieron-los-grupos-para-el-torneo-provincial-2026\/#breadcrumb\"},\"inLanguage\":\"es-AR\",\"potentialAction\":[{\"@type\":\"ReadAction\",\"target\":[\"https:\/\/radioinfinitagoya.com.ar\/v1\/2026\/02\/01\/se-definieron-los-grupos-para-el-torneo-provincial-2026\/\"]}]},{\"@type\":\"ImageObject\",\"inLanguage\":\"es-AR\",\"@id\":\"https:\/\/radioinfinitagoya.com.ar\/v1\/2026\/02\/01\/se-definieron-los-grupos-para-el-torneo-provincial-2026\/#primaryimage\",\"url\":\"https:\/\/radioinfinitagoya.com.ar\/v1\/wp-content\/uploads\/2026\/02\/Z14.jpg\",\"contentUrl\":\"https:\/\/radioinfinitagoya.com.ar\/v1\/wp-content\/uploads\/2026\/02\/Z14.jpg\",\"width\":1080,\"height\":1080},{\"@type\":\"BreadcrumbList\",\"@id\":\"https:\/\/radioinfinitagoya.com.ar\/v1\/2026\/02\/01\/se-definieron-los-grupos-para-el-torneo-provincial-2026\/#breadcrumb\",\"itemListElement\":[{\"@type\":\"ListItem\",\"position\":1,\"name\":\"Inicio\",\"item\":\"https:\/\/radioinfinitagoya.com.ar\/v1\/\"},{\"@type\":\"ListItem\",\"position\":2,\"name\":\"Se definieron los grupos para el Torneo Provincial 2026\"}]},{\"@type\":\"WebSite\",\"@id\":\"https:\/\/radioinfinitagoya.com.ar\/v1\/#website\",\"url\":\"https:\/\/radioinfinitagoya.com.ar\/v1\/\",\"name\":\"radioinfinitagoya.com.ar\",\"description\":\"Radio de noticias\",\"publisher\":{\"@id\":\"https:\/\/radioinfinitagoya.com.ar\/v1\/#organization\"},\"potentialAction\":[{\"@type\":\"SearchAction\",\"target\":{\"@type\":\"EntryPoint\",\"urlTemplate\":\"https:\/\/radioinfinitagoya.com.ar\/v1\/?s={search_term_string}\"},\"query-input\":{\"@type\":\"PropertyValueSpecification\",\"valueRequired\":true,\"valueName\":\"search_term_string\"}}],\"inLanguage\":\"es-AR\"},{\"@type\":\"Organization\",\"@id\":\"https:\/\/radioinfinitagoya.com.ar\/v1\/#organization\",\"name\":\"Radio Infinita Goya\",\"url\":\"https:\/\/radioinfinitagoya.com.ar\/v1\/\",\"logo\":{\"@type\":\"ImageObject\",\"inLanguage\":\"es-AR\",\"@id\":\"https:\/\/radioinfinitagoya.com.ar\/v1\/#\/schema\/logo\/image\/\",\"url\":\"https:\/\/radioinfinitagoya.com.ar\/v1\/wp-content\/uploads\/2019\/11\/logo-pie-web.png\",\"contentUrl\":\"https:\/\/radioinfinitagoya.com.ar\/v1\/wp-content\/uploads\/2019\/11\/logo-pie-web.png\",\"width\":635,\"height\":326,\"caption\":\"Radio Infinita Goya\"},\"image\":{\"@id\":\"https:\/\/radioinfinitagoya.com.ar\/v1\/#\/schema\/logo\/image\/\"},\"sameAs\":[\"https:\/\/www.facebook.com\/p\/Infinita-Goya-100063870918311\/\"]},{\"@type\":\"Person\",\"@id\":\"https:\/\/radioinfinitagoya.com.ar\/v1\/#\/schema\/person\/d4cf9c413d4f6edb24aabdccab49ca4a\",\"name\":\"Jorge Mi\u00f1o\",\"image\":{\"@type\":\"ImageObject\",\"inLanguage\":\"es-AR\",\"@id\":\"https:\/\/secure.gravatar.com\/avatar\/910fcf6728fe95320e07a6643c1581fec1c7fc4bf8ae12e3d8f0d0373dc844be?s=96&d=mm&r=g\",\"url\":\"https:\/\/secure.gravatar.com\/avatar\/910fcf6728fe95320e07a6643c1581fec1c7fc4bf8ae12e3d8f0d0373dc844be?s=96&d=mm&r=g\",\"contentUrl\":\"https:\/\/secure.gravatar.com\/avatar\/910fcf6728fe95320e07a6643c1581fec1c7fc4bf8ae12e3d8f0d0373dc844be?s=96&d=mm&r=g\",\"caption\":\"Jorge Mi\u00f1o\"},\"sameAs\":[\"http:\/\/radioinfinitagoya.com.ar\"]}]}<\/script>\n<!-- \/ Yoast SEO plugin. -->","yoast_head_json":{"title":"Se definieron los grupos para el Torneo Provincial 2026 - Radio Infinita Goya","description":"La Federaci\u00f3n Correntina de F\u00fatbol dio a conocer este s\u00e1bado la confirmaci\u00f3n de los grupos para la pr\u00f3xima edici\u00f3n del Torneo Provincial de Clubes 2026,","robots":{"index":"index","follow":"follow","max-snippet":"max-snippet:-1","max-image-preview":"max-image-preview:large","max-video-preview":"max-video-preview:-1"},"canonical":"https:\/\/radioinfinitagoya.com.ar\/v1\/2026\/02\/01\/se-definieron-los-grupos-para-el-torneo-provincial-2026\/","og_locale":"es_ES","og_type":"article","og_title":"Se definieron los grupos para el Torneo Provincial 2026 - Radio Infinita Goya","og_description":"La Federaci\u00f3n Correntina de F\u00fatbol dio a conocer este s\u00e1bado la confirmaci\u00f3n de los grupos para la pr\u00f3xima edici\u00f3n del Torneo Provincial de Clubes 2026,","og_url":"https:\/\/radioinfinitagoya.com.ar\/v1\/2026\/02\/01\/se-definieron-los-grupos-para-el-torneo-provincial-2026\/","og_site_name":"Radio Infinita Goya","article_publisher":"https:\/\/www.facebook.com\/p\/Infinita-Goya-100063870918311\/","article_published_time":"2026-02-01T18:45:54+00:00","og_image":[{"width":1080,"height":1080,"url":"https:\/\/radioinfinitagoya.com.ar\/v1\/wp-content\/uploads\/2026\/02\/Z14.jpg","type":"image\/jpeg"}],"author":"Jorge Mi\u00f1o","twitter_card":"summary_large_image","twitter_misc":{"Escrito por":"Jorge Mi\u00f1o","Tiempo de lectura":"1 minuto"},"schema":{"@context":"https:\/\/schema.org","@graph":[{"@type":"Article","@id":"https:\/\/radioinfinitagoya.com.ar\/v1\/2026\/02\/01\/se-definieron-los-grupos-para-el-torneo-provincial-2026\/#article","isPartOf":{"@id":"https:\/\/radioinfinitagoya.com.ar\/v1\/2026\/02\/01\/se-definieron-los-grupos-para-el-torneo-provincial-2026\/"},"author":{"name":"Jorge Mi\u00f1o","@id":"https:\/\/radioinfinitagoya.com.ar\/v1\/#\/schema\/person\/d4cf9c413d4f6edb24aabdccab49ca4a"},"headline":"Se definieron los grupos para el Torneo Provincial 2026","datePublished":"2026-02-01T18:45:54+00:00","mainEntityOfPage":{"@id":"https:\/\/radioinfinitagoya.com.ar\/v1\/2026\/02\/01\/se-definieron-los-grupos-para-el-torneo-provincial-2026\/"},"wordCount":279,"commentCount":0,"publisher":{"@id":"https:\/\/radioinfinitagoya.com.ar\/v1\/#organization"},"image":{"@id":"https:\/\/radioinfinitagoya.com.ar\/v1\/2026\/02\/01\/se-definieron-los-grupos-para-el-torneo-provincial-2026\/#primaryimage"},"thumbnailUrl":"https:\/\/radioinfinitagoya.com.ar\/v1\/wp-content\/uploads\/2026\/02\/Z14.jpg","articleSection":["DEPORTES"],"inLanguage":"es-AR","potentialAction":[{"@type":"CommentAction","name":"Comment","target":["https:\/\/radioinfinitagoya.com.ar\/v1\/2026\/02\/01\/se-definieron-los-grupos-para-el-torneo-provincial-2026\/#respond"]}]},{"@type":"WebPage","@id":"https:\/\/radioinfinitagoya.com.ar\/v1\/2026\/02\/01\/se-definieron-los-grupos-para-el-torneo-provincial-2026\/","url":"https:\/\/radioinfinitagoya.com.ar\/v1\/2026\/02\/01\/se-definieron-los-grupos-para-el-torneo-provincial-2026\/","name":"Se definieron los grupos para el Torneo Provincial 2026 - Radio Infinita Goya","isPartOf":{"@id":"https:\/\/radioinfinitagoya.com.ar\/v1\/#website"},"primaryImageOfPage":{"@id":"https:\/\/radioinfinitagoya.com.ar\/v1\/2026\/02\/01\/se-definieron-los-grupos-para-el-torneo-provincial-2026\/#primaryimage"},"image":{"@id":"https:\/\/radioinfinitagoya.com.ar\/v1\/2026\/02\/01\/se-definieron-los-grupos-para-el-torneo-provincial-2026\/#primaryimage"},"thumbnailUrl":"https:\/\/radioinfinitagoya.com.ar\/v1\/wp-content\/uploads\/2026\/02\/Z14.jpg","datePublished":"2026-02-01T18:45:54+00:00","description":"La Federaci\u00f3n Correntina de F\u00fatbol dio a conocer este s\u00e1bado la confirmaci\u00f3n de los grupos para la pr\u00f3xima edici\u00f3n del Torneo Provincial de Clubes 2026,","breadcrumb":{"@id":"https:\/\/radioinfinitagoya.com.ar\/v1\/2026\/02\/01\/se-definieron-los-grupos-para-el-torneo-provincial-2026\/#breadcrumb"},"inLanguage":"es-AR","potentialAction":[{"@type":"ReadAction","target":["https:\/\/radioinfinitagoya.com.ar\/v1\/2026\/02\/01\/se-definieron-los-grupos-para-el-torneo-provincial-2026\/"]}]},{"@type":"ImageObject","inLanguage":"es-AR","@id":"https:\/\/radioinfinitagoya.com.ar\/v1\/2026\/02\/01\/se-definieron-los-grupos-para-el-torneo-provincial-2026\/#primaryimage","url":"https:\/\/radioinfinitagoya.com.ar\/v1\/wp-content\/uploads\/2026\/02\/Z14.jpg","contentUrl":"https:\/\/radioinfinitagoya.com.ar\/v1\/wp-content\/uploads\/2026\/02\/Z14.jpg","width":1080,"height":1080},{"@type":"BreadcrumbList","@id":"https:\/\/radioinfinitagoya.com.ar\/v1\/2026\/02\/01\/se-definieron-los-grupos-para-el-torneo-provincial-2026\/#breadcrumb","itemListElement":[{"@type":"ListItem","position":1,"name":"Inicio","item":"https:\/\/radioinfinitagoya.com.ar\/v1\/"},{"@type":"ListItem","position":2,"name":"Se definieron los grupos para el Torneo Provincial 2026"}]},{"@type":"WebSite","@id":"https:\/\/radioinfinitagoya.com.ar\/v1\/#website","url":"https:\/\/radioinfinitagoya.com.ar\/v1\/","name":"radioinfinitagoya.com.ar","description":"Radio de noticias","publisher":{"@id":"https:\/\/radioinfinitagoya.com.ar\/v1\/#organization"},"potentialAction":[{"@type":"SearchAction","target":{"@type":"EntryPoint","urlTemplate":"https:\/\/radioinfinitagoya.com.ar\/v1\/?s={search_term_string}"},"query-input":{"@type":"PropertyValueSpecification","valueRequired":true,"valueName":"search_term_string"}}],"inLanguage":"es-AR"},{"@type":"Organization","@id":"https:\/\/radioinfinitagoya.com.ar\/v1\/#organization","name":"Radio Infinita Goya","url":"https:\/\/radioinfinitagoya.com.ar\/v1\/","logo":{"@type":"ImageObject","inLanguage":"es-AR","@id":"https:\/\/radioinfinitagoya.com.ar\/v1\/#\/schema\/logo\/image\/","url":"https:\/\/radioinfinitagoya.com.ar\/v1\/wp-content\/uploads\/2019\/11\/logo-pie-web.png","contentUrl":"https:\/\/radioinfinitagoya.com.ar\/v1\/wp-content\/uploads\/2019\/11\/logo-pie-web.png","width":635,"height":326,"caption":"Radio Infinita Goya"},"image":{"@id":"https:\/\/radioinfinitagoya.com.ar\/v1\/#\/schema\/logo\/image\/"},"sameAs":["https:\/\/www.facebook.com\/p\/Infinita-Goya-100063870918311\/"]},{"@type":"Person","@id":"https:\/\/radioinfinitagoya.com.ar\/v1\/#\/schema\/person\/d4cf9c413d4f6edb24aabdccab49ca4a","name":"Jorge Mi\u00f1o","image":{"@type":"ImageObject","inLanguage":"es-AR","@id":"https:\/\/secure.gravatar.com\/avatar\/910fcf6728fe95320e07a6643c1581fec1c7fc4bf8ae12e3d8f0d0373dc844be?s=96&d=mm&r=g","url":"https:\/\/secure.gravatar.com\/avatar\/910fcf6728fe95320e07a6643c1581fec1c7fc4bf8ae12e3d8f0d0373dc844be?s=96&d=mm&r=g","contentUrl":"https:\/\/secure.gravatar.com\/avatar\/910fcf6728fe95320e07a6643c1581fec1c7fc4bf8ae12e3d8f0d0373dc844be?s=96&d=mm&r=g","caption":"Jorge Mi\u00f1o"},"sameAs":["http:\/\/radioinfinitagoya.com.ar"]}]}},"_links":{"self":[{"href":"https:\/\/radioinfinitagoya.com.ar\/v1\/wp-json\/wp\/v2\/posts\/203966","targetHints":{"allow":["GET"]}}],"collection":[{"href":"https:\/\/radioinfinitagoya.com.ar\/v1\/wp-json\/wp\/v2\/posts"}],"about":[{"href":"https:\/\/radioinfinitagoya.com.ar\/v1\/wp-json\/wp\/v2\/types\/post"}],"author":[{"embeddable":true,"href":"https:\/\/radioinfinitagoya.com.ar\/v1\/wp-json\/wp\/v2\/users\/4"}],"replies":[{"embeddable":true,"href":"https:\/\/radioinfinitagoya.com.ar\/v1\/wp-json\/wp\/v2\/comments?post=203966"}],"version-history":[{"count":0,"href":"https:\/\/radioinfinitagoya.com.ar\/v1\/wp-json\/wp\/v2\/posts\/203966\/revisions"}],"wp:featuredmedia":[{"embeddable":true,"href":"https:\/\/radioinfinitagoya.com.ar\/v1\/wp-json\/wp\/v2\/media\/203967"}],"wp:attachment":[{"href":"https:\/\/radioinfinitagoya.com.ar\/v1\/wp-json\/wp\/v2\/media?parent=203966"}],"wp:term":[{"taxonomy":"category","embeddable":true,"href":"https:\/\/radioinfinitagoya.com.ar\/v1\/wp-json\/wp\/v2\/categories?post=203966"},{"taxonomy":"post_tag","embeddable":true,"href":"https:\/\/radioinfinitagoya.com.ar\/v1\/wp-json\/wp\/v2\/tags?post=203966"}],"curies":[{"name":"wp","href":"https:\/\/api.w.org\/{rel}","templated":true}]}}