{"id":203969,"date":"2026-02-01T15:55:22","date_gmt":"2026-02-01T18:55:22","guid":{"rendered":"https:\/\/radioinfinitagoya.com.ar\/v1\/?p=203969"},"modified":"2026-02-01T15:55:22","modified_gmt":"2026-02-01T18:55:22","slug":"donald-trump-confirmo-conversaciones-con-las-mas-altas-esferas-de-la-dictadura-cubana","status":"publish","type":"post","link":"https:\/\/radioinfinitagoya.com.ar\/v1\/2026\/02\/01\/donald-trump-confirmo-conversaciones-con-las-mas-altas-esferas-de-la-dictadura-cubana\/","title":{"rendered":"Donald Trump confirm\u00f3 conversaciones \u201ccon las m\u00e1s altas esferas\u201d de la dictadura cubana"},"content":{"rendered":"<p>\u201cCreo que vamos a llegar a un acuerdo. Veremos qu\u00e9 pasa\u201d, asegur\u00f3 el mandatario estadounidense en medio de las tensiones entre Washington y La Habana<\/p>\n<p>El presidente de Estados Unidos, Donald Trump, confirm\u00f3 este domingo que su administraci\u00f3n inici\u00f3 negociaciones con los altos mandos del r\u00e9gimen cubano y afirm\u00f3 que conf\u00eda en alcanzar un acuerdo.<\/p>\n<p>\u201cEstamos hablando con las m\u00e1s altas esferas de Cuba. Veamos qu\u00e9 pasa\u201d, declar\u00f3 el presidente.<\/p>\n<p>\u201cCreo que vamos a llegar a un acuerdo con Cuba\u201d, agreg\u00f3.<\/p>\n<p>Las declaraciones se producen en medio de una intensa campa\u00f1a de presi\u00f3n econ\u00f3mica contra la isla, tras la captura del dictador narco Nicol\u00e1s Maduro por fuerzas estadounidenses y el corte efectivo de suministros petroleros desde Venezuela \u2014principal sost\u00e9n hist\u00f3rico del r\u00e9gimen cubano\u2014.<\/p>\n<p>Trump ha enfatizado repetidamente que Cuba \u201cno podr\u00e1 sobrevivir\u201d sin ese apoyo, calific\u00e1ndola como una \u201cnaci\u00f3n fallida\u201d al borde del colapso.<\/p>\n<p>La noche del s\u00e1bado, el mandatario republicano respondi\u00f3 a las advertencias de la presidenta mexicana Claudia Sheinbaum, quien hab\u00eda se\u00f1alado que cortar el suministro de crudo a Cuba provocar\u00eda una crisis humanitaria.<\/p>\n<p><img loading=\"lazy\" decoding=\"async\" class=\"alignnone size-full wp-image-203971\" src=\"https:\/\/radioinfinitagoya.com.ar\/v1\/wp-content\/uploads\/2026\/02\/Z16.jpg\" alt=\"\" width=\"940\" height=\"573\" srcset=\"https:\/\/radioinfinitagoya.com.ar\/v1\/wp-content\/uploads\/2026\/02\/Z16.jpg 940w, https:\/\/radioinfinitagoya.com.ar\/v1\/wp-content\/uploads\/2026\/02\/Z16-150x91.jpg 150w, https:\/\/radioinfinitagoya.com.ar\/v1\/wp-content\/uploads\/2026\/02\/Z16-768x468.jpg 768w, https:\/\/radioinfinitagoya.com.ar\/v1\/wp-content\/uploads\/2026\/02\/Z16-689x420.jpg 689w, https:\/\/radioinfinitagoya.com.ar\/v1\/wp-content\/uploads\/2026\/02\/Z16-696x424.jpg 696w\" sizes=\"auto, (max-width: 940px) 100vw, 940px\" \/>\u201cNo tiene por qu\u00e9 haber una crisis humanitaria. Creo que probablemente vendr\u00e1n a nosotros y querr\u00edan hacer un trato. As\u00ed que Cuba ser\u00e1 libre nuevamente. Vendr\u00e1n a nosotros y har\u00e1n un trato\u201d, dijo Trump.<\/p>\n<p>El pronunciamiento se produce en medio de informaciones no confirmadas que indican que una delegaci\u00f3n cubana, encabezada por el general Alejandro Castro Esp\u00edn, habr\u00eda mantenido reuniones en M\u00e9xico con un alto funcionario de la Agencia Central de Inteligencia (CIA).<\/p>\n<p>Seg\u00fan esas versiones, el principal objetivo de los encuentros habr\u00eda sido explorar una salida negociada a la actual crisis bilateral, as\u00ed como gestionar el eventual desbloqueo de 133 millones de d\u00f3lares depositados en una cuenta bancaria vinculada a remesas de emigrantes cubanos. La delegaci\u00f3n buscar\u00eda utilizar esos fondos para la compra de combustible.<\/p>\n<p>\u201cEst\u00e1n hablando de todo\u201d, se\u00f1al\u00f3 una fuente consultada sobre el alcance de las conversaciones.<\/p>\n<p>Entretanto, la Oficina de Asuntos del Hemisferio Occidental del Departamento de Estado exigi\u00f3 al r\u00e9gimen cubano cesar inmediatamente sus acciones represivas.<\/p>\n<p><img loading=\"lazy\" decoding=\"async\" class=\"alignnone size-full wp-image-203972\" src=\"https:\/\/radioinfinitagoya.com.ar\/v1\/wp-content\/uploads\/2026\/02\/Z17.jpg\" alt=\"\" width=\"1080\" height=\"438\" srcset=\"https:\/\/radioinfinitagoya.com.ar\/v1\/wp-content\/uploads\/2026\/02\/Z17.jpg 1080w, https:\/\/radioinfinitagoya.com.ar\/v1\/wp-content\/uploads\/2026\/02\/Z17-150x61.jpg 150w, https:\/\/radioinfinitagoya.com.ar\/v1\/wp-content\/uploads\/2026\/02\/Z17-768x311.jpg 768w, https:\/\/radioinfinitagoya.com.ar\/v1\/wp-content\/uploads\/2026\/02\/Z17-1036x420.jpg 1036w, https:\/\/radioinfinitagoya.com.ar\/v1\/wp-content\/uploads\/2026\/02\/Z17-696x282.jpg 696w, https:\/\/radioinfinitagoya.com.ar\/v1\/wp-content\/uploads\/2026\/02\/Z17-1068x433.jpg 1068w\" sizes=\"auto, (max-width: 1080px) 100vw, 1080px\" \/>\u201cEl r\u00e9gimen ileg\u00edtimo cubano debe cesar inmediatamente sus actos represivos de mandar a individuos para interferir en la labor diplom\u00e1tica del Encargado de Negocios Hammer\u201d, se\u00f1al\u00f3 el organismo en su cuenta de X.<\/p>\n<p>\u201cNuestros diplom\u00e1ticos continuar\u00e1n reuni\u00e9ndose con el pueblo cubano, a pesar de las t\u00e1cticas fallidas de intimidaci\u00f3n del r\u00e9gimen\u201d, a\u00f1adi\u00f3 la Oficina.<\/p>\n<p>El embajador de Estados Unidos en Cuba, Mike Hammer, denunci\u00f3 actos de hostigamiento tras un incidente en una provincia cubana.<\/p>\n<p>Relat\u00f3 que, a la salida de la Iglesia San Francisco de Paula, un grupo de personas lo increp\u00f3 con gritos e insultos.<\/p>\n<p>\u201cHa habido algunos que han chillado algunos insultos. Creo que pertenece a cierto partido, pero yo s\u00e9 que ellos no representan al pueblo cubano, a los cubanos de a pie\u201d, se\u00f1al\u00f3 el diplom\u00e1tico.<\/p>\n<p>Hammer manifest\u00f3 que continuar\u00e1 recorriendo la isla y dialogando con ciudadanos sobre sus aspiraciones.<\/p>\n<p>En respuesta a los incidentes, el congresista Carlos Gimenez conden\u00f3 las agresiones contra Hammer.<\/p>\n<p>\u201cEl r\u00e9gimen en Cuba ha enviado a sus agentes para atacar al embajador estadounidense Mike Hammer. Este hostigamiento constituye una clara violaci\u00f3n del derecho internacional y no ser\u00e1 tolerado\u201d, expres\u00f3 Gimenez en su cuenta de X.<\/p>\n<p>La semana pasada, Trump firm\u00f3 una orden ejecutiva que declara una \u201cemergencia nacional\u201d respecto a la dictadura de Cuba, argumentando que el r\u00e9gimen representa una \u201camenaza inusual y extraordinaria\u201d a la seguridad y pol\u00edtica exterior de EEUU por su apoyo a actores hostiles, terrorismo e inestabilidad regional.<\/p>\n<p>La medida impone aranceles a productos de cualquier pa\u00eds que venda o suministre petr\u00f3leo a Cuba, lo que ha afectado directamente env\u00edos desde M\u00e9xico (que hab\u00eda suplido parcialmente el vac\u00edo venezolano) y otros posibles proveedores.<\/p>\n<p>&nbsp;<\/p>\n","protected":false},"excerpt":{"rendered":"<p>\u201cCreo que vamos a llegar a un acuerdo. Veremos qu\u00e9 pasa\u201d, asegur\u00f3 el mandatario estadounidense en medio de las tensiones entre Washington y La Habana El presidente de Estados Unidos, Donald Trump, confirm\u00f3 este domingo que su administraci\u00f3n inici\u00f3 negociaciones con los altos mandos del r\u00e9gimen cubano y afirm\u00f3 que conf\u00eda en alcanzar un acuerdo. [&hellip;]<\/p>\n","protected":false},"author":4,"featured_media":203970,"comment_status":"open","ping_status":"open","sticky":false,"template":"","format":"standard","meta":{"_joinchat":[],"footnotes":""},"categories":[31],"tags":[],"class_list":{"0":"post-203969","1":"post","2":"type-post","3":"status-publish","4":"format-standard","5":"has-post-thumbnail","7":"category-informacion-general"},"yoast_head":"<!-- This site is optimized with the Yoast SEO plugin v27.2 - https:\/\/yoast.com\/product\/yoast-seo-wordpress\/ -->\n<title>Donald Trump confirm\u00f3 conversaciones \u201ccon las m\u00e1s altas esferas\u201d de la dictadura cubana - Radio Infinita Goya<\/title>\n<meta name=\"description\" content=\"\u201cCreo que vamos a llegar a un acuerdo. Veremos qu\u00e9 pasa\u201d, asegur\u00f3 el mandatario estadounidense en medio de las tensiones entre Washington y La Habana El\" \/>\n<meta name=\"robots\" content=\"index, follow, max-snippet:-1, max-image-preview:large, max-video-preview:-1\" \/>\n<link rel=\"canonical\" href=\"https:\/\/radioinfinitagoya.com.ar\/v1\/2026\/02\/01\/donald-trump-confirmo-conversaciones-con-las-mas-altas-esferas-de-la-dictadura-cubana\/\" \/>\n<meta property=\"og:locale\" content=\"es_ES\" \/>\n<meta property=\"og:type\" content=\"article\" \/>\n<meta property=\"og:title\" content=\"Donald Trump confirm\u00f3 conversaciones \u201ccon las m\u00e1s altas esferas\u201d de la dictadura cubana - Radio Infinita Goya\" \/>\n<meta property=\"og:description\" content=\"\u201cCreo que vamos a llegar a un acuerdo. Veremos qu\u00e9 pasa\u201d, asegur\u00f3 el mandatario estadounidense en medio de las tensiones entre Washington y La Habana El\" \/>\n<meta property=\"og:url\" content=\"https:\/\/radioinfinitagoya.com.ar\/v1\/2026\/02\/01\/donald-trump-confirmo-conversaciones-con-las-mas-altas-esferas-de-la-dictadura-cubana\/\" \/>\n<meta property=\"og:site_name\" content=\"Radio Infinita Goya\" \/>\n<meta property=\"article:publisher\" content=\"https:\/\/www.facebook.com\/p\/Infinita-Goya-100063870918311\/\" \/>\n<meta property=\"article:published_time\" content=\"2026-02-01T18:55:22+00:00\" \/>\n<meta property=\"og:image\" content=\"https:\/\/radioinfinitagoya.com.ar\/v1\/wp-content\/uploads\/2026\/02\/Z15.jpg\" \/>\n\t<meta property=\"og:image:width\" content=\"1080\" \/>\n\t<meta property=\"og:image:height\" content=\"701\" \/>\n\t<meta property=\"og:image:type\" content=\"image\/jpeg\" \/>\n<meta name=\"author\" content=\"Jorge Mi\u00f1o\" \/>\n<meta name=\"twitter:card\" content=\"summary_large_image\" \/>\n<meta name=\"twitter:label1\" content=\"Escrito por\" \/>\n\t<meta name=\"twitter:data1\" content=\"Jorge Mi\u00f1o\" \/>\n\t<meta name=\"twitter:label2\" content=\"Tiempo de lectura\" \/>\n\t<meta name=\"twitter:data2\" content=\"3 minutos\" \/>\n<script type=\"application\/ld+json\" class=\"yoast-schema-graph\">{\"@context\":\"https:\/\/schema.org\",\"@graph\":[{\"@type\":\"Article\",\"@id\":\"https:\/\/radioinfinitagoya.com.ar\/v1\/2026\/02\/01\/donald-trump-confirmo-conversaciones-con-las-mas-altas-esferas-de-la-dictadura-cubana\/#article\",\"isPartOf\":{\"@id\":\"https:\/\/radioinfinitagoya.com.ar\/v1\/2026\/02\/01\/donald-trump-confirmo-conversaciones-con-las-mas-altas-esferas-de-la-dictadura-cubana\/\"},\"author\":{\"name\":\"Jorge Mi\u00f1o\",\"@id\":\"https:\/\/radioinfinitagoya.com.ar\/v1\/#\/schema\/person\/d4cf9c413d4f6edb24aabdccab49ca4a\"},\"headline\":\"Donald Trump confirm\u00f3 conversaciones \u201ccon las m\u00e1s altas esferas\u201d de la dictadura cubana\",\"datePublished\":\"2026-02-01T18:55:22+00:00\",\"mainEntityOfPage\":{\"@id\":\"https:\/\/radioinfinitagoya.com.ar\/v1\/2026\/02\/01\/donald-trump-confirmo-conversaciones-con-las-mas-altas-esferas-de-la-dictadura-cubana\/\"},\"wordCount\":682,\"commentCount\":0,\"publisher\":{\"@id\":\"https:\/\/radioinfinitagoya.com.ar\/v1\/#organization\"},\"image\":{\"@id\":\"https:\/\/radioinfinitagoya.com.ar\/v1\/2026\/02\/01\/donald-trump-confirmo-conversaciones-con-las-mas-altas-esferas-de-la-dictadura-cubana\/#primaryimage\"},\"thumbnailUrl\":\"https:\/\/radioinfinitagoya.com.ar\/v1\/wp-content\/uploads\/2026\/02\/Z15.jpg\",\"articleSection\":[\"INFORMACI\u00d3N GENERAL\"],\"inLanguage\":\"es-AR\",\"potentialAction\":[{\"@type\":\"CommentAction\",\"name\":\"Comment\",\"target\":[\"https:\/\/radioinfinitagoya.com.ar\/v1\/2026\/02\/01\/donald-trump-confirmo-conversaciones-con-las-mas-altas-esferas-de-la-dictadura-cubana\/#respond\"]}]},{\"@type\":\"WebPage\",\"@id\":\"https:\/\/radioinfinitagoya.com.ar\/v1\/2026\/02\/01\/donald-trump-confirmo-conversaciones-con-las-mas-altas-esferas-de-la-dictadura-cubana\/\",\"url\":\"https:\/\/radioinfinitagoya.com.ar\/v1\/2026\/02\/01\/donald-trump-confirmo-conversaciones-con-las-mas-altas-esferas-de-la-dictadura-cubana\/\",\"name\":\"Donald Trump confirm\u00f3 conversaciones \u201ccon las m\u00e1s altas esferas\u201d de la dictadura cubana - Radio Infinita Goya\",\"isPartOf\":{\"@id\":\"https:\/\/radioinfinitagoya.com.ar\/v1\/#website\"},\"primaryImageOfPage\":{\"@id\":\"https:\/\/radioinfinitagoya.com.ar\/v1\/2026\/02\/01\/donald-trump-confirmo-conversaciones-con-las-mas-altas-esferas-de-la-dictadura-cubana\/#primaryimage\"},\"image\":{\"@id\":\"https:\/\/radioinfinitagoya.com.ar\/v1\/2026\/02\/01\/donald-trump-confirmo-conversaciones-con-las-mas-altas-esferas-de-la-dictadura-cubana\/#primaryimage\"},\"thumbnailUrl\":\"https:\/\/radioinfinitagoya.com.ar\/v1\/wp-content\/uploads\/2026\/02\/Z15.jpg\",\"datePublished\":\"2026-02-01T18:55:22+00:00\",\"description\":\"\u201cCreo que vamos a llegar a un acuerdo. Veremos qu\u00e9 pasa\u201d, asegur\u00f3 el mandatario estadounidense en medio de las tensiones entre Washington y La Habana El\",\"breadcrumb\":{\"@id\":\"https:\/\/radioinfinitagoya.com.ar\/v1\/2026\/02\/01\/donald-trump-confirmo-conversaciones-con-las-mas-altas-esferas-de-la-dictadura-cubana\/#breadcrumb\"},\"inLanguage\":\"es-AR\",\"potentialAction\":[{\"@type\":\"ReadAction\",\"target\":[\"https:\/\/radioinfinitagoya.com.ar\/v1\/2026\/02\/01\/donald-trump-confirmo-conversaciones-con-las-mas-altas-esferas-de-la-dictadura-cubana\/\"]}]},{\"@type\":\"ImageObject\",\"inLanguage\":\"es-AR\",\"@id\":\"https:\/\/radioinfinitagoya.com.ar\/v1\/2026\/02\/01\/donald-trump-confirmo-conversaciones-con-las-mas-altas-esferas-de-la-dictadura-cubana\/#primaryimage\",\"url\":\"https:\/\/radioinfinitagoya.com.ar\/v1\/wp-content\/uploads\/2026\/02\/Z15.jpg\",\"contentUrl\":\"https:\/\/radioinfinitagoya.com.ar\/v1\/wp-content\/uploads\/2026\/02\/Z15.jpg\",\"width\":1080,\"height\":701},{\"@type\":\"BreadcrumbList\",\"@id\":\"https:\/\/radioinfinitagoya.com.ar\/v1\/2026\/02\/01\/donald-trump-confirmo-conversaciones-con-las-mas-altas-esferas-de-la-dictadura-cubana\/#breadcrumb\",\"itemListElement\":[{\"@type\":\"ListItem\",\"position\":1,\"name\":\"Inicio\",\"item\":\"https:\/\/radioinfinitagoya.com.ar\/v1\/\"},{\"@type\":\"ListItem\",\"position\":2,\"name\":\"Donald Trump confirm\u00f3 conversaciones \u201ccon las m\u00e1s altas esferas\u201d de la dictadura cubana\"}]},{\"@type\":\"WebSite\",\"@id\":\"https:\/\/radioinfinitagoya.com.ar\/v1\/#website\",\"url\":\"https:\/\/radioinfinitagoya.com.ar\/v1\/\",\"name\":\"radioinfinitagoya.com.ar\",\"description\":\"Radio de noticias\",\"publisher\":{\"@id\":\"https:\/\/radioinfinitagoya.com.ar\/v1\/#organization\"},\"potentialAction\":[{\"@type\":\"SearchAction\",\"target\":{\"@type\":\"EntryPoint\",\"urlTemplate\":\"https:\/\/radioinfinitagoya.com.ar\/v1\/?s={search_term_string}\"},\"query-input\":{\"@type\":\"PropertyValueSpecification\",\"valueRequired\":true,\"valueName\":\"search_term_string\"}}],\"inLanguage\":\"es-AR\"},{\"@type\":\"Organization\",\"@id\":\"https:\/\/radioinfinitagoya.com.ar\/v1\/#organization\",\"name\":\"Radio Infinita Goya\",\"url\":\"https:\/\/radioinfinitagoya.com.ar\/v1\/\",\"logo\":{\"@type\":\"ImageObject\",\"inLanguage\":\"es-AR\",\"@id\":\"https:\/\/radioinfinitagoya.com.ar\/v1\/#\/schema\/logo\/image\/\",\"url\":\"https:\/\/radioinfinitagoya.com.ar\/v1\/wp-content\/uploads\/2019\/11\/logo-pie-web.png\",\"contentUrl\":\"https:\/\/radioinfinitagoya.com.ar\/v1\/wp-content\/uploads\/2019\/11\/logo-pie-web.png\",\"width\":635,\"height\":326,\"caption\":\"Radio Infinita Goya\"},\"image\":{\"@id\":\"https:\/\/radioinfinitagoya.com.ar\/v1\/#\/schema\/logo\/image\/\"},\"sameAs\":[\"https:\/\/www.facebook.com\/p\/Infinita-Goya-100063870918311\/\"]},{\"@type\":\"Person\",\"@id\":\"https:\/\/radioinfinitagoya.com.ar\/v1\/#\/schema\/person\/d4cf9c413d4f6edb24aabdccab49ca4a\",\"name\":\"Jorge Mi\u00f1o\",\"image\":{\"@type\":\"ImageObject\",\"inLanguage\":\"es-AR\",\"@id\":\"https:\/\/secure.gravatar.com\/avatar\/910fcf6728fe95320e07a6643c1581fec1c7fc4bf8ae12e3d8f0d0373dc844be?s=96&d=mm&r=g\",\"url\":\"https:\/\/secure.gravatar.com\/avatar\/910fcf6728fe95320e07a6643c1581fec1c7fc4bf8ae12e3d8f0d0373dc844be?s=96&d=mm&r=g\",\"contentUrl\":\"https:\/\/secure.gravatar.com\/avatar\/910fcf6728fe95320e07a6643c1581fec1c7fc4bf8ae12e3d8f0d0373dc844be?s=96&d=mm&r=g\",\"caption\":\"Jorge Mi\u00f1o\"},\"sameAs\":[\"http:\/\/radioinfinitagoya.com.ar\"]}]}<\/script>\n<!-- \/ Yoast SEO plugin. -->","yoast_head_json":{"title":"Donald Trump confirm\u00f3 conversaciones \u201ccon las m\u00e1s altas esferas\u201d de la dictadura cubana - Radio Infinita Goya","description":"\u201cCreo que vamos a llegar a un acuerdo. Veremos qu\u00e9 pasa\u201d, asegur\u00f3 el mandatario estadounidense en medio de las tensiones entre Washington y La Habana El","robots":{"index":"index","follow":"follow","max-snippet":"max-snippet:-1","max-image-preview":"max-image-preview:large","max-video-preview":"max-video-preview:-1"},"canonical":"https:\/\/radioinfinitagoya.com.ar\/v1\/2026\/02\/01\/donald-trump-confirmo-conversaciones-con-las-mas-altas-esferas-de-la-dictadura-cubana\/","og_locale":"es_ES","og_type":"article","og_title":"Donald Trump confirm\u00f3 conversaciones \u201ccon las m\u00e1s altas esferas\u201d de la dictadura cubana - Radio Infinita Goya","og_description":"\u201cCreo que vamos a llegar a un acuerdo. Veremos qu\u00e9 pasa\u201d, asegur\u00f3 el mandatario estadounidense en medio de las tensiones entre Washington y La Habana El","og_url":"https:\/\/radioinfinitagoya.com.ar\/v1\/2026\/02\/01\/donald-trump-confirmo-conversaciones-con-las-mas-altas-esferas-de-la-dictadura-cubana\/","og_site_name":"Radio Infinita Goya","article_publisher":"https:\/\/www.facebook.com\/p\/Infinita-Goya-100063870918311\/","article_published_time":"2026-02-01T18:55:22+00:00","og_image":[{"width":1080,"height":701,"url":"https:\/\/radioinfinitagoya.com.ar\/v1\/wp-content\/uploads\/2026\/02\/Z15.jpg","type":"image\/jpeg"}],"author":"Jorge Mi\u00f1o","twitter_card":"summary_large_image","twitter_misc":{"Escrito por":"Jorge Mi\u00f1o","Tiempo de lectura":"3 minutos"},"schema":{"@context":"https:\/\/schema.org","@graph":[{"@type":"Article","@id":"https:\/\/radioinfinitagoya.com.ar\/v1\/2026\/02\/01\/donald-trump-confirmo-conversaciones-con-las-mas-altas-esferas-de-la-dictadura-cubana\/#article","isPartOf":{"@id":"https:\/\/radioinfinitagoya.com.ar\/v1\/2026\/02\/01\/donald-trump-confirmo-conversaciones-con-las-mas-altas-esferas-de-la-dictadura-cubana\/"},"author":{"name":"Jorge Mi\u00f1o","@id":"https:\/\/radioinfinitagoya.com.ar\/v1\/#\/schema\/person\/d4cf9c413d4f6edb24aabdccab49ca4a"},"headline":"Donald Trump confirm\u00f3 conversaciones \u201ccon las m\u00e1s altas esferas\u201d de la dictadura cubana","datePublished":"2026-02-01T18:55:22+00:00","mainEntityOfPage":{"@id":"https:\/\/radioinfinitagoya.com.ar\/v1\/2026\/02\/01\/donald-trump-confirmo-conversaciones-con-las-mas-altas-esferas-de-la-dictadura-cubana\/"},"wordCount":682,"commentCount":0,"publisher":{"@id":"https:\/\/radioinfinitagoya.com.ar\/v1\/#organization"},"image":{"@id":"https:\/\/radioinfinitagoya.com.ar\/v1\/2026\/02\/01\/donald-trump-confirmo-conversaciones-con-las-mas-altas-esferas-de-la-dictadura-cubana\/#primaryimage"},"thumbnailUrl":"https:\/\/radioinfinitagoya.com.ar\/v1\/wp-content\/uploads\/2026\/02\/Z15.jpg","articleSection":["INFORMACI\u00d3N GENERAL"],"inLanguage":"es-AR","potentialAction":[{"@type":"CommentAction","name":"Comment","target":["https:\/\/radioinfinitagoya.com.ar\/v1\/2026\/02\/01\/donald-trump-confirmo-conversaciones-con-las-mas-altas-esferas-de-la-dictadura-cubana\/#respond"]}]},{"@type":"WebPage","@id":"https:\/\/radioinfinitagoya.com.ar\/v1\/2026\/02\/01\/donald-trump-confirmo-conversaciones-con-las-mas-altas-esferas-de-la-dictadura-cubana\/","url":"https:\/\/radioinfinitagoya.com.ar\/v1\/2026\/02\/01\/donald-trump-confirmo-conversaciones-con-las-mas-altas-esferas-de-la-dictadura-cubana\/","name":"Donald Trump confirm\u00f3 conversaciones \u201ccon las m\u00e1s altas esferas\u201d de la dictadura cubana - Radio Infinita Goya","isPartOf":{"@id":"https:\/\/radioinfinitagoya.com.ar\/v1\/#website"},"primaryImageOfPage":{"@id":"https:\/\/radioinfinitagoya.com.ar\/v1\/2026\/02\/01\/donald-trump-confirmo-conversaciones-con-las-mas-altas-esferas-de-la-dictadura-cubana\/#primaryimage"},"image":{"@id":"https:\/\/radioinfinitagoya.com.ar\/v1\/2026\/02\/01\/donald-trump-confirmo-conversaciones-con-las-mas-altas-esferas-de-la-dictadura-cubana\/#primaryimage"},"thumbnailUrl":"https:\/\/radioinfinitagoya.com.ar\/v1\/wp-content\/uploads\/2026\/02\/Z15.jpg","datePublished":"2026-02-01T18:55:22+00:00","description":"\u201cCreo que vamos a llegar a un acuerdo. Veremos qu\u00e9 pasa\u201d, asegur\u00f3 el mandatario estadounidense en medio de las tensiones entre Washington y La Habana El","breadcrumb":{"@id":"https:\/\/radioinfinitagoya.com.ar\/v1\/2026\/02\/01\/donald-trump-confirmo-conversaciones-con-las-mas-altas-esferas-de-la-dictadura-cubana\/#breadcrumb"},"inLanguage":"es-AR","potentialAction":[{"@type":"ReadAction","target":["https:\/\/radioinfinitagoya.com.ar\/v1\/2026\/02\/01\/donald-trump-confirmo-conversaciones-con-las-mas-altas-esferas-de-la-dictadura-cubana\/"]}]},{"@type":"ImageObject","inLanguage":"es-AR","@id":"https:\/\/radioinfinitagoya.com.ar\/v1\/2026\/02\/01\/donald-trump-confirmo-conversaciones-con-las-mas-altas-esferas-de-la-dictadura-cubana\/#primaryimage","url":"https:\/\/radioinfinitagoya.com.ar\/v1\/wp-content\/uploads\/2026\/02\/Z15.jpg","contentUrl":"https:\/\/radioinfinitagoya.com.ar\/v1\/wp-content\/uploads\/2026\/02\/Z15.jpg","width":1080,"height":701},{"@type":"BreadcrumbList","@id":"https:\/\/radioinfinitagoya.com.ar\/v1\/2026\/02\/01\/donald-trump-confirmo-conversaciones-con-las-mas-altas-esferas-de-la-dictadura-cubana\/#breadcrumb","itemListElement":[{"@type":"ListItem","position":1,"name":"Inicio","item":"https:\/\/radioinfinitagoya.com.ar\/v1\/"},{"@type":"ListItem","position":2,"name":"Donald Trump confirm\u00f3 conversaciones \u201ccon las m\u00e1s altas esferas\u201d de la dictadura cubana"}]},{"@type":"WebSite","@id":"https:\/\/radioinfinitagoya.com.ar\/v1\/#website","url":"https:\/\/radioinfinitagoya.com.ar\/v1\/","name":"radioinfinitagoya.com.ar","description":"Radio de noticias","publisher":{"@id":"https:\/\/radioinfinitagoya.com.ar\/v1\/#organization"},"potentialAction":[{"@type":"SearchAction","target":{"@type":"EntryPoint","urlTemplate":"https:\/\/radioinfinitagoya.com.ar\/v1\/?s={search_term_string}"},"query-input":{"@type":"PropertyValueSpecification","valueRequired":true,"valueName":"search_term_string"}}],"inLanguage":"es-AR"},{"@type":"Organization","@id":"https:\/\/radioinfinitagoya.com.ar\/v1\/#organization","name":"Radio Infinita Goya","url":"https:\/\/radioinfinitagoya.com.ar\/v1\/","logo":{"@type":"ImageObject","inLanguage":"es-AR","@id":"https:\/\/radioinfinitagoya.com.ar\/v1\/#\/schema\/logo\/image\/","url":"https:\/\/radioinfinitagoya.com.ar\/v1\/wp-content\/uploads\/2019\/11\/logo-pie-web.png","contentUrl":"https:\/\/radioinfinitagoya.com.ar\/v1\/wp-content\/uploads\/2019\/11\/logo-pie-web.png","width":635,"height":326,"caption":"Radio Infinita Goya"},"image":{"@id":"https:\/\/radioinfinitagoya.com.ar\/v1\/#\/schema\/logo\/image\/"},"sameAs":["https:\/\/www.facebook.com\/p\/Infinita-Goya-100063870918311\/"]},{"@type":"Person","@id":"https:\/\/radioinfinitagoya.com.ar\/v1\/#\/schema\/person\/d4cf9c413d4f6edb24aabdccab49ca4a","name":"Jorge Mi\u00f1o","image":{"@type":"ImageObject","inLanguage":"es-AR","@id":"https:\/\/secure.gravatar.com\/avatar\/910fcf6728fe95320e07a6643c1581fec1c7fc4bf8ae12e3d8f0d0373dc844be?s=96&d=mm&r=g","url":"https:\/\/secure.gravatar.com\/avatar\/910fcf6728fe95320e07a6643c1581fec1c7fc4bf8ae12e3d8f0d0373dc844be?s=96&d=mm&r=g","contentUrl":"https:\/\/secure.gravatar.com\/avatar\/910fcf6728fe95320e07a6643c1581fec1c7fc4bf8ae12e3d8f0d0373dc844be?s=96&d=mm&r=g","caption":"Jorge Mi\u00f1o"},"sameAs":["http:\/\/radioinfinitagoya.com.ar"]}]}},"_links":{"self":[{"href":"https:\/\/radioinfinitagoya.com.ar\/v1\/wp-json\/wp\/v2\/posts\/203969","targetHints":{"allow":["GET"]}}],"collection":[{"href":"https:\/\/radioinfinitagoya.com.ar\/v1\/wp-json\/wp\/v2\/posts"}],"about":[{"href":"https:\/\/radioinfinitagoya.com.ar\/v1\/wp-json\/wp\/v2\/types\/post"}],"author":[{"embeddable":true,"href":"https:\/\/radioinfinitagoya.com.ar\/v1\/wp-json\/wp\/v2\/users\/4"}],"replies":[{"embeddable":true,"href":"https:\/\/radioinfinitagoya.com.ar\/v1\/wp-json\/wp\/v2\/comments?post=203969"}],"version-history":[{"count":0,"href":"https:\/\/radioinfinitagoya.com.ar\/v1\/wp-json\/wp\/v2\/posts\/203969\/revisions"}],"wp:featuredmedia":[{"embeddable":true,"href":"https:\/\/radioinfinitagoya.com.ar\/v1\/wp-json\/wp\/v2\/media\/203970"}],"wp:attachment":[{"href":"https:\/\/radioinfinitagoya.com.ar\/v1\/wp-json\/wp\/v2\/media?parent=203969"}],"wp:term":[{"taxonomy":"category","embeddable":true,"href":"https:\/\/radioinfinitagoya.com.ar\/v1\/wp-json\/wp\/v2\/categories?post=203969"},{"taxonomy":"post_tag","embeddable":true,"href":"https:\/\/radioinfinitagoya.com.ar\/v1\/wp-json\/wp\/v2\/tags?post=203969"}],"curies":[{"name":"wp","href":"https:\/\/api.w.org\/{rel}","templated":true}]}}