{"id":203975,"date":"2026-02-01T16:51:58","date_gmt":"2026-02-01T19:51:58","guid":{"rendered":"https:\/\/radioinfinitagoya.com.ar\/v1\/?p=203975"},"modified":"2026-02-01T16:51:58","modified_gmt":"2026-02-01T19:51:58","slug":"reforma-laboral-el-gobierno-ratifico-que-no-se-eliminan-las-indemnizaciones","status":"publish","type":"post","link":"https:\/\/radioinfinitagoya.com.ar\/v1\/2026\/02\/01\/reforma-laboral-el-gobierno-ratifico-que-no-se-eliminan-las-indemnizaciones\/","title":{"rendered":"Reforma laboral: el Gobierno ratific\u00f3 que no se eliminan las indemnizaciones"},"content":{"rendered":"<p>Y defendi\u00f3 el nuevo esquema para despidos<\/p>\n<p>En la previa del inicio de las sesiones extraordinarias, Julio Cordero neg\u00f3 una quita de indemnizaciones y defendi\u00f3 el nuevo esquema laboral.<\/p>\n<p>El secretario de Trabajo, Julio Cordero, defendi\u00f3 la reforma laboral del Gobierno en la previa del inicio de las sesiones extraordinarias y asegur\u00f3 que el proyecto no contempla una quita de indemnizaciones, al tiempo que apunt\u00f3 a generar empleo genuino, reducir la litigiosidad y brindar previsibilidad a las empresas, especialmente a las pymes.<\/p>\n<p>En medio de los cuestionamientos, Cordero sali\u00f3 a desmentir versiones que advierten sobre una supuesta p\u00e9rdida de derechos laborales. Seg\u00fan explic\u00f3, el eje central de la reforma es la creaci\u00f3n de puestos de trabajo formales en un contexto de estabilidad econ\u00f3mica, sin avanzar sobre las indemnizaciones ni el salario real.<\/p>\n<p><img loading=\"lazy\" decoding=\"async\" class=\"alignnone size-full wp-image-203977\" src=\"https:\/\/radioinfinitagoya.com.ar\/v1\/wp-content\/uploads\/2026\/02\/z24.jpg\" alt=\"\" width=\"987\" height=\"582\" srcset=\"https:\/\/radioinfinitagoya.com.ar\/v1\/wp-content\/uploads\/2026\/02\/z24.jpg 987w, https:\/\/radioinfinitagoya.com.ar\/v1\/wp-content\/uploads\/2026\/02\/z24-150x88.jpg 150w, https:\/\/radioinfinitagoya.com.ar\/v1\/wp-content\/uploads\/2026\/02\/z24-768x453.jpg 768w, https:\/\/radioinfinitagoya.com.ar\/v1\/wp-content\/uploads\/2026\/02\/z24-712x420.jpg 712w, https:\/\/radioinfinitagoya.com.ar\/v1\/wp-content\/uploads\/2026\/02\/z24-696x410.jpg 696w\" sizes=\"auto, (max-width: 987px) 100vw, 987px\" \/>\u201cEl principal beneficio ser\u00e1 la generaci\u00f3n de empleo genuino\u201d, sostuvo el funcionario, al tiempo que aclar\u00f3 que la iniciativa \u201cbusca ordenar diversos elementos del sistema que se encuentran distorsionados desde hace a\u00f1os\u201d. En ese sentido, remarc\u00f3 que la instrucci\u00f3n de la ministra de Capital Humano, Sandra Pettovello, fue \u201cfortalecer los derechos esenciales de los trabajadores sin generar detrimentos en sus condiciones actuales\u201d.<\/p>\n<p>Seguridad jur\u00eddica y menores costos indirectos<\/p>\n<p>Durante una entrevista en Radio Splendid, Cordero explic\u00f3 que la reforma apunta a reducir los costos indirectos que hoy desalientan la contrataci\u00f3n de personal. \u201cFomenta la seguridad jur\u00eddica y reduce los costos indirectos que hoy act\u00faan como un impedimento para que las empresas contraten personal\u201d, se\u00f1al\u00f3.<\/p>\n<p>Al mismo tiempo, fue enf\u00e1tico al aclarar que \u201cno se busca afectar el salario real sino eliminar los riesgos que generan desconfianza en el sector empleador\u201d, una de las principales preocupaciones planteadas por las c\u00e1maras empresarias.<\/p>\n<p><img loading=\"lazy\" decoding=\"async\" class=\"alignnone size-full wp-image-203978\" src=\"https:\/\/radioinfinitagoya.com.ar\/v1\/wp-content\/uploads\/2026\/02\/z22.jpg\" alt=\"\" width=\"992\" height=\"652\" srcset=\"https:\/\/radioinfinitagoya.com.ar\/v1\/wp-content\/uploads\/2026\/02\/z22.jpg 992w, https:\/\/radioinfinitagoya.com.ar\/v1\/wp-content\/uploads\/2026\/02\/z22-150x99.jpg 150w, https:\/\/radioinfinitagoya.com.ar\/v1\/wp-content\/uploads\/2026\/02\/z22-768x505.jpg 768w, https:\/\/radioinfinitagoya.com.ar\/v1\/wp-content\/uploads\/2026\/02\/z22-639x420.jpg 639w, https:\/\/radioinfinitagoya.com.ar\/v1\/wp-content\/uploads\/2026\/02\/z22-696x457.jpg 696w, https:\/\/radioinfinitagoya.com.ar\/v1\/wp-content\/uploads\/2026\/02\/z22-741x486.jpg 741w\" sizes=\"auto, (max-width: 992px) 100vw, 992px\" \/>Cambios en vacaciones y mayor autonom\u00eda del trabajador<\/p>\n<p>Respecto a las cr\u00edticas sobre posibles recortes en beneficios, el secretario de Trabajo aclar\u00f3 que \u201clas vacaciones se mantienen exactamente iguales\u201d y que la \u00fanica modificaci\u00f3n contempla la posibilidad de que trabajador y empleador acuerden su fraccionamiento sin sanciones estatales.<\/p>\n<p>Seg\u00fan explic\u00f3, el objetivo es \u201cdarle potestad al empleado para decidir sobre su propia vida y gestionar su tiempo seg\u00fan sus necesidades\u201d, permitiendo incluso que quienes lo deseen puedan trabajar m\u00e1s horas para mejorar sus ingresos, siempre dentro de los l\u00edmites de salud y seguridad laboral<\/p>\n<p><img loading=\"lazy\" decoding=\"async\" class=\"alignnone size-full wp-image-203979\" src=\"https:\/\/radioinfinitagoya.com.ar\/v1\/wp-content\/uploads\/2026\/02\/z21.jpg\" alt=\"\" width=\"981\" height=\"602\" srcset=\"https:\/\/radioinfinitagoya.com.ar\/v1\/wp-content\/uploads\/2026\/02\/z21.jpg 981w, https:\/\/radioinfinitagoya.com.ar\/v1\/wp-content\/uploads\/2026\/02\/z21-150x92.jpg 150w, https:\/\/radioinfinitagoya.com.ar\/v1\/wp-content\/uploads\/2026\/02\/z21-768x471.jpg 768w, https:\/\/radioinfinitagoya.com.ar\/v1\/wp-content\/uploads\/2026\/02\/z21-684x420.jpg 684w, https:\/\/radioinfinitagoya.com.ar\/v1\/wp-content\/uploads\/2026\/02\/z21-696x427.jpg 696w\" sizes=\"auto, (max-width: 981px) 100vw, 981px\" \/>El Fondo de Asistencia Laboral y el rol de las pymes<\/p>\n<p>Uno de los puntos centrales del proyecto es la creaci\u00f3n del Fondo de Asistencia Laboral, una herramienta pensada especialmente para peque\u00f1as y medianas empresas. El fondo apunta a facilitar las desvinculaciones sin que las empresas deban descapitalizarse.<\/p>\n<p>Cordero detall\u00f3 que el mecanismo \u201cse financiar\u00e1 con una detracci\u00f3n del 3% de las contribuciones patronales y permitir\u00e1 a las pymes disponer de recursos para abonar indemnizaciones o mutuos acuerdos\u201d. En ese marco, asegur\u00f3 que el sistema no reduce las indemnizaciones por despido, sino que busca \u201cordenarlas, bajar la litigiosidad y evitar juicios prolongados\u201d.<\/p>\n<p>Finalmente, el funcionario destac\u00f3 que mantiene un di\u00e1logo abierto con los sindicatos y se mostr\u00f3 confiado en el tratamiento parlamentario. \u201cEl pa\u00eds necesita adaptarse a las nuevas realidades del mundo del trabajo para salir del estancamiento en el empleo asalariado\u201d, concluy\u00f3.<\/p>\n","protected":false},"excerpt":{"rendered":"<p>Y defendi\u00f3 el nuevo esquema para despidos En la previa del inicio de las sesiones extraordinarias, Julio Cordero neg\u00f3 una quita de indemnizaciones y defendi\u00f3 el nuevo esquema laboral. El secretario de Trabajo, Julio Cordero, defendi\u00f3 la reforma laboral del Gobierno en la previa del inicio de las sesiones extraordinarias y asegur\u00f3 que el proyecto [&hellip;]<\/p>\n","protected":false},"author":4,"featured_media":203976,"comment_status":"open","ping_status":"open","sticky":false,"template":"","format":"standard","meta":{"_joinchat":[],"footnotes":""},"categories":[34],"tags":[],"class_list":{"0":"post-203975","1":"post","2":"type-post","3":"status-publish","4":"format-standard","5":"has-post-thumbnail","7":"category-principal"},"yoast_head":"<!-- This site is optimized with the Yoast SEO plugin v27.2 - https:\/\/yoast.com\/product\/yoast-seo-wordpress\/ -->\n<title>Reforma laboral: el Gobierno ratific\u00f3 que no se eliminan las indemnizaciones - Radio Infinita Goya<\/title>\n<meta name=\"description\" content=\"Y defendi\u00f3 el nuevo esquema para despidos En la previa del inicio de las sesiones extraordinarias, Julio Cordero neg\u00f3 una quita de indemnizaciones y\" \/>\n<meta name=\"robots\" content=\"index, follow, max-snippet:-1, max-image-preview:large, max-video-preview:-1\" \/>\n<link rel=\"canonical\" href=\"https:\/\/radioinfinitagoya.com.ar\/v1\/2026\/02\/01\/reforma-laboral-el-gobierno-ratifico-que-no-se-eliminan-las-indemnizaciones\/\" \/>\n<meta property=\"og:locale\" content=\"es_ES\" \/>\n<meta property=\"og:type\" content=\"article\" \/>\n<meta property=\"og:title\" content=\"Reforma laboral: el Gobierno ratific\u00f3 que no se eliminan las indemnizaciones - Radio Infinita Goya\" \/>\n<meta property=\"og:description\" content=\"Y defendi\u00f3 el nuevo esquema para despidos En la previa del inicio de las sesiones extraordinarias, Julio Cordero neg\u00f3 una quita de indemnizaciones y\" \/>\n<meta property=\"og:url\" content=\"https:\/\/radioinfinitagoya.com.ar\/v1\/2026\/02\/01\/reforma-laboral-el-gobierno-ratifico-que-no-se-eliminan-las-indemnizaciones\/\" \/>\n<meta property=\"og:site_name\" content=\"Radio Infinita Goya\" \/>\n<meta property=\"article:publisher\" content=\"https:\/\/www.facebook.com\/p\/Infinita-Goya-100063870918311\/\" \/>\n<meta property=\"article:published_time\" content=\"2026-02-01T19:51:58+00:00\" \/>\n<meta property=\"og:image\" content=\"https:\/\/radioinfinitagoya.com.ar\/v1\/wp-content\/uploads\/2026\/02\/z23.jpg\" \/>\n\t<meta property=\"og:image:width\" content=\"1016\" \/>\n\t<meta property=\"og:image:height\" content=\"465\" \/>\n\t<meta property=\"og:image:type\" content=\"image\/jpeg\" \/>\n<meta name=\"author\" content=\"Jorge Mi\u00f1o\" \/>\n<meta name=\"twitter:card\" content=\"summary_large_image\" \/>\n<meta name=\"twitter:label1\" content=\"Escrito por\" \/>\n\t<meta name=\"twitter:data1\" content=\"Jorge Mi\u00f1o\" \/>\n\t<meta name=\"twitter:label2\" content=\"Tiempo de lectura\" \/>\n\t<meta name=\"twitter:data2\" content=\"3 minutos\" \/>\n<script type=\"application\/ld+json\" class=\"yoast-schema-graph\">{\"@context\":\"https:\/\/schema.org\",\"@graph\":[{\"@type\":\"Article\",\"@id\":\"https:\/\/radioinfinitagoya.com.ar\/v1\/2026\/02\/01\/reforma-laboral-el-gobierno-ratifico-que-no-se-eliminan-las-indemnizaciones\/#article\",\"isPartOf\":{\"@id\":\"https:\/\/radioinfinitagoya.com.ar\/v1\/2026\/02\/01\/reforma-laboral-el-gobierno-ratifico-que-no-se-eliminan-las-indemnizaciones\/\"},\"author\":{\"name\":\"Jorge Mi\u00f1o\",\"@id\":\"https:\/\/radioinfinitagoya.com.ar\/v1\/#\/schema\/person\/d4cf9c413d4f6edb24aabdccab49ca4a\"},\"headline\":\"Reforma laboral: el Gobierno ratific\u00f3 que no se eliminan las indemnizaciones\",\"datePublished\":\"2026-02-01T19:51:58+00:00\",\"mainEntityOfPage\":{\"@id\":\"https:\/\/radioinfinitagoya.com.ar\/v1\/2026\/02\/01\/reforma-laboral-el-gobierno-ratifico-que-no-se-eliminan-las-indemnizaciones\/\"},\"wordCount\":555,\"commentCount\":0,\"publisher\":{\"@id\":\"https:\/\/radioinfinitagoya.com.ar\/v1\/#organization\"},\"image\":{\"@id\":\"https:\/\/radioinfinitagoya.com.ar\/v1\/2026\/02\/01\/reforma-laboral-el-gobierno-ratifico-que-no-se-eliminan-las-indemnizaciones\/#primaryimage\"},\"thumbnailUrl\":\"https:\/\/radioinfinitagoya.com.ar\/v1\/wp-content\/uploads\/2026\/02\/z23.jpg\",\"articleSection\":[\"PRINCIPAL\"],\"inLanguage\":\"es-AR\",\"potentialAction\":[{\"@type\":\"CommentAction\",\"name\":\"Comment\",\"target\":[\"https:\/\/radioinfinitagoya.com.ar\/v1\/2026\/02\/01\/reforma-laboral-el-gobierno-ratifico-que-no-se-eliminan-las-indemnizaciones\/#respond\"]}]},{\"@type\":\"WebPage\",\"@id\":\"https:\/\/radioinfinitagoya.com.ar\/v1\/2026\/02\/01\/reforma-laboral-el-gobierno-ratifico-que-no-se-eliminan-las-indemnizaciones\/\",\"url\":\"https:\/\/radioinfinitagoya.com.ar\/v1\/2026\/02\/01\/reforma-laboral-el-gobierno-ratifico-que-no-se-eliminan-las-indemnizaciones\/\",\"name\":\"Reforma laboral: el Gobierno ratific\u00f3 que no se eliminan las indemnizaciones - Radio Infinita Goya\",\"isPartOf\":{\"@id\":\"https:\/\/radioinfinitagoya.com.ar\/v1\/#website\"},\"primaryImageOfPage\":{\"@id\":\"https:\/\/radioinfinitagoya.com.ar\/v1\/2026\/02\/01\/reforma-laboral-el-gobierno-ratifico-que-no-se-eliminan-las-indemnizaciones\/#primaryimage\"},\"image\":{\"@id\":\"https:\/\/radioinfinitagoya.com.ar\/v1\/2026\/02\/01\/reforma-laboral-el-gobierno-ratifico-que-no-se-eliminan-las-indemnizaciones\/#primaryimage\"},\"thumbnailUrl\":\"https:\/\/radioinfinitagoya.com.ar\/v1\/wp-content\/uploads\/2026\/02\/z23.jpg\",\"datePublished\":\"2026-02-01T19:51:58+00:00\",\"description\":\"Y defendi\u00f3 el nuevo esquema para despidos En la previa del inicio de las sesiones extraordinarias, Julio Cordero neg\u00f3 una quita de indemnizaciones y\",\"breadcrumb\":{\"@id\":\"https:\/\/radioinfinitagoya.com.ar\/v1\/2026\/02\/01\/reforma-laboral-el-gobierno-ratifico-que-no-se-eliminan-las-indemnizaciones\/#breadcrumb\"},\"inLanguage\":\"es-AR\",\"potentialAction\":[{\"@type\":\"ReadAction\",\"target\":[\"https:\/\/radioinfinitagoya.com.ar\/v1\/2026\/02\/01\/reforma-laboral-el-gobierno-ratifico-que-no-se-eliminan-las-indemnizaciones\/\"]}]},{\"@type\":\"ImageObject\",\"inLanguage\":\"es-AR\",\"@id\":\"https:\/\/radioinfinitagoya.com.ar\/v1\/2026\/02\/01\/reforma-laboral-el-gobierno-ratifico-que-no-se-eliminan-las-indemnizaciones\/#primaryimage\",\"url\":\"https:\/\/radioinfinitagoya.com.ar\/v1\/wp-content\/uploads\/2026\/02\/z23.jpg\",\"contentUrl\":\"https:\/\/radioinfinitagoya.com.ar\/v1\/wp-content\/uploads\/2026\/02\/z23.jpg\",\"width\":1016,\"height\":465},{\"@type\":\"BreadcrumbList\",\"@id\":\"https:\/\/radioinfinitagoya.com.ar\/v1\/2026\/02\/01\/reforma-laboral-el-gobierno-ratifico-que-no-se-eliminan-las-indemnizaciones\/#breadcrumb\",\"itemListElement\":[{\"@type\":\"ListItem\",\"position\":1,\"name\":\"Inicio\",\"item\":\"https:\/\/radioinfinitagoya.com.ar\/v1\/\"},{\"@type\":\"ListItem\",\"position\":2,\"name\":\"Reforma laboral: el Gobierno ratific\u00f3 que no se eliminan las indemnizaciones\"}]},{\"@type\":\"WebSite\",\"@id\":\"https:\/\/radioinfinitagoya.com.ar\/v1\/#website\",\"url\":\"https:\/\/radioinfinitagoya.com.ar\/v1\/\",\"name\":\"radioinfinitagoya.com.ar\",\"description\":\"Radio de noticias\",\"publisher\":{\"@id\":\"https:\/\/radioinfinitagoya.com.ar\/v1\/#organization\"},\"potentialAction\":[{\"@type\":\"SearchAction\",\"target\":{\"@type\":\"EntryPoint\",\"urlTemplate\":\"https:\/\/radioinfinitagoya.com.ar\/v1\/?s={search_term_string}\"},\"query-input\":{\"@type\":\"PropertyValueSpecification\",\"valueRequired\":true,\"valueName\":\"search_term_string\"}}],\"inLanguage\":\"es-AR\"},{\"@type\":\"Organization\",\"@id\":\"https:\/\/radioinfinitagoya.com.ar\/v1\/#organization\",\"name\":\"Radio Infinita Goya\",\"url\":\"https:\/\/radioinfinitagoya.com.ar\/v1\/\",\"logo\":{\"@type\":\"ImageObject\",\"inLanguage\":\"es-AR\",\"@id\":\"https:\/\/radioinfinitagoya.com.ar\/v1\/#\/schema\/logo\/image\/\",\"url\":\"https:\/\/radioinfinitagoya.com.ar\/v1\/wp-content\/uploads\/2019\/11\/logo-pie-web.png\",\"contentUrl\":\"https:\/\/radioinfinitagoya.com.ar\/v1\/wp-content\/uploads\/2019\/11\/logo-pie-web.png\",\"width\":635,\"height\":326,\"caption\":\"Radio Infinita Goya\"},\"image\":{\"@id\":\"https:\/\/radioinfinitagoya.com.ar\/v1\/#\/schema\/logo\/image\/\"},\"sameAs\":[\"https:\/\/www.facebook.com\/p\/Infinita-Goya-100063870918311\/\"]},{\"@type\":\"Person\",\"@id\":\"https:\/\/radioinfinitagoya.com.ar\/v1\/#\/schema\/person\/d4cf9c413d4f6edb24aabdccab49ca4a\",\"name\":\"Jorge Mi\u00f1o\",\"image\":{\"@type\":\"ImageObject\",\"inLanguage\":\"es-AR\",\"@id\":\"https:\/\/secure.gravatar.com\/avatar\/910fcf6728fe95320e07a6643c1581fec1c7fc4bf8ae12e3d8f0d0373dc844be?s=96&d=mm&r=g\",\"url\":\"https:\/\/secure.gravatar.com\/avatar\/910fcf6728fe95320e07a6643c1581fec1c7fc4bf8ae12e3d8f0d0373dc844be?s=96&d=mm&r=g\",\"contentUrl\":\"https:\/\/secure.gravatar.com\/avatar\/910fcf6728fe95320e07a6643c1581fec1c7fc4bf8ae12e3d8f0d0373dc844be?s=96&d=mm&r=g\",\"caption\":\"Jorge Mi\u00f1o\"},\"sameAs\":[\"http:\/\/radioinfinitagoya.com.ar\"]}]}<\/script>\n<!-- \/ Yoast SEO plugin. -->","yoast_head_json":{"title":"Reforma laboral: el Gobierno ratific\u00f3 que no se eliminan las indemnizaciones - Radio Infinita Goya","description":"Y defendi\u00f3 el nuevo esquema para despidos En la previa del inicio de las sesiones extraordinarias, Julio Cordero neg\u00f3 una quita de indemnizaciones y","robots":{"index":"index","follow":"follow","max-snippet":"max-snippet:-1","max-image-preview":"max-image-preview:large","max-video-preview":"max-video-preview:-1"},"canonical":"https:\/\/radioinfinitagoya.com.ar\/v1\/2026\/02\/01\/reforma-laboral-el-gobierno-ratifico-que-no-se-eliminan-las-indemnizaciones\/","og_locale":"es_ES","og_type":"article","og_title":"Reforma laboral: el Gobierno ratific\u00f3 que no se eliminan las indemnizaciones - Radio Infinita Goya","og_description":"Y defendi\u00f3 el nuevo esquema para despidos En la previa del inicio de las sesiones extraordinarias, Julio Cordero neg\u00f3 una quita de indemnizaciones y","og_url":"https:\/\/radioinfinitagoya.com.ar\/v1\/2026\/02\/01\/reforma-laboral-el-gobierno-ratifico-que-no-se-eliminan-las-indemnizaciones\/","og_site_name":"Radio Infinita Goya","article_publisher":"https:\/\/www.facebook.com\/p\/Infinita-Goya-100063870918311\/","article_published_time":"2026-02-01T19:51:58+00:00","og_image":[{"width":1016,"height":465,"url":"https:\/\/radioinfinitagoya.com.ar\/v1\/wp-content\/uploads\/2026\/02\/z23.jpg","type":"image\/jpeg"}],"author":"Jorge Mi\u00f1o","twitter_card":"summary_large_image","twitter_misc":{"Escrito por":"Jorge Mi\u00f1o","Tiempo de lectura":"3 minutos"},"schema":{"@context":"https:\/\/schema.org","@graph":[{"@type":"Article","@id":"https:\/\/radioinfinitagoya.com.ar\/v1\/2026\/02\/01\/reforma-laboral-el-gobierno-ratifico-que-no-se-eliminan-las-indemnizaciones\/#article","isPartOf":{"@id":"https:\/\/radioinfinitagoya.com.ar\/v1\/2026\/02\/01\/reforma-laboral-el-gobierno-ratifico-que-no-se-eliminan-las-indemnizaciones\/"},"author":{"name":"Jorge Mi\u00f1o","@id":"https:\/\/radioinfinitagoya.com.ar\/v1\/#\/schema\/person\/d4cf9c413d4f6edb24aabdccab49ca4a"},"headline":"Reforma laboral: el Gobierno ratific\u00f3 que no se eliminan las indemnizaciones","datePublished":"2026-02-01T19:51:58+00:00","mainEntityOfPage":{"@id":"https:\/\/radioinfinitagoya.com.ar\/v1\/2026\/02\/01\/reforma-laboral-el-gobierno-ratifico-que-no-se-eliminan-las-indemnizaciones\/"},"wordCount":555,"commentCount":0,"publisher":{"@id":"https:\/\/radioinfinitagoya.com.ar\/v1\/#organization"},"image":{"@id":"https:\/\/radioinfinitagoya.com.ar\/v1\/2026\/02\/01\/reforma-laboral-el-gobierno-ratifico-que-no-se-eliminan-las-indemnizaciones\/#primaryimage"},"thumbnailUrl":"https:\/\/radioinfinitagoya.com.ar\/v1\/wp-content\/uploads\/2026\/02\/z23.jpg","articleSection":["PRINCIPAL"],"inLanguage":"es-AR","potentialAction":[{"@type":"CommentAction","name":"Comment","target":["https:\/\/radioinfinitagoya.com.ar\/v1\/2026\/02\/01\/reforma-laboral-el-gobierno-ratifico-que-no-se-eliminan-las-indemnizaciones\/#respond"]}]},{"@type":"WebPage","@id":"https:\/\/radioinfinitagoya.com.ar\/v1\/2026\/02\/01\/reforma-laboral-el-gobierno-ratifico-que-no-se-eliminan-las-indemnizaciones\/","url":"https:\/\/radioinfinitagoya.com.ar\/v1\/2026\/02\/01\/reforma-laboral-el-gobierno-ratifico-que-no-se-eliminan-las-indemnizaciones\/","name":"Reforma laboral: el Gobierno ratific\u00f3 que no se eliminan las indemnizaciones - Radio Infinita Goya","isPartOf":{"@id":"https:\/\/radioinfinitagoya.com.ar\/v1\/#website"},"primaryImageOfPage":{"@id":"https:\/\/radioinfinitagoya.com.ar\/v1\/2026\/02\/01\/reforma-laboral-el-gobierno-ratifico-que-no-se-eliminan-las-indemnizaciones\/#primaryimage"},"image":{"@id":"https:\/\/radioinfinitagoya.com.ar\/v1\/2026\/02\/01\/reforma-laboral-el-gobierno-ratifico-que-no-se-eliminan-las-indemnizaciones\/#primaryimage"},"thumbnailUrl":"https:\/\/radioinfinitagoya.com.ar\/v1\/wp-content\/uploads\/2026\/02\/z23.jpg","datePublished":"2026-02-01T19:51:58+00:00","description":"Y defendi\u00f3 el nuevo esquema para despidos En la previa del inicio de las sesiones extraordinarias, Julio Cordero neg\u00f3 una quita de indemnizaciones y","breadcrumb":{"@id":"https:\/\/radioinfinitagoya.com.ar\/v1\/2026\/02\/01\/reforma-laboral-el-gobierno-ratifico-que-no-se-eliminan-las-indemnizaciones\/#breadcrumb"},"inLanguage":"es-AR","potentialAction":[{"@type":"ReadAction","target":["https:\/\/radioinfinitagoya.com.ar\/v1\/2026\/02\/01\/reforma-laboral-el-gobierno-ratifico-que-no-se-eliminan-las-indemnizaciones\/"]}]},{"@type":"ImageObject","inLanguage":"es-AR","@id":"https:\/\/radioinfinitagoya.com.ar\/v1\/2026\/02\/01\/reforma-laboral-el-gobierno-ratifico-que-no-se-eliminan-las-indemnizaciones\/#primaryimage","url":"https:\/\/radioinfinitagoya.com.ar\/v1\/wp-content\/uploads\/2026\/02\/z23.jpg","contentUrl":"https:\/\/radioinfinitagoya.com.ar\/v1\/wp-content\/uploads\/2026\/02\/z23.jpg","width":1016,"height":465},{"@type":"BreadcrumbList","@id":"https:\/\/radioinfinitagoya.com.ar\/v1\/2026\/02\/01\/reforma-laboral-el-gobierno-ratifico-que-no-se-eliminan-las-indemnizaciones\/#breadcrumb","itemListElement":[{"@type":"ListItem","position":1,"name":"Inicio","item":"https:\/\/radioinfinitagoya.com.ar\/v1\/"},{"@type":"ListItem","position":2,"name":"Reforma laboral: el Gobierno ratific\u00f3 que no se eliminan las indemnizaciones"}]},{"@type":"WebSite","@id":"https:\/\/radioinfinitagoya.com.ar\/v1\/#website","url":"https:\/\/radioinfinitagoya.com.ar\/v1\/","name":"radioinfinitagoya.com.ar","description":"Radio de noticias","publisher":{"@id":"https:\/\/radioinfinitagoya.com.ar\/v1\/#organization"},"potentialAction":[{"@type":"SearchAction","target":{"@type":"EntryPoint","urlTemplate":"https:\/\/radioinfinitagoya.com.ar\/v1\/?s={search_term_string}"},"query-input":{"@type":"PropertyValueSpecification","valueRequired":true,"valueName":"search_term_string"}}],"inLanguage":"es-AR"},{"@type":"Organization","@id":"https:\/\/radioinfinitagoya.com.ar\/v1\/#organization","name":"Radio Infinita Goya","url":"https:\/\/radioinfinitagoya.com.ar\/v1\/","logo":{"@type":"ImageObject","inLanguage":"es-AR","@id":"https:\/\/radioinfinitagoya.com.ar\/v1\/#\/schema\/logo\/image\/","url":"https:\/\/radioinfinitagoya.com.ar\/v1\/wp-content\/uploads\/2019\/11\/logo-pie-web.png","contentUrl":"https:\/\/radioinfinitagoya.com.ar\/v1\/wp-content\/uploads\/2019\/11\/logo-pie-web.png","width":635,"height":326,"caption":"Radio Infinita Goya"},"image":{"@id":"https:\/\/radioinfinitagoya.com.ar\/v1\/#\/schema\/logo\/image\/"},"sameAs":["https:\/\/www.facebook.com\/p\/Infinita-Goya-100063870918311\/"]},{"@type":"Person","@id":"https:\/\/radioinfinitagoya.com.ar\/v1\/#\/schema\/person\/d4cf9c413d4f6edb24aabdccab49ca4a","name":"Jorge Mi\u00f1o","image":{"@type":"ImageObject","inLanguage":"es-AR","@id":"https:\/\/secure.gravatar.com\/avatar\/910fcf6728fe95320e07a6643c1581fec1c7fc4bf8ae12e3d8f0d0373dc844be?s=96&d=mm&r=g","url":"https:\/\/secure.gravatar.com\/avatar\/910fcf6728fe95320e07a6643c1581fec1c7fc4bf8ae12e3d8f0d0373dc844be?s=96&d=mm&r=g","contentUrl":"https:\/\/secure.gravatar.com\/avatar\/910fcf6728fe95320e07a6643c1581fec1c7fc4bf8ae12e3d8f0d0373dc844be?s=96&d=mm&r=g","caption":"Jorge Mi\u00f1o"},"sameAs":["http:\/\/radioinfinitagoya.com.ar"]}]}},"_links":{"self":[{"href":"https:\/\/radioinfinitagoya.com.ar\/v1\/wp-json\/wp\/v2\/posts\/203975","targetHints":{"allow":["GET"]}}],"collection":[{"href":"https:\/\/radioinfinitagoya.com.ar\/v1\/wp-json\/wp\/v2\/posts"}],"about":[{"href":"https:\/\/radioinfinitagoya.com.ar\/v1\/wp-json\/wp\/v2\/types\/post"}],"author":[{"embeddable":true,"href":"https:\/\/radioinfinitagoya.com.ar\/v1\/wp-json\/wp\/v2\/users\/4"}],"replies":[{"embeddable":true,"href":"https:\/\/radioinfinitagoya.com.ar\/v1\/wp-json\/wp\/v2\/comments?post=203975"}],"version-history":[{"count":0,"href":"https:\/\/radioinfinitagoya.com.ar\/v1\/wp-json\/wp\/v2\/posts\/203975\/revisions"}],"wp:featuredmedia":[{"embeddable":true,"href":"https:\/\/radioinfinitagoya.com.ar\/v1\/wp-json\/wp\/v2\/media\/203976"}],"wp:attachment":[{"href":"https:\/\/radioinfinitagoya.com.ar\/v1\/wp-json\/wp\/v2\/media?parent=203975"}],"wp:term":[{"taxonomy":"category","embeddable":true,"href":"https:\/\/radioinfinitagoya.com.ar\/v1\/wp-json\/wp\/v2\/categories?post=203975"},{"taxonomy":"post_tag","embeddable":true,"href":"https:\/\/radioinfinitagoya.com.ar\/v1\/wp-json\/wp\/v2\/tags?post=203975"}],"curies":[{"name":"wp","href":"https:\/\/api.w.org\/{rel}","templated":true}]}}