{"id":203981,"date":"2026-02-01T17:36:13","date_gmt":"2026-02-01T20:36:13","guid":{"rendered":"https:\/\/radioinfinitagoya.com.ar\/v1\/?p=203981"},"modified":"2026-02-01T17:36:13","modified_gmt":"2026-02-01T20:36:13","slug":"estallo-la-alegria-en-la-tercera-luna-carnavalera","status":"publish","type":"post","link":"https:\/\/radioinfinitagoya.com.ar\/v1\/2026\/02\/01\/estallo-la-alegria-en-la-tercera-luna-carnavalera\/","title":{"rendered":"Estall\u00f3 la alegr\u00eda en la tercera Luna Carnavalera"},"content":{"rendered":"<p>El Intendente acompa\u00f1\u00f3 la tercera noche de carnaval<\/p>\n<p>Explot\u00f3 el Cors\u00f3dromo Costa Surub\u00ed, en la tercera noche de corsos oficiales en la ciudad de Goya, color, sonido, pasi\u00f3n, ritmo en su m\u00e1xima expresi\u00f3n el reflejo de lo vivido en la noche del s\u00e1bado.<\/p>\n<p><img loading=\"lazy\" decoding=\"async\" class=\"alignnone size-full wp-image-203983\" src=\"https:\/\/radioinfinitagoya.com.ar\/v1\/wp-content\/uploads\/2026\/02\/z41.jpg\" alt=\"\" width=\"2048\" height=\"1356\" srcset=\"https:\/\/radioinfinitagoya.com.ar\/v1\/wp-content\/uploads\/2026\/02\/z41.jpg 2048w, https:\/\/radioinfinitagoya.com.ar\/v1\/wp-content\/uploads\/2026\/02\/z41-150x99.jpg 150w, https:\/\/radioinfinitagoya.com.ar\/v1\/wp-content\/uploads\/2026\/02\/z41-768x509.jpg 768w, https:\/\/radioinfinitagoya.com.ar\/v1\/wp-content\/uploads\/2026\/02\/z41-1536x1017.jpg 1536w, https:\/\/radioinfinitagoya.com.ar\/v1\/wp-content\/uploads\/2026\/02\/z41-634x420.jpg 634w, https:\/\/radioinfinitagoya.com.ar\/v1\/wp-content\/uploads\/2026\/02\/z41-696x461.jpg 696w, https:\/\/radioinfinitagoya.com.ar\/v1\/wp-content\/uploads\/2026\/02\/z41-1068x707.jpg 1068w\" sizes=\"auto, (max-width: 2048px) 100vw, 2048px\" \/>Im\u00e1genes que dificultan precisar el inicio de la fiesta experimentada en la tercera luna, un hecho \u201csimbi\u00f3tico\u201d, que no permite describir si el contagio proven\u00eda desde las tribunas colmadas con el colorido, cotill\u00f3n y todos los accesorios de carnaval, o del \u00e1nimo infundido por el paso de los comparseros por la Alfombra Blanca, seguramente el resultado es la conjunci\u00f3n de ambos factores, que posibilit\u00f3 disfrutar del espect\u00e1culo carnavalero de la ciudad.<\/p>\n<p>La tercera noche de carnaval nos lleva a iniciar el recorrido con el peso de la rica historia y tradici\u00f3n de carnaval de la ciudad, con la comparsa que revitalizada, renovada hace valer la trayectoria lograda por su paso en todos los circuitos de los corsos de la ciudad, calle Col\u00f3n; Avenidas Sarmiento, Caa Guaz\u00fa y Madariaga, para presentar en el Cors\u00f3dromo medio siglo de carnaval, alumbrando con el Sol en las lunas carnavaleras, repasando a grandes figuras de nuestro carnaval, con el objetivo cumplido de recuperar su propia fisonom\u00eda ser el \u201cEsp\u00edritu del Carnaval\u201d, en este resurgir de Tropical.<\/p>\n<p><img loading=\"lazy\" decoding=\"async\" class=\"alignnone size-medium wp-image-203984\" src=\"https:\/\/radioinfinitagoya.com.ar\/v1\/wp-content\/uploads\/2026\/02\/z42.jpg\" alt=\"\" width=\"1600\" height=\"1066\" srcset=\"https:\/\/radioinfinitagoya.com.ar\/v1\/wp-content\/uploads\/2026\/02\/z42.jpg 1600w, https:\/\/radioinfinitagoya.com.ar\/v1\/wp-content\/uploads\/2026\/02\/z42-150x100.jpg 150w, https:\/\/radioinfinitagoya.com.ar\/v1\/wp-content\/uploads\/2026\/02\/z42-768x512.jpg 768w, https:\/\/radioinfinitagoya.com.ar\/v1\/wp-content\/uploads\/2026\/02\/z42-1536x1023.jpg 1536w, https:\/\/radioinfinitagoya.com.ar\/v1\/wp-content\/uploads\/2026\/02\/z42-630x420.jpg 630w, https:\/\/radioinfinitagoya.com.ar\/v1\/wp-content\/uploads\/2026\/02\/z42-696x464.jpg 696w, https:\/\/radioinfinitagoya.com.ar\/v1\/wp-content\/uploads\/2026\/02\/z42-1068x712.jpg 1068w\" sizes=\"auto, (max-width: 1600px) 100vw, 1600px\" \/> <img loading=\"lazy\" decoding=\"async\" class=\"alignnone size-medium wp-image-203985\" src=\"https:\/\/radioinfinitagoya.com.ar\/v1\/wp-content\/uploads\/2026\/02\/z43.jpg\" alt=\"\" width=\"1600\" height=\"1066\" srcset=\"https:\/\/radioinfinitagoya.com.ar\/v1\/wp-content\/uploads\/2026\/02\/z43.jpg 1600w, https:\/\/radioinfinitagoya.com.ar\/v1\/wp-content\/uploads\/2026\/02\/z43-150x100.jpg 150w, https:\/\/radioinfinitagoya.com.ar\/v1\/wp-content\/uploads\/2026\/02\/z43-768x512.jpg 768w, https:\/\/radioinfinitagoya.com.ar\/v1\/wp-content\/uploads\/2026\/02\/z43-1536x1023.jpg 1536w, https:\/\/radioinfinitagoya.com.ar\/v1\/wp-content\/uploads\/2026\/02\/z43-630x420.jpg 630w, https:\/\/radioinfinitagoya.com.ar\/v1\/wp-content\/uploads\/2026\/02\/z43-696x464.jpg 696w, https:\/\/radioinfinitagoya.com.ar\/v1\/wp-content\/uploads\/2026\/02\/z43-1068x712.jpg 1068w\" sizes=\"auto, (max-width: 1600px) 100vw, 1600px\" \/>En las nuevas p\u00e1ginas que se escribir\u00e1n a partir de la edici\u00f3n 2026, no se puede dejar de mencionar el paso de la \u201cOrqu\u00eddea\u201d, que con m\u00e1s de tres d\u00e9cadas puso de manifiesto que \u201cEsta Lista Poramba\u201d, con el recorrido desde los or\u00edgenes de la humanidad hasta el ingreso en el mundo de la ciencia, la tecnolog\u00eda con una premisa cumplida el retorno de la comparsa show, la comparsa \u201cespect\u00e1culo\u201d (como describiera su hist\u00f3rico animador, que a modo de duende del carnaval desde una estrella har\u00e1 el gui\u00f1o por el espect\u00e1culo de su comparsa \u201cla m\u00e1s linda entre las lindas),hecho celebrado por los \u201csimpatizantes\u201d y los apasionados al carnaval<\/p>\n<p>La Alfombra Blanca es testigo del crecimiento, de cada una de las protagonistas de estas lunas carnavaleras, en ese \u00e1mbito inscribe su nombre, la comparsa que en su casi dos d\u00e9cadas tiene la distinci\u00f3n de ser ganadoras de las \u00faltimas ediciones de los carnavales goyanos, presentando este a\u00f1o la iniciativa de \u201cestremecer\u201d, en este caso hacer \u201cVibrar\u201d el Cors\u00f3dromo con un mensaje ratificado de los nuevos conceptos: un carnaval sostenible, sustentable, reciclable, ecol\u00f3gico, amigable con la naturaleza, en definitiva todo eso es Aymara.<\/p>\n<p>En este paseo carnavalero, otras de las comparsas que vuelcan su recorrido de m\u00e1s de 15 a\u00f1os en las noches de los corsos oficiales, es Ita Vera, que busca con su \u201cImperia\u201d, no solo traernos las grandes civilizaciones del mundo, sus mitos, leyendas, dioses, sino algo que anhelan desde siempre ser la \u201cPiedra Brillante\u201d del carnaval.<\/p>\n<p>A punto de concluir el itinerario competitivo, es destacable la aparici\u00f3n de la comparsa que ha sabido traer un pedacito de cielo a los carnavales goyanos y en este segundo a\u00f1o de presencia est\u00e1 en el cuadro de competencia, con el deseo de hacer palpitar, los latidos del coraz\u00f3n carnavalero, desde su animaci\u00f3n, baile y deseo de ser la \u201cRevoluci\u00f3n del Carnaval\u201d, reafirman el lugar conquistado en los corsos goyanos, la comparsa ARAMI<\/p>\n<p>En el itinerario de carnaval, no se puede dejar de mencionar las ganas y la pasi\u00f3n de alguien que siempre acompa\u00f1\u00f3 a otras agrupaciones o comparsas, entendiendo que, en esta edici\u00f3n, era la oportunidad de poner a consideraci\u00f3n del p\u00fablico otra propuesta, sin entrar en competencia, sorprendente en su debut Oh Bah\u00eda, acompa\u00f1ada del club tricolor, deportivo y social La Bah\u00eda, sali\u00f3 a la Alfombra Blanca de Costa Surub\u00ed, despertando curiosidad, para generar admiraci\u00f3n por el trabajo realizado, mostrando estar en un buen nivel para los carnavales goyanos, seguramente experiencia que sabr\u00e1n atesorar para emprender un nuevo sue\u00f1o el pr\u00f3ximo a\u00f1o<\/p>\n<p>El trabajo de cada comparsa, la pasi\u00f3n de cada comparsero demuestra que m\u00e1s all\u00e1 de los colores propios de sus respectivas comparsas, tienen un compromiso mayor posicionar a los carnavales de la ciudad para recrear otro atractivo para ser visitada Goya, sin dudas podemos decir con total certeza la articulaci\u00f3n de los sectores p\u00fablico-privado, el Estado Municipal, las Asociaciones Civiles (Comparsas), el aporte de los prestadores de servicio llevan a se\u00f1alar que tenemos un ganador: Los Carnavales Goyanos, despu\u00e9s vendr\u00e1 el momento de an\u00e1lisis para proyectar como un producto generador e impulsor de la din\u00e1mica econ\u00f3mica local, pero el camino est\u00e1 se\u00f1alado para posicionar y recuperar la esencia, la identidad o \u201cla m\u00edstica\u201d de nuestros carnavales que seguramente invitaran a muchos a enamorarse de un nuevo atractivo para visitar la ciudad amiga, Goya.<\/p>\n<p>Una semana decisiva para los carnavales goyanos, donde se conocer\u00e1n los escrutinios para determinar ganadores de los corsos oficiales, pero sin dudas el gran ganador ya se vislumbra, los carnavales de nuestra ciudad, posicionado, adquiriendo el valor como producto de atracci\u00f3n tur\u00edstica, afirmando que el trabajo articulado permite estos logros, como el m\u00e1s significativo, con total certeza la recuperaci\u00f3n de la esencia, la identidad, la cultura, la historia y la m\u00edstica del carnaval de la ciudad<\/p>\n<p><img loading=\"lazy\" decoding=\"async\" class=\"alignnone size-medium wp-image-203986\" src=\"https:\/\/radioinfinitagoya.com.ar\/v1\/wp-content\/uploads\/2026\/02\/z44.jpg\" alt=\"\" width=\"2048\" height=\"1356\" srcset=\"https:\/\/radioinfinitagoya.com.ar\/v1\/wp-content\/uploads\/2026\/02\/z44.jpg 2048w, https:\/\/radioinfinitagoya.com.ar\/v1\/wp-content\/uploads\/2026\/02\/z44-150x99.jpg 150w, https:\/\/radioinfinitagoya.com.ar\/v1\/wp-content\/uploads\/2026\/02\/z44-768x509.jpg 768w, https:\/\/radioinfinitagoya.com.ar\/v1\/wp-content\/uploads\/2026\/02\/z44-1536x1017.jpg 1536w, https:\/\/radioinfinitagoya.com.ar\/v1\/wp-content\/uploads\/2026\/02\/z44-634x420.jpg 634w, https:\/\/radioinfinitagoya.com.ar\/v1\/wp-content\/uploads\/2026\/02\/z44-696x461.jpg 696w, https:\/\/radioinfinitagoya.com.ar\/v1\/wp-content\/uploads\/2026\/02\/z44-1068x707.jpg 1068w\" sizes=\"auto, (max-width: 2048px) 100vw, 2048px\" \/> <img loading=\"lazy\" decoding=\"async\" class=\"alignnone size-medium wp-image-203987\" src=\"https:\/\/radioinfinitagoya.com.ar\/v1\/wp-content\/uploads\/2026\/02\/z45.jpg\" alt=\"\" width=\"2048\" height=\"1356\" srcset=\"https:\/\/radioinfinitagoya.com.ar\/v1\/wp-content\/uploads\/2026\/02\/z45.jpg 2048w, https:\/\/radioinfinitagoya.com.ar\/v1\/wp-content\/uploads\/2026\/02\/z45-150x99.jpg 150w, https:\/\/radioinfinitagoya.com.ar\/v1\/wp-content\/uploads\/2026\/02\/z45-768x509.jpg 768w, https:\/\/radioinfinitagoya.com.ar\/v1\/wp-content\/uploads\/2026\/02\/z45-1536x1017.jpg 1536w, https:\/\/radioinfinitagoya.com.ar\/v1\/wp-content\/uploads\/2026\/02\/z45-634x420.jpg 634w, https:\/\/radioinfinitagoya.com.ar\/v1\/wp-content\/uploads\/2026\/02\/z45-696x461.jpg 696w, https:\/\/radioinfinitagoya.com.ar\/v1\/wp-content\/uploads\/2026\/02\/z45-1068x707.jpg 1068w\" sizes=\"auto, (max-width: 2048px) 100vw, 2048px\" \/> <img loading=\"lazy\" decoding=\"async\" class=\"alignnone size-medium wp-image-203988\" src=\"https:\/\/radioinfinitagoya.com.ar\/v1\/wp-content\/uploads\/2026\/02\/z46.jpg\" alt=\"\" width=\"2048\" height=\"1356\" srcset=\"https:\/\/radioinfinitagoya.com.ar\/v1\/wp-content\/uploads\/2026\/02\/z46.jpg 2048w, https:\/\/radioinfinitagoya.com.ar\/v1\/wp-content\/uploads\/2026\/02\/z46-150x99.jpg 150w, https:\/\/radioinfinitagoya.com.ar\/v1\/wp-content\/uploads\/2026\/02\/z46-768x509.jpg 768w, https:\/\/radioinfinitagoya.com.ar\/v1\/wp-content\/uploads\/2026\/02\/z46-1536x1017.jpg 1536w, https:\/\/radioinfinitagoya.com.ar\/v1\/wp-content\/uploads\/2026\/02\/z46-634x420.jpg 634w, https:\/\/radioinfinitagoya.com.ar\/v1\/wp-content\/uploads\/2026\/02\/z46-696x461.jpg 696w, https:\/\/radioinfinitagoya.com.ar\/v1\/wp-content\/uploads\/2026\/02\/z46-1068x707.jpg 1068w\" sizes=\"auto, (max-width: 2048px) 100vw, 2048px\" \/>Goya Hac\u00eda Adelante<\/p>\n<p>Direcci\u00f3n de Prensa<\/p>\n<p>Municipalidad de Goya.<\/p>\n<p>&nbsp;<\/p>\n","protected":false},"excerpt":{"rendered":"<p>El Intendente acompa\u00f1\u00f3 la tercera noche de carnaval Explot\u00f3 el Cors\u00f3dromo Costa Surub\u00ed, en la tercera noche de corsos oficiales en la ciudad de Goya, color, sonido, pasi\u00f3n, ritmo en su m\u00e1xima expresi\u00f3n el reflejo de lo vivido en la noche del s\u00e1bado. Im\u00e1genes que dificultan precisar el inicio de la fiesta experimentada en la [&hellip;]<\/p>\n","protected":false},"author":4,"featured_media":203982,"comment_status":"open","ping_status":"open","sticky":false,"template":"","format":"standard","meta":{"_joinchat":[],"footnotes":""},"categories":[27],"tags":[],"class_list":{"0":"post-203981","1":"post","2":"type-post","3":"status-publish","4":"format-standard","5":"has-post-thumbnail","7":"category-locales"},"yoast_head":"<!-- This site is optimized with the Yoast SEO plugin v27.2 - https:\/\/yoast.com\/product\/yoast-seo-wordpress\/ -->\n<title>Estall\u00f3 la alegr\u00eda en la tercera Luna Carnavalera - Radio Infinita Goya<\/title>\n<meta name=\"description\" content=\"El Intendente acompa\u00f1\u00f3 la tercera noche de carnaval Explot\u00f3 el Cors\u00f3dromo Costa Surub\u00ed, en la tercera noche de corsos oficiales en la ciudad de Goya,\" \/>\n<meta name=\"robots\" content=\"index, follow, max-snippet:-1, max-image-preview:large, max-video-preview:-1\" \/>\n<link rel=\"canonical\" href=\"https:\/\/radioinfinitagoya.com.ar\/v1\/2026\/02\/01\/estallo-la-alegria-en-la-tercera-luna-carnavalera\/\" \/>\n<meta property=\"og:locale\" content=\"es_ES\" \/>\n<meta property=\"og:type\" content=\"article\" \/>\n<meta property=\"og:title\" content=\"Estall\u00f3 la alegr\u00eda en la tercera Luna Carnavalera - Radio Infinita Goya\" \/>\n<meta property=\"og:description\" content=\"El Intendente acompa\u00f1\u00f3 la tercera noche de carnaval Explot\u00f3 el Cors\u00f3dromo Costa Surub\u00ed, en la tercera noche de corsos oficiales en la ciudad de Goya,\" \/>\n<meta property=\"og:url\" content=\"https:\/\/radioinfinitagoya.com.ar\/v1\/2026\/02\/01\/estallo-la-alegria-en-la-tercera-luna-carnavalera\/\" \/>\n<meta property=\"og:site_name\" content=\"Radio Infinita Goya\" \/>\n<meta property=\"article:publisher\" content=\"https:\/\/www.facebook.com\/p\/Infinita-Goya-100063870918311\/\" \/>\n<meta property=\"article:published_time\" content=\"2026-02-01T20:36:13+00:00\" \/>\n<meta property=\"og:image\" content=\"https:\/\/radioinfinitagoya.com.ar\/v1\/wp-content\/uploads\/2026\/02\/z40.jpg\" \/>\n\t<meta property=\"og:image:width\" content=\"1280\" \/>\n\t<meta property=\"og:image:height\" content=\"853\" \/>\n\t<meta property=\"og:image:type\" content=\"image\/jpeg\" \/>\n<meta name=\"author\" content=\"Jorge Mi\u00f1o\" \/>\n<meta name=\"twitter:card\" content=\"summary_large_image\" \/>\n<meta name=\"twitter:label1\" content=\"Escrito por\" \/>\n\t<meta name=\"twitter:data1\" content=\"Jorge Mi\u00f1o\" \/>\n\t<meta name=\"twitter:label2\" content=\"Tiempo de lectura\" \/>\n\t<meta name=\"twitter:data2\" content=\"5 minutos\" \/>\n<script type=\"application\/ld+json\" class=\"yoast-schema-graph\">{\"@context\":\"https:\/\/schema.org\",\"@graph\":[{\"@type\":\"Article\",\"@id\":\"https:\/\/radioinfinitagoya.com.ar\/v1\/2026\/02\/01\/estallo-la-alegria-en-la-tercera-luna-carnavalera\/#article\",\"isPartOf\":{\"@id\":\"https:\/\/radioinfinitagoya.com.ar\/v1\/2026\/02\/01\/estallo-la-alegria-en-la-tercera-luna-carnavalera\/\"},\"author\":{\"name\":\"Jorge Mi\u00f1o\",\"@id\":\"https:\/\/radioinfinitagoya.com.ar\/v1\/#\/schema\/person\/d4cf9c413d4f6edb24aabdccab49ca4a\"},\"headline\":\"Estall\u00f3 la alegr\u00eda en la tercera Luna Carnavalera\",\"datePublished\":\"2026-02-01T20:36:13+00:00\",\"mainEntityOfPage\":{\"@id\":\"https:\/\/radioinfinitagoya.com.ar\/v1\/2026\/02\/01\/estallo-la-alegria-en-la-tercera-luna-carnavalera\/\"},\"wordCount\":935,\"commentCount\":0,\"publisher\":{\"@id\":\"https:\/\/radioinfinitagoya.com.ar\/v1\/#organization\"},\"image\":{\"@id\":\"https:\/\/radioinfinitagoya.com.ar\/v1\/2026\/02\/01\/estallo-la-alegria-en-la-tercera-luna-carnavalera\/#primaryimage\"},\"thumbnailUrl\":\"https:\/\/radioinfinitagoya.com.ar\/v1\/wp-content\/uploads\/2026\/02\/z40.jpg\",\"articleSection\":[\"LOCALES\"],\"inLanguage\":\"es-AR\",\"potentialAction\":[{\"@type\":\"CommentAction\",\"name\":\"Comment\",\"target\":[\"https:\/\/radioinfinitagoya.com.ar\/v1\/2026\/02\/01\/estallo-la-alegria-en-la-tercera-luna-carnavalera\/#respond\"]}]},{\"@type\":\"WebPage\",\"@id\":\"https:\/\/radioinfinitagoya.com.ar\/v1\/2026\/02\/01\/estallo-la-alegria-en-la-tercera-luna-carnavalera\/\",\"url\":\"https:\/\/radioinfinitagoya.com.ar\/v1\/2026\/02\/01\/estallo-la-alegria-en-la-tercera-luna-carnavalera\/\",\"name\":\"Estall\u00f3 la alegr\u00eda en la tercera Luna Carnavalera - Radio Infinita Goya\",\"isPartOf\":{\"@id\":\"https:\/\/radioinfinitagoya.com.ar\/v1\/#website\"},\"primaryImageOfPage\":{\"@id\":\"https:\/\/radioinfinitagoya.com.ar\/v1\/2026\/02\/01\/estallo-la-alegria-en-la-tercera-luna-carnavalera\/#primaryimage\"},\"image\":{\"@id\":\"https:\/\/radioinfinitagoya.com.ar\/v1\/2026\/02\/01\/estallo-la-alegria-en-la-tercera-luna-carnavalera\/#primaryimage\"},\"thumbnailUrl\":\"https:\/\/radioinfinitagoya.com.ar\/v1\/wp-content\/uploads\/2026\/02\/z40.jpg\",\"datePublished\":\"2026-02-01T20:36:13+00:00\",\"description\":\"El Intendente acompa\u00f1\u00f3 la tercera noche de carnaval Explot\u00f3 el Cors\u00f3dromo Costa Surub\u00ed, en la tercera noche de corsos oficiales en la ciudad de Goya,\",\"breadcrumb\":{\"@id\":\"https:\/\/radioinfinitagoya.com.ar\/v1\/2026\/02\/01\/estallo-la-alegria-en-la-tercera-luna-carnavalera\/#breadcrumb\"},\"inLanguage\":\"es-AR\",\"potentialAction\":[{\"@type\":\"ReadAction\",\"target\":[\"https:\/\/radioinfinitagoya.com.ar\/v1\/2026\/02\/01\/estallo-la-alegria-en-la-tercera-luna-carnavalera\/\"]}]},{\"@type\":\"ImageObject\",\"inLanguage\":\"es-AR\",\"@id\":\"https:\/\/radioinfinitagoya.com.ar\/v1\/2026\/02\/01\/estallo-la-alegria-en-la-tercera-luna-carnavalera\/#primaryimage\",\"url\":\"https:\/\/radioinfinitagoya.com.ar\/v1\/wp-content\/uploads\/2026\/02\/z40.jpg\",\"contentUrl\":\"https:\/\/radioinfinitagoya.com.ar\/v1\/wp-content\/uploads\/2026\/02\/z40.jpg\",\"width\":1280,\"height\":853},{\"@type\":\"BreadcrumbList\",\"@id\":\"https:\/\/radioinfinitagoya.com.ar\/v1\/2026\/02\/01\/estallo-la-alegria-en-la-tercera-luna-carnavalera\/#breadcrumb\",\"itemListElement\":[{\"@type\":\"ListItem\",\"position\":1,\"name\":\"Inicio\",\"item\":\"https:\/\/radioinfinitagoya.com.ar\/v1\/\"},{\"@type\":\"ListItem\",\"position\":2,\"name\":\"Estall\u00f3 la alegr\u00eda en la tercera Luna Carnavalera\"}]},{\"@type\":\"WebSite\",\"@id\":\"https:\/\/radioinfinitagoya.com.ar\/v1\/#website\",\"url\":\"https:\/\/radioinfinitagoya.com.ar\/v1\/\",\"name\":\"radioinfinitagoya.com.ar\",\"description\":\"Radio de noticias\",\"publisher\":{\"@id\":\"https:\/\/radioinfinitagoya.com.ar\/v1\/#organization\"},\"potentialAction\":[{\"@type\":\"SearchAction\",\"target\":{\"@type\":\"EntryPoint\",\"urlTemplate\":\"https:\/\/radioinfinitagoya.com.ar\/v1\/?s={search_term_string}\"},\"query-input\":{\"@type\":\"PropertyValueSpecification\",\"valueRequired\":true,\"valueName\":\"search_term_string\"}}],\"inLanguage\":\"es-AR\"},{\"@type\":\"Organization\",\"@id\":\"https:\/\/radioinfinitagoya.com.ar\/v1\/#organization\",\"name\":\"Radio Infinita Goya\",\"url\":\"https:\/\/radioinfinitagoya.com.ar\/v1\/\",\"logo\":{\"@type\":\"ImageObject\",\"inLanguage\":\"es-AR\",\"@id\":\"https:\/\/radioinfinitagoya.com.ar\/v1\/#\/schema\/logo\/image\/\",\"url\":\"https:\/\/radioinfinitagoya.com.ar\/v1\/wp-content\/uploads\/2019\/11\/logo-pie-web.png\",\"contentUrl\":\"https:\/\/radioinfinitagoya.com.ar\/v1\/wp-content\/uploads\/2019\/11\/logo-pie-web.png\",\"width\":635,\"height\":326,\"caption\":\"Radio Infinita Goya\"},\"image\":{\"@id\":\"https:\/\/radioinfinitagoya.com.ar\/v1\/#\/schema\/logo\/image\/\"},\"sameAs\":[\"https:\/\/www.facebook.com\/p\/Infinita-Goya-100063870918311\/\"]},{\"@type\":\"Person\",\"@id\":\"https:\/\/radioinfinitagoya.com.ar\/v1\/#\/schema\/person\/d4cf9c413d4f6edb24aabdccab49ca4a\",\"name\":\"Jorge Mi\u00f1o\",\"image\":{\"@type\":\"ImageObject\",\"inLanguage\":\"es-AR\",\"@id\":\"https:\/\/secure.gravatar.com\/avatar\/910fcf6728fe95320e07a6643c1581fec1c7fc4bf8ae12e3d8f0d0373dc844be?s=96&d=mm&r=g\",\"url\":\"https:\/\/secure.gravatar.com\/avatar\/910fcf6728fe95320e07a6643c1581fec1c7fc4bf8ae12e3d8f0d0373dc844be?s=96&d=mm&r=g\",\"contentUrl\":\"https:\/\/secure.gravatar.com\/avatar\/910fcf6728fe95320e07a6643c1581fec1c7fc4bf8ae12e3d8f0d0373dc844be?s=96&d=mm&r=g\",\"caption\":\"Jorge Mi\u00f1o\"},\"sameAs\":[\"http:\/\/radioinfinitagoya.com.ar\"]}]}<\/script>\n<!-- \/ Yoast SEO plugin. -->","yoast_head_json":{"title":"Estall\u00f3 la alegr\u00eda en la tercera Luna Carnavalera - Radio Infinita Goya","description":"El Intendente acompa\u00f1\u00f3 la tercera noche de carnaval Explot\u00f3 el Cors\u00f3dromo Costa Surub\u00ed, en la tercera noche de corsos oficiales en la ciudad de Goya,","robots":{"index":"index","follow":"follow","max-snippet":"max-snippet:-1","max-image-preview":"max-image-preview:large","max-video-preview":"max-video-preview:-1"},"canonical":"https:\/\/radioinfinitagoya.com.ar\/v1\/2026\/02\/01\/estallo-la-alegria-en-la-tercera-luna-carnavalera\/","og_locale":"es_ES","og_type":"article","og_title":"Estall\u00f3 la alegr\u00eda en la tercera Luna Carnavalera - Radio Infinita Goya","og_description":"El Intendente acompa\u00f1\u00f3 la tercera noche de carnaval Explot\u00f3 el Cors\u00f3dromo Costa Surub\u00ed, en la tercera noche de corsos oficiales en la ciudad de Goya,","og_url":"https:\/\/radioinfinitagoya.com.ar\/v1\/2026\/02\/01\/estallo-la-alegria-en-la-tercera-luna-carnavalera\/","og_site_name":"Radio Infinita Goya","article_publisher":"https:\/\/www.facebook.com\/p\/Infinita-Goya-100063870918311\/","article_published_time":"2026-02-01T20:36:13+00:00","og_image":[{"width":1280,"height":853,"url":"https:\/\/radioinfinitagoya.com.ar\/v1\/wp-content\/uploads\/2026\/02\/z40.jpg","type":"image\/jpeg"}],"author":"Jorge Mi\u00f1o","twitter_card":"summary_large_image","twitter_misc":{"Escrito por":"Jorge Mi\u00f1o","Tiempo de lectura":"5 minutos"},"schema":{"@context":"https:\/\/schema.org","@graph":[{"@type":"Article","@id":"https:\/\/radioinfinitagoya.com.ar\/v1\/2026\/02\/01\/estallo-la-alegria-en-la-tercera-luna-carnavalera\/#article","isPartOf":{"@id":"https:\/\/radioinfinitagoya.com.ar\/v1\/2026\/02\/01\/estallo-la-alegria-en-la-tercera-luna-carnavalera\/"},"author":{"name":"Jorge Mi\u00f1o","@id":"https:\/\/radioinfinitagoya.com.ar\/v1\/#\/schema\/person\/d4cf9c413d4f6edb24aabdccab49ca4a"},"headline":"Estall\u00f3 la alegr\u00eda en la tercera Luna Carnavalera","datePublished":"2026-02-01T20:36:13+00:00","mainEntityOfPage":{"@id":"https:\/\/radioinfinitagoya.com.ar\/v1\/2026\/02\/01\/estallo-la-alegria-en-la-tercera-luna-carnavalera\/"},"wordCount":935,"commentCount":0,"publisher":{"@id":"https:\/\/radioinfinitagoya.com.ar\/v1\/#organization"},"image":{"@id":"https:\/\/radioinfinitagoya.com.ar\/v1\/2026\/02\/01\/estallo-la-alegria-en-la-tercera-luna-carnavalera\/#primaryimage"},"thumbnailUrl":"https:\/\/radioinfinitagoya.com.ar\/v1\/wp-content\/uploads\/2026\/02\/z40.jpg","articleSection":["LOCALES"],"inLanguage":"es-AR","potentialAction":[{"@type":"CommentAction","name":"Comment","target":["https:\/\/radioinfinitagoya.com.ar\/v1\/2026\/02\/01\/estallo-la-alegria-en-la-tercera-luna-carnavalera\/#respond"]}]},{"@type":"WebPage","@id":"https:\/\/radioinfinitagoya.com.ar\/v1\/2026\/02\/01\/estallo-la-alegria-en-la-tercera-luna-carnavalera\/","url":"https:\/\/radioinfinitagoya.com.ar\/v1\/2026\/02\/01\/estallo-la-alegria-en-la-tercera-luna-carnavalera\/","name":"Estall\u00f3 la alegr\u00eda en la tercera Luna Carnavalera - Radio Infinita Goya","isPartOf":{"@id":"https:\/\/radioinfinitagoya.com.ar\/v1\/#website"},"primaryImageOfPage":{"@id":"https:\/\/radioinfinitagoya.com.ar\/v1\/2026\/02\/01\/estallo-la-alegria-en-la-tercera-luna-carnavalera\/#primaryimage"},"image":{"@id":"https:\/\/radioinfinitagoya.com.ar\/v1\/2026\/02\/01\/estallo-la-alegria-en-la-tercera-luna-carnavalera\/#primaryimage"},"thumbnailUrl":"https:\/\/radioinfinitagoya.com.ar\/v1\/wp-content\/uploads\/2026\/02\/z40.jpg","datePublished":"2026-02-01T20:36:13+00:00","description":"El Intendente acompa\u00f1\u00f3 la tercera noche de carnaval Explot\u00f3 el Cors\u00f3dromo Costa Surub\u00ed, en la tercera noche de corsos oficiales en la ciudad de Goya,","breadcrumb":{"@id":"https:\/\/radioinfinitagoya.com.ar\/v1\/2026\/02\/01\/estallo-la-alegria-en-la-tercera-luna-carnavalera\/#breadcrumb"},"inLanguage":"es-AR","potentialAction":[{"@type":"ReadAction","target":["https:\/\/radioinfinitagoya.com.ar\/v1\/2026\/02\/01\/estallo-la-alegria-en-la-tercera-luna-carnavalera\/"]}]},{"@type":"ImageObject","inLanguage":"es-AR","@id":"https:\/\/radioinfinitagoya.com.ar\/v1\/2026\/02\/01\/estallo-la-alegria-en-la-tercera-luna-carnavalera\/#primaryimage","url":"https:\/\/radioinfinitagoya.com.ar\/v1\/wp-content\/uploads\/2026\/02\/z40.jpg","contentUrl":"https:\/\/radioinfinitagoya.com.ar\/v1\/wp-content\/uploads\/2026\/02\/z40.jpg","width":1280,"height":853},{"@type":"BreadcrumbList","@id":"https:\/\/radioinfinitagoya.com.ar\/v1\/2026\/02\/01\/estallo-la-alegria-en-la-tercera-luna-carnavalera\/#breadcrumb","itemListElement":[{"@type":"ListItem","position":1,"name":"Inicio","item":"https:\/\/radioinfinitagoya.com.ar\/v1\/"},{"@type":"ListItem","position":2,"name":"Estall\u00f3 la alegr\u00eda en la tercera Luna Carnavalera"}]},{"@type":"WebSite","@id":"https:\/\/radioinfinitagoya.com.ar\/v1\/#website","url":"https:\/\/radioinfinitagoya.com.ar\/v1\/","name":"radioinfinitagoya.com.ar","description":"Radio de noticias","publisher":{"@id":"https:\/\/radioinfinitagoya.com.ar\/v1\/#organization"},"potentialAction":[{"@type":"SearchAction","target":{"@type":"EntryPoint","urlTemplate":"https:\/\/radioinfinitagoya.com.ar\/v1\/?s={search_term_string}"},"query-input":{"@type":"PropertyValueSpecification","valueRequired":true,"valueName":"search_term_string"}}],"inLanguage":"es-AR"},{"@type":"Organization","@id":"https:\/\/radioinfinitagoya.com.ar\/v1\/#organization","name":"Radio Infinita Goya","url":"https:\/\/radioinfinitagoya.com.ar\/v1\/","logo":{"@type":"ImageObject","inLanguage":"es-AR","@id":"https:\/\/radioinfinitagoya.com.ar\/v1\/#\/schema\/logo\/image\/","url":"https:\/\/radioinfinitagoya.com.ar\/v1\/wp-content\/uploads\/2019\/11\/logo-pie-web.png","contentUrl":"https:\/\/radioinfinitagoya.com.ar\/v1\/wp-content\/uploads\/2019\/11\/logo-pie-web.png","width":635,"height":326,"caption":"Radio Infinita Goya"},"image":{"@id":"https:\/\/radioinfinitagoya.com.ar\/v1\/#\/schema\/logo\/image\/"},"sameAs":["https:\/\/www.facebook.com\/p\/Infinita-Goya-100063870918311\/"]},{"@type":"Person","@id":"https:\/\/radioinfinitagoya.com.ar\/v1\/#\/schema\/person\/d4cf9c413d4f6edb24aabdccab49ca4a","name":"Jorge Mi\u00f1o","image":{"@type":"ImageObject","inLanguage":"es-AR","@id":"https:\/\/secure.gravatar.com\/avatar\/910fcf6728fe95320e07a6643c1581fec1c7fc4bf8ae12e3d8f0d0373dc844be?s=96&d=mm&r=g","url":"https:\/\/secure.gravatar.com\/avatar\/910fcf6728fe95320e07a6643c1581fec1c7fc4bf8ae12e3d8f0d0373dc844be?s=96&d=mm&r=g","contentUrl":"https:\/\/secure.gravatar.com\/avatar\/910fcf6728fe95320e07a6643c1581fec1c7fc4bf8ae12e3d8f0d0373dc844be?s=96&d=mm&r=g","caption":"Jorge Mi\u00f1o"},"sameAs":["http:\/\/radioinfinitagoya.com.ar"]}]}},"_links":{"self":[{"href":"https:\/\/radioinfinitagoya.com.ar\/v1\/wp-json\/wp\/v2\/posts\/203981","targetHints":{"allow":["GET"]}}],"collection":[{"href":"https:\/\/radioinfinitagoya.com.ar\/v1\/wp-json\/wp\/v2\/posts"}],"about":[{"href":"https:\/\/radioinfinitagoya.com.ar\/v1\/wp-json\/wp\/v2\/types\/post"}],"author":[{"embeddable":true,"href":"https:\/\/radioinfinitagoya.com.ar\/v1\/wp-json\/wp\/v2\/users\/4"}],"replies":[{"embeddable":true,"href":"https:\/\/radioinfinitagoya.com.ar\/v1\/wp-json\/wp\/v2\/comments?post=203981"}],"version-history":[{"count":0,"href":"https:\/\/radioinfinitagoya.com.ar\/v1\/wp-json\/wp\/v2\/posts\/203981\/revisions"}],"wp:featuredmedia":[{"embeddable":true,"href":"https:\/\/radioinfinitagoya.com.ar\/v1\/wp-json\/wp\/v2\/media\/203982"}],"wp:attachment":[{"href":"https:\/\/radioinfinitagoya.com.ar\/v1\/wp-json\/wp\/v2\/media?parent=203981"}],"wp:term":[{"taxonomy":"category","embeddable":true,"href":"https:\/\/radioinfinitagoya.com.ar\/v1\/wp-json\/wp\/v2\/categories?post=203981"},{"taxonomy":"post_tag","embeddable":true,"href":"https:\/\/radioinfinitagoya.com.ar\/v1\/wp-json\/wp\/v2\/tags?post=203981"}],"curies":[{"name":"wp","href":"https:\/\/api.w.org\/{rel}","templated":true}]}}