{"id":209805,"date":"2026-03-08T17:48:57","date_gmt":"2026-03-08T20:48:57","guid":{"rendered":"https:\/\/radioinfinitagoya.com.ar\/v1\/?p=209805"},"modified":"2026-03-08T17:48:57","modified_gmt":"2026-03-08T20:48:57","slug":"con-la-inflacion-en-la-mira-el-gobierno-enfrenta-una-nueva-licitacion-de-deuda","status":"publish","type":"post","link":"https:\/\/radioinfinitagoya.com.ar\/v1\/2026\/03\/08\/con-la-inflacion-en-la-mira-el-gobierno-enfrenta-una-nueva-licitacion-de-deuda\/","title":{"rendered":"Con la inflaci\u00f3n en la mira, el Gobierno enfrenta una nueva licitaci\u00f3n de deuda"},"content":{"rendered":"<p>El Indec dar\u00e1 a conocer el n\u00famero de febrero, el cual seguir\u00eda siendo superior al 2%. Qu\u00e9 prev\u00e9n los analistas.<\/p>\n<p>El Gobierno enfrentar\u00e1 dos tests importantes esta semana en materia financiera y econ\u00f3mica: tendr\u00e1 que hacer frente al dato de inflaci\u00f3n de febrero y buscar\u00e1 renovar venciminetos en una nueva licitaci\u00f3n de deuda.<\/p>\n<p>Inflaci\u00f3n<\/p>\n<p>Luego de que se difundiera el dato oficial de enero, el cual marc\u00f3 el quinto mes en alza, los analistas esperan una inflaci\u00f3n que se ubique entre el 2,5% y el 3%.<\/p>\n<p>El \u00faltimo Relevamiento de Expecativas de Mercado (REM) que publica el Banco Central (BCRA) ajust\u00f3 sus proyecciones inflacionarias: si bien lo ponderaron por debajo del 2,9% de enero, aumentaron 0,6 puntos porcentuales sus expecativas para febrero. En este caso, la inflaci\u00f3n esperada es del 2,7% y una inflaci\u00f3n n\u00facleo del 2,5% (+0,4 p.p.). Para la inflaci\u00f3n anual del 2026 estiman que ser\u00e1 del 26,1%.<\/p>\n<p>El ministro de Econom\u00eda Luis Caputo se mantiene expectante sobre la posibilidad de que la inflaci\u00f3n perfore el 1% para agosto, aunque distintos economistas se\u00f1alan que ese escenario no se dar\u00e1.<\/p>\n<p>Mart\u00edn Kalos sostuvo que \u201cno es posible lo que plantea Caputo\u201d y afirm\u00f3 que \u201cel Poder Ejecutivo tiene un discurso exitista respecto de la inflaci\u00f3n que no es realista\u201d. onsider\u00f3 que desde el &#8220;3%&#8221; actual, &#8220;probablemente empiece nuevamente a bajar, pero al oficialismo se le agotaron las dos anclas que us\u00f3 durante 2024 y la primera mitad de 2025 para bajar la inflaci\u00f3n: el d\u00f3lar (su precio) y los salarios\u201d.<\/p>\n<p>En similar sentido se pronunci\u00f3 Ivan Cachanovsky, economista de Libertad y Progreso: \u201cNosotros estamos viendo una inflaci\u00f3n para diciembre que cierre en el 20% anual aproximadamente. Eso implica que para agosto, septiembre estar\u00edamos viendo inflaciones que empiezan con 1 y no con cero\u201d, explic\u00f3.<\/p>\n<p>Para el IPC Online de Bah\u00eda Blanca, la inflaci\u00f3n de febrero se ubic\u00f3 en el 2,31% y se consolida un acumulado del 4,21% en el primer bimestre de 2026 y un alza interanual del 28,78%.<\/p>\n<p>El principal responsable del incremento mensual fue el cap\u00edtulo de Vivienda y servicios b\u00e1sicos, que registr\u00f3 un salto del 4,21%. Este rubro fue empujado por el costo de los combustibles para el hogar, que subieron un 12,64%.<\/p>\n<p>El IPC bahiense exhibe un alza respecto al indicador propio de enero (1,9%) y una merma respecto al dato nacional del INDEC. En ese sentido, coincide con la expectativa de Caputo que adelant\u00f3 que la inflaci\u00f3n en febrero termin\u00f3 por debajo del registro previo.<\/p>\n<p>Nueva licitaci\u00f3n del Tesoro<\/p>\n<p>El Ejecutivo enfrentar\u00e1 la primera licitaci\u00f3n de letras y bonos del Tesoro correspondiente a marzo. Seg\u00fan lo detallado por el cronograma oficial, al cual accedi\u00f3 la Agencia Noticias Argentinas, el anuncio del men\u00fa tendr\u00e1 lugar el martes 10 del tercer mes del a\u00f1o, mientras que los resultados de la licitaci\u00f3n se dar\u00e1n a conocer el jueves 12 del mismo mes.<\/p>\n<p>En la \u00faltima licitaci\u00f3n de deuda, el Gobierno decidi\u00f3 no renovar todos los vencimientos y liber\u00f3 pesos al mercado. Esto se realiz\u00f3 con el objetivo de descomprimir el valor de las tasas y mejorar el nivel de actividad.<\/p>\n<p>Con respecto a la emisi\u00f3n del nuevo bono en d\u00f3lares, el cual servir\u00e1 para pagar los pr\u00f3ximos vencimientos de julio, la Secretar\u00eda de Finanzas indic\u00f3 que consigui\u00f3 US$150 millones a una tasa de 5,89%, menor al 6% que se hab\u00eda detallado.<\/p>\n","protected":false},"excerpt":{"rendered":"<p>El Indec dar\u00e1 a conocer el n\u00famero de febrero, el cual seguir\u00eda siendo superior al 2%. Qu\u00e9 prev\u00e9n los analistas. El Gobierno enfrentar\u00e1 dos tests importantes esta semana en materia financiera y econ\u00f3mica: tendr\u00e1 que hacer frente al dato de inflaci\u00f3n de febrero y buscar\u00e1 renovar venciminetos en una nueva licitaci\u00f3n de deuda. Inflaci\u00f3n Luego [&hellip;]<\/p>\n","protected":false},"author":4,"featured_media":209806,"comment_status":"open","ping_status":"open","sticky":false,"template":"","format":"standard","meta":{"_joinchat":[],"footnotes":""},"categories":[29],"tags":[],"class_list":{"0":"post-209805","1":"post","2":"type-post","3":"status-publish","4":"format-standard","5":"has-post-thumbnail","7":"category-nacionales"},"yoast_head":"<!-- This site is optimized with the Yoast SEO plugin v27.2 - https:\/\/yoast.com\/product\/yoast-seo-wordpress\/ -->\n<title>Con la inflaci\u00f3n en la mira, el Gobierno enfrenta una nueva licitaci\u00f3n de deuda - Radio Infinita Goya<\/title>\n<meta name=\"description\" content=\"El Indec dar\u00e1 a conocer el n\u00famero de febrero, el cual seguir\u00eda siendo superior al 2%. Qu\u00e9 prev\u00e9n los analistas. El Gobierno enfrentar\u00e1 dos tests\" \/>\n<meta name=\"robots\" content=\"index, follow, max-snippet:-1, max-image-preview:large, max-video-preview:-1\" \/>\n<link rel=\"canonical\" href=\"https:\/\/radioinfinitagoya.com.ar\/v1\/2026\/03\/08\/con-la-inflacion-en-la-mira-el-gobierno-enfrenta-una-nueva-licitacion-de-deuda\/\" \/>\n<meta property=\"og:locale\" content=\"es_ES\" \/>\n<meta property=\"og:type\" content=\"article\" \/>\n<meta property=\"og:title\" content=\"Con la inflaci\u00f3n en la mira, el Gobierno enfrenta una nueva licitaci\u00f3n de deuda - Radio Infinita Goya\" \/>\n<meta property=\"og:description\" content=\"El Indec dar\u00e1 a conocer el n\u00famero de febrero, el cual seguir\u00eda siendo superior al 2%. Qu\u00e9 prev\u00e9n los analistas. El Gobierno enfrentar\u00e1 dos tests\" \/>\n<meta property=\"og:url\" content=\"https:\/\/radioinfinitagoya.com.ar\/v1\/2026\/03\/08\/con-la-inflacion-en-la-mira-el-gobierno-enfrenta-una-nueva-licitacion-de-deuda\/\" \/>\n<meta property=\"og:site_name\" content=\"Radio Infinita Goya\" \/>\n<meta property=\"article:publisher\" content=\"https:\/\/www.facebook.com\/p\/Infinita-Goya-100063870918311\/\" \/>\n<meta property=\"article:published_time\" content=\"2026-03-08T20:48:57+00:00\" \/>\n<meta property=\"og:image\" content=\"https:\/\/radioinfinitagoya.com.ar\/v1\/wp-content\/uploads\/2026\/03\/4BUArUx2.jpg\" \/>\n\t<meta property=\"og:image:width\" content=\"680\" \/>\n\t<meta property=\"og:image:height\" content=\"383\" \/>\n\t<meta property=\"og:image:type\" content=\"image\/jpeg\" \/>\n<meta name=\"author\" content=\"Jorge Mi\u00f1o\" \/>\n<meta name=\"twitter:card\" content=\"summary_large_image\" \/>\n<meta name=\"twitter:label1\" content=\"Escrito por\" \/>\n\t<meta name=\"twitter:data1\" content=\"Jorge Mi\u00f1o\" \/>\n\t<meta name=\"twitter:label2\" content=\"Tiempo de lectura\" \/>\n\t<meta name=\"twitter:data2\" content=\"3 minutos\" \/>\n<script type=\"application\/ld+json\" class=\"yoast-schema-graph\">{\"@context\":\"https:\/\/schema.org\",\"@graph\":[{\"@type\":\"Article\",\"@id\":\"https:\/\/radioinfinitagoya.com.ar\/v1\/2026\/03\/08\/con-la-inflacion-en-la-mira-el-gobierno-enfrenta-una-nueva-licitacion-de-deuda\/#article\",\"isPartOf\":{\"@id\":\"https:\/\/radioinfinitagoya.com.ar\/v1\/2026\/03\/08\/con-la-inflacion-en-la-mira-el-gobierno-enfrenta-una-nueva-licitacion-de-deuda\/\"},\"author\":{\"name\":\"Jorge Mi\u00f1o\",\"@id\":\"https:\/\/radioinfinitagoya.com.ar\/v1\/#\/schema\/person\/d4cf9c413d4f6edb24aabdccab49ca4a\"},\"headline\":\"Con la inflaci\u00f3n en la mira, el Gobierno enfrenta una nueva licitaci\u00f3n de deuda\",\"datePublished\":\"2026-03-08T20:48:57+00:00\",\"mainEntityOfPage\":{\"@id\":\"https:\/\/radioinfinitagoya.com.ar\/v1\/2026\/03\/08\/con-la-inflacion-en-la-mira-el-gobierno-enfrenta-una-nueva-licitacion-de-deuda\/\"},\"wordCount\":582,\"commentCount\":0,\"publisher\":{\"@id\":\"https:\/\/radioinfinitagoya.com.ar\/v1\/#organization\"},\"image\":{\"@id\":\"https:\/\/radioinfinitagoya.com.ar\/v1\/2026\/03\/08\/con-la-inflacion-en-la-mira-el-gobierno-enfrenta-una-nueva-licitacion-de-deuda\/#primaryimage\"},\"thumbnailUrl\":\"https:\/\/radioinfinitagoya.com.ar\/v1\/wp-content\/uploads\/2026\/03\/4BUArUx2.jpg\",\"articleSection\":[\"NACIONALES\"],\"inLanguage\":\"es-AR\",\"potentialAction\":[{\"@type\":\"CommentAction\",\"name\":\"Comment\",\"target\":[\"https:\/\/radioinfinitagoya.com.ar\/v1\/2026\/03\/08\/con-la-inflacion-en-la-mira-el-gobierno-enfrenta-una-nueva-licitacion-de-deuda\/#respond\"]}]},{\"@type\":\"WebPage\",\"@id\":\"https:\/\/radioinfinitagoya.com.ar\/v1\/2026\/03\/08\/con-la-inflacion-en-la-mira-el-gobierno-enfrenta-una-nueva-licitacion-de-deuda\/\",\"url\":\"https:\/\/radioinfinitagoya.com.ar\/v1\/2026\/03\/08\/con-la-inflacion-en-la-mira-el-gobierno-enfrenta-una-nueva-licitacion-de-deuda\/\",\"name\":\"Con la inflaci\u00f3n en la mira, el Gobierno enfrenta una nueva licitaci\u00f3n de deuda - Radio Infinita Goya\",\"isPartOf\":{\"@id\":\"https:\/\/radioinfinitagoya.com.ar\/v1\/#website\"},\"primaryImageOfPage\":{\"@id\":\"https:\/\/radioinfinitagoya.com.ar\/v1\/2026\/03\/08\/con-la-inflacion-en-la-mira-el-gobierno-enfrenta-una-nueva-licitacion-de-deuda\/#primaryimage\"},\"image\":{\"@id\":\"https:\/\/radioinfinitagoya.com.ar\/v1\/2026\/03\/08\/con-la-inflacion-en-la-mira-el-gobierno-enfrenta-una-nueva-licitacion-de-deuda\/#primaryimage\"},\"thumbnailUrl\":\"https:\/\/radioinfinitagoya.com.ar\/v1\/wp-content\/uploads\/2026\/03\/4BUArUx2.jpg\",\"datePublished\":\"2026-03-08T20:48:57+00:00\",\"description\":\"El Indec dar\u00e1 a conocer el n\u00famero de febrero, el cual seguir\u00eda siendo superior al 2%. Qu\u00e9 prev\u00e9n los analistas. El Gobierno enfrentar\u00e1 dos tests\",\"breadcrumb\":{\"@id\":\"https:\/\/radioinfinitagoya.com.ar\/v1\/2026\/03\/08\/con-la-inflacion-en-la-mira-el-gobierno-enfrenta-una-nueva-licitacion-de-deuda\/#breadcrumb\"},\"inLanguage\":\"es-AR\",\"potentialAction\":[{\"@type\":\"ReadAction\",\"target\":[\"https:\/\/radioinfinitagoya.com.ar\/v1\/2026\/03\/08\/con-la-inflacion-en-la-mira-el-gobierno-enfrenta-una-nueva-licitacion-de-deuda\/\"]}]},{\"@type\":\"ImageObject\",\"inLanguage\":\"es-AR\",\"@id\":\"https:\/\/radioinfinitagoya.com.ar\/v1\/2026\/03\/08\/con-la-inflacion-en-la-mira-el-gobierno-enfrenta-una-nueva-licitacion-de-deuda\/#primaryimage\",\"url\":\"https:\/\/radioinfinitagoya.com.ar\/v1\/wp-content\/uploads\/2026\/03\/4BUArUx2.jpg\",\"contentUrl\":\"https:\/\/radioinfinitagoya.com.ar\/v1\/wp-content\/uploads\/2026\/03\/4BUArUx2.jpg\",\"width\":680,\"height\":383},{\"@type\":\"BreadcrumbList\",\"@id\":\"https:\/\/radioinfinitagoya.com.ar\/v1\/2026\/03\/08\/con-la-inflacion-en-la-mira-el-gobierno-enfrenta-una-nueva-licitacion-de-deuda\/#breadcrumb\",\"itemListElement\":[{\"@type\":\"ListItem\",\"position\":1,\"name\":\"Inicio\",\"item\":\"https:\/\/radioinfinitagoya.com.ar\/v1\/\"},{\"@type\":\"ListItem\",\"position\":2,\"name\":\"Con la inflaci\u00f3n en la mira, el Gobierno enfrenta una nueva licitaci\u00f3n de deuda\"}]},{\"@type\":\"WebSite\",\"@id\":\"https:\/\/radioinfinitagoya.com.ar\/v1\/#website\",\"url\":\"https:\/\/radioinfinitagoya.com.ar\/v1\/\",\"name\":\"radioinfinitagoya.com.ar\",\"description\":\"Radio de noticias\",\"publisher\":{\"@id\":\"https:\/\/radioinfinitagoya.com.ar\/v1\/#organization\"},\"potentialAction\":[{\"@type\":\"SearchAction\",\"target\":{\"@type\":\"EntryPoint\",\"urlTemplate\":\"https:\/\/radioinfinitagoya.com.ar\/v1\/?s={search_term_string}\"},\"query-input\":{\"@type\":\"PropertyValueSpecification\",\"valueRequired\":true,\"valueName\":\"search_term_string\"}}],\"inLanguage\":\"es-AR\"},{\"@type\":\"Organization\",\"@id\":\"https:\/\/radioinfinitagoya.com.ar\/v1\/#organization\",\"name\":\"Radio Infinita Goya\",\"url\":\"https:\/\/radioinfinitagoya.com.ar\/v1\/\",\"logo\":{\"@type\":\"ImageObject\",\"inLanguage\":\"es-AR\",\"@id\":\"https:\/\/radioinfinitagoya.com.ar\/v1\/#\/schema\/logo\/image\/\",\"url\":\"https:\/\/radioinfinitagoya.com.ar\/v1\/wp-content\/uploads\/2019\/11\/logo-pie-web.png\",\"contentUrl\":\"https:\/\/radioinfinitagoya.com.ar\/v1\/wp-content\/uploads\/2019\/11\/logo-pie-web.png\",\"width\":635,\"height\":326,\"caption\":\"Radio Infinita Goya\"},\"image\":{\"@id\":\"https:\/\/radioinfinitagoya.com.ar\/v1\/#\/schema\/logo\/image\/\"},\"sameAs\":[\"https:\/\/www.facebook.com\/p\/Infinita-Goya-100063870918311\/\"]},{\"@type\":\"Person\",\"@id\":\"https:\/\/radioinfinitagoya.com.ar\/v1\/#\/schema\/person\/d4cf9c413d4f6edb24aabdccab49ca4a\",\"name\":\"Jorge Mi\u00f1o\",\"image\":{\"@type\":\"ImageObject\",\"inLanguage\":\"es-AR\",\"@id\":\"https:\/\/secure.gravatar.com\/avatar\/910fcf6728fe95320e07a6643c1581fec1c7fc4bf8ae12e3d8f0d0373dc844be?s=96&d=mm&r=g\",\"url\":\"https:\/\/secure.gravatar.com\/avatar\/910fcf6728fe95320e07a6643c1581fec1c7fc4bf8ae12e3d8f0d0373dc844be?s=96&d=mm&r=g\",\"contentUrl\":\"https:\/\/secure.gravatar.com\/avatar\/910fcf6728fe95320e07a6643c1581fec1c7fc4bf8ae12e3d8f0d0373dc844be?s=96&d=mm&r=g\",\"caption\":\"Jorge Mi\u00f1o\"},\"sameAs\":[\"http:\/\/radioinfinitagoya.com.ar\"]}]}<\/script>\n<!-- \/ Yoast SEO plugin. -->","yoast_head_json":{"title":"Con la inflaci\u00f3n en la mira, el Gobierno enfrenta una nueva licitaci\u00f3n de deuda - Radio Infinita Goya","description":"El Indec dar\u00e1 a conocer el n\u00famero de febrero, el cual seguir\u00eda siendo superior al 2%. Qu\u00e9 prev\u00e9n los analistas. El Gobierno enfrentar\u00e1 dos tests","robots":{"index":"index","follow":"follow","max-snippet":"max-snippet:-1","max-image-preview":"max-image-preview:large","max-video-preview":"max-video-preview:-1"},"canonical":"https:\/\/radioinfinitagoya.com.ar\/v1\/2026\/03\/08\/con-la-inflacion-en-la-mira-el-gobierno-enfrenta-una-nueva-licitacion-de-deuda\/","og_locale":"es_ES","og_type":"article","og_title":"Con la inflaci\u00f3n en la mira, el Gobierno enfrenta una nueva licitaci\u00f3n de deuda - Radio Infinita Goya","og_description":"El Indec dar\u00e1 a conocer el n\u00famero de febrero, el cual seguir\u00eda siendo superior al 2%. Qu\u00e9 prev\u00e9n los analistas. El Gobierno enfrentar\u00e1 dos tests","og_url":"https:\/\/radioinfinitagoya.com.ar\/v1\/2026\/03\/08\/con-la-inflacion-en-la-mira-el-gobierno-enfrenta-una-nueva-licitacion-de-deuda\/","og_site_name":"Radio Infinita Goya","article_publisher":"https:\/\/www.facebook.com\/p\/Infinita-Goya-100063870918311\/","article_published_time":"2026-03-08T20:48:57+00:00","og_image":[{"width":680,"height":383,"url":"https:\/\/radioinfinitagoya.com.ar\/v1\/wp-content\/uploads\/2026\/03\/4BUArUx2.jpg","type":"image\/jpeg"}],"author":"Jorge Mi\u00f1o","twitter_card":"summary_large_image","twitter_misc":{"Escrito por":"Jorge Mi\u00f1o","Tiempo de lectura":"3 minutos"},"schema":{"@context":"https:\/\/schema.org","@graph":[{"@type":"Article","@id":"https:\/\/radioinfinitagoya.com.ar\/v1\/2026\/03\/08\/con-la-inflacion-en-la-mira-el-gobierno-enfrenta-una-nueva-licitacion-de-deuda\/#article","isPartOf":{"@id":"https:\/\/radioinfinitagoya.com.ar\/v1\/2026\/03\/08\/con-la-inflacion-en-la-mira-el-gobierno-enfrenta-una-nueva-licitacion-de-deuda\/"},"author":{"name":"Jorge Mi\u00f1o","@id":"https:\/\/radioinfinitagoya.com.ar\/v1\/#\/schema\/person\/d4cf9c413d4f6edb24aabdccab49ca4a"},"headline":"Con la inflaci\u00f3n en la mira, el Gobierno enfrenta una nueva licitaci\u00f3n de deuda","datePublished":"2026-03-08T20:48:57+00:00","mainEntityOfPage":{"@id":"https:\/\/radioinfinitagoya.com.ar\/v1\/2026\/03\/08\/con-la-inflacion-en-la-mira-el-gobierno-enfrenta-una-nueva-licitacion-de-deuda\/"},"wordCount":582,"commentCount":0,"publisher":{"@id":"https:\/\/radioinfinitagoya.com.ar\/v1\/#organization"},"image":{"@id":"https:\/\/radioinfinitagoya.com.ar\/v1\/2026\/03\/08\/con-la-inflacion-en-la-mira-el-gobierno-enfrenta-una-nueva-licitacion-de-deuda\/#primaryimage"},"thumbnailUrl":"https:\/\/radioinfinitagoya.com.ar\/v1\/wp-content\/uploads\/2026\/03\/4BUArUx2.jpg","articleSection":["NACIONALES"],"inLanguage":"es-AR","potentialAction":[{"@type":"CommentAction","name":"Comment","target":["https:\/\/radioinfinitagoya.com.ar\/v1\/2026\/03\/08\/con-la-inflacion-en-la-mira-el-gobierno-enfrenta-una-nueva-licitacion-de-deuda\/#respond"]}]},{"@type":"WebPage","@id":"https:\/\/radioinfinitagoya.com.ar\/v1\/2026\/03\/08\/con-la-inflacion-en-la-mira-el-gobierno-enfrenta-una-nueva-licitacion-de-deuda\/","url":"https:\/\/radioinfinitagoya.com.ar\/v1\/2026\/03\/08\/con-la-inflacion-en-la-mira-el-gobierno-enfrenta-una-nueva-licitacion-de-deuda\/","name":"Con la inflaci\u00f3n en la mira, el Gobierno enfrenta una nueva licitaci\u00f3n de deuda - Radio Infinita Goya","isPartOf":{"@id":"https:\/\/radioinfinitagoya.com.ar\/v1\/#website"},"primaryImageOfPage":{"@id":"https:\/\/radioinfinitagoya.com.ar\/v1\/2026\/03\/08\/con-la-inflacion-en-la-mira-el-gobierno-enfrenta-una-nueva-licitacion-de-deuda\/#primaryimage"},"image":{"@id":"https:\/\/radioinfinitagoya.com.ar\/v1\/2026\/03\/08\/con-la-inflacion-en-la-mira-el-gobierno-enfrenta-una-nueva-licitacion-de-deuda\/#primaryimage"},"thumbnailUrl":"https:\/\/radioinfinitagoya.com.ar\/v1\/wp-content\/uploads\/2026\/03\/4BUArUx2.jpg","datePublished":"2026-03-08T20:48:57+00:00","description":"El Indec dar\u00e1 a conocer el n\u00famero de febrero, el cual seguir\u00eda siendo superior al 2%. Qu\u00e9 prev\u00e9n los analistas. El Gobierno enfrentar\u00e1 dos tests","breadcrumb":{"@id":"https:\/\/radioinfinitagoya.com.ar\/v1\/2026\/03\/08\/con-la-inflacion-en-la-mira-el-gobierno-enfrenta-una-nueva-licitacion-de-deuda\/#breadcrumb"},"inLanguage":"es-AR","potentialAction":[{"@type":"ReadAction","target":["https:\/\/radioinfinitagoya.com.ar\/v1\/2026\/03\/08\/con-la-inflacion-en-la-mira-el-gobierno-enfrenta-una-nueva-licitacion-de-deuda\/"]}]},{"@type":"ImageObject","inLanguage":"es-AR","@id":"https:\/\/radioinfinitagoya.com.ar\/v1\/2026\/03\/08\/con-la-inflacion-en-la-mira-el-gobierno-enfrenta-una-nueva-licitacion-de-deuda\/#primaryimage","url":"https:\/\/radioinfinitagoya.com.ar\/v1\/wp-content\/uploads\/2026\/03\/4BUArUx2.jpg","contentUrl":"https:\/\/radioinfinitagoya.com.ar\/v1\/wp-content\/uploads\/2026\/03\/4BUArUx2.jpg","width":680,"height":383},{"@type":"BreadcrumbList","@id":"https:\/\/radioinfinitagoya.com.ar\/v1\/2026\/03\/08\/con-la-inflacion-en-la-mira-el-gobierno-enfrenta-una-nueva-licitacion-de-deuda\/#breadcrumb","itemListElement":[{"@type":"ListItem","position":1,"name":"Inicio","item":"https:\/\/radioinfinitagoya.com.ar\/v1\/"},{"@type":"ListItem","position":2,"name":"Con la inflaci\u00f3n en la mira, el Gobierno enfrenta una nueva licitaci\u00f3n de deuda"}]},{"@type":"WebSite","@id":"https:\/\/radioinfinitagoya.com.ar\/v1\/#website","url":"https:\/\/radioinfinitagoya.com.ar\/v1\/","name":"radioinfinitagoya.com.ar","description":"Radio de noticias","publisher":{"@id":"https:\/\/radioinfinitagoya.com.ar\/v1\/#organization"},"potentialAction":[{"@type":"SearchAction","target":{"@type":"EntryPoint","urlTemplate":"https:\/\/radioinfinitagoya.com.ar\/v1\/?s={search_term_string}"},"query-input":{"@type":"PropertyValueSpecification","valueRequired":true,"valueName":"search_term_string"}}],"inLanguage":"es-AR"},{"@type":"Organization","@id":"https:\/\/radioinfinitagoya.com.ar\/v1\/#organization","name":"Radio Infinita Goya","url":"https:\/\/radioinfinitagoya.com.ar\/v1\/","logo":{"@type":"ImageObject","inLanguage":"es-AR","@id":"https:\/\/radioinfinitagoya.com.ar\/v1\/#\/schema\/logo\/image\/","url":"https:\/\/radioinfinitagoya.com.ar\/v1\/wp-content\/uploads\/2019\/11\/logo-pie-web.png","contentUrl":"https:\/\/radioinfinitagoya.com.ar\/v1\/wp-content\/uploads\/2019\/11\/logo-pie-web.png","width":635,"height":326,"caption":"Radio Infinita Goya"},"image":{"@id":"https:\/\/radioinfinitagoya.com.ar\/v1\/#\/schema\/logo\/image\/"},"sameAs":["https:\/\/www.facebook.com\/p\/Infinita-Goya-100063870918311\/"]},{"@type":"Person","@id":"https:\/\/radioinfinitagoya.com.ar\/v1\/#\/schema\/person\/d4cf9c413d4f6edb24aabdccab49ca4a","name":"Jorge Mi\u00f1o","image":{"@type":"ImageObject","inLanguage":"es-AR","@id":"https:\/\/secure.gravatar.com\/avatar\/910fcf6728fe95320e07a6643c1581fec1c7fc4bf8ae12e3d8f0d0373dc844be?s=96&d=mm&r=g","url":"https:\/\/secure.gravatar.com\/avatar\/910fcf6728fe95320e07a6643c1581fec1c7fc4bf8ae12e3d8f0d0373dc844be?s=96&d=mm&r=g","contentUrl":"https:\/\/secure.gravatar.com\/avatar\/910fcf6728fe95320e07a6643c1581fec1c7fc4bf8ae12e3d8f0d0373dc844be?s=96&d=mm&r=g","caption":"Jorge Mi\u00f1o"},"sameAs":["http:\/\/radioinfinitagoya.com.ar"]}]}},"_links":{"self":[{"href":"https:\/\/radioinfinitagoya.com.ar\/v1\/wp-json\/wp\/v2\/posts\/209805","targetHints":{"allow":["GET"]}}],"collection":[{"href":"https:\/\/radioinfinitagoya.com.ar\/v1\/wp-json\/wp\/v2\/posts"}],"about":[{"href":"https:\/\/radioinfinitagoya.com.ar\/v1\/wp-json\/wp\/v2\/types\/post"}],"author":[{"embeddable":true,"href":"https:\/\/radioinfinitagoya.com.ar\/v1\/wp-json\/wp\/v2\/users\/4"}],"replies":[{"embeddable":true,"href":"https:\/\/radioinfinitagoya.com.ar\/v1\/wp-json\/wp\/v2\/comments?post=209805"}],"version-history":[{"count":0,"href":"https:\/\/radioinfinitagoya.com.ar\/v1\/wp-json\/wp\/v2\/posts\/209805\/revisions"}],"wp:featuredmedia":[{"embeddable":true,"href":"https:\/\/radioinfinitagoya.com.ar\/v1\/wp-json\/wp\/v2\/media\/209806"}],"wp:attachment":[{"href":"https:\/\/radioinfinitagoya.com.ar\/v1\/wp-json\/wp\/v2\/media?parent=209805"}],"wp:term":[{"taxonomy":"category","embeddable":true,"href":"https:\/\/radioinfinitagoya.com.ar\/v1\/wp-json\/wp\/v2\/categories?post=209805"},{"taxonomy":"post_tag","embeddable":true,"href":"https:\/\/radioinfinitagoya.com.ar\/v1\/wp-json\/wp\/v2\/tags?post=209805"}],"curies":[{"name":"wp","href":"https:\/\/api.w.org\/{rel}","templated":true}]}}