{"id":209814,"date":"2026-03-08T17:58:44","date_gmt":"2026-03-08T20:58:44","guid":{"rendered":"https:\/\/radioinfinitagoya.com.ar\/v1\/?p=209814"},"modified":"2026-03-08T17:58:59","modified_gmt":"2026-03-08T20:58:59","slug":"la-tarifa-electrica-en-corrientes-se-mantiene-por-debajo-de-la-media-nacional","status":"publish","type":"post","link":"https:\/\/radioinfinitagoya.com.ar\/v1\/2026\/03\/08\/la-tarifa-electrica-en-corrientes-se-mantiene-por-debajo-de-la-media-nacional\/","title":{"rendered":"La tarifa el\u00e9ctrica en Corrientes se mantiene por debajo de la media nacional"},"content":{"rendered":"<p>El aumento en las facturas de verano responde al incremento del consumo por las olas de calor y a disposiciones de la Secretar\u00eda de Energ\u00eda de la Naci\u00f3n.<\/p>\n<p>Un informe t\u00e9cnico del Instituto Interdisciplinario de Econom\u00eda Pol\u00edtica (IIEP), dependiente de la Universidad de Buenos Aires (UBA) y el CONICET, trajo claridad sobre la situaci\u00f3n de la Direcci\u00f3n Provincial de Energ\u00eda de Corrientes (DPEC). El documento ratifica que la tarifa local no integra el podio de las m\u00e1s costosas de Argentina, situ\u00e1ndose incluso por debajo del promedio pa\u00eds en los principales segmentos de consumo.<\/p>\n<p>El Reporte de Subsidios y Tarifas correspondiente a febrero de 2026 analiza facturas promedio (con impuestos y sin descuentos) para un consumo mensual de 265 kWh. En este esquema, Corrientes ocupa el puesto 17 en el segmento de altos ingresos y el puesto 16 en el de bajos ingresos, sobre un total de 28 cuadros tarifarios relevados en todo el territorio nacional.<\/p>\n<p>Comparativa de costos: Corrientes vs. Naci\u00f3n<br \/>\nLos datos arrojan una diferencia sustancial a favor del usuario correntino en comparaci\u00f3n con el promedio que se paga a nivel general. La brecha se explica por factores estructurales como el Valor Agregado de Distribuci\u00f3n (VAD) y la frecuencia de actualizaci\u00f3n de costos locales.<\/p>\n<p>El informe tambi\u00e9n destaca que, tras las \u00faltimas actualizaciones, los usuarios ya cubren el 72% del costo real del sistema el\u00e9ctrico, mientras que el Estado Nacional aporta el 28% restante mediante subsidios. Cabe recordar que la Resoluci\u00f3n 22\/26 de la Secretar\u00eda de Energ\u00eda fij\u00f3 el precio estacional en $2.029\/MWh desde el 1\u00b0 de febrero.<\/p>\n<p>El factor consumo y las olas de calor<br \/>\nDesde el organismo t\u00e9cnico se\u00f1alaron que la percepci\u00f3n de subas desmedidas durante el periodo estival est\u00e1 ligada directamente al uso intensivo de equipos de refrigeraci\u00f3n. Ante temperaturas extremas y olas de calor persistentes, la demanda energ\u00e9tica de los hogares se eleva exponencialmente, impactando de forma directa en el importe final de la factura, aunque la tarifa unitaria se mantenga estable.<\/p>\n<p>La dispersi\u00f3n tarifaria entre provincias es multicausal. Adem\u00e1s del consumo estacional, influyen los cambios en la estructura de subsidios nacionales y los precios estacionales definidos por el Gobierno Federal, factores que exceden la \u00f3rbita de decisi\u00f3n de la administraci\u00f3n provincial de Juan Pablo Vald\u00e9s.<\/p>\n<p>Fuentes: Instituto Interdisciplinario de Econom\u00eda Pol\u00edtica (IIEP) y la Secretar\u00eda de Energ\u00eda de la Naci\u00f3n.<\/p>\n<p>&nbsp;<\/p>\n","protected":false},"excerpt":{"rendered":"<p>El aumento en las facturas de verano responde al incremento del consumo por las olas de calor y a disposiciones de la Secretar\u00eda de Energ\u00eda de la Naci\u00f3n. Un informe t\u00e9cnico del Instituto Interdisciplinario de Econom\u00eda Pol\u00edtica (IIEP), dependiente de la Universidad de Buenos Aires (UBA) y el CONICET, trajo claridad sobre la situaci\u00f3n de [&hellip;]<\/p>\n","protected":false},"author":4,"featured_media":209815,"comment_status":"open","ping_status":"open","sticky":false,"template":"","format":"standard","meta":{"_joinchat":[],"footnotes":""},"categories":[31],"tags":[],"class_list":{"0":"post-209814","1":"post","2":"type-post","3":"status-publish","4":"format-standard","5":"has-post-thumbnail","7":"category-informacion-general"},"yoast_head":"<!-- This site is optimized with the Yoast SEO plugin v27.2 - https:\/\/yoast.com\/product\/yoast-seo-wordpress\/ -->\n<title>La tarifa el\u00e9ctrica en Corrientes se mantiene por debajo de la media nacional - Radio Infinita Goya<\/title>\n<meta name=\"description\" content=\"El aumento en las facturas de verano responde al incremento del consumo por las olas de calor y a disposiciones de la Secretar\u00eda de Energ\u00eda de la Naci\u00f3n.\" \/>\n<meta name=\"robots\" content=\"index, follow, max-snippet:-1, max-image-preview:large, max-video-preview:-1\" \/>\n<link rel=\"canonical\" href=\"https:\/\/radioinfinitagoya.com.ar\/v1\/2026\/03\/08\/la-tarifa-electrica-en-corrientes-se-mantiene-por-debajo-de-la-media-nacional\/\" \/>\n<meta property=\"og:locale\" content=\"es_ES\" \/>\n<meta property=\"og:type\" content=\"article\" \/>\n<meta property=\"og:title\" content=\"La tarifa el\u00e9ctrica en Corrientes se mantiene por debajo de la media nacional - Radio Infinita Goya\" \/>\n<meta property=\"og:description\" content=\"El aumento en las facturas de verano responde al incremento del consumo por las olas de calor y a disposiciones de la Secretar\u00eda de Energ\u00eda de la Naci\u00f3n.\" \/>\n<meta property=\"og:url\" content=\"https:\/\/radioinfinitagoya.com.ar\/v1\/2026\/03\/08\/la-tarifa-electrica-en-corrientes-se-mantiene-por-debajo-de-la-media-nacional\/\" \/>\n<meta property=\"og:site_name\" content=\"Radio Infinita Goya\" \/>\n<meta property=\"article:publisher\" content=\"https:\/\/www.facebook.com\/p\/Infinita-Goya-100063870918311\/\" \/>\n<meta property=\"article:published_time\" content=\"2026-03-08T20:58:44+00:00\" \/>\n<meta property=\"article:modified_time\" content=\"2026-03-08T20:58:59+00:00\" \/>\n<meta property=\"og:image\" content=\"https:\/\/radioinfinitagoya.com.ar\/v1\/wp-content\/uploads\/2026\/03\/HAWUxNqXwAEF6m_.png\" \/>\n\t<meta property=\"og:image:width\" content=\"680\" \/>\n\t<meta property=\"og:image:height\" content=\"383\" \/>\n\t<meta property=\"og:image:type\" content=\"image\/png\" \/>\n<meta name=\"author\" content=\"Jorge Mi\u00f1o\" \/>\n<meta name=\"twitter:card\" content=\"summary_large_image\" \/>\n<meta name=\"twitter:label1\" content=\"Escrito por\" \/>\n\t<meta name=\"twitter:data1\" content=\"Jorge Mi\u00f1o\" \/>\n\t<meta name=\"twitter:label2\" content=\"Tiempo de lectura\" \/>\n\t<meta name=\"twitter:data2\" content=\"2 minutos\" \/>\n<script type=\"application\/ld+json\" class=\"yoast-schema-graph\">{\"@context\":\"https:\/\/schema.org\",\"@graph\":[{\"@type\":\"Article\",\"@id\":\"https:\/\/radioinfinitagoya.com.ar\/v1\/2026\/03\/08\/la-tarifa-electrica-en-corrientes-se-mantiene-por-debajo-de-la-media-nacional\/#article\",\"isPartOf\":{\"@id\":\"https:\/\/radioinfinitagoya.com.ar\/v1\/2026\/03\/08\/la-tarifa-electrica-en-corrientes-se-mantiene-por-debajo-de-la-media-nacional\/\"},\"author\":{\"name\":\"Jorge Mi\u00f1o\",\"@id\":\"https:\/\/radioinfinitagoya.com.ar\/v1\/#\/schema\/person\/d4cf9c413d4f6edb24aabdccab49ca4a\"},\"headline\":\"La tarifa el\u00e9ctrica en Corrientes se mantiene por debajo de la media nacional\",\"datePublished\":\"2026-03-08T20:58:44+00:00\",\"dateModified\":\"2026-03-08T20:58:59+00:00\",\"mainEntityOfPage\":{\"@id\":\"https:\/\/radioinfinitagoya.com.ar\/v1\/2026\/03\/08\/la-tarifa-electrica-en-corrientes-se-mantiene-por-debajo-de-la-media-nacional\/\"},\"wordCount\":428,\"commentCount\":0,\"publisher\":{\"@id\":\"https:\/\/radioinfinitagoya.com.ar\/v1\/#organization\"},\"image\":{\"@id\":\"https:\/\/radioinfinitagoya.com.ar\/v1\/2026\/03\/08\/la-tarifa-electrica-en-corrientes-se-mantiene-por-debajo-de-la-media-nacional\/#primaryimage\"},\"thumbnailUrl\":\"https:\/\/radioinfinitagoya.com.ar\/v1\/wp-content\/uploads\/2026\/03\/HAWUxNqXwAEF6m_.png\",\"articleSection\":[\"INFORMACI\u00d3N GENERAL\"],\"inLanguage\":\"es-AR\",\"potentialAction\":[{\"@type\":\"CommentAction\",\"name\":\"Comment\",\"target\":[\"https:\/\/radioinfinitagoya.com.ar\/v1\/2026\/03\/08\/la-tarifa-electrica-en-corrientes-se-mantiene-por-debajo-de-la-media-nacional\/#respond\"]}]},{\"@type\":\"WebPage\",\"@id\":\"https:\/\/radioinfinitagoya.com.ar\/v1\/2026\/03\/08\/la-tarifa-electrica-en-corrientes-se-mantiene-por-debajo-de-la-media-nacional\/\",\"url\":\"https:\/\/radioinfinitagoya.com.ar\/v1\/2026\/03\/08\/la-tarifa-electrica-en-corrientes-se-mantiene-por-debajo-de-la-media-nacional\/\",\"name\":\"La tarifa el\u00e9ctrica en Corrientes se mantiene por debajo de la media nacional - Radio Infinita Goya\",\"isPartOf\":{\"@id\":\"https:\/\/radioinfinitagoya.com.ar\/v1\/#website\"},\"primaryImageOfPage\":{\"@id\":\"https:\/\/radioinfinitagoya.com.ar\/v1\/2026\/03\/08\/la-tarifa-electrica-en-corrientes-se-mantiene-por-debajo-de-la-media-nacional\/#primaryimage\"},\"image\":{\"@id\":\"https:\/\/radioinfinitagoya.com.ar\/v1\/2026\/03\/08\/la-tarifa-electrica-en-corrientes-se-mantiene-por-debajo-de-la-media-nacional\/#primaryimage\"},\"thumbnailUrl\":\"https:\/\/radioinfinitagoya.com.ar\/v1\/wp-content\/uploads\/2026\/03\/HAWUxNqXwAEF6m_.png\",\"datePublished\":\"2026-03-08T20:58:44+00:00\",\"dateModified\":\"2026-03-08T20:58:59+00:00\",\"description\":\"El aumento en las facturas de verano responde al incremento del consumo por las olas de calor y a disposiciones de la Secretar\u00eda de Energ\u00eda de la Naci\u00f3n.\",\"breadcrumb\":{\"@id\":\"https:\/\/radioinfinitagoya.com.ar\/v1\/2026\/03\/08\/la-tarifa-electrica-en-corrientes-se-mantiene-por-debajo-de-la-media-nacional\/#breadcrumb\"},\"inLanguage\":\"es-AR\",\"potentialAction\":[{\"@type\":\"ReadAction\",\"target\":[\"https:\/\/radioinfinitagoya.com.ar\/v1\/2026\/03\/08\/la-tarifa-electrica-en-corrientes-se-mantiene-por-debajo-de-la-media-nacional\/\"]}]},{\"@type\":\"ImageObject\",\"inLanguage\":\"es-AR\",\"@id\":\"https:\/\/radioinfinitagoya.com.ar\/v1\/2026\/03\/08\/la-tarifa-electrica-en-corrientes-se-mantiene-por-debajo-de-la-media-nacional\/#primaryimage\",\"url\":\"https:\/\/radioinfinitagoya.com.ar\/v1\/wp-content\/uploads\/2026\/03\/HAWUxNqXwAEF6m_.png\",\"contentUrl\":\"https:\/\/radioinfinitagoya.com.ar\/v1\/wp-content\/uploads\/2026\/03\/HAWUxNqXwAEF6m_.png\",\"width\":680,\"height\":383},{\"@type\":\"BreadcrumbList\",\"@id\":\"https:\/\/radioinfinitagoya.com.ar\/v1\/2026\/03\/08\/la-tarifa-electrica-en-corrientes-se-mantiene-por-debajo-de-la-media-nacional\/#breadcrumb\",\"itemListElement\":[{\"@type\":\"ListItem\",\"position\":1,\"name\":\"Inicio\",\"item\":\"https:\/\/radioinfinitagoya.com.ar\/v1\/\"},{\"@type\":\"ListItem\",\"position\":2,\"name\":\"La tarifa el\u00e9ctrica en Corrientes se mantiene por debajo de la media nacional\"}]},{\"@type\":\"WebSite\",\"@id\":\"https:\/\/radioinfinitagoya.com.ar\/v1\/#website\",\"url\":\"https:\/\/radioinfinitagoya.com.ar\/v1\/\",\"name\":\"radioinfinitagoya.com.ar\",\"description\":\"Radio de noticias\",\"publisher\":{\"@id\":\"https:\/\/radioinfinitagoya.com.ar\/v1\/#organization\"},\"potentialAction\":[{\"@type\":\"SearchAction\",\"target\":{\"@type\":\"EntryPoint\",\"urlTemplate\":\"https:\/\/radioinfinitagoya.com.ar\/v1\/?s={search_term_string}\"},\"query-input\":{\"@type\":\"PropertyValueSpecification\",\"valueRequired\":true,\"valueName\":\"search_term_string\"}}],\"inLanguage\":\"es-AR\"},{\"@type\":\"Organization\",\"@id\":\"https:\/\/radioinfinitagoya.com.ar\/v1\/#organization\",\"name\":\"Radio Infinita Goya\",\"url\":\"https:\/\/radioinfinitagoya.com.ar\/v1\/\",\"logo\":{\"@type\":\"ImageObject\",\"inLanguage\":\"es-AR\",\"@id\":\"https:\/\/radioinfinitagoya.com.ar\/v1\/#\/schema\/logo\/image\/\",\"url\":\"https:\/\/radioinfinitagoya.com.ar\/v1\/wp-content\/uploads\/2019\/11\/logo-pie-web.png\",\"contentUrl\":\"https:\/\/radioinfinitagoya.com.ar\/v1\/wp-content\/uploads\/2019\/11\/logo-pie-web.png\",\"width\":635,\"height\":326,\"caption\":\"Radio Infinita Goya\"},\"image\":{\"@id\":\"https:\/\/radioinfinitagoya.com.ar\/v1\/#\/schema\/logo\/image\/\"},\"sameAs\":[\"https:\/\/www.facebook.com\/p\/Infinita-Goya-100063870918311\/\"]},{\"@type\":\"Person\",\"@id\":\"https:\/\/radioinfinitagoya.com.ar\/v1\/#\/schema\/person\/d4cf9c413d4f6edb24aabdccab49ca4a\",\"name\":\"Jorge Mi\u00f1o\",\"image\":{\"@type\":\"ImageObject\",\"inLanguage\":\"es-AR\",\"@id\":\"https:\/\/secure.gravatar.com\/avatar\/910fcf6728fe95320e07a6643c1581fec1c7fc4bf8ae12e3d8f0d0373dc844be?s=96&d=mm&r=g\",\"url\":\"https:\/\/secure.gravatar.com\/avatar\/910fcf6728fe95320e07a6643c1581fec1c7fc4bf8ae12e3d8f0d0373dc844be?s=96&d=mm&r=g\",\"contentUrl\":\"https:\/\/secure.gravatar.com\/avatar\/910fcf6728fe95320e07a6643c1581fec1c7fc4bf8ae12e3d8f0d0373dc844be?s=96&d=mm&r=g\",\"caption\":\"Jorge Mi\u00f1o\"},\"sameAs\":[\"http:\/\/radioinfinitagoya.com.ar\"]}]}<\/script>\n<!-- \/ Yoast SEO plugin. -->","yoast_head_json":{"title":"La tarifa el\u00e9ctrica en Corrientes se mantiene por debajo de la media nacional - Radio Infinita Goya","description":"El aumento en las facturas de verano responde al incremento del consumo por las olas de calor y a disposiciones de la Secretar\u00eda de Energ\u00eda de la Naci\u00f3n.","robots":{"index":"index","follow":"follow","max-snippet":"max-snippet:-1","max-image-preview":"max-image-preview:large","max-video-preview":"max-video-preview:-1"},"canonical":"https:\/\/radioinfinitagoya.com.ar\/v1\/2026\/03\/08\/la-tarifa-electrica-en-corrientes-se-mantiene-por-debajo-de-la-media-nacional\/","og_locale":"es_ES","og_type":"article","og_title":"La tarifa el\u00e9ctrica en Corrientes se mantiene por debajo de la media nacional - Radio Infinita Goya","og_description":"El aumento en las facturas de verano responde al incremento del consumo por las olas de calor y a disposiciones de la Secretar\u00eda de Energ\u00eda de la Naci\u00f3n.","og_url":"https:\/\/radioinfinitagoya.com.ar\/v1\/2026\/03\/08\/la-tarifa-electrica-en-corrientes-se-mantiene-por-debajo-de-la-media-nacional\/","og_site_name":"Radio Infinita Goya","article_publisher":"https:\/\/www.facebook.com\/p\/Infinita-Goya-100063870918311\/","article_published_time":"2026-03-08T20:58:44+00:00","article_modified_time":"2026-03-08T20:58:59+00:00","og_image":[{"width":680,"height":383,"url":"https:\/\/radioinfinitagoya.com.ar\/v1\/wp-content\/uploads\/2026\/03\/HAWUxNqXwAEF6m_.png","type":"image\/png"}],"author":"Jorge Mi\u00f1o","twitter_card":"summary_large_image","twitter_misc":{"Escrito por":"Jorge Mi\u00f1o","Tiempo de lectura":"2 minutos"},"schema":{"@context":"https:\/\/schema.org","@graph":[{"@type":"Article","@id":"https:\/\/radioinfinitagoya.com.ar\/v1\/2026\/03\/08\/la-tarifa-electrica-en-corrientes-se-mantiene-por-debajo-de-la-media-nacional\/#article","isPartOf":{"@id":"https:\/\/radioinfinitagoya.com.ar\/v1\/2026\/03\/08\/la-tarifa-electrica-en-corrientes-se-mantiene-por-debajo-de-la-media-nacional\/"},"author":{"name":"Jorge Mi\u00f1o","@id":"https:\/\/radioinfinitagoya.com.ar\/v1\/#\/schema\/person\/d4cf9c413d4f6edb24aabdccab49ca4a"},"headline":"La tarifa el\u00e9ctrica en Corrientes se mantiene por debajo de la media nacional","datePublished":"2026-03-08T20:58:44+00:00","dateModified":"2026-03-08T20:58:59+00:00","mainEntityOfPage":{"@id":"https:\/\/radioinfinitagoya.com.ar\/v1\/2026\/03\/08\/la-tarifa-electrica-en-corrientes-se-mantiene-por-debajo-de-la-media-nacional\/"},"wordCount":428,"commentCount":0,"publisher":{"@id":"https:\/\/radioinfinitagoya.com.ar\/v1\/#organization"},"image":{"@id":"https:\/\/radioinfinitagoya.com.ar\/v1\/2026\/03\/08\/la-tarifa-electrica-en-corrientes-se-mantiene-por-debajo-de-la-media-nacional\/#primaryimage"},"thumbnailUrl":"https:\/\/radioinfinitagoya.com.ar\/v1\/wp-content\/uploads\/2026\/03\/HAWUxNqXwAEF6m_.png","articleSection":["INFORMACI\u00d3N GENERAL"],"inLanguage":"es-AR","potentialAction":[{"@type":"CommentAction","name":"Comment","target":["https:\/\/radioinfinitagoya.com.ar\/v1\/2026\/03\/08\/la-tarifa-electrica-en-corrientes-se-mantiene-por-debajo-de-la-media-nacional\/#respond"]}]},{"@type":"WebPage","@id":"https:\/\/radioinfinitagoya.com.ar\/v1\/2026\/03\/08\/la-tarifa-electrica-en-corrientes-se-mantiene-por-debajo-de-la-media-nacional\/","url":"https:\/\/radioinfinitagoya.com.ar\/v1\/2026\/03\/08\/la-tarifa-electrica-en-corrientes-se-mantiene-por-debajo-de-la-media-nacional\/","name":"La tarifa el\u00e9ctrica en Corrientes se mantiene por debajo de la media nacional - Radio Infinita Goya","isPartOf":{"@id":"https:\/\/radioinfinitagoya.com.ar\/v1\/#website"},"primaryImageOfPage":{"@id":"https:\/\/radioinfinitagoya.com.ar\/v1\/2026\/03\/08\/la-tarifa-electrica-en-corrientes-se-mantiene-por-debajo-de-la-media-nacional\/#primaryimage"},"image":{"@id":"https:\/\/radioinfinitagoya.com.ar\/v1\/2026\/03\/08\/la-tarifa-electrica-en-corrientes-se-mantiene-por-debajo-de-la-media-nacional\/#primaryimage"},"thumbnailUrl":"https:\/\/radioinfinitagoya.com.ar\/v1\/wp-content\/uploads\/2026\/03\/HAWUxNqXwAEF6m_.png","datePublished":"2026-03-08T20:58:44+00:00","dateModified":"2026-03-08T20:58:59+00:00","description":"El aumento en las facturas de verano responde al incremento del consumo por las olas de calor y a disposiciones de la Secretar\u00eda de Energ\u00eda de la Naci\u00f3n.","breadcrumb":{"@id":"https:\/\/radioinfinitagoya.com.ar\/v1\/2026\/03\/08\/la-tarifa-electrica-en-corrientes-se-mantiene-por-debajo-de-la-media-nacional\/#breadcrumb"},"inLanguage":"es-AR","potentialAction":[{"@type":"ReadAction","target":["https:\/\/radioinfinitagoya.com.ar\/v1\/2026\/03\/08\/la-tarifa-electrica-en-corrientes-se-mantiene-por-debajo-de-la-media-nacional\/"]}]},{"@type":"ImageObject","inLanguage":"es-AR","@id":"https:\/\/radioinfinitagoya.com.ar\/v1\/2026\/03\/08\/la-tarifa-electrica-en-corrientes-se-mantiene-por-debajo-de-la-media-nacional\/#primaryimage","url":"https:\/\/radioinfinitagoya.com.ar\/v1\/wp-content\/uploads\/2026\/03\/HAWUxNqXwAEF6m_.png","contentUrl":"https:\/\/radioinfinitagoya.com.ar\/v1\/wp-content\/uploads\/2026\/03\/HAWUxNqXwAEF6m_.png","width":680,"height":383},{"@type":"BreadcrumbList","@id":"https:\/\/radioinfinitagoya.com.ar\/v1\/2026\/03\/08\/la-tarifa-electrica-en-corrientes-se-mantiene-por-debajo-de-la-media-nacional\/#breadcrumb","itemListElement":[{"@type":"ListItem","position":1,"name":"Inicio","item":"https:\/\/radioinfinitagoya.com.ar\/v1\/"},{"@type":"ListItem","position":2,"name":"La tarifa el\u00e9ctrica en Corrientes se mantiene por debajo de la media nacional"}]},{"@type":"WebSite","@id":"https:\/\/radioinfinitagoya.com.ar\/v1\/#website","url":"https:\/\/radioinfinitagoya.com.ar\/v1\/","name":"radioinfinitagoya.com.ar","description":"Radio de noticias","publisher":{"@id":"https:\/\/radioinfinitagoya.com.ar\/v1\/#organization"},"potentialAction":[{"@type":"SearchAction","target":{"@type":"EntryPoint","urlTemplate":"https:\/\/radioinfinitagoya.com.ar\/v1\/?s={search_term_string}"},"query-input":{"@type":"PropertyValueSpecification","valueRequired":true,"valueName":"search_term_string"}}],"inLanguage":"es-AR"},{"@type":"Organization","@id":"https:\/\/radioinfinitagoya.com.ar\/v1\/#organization","name":"Radio Infinita Goya","url":"https:\/\/radioinfinitagoya.com.ar\/v1\/","logo":{"@type":"ImageObject","inLanguage":"es-AR","@id":"https:\/\/radioinfinitagoya.com.ar\/v1\/#\/schema\/logo\/image\/","url":"https:\/\/radioinfinitagoya.com.ar\/v1\/wp-content\/uploads\/2019\/11\/logo-pie-web.png","contentUrl":"https:\/\/radioinfinitagoya.com.ar\/v1\/wp-content\/uploads\/2019\/11\/logo-pie-web.png","width":635,"height":326,"caption":"Radio Infinita Goya"},"image":{"@id":"https:\/\/radioinfinitagoya.com.ar\/v1\/#\/schema\/logo\/image\/"},"sameAs":["https:\/\/www.facebook.com\/p\/Infinita-Goya-100063870918311\/"]},{"@type":"Person","@id":"https:\/\/radioinfinitagoya.com.ar\/v1\/#\/schema\/person\/d4cf9c413d4f6edb24aabdccab49ca4a","name":"Jorge Mi\u00f1o","image":{"@type":"ImageObject","inLanguage":"es-AR","@id":"https:\/\/secure.gravatar.com\/avatar\/910fcf6728fe95320e07a6643c1581fec1c7fc4bf8ae12e3d8f0d0373dc844be?s=96&d=mm&r=g","url":"https:\/\/secure.gravatar.com\/avatar\/910fcf6728fe95320e07a6643c1581fec1c7fc4bf8ae12e3d8f0d0373dc844be?s=96&d=mm&r=g","contentUrl":"https:\/\/secure.gravatar.com\/avatar\/910fcf6728fe95320e07a6643c1581fec1c7fc4bf8ae12e3d8f0d0373dc844be?s=96&d=mm&r=g","caption":"Jorge Mi\u00f1o"},"sameAs":["http:\/\/radioinfinitagoya.com.ar"]}]}},"_links":{"self":[{"href":"https:\/\/radioinfinitagoya.com.ar\/v1\/wp-json\/wp\/v2\/posts\/209814","targetHints":{"allow":["GET"]}}],"collection":[{"href":"https:\/\/radioinfinitagoya.com.ar\/v1\/wp-json\/wp\/v2\/posts"}],"about":[{"href":"https:\/\/radioinfinitagoya.com.ar\/v1\/wp-json\/wp\/v2\/types\/post"}],"author":[{"embeddable":true,"href":"https:\/\/radioinfinitagoya.com.ar\/v1\/wp-json\/wp\/v2\/users\/4"}],"replies":[{"embeddable":true,"href":"https:\/\/radioinfinitagoya.com.ar\/v1\/wp-json\/wp\/v2\/comments?post=209814"}],"version-history":[{"count":0,"href":"https:\/\/radioinfinitagoya.com.ar\/v1\/wp-json\/wp\/v2\/posts\/209814\/revisions"}],"wp:featuredmedia":[{"embeddable":true,"href":"https:\/\/radioinfinitagoya.com.ar\/v1\/wp-json\/wp\/v2\/media\/209815"}],"wp:attachment":[{"href":"https:\/\/radioinfinitagoya.com.ar\/v1\/wp-json\/wp\/v2\/media?parent=209814"}],"wp:term":[{"taxonomy":"category","embeddable":true,"href":"https:\/\/radioinfinitagoya.com.ar\/v1\/wp-json\/wp\/v2\/categories?post=209814"},{"taxonomy":"post_tag","embeddable":true,"href":"https:\/\/radioinfinitagoya.com.ar\/v1\/wp-json\/wp\/v2\/tags?post=209814"}],"curies":[{"name":"wp","href":"https:\/\/api.w.org\/{rel}","templated":true}]}}