{"id":209927,"date":"2026-03-10T15:57:25","date_gmt":"2026-03-10T18:57:25","guid":{"rendered":"https:\/\/radioinfinitagoya.com.ar\/v1\/?p=209927"},"modified":"2026-03-10T15:57:25","modified_gmt":"2026-03-10T18:57:25","slug":"8-anos-del-frigorifico-goya-una-gestion-de-calidad-en-crecimiento","status":"publish","type":"post","link":"https:\/\/radioinfinitagoya.com.ar\/v1\/2026\/03\/10\/8-anos-del-frigorifico-goya-una-gestion-de-calidad-en-crecimiento\/","title":{"rendered":"8 a\u00f1os del Frigor\u00edfico Goya, una gesti\u00f3n de calidad en crecimiento"},"content":{"rendered":"<p>El frigor\u00edfico municipal de Goya est\u00e1 cumpliendo 8 a\u00f1os desde su puesta en funcionamiento en el 2018, ubicado en paraje San Pedro, las modernas instalaciones brindan un servicio eficiente y de calidad posicionando a la planta faenadora de Goya entre unas de las primeras de la Provincia, es decisi\u00f3n de la gesti\u00f3n municipal continuar potenciando este frigor\u00edfico otorg\u00e1ndole mayor capacidad de producci\u00f3n por lo que se trabaja en forma articulada con el gobierno provincial para seguir logrando estos objetivos.<\/p>\n<p>Desde marzo de 2018, en nuestro establecimiento se faenaron 92.936 bovinos, siendo el a\u00f1o 2025 el periodo r\u00e9cord con 15.550 bovinos faenados.<\/p>\n<p>Estos n\u00fameros consolidan al frigor\u00edfico Goya como el segundo establecimiento faenador de la Provincia.<\/p>\n<p>Esta cifra nos llena de orgullo, pero tambi\u00e9n nos compromete a seguir gestionando para asegurar la sanidad de la producci\u00f3n de la carne.<\/p>\n<p>Desde su instalaci\u00f3n, hace 8 a\u00f1os, la capacidad operativa refleja el crecimiento de producci\u00f3n en m\u00e1s de un 100% en faenas, en el 2018 se faenaron 7257, en 2025 se realizaron 15550 faenas. Estas estad\u00edsticas demuestran el desarrollo, en menos de 8 a\u00f1os, de la Planta Faenadora del Frigor\u00edfico Goya.<\/p>\n<p>&nbsp;<\/p>\n","protected":false},"excerpt":{"rendered":"<p>El frigor\u00edfico municipal de Goya est\u00e1 cumpliendo 8 a\u00f1os desde su puesta en funcionamiento en el 2018, ubicado en paraje San Pedro, las modernas instalaciones brindan un servicio eficiente y de calidad posicionando a la planta faenadora de Goya entre unas de las primeras de la Provincia, es decisi\u00f3n de la gesti\u00f3n municipal continuar potenciando [&hellip;]<\/p>\n","protected":false},"author":4,"featured_media":209928,"comment_status":"open","ping_status":"open","sticky":false,"template":"","format":"standard","meta":{"_joinchat":[],"footnotes":""},"categories":[27],"tags":[],"class_list":{"0":"post-209927","1":"post","2":"type-post","3":"status-publish","4":"format-standard","5":"has-post-thumbnail","7":"category-locales"},"yoast_head":"<!-- This site is optimized with the Yoast SEO plugin v27.2 - https:\/\/yoast.com\/product\/yoast-seo-wordpress\/ -->\n<title>8 a\u00f1os del Frigor\u00edfico Goya, una gesti\u00f3n de calidad en crecimiento - Radio Infinita Goya<\/title>\n<meta name=\"description\" content=\"El frigor\u00edfico municipal de Goya est\u00e1 cumpliendo 8 a\u00f1os desde su puesta en funcionamiento en el 2018, ubicado en paraje San Pedro, las modernas\" \/>\n<meta name=\"robots\" content=\"index, follow, max-snippet:-1, max-image-preview:large, max-video-preview:-1\" \/>\n<link rel=\"canonical\" href=\"https:\/\/radioinfinitagoya.com.ar\/v1\/2026\/03\/10\/8-anos-del-frigorifico-goya-una-gestion-de-calidad-en-crecimiento\/\" \/>\n<meta property=\"og:locale\" content=\"es_ES\" \/>\n<meta property=\"og:type\" content=\"article\" \/>\n<meta property=\"og:title\" content=\"8 a\u00f1os del Frigor\u00edfico Goya, una gesti\u00f3n de calidad en crecimiento - Radio Infinita Goya\" \/>\n<meta property=\"og:description\" content=\"El frigor\u00edfico municipal de Goya est\u00e1 cumpliendo 8 a\u00f1os desde su puesta en funcionamiento en el 2018, ubicado en paraje San Pedro, las modernas\" \/>\n<meta property=\"og:url\" content=\"https:\/\/radioinfinitagoya.com.ar\/v1\/2026\/03\/10\/8-anos-del-frigorifico-goya-una-gestion-de-calidad-en-crecimiento\/\" \/>\n<meta property=\"og:site_name\" content=\"Radio Infinita Goya\" \/>\n<meta property=\"article:publisher\" content=\"https:\/\/www.facebook.com\/p\/Infinita-Goya-100063870918311\/\" \/>\n<meta property=\"article:published_time\" content=\"2026-03-10T18:57:25+00:00\" \/>\n<meta property=\"og:image\" content=\"https:\/\/radioinfinitagoya.com.ar\/v1\/wp-content\/uploads\/2026\/03\/frigorific.jpg\" \/>\n\t<meta property=\"og:image:width\" content=\"848\" \/>\n\t<meta property=\"og:image:height\" content=\"477\" \/>\n\t<meta property=\"og:image:type\" content=\"image\/jpeg\" \/>\n<meta name=\"author\" content=\"Jorge Mi\u00f1o\" \/>\n<meta name=\"twitter:card\" content=\"summary_large_image\" \/>\n<meta name=\"twitter:label1\" content=\"Escrito por\" \/>\n\t<meta name=\"twitter:data1\" content=\"Jorge Mi\u00f1o\" \/>\n\t<meta name=\"twitter:label2\" content=\"Tiempo de lectura\" \/>\n\t<meta name=\"twitter:data2\" content=\"2 minutos\" \/>\n<script type=\"application\/ld+json\" class=\"yoast-schema-graph\">{\"@context\":\"https:\/\/schema.org\",\"@graph\":[{\"@type\":\"Article\",\"@id\":\"https:\/\/radioinfinitagoya.com.ar\/v1\/2026\/03\/10\/8-anos-del-frigorifico-goya-una-gestion-de-calidad-en-crecimiento\/#article\",\"isPartOf\":{\"@id\":\"https:\/\/radioinfinitagoya.com.ar\/v1\/2026\/03\/10\/8-anos-del-frigorifico-goya-una-gestion-de-calidad-en-crecimiento\/\"},\"author\":{\"name\":\"Jorge Mi\u00f1o\",\"@id\":\"https:\/\/radioinfinitagoya.com.ar\/v1\/#\/schema\/person\/d4cf9c413d4f6edb24aabdccab49ca4a\"},\"headline\":\"8 a\u00f1os del Frigor\u00edfico Goya, una gesti\u00f3n de calidad en crecimiento\",\"datePublished\":\"2026-03-10T18:57:25+00:00\",\"mainEntityOfPage\":{\"@id\":\"https:\/\/radioinfinitagoya.com.ar\/v1\/2026\/03\/10\/8-anos-del-frigorifico-goya-una-gestion-de-calidad-en-crecimiento\/\"},\"wordCount\":209,\"commentCount\":0,\"publisher\":{\"@id\":\"https:\/\/radioinfinitagoya.com.ar\/v1\/#organization\"},\"image\":{\"@id\":\"https:\/\/radioinfinitagoya.com.ar\/v1\/2026\/03\/10\/8-anos-del-frigorifico-goya-una-gestion-de-calidad-en-crecimiento\/#primaryimage\"},\"thumbnailUrl\":\"https:\/\/radioinfinitagoya.com.ar\/v1\/wp-content\/uploads\/2026\/03\/frigorific.jpg\",\"articleSection\":[\"LOCALES\"],\"inLanguage\":\"es-AR\",\"potentialAction\":[{\"@type\":\"CommentAction\",\"name\":\"Comment\",\"target\":[\"https:\/\/radioinfinitagoya.com.ar\/v1\/2026\/03\/10\/8-anos-del-frigorifico-goya-una-gestion-de-calidad-en-crecimiento\/#respond\"]}]},{\"@type\":\"WebPage\",\"@id\":\"https:\/\/radioinfinitagoya.com.ar\/v1\/2026\/03\/10\/8-anos-del-frigorifico-goya-una-gestion-de-calidad-en-crecimiento\/\",\"url\":\"https:\/\/radioinfinitagoya.com.ar\/v1\/2026\/03\/10\/8-anos-del-frigorifico-goya-una-gestion-de-calidad-en-crecimiento\/\",\"name\":\"8 a\u00f1os del Frigor\u00edfico Goya, una gesti\u00f3n de calidad en crecimiento - Radio Infinita Goya\",\"isPartOf\":{\"@id\":\"https:\/\/radioinfinitagoya.com.ar\/v1\/#website\"},\"primaryImageOfPage\":{\"@id\":\"https:\/\/radioinfinitagoya.com.ar\/v1\/2026\/03\/10\/8-anos-del-frigorifico-goya-una-gestion-de-calidad-en-crecimiento\/#primaryimage\"},\"image\":{\"@id\":\"https:\/\/radioinfinitagoya.com.ar\/v1\/2026\/03\/10\/8-anos-del-frigorifico-goya-una-gestion-de-calidad-en-crecimiento\/#primaryimage\"},\"thumbnailUrl\":\"https:\/\/radioinfinitagoya.com.ar\/v1\/wp-content\/uploads\/2026\/03\/frigorific.jpg\",\"datePublished\":\"2026-03-10T18:57:25+00:00\",\"description\":\"El frigor\u00edfico municipal de Goya est\u00e1 cumpliendo 8 a\u00f1os desde su puesta en funcionamiento en el 2018, ubicado en paraje San Pedro, las modernas\",\"breadcrumb\":{\"@id\":\"https:\/\/radioinfinitagoya.com.ar\/v1\/2026\/03\/10\/8-anos-del-frigorifico-goya-una-gestion-de-calidad-en-crecimiento\/#breadcrumb\"},\"inLanguage\":\"es-AR\",\"potentialAction\":[{\"@type\":\"ReadAction\",\"target\":[\"https:\/\/radioinfinitagoya.com.ar\/v1\/2026\/03\/10\/8-anos-del-frigorifico-goya-una-gestion-de-calidad-en-crecimiento\/\"]}]},{\"@type\":\"ImageObject\",\"inLanguage\":\"es-AR\",\"@id\":\"https:\/\/radioinfinitagoya.com.ar\/v1\/2026\/03\/10\/8-anos-del-frigorifico-goya-una-gestion-de-calidad-en-crecimiento\/#primaryimage\",\"url\":\"https:\/\/radioinfinitagoya.com.ar\/v1\/wp-content\/uploads\/2026\/03\/frigorific.jpg\",\"contentUrl\":\"https:\/\/radioinfinitagoya.com.ar\/v1\/wp-content\/uploads\/2026\/03\/frigorific.jpg\",\"width\":848,\"height\":477},{\"@type\":\"BreadcrumbList\",\"@id\":\"https:\/\/radioinfinitagoya.com.ar\/v1\/2026\/03\/10\/8-anos-del-frigorifico-goya-una-gestion-de-calidad-en-crecimiento\/#breadcrumb\",\"itemListElement\":[{\"@type\":\"ListItem\",\"position\":1,\"name\":\"Inicio\",\"item\":\"https:\/\/radioinfinitagoya.com.ar\/v1\/\"},{\"@type\":\"ListItem\",\"position\":2,\"name\":\"8 a\u00f1os del Frigor\u00edfico Goya, una gesti\u00f3n de calidad en crecimiento\"}]},{\"@type\":\"WebSite\",\"@id\":\"https:\/\/radioinfinitagoya.com.ar\/v1\/#website\",\"url\":\"https:\/\/radioinfinitagoya.com.ar\/v1\/\",\"name\":\"radioinfinitagoya.com.ar\",\"description\":\"Radio de noticias\",\"publisher\":{\"@id\":\"https:\/\/radioinfinitagoya.com.ar\/v1\/#organization\"},\"potentialAction\":[{\"@type\":\"SearchAction\",\"target\":{\"@type\":\"EntryPoint\",\"urlTemplate\":\"https:\/\/radioinfinitagoya.com.ar\/v1\/?s={search_term_string}\"},\"query-input\":{\"@type\":\"PropertyValueSpecification\",\"valueRequired\":true,\"valueName\":\"search_term_string\"}}],\"inLanguage\":\"es-AR\"},{\"@type\":\"Organization\",\"@id\":\"https:\/\/radioinfinitagoya.com.ar\/v1\/#organization\",\"name\":\"Radio Infinita Goya\",\"url\":\"https:\/\/radioinfinitagoya.com.ar\/v1\/\",\"logo\":{\"@type\":\"ImageObject\",\"inLanguage\":\"es-AR\",\"@id\":\"https:\/\/radioinfinitagoya.com.ar\/v1\/#\/schema\/logo\/image\/\",\"url\":\"https:\/\/radioinfinitagoya.com.ar\/v1\/wp-content\/uploads\/2019\/11\/logo-pie-web.png\",\"contentUrl\":\"https:\/\/radioinfinitagoya.com.ar\/v1\/wp-content\/uploads\/2019\/11\/logo-pie-web.png\",\"width\":635,\"height\":326,\"caption\":\"Radio Infinita Goya\"},\"image\":{\"@id\":\"https:\/\/radioinfinitagoya.com.ar\/v1\/#\/schema\/logo\/image\/\"},\"sameAs\":[\"https:\/\/www.facebook.com\/p\/Infinita-Goya-100063870918311\/\"]},{\"@type\":\"Person\",\"@id\":\"https:\/\/radioinfinitagoya.com.ar\/v1\/#\/schema\/person\/d4cf9c413d4f6edb24aabdccab49ca4a\",\"name\":\"Jorge Mi\u00f1o\",\"image\":{\"@type\":\"ImageObject\",\"inLanguage\":\"es-AR\",\"@id\":\"https:\/\/secure.gravatar.com\/avatar\/910fcf6728fe95320e07a6643c1581fec1c7fc4bf8ae12e3d8f0d0373dc844be?s=96&d=mm&r=g\",\"url\":\"https:\/\/secure.gravatar.com\/avatar\/910fcf6728fe95320e07a6643c1581fec1c7fc4bf8ae12e3d8f0d0373dc844be?s=96&d=mm&r=g\",\"contentUrl\":\"https:\/\/secure.gravatar.com\/avatar\/910fcf6728fe95320e07a6643c1581fec1c7fc4bf8ae12e3d8f0d0373dc844be?s=96&d=mm&r=g\",\"caption\":\"Jorge Mi\u00f1o\"},\"sameAs\":[\"http:\/\/radioinfinitagoya.com.ar\"]}]}<\/script>\n<!-- \/ Yoast SEO plugin. -->","yoast_head_json":{"title":"8 a\u00f1os del Frigor\u00edfico Goya, una gesti\u00f3n de calidad en crecimiento - Radio Infinita Goya","description":"El frigor\u00edfico municipal de Goya est\u00e1 cumpliendo 8 a\u00f1os desde su puesta en funcionamiento en el 2018, ubicado en paraje San Pedro, las modernas","robots":{"index":"index","follow":"follow","max-snippet":"max-snippet:-1","max-image-preview":"max-image-preview:large","max-video-preview":"max-video-preview:-1"},"canonical":"https:\/\/radioinfinitagoya.com.ar\/v1\/2026\/03\/10\/8-anos-del-frigorifico-goya-una-gestion-de-calidad-en-crecimiento\/","og_locale":"es_ES","og_type":"article","og_title":"8 a\u00f1os del Frigor\u00edfico Goya, una gesti\u00f3n de calidad en crecimiento - Radio Infinita Goya","og_description":"El frigor\u00edfico municipal de Goya est\u00e1 cumpliendo 8 a\u00f1os desde su puesta en funcionamiento en el 2018, ubicado en paraje San Pedro, las modernas","og_url":"https:\/\/radioinfinitagoya.com.ar\/v1\/2026\/03\/10\/8-anos-del-frigorifico-goya-una-gestion-de-calidad-en-crecimiento\/","og_site_name":"Radio Infinita Goya","article_publisher":"https:\/\/www.facebook.com\/p\/Infinita-Goya-100063870918311\/","article_published_time":"2026-03-10T18:57:25+00:00","og_image":[{"width":848,"height":477,"url":"https:\/\/radioinfinitagoya.com.ar\/v1\/wp-content\/uploads\/2026\/03\/frigorific.jpg","type":"image\/jpeg"}],"author":"Jorge Mi\u00f1o","twitter_card":"summary_large_image","twitter_misc":{"Escrito por":"Jorge Mi\u00f1o","Tiempo de lectura":"2 minutos"},"schema":{"@context":"https:\/\/schema.org","@graph":[{"@type":"Article","@id":"https:\/\/radioinfinitagoya.com.ar\/v1\/2026\/03\/10\/8-anos-del-frigorifico-goya-una-gestion-de-calidad-en-crecimiento\/#article","isPartOf":{"@id":"https:\/\/radioinfinitagoya.com.ar\/v1\/2026\/03\/10\/8-anos-del-frigorifico-goya-una-gestion-de-calidad-en-crecimiento\/"},"author":{"name":"Jorge Mi\u00f1o","@id":"https:\/\/radioinfinitagoya.com.ar\/v1\/#\/schema\/person\/d4cf9c413d4f6edb24aabdccab49ca4a"},"headline":"8 a\u00f1os del Frigor\u00edfico Goya, una gesti\u00f3n de calidad en crecimiento","datePublished":"2026-03-10T18:57:25+00:00","mainEntityOfPage":{"@id":"https:\/\/radioinfinitagoya.com.ar\/v1\/2026\/03\/10\/8-anos-del-frigorifico-goya-una-gestion-de-calidad-en-crecimiento\/"},"wordCount":209,"commentCount":0,"publisher":{"@id":"https:\/\/radioinfinitagoya.com.ar\/v1\/#organization"},"image":{"@id":"https:\/\/radioinfinitagoya.com.ar\/v1\/2026\/03\/10\/8-anos-del-frigorifico-goya-una-gestion-de-calidad-en-crecimiento\/#primaryimage"},"thumbnailUrl":"https:\/\/radioinfinitagoya.com.ar\/v1\/wp-content\/uploads\/2026\/03\/frigorific.jpg","articleSection":["LOCALES"],"inLanguage":"es-AR","potentialAction":[{"@type":"CommentAction","name":"Comment","target":["https:\/\/radioinfinitagoya.com.ar\/v1\/2026\/03\/10\/8-anos-del-frigorifico-goya-una-gestion-de-calidad-en-crecimiento\/#respond"]}]},{"@type":"WebPage","@id":"https:\/\/radioinfinitagoya.com.ar\/v1\/2026\/03\/10\/8-anos-del-frigorifico-goya-una-gestion-de-calidad-en-crecimiento\/","url":"https:\/\/radioinfinitagoya.com.ar\/v1\/2026\/03\/10\/8-anos-del-frigorifico-goya-una-gestion-de-calidad-en-crecimiento\/","name":"8 a\u00f1os del Frigor\u00edfico Goya, una gesti\u00f3n de calidad en crecimiento - Radio Infinita Goya","isPartOf":{"@id":"https:\/\/radioinfinitagoya.com.ar\/v1\/#website"},"primaryImageOfPage":{"@id":"https:\/\/radioinfinitagoya.com.ar\/v1\/2026\/03\/10\/8-anos-del-frigorifico-goya-una-gestion-de-calidad-en-crecimiento\/#primaryimage"},"image":{"@id":"https:\/\/radioinfinitagoya.com.ar\/v1\/2026\/03\/10\/8-anos-del-frigorifico-goya-una-gestion-de-calidad-en-crecimiento\/#primaryimage"},"thumbnailUrl":"https:\/\/radioinfinitagoya.com.ar\/v1\/wp-content\/uploads\/2026\/03\/frigorific.jpg","datePublished":"2026-03-10T18:57:25+00:00","description":"El frigor\u00edfico municipal de Goya est\u00e1 cumpliendo 8 a\u00f1os desde su puesta en funcionamiento en el 2018, ubicado en paraje San Pedro, las modernas","breadcrumb":{"@id":"https:\/\/radioinfinitagoya.com.ar\/v1\/2026\/03\/10\/8-anos-del-frigorifico-goya-una-gestion-de-calidad-en-crecimiento\/#breadcrumb"},"inLanguage":"es-AR","potentialAction":[{"@type":"ReadAction","target":["https:\/\/radioinfinitagoya.com.ar\/v1\/2026\/03\/10\/8-anos-del-frigorifico-goya-una-gestion-de-calidad-en-crecimiento\/"]}]},{"@type":"ImageObject","inLanguage":"es-AR","@id":"https:\/\/radioinfinitagoya.com.ar\/v1\/2026\/03\/10\/8-anos-del-frigorifico-goya-una-gestion-de-calidad-en-crecimiento\/#primaryimage","url":"https:\/\/radioinfinitagoya.com.ar\/v1\/wp-content\/uploads\/2026\/03\/frigorific.jpg","contentUrl":"https:\/\/radioinfinitagoya.com.ar\/v1\/wp-content\/uploads\/2026\/03\/frigorific.jpg","width":848,"height":477},{"@type":"BreadcrumbList","@id":"https:\/\/radioinfinitagoya.com.ar\/v1\/2026\/03\/10\/8-anos-del-frigorifico-goya-una-gestion-de-calidad-en-crecimiento\/#breadcrumb","itemListElement":[{"@type":"ListItem","position":1,"name":"Inicio","item":"https:\/\/radioinfinitagoya.com.ar\/v1\/"},{"@type":"ListItem","position":2,"name":"8 a\u00f1os del Frigor\u00edfico Goya, una gesti\u00f3n de calidad en crecimiento"}]},{"@type":"WebSite","@id":"https:\/\/radioinfinitagoya.com.ar\/v1\/#website","url":"https:\/\/radioinfinitagoya.com.ar\/v1\/","name":"radioinfinitagoya.com.ar","description":"Radio de noticias","publisher":{"@id":"https:\/\/radioinfinitagoya.com.ar\/v1\/#organization"},"potentialAction":[{"@type":"SearchAction","target":{"@type":"EntryPoint","urlTemplate":"https:\/\/radioinfinitagoya.com.ar\/v1\/?s={search_term_string}"},"query-input":{"@type":"PropertyValueSpecification","valueRequired":true,"valueName":"search_term_string"}}],"inLanguage":"es-AR"},{"@type":"Organization","@id":"https:\/\/radioinfinitagoya.com.ar\/v1\/#organization","name":"Radio Infinita Goya","url":"https:\/\/radioinfinitagoya.com.ar\/v1\/","logo":{"@type":"ImageObject","inLanguage":"es-AR","@id":"https:\/\/radioinfinitagoya.com.ar\/v1\/#\/schema\/logo\/image\/","url":"https:\/\/radioinfinitagoya.com.ar\/v1\/wp-content\/uploads\/2019\/11\/logo-pie-web.png","contentUrl":"https:\/\/radioinfinitagoya.com.ar\/v1\/wp-content\/uploads\/2019\/11\/logo-pie-web.png","width":635,"height":326,"caption":"Radio Infinita Goya"},"image":{"@id":"https:\/\/radioinfinitagoya.com.ar\/v1\/#\/schema\/logo\/image\/"},"sameAs":["https:\/\/www.facebook.com\/p\/Infinita-Goya-100063870918311\/"]},{"@type":"Person","@id":"https:\/\/radioinfinitagoya.com.ar\/v1\/#\/schema\/person\/d4cf9c413d4f6edb24aabdccab49ca4a","name":"Jorge Mi\u00f1o","image":{"@type":"ImageObject","inLanguage":"es-AR","@id":"https:\/\/secure.gravatar.com\/avatar\/910fcf6728fe95320e07a6643c1581fec1c7fc4bf8ae12e3d8f0d0373dc844be?s=96&d=mm&r=g","url":"https:\/\/secure.gravatar.com\/avatar\/910fcf6728fe95320e07a6643c1581fec1c7fc4bf8ae12e3d8f0d0373dc844be?s=96&d=mm&r=g","contentUrl":"https:\/\/secure.gravatar.com\/avatar\/910fcf6728fe95320e07a6643c1581fec1c7fc4bf8ae12e3d8f0d0373dc844be?s=96&d=mm&r=g","caption":"Jorge Mi\u00f1o"},"sameAs":["http:\/\/radioinfinitagoya.com.ar"]}]}},"_links":{"self":[{"href":"https:\/\/radioinfinitagoya.com.ar\/v1\/wp-json\/wp\/v2\/posts\/209927","targetHints":{"allow":["GET"]}}],"collection":[{"href":"https:\/\/radioinfinitagoya.com.ar\/v1\/wp-json\/wp\/v2\/posts"}],"about":[{"href":"https:\/\/radioinfinitagoya.com.ar\/v1\/wp-json\/wp\/v2\/types\/post"}],"author":[{"embeddable":true,"href":"https:\/\/radioinfinitagoya.com.ar\/v1\/wp-json\/wp\/v2\/users\/4"}],"replies":[{"embeddable":true,"href":"https:\/\/radioinfinitagoya.com.ar\/v1\/wp-json\/wp\/v2\/comments?post=209927"}],"version-history":[{"count":0,"href":"https:\/\/radioinfinitagoya.com.ar\/v1\/wp-json\/wp\/v2\/posts\/209927\/revisions"}],"wp:featuredmedia":[{"embeddable":true,"href":"https:\/\/radioinfinitagoya.com.ar\/v1\/wp-json\/wp\/v2\/media\/209928"}],"wp:attachment":[{"href":"https:\/\/radioinfinitagoya.com.ar\/v1\/wp-json\/wp\/v2\/media?parent=209927"}],"wp:term":[{"taxonomy":"category","embeddable":true,"href":"https:\/\/radioinfinitagoya.com.ar\/v1\/wp-json\/wp\/v2\/categories?post=209927"},{"taxonomy":"post_tag","embeddable":true,"href":"https:\/\/radioinfinitagoya.com.ar\/v1\/wp-json\/wp\/v2\/tags?post=209927"}],"curies":[{"name":"wp","href":"https:\/\/api.w.org\/{rel}","templated":true}]}}