{"id":209933,"date":"2026-03-10T16:00:35","date_gmt":"2026-03-10T19:00:35","guid":{"rendered":"https:\/\/radioinfinitagoya.com.ar\/v1\/?p=209933"},"modified":"2026-03-10T16:00:35","modified_gmt":"2026-03-10T19:00:35","slug":"mariano-hormaechea-tomo-juramento-al-nuevo-asesor-letrado-del-municipio","status":"publish","type":"post","link":"https:\/\/radioinfinitagoya.com.ar\/v1\/2026\/03\/10\/mariano-hormaechea-tomo-juramento-al-nuevo-asesor-letrado-del-municipio\/","title":{"rendered":"Mariano Hormaechea tom\u00f3 juramento al nuevo Asesor Letrado del Municipio"},"content":{"rendered":"<p>En un acto institucional realizado este martes 10 de marzo en el Sal\u00f3n de Acuerdos de la Municipalidad, el intendente de Goya, doctor Mariano Hormaechea, tom\u00f3 juramento y puso formalmente en funciones al doctor Dami\u00e1n Esteban Pini como nuevo Asesor Letrado del municipio.<\/p>\n<p>La ceremonia cont\u00f3 con la presencia del viceintendente, contador Sebasti\u00e1n Mazzaro, concejales y funcionarios municipales que acompa\u00f1aron el acto protocolar.<\/p>\n<p>Durante la actividad se dio lectura a la Resoluci\u00f3n N\u00ba 318\/26, mediante la cual se oficializa la designaci\u00f3n del nuevo funcionario. Posteriormente, el intendente procedi\u00f3 a tomarle juramento, instancia en la que el doctor Pini prest\u00f3 su compromiso por \u201cDios, la Patria y los Santos Evangelios\u201d, asumiendo formalmente la responsabilidad de conducir la Asesor\u00eda Letrada del municipio.<\/p>\n<p>DAMI\u00c1N ESTEBAN PINI<\/p>\n<p>Tras asumir el cargo, el flamante Asesor Letrado expres\u00f3 su agradecimiento por el acompa\u00f1amiento de los presentes y por la confianza depositada en su persona.<\/p>\n<p>\u201cMuchas gracias por la presencia que es sumamente importante el apoyo de todos ustedes\u201d, manifest\u00f3 en primer t\u00e9rmino.<\/p>\n<p>El funcionario remarc\u00f3 adem\u00e1s el nuevo desaf\u00edo profesional que implica esta etapa dentro de la administraci\u00f3n p\u00fablica: \u201cEste es un desaf\u00edo nuevo, yo vengo desde hace muchos a\u00f1os lo que es la carrera de derecho y en el ejercicio de la profesi\u00f3n\u201d, sostuvo.<\/p>\n<p>En esa l\u00ednea, explic\u00f3 que su funci\u00f3n dentro del municipio adquiere ahora un car\u00e1cter diferente al que ven\u00eda desarrollando anteriormente: \u201cahora me toca una faceta distinta de lo que ven\u00eda desarrollando dentro de la Municipalidad\u201d, subray\u00f3.<\/p>\n<p>Finalmente, dedic\u00f3 palabras de reconocimiento al jefe comunal por la designaci\u00f3n recibida: \u201cInfinitamente agradecido al intendente doctor Mariano Hormaechea por la confianza depositada en m\u00ed y es un cargo que voy ejercer con toda profesionalidad que lleva el caso, la honestidad que corresponde justamente y el compromiso para llevar adelante la funci\u00f3n de asesor letrado\u201d, concluy\u00f3 el doctor Dami\u00e1n Esteban Pini.<\/p>\n<p>INTENDENTE MARIANO HORMAECHEA<\/p>\n<p>Luego de las palabras del nuevo asesor, el intendente Mariano Hormaechea destac\u00f3 la trayectoria de Pini dentro del equipo de trabajo municipal.<\/p>\n<p>\u201cDamian es parte del equipo, el viene trabajando hace mucho tiempo con nosotros, es un militante, pero tambi\u00e9n es parte del equipo de esta gesti\u00f3n municipal, nos vino acompa\u00f1ando desde diferentes lugares\u201d, expres\u00f3 el jefe comunal.<\/p>\n<p>En su repaso por la trayectoria del funcionario, el intendente record\u00f3: \u201cEn la primera etapa estuvo como Director de Empleos que ha cumplido un rol fundamental, en ese entonces con generar oportunidades de capacitaci\u00f3n entre otras cuestiones, trabajando tambi\u00e9n con el personal municipal y generando oportunidades\u201d.<\/p>\n<p>Asimismo, mencion\u00f3 su paso por el \u00e1mbito judicial: \u201cDespu\u00e9s se nos fue un tiempo, estuvo trabajando en el Juzgado Federal, cumpliendo una funci\u00f3n y un rol importante en un momento complejo tambi\u00e9n\u201d, a\u00f1adi\u00f3.<\/p>\n<p>Sobre su regreso a la gesti\u00f3n municipal, Hormaechea se\u00f1al\u00f3: \u201cEn este \u00faltimo tiempo se sum\u00f3 nuevamente al equipo y estuvo trabajando en la coordinaci\u00f3n de Asuntos Rurales, donde \u00e9l tiene un acabado conocimiento de la de la zona rural y en esta nueva etapa que ya arrancamos, pr\u00e1cticamente estamos al 100% trabajando\u201d.<\/p>\n<p>En ese contexto, indic\u00f3 adem\u00e1s la necesidad de completar \u00e1reas de la administraci\u00f3n: \u201cHay \u00e1reas que nosotros tenemos que terminar de cubrir\u201d, asever\u00f3.<\/p>\n<p>El intendente tambi\u00e9n se refiri\u00f3 al proceso de reorganizaci\u00f3n que se viene llevando adelante en la estructura municipal: \u201cNosotros planteamos esta cuesti\u00f3n de hacer un reordenamiento y venimos ordenando el municipio para ser m\u00e1s eficientes, para estar ayornados a la nueva realidad que estamos viviendo en el Pa\u00eds, en una pol\u00edtica econ\u00f3mica compleja, dif\u00edcil, de p\u00fablico conocimiento\u201d, expres\u00f3.<\/p>\n<p>En relaci\u00f3n con la Asesor\u00eda Letrada, Hormaechea valor\u00f3 el trabajo realizado por el anterior titular del \u00e1rea: \u201cEl \u00e1rea de la asesor\u00eda letrada es un espacio fundamental para el municipio en la cual estuvo a cargo el doctor Augusto Guarracino, al cual tambi\u00e9n quiero agradecerle p\u00fablicamente por su funci\u00f3n en estos 4 a\u00f1os\u201d.<\/p>\n<p>Asimismo, explic\u00f3 la continuidad del profesional dentro del equipo: \u201cEn una decisi\u00f3n personal y conjunta ha dado un paso al costado, pero sigue siendo parte de este equipo que hoy administra el municipio\u201d, afirm\u00f3.<\/p>\n<p>Respecto a la designaci\u00f3n del nuevo asesor, el intendente sostuvo: \u201cA partir de ahora entiendo que Dami\u00e1n Pini es la persona que tiene la idoneidad, que tiene el conocimiento, la experiencia de su carrera profesional como abogado y creo que es la persona indicada para cumplir esta nueva funci\u00f3n, en la cual nosotros tenemos que seguir en esta l\u00ednea de reordenamiento\u201d.<\/p>\n<p>Tambi\u00e9n remarc\u00f3 la responsabilidad que asume el funcionario: \u201cTiene un gran desaf\u00edo, Dami\u00e1n, de reorganizar y reordenar el equipo de la asesor\u00eda letrada que tiene un rol fundamental en la gesti\u00f3n municipal, sobre todo para en estos tiempos ser m\u00e1s eficiente, ir en este camino de la honestidad y de hacer cumplir la lo que corresponde\u201d, precis\u00f3.<\/p>\n<p>Finalmente, Mariano Hormaechea cerr\u00f3 su mensaje con una felicitaci\u00f3n y un llamado al trabajo conjunto: \u201cFelicitarte, Dami\u00e1n, gracias por aceptar el desaf\u00edo y sigamos trabajando en conjunto el equipo por esta Goya que todos tenemos puesta en la camiseta\u201d, concluy\u00f3 el primer mandatario municipal.<\/p>\n","protected":false},"excerpt":{"rendered":"<p>En un acto institucional realizado este martes 10 de marzo en el Sal\u00f3n de Acuerdos de la Municipalidad, el intendente de Goya, doctor Mariano Hormaechea, tom\u00f3 juramento y puso formalmente en funciones al doctor Dami\u00e1n Esteban Pini como nuevo Asesor Letrado del municipio. La ceremonia cont\u00f3 con la presencia del viceintendente, contador Sebasti\u00e1n Mazzaro, concejales [&hellip;]<\/p>\n","protected":false},"author":4,"featured_media":209934,"comment_status":"open","ping_status":"open","sticky":false,"template":"","format":"standard","meta":{"_joinchat":[],"footnotes":""},"categories":[27],"tags":[],"class_list":{"0":"post-209933","1":"post","2":"type-post","3":"status-publish","4":"format-standard","5":"has-post-thumbnail","7":"category-locales"},"yoast_head":"<!-- This site is optimized with the Yoast SEO plugin v27.2 - https:\/\/yoast.com\/product\/yoast-seo-wordpress\/ -->\n<title>Mariano Hormaechea tom\u00f3 juramento al nuevo Asesor Letrado del Municipio - Radio Infinita Goya<\/title>\n<meta name=\"description\" content=\"En un acto institucional realizado este martes 10 de marzo en el Sal\u00f3n de Acuerdos de la Municipalidad, el intendente de Goya, doctor Mariano Hormaechea,\" \/>\n<meta name=\"robots\" content=\"index, follow, max-snippet:-1, max-image-preview:large, max-video-preview:-1\" \/>\n<link rel=\"canonical\" href=\"https:\/\/radioinfinitagoya.com.ar\/v1\/2026\/03\/10\/mariano-hormaechea-tomo-juramento-al-nuevo-asesor-letrado-del-municipio\/\" \/>\n<meta property=\"og:locale\" content=\"es_ES\" \/>\n<meta property=\"og:type\" content=\"article\" \/>\n<meta property=\"og:title\" content=\"Mariano Hormaechea tom\u00f3 juramento al nuevo Asesor Letrado del Municipio - Radio Infinita Goya\" \/>\n<meta property=\"og:description\" content=\"En un acto institucional realizado este martes 10 de marzo en el Sal\u00f3n de Acuerdos de la Municipalidad, el intendente de Goya, doctor Mariano Hormaechea,\" \/>\n<meta property=\"og:url\" content=\"https:\/\/radioinfinitagoya.com.ar\/v1\/2026\/03\/10\/mariano-hormaechea-tomo-juramento-al-nuevo-asesor-letrado-del-municipio\/\" \/>\n<meta property=\"og:site_name\" content=\"Radio Infinita Goya\" \/>\n<meta property=\"article:publisher\" content=\"https:\/\/www.facebook.com\/p\/Infinita-Goya-100063870918311\/\" \/>\n<meta property=\"article:published_time\" content=\"2026-03-10T19:00:35+00:00\" \/>\n<meta property=\"og:image\" content=\"https:\/\/radioinfinitagoya.com.ar\/v1\/wp-content\/uploads\/2026\/03\/jura_de_pini.jpg\" \/>\n\t<meta property=\"og:image:width\" content=\"848\" \/>\n\t<meta property=\"og:image:height\" content=\"477\" \/>\n\t<meta property=\"og:image:type\" content=\"image\/jpeg\" \/>\n<meta name=\"author\" content=\"Jorge Mi\u00f1o\" \/>\n<meta name=\"twitter:card\" content=\"summary_large_image\" \/>\n<meta name=\"twitter:label1\" content=\"Escrito por\" \/>\n\t<meta name=\"twitter:data1\" content=\"Jorge Mi\u00f1o\" \/>\n\t<meta name=\"twitter:label2\" content=\"Tiempo de lectura\" \/>\n\t<meta name=\"twitter:data2\" content=\"4 minutos\" \/>\n<script type=\"application\/ld+json\" class=\"yoast-schema-graph\">{\"@context\":\"https:\/\/schema.org\",\"@graph\":[{\"@type\":\"Article\",\"@id\":\"https:\/\/radioinfinitagoya.com.ar\/v1\/2026\/03\/10\/mariano-hormaechea-tomo-juramento-al-nuevo-asesor-letrado-del-municipio\/#article\",\"isPartOf\":{\"@id\":\"https:\/\/radioinfinitagoya.com.ar\/v1\/2026\/03\/10\/mariano-hormaechea-tomo-juramento-al-nuevo-asesor-letrado-del-municipio\/\"},\"author\":{\"name\":\"Jorge Mi\u00f1o\",\"@id\":\"https:\/\/radioinfinitagoya.com.ar\/v1\/#\/schema\/person\/d4cf9c413d4f6edb24aabdccab49ca4a\"},\"headline\":\"Mariano Hormaechea tom\u00f3 juramento al nuevo Asesor Letrado del Municipio\",\"datePublished\":\"2026-03-10T19:00:35+00:00\",\"mainEntityOfPage\":{\"@id\":\"https:\/\/radioinfinitagoya.com.ar\/v1\/2026\/03\/10\/mariano-hormaechea-tomo-juramento-al-nuevo-asesor-letrado-del-municipio\/\"},\"wordCount\":904,\"commentCount\":0,\"publisher\":{\"@id\":\"https:\/\/radioinfinitagoya.com.ar\/v1\/#organization\"},\"image\":{\"@id\":\"https:\/\/radioinfinitagoya.com.ar\/v1\/2026\/03\/10\/mariano-hormaechea-tomo-juramento-al-nuevo-asesor-letrado-del-municipio\/#primaryimage\"},\"thumbnailUrl\":\"https:\/\/radioinfinitagoya.com.ar\/v1\/wp-content\/uploads\/2026\/03\/jura_de_pini.jpg\",\"articleSection\":[\"LOCALES\"],\"inLanguage\":\"es-AR\",\"potentialAction\":[{\"@type\":\"CommentAction\",\"name\":\"Comment\",\"target\":[\"https:\/\/radioinfinitagoya.com.ar\/v1\/2026\/03\/10\/mariano-hormaechea-tomo-juramento-al-nuevo-asesor-letrado-del-municipio\/#respond\"]}]},{\"@type\":\"WebPage\",\"@id\":\"https:\/\/radioinfinitagoya.com.ar\/v1\/2026\/03\/10\/mariano-hormaechea-tomo-juramento-al-nuevo-asesor-letrado-del-municipio\/\",\"url\":\"https:\/\/radioinfinitagoya.com.ar\/v1\/2026\/03\/10\/mariano-hormaechea-tomo-juramento-al-nuevo-asesor-letrado-del-municipio\/\",\"name\":\"Mariano Hormaechea tom\u00f3 juramento al nuevo Asesor Letrado del Municipio - Radio Infinita Goya\",\"isPartOf\":{\"@id\":\"https:\/\/radioinfinitagoya.com.ar\/v1\/#website\"},\"primaryImageOfPage\":{\"@id\":\"https:\/\/radioinfinitagoya.com.ar\/v1\/2026\/03\/10\/mariano-hormaechea-tomo-juramento-al-nuevo-asesor-letrado-del-municipio\/#primaryimage\"},\"image\":{\"@id\":\"https:\/\/radioinfinitagoya.com.ar\/v1\/2026\/03\/10\/mariano-hormaechea-tomo-juramento-al-nuevo-asesor-letrado-del-municipio\/#primaryimage\"},\"thumbnailUrl\":\"https:\/\/radioinfinitagoya.com.ar\/v1\/wp-content\/uploads\/2026\/03\/jura_de_pini.jpg\",\"datePublished\":\"2026-03-10T19:00:35+00:00\",\"description\":\"En un acto institucional realizado este martes 10 de marzo en el Sal\u00f3n de Acuerdos de la Municipalidad, el intendente de Goya, doctor Mariano Hormaechea,\",\"breadcrumb\":{\"@id\":\"https:\/\/radioinfinitagoya.com.ar\/v1\/2026\/03\/10\/mariano-hormaechea-tomo-juramento-al-nuevo-asesor-letrado-del-municipio\/#breadcrumb\"},\"inLanguage\":\"es-AR\",\"potentialAction\":[{\"@type\":\"ReadAction\",\"target\":[\"https:\/\/radioinfinitagoya.com.ar\/v1\/2026\/03\/10\/mariano-hormaechea-tomo-juramento-al-nuevo-asesor-letrado-del-municipio\/\"]}]},{\"@type\":\"ImageObject\",\"inLanguage\":\"es-AR\",\"@id\":\"https:\/\/radioinfinitagoya.com.ar\/v1\/2026\/03\/10\/mariano-hormaechea-tomo-juramento-al-nuevo-asesor-letrado-del-municipio\/#primaryimage\",\"url\":\"https:\/\/radioinfinitagoya.com.ar\/v1\/wp-content\/uploads\/2026\/03\/jura_de_pini.jpg\",\"contentUrl\":\"https:\/\/radioinfinitagoya.com.ar\/v1\/wp-content\/uploads\/2026\/03\/jura_de_pini.jpg\",\"width\":848,\"height\":477},{\"@type\":\"BreadcrumbList\",\"@id\":\"https:\/\/radioinfinitagoya.com.ar\/v1\/2026\/03\/10\/mariano-hormaechea-tomo-juramento-al-nuevo-asesor-letrado-del-municipio\/#breadcrumb\",\"itemListElement\":[{\"@type\":\"ListItem\",\"position\":1,\"name\":\"Inicio\",\"item\":\"https:\/\/radioinfinitagoya.com.ar\/v1\/\"},{\"@type\":\"ListItem\",\"position\":2,\"name\":\"Mariano Hormaechea tom\u00f3 juramento al nuevo Asesor Letrado del Municipio\"}]},{\"@type\":\"WebSite\",\"@id\":\"https:\/\/radioinfinitagoya.com.ar\/v1\/#website\",\"url\":\"https:\/\/radioinfinitagoya.com.ar\/v1\/\",\"name\":\"radioinfinitagoya.com.ar\",\"description\":\"Radio de noticias\",\"publisher\":{\"@id\":\"https:\/\/radioinfinitagoya.com.ar\/v1\/#organization\"},\"potentialAction\":[{\"@type\":\"SearchAction\",\"target\":{\"@type\":\"EntryPoint\",\"urlTemplate\":\"https:\/\/radioinfinitagoya.com.ar\/v1\/?s={search_term_string}\"},\"query-input\":{\"@type\":\"PropertyValueSpecification\",\"valueRequired\":true,\"valueName\":\"search_term_string\"}}],\"inLanguage\":\"es-AR\"},{\"@type\":\"Organization\",\"@id\":\"https:\/\/radioinfinitagoya.com.ar\/v1\/#organization\",\"name\":\"Radio Infinita Goya\",\"url\":\"https:\/\/radioinfinitagoya.com.ar\/v1\/\",\"logo\":{\"@type\":\"ImageObject\",\"inLanguage\":\"es-AR\",\"@id\":\"https:\/\/radioinfinitagoya.com.ar\/v1\/#\/schema\/logo\/image\/\",\"url\":\"https:\/\/radioinfinitagoya.com.ar\/v1\/wp-content\/uploads\/2019\/11\/logo-pie-web.png\",\"contentUrl\":\"https:\/\/radioinfinitagoya.com.ar\/v1\/wp-content\/uploads\/2019\/11\/logo-pie-web.png\",\"width\":635,\"height\":326,\"caption\":\"Radio Infinita Goya\"},\"image\":{\"@id\":\"https:\/\/radioinfinitagoya.com.ar\/v1\/#\/schema\/logo\/image\/\"},\"sameAs\":[\"https:\/\/www.facebook.com\/p\/Infinita-Goya-100063870918311\/\"]},{\"@type\":\"Person\",\"@id\":\"https:\/\/radioinfinitagoya.com.ar\/v1\/#\/schema\/person\/d4cf9c413d4f6edb24aabdccab49ca4a\",\"name\":\"Jorge Mi\u00f1o\",\"image\":{\"@type\":\"ImageObject\",\"inLanguage\":\"es-AR\",\"@id\":\"https:\/\/secure.gravatar.com\/avatar\/910fcf6728fe95320e07a6643c1581fec1c7fc4bf8ae12e3d8f0d0373dc844be?s=96&d=mm&r=g\",\"url\":\"https:\/\/secure.gravatar.com\/avatar\/910fcf6728fe95320e07a6643c1581fec1c7fc4bf8ae12e3d8f0d0373dc844be?s=96&d=mm&r=g\",\"contentUrl\":\"https:\/\/secure.gravatar.com\/avatar\/910fcf6728fe95320e07a6643c1581fec1c7fc4bf8ae12e3d8f0d0373dc844be?s=96&d=mm&r=g\",\"caption\":\"Jorge Mi\u00f1o\"},\"sameAs\":[\"http:\/\/radioinfinitagoya.com.ar\"]}]}<\/script>\n<!-- \/ Yoast SEO plugin. -->","yoast_head_json":{"title":"Mariano Hormaechea tom\u00f3 juramento al nuevo Asesor Letrado del Municipio - Radio Infinita Goya","description":"En un acto institucional realizado este martes 10 de marzo en el Sal\u00f3n de Acuerdos de la Municipalidad, el intendente de Goya, doctor Mariano Hormaechea,","robots":{"index":"index","follow":"follow","max-snippet":"max-snippet:-1","max-image-preview":"max-image-preview:large","max-video-preview":"max-video-preview:-1"},"canonical":"https:\/\/radioinfinitagoya.com.ar\/v1\/2026\/03\/10\/mariano-hormaechea-tomo-juramento-al-nuevo-asesor-letrado-del-municipio\/","og_locale":"es_ES","og_type":"article","og_title":"Mariano Hormaechea tom\u00f3 juramento al nuevo Asesor Letrado del Municipio - Radio Infinita Goya","og_description":"En un acto institucional realizado este martes 10 de marzo en el Sal\u00f3n de Acuerdos de la Municipalidad, el intendente de Goya, doctor Mariano Hormaechea,","og_url":"https:\/\/radioinfinitagoya.com.ar\/v1\/2026\/03\/10\/mariano-hormaechea-tomo-juramento-al-nuevo-asesor-letrado-del-municipio\/","og_site_name":"Radio Infinita Goya","article_publisher":"https:\/\/www.facebook.com\/p\/Infinita-Goya-100063870918311\/","article_published_time":"2026-03-10T19:00:35+00:00","og_image":[{"width":848,"height":477,"url":"https:\/\/radioinfinitagoya.com.ar\/v1\/wp-content\/uploads\/2026\/03\/jura_de_pini.jpg","type":"image\/jpeg"}],"author":"Jorge Mi\u00f1o","twitter_card":"summary_large_image","twitter_misc":{"Escrito por":"Jorge Mi\u00f1o","Tiempo de lectura":"4 minutos"},"schema":{"@context":"https:\/\/schema.org","@graph":[{"@type":"Article","@id":"https:\/\/radioinfinitagoya.com.ar\/v1\/2026\/03\/10\/mariano-hormaechea-tomo-juramento-al-nuevo-asesor-letrado-del-municipio\/#article","isPartOf":{"@id":"https:\/\/radioinfinitagoya.com.ar\/v1\/2026\/03\/10\/mariano-hormaechea-tomo-juramento-al-nuevo-asesor-letrado-del-municipio\/"},"author":{"name":"Jorge Mi\u00f1o","@id":"https:\/\/radioinfinitagoya.com.ar\/v1\/#\/schema\/person\/d4cf9c413d4f6edb24aabdccab49ca4a"},"headline":"Mariano Hormaechea tom\u00f3 juramento al nuevo Asesor Letrado del Municipio","datePublished":"2026-03-10T19:00:35+00:00","mainEntityOfPage":{"@id":"https:\/\/radioinfinitagoya.com.ar\/v1\/2026\/03\/10\/mariano-hormaechea-tomo-juramento-al-nuevo-asesor-letrado-del-municipio\/"},"wordCount":904,"commentCount":0,"publisher":{"@id":"https:\/\/radioinfinitagoya.com.ar\/v1\/#organization"},"image":{"@id":"https:\/\/radioinfinitagoya.com.ar\/v1\/2026\/03\/10\/mariano-hormaechea-tomo-juramento-al-nuevo-asesor-letrado-del-municipio\/#primaryimage"},"thumbnailUrl":"https:\/\/radioinfinitagoya.com.ar\/v1\/wp-content\/uploads\/2026\/03\/jura_de_pini.jpg","articleSection":["LOCALES"],"inLanguage":"es-AR","potentialAction":[{"@type":"CommentAction","name":"Comment","target":["https:\/\/radioinfinitagoya.com.ar\/v1\/2026\/03\/10\/mariano-hormaechea-tomo-juramento-al-nuevo-asesor-letrado-del-municipio\/#respond"]}]},{"@type":"WebPage","@id":"https:\/\/radioinfinitagoya.com.ar\/v1\/2026\/03\/10\/mariano-hormaechea-tomo-juramento-al-nuevo-asesor-letrado-del-municipio\/","url":"https:\/\/radioinfinitagoya.com.ar\/v1\/2026\/03\/10\/mariano-hormaechea-tomo-juramento-al-nuevo-asesor-letrado-del-municipio\/","name":"Mariano Hormaechea tom\u00f3 juramento al nuevo Asesor Letrado del Municipio - Radio Infinita Goya","isPartOf":{"@id":"https:\/\/radioinfinitagoya.com.ar\/v1\/#website"},"primaryImageOfPage":{"@id":"https:\/\/radioinfinitagoya.com.ar\/v1\/2026\/03\/10\/mariano-hormaechea-tomo-juramento-al-nuevo-asesor-letrado-del-municipio\/#primaryimage"},"image":{"@id":"https:\/\/radioinfinitagoya.com.ar\/v1\/2026\/03\/10\/mariano-hormaechea-tomo-juramento-al-nuevo-asesor-letrado-del-municipio\/#primaryimage"},"thumbnailUrl":"https:\/\/radioinfinitagoya.com.ar\/v1\/wp-content\/uploads\/2026\/03\/jura_de_pini.jpg","datePublished":"2026-03-10T19:00:35+00:00","description":"En un acto institucional realizado este martes 10 de marzo en el Sal\u00f3n de Acuerdos de la Municipalidad, el intendente de Goya, doctor Mariano Hormaechea,","breadcrumb":{"@id":"https:\/\/radioinfinitagoya.com.ar\/v1\/2026\/03\/10\/mariano-hormaechea-tomo-juramento-al-nuevo-asesor-letrado-del-municipio\/#breadcrumb"},"inLanguage":"es-AR","potentialAction":[{"@type":"ReadAction","target":["https:\/\/radioinfinitagoya.com.ar\/v1\/2026\/03\/10\/mariano-hormaechea-tomo-juramento-al-nuevo-asesor-letrado-del-municipio\/"]}]},{"@type":"ImageObject","inLanguage":"es-AR","@id":"https:\/\/radioinfinitagoya.com.ar\/v1\/2026\/03\/10\/mariano-hormaechea-tomo-juramento-al-nuevo-asesor-letrado-del-municipio\/#primaryimage","url":"https:\/\/radioinfinitagoya.com.ar\/v1\/wp-content\/uploads\/2026\/03\/jura_de_pini.jpg","contentUrl":"https:\/\/radioinfinitagoya.com.ar\/v1\/wp-content\/uploads\/2026\/03\/jura_de_pini.jpg","width":848,"height":477},{"@type":"BreadcrumbList","@id":"https:\/\/radioinfinitagoya.com.ar\/v1\/2026\/03\/10\/mariano-hormaechea-tomo-juramento-al-nuevo-asesor-letrado-del-municipio\/#breadcrumb","itemListElement":[{"@type":"ListItem","position":1,"name":"Inicio","item":"https:\/\/radioinfinitagoya.com.ar\/v1\/"},{"@type":"ListItem","position":2,"name":"Mariano Hormaechea tom\u00f3 juramento al nuevo Asesor Letrado del Municipio"}]},{"@type":"WebSite","@id":"https:\/\/radioinfinitagoya.com.ar\/v1\/#website","url":"https:\/\/radioinfinitagoya.com.ar\/v1\/","name":"radioinfinitagoya.com.ar","description":"Radio de noticias","publisher":{"@id":"https:\/\/radioinfinitagoya.com.ar\/v1\/#organization"},"potentialAction":[{"@type":"SearchAction","target":{"@type":"EntryPoint","urlTemplate":"https:\/\/radioinfinitagoya.com.ar\/v1\/?s={search_term_string}"},"query-input":{"@type":"PropertyValueSpecification","valueRequired":true,"valueName":"search_term_string"}}],"inLanguage":"es-AR"},{"@type":"Organization","@id":"https:\/\/radioinfinitagoya.com.ar\/v1\/#organization","name":"Radio Infinita Goya","url":"https:\/\/radioinfinitagoya.com.ar\/v1\/","logo":{"@type":"ImageObject","inLanguage":"es-AR","@id":"https:\/\/radioinfinitagoya.com.ar\/v1\/#\/schema\/logo\/image\/","url":"https:\/\/radioinfinitagoya.com.ar\/v1\/wp-content\/uploads\/2019\/11\/logo-pie-web.png","contentUrl":"https:\/\/radioinfinitagoya.com.ar\/v1\/wp-content\/uploads\/2019\/11\/logo-pie-web.png","width":635,"height":326,"caption":"Radio Infinita Goya"},"image":{"@id":"https:\/\/radioinfinitagoya.com.ar\/v1\/#\/schema\/logo\/image\/"},"sameAs":["https:\/\/www.facebook.com\/p\/Infinita-Goya-100063870918311\/"]},{"@type":"Person","@id":"https:\/\/radioinfinitagoya.com.ar\/v1\/#\/schema\/person\/d4cf9c413d4f6edb24aabdccab49ca4a","name":"Jorge Mi\u00f1o","image":{"@type":"ImageObject","inLanguage":"es-AR","@id":"https:\/\/secure.gravatar.com\/avatar\/910fcf6728fe95320e07a6643c1581fec1c7fc4bf8ae12e3d8f0d0373dc844be?s=96&d=mm&r=g","url":"https:\/\/secure.gravatar.com\/avatar\/910fcf6728fe95320e07a6643c1581fec1c7fc4bf8ae12e3d8f0d0373dc844be?s=96&d=mm&r=g","contentUrl":"https:\/\/secure.gravatar.com\/avatar\/910fcf6728fe95320e07a6643c1581fec1c7fc4bf8ae12e3d8f0d0373dc844be?s=96&d=mm&r=g","caption":"Jorge Mi\u00f1o"},"sameAs":["http:\/\/radioinfinitagoya.com.ar"]}]}},"_links":{"self":[{"href":"https:\/\/radioinfinitagoya.com.ar\/v1\/wp-json\/wp\/v2\/posts\/209933","targetHints":{"allow":["GET"]}}],"collection":[{"href":"https:\/\/radioinfinitagoya.com.ar\/v1\/wp-json\/wp\/v2\/posts"}],"about":[{"href":"https:\/\/radioinfinitagoya.com.ar\/v1\/wp-json\/wp\/v2\/types\/post"}],"author":[{"embeddable":true,"href":"https:\/\/radioinfinitagoya.com.ar\/v1\/wp-json\/wp\/v2\/users\/4"}],"replies":[{"embeddable":true,"href":"https:\/\/radioinfinitagoya.com.ar\/v1\/wp-json\/wp\/v2\/comments?post=209933"}],"version-history":[{"count":0,"href":"https:\/\/radioinfinitagoya.com.ar\/v1\/wp-json\/wp\/v2\/posts\/209933\/revisions"}],"wp:featuredmedia":[{"embeddable":true,"href":"https:\/\/radioinfinitagoya.com.ar\/v1\/wp-json\/wp\/v2\/media\/209934"}],"wp:attachment":[{"href":"https:\/\/radioinfinitagoya.com.ar\/v1\/wp-json\/wp\/v2\/media?parent=209933"}],"wp:term":[{"taxonomy":"category","embeddable":true,"href":"https:\/\/radioinfinitagoya.com.ar\/v1\/wp-json\/wp\/v2\/categories?post=209933"},{"taxonomy":"post_tag","embeddable":true,"href":"https:\/\/radioinfinitagoya.com.ar\/v1\/wp-json\/wp\/v2\/tags?post=209933"}],"curies":[{"name":"wp","href":"https:\/\/api.w.org\/{rel}","templated":true}]}}