{"id":209943,"date":"2026-03-10T16:11:48","date_gmt":"2026-03-10T19:11:48","guid":{"rendered":"https:\/\/radioinfinitagoya.com.ar\/v1\/?p=209943"},"modified":"2026-03-10T16:11:48","modified_gmt":"2026-03-10T19:11:48","slug":"juan-pablo-valdes-en-nueva-york-reuniones-estrategicas-con-eeuu-y-la-onu","status":"publish","type":"post","link":"https:\/\/radioinfinitagoya.com.ar\/v1\/2026\/03\/10\/juan-pablo-valdes-en-nueva-york-reuniones-estrategicas-con-eeuu-y-la-onu\/","title":{"rendered":"Juan Pablo Vald\u00e9s en Nueva York: reuniones estrat\u00e9gicas con EEUU y la ONU"},"content":{"rendered":"<p>El gobernador de Corrientes acompa\u00f1a al presidente Javier Milei en la apertura del foro internacional para atraer inversores.<\/p>\n<p>El gobernador de Corrientes, Juan Pablo Vald\u00e9s, se encuentra en Nueva York por la \u201cArgentina Week 2026\u201d. El encuentro re\u00fane a l\u00edderes empresariales, bancos internacionales y funcionarios con el objetivo de promover inversiones estrat\u00e9gicas en el pa\u00eds.<\/p>\n<p>Actividades de geopol\u00edtica y comercio bilateral<br \/>\nLa actividad comenz\u00f3 con las sesiones principales, donde el presidente Javier Milei y el CEO del banco JPMorgan, Jamie Dimon, realizaron discursos sobre oportunidades de inversi\u00f3n y desarrollo econ\u00f3mico entre Argentina y Estados Unidos.<\/p>\n<p>Vald\u00e9s participa adem\u00e1s de reuniones con representantes del gobierno estadounidense, embajadores y funcionarios de la ONU. Asimismo, el gobernador tendr\u00e1 una charla con el representante de Naciones Unidas, Francisco Tropepi.<\/p>\n<p>Durante la jornada se abordan temas de geopol\u00edtica, comercio bilateral y tecnolog\u00eda. Del mismo modo, la inteligencia artificial ser\u00e1 el eje de la exposici\u00f3n del CEO de Vercel, Guillermo Rauch, donde se destacar\u00e1 el talento argentino en la innovaci\u00f3n global.<\/p>\n<p>La agenda del gobernador refuerza la presencia de Corrientes y su vinculaci\u00f3n con proyectos estrat\u00e9gicos de inversi\u00f3n y cooperaci\u00f3n internacional.<\/p>\n<p>&nbsp;<\/p>\n<p>&nbsp;<\/p>\n<p>&nbsp;<\/p>\n","protected":false},"excerpt":{"rendered":"<p>El gobernador de Corrientes acompa\u00f1a al presidente Javier Milei en la apertura del foro internacional para atraer inversores. El gobernador de Corrientes, Juan Pablo Vald\u00e9s, se encuentra en Nueva York por la \u201cArgentina Week 2026\u201d. El encuentro re\u00fane a l\u00edderes empresariales, bancos internacionales y funcionarios con el objetivo de promover inversiones estrat\u00e9gicas en el pa\u00eds. [&hellip;]<\/p>\n","protected":false},"author":4,"featured_media":209944,"comment_status":"open","ping_status":"open","sticky":false,"template":"","format":"standard","meta":{"_joinchat":[],"footnotes":""},"categories":[26],"tags":[],"class_list":{"0":"post-209943","1":"post","2":"type-post","3":"status-publish","4":"format-standard","5":"has-post-thumbnail","7":"category-provinciales"},"yoast_head":"<!-- This site is optimized with the Yoast SEO plugin v27.2 - https:\/\/yoast.com\/product\/yoast-seo-wordpress\/ -->\n<title>Juan Pablo Vald\u00e9s en Nueva York: reuniones estrat\u00e9gicas con EEUU y la ONU - Radio Infinita Goya<\/title>\n<meta name=\"description\" content=\"El gobernador de Corrientes acompa\u00f1a al presidente Javier Milei en la apertura del foro internacional para atraer inversores. El gobernador de Corrientes,\" \/>\n<meta name=\"robots\" content=\"index, follow, max-snippet:-1, max-image-preview:large, max-video-preview:-1\" \/>\n<link rel=\"canonical\" href=\"https:\/\/radioinfinitagoya.com.ar\/v1\/2026\/03\/10\/juan-pablo-valdes-en-nueva-york-reuniones-estrategicas-con-eeuu-y-la-onu\/\" \/>\n<meta property=\"og:locale\" content=\"es_ES\" \/>\n<meta property=\"og:type\" content=\"article\" \/>\n<meta property=\"og:title\" content=\"Juan Pablo Vald\u00e9s en Nueva York: reuniones estrat\u00e9gicas con EEUU y la ONU - Radio Infinita Goya\" \/>\n<meta property=\"og:description\" content=\"El gobernador de Corrientes acompa\u00f1a al presidente Javier Milei en la apertura del foro internacional para atraer inversores. El gobernador de Corrientes,\" \/>\n<meta property=\"og:url\" content=\"https:\/\/radioinfinitagoya.com.ar\/v1\/2026\/03\/10\/juan-pablo-valdes-en-nueva-york-reuniones-estrategicas-con-eeuu-y-la-onu\/\" \/>\n<meta property=\"og:site_name\" content=\"Radio Infinita Goya\" \/>\n<meta property=\"article:publisher\" content=\"https:\/\/www.facebook.com\/p\/Infinita-Goya-100063870918311\/\" \/>\n<meta property=\"article:published_time\" content=\"2026-03-10T19:11:48+00:00\" \/>\n<meta property=\"og:image\" content=\"https:\/\/radioinfinitagoya.com.ar\/v1\/wp-content\/uploads\/2026\/03\/1773153757854.webp\" \/>\n\t<meta property=\"og:image:width\" content=\"1200\" \/>\n\t<meta property=\"og:image:height\" content=\"675\" \/>\n\t<meta property=\"og:image:type\" content=\"image\/webp\" \/>\n<meta name=\"author\" content=\"Jorge Mi\u00f1o\" \/>\n<meta name=\"twitter:card\" content=\"summary_large_image\" \/>\n<meta name=\"twitter:label1\" content=\"Escrito por\" \/>\n\t<meta name=\"twitter:data1\" content=\"Jorge Mi\u00f1o\" \/>\n\t<meta name=\"twitter:label2\" content=\"Tiempo de lectura\" \/>\n\t<meta name=\"twitter:data2\" content=\"2 minutos\" \/>\n<script type=\"application\/ld+json\" class=\"yoast-schema-graph\">{\"@context\":\"https:\/\/schema.org\",\"@graph\":[{\"@type\":\"Article\",\"@id\":\"https:\/\/radioinfinitagoya.com.ar\/v1\/2026\/03\/10\/juan-pablo-valdes-en-nueva-york-reuniones-estrategicas-con-eeuu-y-la-onu\/#article\",\"isPartOf\":{\"@id\":\"https:\/\/radioinfinitagoya.com.ar\/v1\/2026\/03\/10\/juan-pablo-valdes-en-nueva-york-reuniones-estrategicas-con-eeuu-y-la-onu\/\"},\"author\":{\"name\":\"Jorge Mi\u00f1o\",\"@id\":\"https:\/\/radioinfinitagoya.com.ar\/v1\/#\/schema\/person\/d4cf9c413d4f6edb24aabdccab49ca4a\"},\"headline\":\"Juan Pablo Vald\u00e9s en Nueva York: reuniones estrat\u00e9gicas con EEUU y la ONU\",\"datePublished\":\"2026-03-10T19:11:48+00:00\",\"mainEntityOfPage\":{\"@id\":\"https:\/\/radioinfinitagoya.com.ar\/v1\/2026\/03\/10\/juan-pablo-valdes-en-nueva-york-reuniones-estrategicas-con-eeuu-y-la-onu\/\"},\"wordCount\":221,\"commentCount\":0,\"publisher\":{\"@id\":\"https:\/\/radioinfinitagoya.com.ar\/v1\/#organization\"},\"image\":{\"@id\":\"https:\/\/radioinfinitagoya.com.ar\/v1\/2026\/03\/10\/juan-pablo-valdes-en-nueva-york-reuniones-estrategicas-con-eeuu-y-la-onu\/#primaryimage\"},\"thumbnailUrl\":\"https:\/\/radioinfinitagoya.com.ar\/v1\/wp-content\/uploads\/2026\/03\/1773153757854.webp\",\"articleSection\":[\"PROVINCIALES\"],\"inLanguage\":\"es-AR\",\"potentialAction\":[{\"@type\":\"CommentAction\",\"name\":\"Comment\",\"target\":[\"https:\/\/radioinfinitagoya.com.ar\/v1\/2026\/03\/10\/juan-pablo-valdes-en-nueva-york-reuniones-estrategicas-con-eeuu-y-la-onu\/#respond\"]}]},{\"@type\":\"WebPage\",\"@id\":\"https:\/\/radioinfinitagoya.com.ar\/v1\/2026\/03\/10\/juan-pablo-valdes-en-nueva-york-reuniones-estrategicas-con-eeuu-y-la-onu\/\",\"url\":\"https:\/\/radioinfinitagoya.com.ar\/v1\/2026\/03\/10\/juan-pablo-valdes-en-nueva-york-reuniones-estrategicas-con-eeuu-y-la-onu\/\",\"name\":\"Juan Pablo Vald\u00e9s en Nueva York: reuniones estrat\u00e9gicas con EEUU y la ONU - Radio Infinita Goya\",\"isPartOf\":{\"@id\":\"https:\/\/radioinfinitagoya.com.ar\/v1\/#website\"},\"primaryImageOfPage\":{\"@id\":\"https:\/\/radioinfinitagoya.com.ar\/v1\/2026\/03\/10\/juan-pablo-valdes-en-nueva-york-reuniones-estrategicas-con-eeuu-y-la-onu\/#primaryimage\"},\"image\":{\"@id\":\"https:\/\/radioinfinitagoya.com.ar\/v1\/2026\/03\/10\/juan-pablo-valdes-en-nueva-york-reuniones-estrategicas-con-eeuu-y-la-onu\/#primaryimage\"},\"thumbnailUrl\":\"https:\/\/radioinfinitagoya.com.ar\/v1\/wp-content\/uploads\/2026\/03\/1773153757854.webp\",\"datePublished\":\"2026-03-10T19:11:48+00:00\",\"description\":\"El gobernador de Corrientes acompa\u00f1a al presidente Javier Milei en la apertura del foro internacional para atraer inversores. El gobernador de Corrientes,\",\"breadcrumb\":{\"@id\":\"https:\/\/radioinfinitagoya.com.ar\/v1\/2026\/03\/10\/juan-pablo-valdes-en-nueva-york-reuniones-estrategicas-con-eeuu-y-la-onu\/#breadcrumb\"},\"inLanguage\":\"es-AR\",\"potentialAction\":[{\"@type\":\"ReadAction\",\"target\":[\"https:\/\/radioinfinitagoya.com.ar\/v1\/2026\/03\/10\/juan-pablo-valdes-en-nueva-york-reuniones-estrategicas-con-eeuu-y-la-onu\/\"]}]},{\"@type\":\"ImageObject\",\"inLanguage\":\"es-AR\",\"@id\":\"https:\/\/radioinfinitagoya.com.ar\/v1\/2026\/03\/10\/juan-pablo-valdes-en-nueva-york-reuniones-estrategicas-con-eeuu-y-la-onu\/#primaryimage\",\"url\":\"https:\/\/radioinfinitagoya.com.ar\/v1\/wp-content\/uploads\/2026\/03\/1773153757854.webp\",\"contentUrl\":\"https:\/\/radioinfinitagoya.com.ar\/v1\/wp-content\/uploads\/2026\/03\/1773153757854.webp\",\"width\":1200,\"height\":675},{\"@type\":\"BreadcrumbList\",\"@id\":\"https:\/\/radioinfinitagoya.com.ar\/v1\/2026\/03\/10\/juan-pablo-valdes-en-nueva-york-reuniones-estrategicas-con-eeuu-y-la-onu\/#breadcrumb\",\"itemListElement\":[{\"@type\":\"ListItem\",\"position\":1,\"name\":\"Inicio\",\"item\":\"https:\/\/radioinfinitagoya.com.ar\/v1\/\"},{\"@type\":\"ListItem\",\"position\":2,\"name\":\"Juan Pablo Vald\u00e9s en Nueva York: reuniones estrat\u00e9gicas con EEUU y la ONU\"}]},{\"@type\":\"WebSite\",\"@id\":\"https:\/\/radioinfinitagoya.com.ar\/v1\/#website\",\"url\":\"https:\/\/radioinfinitagoya.com.ar\/v1\/\",\"name\":\"radioinfinitagoya.com.ar\",\"description\":\"Radio de noticias\",\"publisher\":{\"@id\":\"https:\/\/radioinfinitagoya.com.ar\/v1\/#organization\"},\"potentialAction\":[{\"@type\":\"SearchAction\",\"target\":{\"@type\":\"EntryPoint\",\"urlTemplate\":\"https:\/\/radioinfinitagoya.com.ar\/v1\/?s={search_term_string}\"},\"query-input\":{\"@type\":\"PropertyValueSpecification\",\"valueRequired\":true,\"valueName\":\"search_term_string\"}}],\"inLanguage\":\"es-AR\"},{\"@type\":\"Organization\",\"@id\":\"https:\/\/radioinfinitagoya.com.ar\/v1\/#organization\",\"name\":\"Radio Infinita Goya\",\"url\":\"https:\/\/radioinfinitagoya.com.ar\/v1\/\",\"logo\":{\"@type\":\"ImageObject\",\"inLanguage\":\"es-AR\",\"@id\":\"https:\/\/radioinfinitagoya.com.ar\/v1\/#\/schema\/logo\/image\/\",\"url\":\"https:\/\/radioinfinitagoya.com.ar\/v1\/wp-content\/uploads\/2019\/11\/logo-pie-web.png\",\"contentUrl\":\"https:\/\/radioinfinitagoya.com.ar\/v1\/wp-content\/uploads\/2019\/11\/logo-pie-web.png\",\"width\":635,\"height\":326,\"caption\":\"Radio Infinita Goya\"},\"image\":{\"@id\":\"https:\/\/radioinfinitagoya.com.ar\/v1\/#\/schema\/logo\/image\/\"},\"sameAs\":[\"https:\/\/www.facebook.com\/p\/Infinita-Goya-100063870918311\/\"]},{\"@type\":\"Person\",\"@id\":\"https:\/\/radioinfinitagoya.com.ar\/v1\/#\/schema\/person\/d4cf9c413d4f6edb24aabdccab49ca4a\",\"name\":\"Jorge Mi\u00f1o\",\"image\":{\"@type\":\"ImageObject\",\"inLanguage\":\"es-AR\",\"@id\":\"https:\/\/secure.gravatar.com\/avatar\/910fcf6728fe95320e07a6643c1581fec1c7fc4bf8ae12e3d8f0d0373dc844be?s=96&d=mm&r=g\",\"url\":\"https:\/\/secure.gravatar.com\/avatar\/910fcf6728fe95320e07a6643c1581fec1c7fc4bf8ae12e3d8f0d0373dc844be?s=96&d=mm&r=g\",\"contentUrl\":\"https:\/\/secure.gravatar.com\/avatar\/910fcf6728fe95320e07a6643c1581fec1c7fc4bf8ae12e3d8f0d0373dc844be?s=96&d=mm&r=g\",\"caption\":\"Jorge Mi\u00f1o\"},\"sameAs\":[\"http:\/\/radioinfinitagoya.com.ar\"]}]}<\/script>\n<!-- \/ Yoast SEO plugin. -->","yoast_head_json":{"title":"Juan Pablo Vald\u00e9s en Nueva York: reuniones estrat\u00e9gicas con EEUU y la ONU - Radio Infinita Goya","description":"El gobernador de Corrientes acompa\u00f1a al presidente Javier Milei en la apertura del foro internacional para atraer inversores. El gobernador de Corrientes,","robots":{"index":"index","follow":"follow","max-snippet":"max-snippet:-1","max-image-preview":"max-image-preview:large","max-video-preview":"max-video-preview:-1"},"canonical":"https:\/\/radioinfinitagoya.com.ar\/v1\/2026\/03\/10\/juan-pablo-valdes-en-nueva-york-reuniones-estrategicas-con-eeuu-y-la-onu\/","og_locale":"es_ES","og_type":"article","og_title":"Juan Pablo Vald\u00e9s en Nueva York: reuniones estrat\u00e9gicas con EEUU y la ONU - Radio Infinita Goya","og_description":"El gobernador de Corrientes acompa\u00f1a al presidente Javier Milei en la apertura del foro internacional para atraer inversores. El gobernador de Corrientes,","og_url":"https:\/\/radioinfinitagoya.com.ar\/v1\/2026\/03\/10\/juan-pablo-valdes-en-nueva-york-reuniones-estrategicas-con-eeuu-y-la-onu\/","og_site_name":"Radio Infinita Goya","article_publisher":"https:\/\/www.facebook.com\/p\/Infinita-Goya-100063870918311\/","article_published_time":"2026-03-10T19:11:48+00:00","og_image":[{"width":1200,"height":675,"url":"https:\/\/radioinfinitagoya.com.ar\/v1\/wp-content\/uploads\/2026\/03\/1773153757854.webp","type":"image\/webp"}],"author":"Jorge Mi\u00f1o","twitter_card":"summary_large_image","twitter_misc":{"Escrito por":"Jorge Mi\u00f1o","Tiempo de lectura":"2 minutos"},"schema":{"@context":"https:\/\/schema.org","@graph":[{"@type":"Article","@id":"https:\/\/radioinfinitagoya.com.ar\/v1\/2026\/03\/10\/juan-pablo-valdes-en-nueva-york-reuniones-estrategicas-con-eeuu-y-la-onu\/#article","isPartOf":{"@id":"https:\/\/radioinfinitagoya.com.ar\/v1\/2026\/03\/10\/juan-pablo-valdes-en-nueva-york-reuniones-estrategicas-con-eeuu-y-la-onu\/"},"author":{"name":"Jorge Mi\u00f1o","@id":"https:\/\/radioinfinitagoya.com.ar\/v1\/#\/schema\/person\/d4cf9c413d4f6edb24aabdccab49ca4a"},"headline":"Juan Pablo Vald\u00e9s en Nueva York: reuniones estrat\u00e9gicas con EEUU y la ONU","datePublished":"2026-03-10T19:11:48+00:00","mainEntityOfPage":{"@id":"https:\/\/radioinfinitagoya.com.ar\/v1\/2026\/03\/10\/juan-pablo-valdes-en-nueva-york-reuniones-estrategicas-con-eeuu-y-la-onu\/"},"wordCount":221,"commentCount":0,"publisher":{"@id":"https:\/\/radioinfinitagoya.com.ar\/v1\/#organization"},"image":{"@id":"https:\/\/radioinfinitagoya.com.ar\/v1\/2026\/03\/10\/juan-pablo-valdes-en-nueva-york-reuniones-estrategicas-con-eeuu-y-la-onu\/#primaryimage"},"thumbnailUrl":"https:\/\/radioinfinitagoya.com.ar\/v1\/wp-content\/uploads\/2026\/03\/1773153757854.webp","articleSection":["PROVINCIALES"],"inLanguage":"es-AR","potentialAction":[{"@type":"CommentAction","name":"Comment","target":["https:\/\/radioinfinitagoya.com.ar\/v1\/2026\/03\/10\/juan-pablo-valdes-en-nueva-york-reuniones-estrategicas-con-eeuu-y-la-onu\/#respond"]}]},{"@type":"WebPage","@id":"https:\/\/radioinfinitagoya.com.ar\/v1\/2026\/03\/10\/juan-pablo-valdes-en-nueva-york-reuniones-estrategicas-con-eeuu-y-la-onu\/","url":"https:\/\/radioinfinitagoya.com.ar\/v1\/2026\/03\/10\/juan-pablo-valdes-en-nueva-york-reuniones-estrategicas-con-eeuu-y-la-onu\/","name":"Juan Pablo Vald\u00e9s en Nueva York: reuniones estrat\u00e9gicas con EEUU y la ONU - Radio Infinita Goya","isPartOf":{"@id":"https:\/\/radioinfinitagoya.com.ar\/v1\/#website"},"primaryImageOfPage":{"@id":"https:\/\/radioinfinitagoya.com.ar\/v1\/2026\/03\/10\/juan-pablo-valdes-en-nueva-york-reuniones-estrategicas-con-eeuu-y-la-onu\/#primaryimage"},"image":{"@id":"https:\/\/radioinfinitagoya.com.ar\/v1\/2026\/03\/10\/juan-pablo-valdes-en-nueva-york-reuniones-estrategicas-con-eeuu-y-la-onu\/#primaryimage"},"thumbnailUrl":"https:\/\/radioinfinitagoya.com.ar\/v1\/wp-content\/uploads\/2026\/03\/1773153757854.webp","datePublished":"2026-03-10T19:11:48+00:00","description":"El gobernador de Corrientes acompa\u00f1a al presidente Javier Milei en la apertura del foro internacional para atraer inversores. El gobernador de Corrientes,","breadcrumb":{"@id":"https:\/\/radioinfinitagoya.com.ar\/v1\/2026\/03\/10\/juan-pablo-valdes-en-nueva-york-reuniones-estrategicas-con-eeuu-y-la-onu\/#breadcrumb"},"inLanguage":"es-AR","potentialAction":[{"@type":"ReadAction","target":["https:\/\/radioinfinitagoya.com.ar\/v1\/2026\/03\/10\/juan-pablo-valdes-en-nueva-york-reuniones-estrategicas-con-eeuu-y-la-onu\/"]}]},{"@type":"ImageObject","inLanguage":"es-AR","@id":"https:\/\/radioinfinitagoya.com.ar\/v1\/2026\/03\/10\/juan-pablo-valdes-en-nueva-york-reuniones-estrategicas-con-eeuu-y-la-onu\/#primaryimage","url":"https:\/\/radioinfinitagoya.com.ar\/v1\/wp-content\/uploads\/2026\/03\/1773153757854.webp","contentUrl":"https:\/\/radioinfinitagoya.com.ar\/v1\/wp-content\/uploads\/2026\/03\/1773153757854.webp","width":1200,"height":675},{"@type":"BreadcrumbList","@id":"https:\/\/radioinfinitagoya.com.ar\/v1\/2026\/03\/10\/juan-pablo-valdes-en-nueva-york-reuniones-estrategicas-con-eeuu-y-la-onu\/#breadcrumb","itemListElement":[{"@type":"ListItem","position":1,"name":"Inicio","item":"https:\/\/radioinfinitagoya.com.ar\/v1\/"},{"@type":"ListItem","position":2,"name":"Juan Pablo Vald\u00e9s en Nueva York: reuniones estrat\u00e9gicas con EEUU y la ONU"}]},{"@type":"WebSite","@id":"https:\/\/radioinfinitagoya.com.ar\/v1\/#website","url":"https:\/\/radioinfinitagoya.com.ar\/v1\/","name":"radioinfinitagoya.com.ar","description":"Radio de noticias","publisher":{"@id":"https:\/\/radioinfinitagoya.com.ar\/v1\/#organization"},"potentialAction":[{"@type":"SearchAction","target":{"@type":"EntryPoint","urlTemplate":"https:\/\/radioinfinitagoya.com.ar\/v1\/?s={search_term_string}"},"query-input":{"@type":"PropertyValueSpecification","valueRequired":true,"valueName":"search_term_string"}}],"inLanguage":"es-AR"},{"@type":"Organization","@id":"https:\/\/radioinfinitagoya.com.ar\/v1\/#organization","name":"Radio Infinita Goya","url":"https:\/\/radioinfinitagoya.com.ar\/v1\/","logo":{"@type":"ImageObject","inLanguage":"es-AR","@id":"https:\/\/radioinfinitagoya.com.ar\/v1\/#\/schema\/logo\/image\/","url":"https:\/\/radioinfinitagoya.com.ar\/v1\/wp-content\/uploads\/2019\/11\/logo-pie-web.png","contentUrl":"https:\/\/radioinfinitagoya.com.ar\/v1\/wp-content\/uploads\/2019\/11\/logo-pie-web.png","width":635,"height":326,"caption":"Radio Infinita Goya"},"image":{"@id":"https:\/\/radioinfinitagoya.com.ar\/v1\/#\/schema\/logo\/image\/"},"sameAs":["https:\/\/www.facebook.com\/p\/Infinita-Goya-100063870918311\/"]},{"@type":"Person","@id":"https:\/\/radioinfinitagoya.com.ar\/v1\/#\/schema\/person\/d4cf9c413d4f6edb24aabdccab49ca4a","name":"Jorge Mi\u00f1o","image":{"@type":"ImageObject","inLanguage":"es-AR","@id":"https:\/\/secure.gravatar.com\/avatar\/910fcf6728fe95320e07a6643c1581fec1c7fc4bf8ae12e3d8f0d0373dc844be?s=96&d=mm&r=g","url":"https:\/\/secure.gravatar.com\/avatar\/910fcf6728fe95320e07a6643c1581fec1c7fc4bf8ae12e3d8f0d0373dc844be?s=96&d=mm&r=g","contentUrl":"https:\/\/secure.gravatar.com\/avatar\/910fcf6728fe95320e07a6643c1581fec1c7fc4bf8ae12e3d8f0d0373dc844be?s=96&d=mm&r=g","caption":"Jorge Mi\u00f1o"},"sameAs":["http:\/\/radioinfinitagoya.com.ar"]}]}},"_links":{"self":[{"href":"https:\/\/radioinfinitagoya.com.ar\/v1\/wp-json\/wp\/v2\/posts\/209943","targetHints":{"allow":["GET"]}}],"collection":[{"href":"https:\/\/radioinfinitagoya.com.ar\/v1\/wp-json\/wp\/v2\/posts"}],"about":[{"href":"https:\/\/radioinfinitagoya.com.ar\/v1\/wp-json\/wp\/v2\/types\/post"}],"author":[{"embeddable":true,"href":"https:\/\/radioinfinitagoya.com.ar\/v1\/wp-json\/wp\/v2\/users\/4"}],"replies":[{"embeddable":true,"href":"https:\/\/radioinfinitagoya.com.ar\/v1\/wp-json\/wp\/v2\/comments?post=209943"}],"version-history":[{"count":0,"href":"https:\/\/radioinfinitagoya.com.ar\/v1\/wp-json\/wp\/v2\/posts\/209943\/revisions"}],"wp:featuredmedia":[{"embeddable":true,"href":"https:\/\/radioinfinitagoya.com.ar\/v1\/wp-json\/wp\/v2\/media\/209944"}],"wp:attachment":[{"href":"https:\/\/radioinfinitagoya.com.ar\/v1\/wp-json\/wp\/v2\/media?parent=209943"}],"wp:term":[{"taxonomy":"category","embeddable":true,"href":"https:\/\/radioinfinitagoya.com.ar\/v1\/wp-json\/wp\/v2\/categories?post=209943"},{"taxonomy":"post_tag","embeddable":true,"href":"https:\/\/radioinfinitagoya.com.ar\/v1\/wp-json\/wp\/v2\/tags?post=209943"}],"curies":[{"name":"wp","href":"https:\/\/api.w.org\/{rel}","templated":true}]}}