{"id":209946,"date":"2026-03-10T16:21:37","date_gmt":"2026-03-10T19:21:37","guid":{"rendered":"https:\/\/radioinfinitagoya.com.ar\/v1\/?p=209946"},"modified":"2026-03-10T16:22:40","modified_gmt":"2026-03-10T19:22:40","slug":"polemica-por-la-presencia-de-la-esposa-de-manuel-adorni-en-la-comitiva-que-viajo-con-milei-a-ee-uu","status":"publish","type":"post","link":"https:\/\/radioinfinitagoya.com.ar\/v1\/2026\/03\/10\/polemica-por-la-presencia-de-la-esposa-de-manuel-adorni-en-la-comitiva-que-viajo-con-milei-a-ee-uu\/","title":{"rendered":"Pol\u00e9mica por la presencia de la esposa de Manuel Adorni en la comitiva que viaj\u00f3 con Milei a EE.UU."},"content":{"rendered":"<p>Bettina Angeletti habr\u00eda viajado en el avi\u00f3n oficial ARG-01 junto al resto de le delegaci\u00f3n, aunque no ejerce ning\u00fan cargo p\u00fablico. En el Congreso pidieron informes.<\/p>\n<p><img loading=\"lazy\" decoding=\"async\" class=\"alignnone size-full wp-image-209950\" src=\"https:\/\/radioinfinitagoya.com.ar\/v1\/wp-content\/uploads\/2026\/03\/1773095453397.webp\" alt=\"\" width=\"1200\" height=\"675\" srcset=\"https:\/\/radioinfinitagoya.com.ar\/v1\/wp-content\/uploads\/2026\/03\/1773095453397.webp 1200w, https:\/\/radioinfinitagoya.com.ar\/v1\/wp-content\/uploads\/2026\/03\/1773095453397-150x84.webp 150w, https:\/\/radioinfinitagoya.com.ar\/v1\/wp-content\/uploads\/2026\/03\/1773095453397-768x432.webp 768w, https:\/\/radioinfinitagoya.com.ar\/v1\/wp-content\/uploads\/2026\/03\/1773095453397-747x420.webp 747w, https:\/\/radioinfinitagoya.com.ar\/v1\/wp-content\/uploads\/2026\/03\/1773095453397-696x392.webp 696w, https:\/\/radioinfinitagoya.com.ar\/v1\/wp-content\/uploads\/2026\/03\/1773095453397-1068x601.webp 1068w\" sizes=\"auto, (max-width: 1200px) 100vw, 1200px\" \/>El viaje de Javier Milei a Estados Unidos para participar de la Argentina Week qued\u00f3 envuelto en una pol\u00e9mica: la esposa del jefe de Gabinete, Manuel Adorni, integr\u00f3 la comitiva oficial que acompa\u00f1\u00f3 al Presidente a pesar de no ejercer ning\u00fan cargo p\u00fablico.<\/p>\n<p>Se trata de Bettina Angeletti, quien habr\u00eda viajado en el avi\u00f3n oficial ARG-01 junto al resto de los funcionarios. La revelaci\u00f3n ya motiv\u00f3 un pedido de informes en el Congreso.<\/p>\n<p>El esc\u00e1ndalo surgi\u00f3 por una publicaci\u00f3n del medio Radio Jai con im\u00e1genes \u00edntimas de la visita de la comitiva argentina a la tumba del rebe de Lubavitch, Menajem Mendel Schneerson, el domingo en Nueva York.<\/p>\n<p>Seg\u00fan trascendi\u00f3, Angeletti habr\u00eda viajado all\u00ed para participar de un congreso de \u201ccoaching ontol\u00f3gico\u201d, su especialidad, y tendr\u00eda previsto regresar a Buenos Aires junto con Adorni por sus propios medios.<\/p>\n<p>Adem\u00e1s de Angeletti tambi\u00e9n viaj\u00f3 la esposa del canciller Pablo Quirno, Josefina, aunque habr\u00eda costeado los pasajes por su cuenta. Se sumaron a una ya amplia comitiva integrada por la secretaria general de Presidencia, Karina Milei, los ministros Luis Caputo (Econom\u00eda) y Federico Sturzenegger (Desregulaci\u00f3n), el CEO de YPF, Horacio Mar\u00edn, el secretario de Comunicaci\u00f3n, Javier Lanari, y el director de Comunicaci\u00f3n Digital, Juan Carreira.<\/p>\n<p>Pedido de informes<\/p>\n<p>La presencia de la mujer del jefe de Gabinete ya gener\u00f3 una reacci\u00f3n en el Congreso. El diputado del socialismo santafesino Esteban Paul\u00f3n, que forma parte del bloque Provincias Unidas, present\u00f3 un pedido de informes dirigido a Karina Milei y, en simult\u00e1neo, un pedido de acceso a la informaci\u00f3n, para conocer detalles sobre la presencia de Angeletti en la delegaci\u00f3n.<\/p>\n<p>\u201cEn tiempos complejos econ\u00f3micamente para muchas familias y donde el Gobierno se la pasa predicando un supuesto ajuste y una lucha contra la casta, el viaje de la esposa de Adorni en el avi\u00f3n oficial a Nueva York para un evento personal de su profesi\u00f3n de coaching, como ha dejado trascender la Jefatura de Gabinete, es un esc\u00e1ndalo enorme\u201d, advirti\u00f3 Paul\u00f3n a La Voz, al se\u00f1alar que \u201chay una utilizaci\u00f3n de los fondos p\u00fablicos como si fueran personales\u201d.<\/p>\n<p>2El avi\u00f3n presidencial no es un taxi. Hay temas de protocolo, de seguridad y de financiamiento. Por eso present\u00e9 un pedido de informes y otro de acceso a la informaci\u00f3n p\u00fablica para que por alguna de las v\u00edas, ya sea la parlamentaria o la administrativa, podamos saber si en el manifiesto de ese vuelo aparece Bettina Angeletti; en caso de que aparezca, en rol de qu\u00e9 viaj\u00f3; y en caso de que haya viajado con recursos propios, que lo demuestre\u201d, asever\u00f3 el diputado.<\/p>\n<p>El proyecto de Paul\u00f3n consta de seis puntos. En primer lugar, se solicita una copia del manifiesto del vuelo contratado por el Gobierno para el traslado de funcionarios a Estados Unidos, y se pide especificar si Angeletti fue parte de la comitiva oficial. En caso afirmativo, informar en qu\u00e9 rol viaj\u00f3; si se dej\u00f3 constancia en registros oficiales de su matrimonio con Adorni; y qui\u00e9n pag\u00f3 sus pasajes y estad\u00eda. Si lo coste\u00f3 por sus propios medios, se requiere que adjunte los comprobantes correspondientes.<\/p>\n<p>Otra de las preguntas es si Angeletti \u201cocupa alg\u00fan rol espec\u00edfico\u201d en las actividades de la agenda oficial. Si as\u00ed fuera, Paul\u00f3n pidi\u00f3 saber si el v\u00ednculo con Adorni \u201cno reviste incompatibilidad o conflicto de intereses\u201d.<\/p>\n<p>Por \u00faltimo, se requiere informar el presupuesto total del viaje \u201cdetallando fondos de traslados, alojamientos y rooming de la estad\u00eda en los hoteles de Nueva York\u201d. Este \u00faltimo punto est\u00e1 dirigido a la esposa de Quirno: si bien Paul\u00f3n aclar\u00f3 que \u201cen principio viaj\u00f3 o habr\u00eda viajado por sus propios medios, seguramente los costos de su estancia en Nueva York ser\u00e1n sufragados por el presupuesto p\u00fablico\u201d.<\/p>\n<p>Tras una serie de actividades desde su arribo, Milei tiene previsto inaugurar este martes por la ma\u00f1ana en Nueva York la \u201cArgentina Week 2026\u201d, una actividad organizada por la Embajada Argentina en Estados Unidos; el JP Morgan y el Bank of America. Antes, mantendr\u00e1 un encuentro con el CEO del JP Morgan, Jamie Dimon.<\/p>\n<p>A las 13 (hora argentina), el presidente partir\u00e1 junto a su comitiva en un vuelo especial hacia Chile, donde participar\u00e1, el mi\u00e9rcoles al mediod\u00eda, de la asunci\u00f3n del presidente electo Jos\u00e9 Antonio Kast. Finalmente, Milei volver\u00e1 a la Argentina el mismo d\u00eda por la tarde.<\/p>\n","protected":false},"excerpt":{"rendered":"<p>Bettina Angeletti habr\u00eda viajado en el avi\u00f3n oficial ARG-01 junto al resto de le delegaci\u00f3n, aunque no ejerce ning\u00fan cargo p\u00fablico. En el Congreso pidieron informes. El viaje de Javier Milei a Estados Unidos para participar de la Argentina Week qued\u00f3 envuelto en una pol\u00e9mica: la esposa del jefe de Gabinete, Manuel Adorni, integr\u00f3 la [&hellip;]<\/p>\n","protected":false},"author":4,"featured_media":209949,"comment_status":"open","ping_status":"open","sticky":false,"template":"","format":"standard","meta":{"_joinchat":[],"footnotes":""},"categories":[29],"tags":[],"class_list":{"0":"post-209946","1":"post","2":"type-post","3":"status-publish","4":"format-standard","5":"has-post-thumbnail","7":"category-nacionales"},"yoast_head":"<!-- This site is optimized with the Yoast SEO plugin v27.2 - https:\/\/yoast.com\/product\/yoast-seo-wordpress\/ -->\n<title>Pol\u00e9mica por la presencia de la esposa de Manuel Adorni en la comitiva que viaj\u00f3 con Milei a EE.UU. - Radio Infinita Goya<\/title>\n<meta name=\"description\" content=\"Bettina Angeletti habr\u00eda viajado en el avi\u00f3n oficial ARG-01 junto al resto de le delegaci\u00f3n, aunque no ejerce ning\u00fan cargo p\u00fablico. En el Congreso\" \/>\n<meta name=\"robots\" content=\"index, follow, max-snippet:-1, max-image-preview:large, max-video-preview:-1\" \/>\n<link rel=\"canonical\" href=\"https:\/\/radioinfinitagoya.com.ar\/v1\/2026\/03\/10\/polemica-por-la-presencia-de-la-esposa-de-manuel-adorni-en-la-comitiva-que-viajo-con-milei-a-ee-uu\/\" \/>\n<meta property=\"og:locale\" content=\"es_ES\" \/>\n<meta property=\"og:type\" content=\"article\" \/>\n<meta property=\"og:title\" content=\"Pol\u00e9mica por la presencia de la esposa de Manuel Adorni en la comitiva que viaj\u00f3 con Milei a EE.UU. - Radio Infinita Goya\" \/>\n<meta property=\"og:description\" content=\"Bettina Angeletti habr\u00eda viajado en el avi\u00f3n oficial ARG-01 junto al resto de le delegaci\u00f3n, aunque no ejerce ning\u00fan cargo p\u00fablico. En el Congreso\" \/>\n<meta property=\"og:url\" content=\"https:\/\/radioinfinitagoya.com.ar\/v1\/2026\/03\/10\/polemica-por-la-presencia-de-la-esposa-de-manuel-adorni-en-la-comitiva-que-viajo-con-milei-a-ee-uu\/\" \/>\n<meta property=\"og:site_name\" content=\"Radio Infinita Goya\" \/>\n<meta property=\"article:publisher\" content=\"https:\/\/www.facebook.com\/p\/Infinita-Goya-100063870918311\/\" \/>\n<meta property=\"article:published_time\" content=\"2026-03-10T19:21:37+00:00\" \/>\n<meta property=\"article:modified_time\" content=\"2026-03-10T19:22:40+00:00\" \/>\n<meta property=\"og:image\" content=\"https:\/\/radioinfinitagoya.com.ar\/v1\/wp-content\/uploads\/2026\/03\/HDDO2SrbcAA2xsf.jpg\" \/>\n\t<meta property=\"og:image:width\" content=\"590\" \/>\n\t<meta property=\"og:image:height\" content=\"377\" \/>\n\t<meta property=\"og:image:type\" content=\"image\/jpeg\" \/>\n<meta name=\"author\" content=\"Jorge Mi\u00f1o\" \/>\n<meta name=\"twitter:card\" content=\"summary_large_image\" \/>\n<meta name=\"twitter:label1\" content=\"Escrito por\" \/>\n\t<meta name=\"twitter:data1\" content=\"Jorge Mi\u00f1o\" \/>\n\t<meta name=\"twitter:label2\" content=\"Tiempo de lectura\" \/>\n\t<meta name=\"twitter:data2\" content=\"4 minutos\" \/>\n<script type=\"application\/ld+json\" class=\"yoast-schema-graph\">{\"@context\":\"https:\/\/schema.org\",\"@graph\":[{\"@type\":\"Article\",\"@id\":\"https:\/\/radioinfinitagoya.com.ar\/v1\/2026\/03\/10\/polemica-por-la-presencia-de-la-esposa-de-manuel-adorni-en-la-comitiva-que-viajo-con-milei-a-ee-uu\/#article\",\"isPartOf\":{\"@id\":\"https:\/\/radioinfinitagoya.com.ar\/v1\/2026\/03\/10\/polemica-por-la-presencia-de-la-esposa-de-manuel-adorni-en-la-comitiva-que-viajo-con-milei-a-ee-uu\/\"},\"author\":{\"name\":\"Jorge Mi\u00f1o\",\"@id\":\"https:\/\/radioinfinitagoya.com.ar\/v1\/#\/schema\/person\/d4cf9c413d4f6edb24aabdccab49ca4a\"},\"headline\":\"Pol\u00e9mica por la presencia de la esposa de Manuel Adorni en la comitiva que viaj\u00f3 con Milei a EE.UU.\",\"datePublished\":\"2026-03-10T19:21:37+00:00\",\"dateModified\":\"2026-03-10T19:22:40+00:00\",\"mainEntityOfPage\":{\"@id\":\"https:\/\/radioinfinitagoya.com.ar\/v1\/2026\/03\/10\/polemica-por-la-presencia-de-la-esposa-de-manuel-adorni-en-la-comitiva-que-viajo-con-milei-a-ee-uu\/\"},\"wordCount\":817,\"commentCount\":0,\"publisher\":{\"@id\":\"https:\/\/radioinfinitagoya.com.ar\/v1\/#organization\"},\"image\":{\"@id\":\"https:\/\/radioinfinitagoya.com.ar\/v1\/2026\/03\/10\/polemica-por-la-presencia-de-la-esposa-de-manuel-adorni-en-la-comitiva-que-viajo-con-milei-a-ee-uu\/#primaryimage\"},\"thumbnailUrl\":\"https:\/\/radioinfinitagoya.com.ar\/v1\/wp-content\/uploads\/2026\/03\/HDDO2SrbcAA2xsf.jpg\",\"articleSection\":[\"NACIONALES\"],\"inLanguage\":\"es-AR\",\"potentialAction\":[{\"@type\":\"CommentAction\",\"name\":\"Comment\",\"target\":[\"https:\/\/radioinfinitagoya.com.ar\/v1\/2026\/03\/10\/polemica-por-la-presencia-de-la-esposa-de-manuel-adorni-en-la-comitiva-que-viajo-con-milei-a-ee-uu\/#respond\"]}]},{\"@type\":\"WebPage\",\"@id\":\"https:\/\/radioinfinitagoya.com.ar\/v1\/2026\/03\/10\/polemica-por-la-presencia-de-la-esposa-de-manuel-adorni-en-la-comitiva-que-viajo-con-milei-a-ee-uu\/\",\"url\":\"https:\/\/radioinfinitagoya.com.ar\/v1\/2026\/03\/10\/polemica-por-la-presencia-de-la-esposa-de-manuel-adorni-en-la-comitiva-que-viajo-con-milei-a-ee-uu\/\",\"name\":\"Pol\u00e9mica por la presencia de la esposa de Manuel Adorni en la comitiva que viaj\u00f3 con Milei a EE.UU. - Radio Infinita Goya\",\"isPartOf\":{\"@id\":\"https:\/\/radioinfinitagoya.com.ar\/v1\/#website\"},\"primaryImageOfPage\":{\"@id\":\"https:\/\/radioinfinitagoya.com.ar\/v1\/2026\/03\/10\/polemica-por-la-presencia-de-la-esposa-de-manuel-adorni-en-la-comitiva-que-viajo-con-milei-a-ee-uu\/#primaryimage\"},\"image\":{\"@id\":\"https:\/\/radioinfinitagoya.com.ar\/v1\/2026\/03\/10\/polemica-por-la-presencia-de-la-esposa-de-manuel-adorni-en-la-comitiva-que-viajo-con-milei-a-ee-uu\/#primaryimage\"},\"thumbnailUrl\":\"https:\/\/radioinfinitagoya.com.ar\/v1\/wp-content\/uploads\/2026\/03\/HDDO2SrbcAA2xsf.jpg\",\"datePublished\":\"2026-03-10T19:21:37+00:00\",\"dateModified\":\"2026-03-10T19:22:40+00:00\",\"description\":\"Bettina Angeletti habr\u00eda viajado en el avi\u00f3n oficial ARG-01 junto al resto de le delegaci\u00f3n, aunque no ejerce ning\u00fan cargo p\u00fablico. En el Congreso\",\"breadcrumb\":{\"@id\":\"https:\/\/radioinfinitagoya.com.ar\/v1\/2026\/03\/10\/polemica-por-la-presencia-de-la-esposa-de-manuel-adorni-en-la-comitiva-que-viajo-con-milei-a-ee-uu\/#breadcrumb\"},\"inLanguage\":\"es-AR\",\"potentialAction\":[{\"@type\":\"ReadAction\",\"target\":[\"https:\/\/radioinfinitagoya.com.ar\/v1\/2026\/03\/10\/polemica-por-la-presencia-de-la-esposa-de-manuel-adorni-en-la-comitiva-que-viajo-con-milei-a-ee-uu\/\"]}]},{\"@type\":\"ImageObject\",\"inLanguage\":\"es-AR\",\"@id\":\"https:\/\/radioinfinitagoya.com.ar\/v1\/2026\/03\/10\/polemica-por-la-presencia-de-la-esposa-de-manuel-adorni-en-la-comitiva-que-viajo-con-milei-a-ee-uu\/#primaryimage\",\"url\":\"https:\/\/radioinfinitagoya.com.ar\/v1\/wp-content\/uploads\/2026\/03\/HDDO2SrbcAA2xsf.jpg\",\"contentUrl\":\"https:\/\/radioinfinitagoya.com.ar\/v1\/wp-content\/uploads\/2026\/03\/HDDO2SrbcAA2xsf.jpg\",\"width\":590,\"height\":377},{\"@type\":\"BreadcrumbList\",\"@id\":\"https:\/\/radioinfinitagoya.com.ar\/v1\/2026\/03\/10\/polemica-por-la-presencia-de-la-esposa-de-manuel-adorni-en-la-comitiva-que-viajo-con-milei-a-ee-uu\/#breadcrumb\",\"itemListElement\":[{\"@type\":\"ListItem\",\"position\":1,\"name\":\"Inicio\",\"item\":\"https:\/\/radioinfinitagoya.com.ar\/v1\/\"},{\"@type\":\"ListItem\",\"position\":2,\"name\":\"Pol\u00e9mica por la presencia de la esposa de Manuel Adorni en la comitiva que viaj\u00f3 con Milei a EE.UU.\"}]},{\"@type\":\"WebSite\",\"@id\":\"https:\/\/radioinfinitagoya.com.ar\/v1\/#website\",\"url\":\"https:\/\/radioinfinitagoya.com.ar\/v1\/\",\"name\":\"radioinfinitagoya.com.ar\",\"description\":\"Radio de noticias\",\"publisher\":{\"@id\":\"https:\/\/radioinfinitagoya.com.ar\/v1\/#organization\"},\"potentialAction\":[{\"@type\":\"SearchAction\",\"target\":{\"@type\":\"EntryPoint\",\"urlTemplate\":\"https:\/\/radioinfinitagoya.com.ar\/v1\/?s={search_term_string}\"},\"query-input\":{\"@type\":\"PropertyValueSpecification\",\"valueRequired\":true,\"valueName\":\"search_term_string\"}}],\"inLanguage\":\"es-AR\"},{\"@type\":\"Organization\",\"@id\":\"https:\/\/radioinfinitagoya.com.ar\/v1\/#organization\",\"name\":\"Radio Infinita Goya\",\"url\":\"https:\/\/radioinfinitagoya.com.ar\/v1\/\",\"logo\":{\"@type\":\"ImageObject\",\"inLanguage\":\"es-AR\",\"@id\":\"https:\/\/radioinfinitagoya.com.ar\/v1\/#\/schema\/logo\/image\/\",\"url\":\"https:\/\/radioinfinitagoya.com.ar\/v1\/wp-content\/uploads\/2019\/11\/logo-pie-web.png\",\"contentUrl\":\"https:\/\/radioinfinitagoya.com.ar\/v1\/wp-content\/uploads\/2019\/11\/logo-pie-web.png\",\"width\":635,\"height\":326,\"caption\":\"Radio Infinita Goya\"},\"image\":{\"@id\":\"https:\/\/radioinfinitagoya.com.ar\/v1\/#\/schema\/logo\/image\/\"},\"sameAs\":[\"https:\/\/www.facebook.com\/p\/Infinita-Goya-100063870918311\/\"]},{\"@type\":\"Person\",\"@id\":\"https:\/\/radioinfinitagoya.com.ar\/v1\/#\/schema\/person\/d4cf9c413d4f6edb24aabdccab49ca4a\",\"name\":\"Jorge Mi\u00f1o\",\"image\":{\"@type\":\"ImageObject\",\"inLanguage\":\"es-AR\",\"@id\":\"https:\/\/secure.gravatar.com\/avatar\/910fcf6728fe95320e07a6643c1581fec1c7fc4bf8ae12e3d8f0d0373dc844be?s=96&d=mm&r=g\",\"url\":\"https:\/\/secure.gravatar.com\/avatar\/910fcf6728fe95320e07a6643c1581fec1c7fc4bf8ae12e3d8f0d0373dc844be?s=96&d=mm&r=g\",\"contentUrl\":\"https:\/\/secure.gravatar.com\/avatar\/910fcf6728fe95320e07a6643c1581fec1c7fc4bf8ae12e3d8f0d0373dc844be?s=96&d=mm&r=g\",\"caption\":\"Jorge Mi\u00f1o\"},\"sameAs\":[\"http:\/\/radioinfinitagoya.com.ar\"]}]}<\/script>\n<!-- \/ Yoast SEO plugin. -->","yoast_head_json":{"title":"Pol\u00e9mica por la presencia de la esposa de Manuel Adorni en la comitiva que viaj\u00f3 con Milei a EE.UU. - Radio Infinita Goya","description":"Bettina Angeletti habr\u00eda viajado en el avi\u00f3n oficial ARG-01 junto al resto de le delegaci\u00f3n, aunque no ejerce ning\u00fan cargo p\u00fablico. En el Congreso","robots":{"index":"index","follow":"follow","max-snippet":"max-snippet:-1","max-image-preview":"max-image-preview:large","max-video-preview":"max-video-preview:-1"},"canonical":"https:\/\/radioinfinitagoya.com.ar\/v1\/2026\/03\/10\/polemica-por-la-presencia-de-la-esposa-de-manuel-adorni-en-la-comitiva-que-viajo-con-milei-a-ee-uu\/","og_locale":"es_ES","og_type":"article","og_title":"Pol\u00e9mica por la presencia de la esposa de Manuel Adorni en la comitiva que viaj\u00f3 con Milei a EE.UU. - Radio Infinita Goya","og_description":"Bettina Angeletti habr\u00eda viajado en el avi\u00f3n oficial ARG-01 junto al resto de le delegaci\u00f3n, aunque no ejerce ning\u00fan cargo p\u00fablico. En el Congreso","og_url":"https:\/\/radioinfinitagoya.com.ar\/v1\/2026\/03\/10\/polemica-por-la-presencia-de-la-esposa-de-manuel-adorni-en-la-comitiva-que-viajo-con-milei-a-ee-uu\/","og_site_name":"Radio Infinita Goya","article_publisher":"https:\/\/www.facebook.com\/p\/Infinita-Goya-100063870918311\/","article_published_time":"2026-03-10T19:21:37+00:00","article_modified_time":"2026-03-10T19:22:40+00:00","og_image":[{"width":590,"height":377,"url":"https:\/\/radioinfinitagoya.com.ar\/v1\/wp-content\/uploads\/2026\/03\/HDDO2SrbcAA2xsf.jpg","type":"image\/jpeg"}],"author":"Jorge Mi\u00f1o","twitter_card":"summary_large_image","twitter_misc":{"Escrito por":"Jorge Mi\u00f1o","Tiempo de lectura":"4 minutos"},"schema":{"@context":"https:\/\/schema.org","@graph":[{"@type":"Article","@id":"https:\/\/radioinfinitagoya.com.ar\/v1\/2026\/03\/10\/polemica-por-la-presencia-de-la-esposa-de-manuel-adorni-en-la-comitiva-que-viajo-con-milei-a-ee-uu\/#article","isPartOf":{"@id":"https:\/\/radioinfinitagoya.com.ar\/v1\/2026\/03\/10\/polemica-por-la-presencia-de-la-esposa-de-manuel-adorni-en-la-comitiva-que-viajo-con-milei-a-ee-uu\/"},"author":{"name":"Jorge Mi\u00f1o","@id":"https:\/\/radioinfinitagoya.com.ar\/v1\/#\/schema\/person\/d4cf9c413d4f6edb24aabdccab49ca4a"},"headline":"Pol\u00e9mica por la presencia de la esposa de Manuel Adorni en la comitiva que viaj\u00f3 con Milei a EE.UU.","datePublished":"2026-03-10T19:21:37+00:00","dateModified":"2026-03-10T19:22:40+00:00","mainEntityOfPage":{"@id":"https:\/\/radioinfinitagoya.com.ar\/v1\/2026\/03\/10\/polemica-por-la-presencia-de-la-esposa-de-manuel-adorni-en-la-comitiva-que-viajo-con-milei-a-ee-uu\/"},"wordCount":817,"commentCount":0,"publisher":{"@id":"https:\/\/radioinfinitagoya.com.ar\/v1\/#organization"},"image":{"@id":"https:\/\/radioinfinitagoya.com.ar\/v1\/2026\/03\/10\/polemica-por-la-presencia-de-la-esposa-de-manuel-adorni-en-la-comitiva-que-viajo-con-milei-a-ee-uu\/#primaryimage"},"thumbnailUrl":"https:\/\/radioinfinitagoya.com.ar\/v1\/wp-content\/uploads\/2026\/03\/HDDO2SrbcAA2xsf.jpg","articleSection":["NACIONALES"],"inLanguage":"es-AR","potentialAction":[{"@type":"CommentAction","name":"Comment","target":["https:\/\/radioinfinitagoya.com.ar\/v1\/2026\/03\/10\/polemica-por-la-presencia-de-la-esposa-de-manuel-adorni-en-la-comitiva-que-viajo-con-milei-a-ee-uu\/#respond"]}]},{"@type":"WebPage","@id":"https:\/\/radioinfinitagoya.com.ar\/v1\/2026\/03\/10\/polemica-por-la-presencia-de-la-esposa-de-manuel-adorni-en-la-comitiva-que-viajo-con-milei-a-ee-uu\/","url":"https:\/\/radioinfinitagoya.com.ar\/v1\/2026\/03\/10\/polemica-por-la-presencia-de-la-esposa-de-manuel-adorni-en-la-comitiva-que-viajo-con-milei-a-ee-uu\/","name":"Pol\u00e9mica por la presencia de la esposa de Manuel Adorni en la comitiva que viaj\u00f3 con Milei a EE.UU. - Radio Infinita Goya","isPartOf":{"@id":"https:\/\/radioinfinitagoya.com.ar\/v1\/#website"},"primaryImageOfPage":{"@id":"https:\/\/radioinfinitagoya.com.ar\/v1\/2026\/03\/10\/polemica-por-la-presencia-de-la-esposa-de-manuel-adorni-en-la-comitiva-que-viajo-con-milei-a-ee-uu\/#primaryimage"},"image":{"@id":"https:\/\/radioinfinitagoya.com.ar\/v1\/2026\/03\/10\/polemica-por-la-presencia-de-la-esposa-de-manuel-adorni-en-la-comitiva-que-viajo-con-milei-a-ee-uu\/#primaryimage"},"thumbnailUrl":"https:\/\/radioinfinitagoya.com.ar\/v1\/wp-content\/uploads\/2026\/03\/HDDO2SrbcAA2xsf.jpg","datePublished":"2026-03-10T19:21:37+00:00","dateModified":"2026-03-10T19:22:40+00:00","description":"Bettina Angeletti habr\u00eda viajado en el avi\u00f3n oficial ARG-01 junto al resto de le delegaci\u00f3n, aunque no ejerce ning\u00fan cargo p\u00fablico. En el Congreso","breadcrumb":{"@id":"https:\/\/radioinfinitagoya.com.ar\/v1\/2026\/03\/10\/polemica-por-la-presencia-de-la-esposa-de-manuel-adorni-en-la-comitiva-que-viajo-con-milei-a-ee-uu\/#breadcrumb"},"inLanguage":"es-AR","potentialAction":[{"@type":"ReadAction","target":["https:\/\/radioinfinitagoya.com.ar\/v1\/2026\/03\/10\/polemica-por-la-presencia-de-la-esposa-de-manuel-adorni-en-la-comitiva-que-viajo-con-milei-a-ee-uu\/"]}]},{"@type":"ImageObject","inLanguage":"es-AR","@id":"https:\/\/radioinfinitagoya.com.ar\/v1\/2026\/03\/10\/polemica-por-la-presencia-de-la-esposa-de-manuel-adorni-en-la-comitiva-que-viajo-con-milei-a-ee-uu\/#primaryimage","url":"https:\/\/radioinfinitagoya.com.ar\/v1\/wp-content\/uploads\/2026\/03\/HDDO2SrbcAA2xsf.jpg","contentUrl":"https:\/\/radioinfinitagoya.com.ar\/v1\/wp-content\/uploads\/2026\/03\/HDDO2SrbcAA2xsf.jpg","width":590,"height":377},{"@type":"BreadcrumbList","@id":"https:\/\/radioinfinitagoya.com.ar\/v1\/2026\/03\/10\/polemica-por-la-presencia-de-la-esposa-de-manuel-adorni-en-la-comitiva-que-viajo-con-milei-a-ee-uu\/#breadcrumb","itemListElement":[{"@type":"ListItem","position":1,"name":"Inicio","item":"https:\/\/radioinfinitagoya.com.ar\/v1\/"},{"@type":"ListItem","position":2,"name":"Pol\u00e9mica por la presencia de la esposa de Manuel Adorni en la comitiva que viaj\u00f3 con Milei a EE.UU."}]},{"@type":"WebSite","@id":"https:\/\/radioinfinitagoya.com.ar\/v1\/#website","url":"https:\/\/radioinfinitagoya.com.ar\/v1\/","name":"radioinfinitagoya.com.ar","description":"Radio de noticias","publisher":{"@id":"https:\/\/radioinfinitagoya.com.ar\/v1\/#organization"},"potentialAction":[{"@type":"SearchAction","target":{"@type":"EntryPoint","urlTemplate":"https:\/\/radioinfinitagoya.com.ar\/v1\/?s={search_term_string}"},"query-input":{"@type":"PropertyValueSpecification","valueRequired":true,"valueName":"search_term_string"}}],"inLanguage":"es-AR"},{"@type":"Organization","@id":"https:\/\/radioinfinitagoya.com.ar\/v1\/#organization","name":"Radio Infinita Goya","url":"https:\/\/radioinfinitagoya.com.ar\/v1\/","logo":{"@type":"ImageObject","inLanguage":"es-AR","@id":"https:\/\/radioinfinitagoya.com.ar\/v1\/#\/schema\/logo\/image\/","url":"https:\/\/radioinfinitagoya.com.ar\/v1\/wp-content\/uploads\/2019\/11\/logo-pie-web.png","contentUrl":"https:\/\/radioinfinitagoya.com.ar\/v1\/wp-content\/uploads\/2019\/11\/logo-pie-web.png","width":635,"height":326,"caption":"Radio Infinita Goya"},"image":{"@id":"https:\/\/radioinfinitagoya.com.ar\/v1\/#\/schema\/logo\/image\/"},"sameAs":["https:\/\/www.facebook.com\/p\/Infinita-Goya-100063870918311\/"]},{"@type":"Person","@id":"https:\/\/radioinfinitagoya.com.ar\/v1\/#\/schema\/person\/d4cf9c413d4f6edb24aabdccab49ca4a","name":"Jorge Mi\u00f1o","image":{"@type":"ImageObject","inLanguage":"es-AR","@id":"https:\/\/secure.gravatar.com\/avatar\/910fcf6728fe95320e07a6643c1581fec1c7fc4bf8ae12e3d8f0d0373dc844be?s=96&d=mm&r=g","url":"https:\/\/secure.gravatar.com\/avatar\/910fcf6728fe95320e07a6643c1581fec1c7fc4bf8ae12e3d8f0d0373dc844be?s=96&d=mm&r=g","contentUrl":"https:\/\/secure.gravatar.com\/avatar\/910fcf6728fe95320e07a6643c1581fec1c7fc4bf8ae12e3d8f0d0373dc844be?s=96&d=mm&r=g","caption":"Jorge Mi\u00f1o"},"sameAs":["http:\/\/radioinfinitagoya.com.ar"]}]}},"_links":{"self":[{"href":"https:\/\/radioinfinitagoya.com.ar\/v1\/wp-json\/wp\/v2\/posts\/209946","targetHints":{"allow":["GET"]}}],"collection":[{"href":"https:\/\/radioinfinitagoya.com.ar\/v1\/wp-json\/wp\/v2\/posts"}],"about":[{"href":"https:\/\/radioinfinitagoya.com.ar\/v1\/wp-json\/wp\/v2\/types\/post"}],"author":[{"embeddable":true,"href":"https:\/\/radioinfinitagoya.com.ar\/v1\/wp-json\/wp\/v2\/users\/4"}],"replies":[{"embeddable":true,"href":"https:\/\/radioinfinitagoya.com.ar\/v1\/wp-json\/wp\/v2\/comments?post=209946"}],"version-history":[{"count":0,"href":"https:\/\/radioinfinitagoya.com.ar\/v1\/wp-json\/wp\/v2\/posts\/209946\/revisions"}],"wp:featuredmedia":[{"embeddable":true,"href":"https:\/\/radioinfinitagoya.com.ar\/v1\/wp-json\/wp\/v2\/media\/209949"}],"wp:attachment":[{"href":"https:\/\/radioinfinitagoya.com.ar\/v1\/wp-json\/wp\/v2\/media?parent=209946"}],"wp:term":[{"taxonomy":"category","embeddable":true,"href":"https:\/\/radioinfinitagoya.com.ar\/v1\/wp-json\/wp\/v2\/categories?post=209946"},{"taxonomy":"post_tag","embeddable":true,"href":"https:\/\/radioinfinitagoya.com.ar\/v1\/wp-json\/wp\/v2\/tags?post=209946"}],"curies":[{"name":"wp","href":"https:\/\/api.w.org\/{rel}","templated":true}]}}