{"id":209979,"date":"2026-03-10T17:05:09","date_gmt":"2026-03-10T20:05:09","guid":{"rendered":"https:\/\/radioinfinitagoya.com.ar\/v1\/?p=209979"},"modified":"2026-03-10T17:05:51","modified_gmt":"2026-03-10T20:05:51","slug":"pablo-quirno-confirmo-que-420-argentinos-ya-lograron-salir-de-emiratos-arabes","status":"publish","type":"post","link":"https:\/\/radioinfinitagoya.com.ar\/v1\/2026\/03\/10\/pablo-quirno-confirmo-que-420-argentinos-ya-lograron-salir-de-emiratos-arabes\/","title":{"rendered":"Guerra en Medio Oriente"},"content":{"rendered":"<p>Pablo Quirno confirm\u00f3 que 420 argentinos ya lograron salir de Emiratos \u00c1rabes<\/p>\n<p>El operativo present\u00f3 un gran desaf\u00edo debido a la cancelaci\u00f3n de numerosos vuelos y a la apertura intermitente del espacio a\u00e9reo en Medio Oriente.<\/p>\n<p>El canciller Pablo Quirno anunci\u00f3 que 420 argentinos lograron dejar Emiratos \u00c1rabes Unidos tras el estallido del conflicto entre Ir\u00e1n, EEUU e Israel. Este martes se sumaron 62 ciudadanos m\u00e1s a la lista de evacuados, quienes partieron en vuelos de Emirates hacia Buenos Aires y San Pablo para alejarse de la zona de guerra.<\/p>\n<p>\u201cCon estas salidas, ya son 420 los argentinos que han dejado EAU desde la reanudaci\u00f3n parcial de las operaciones a\u00e9reas\u201d, expres\u00f3 el ministro de Relaciones Exteriores en su cuenta de X.<\/p>\n<p><a href=\"https:\/\/x.com\/pabloquirno\/status\/2031399454545215822\">https:\/\/x.com\/pabloquirno\/status\/2031399454545215822<\/a><\/p>\n<p>Gracias a un operativo coordinado entre el Gobierno y Emirates, ciudadanos argentinos varados por los ataques a\u00e9reos pudieron abandonar la regi\u00f3n. La misi\u00f3n contin\u00faa bajo estrictos protocolos debido a la volatilidad log\u00edstica y la constante reprogramaci\u00f3n de vuelos en el \u00e1rea.<\/p>\n<p>As\u00ed mismo, en las \u00faltimas horas, desde Canciller\u00eda se asegur\u00f3 que el cronograma especial de vuelos desde Emiratos \u00c1rabes Unidos y otros pa\u00edses de la zona contin\u00faa activo para facilitar el regreso de los argentinos \u201cde la manera m\u00e1s r\u00e1pida y segura posible\u201d. En total, 630 argentinos solicitaron asistencia en toda la zona de conflicto.<\/p>\n<p><img loading=\"lazy\" decoding=\"async\" class=\"alignnone size-full wp-image-209981\" src=\"https:\/\/radioinfinitagoya.com.ar\/v1\/wp-content\/uploads\/2026\/03\/argentinos-emiratos-arabes.webp\" alt=\"\" width=\"730\" height=\"487\" srcset=\"https:\/\/radioinfinitagoya.com.ar\/v1\/wp-content\/uploads\/2026\/03\/argentinos-emiratos-arabes.webp 730w, https:\/\/radioinfinitagoya.com.ar\/v1\/wp-content\/uploads\/2026\/03\/argentinos-emiratos-arabes-150x100.webp 150w, https:\/\/radioinfinitagoya.com.ar\/v1\/wp-content\/uploads\/2026\/03\/argentinos-emiratos-arabes-630x420.webp 630w, https:\/\/radioinfinitagoya.com.ar\/v1\/wp-content\/uploads\/2026\/03\/argentinos-emiratos-arabes-696x464.webp 696w\" sizes=\"auto, (max-width: 730px) 100vw, 730px\" \/>El reclamo de los diputados debido los argentinos varados en Emiratos \u00c1rabes Unidos<br \/>\nEn medio del conflicto que se desarrolla en Medio Oriente, un grupo de diputados de la oposici\u00f3n inst\u00f3 al Poder Ejecutivo a activar los protocolos de repatriaci\u00f3n necesarios, a trav\u00e9s de los ministerios de Relaciones Exteriores y Defensa, para asistir a los ciudadanos argentinos varados en la regi\u00f3n.<\/p>\n<p>\u201cEl Estado argentino tiene la responsabilidad de proteger y asistir a sus ciudadanos en el exterior, particularmente en situaciones de crisis, conflictos armados o emergencias internacionales que comprometen su seguridad o su capacidad de desplazamiento\u201d, afirm\u00f3 la diputada Victoria Tolosa Paz en un proyecto de resoluci\u00f3n que firmaron legisladores de su bloque y de Encuentro Federal.<\/p>\n","protected":false},"excerpt":{"rendered":"<p>Pablo Quirno confirm\u00f3 que 420 argentinos ya lograron salir de Emiratos \u00c1rabes El operativo present\u00f3 un gran desaf\u00edo debido a la cancelaci\u00f3n de numerosos vuelos y a la apertura intermitente del espacio a\u00e9reo en Medio Oriente. El canciller Pablo Quirno anunci\u00f3 que 420 argentinos lograron dejar Emiratos \u00c1rabes Unidos tras el estallido del conflicto entre [&hellip;]<\/p>\n","protected":false},"author":4,"featured_media":209980,"comment_status":"open","ping_status":"open","sticky":false,"template":"","format":"standard","meta":{"_joinchat":[],"footnotes":""},"categories":[25],"tags":[],"class_list":{"0":"post-209979","1":"post","2":"type-post","3":"status-publish","4":"format-standard","5":"has-post-thumbnail","7":"category-destacados"},"yoast_head":"<!-- This site is optimized with the Yoast SEO plugin v27.2 - https:\/\/yoast.com\/product\/yoast-seo-wordpress\/ -->\n<title>Guerra en Medio Oriente - Radio Infinita Goya<\/title>\n<meta name=\"description\" content=\"Pablo Quirno confirm\u00f3 que 420 argentinos ya lograron salir de Emiratos \u00c1rabes El operativo present\u00f3 un gran desaf\u00edo debido a la cancelaci\u00f3n de numerosos\" \/>\n<meta name=\"robots\" content=\"index, follow, max-snippet:-1, max-image-preview:large, max-video-preview:-1\" \/>\n<link rel=\"canonical\" href=\"https:\/\/radioinfinitagoya.com.ar\/v1\/2026\/03\/10\/pablo-quirno-confirmo-que-420-argentinos-ya-lograron-salir-de-emiratos-arabes\/\" \/>\n<meta property=\"og:locale\" content=\"es_ES\" \/>\n<meta property=\"og:type\" content=\"article\" \/>\n<meta property=\"og:title\" content=\"Guerra en Medio Oriente - Radio Infinita Goya\" \/>\n<meta property=\"og:description\" content=\"Pablo Quirno confirm\u00f3 que 420 argentinos ya lograron salir de Emiratos \u00c1rabes El operativo present\u00f3 un gran desaf\u00edo debido a la cancelaci\u00f3n de numerosos\" \/>\n<meta property=\"og:url\" content=\"https:\/\/radioinfinitagoya.com.ar\/v1\/2026\/03\/10\/pablo-quirno-confirmo-que-420-argentinos-ya-lograron-salir-de-emiratos-arabes\/\" \/>\n<meta property=\"og:site_name\" content=\"Radio Infinita Goya\" \/>\n<meta property=\"article:publisher\" content=\"https:\/\/www.facebook.com\/p\/Infinita-Goya-100063870918311\/\" \/>\n<meta property=\"article:published_time\" content=\"2026-03-10T20:05:09+00:00\" \/>\n<meta property=\"article:modified_time\" content=\"2026-03-10T20:05:51+00:00\" \/>\n<meta property=\"og:image\" content=\"https:\/\/radioinfinitagoya.com.ar\/v1\/wp-content\/uploads\/2026\/03\/cancilleria-argentina.webp\" \/>\n\t<meta property=\"og:image:width\" content=\"655\" \/>\n\t<meta property=\"og:image:height\" content=\"368\" \/>\n\t<meta property=\"og:image:type\" content=\"image\/webp\" \/>\n<meta name=\"author\" content=\"Jorge Mi\u00f1o\" \/>\n<meta name=\"twitter:card\" content=\"summary_large_image\" \/>\n<meta name=\"twitter:label1\" content=\"Escrito por\" \/>\n\t<meta name=\"twitter:data1\" content=\"Jorge Mi\u00f1o\" \/>\n\t<meta name=\"twitter:label2\" content=\"Tiempo de lectura\" \/>\n\t<meta name=\"twitter:data2\" content=\"2 minutos\" \/>\n<script type=\"application\/ld+json\" class=\"yoast-schema-graph\">{\"@context\":\"https:\/\/schema.org\",\"@graph\":[{\"@type\":\"Article\",\"@id\":\"https:\/\/radioinfinitagoya.com.ar\/v1\/2026\/03\/10\/pablo-quirno-confirmo-que-420-argentinos-ya-lograron-salir-de-emiratos-arabes\/#article\",\"isPartOf\":{\"@id\":\"https:\/\/radioinfinitagoya.com.ar\/v1\/2026\/03\/10\/pablo-quirno-confirmo-que-420-argentinos-ya-lograron-salir-de-emiratos-arabes\/\"},\"author\":{\"name\":\"Jorge Mi\u00f1o\",\"@id\":\"https:\/\/radioinfinitagoya.com.ar\/v1\/#\/schema\/person\/d4cf9c413d4f6edb24aabdccab49ca4a\"},\"headline\":\"Guerra en Medio Oriente\",\"datePublished\":\"2026-03-10T20:05:09+00:00\",\"dateModified\":\"2026-03-10T20:05:51+00:00\",\"mainEntityOfPage\":{\"@id\":\"https:\/\/radioinfinitagoya.com.ar\/v1\/2026\/03\/10\/pablo-quirno-confirmo-que-420-argentinos-ya-lograron-salir-de-emiratos-arabes\/\"},\"wordCount\":361,\"commentCount\":0,\"publisher\":{\"@id\":\"https:\/\/radioinfinitagoya.com.ar\/v1\/#organization\"},\"image\":{\"@id\":\"https:\/\/radioinfinitagoya.com.ar\/v1\/2026\/03\/10\/pablo-quirno-confirmo-que-420-argentinos-ya-lograron-salir-de-emiratos-arabes\/#primaryimage\"},\"thumbnailUrl\":\"https:\/\/radioinfinitagoya.com.ar\/v1\/wp-content\/uploads\/2026\/03\/cancilleria-argentina.webp\",\"articleSection\":[\"DESTACADOS\"],\"inLanguage\":\"es-AR\",\"potentialAction\":[{\"@type\":\"CommentAction\",\"name\":\"Comment\",\"target\":[\"https:\/\/radioinfinitagoya.com.ar\/v1\/2026\/03\/10\/pablo-quirno-confirmo-que-420-argentinos-ya-lograron-salir-de-emiratos-arabes\/#respond\"]}]},{\"@type\":\"WebPage\",\"@id\":\"https:\/\/radioinfinitagoya.com.ar\/v1\/2026\/03\/10\/pablo-quirno-confirmo-que-420-argentinos-ya-lograron-salir-de-emiratos-arabes\/\",\"url\":\"https:\/\/radioinfinitagoya.com.ar\/v1\/2026\/03\/10\/pablo-quirno-confirmo-que-420-argentinos-ya-lograron-salir-de-emiratos-arabes\/\",\"name\":\"Guerra en Medio Oriente - Radio Infinita Goya\",\"isPartOf\":{\"@id\":\"https:\/\/radioinfinitagoya.com.ar\/v1\/#website\"},\"primaryImageOfPage\":{\"@id\":\"https:\/\/radioinfinitagoya.com.ar\/v1\/2026\/03\/10\/pablo-quirno-confirmo-que-420-argentinos-ya-lograron-salir-de-emiratos-arabes\/#primaryimage\"},\"image\":{\"@id\":\"https:\/\/radioinfinitagoya.com.ar\/v1\/2026\/03\/10\/pablo-quirno-confirmo-que-420-argentinos-ya-lograron-salir-de-emiratos-arabes\/#primaryimage\"},\"thumbnailUrl\":\"https:\/\/radioinfinitagoya.com.ar\/v1\/wp-content\/uploads\/2026\/03\/cancilleria-argentina.webp\",\"datePublished\":\"2026-03-10T20:05:09+00:00\",\"dateModified\":\"2026-03-10T20:05:51+00:00\",\"description\":\"Pablo Quirno confirm\u00f3 que 420 argentinos ya lograron salir de Emiratos \u00c1rabes El operativo present\u00f3 un gran desaf\u00edo debido a la cancelaci\u00f3n de numerosos\",\"breadcrumb\":{\"@id\":\"https:\/\/radioinfinitagoya.com.ar\/v1\/2026\/03\/10\/pablo-quirno-confirmo-que-420-argentinos-ya-lograron-salir-de-emiratos-arabes\/#breadcrumb\"},\"inLanguage\":\"es-AR\",\"potentialAction\":[{\"@type\":\"ReadAction\",\"target\":[\"https:\/\/radioinfinitagoya.com.ar\/v1\/2026\/03\/10\/pablo-quirno-confirmo-que-420-argentinos-ya-lograron-salir-de-emiratos-arabes\/\"]}]},{\"@type\":\"ImageObject\",\"inLanguage\":\"es-AR\",\"@id\":\"https:\/\/radioinfinitagoya.com.ar\/v1\/2026\/03\/10\/pablo-quirno-confirmo-que-420-argentinos-ya-lograron-salir-de-emiratos-arabes\/#primaryimage\",\"url\":\"https:\/\/radioinfinitagoya.com.ar\/v1\/wp-content\/uploads\/2026\/03\/cancilleria-argentina.webp\",\"contentUrl\":\"https:\/\/radioinfinitagoya.com.ar\/v1\/wp-content\/uploads\/2026\/03\/cancilleria-argentina.webp\",\"width\":655,\"height\":368},{\"@type\":\"BreadcrumbList\",\"@id\":\"https:\/\/radioinfinitagoya.com.ar\/v1\/2026\/03\/10\/pablo-quirno-confirmo-que-420-argentinos-ya-lograron-salir-de-emiratos-arabes\/#breadcrumb\",\"itemListElement\":[{\"@type\":\"ListItem\",\"position\":1,\"name\":\"Inicio\",\"item\":\"https:\/\/radioinfinitagoya.com.ar\/v1\/\"},{\"@type\":\"ListItem\",\"position\":2,\"name\":\"Guerra en Medio Oriente\"}]},{\"@type\":\"WebSite\",\"@id\":\"https:\/\/radioinfinitagoya.com.ar\/v1\/#website\",\"url\":\"https:\/\/radioinfinitagoya.com.ar\/v1\/\",\"name\":\"radioinfinitagoya.com.ar\",\"description\":\"Radio de noticias\",\"publisher\":{\"@id\":\"https:\/\/radioinfinitagoya.com.ar\/v1\/#organization\"},\"potentialAction\":[{\"@type\":\"SearchAction\",\"target\":{\"@type\":\"EntryPoint\",\"urlTemplate\":\"https:\/\/radioinfinitagoya.com.ar\/v1\/?s={search_term_string}\"},\"query-input\":{\"@type\":\"PropertyValueSpecification\",\"valueRequired\":true,\"valueName\":\"search_term_string\"}}],\"inLanguage\":\"es-AR\"},{\"@type\":\"Organization\",\"@id\":\"https:\/\/radioinfinitagoya.com.ar\/v1\/#organization\",\"name\":\"Radio Infinita Goya\",\"url\":\"https:\/\/radioinfinitagoya.com.ar\/v1\/\",\"logo\":{\"@type\":\"ImageObject\",\"inLanguage\":\"es-AR\",\"@id\":\"https:\/\/radioinfinitagoya.com.ar\/v1\/#\/schema\/logo\/image\/\",\"url\":\"https:\/\/radioinfinitagoya.com.ar\/v1\/wp-content\/uploads\/2019\/11\/logo-pie-web.png\",\"contentUrl\":\"https:\/\/radioinfinitagoya.com.ar\/v1\/wp-content\/uploads\/2019\/11\/logo-pie-web.png\",\"width\":635,\"height\":326,\"caption\":\"Radio Infinita Goya\"},\"image\":{\"@id\":\"https:\/\/radioinfinitagoya.com.ar\/v1\/#\/schema\/logo\/image\/\"},\"sameAs\":[\"https:\/\/www.facebook.com\/p\/Infinita-Goya-100063870918311\/\"]},{\"@type\":\"Person\",\"@id\":\"https:\/\/radioinfinitagoya.com.ar\/v1\/#\/schema\/person\/d4cf9c413d4f6edb24aabdccab49ca4a\",\"name\":\"Jorge Mi\u00f1o\",\"image\":{\"@type\":\"ImageObject\",\"inLanguage\":\"es-AR\",\"@id\":\"https:\/\/secure.gravatar.com\/avatar\/910fcf6728fe95320e07a6643c1581fec1c7fc4bf8ae12e3d8f0d0373dc844be?s=96&d=mm&r=g\",\"url\":\"https:\/\/secure.gravatar.com\/avatar\/910fcf6728fe95320e07a6643c1581fec1c7fc4bf8ae12e3d8f0d0373dc844be?s=96&d=mm&r=g\",\"contentUrl\":\"https:\/\/secure.gravatar.com\/avatar\/910fcf6728fe95320e07a6643c1581fec1c7fc4bf8ae12e3d8f0d0373dc844be?s=96&d=mm&r=g\",\"caption\":\"Jorge Mi\u00f1o\"},\"sameAs\":[\"http:\/\/radioinfinitagoya.com.ar\"]}]}<\/script>\n<!-- \/ Yoast SEO plugin. -->","yoast_head_json":{"title":"Guerra en Medio Oriente - Radio Infinita Goya","description":"Pablo Quirno confirm\u00f3 que 420 argentinos ya lograron salir de Emiratos \u00c1rabes El operativo present\u00f3 un gran desaf\u00edo debido a la cancelaci\u00f3n de numerosos","robots":{"index":"index","follow":"follow","max-snippet":"max-snippet:-1","max-image-preview":"max-image-preview:large","max-video-preview":"max-video-preview:-1"},"canonical":"https:\/\/radioinfinitagoya.com.ar\/v1\/2026\/03\/10\/pablo-quirno-confirmo-que-420-argentinos-ya-lograron-salir-de-emiratos-arabes\/","og_locale":"es_ES","og_type":"article","og_title":"Guerra en Medio Oriente - Radio Infinita Goya","og_description":"Pablo Quirno confirm\u00f3 que 420 argentinos ya lograron salir de Emiratos \u00c1rabes El operativo present\u00f3 un gran desaf\u00edo debido a la cancelaci\u00f3n de numerosos","og_url":"https:\/\/radioinfinitagoya.com.ar\/v1\/2026\/03\/10\/pablo-quirno-confirmo-que-420-argentinos-ya-lograron-salir-de-emiratos-arabes\/","og_site_name":"Radio Infinita Goya","article_publisher":"https:\/\/www.facebook.com\/p\/Infinita-Goya-100063870918311\/","article_published_time":"2026-03-10T20:05:09+00:00","article_modified_time":"2026-03-10T20:05:51+00:00","og_image":[{"width":655,"height":368,"url":"https:\/\/radioinfinitagoya.com.ar\/v1\/wp-content\/uploads\/2026\/03\/cancilleria-argentina.webp","type":"image\/webp"}],"author":"Jorge Mi\u00f1o","twitter_card":"summary_large_image","twitter_misc":{"Escrito por":"Jorge Mi\u00f1o","Tiempo de lectura":"2 minutos"},"schema":{"@context":"https:\/\/schema.org","@graph":[{"@type":"Article","@id":"https:\/\/radioinfinitagoya.com.ar\/v1\/2026\/03\/10\/pablo-quirno-confirmo-que-420-argentinos-ya-lograron-salir-de-emiratos-arabes\/#article","isPartOf":{"@id":"https:\/\/radioinfinitagoya.com.ar\/v1\/2026\/03\/10\/pablo-quirno-confirmo-que-420-argentinos-ya-lograron-salir-de-emiratos-arabes\/"},"author":{"name":"Jorge Mi\u00f1o","@id":"https:\/\/radioinfinitagoya.com.ar\/v1\/#\/schema\/person\/d4cf9c413d4f6edb24aabdccab49ca4a"},"headline":"Guerra en Medio Oriente","datePublished":"2026-03-10T20:05:09+00:00","dateModified":"2026-03-10T20:05:51+00:00","mainEntityOfPage":{"@id":"https:\/\/radioinfinitagoya.com.ar\/v1\/2026\/03\/10\/pablo-quirno-confirmo-que-420-argentinos-ya-lograron-salir-de-emiratos-arabes\/"},"wordCount":361,"commentCount":0,"publisher":{"@id":"https:\/\/radioinfinitagoya.com.ar\/v1\/#organization"},"image":{"@id":"https:\/\/radioinfinitagoya.com.ar\/v1\/2026\/03\/10\/pablo-quirno-confirmo-que-420-argentinos-ya-lograron-salir-de-emiratos-arabes\/#primaryimage"},"thumbnailUrl":"https:\/\/radioinfinitagoya.com.ar\/v1\/wp-content\/uploads\/2026\/03\/cancilleria-argentina.webp","articleSection":["DESTACADOS"],"inLanguage":"es-AR","potentialAction":[{"@type":"CommentAction","name":"Comment","target":["https:\/\/radioinfinitagoya.com.ar\/v1\/2026\/03\/10\/pablo-quirno-confirmo-que-420-argentinos-ya-lograron-salir-de-emiratos-arabes\/#respond"]}]},{"@type":"WebPage","@id":"https:\/\/radioinfinitagoya.com.ar\/v1\/2026\/03\/10\/pablo-quirno-confirmo-que-420-argentinos-ya-lograron-salir-de-emiratos-arabes\/","url":"https:\/\/radioinfinitagoya.com.ar\/v1\/2026\/03\/10\/pablo-quirno-confirmo-que-420-argentinos-ya-lograron-salir-de-emiratos-arabes\/","name":"Guerra en Medio Oriente - Radio Infinita Goya","isPartOf":{"@id":"https:\/\/radioinfinitagoya.com.ar\/v1\/#website"},"primaryImageOfPage":{"@id":"https:\/\/radioinfinitagoya.com.ar\/v1\/2026\/03\/10\/pablo-quirno-confirmo-que-420-argentinos-ya-lograron-salir-de-emiratos-arabes\/#primaryimage"},"image":{"@id":"https:\/\/radioinfinitagoya.com.ar\/v1\/2026\/03\/10\/pablo-quirno-confirmo-que-420-argentinos-ya-lograron-salir-de-emiratos-arabes\/#primaryimage"},"thumbnailUrl":"https:\/\/radioinfinitagoya.com.ar\/v1\/wp-content\/uploads\/2026\/03\/cancilleria-argentina.webp","datePublished":"2026-03-10T20:05:09+00:00","dateModified":"2026-03-10T20:05:51+00:00","description":"Pablo Quirno confirm\u00f3 que 420 argentinos ya lograron salir de Emiratos \u00c1rabes El operativo present\u00f3 un gran desaf\u00edo debido a la cancelaci\u00f3n de numerosos","breadcrumb":{"@id":"https:\/\/radioinfinitagoya.com.ar\/v1\/2026\/03\/10\/pablo-quirno-confirmo-que-420-argentinos-ya-lograron-salir-de-emiratos-arabes\/#breadcrumb"},"inLanguage":"es-AR","potentialAction":[{"@type":"ReadAction","target":["https:\/\/radioinfinitagoya.com.ar\/v1\/2026\/03\/10\/pablo-quirno-confirmo-que-420-argentinos-ya-lograron-salir-de-emiratos-arabes\/"]}]},{"@type":"ImageObject","inLanguage":"es-AR","@id":"https:\/\/radioinfinitagoya.com.ar\/v1\/2026\/03\/10\/pablo-quirno-confirmo-que-420-argentinos-ya-lograron-salir-de-emiratos-arabes\/#primaryimage","url":"https:\/\/radioinfinitagoya.com.ar\/v1\/wp-content\/uploads\/2026\/03\/cancilleria-argentina.webp","contentUrl":"https:\/\/radioinfinitagoya.com.ar\/v1\/wp-content\/uploads\/2026\/03\/cancilleria-argentina.webp","width":655,"height":368},{"@type":"BreadcrumbList","@id":"https:\/\/radioinfinitagoya.com.ar\/v1\/2026\/03\/10\/pablo-quirno-confirmo-que-420-argentinos-ya-lograron-salir-de-emiratos-arabes\/#breadcrumb","itemListElement":[{"@type":"ListItem","position":1,"name":"Inicio","item":"https:\/\/radioinfinitagoya.com.ar\/v1\/"},{"@type":"ListItem","position":2,"name":"Guerra en Medio Oriente"}]},{"@type":"WebSite","@id":"https:\/\/radioinfinitagoya.com.ar\/v1\/#website","url":"https:\/\/radioinfinitagoya.com.ar\/v1\/","name":"radioinfinitagoya.com.ar","description":"Radio de noticias","publisher":{"@id":"https:\/\/radioinfinitagoya.com.ar\/v1\/#organization"},"potentialAction":[{"@type":"SearchAction","target":{"@type":"EntryPoint","urlTemplate":"https:\/\/radioinfinitagoya.com.ar\/v1\/?s={search_term_string}"},"query-input":{"@type":"PropertyValueSpecification","valueRequired":true,"valueName":"search_term_string"}}],"inLanguage":"es-AR"},{"@type":"Organization","@id":"https:\/\/radioinfinitagoya.com.ar\/v1\/#organization","name":"Radio Infinita Goya","url":"https:\/\/radioinfinitagoya.com.ar\/v1\/","logo":{"@type":"ImageObject","inLanguage":"es-AR","@id":"https:\/\/radioinfinitagoya.com.ar\/v1\/#\/schema\/logo\/image\/","url":"https:\/\/radioinfinitagoya.com.ar\/v1\/wp-content\/uploads\/2019\/11\/logo-pie-web.png","contentUrl":"https:\/\/radioinfinitagoya.com.ar\/v1\/wp-content\/uploads\/2019\/11\/logo-pie-web.png","width":635,"height":326,"caption":"Radio Infinita Goya"},"image":{"@id":"https:\/\/radioinfinitagoya.com.ar\/v1\/#\/schema\/logo\/image\/"},"sameAs":["https:\/\/www.facebook.com\/p\/Infinita-Goya-100063870918311\/"]},{"@type":"Person","@id":"https:\/\/radioinfinitagoya.com.ar\/v1\/#\/schema\/person\/d4cf9c413d4f6edb24aabdccab49ca4a","name":"Jorge Mi\u00f1o","image":{"@type":"ImageObject","inLanguage":"es-AR","@id":"https:\/\/secure.gravatar.com\/avatar\/910fcf6728fe95320e07a6643c1581fec1c7fc4bf8ae12e3d8f0d0373dc844be?s=96&d=mm&r=g","url":"https:\/\/secure.gravatar.com\/avatar\/910fcf6728fe95320e07a6643c1581fec1c7fc4bf8ae12e3d8f0d0373dc844be?s=96&d=mm&r=g","contentUrl":"https:\/\/secure.gravatar.com\/avatar\/910fcf6728fe95320e07a6643c1581fec1c7fc4bf8ae12e3d8f0d0373dc844be?s=96&d=mm&r=g","caption":"Jorge Mi\u00f1o"},"sameAs":["http:\/\/radioinfinitagoya.com.ar"]}]}},"_links":{"self":[{"href":"https:\/\/radioinfinitagoya.com.ar\/v1\/wp-json\/wp\/v2\/posts\/209979","targetHints":{"allow":["GET"]}}],"collection":[{"href":"https:\/\/radioinfinitagoya.com.ar\/v1\/wp-json\/wp\/v2\/posts"}],"about":[{"href":"https:\/\/radioinfinitagoya.com.ar\/v1\/wp-json\/wp\/v2\/types\/post"}],"author":[{"embeddable":true,"href":"https:\/\/radioinfinitagoya.com.ar\/v1\/wp-json\/wp\/v2\/users\/4"}],"replies":[{"embeddable":true,"href":"https:\/\/radioinfinitagoya.com.ar\/v1\/wp-json\/wp\/v2\/comments?post=209979"}],"version-history":[{"count":0,"href":"https:\/\/radioinfinitagoya.com.ar\/v1\/wp-json\/wp\/v2\/posts\/209979\/revisions"}],"wp:featuredmedia":[{"embeddable":true,"href":"https:\/\/radioinfinitagoya.com.ar\/v1\/wp-json\/wp\/v2\/media\/209980"}],"wp:attachment":[{"href":"https:\/\/radioinfinitagoya.com.ar\/v1\/wp-json\/wp\/v2\/media?parent=209979"}],"wp:term":[{"taxonomy":"category","embeddable":true,"href":"https:\/\/radioinfinitagoya.com.ar\/v1\/wp-json\/wp\/v2\/categories?post=209979"},{"taxonomy":"post_tag","embeddable":true,"href":"https:\/\/radioinfinitagoya.com.ar\/v1\/wp-json\/wp\/v2\/tags?post=209979"}],"curies":[{"name":"wp","href":"https:\/\/api.w.org\/{rel}","templated":true}]}}