{"id":209990,"date":"2026-03-11T16:14:15","date_gmt":"2026-03-11T19:14:15","guid":{"rendered":"https:\/\/radioinfinitagoya.com.ar\/v1\/?p=209990"},"modified":"2026-03-11T16:14:15","modified_gmt":"2026-03-11T19:14:15","slug":"28-torneo-apertura-de-pesca-del-dorado-de-paso-de-la-patria","status":"publish","type":"post","link":"https:\/\/radioinfinitagoya.com.ar\/v1\/2026\/03\/11\/28-torneo-apertura-de-pesca-del-dorado-de-paso-de-la-patria\/","title":{"rendered":"28\u00b0 Torneo Apertura de Pesca del Dorado de Paso de la Patria"},"content":{"rendered":"<p>Goya fue Sede de la presentaci\u00f3n en la ma\u00f1ana de este mi\u00e9rcoles 11 de marzo, en el flotante de la Costanera de Goya, se llev\u00f3 a cabo la conferencia de prensa de presentaci\u00f3n y promoci\u00f3n de la 28\u00b0 Edici\u00f3n del Torneo Apertura de Pesca del Dorado, que se realizar\u00e1 del 2 al 5 de abril en la localidad de Paso de la Patria, uno de los destinos pesqueros m\u00e1s emblem\u00e1ticos de la provincia de Corrientes.<\/p>\n<p>La presentaci\u00f3n cont\u00f3 con la presencia del Secretario de Turismo de la Municipalidad de Goya, Sebasti\u00e1n Candia de Biasio, acompa\u00f1ado por el presidente de la COMUPE, Ra\u00fal \u201cBucky\u201d Gonz\u00e1lez Vilas. Por parte de la organizaci\u00f3n del torneo participaron los coordinadores del evento Daniel Garc\u00eda y Roberto Motta, el representante de la C\u00e1mara de Prestadores Tur\u00edsticos de Paso de la Patria (CAPRESSTUR) Miguel Lanzoni y el representante de prensa del evento Ramiro Gigena.<\/p>\n<p>SEBASTI\u00c1N CANDIA: \u201cLA MEJOR MANERA DE RETRIBUIR ES GENERAR ESPACIOS PARA LAS DEM\u00c1S FIESTAS\u201d<\/p>\n<p>Al iniciar la conferencia, el secretario de Turismo de Goya, Sebasti\u00e1n Candia, dio la bienvenida a la delegaci\u00f3n de Paso de la Patria y destac\u00f3 la importancia de la promoci\u00f3n conjunta de los eventos pesqueros de la regi\u00f3n.<\/p>\n<p>\u201cDarles la bienvenida, agradecer primero por estar promocionando su fiesta en nuestra ciudad\u201d, manifest\u00f3 el funcionario municipal.<\/p>\n<p>El titular de Turismo remarc\u00f3 el valor simb\u00f3lico del lugar elegido para la presentaci\u00f3n: \u201cTenemos la gran fortuna de poder recibirlos en la casa de la Fiesta Nacional del Surub\u00ed como es este emblem\u00e1tico flotante. Abrimos el museo hace poquito, as\u00ed que es un placer y un honor poder recibirlos\u201d.<\/p>\n<p>En ese sentido, Candia destac\u00f3 el esp\u00edritu de colaboraci\u00f3n entre las distintas fiestas pesqueras del pa\u00eds. \u201cLa Fiesta del Surub\u00ed necesit\u00f3 muchas veces de agasajos de distintos puntos pesqueros del pa\u00eds y nuestra mejor manera de retribuir esa bondad que tuvo la fiesta en su momento es generar los mismos espacios para las dem\u00e1s fiestas\u201d, subray\u00f3.<\/p>\n<p>Asimismo, el funcionario resalt\u00f3 la importancia de acercar informaci\u00f3n al p\u00fablico amante de la pesca deportiva. \u201cTambi\u00e9n entendemos que la informaci\u00f3n es muy necesaria para el pescador local, al pescador hay que cuidarlo much\u00edsimo\u201d, indic\u00f3.<\/p>\n<p>\u201cAs\u00ed que bienvenidos, ojal\u00e1 tengan un concurso superexitoso y pueda ser beneficio de todos\u201d, agreg\u00f3.<\/p>\n<p>Candia tambi\u00e9n puso en valor el esfuerzo que implica organizar este tipo de eventos en el actual contexto econ\u00f3mico del pa\u00eds. \u201cFelicitaciones y tambi\u00e9n quiero felicitarlos porque aventurarse, organizar un concurso as\u00ed en un momento tan especial en nuestro pa\u00eds, donde la econom\u00eda aprieta, seguramente no son la excepci\u00f3n, que es solamente para valientes, as\u00ed que entendemos que el esfuerzo tiene que ser redoblado para poder llegar al \u00e9xito que quieren alcanzar\u201d, asever\u00f3.<\/p>\n<p>Finalmente, expres\u00f3 sus mejores deseos para la realizaci\u00f3n del torneo: \u201cMucha suerte y la mejor de las bendiciones para que puedan tener un maravilloso concurso\u201d.<\/p>\n<p>DANIEL GARC\u00cdA: \u201cLA PESCA CONVOCA A PESCADORES DE TODO EL PA\u00cdS Y TAMBI\u00c9N DEL EXTERIOR\u201d<\/p>\n<p>A su turno, el coordinador del Torneo Apertura de Pesca del Dorado, Daniel Garc\u00eda, brind\u00f3 detalles sobre la organizaci\u00f3n del evento y el trabajo que vienen realizando para recuperar este tradicional concurso.<\/p>\n<p>\u201cAgradecer al Secretario de Turismo Sebasti\u00e1n Candia, al presidente de la COMUPE Ra\u00fal Gonz\u00e1lez Vilas por el recibimiento\u201d, expres\u00f3 al comenzar su intervenci\u00f3n.<\/p>\n<p>\u201cLa verdad que para nosotros es un placer estar ac\u00e1 compartiendo con ustedes y agradecerles que nos hayan permitido difundir este torneo, que como dec\u00eda el secretario de turismo es importante para todos los correntinos tener distintos torneos en cada provincia y generar un turismo masivo porque la pesca convoca muchos pescadores, no solo de nuestro pa\u00eds sino tambi\u00e9n otros pa\u00edses lim\u00edtrofes como Uruguay, Paraguay, Brasil que siempre nos visitan en los concursos\u201d, a\u00f1adi\u00f3.<\/p>\n<p>El coordinador tambi\u00e9n valor\u00f3 el rol de los medios de comunicaci\u00f3n en la difusi\u00f3n de estos eventos. \u201cTambi\u00e9n agradecer a la prensa presente que son los medios en los cuales siempre nos ayudan a difundir los torneos, es fundamental llegar a todos los pescadores del pa\u00eds\u201d, subray\u00f3.<\/p>\n<p>En ese sentido, coment\u00f3 que recientemente recibieron la visita de medios especializados. \u201cHace poquito esta semana justamente ten\u00edamos dos medios especializados en pesca en nuestra localidad de Paso de la Patria haciendo toda una cobertura, un recorrido, una pesca importante para mostrar al pa\u00eds que es \u2018Pesca Visi\u00f3n\u2019 y \u2018Cr\u00f3nica Pesca\u2019, porque necesitamos mostrar al pa\u00eds lo que tenemos, el producto que tenemos y, por supuesto, hacer reflotar un torneo que, como dec\u00edan, hace dos a\u00f1os se dej\u00f3 de hacer y en esta nueva gesti\u00f3n nosotros creemos que es fundamental incluirlo en el calendario de Paso de la Patria, como siempre lo hemos tenido y que vuelva a tener el brillo que siempre ha tenido el torneo de apertura de pesca\u201d, expres\u00f3.<\/p>\n<p>DETALLES DEL TORNEO<\/p>\n<p>Sobre la competencia, Garc\u00eda explic\u00f3 los objetivos del evento. \u201cEste torneo tiene dos objetivos importantes, en primer lugar convocar el trampol\u00edn para la Fiesta Nacional del Dorado que es en el mes de agosto\u201d.<\/p>\n<p>\u201cPero por el otro lado tambi\u00e9n siempre lo hacemos en un fin de semana largo, por lo tanto convoca a mucho turismo de todo el pa\u00eds para que nos visiten en esos cuatro d\u00edas. Estamos ac\u00e1 para decirles que este torneo va a ser desde el 2 al 5 de abril\u201d, agreg\u00f3.<\/p>\n<p>El concurso propiamente dicho se realizar\u00e1 el s\u00e1bado 4 de abril, entre las 9 y las 14 horas, con una duraci\u00f3n total de cinco horas.<\/p>\n<p>\u201cPrecisamente el 4 de abril se va a iniciar el concurso a las 9 de la ma\u00f1ana hasta las 14 horas. Es decir que este torneo va a tener una duraci\u00f3n de 5 horas. Un torneo con pesca y devoluci\u00f3n y por supuesto con carnada libre\u201d, explic\u00f3.<\/p>\n<p>Sobre las modalidades permitidas, indic\u00f3: \u201cPuede ser con Morena, Anguila (carnada viva), tambi\u00e9n con se\u00f1uelo, baitcasting y mosca\u201d.<\/p>\n<p>\u201cEl torneo se va a realizar el d\u00eda s\u00e1bado y a la noche se va a hacer la cena premiaci\u00f3n de pescadores\u201d, a\u00f1adi\u00f3.<\/p>\n<p>IMPORTANTES PREMIOS<\/p>\n<p>En cuanto a los premios, el coordinador destac\u00f3 que el certamen contar\u00e1 con importantes incentivos para los participantes.<\/p>\n<p>\u201cEste torneo tiene importantes premios, por ser un torneo chico tenemos una lancha con un motor de 40 HP, muchos sorteos en motos, hay premios de 1 mill\u00f3n de pesos, premios de 500 mil pesos que son varios y que se van a sortear entre todos los pescadores\u201d, expres\u00f3.<\/p>\n<p>Adem\u00e1s, detall\u00f3: \u201cPor el otro lado tenemos para el primero al quinto, pieza mayor y del primero al quinto por equipo tenemos copas de cristal con todos los elementos de pesca que son ca\u00f1as, reeles, se\u00f1uelos y todos los otros premios que tambi\u00e9n va a otorgar la organizaci\u00f3n con lo que nos ofrecen las firmas comerciales que van a estar presentes\u201d.<\/p>\n<p>EXPO FERIAL Y ACTIVIDADES POR SEMANA SANTA<\/p>\n<p>Durante el evento tambi\u00e9n se desarrollar\u00e1 una propuesta cultural y tur\u00edstica para los visitantes.<\/p>\n<p>\u201cHablando de firmas comerciales, vamos a plantear tambi\u00e9n una expo ferial que va a ser en el anfiteatro \u201cPinin\u201d Palma, donde van a estar todas las firmas comerciales exhibiendo sus productos y tambi\u00e9n donde se van a hacer actividades recreativas, religiosas, porque tambi\u00e9n sabemos que es Semana Santa, son unos d\u00edas muy religiosos en los cuales van a haber actividades religiosas, como tambi\u00e9n van a haber actividades recreativas y festivales folkl\u00f3ricos a la noche\u201d, asever\u00f3 Garc\u00eda.<\/p>\n<p>INSCRIPCIONES Y BENEFICIOS<\/p>\n<p>Respecto al costo de inscripci\u00f3n, el coordinador detall\u00f3: \u201cEl precio de la inscripci\u00f3n hasta ayer 10 de marzo hab\u00edamos logrado una promoci\u00f3n que era de 350.000 pesos\u201d.<\/p>\n<p>\u201cA partir de hoy hasta el 30 de marzo va a ser de 400.000 pesos y a partir del 1 hasta el 4 de abril que va a ser el torneo, 450.000 pesos\u201d.<\/p>\n<p>\u201cLo pueden hacer con tarjeta de cr\u00e9dito hasta en seis pagos\u201d, agreg\u00f3.<\/p>\n<p>Asimismo, explic\u00f3 que el evento se organiza en conjunto con los distintos sectores tur\u00edsticos de Paso de la Patria. \u201cDecirles tambi\u00e9n que en este torneo estamos trabajando con todos los prestadores de servicios, ya sean los prestadores de servicio de pesca, como as\u00ed tambi\u00e9n la CAPRESSTUR, que ac\u00e1 tiene su representante Lanzoni\u201d.<\/p>\n<p>\u201cHemos conformado un instituto de turismo en el cual el presidente es el director de turismo de la municipalidad, pero estamos conformados con la CAPRESSTUR, la c\u00e1mara de comercio, los gu\u00edas de pesca, los artesanos, los emprendedores. Todos conformamos este instituto de turismo en la cual todos aportamos su granito de arena para que tanto los torneos de pesca de apertura y de agosto, como as\u00ed tambi\u00e9n el verano, trabajemos juntos con todos los sectores en Paso de la Patria\u201d, se\u00f1al\u00f3.<\/p>\n<p>DESCUENTOS Y BENEFICIOS PARA PARTICIPANTES<\/p>\n<p>Adem\u00e1s, Garc\u00eda anunci\u00f3 beneficios especiales para quienes visiten la villa tur\u00edstica durante el torneo.<\/p>\n<p>\u201cEl pescador y el visitante que vaya a Paso de la Patria y se aloje en la localidad va a tener un 30% de descuento en el alojamiento. Y aquellas familias que no concursen y quieran compartir ese fin de semana van a tener un 20% de descuento en todos los alojamientos del Paso\u201d, manifest\u00f3.<\/p>\n<p>\u201cY por el otro lado quiero decirles que para los ganadores del primer premio pieza mayor y por equipo tambi\u00e9n ya van a tener una inscripci\u00f3n totalmente gratis para la Fiesta Nacional del Dorado de agosto\u201d, agreg\u00f3.<\/p>\n<p>\u201cY para aquellos que concursan en el torneo de apertura, directamente van a tener un 20% para la inscripci\u00f3n en el torneo de agosto\u201d, subray\u00f3.<\/p>\n<p>Finalmente, el coordinador dej\u00f3 abierta la invitaci\u00f3n a pescadores y barras de toda la regi\u00f3n: \u201cAs\u00ed que quedan invitados todas las barras que quieran participar, ser\u00eda un gusto contar con todos los hermanos que nos visiten y que puedan participar con nosotros en el torneo de apertura. Muchas gracias\u201d, concluy\u00f3 Daniel Garc\u00eda.<\/p>\n<p>Tras la presentaci\u00f3n, los integrantes de la comitiva de Paso de la Patria que promocionaron el evento se prestaron a responder preguntas de los medios de comunicaci\u00f3n presentes. Al finalizar la actividad, el secretario de Turismo Sebasti\u00e1n Candia recibieron obsequios promocionales alusivos al Torneo Apertura de Pesca del Dorado de Paso de la Patria, en un gesto de reconocimiento y camarader\u00eda entre ambas comunidades pesqueras.<\/p>\n","protected":false},"excerpt":{"rendered":"<p>Goya fue Sede de la presentaci\u00f3n en la ma\u00f1ana de este mi\u00e9rcoles 11 de marzo, en el flotante de la Costanera de Goya, se llev\u00f3 a cabo la conferencia de prensa de presentaci\u00f3n y promoci\u00f3n de la 28\u00b0 Edici\u00f3n del Torneo Apertura de Pesca del Dorado, que se realizar\u00e1 del 2 al 5 de abril [&hellip;]<\/p>\n","protected":false},"author":4,"featured_media":209991,"comment_status":"open","ping_status":"open","sticky":false,"template":"","format":"standard","meta":{"_joinchat":[],"footnotes":""},"categories":[27],"tags":[],"class_list":{"0":"post-209990","1":"post","2":"type-post","3":"status-publish","4":"format-standard","5":"has-post-thumbnail","7":"category-locales"},"yoast_head":"<!-- This site is optimized with the Yoast SEO plugin v27.2 - https:\/\/yoast.com\/product\/yoast-seo-wordpress\/ -->\n<title>28\u00b0 Torneo Apertura de Pesca del Dorado de Paso de la Patria - Radio Infinita Goya<\/title>\n<meta name=\"description\" content=\"Goya fue Sede de la presentaci\u00f3n en la ma\u00f1ana de este mi\u00e9rcoles 11 de marzo, en el flotante de la Costanera de Goya, se llev\u00f3 a cabo la conferencia de\" \/>\n<meta name=\"robots\" content=\"index, follow, max-snippet:-1, max-image-preview:large, max-video-preview:-1\" \/>\n<link rel=\"canonical\" href=\"https:\/\/radioinfinitagoya.com.ar\/v1\/2026\/03\/11\/28-torneo-apertura-de-pesca-del-dorado-de-paso-de-la-patria\/\" \/>\n<meta property=\"og:locale\" content=\"es_ES\" \/>\n<meta property=\"og:type\" content=\"article\" \/>\n<meta property=\"og:title\" content=\"28\u00b0 Torneo Apertura de Pesca del Dorado de Paso de la Patria - Radio Infinita Goya\" \/>\n<meta property=\"og:description\" content=\"Goya fue Sede de la presentaci\u00f3n en la ma\u00f1ana de este mi\u00e9rcoles 11 de marzo, en el flotante de la Costanera de Goya, se llev\u00f3 a cabo la conferencia de\" \/>\n<meta property=\"og:url\" content=\"https:\/\/radioinfinitagoya.com.ar\/v1\/2026\/03\/11\/28-torneo-apertura-de-pesca-del-dorado-de-paso-de-la-patria\/\" \/>\n<meta property=\"og:site_name\" content=\"Radio Infinita Goya\" \/>\n<meta property=\"article:publisher\" content=\"https:\/\/www.facebook.com\/p\/Infinita-Goya-100063870918311\/\" \/>\n<meta property=\"article:published_time\" content=\"2026-03-11T19:14:15+00:00\" \/>\n<meta property=\"og:image\" content=\"https:\/\/radioinfinitagoya.com.ar\/v1\/wp-content\/uploads\/2026\/03\/whatsapp_image_2026-03-11_at_18.47.27.jpg\" \/>\n\t<meta property=\"og:image:width\" content=\"848\" \/>\n\t<meta property=\"og:image:height\" content=\"477\" \/>\n\t<meta property=\"og:image:type\" content=\"image\/jpeg\" \/>\n<meta name=\"author\" content=\"Jorge Mi\u00f1o\" \/>\n<meta name=\"twitter:card\" content=\"summary_large_image\" \/>\n<meta name=\"twitter:label1\" content=\"Escrito por\" \/>\n\t<meta name=\"twitter:data1\" content=\"Jorge Mi\u00f1o\" \/>\n\t<meta name=\"twitter:label2\" content=\"Tiempo de lectura\" \/>\n\t<meta name=\"twitter:data2\" content=\"8 minutos\" \/>\n<script type=\"application\/ld+json\" class=\"yoast-schema-graph\">{\"@context\":\"https:\/\/schema.org\",\"@graph\":[{\"@type\":\"Article\",\"@id\":\"https:\/\/radioinfinitagoya.com.ar\/v1\/2026\/03\/11\/28-torneo-apertura-de-pesca-del-dorado-de-paso-de-la-patria\/#article\",\"isPartOf\":{\"@id\":\"https:\/\/radioinfinitagoya.com.ar\/v1\/2026\/03\/11\/28-torneo-apertura-de-pesca-del-dorado-de-paso-de-la-patria\/\"},\"author\":{\"name\":\"Jorge Mi\u00f1o\",\"@id\":\"https:\/\/radioinfinitagoya.com.ar\/v1\/#\/schema\/person\/d4cf9c413d4f6edb24aabdccab49ca4a\"},\"headline\":\"28\u00b0 Torneo Apertura de Pesca del Dorado de Paso de la Patria\",\"datePublished\":\"2026-03-11T19:14:15+00:00\",\"mainEntityOfPage\":{\"@id\":\"https:\/\/radioinfinitagoya.com.ar\/v1\/2026\/03\/11\/28-torneo-apertura-de-pesca-del-dorado-de-paso-de-la-patria\/\"},\"wordCount\":1787,\"commentCount\":0,\"publisher\":{\"@id\":\"https:\/\/radioinfinitagoya.com.ar\/v1\/#organization\"},\"image\":{\"@id\":\"https:\/\/radioinfinitagoya.com.ar\/v1\/2026\/03\/11\/28-torneo-apertura-de-pesca-del-dorado-de-paso-de-la-patria\/#primaryimage\"},\"thumbnailUrl\":\"https:\/\/radioinfinitagoya.com.ar\/v1\/wp-content\/uploads\/2026\/03\/whatsapp_image_2026-03-11_at_18.47.27.jpg\",\"articleSection\":[\"LOCALES\"],\"inLanguage\":\"es-AR\",\"potentialAction\":[{\"@type\":\"CommentAction\",\"name\":\"Comment\",\"target\":[\"https:\/\/radioinfinitagoya.com.ar\/v1\/2026\/03\/11\/28-torneo-apertura-de-pesca-del-dorado-de-paso-de-la-patria\/#respond\"]}]},{\"@type\":\"WebPage\",\"@id\":\"https:\/\/radioinfinitagoya.com.ar\/v1\/2026\/03\/11\/28-torneo-apertura-de-pesca-del-dorado-de-paso-de-la-patria\/\",\"url\":\"https:\/\/radioinfinitagoya.com.ar\/v1\/2026\/03\/11\/28-torneo-apertura-de-pesca-del-dorado-de-paso-de-la-patria\/\",\"name\":\"28\u00b0 Torneo Apertura de Pesca del Dorado de Paso de la Patria - Radio Infinita Goya\",\"isPartOf\":{\"@id\":\"https:\/\/radioinfinitagoya.com.ar\/v1\/#website\"},\"primaryImageOfPage\":{\"@id\":\"https:\/\/radioinfinitagoya.com.ar\/v1\/2026\/03\/11\/28-torneo-apertura-de-pesca-del-dorado-de-paso-de-la-patria\/#primaryimage\"},\"image\":{\"@id\":\"https:\/\/radioinfinitagoya.com.ar\/v1\/2026\/03\/11\/28-torneo-apertura-de-pesca-del-dorado-de-paso-de-la-patria\/#primaryimage\"},\"thumbnailUrl\":\"https:\/\/radioinfinitagoya.com.ar\/v1\/wp-content\/uploads\/2026\/03\/whatsapp_image_2026-03-11_at_18.47.27.jpg\",\"datePublished\":\"2026-03-11T19:14:15+00:00\",\"description\":\"Goya fue Sede de la presentaci\u00f3n en la ma\u00f1ana de este mi\u00e9rcoles 11 de marzo, en el flotante de la Costanera de Goya, se llev\u00f3 a cabo la conferencia de\",\"breadcrumb\":{\"@id\":\"https:\/\/radioinfinitagoya.com.ar\/v1\/2026\/03\/11\/28-torneo-apertura-de-pesca-del-dorado-de-paso-de-la-patria\/#breadcrumb\"},\"inLanguage\":\"es-AR\",\"potentialAction\":[{\"@type\":\"ReadAction\",\"target\":[\"https:\/\/radioinfinitagoya.com.ar\/v1\/2026\/03\/11\/28-torneo-apertura-de-pesca-del-dorado-de-paso-de-la-patria\/\"]}]},{\"@type\":\"ImageObject\",\"inLanguage\":\"es-AR\",\"@id\":\"https:\/\/radioinfinitagoya.com.ar\/v1\/2026\/03\/11\/28-torneo-apertura-de-pesca-del-dorado-de-paso-de-la-patria\/#primaryimage\",\"url\":\"https:\/\/radioinfinitagoya.com.ar\/v1\/wp-content\/uploads\/2026\/03\/whatsapp_image_2026-03-11_at_18.47.27.jpg\",\"contentUrl\":\"https:\/\/radioinfinitagoya.com.ar\/v1\/wp-content\/uploads\/2026\/03\/whatsapp_image_2026-03-11_at_18.47.27.jpg\",\"width\":848,\"height\":477},{\"@type\":\"BreadcrumbList\",\"@id\":\"https:\/\/radioinfinitagoya.com.ar\/v1\/2026\/03\/11\/28-torneo-apertura-de-pesca-del-dorado-de-paso-de-la-patria\/#breadcrumb\",\"itemListElement\":[{\"@type\":\"ListItem\",\"position\":1,\"name\":\"Inicio\",\"item\":\"https:\/\/radioinfinitagoya.com.ar\/v1\/\"},{\"@type\":\"ListItem\",\"position\":2,\"name\":\"28\u00b0 Torneo Apertura de Pesca del Dorado de Paso de la Patria\"}]},{\"@type\":\"WebSite\",\"@id\":\"https:\/\/radioinfinitagoya.com.ar\/v1\/#website\",\"url\":\"https:\/\/radioinfinitagoya.com.ar\/v1\/\",\"name\":\"radioinfinitagoya.com.ar\",\"description\":\"Radio de noticias\",\"publisher\":{\"@id\":\"https:\/\/radioinfinitagoya.com.ar\/v1\/#organization\"},\"potentialAction\":[{\"@type\":\"SearchAction\",\"target\":{\"@type\":\"EntryPoint\",\"urlTemplate\":\"https:\/\/radioinfinitagoya.com.ar\/v1\/?s={search_term_string}\"},\"query-input\":{\"@type\":\"PropertyValueSpecification\",\"valueRequired\":true,\"valueName\":\"search_term_string\"}}],\"inLanguage\":\"es-AR\"},{\"@type\":\"Organization\",\"@id\":\"https:\/\/radioinfinitagoya.com.ar\/v1\/#organization\",\"name\":\"Radio Infinita Goya\",\"url\":\"https:\/\/radioinfinitagoya.com.ar\/v1\/\",\"logo\":{\"@type\":\"ImageObject\",\"inLanguage\":\"es-AR\",\"@id\":\"https:\/\/radioinfinitagoya.com.ar\/v1\/#\/schema\/logo\/image\/\",\"url\":\"https:\/\/radioinfinitagoya.com.ar\/v1\/wp-content\/uploads\/2019\/11\/logo-pie-web.png\",\"contentUrl\":\"https:\/\/radioinfinitagoya.com.ar\/v1\/wp-content\/uploads\/2019\/11\/logo-pie-web.png\",\"width\":635,\"height\":326,\"caption\":\"Radio Infinita Goya\"},\"image\":{\"@id\":\"https:\/\/radioinfinitagoya.com.ar\/v1\/#\/schema\/logo\/image\/\"},\"sameAs\":[\"https:\/\/www.facebook.com\/p\/Infinita-Goya-100063870918311\/\"]},{\"@type\":\"Person\",\"@id\":\"https:\/\/radioinfinitagoya.com.ar\/v1\/#\/schema\/person\/d4cf9c413d4f6edb24aabdccab49ca4a\",\"name\":\"Jorge Mi\u00f1o\",\"image\":{\"@type\":\"ImageObject\",\"inLanguage\":\"es-AR\",\"@id\":\"https:\/\/secure.gravatar.com\/avatar\/910fcf6728fe95320e07a6643c1581fec1c7fc4bf8ae12e3d8f0d0373dc844be?s=96&d=mm&r=g\",\"url\":\"https:\/\/secure.gravatar.com\/avatar\/910fcf6728fe95320e07a6643c1581fec1c7fc4bf8ae12e3d8f0d0373dc844be?s=96&d=mm&r=g\",\"contentUrl\":\"https:\/\/secure.gravatar.com\/avatar\/910fcf6728fe95320e07a6643c1581fec1c7fc4bf8ae12e3d8f0d0373dc844be?s=96&d=mm&r=g\",\"caption\":\"Jorge Mi\u00f1o\"},\"sameAs\":[\"http:\/\/radioinfinitagoya.com.ar\"]}]}<\/script>\n<!-- \/ Yoast SEO plugin. -->","yoast_head_json":{"title":"28\u00b0 Torneo Apertura de Pesca del Dorado de Paso de la Patria - Radio Infinita Goya","description":"Goya fue Sede de la presentaci\u00f3n en la ma\u00f1ana de este mi\u00e9rcoles 11 de marzo, en el flotante de la Costanera de Goya, se llev\u00f3 a cabo la conferencia de","robots":{"index":"index","follow":"follow","max-snippet":"max-snippet:-1","max-image-preview":"max-image-preview:large","max-video-preview":"max-video-preview:-1"},"canonical":"https:\/\/radioinfinitagoya.com.ar\/v1\/2026\/03\/11\/28-torneo-apertura-de-pesca-del-dorado-de-paso-de-la-patria\/","og_locale":"es_ES","og_type":"article","og_title":"28\u00b0 Torneo Apertura de Pesca del Dorado de Paso de la Patria - Radio Infinita Goya","og_description":"Goya fue Sede de la presentaci\u00f3n en la ma\u00f1ana de este mi\u00e9rcoles 11 de marzo, en el flotante de la Costanera de Goya, se llev\u00f3 a cabo la conferencia de","og_url":"https:\/\/radioinfinitagoya.com.ar\/v1\/2026\/03\/11\/28-torneo-apertura-de-pesca-del-dorado-de-paso-de-la-patria\/","og_site_name":"Radio Infinita Goya","article_publisher":"https:\/\/www.facebook.com\/p\/Infinita-Goya-100063870918311\/","article_published_time":"2026-03-11T19:14:15+00:00","og_image":[{"width":848,"height":477,"url":"https:\/\/radioinfinitagoya.com.ar\/v1\/wp-content\/uploads\/2026\/03\/whatsapp_image_2026-03-11_at_18.47.27.jpg","type":"image\/jpeg"}],"author":"Jorge Mi\u00f1o","twitter_card":"summary_large_image","twitter_misc":{"Escrito por":"Jorge Mi\u00f1o","Tiempo de lectura":"8 minutos"},"schema":{"@context":"https:\/\/schema.org","@graph":[{"@type":"Article","@id":"https:\/\/radioinfinitagoya.com.ar\/v1\/2026\/03\/11\/28-torneo-apertura-de-pesca-del-dorado-de-paso-de-la-patria\/#article","isPartOf":{"@id":"https:\/\/radioinfinitagoya.com.ar\/v1\/2026\/03\/11\/28-torneo-apertura-de-pesca-del-dorado-de-paso-de-la-patria\/"},"author":{"name":"Jorge Mi\u00f1o","@id":"https:\/\/radioinfinitagoya.com.ar\/v1\/#\/schema\/person\/d4cf9c413d4f6edb24aabdccab49ca4a"},"headline":"28\u00b0 Torneo Apertura de Pesca del Dorado de Paso de la Patria","datePublished":"2026-03-11T19:14:15+00:00","mainEntityOfPage":{"@id":"https:\/\/radioinfinitagoya.com.ar\/v1\/2026\/03\/11\/28-torneo-apertura-de-pesca-del-dorado-de-paso-de-la-patria\/"},"wordCount":1787,"commentCount":0,"publisher":{"@id":"https:\/\/radioinfinitagoya.com.ar\/v1\/#organization"},"image":{"@id":"https:\/\/radioinfinitagoya.com.ar\/v1\/2026\/03\/11\/28-torneo-apertura-de-pesca-del-dorado-de-paso-de-la-patria\/#primaryimage"},"thumbnailUrl":"https:\/\/radioinfinitagoya.com.ar\/v1\/wp-content\/uploads\/2026\/03\/whatsapp_image_2026-03-11_at_18.47.27.jpg","articleSection":["LOCALES"],"inLanguage":"es-AR","potentialAction":[{"@type":"CommentAction","name":"Comment","target":["https:\/\/radioinfinitagoya.com.ar\/v1\/2026\/03\/11\/28-torneo-apertura-de-pesca-del-dorado-de-paso-de-la-patria\/#respond"]}]},{"@type":"WebPage","@id":"https:\/\/radioinfinitagoya.com.ar\/v1\/2026\/03\/11\/28-torneo-apertura-de-pesca-del-dorado-de-paso-de-la-patria\/","url":"https:\/\/radioinfinitagoya.com.ar\/v1\/2026\/03\/11\/28-torneo-apertura-de-pesca-del-dorado-de-paso-de-la-patria\/","name":"28\u00b0 Torneo Apertura de Pesca del Dorado de Paso de la Patria - Radio Infinita Goya","isPartOf":{"@id":"https:\/\/radioinfinitagoya.com.ar\/v1\/#website"},"primaryImageOfPage":{"@id":"https:\/\/radioinfinitagoya.com.ar\/v1\/2026\/03\/11\/28-torneo-apertura-de-pesca-del-dorado-de-paso-de-la-patria\/#primaryimage"},"image":{"@id":"https:\/\/radioinfinitagoya.com.ar\/v1\/2026\/03\/11\/28-torneo-apertura-de-pesca-del-dorado-de-paso-de-la-patria\/#primaryimage"},"thumbnailUrl":"https:\/\/radioinfinitagoya.com.ar\/v1\/wp-content\/uploads\/2026\/03\/whatsapp_image_2026-03-11_at_18.47.27.jpg","datePublished":"2026-03-11T19:14:15+00:00","description":"Goya fue Sede de la presentaci\u00f3n en la ma\u00f1ana de este mi\u00e9rcoles 11 de marzo, en el flotante de la Costanera de Goya, se llev\u00f3 a cabo la conferencia de","breadcrumb":{"@id":"https:\/\/radioinfinitagoya.com.ar\/v1\/2026\/03\/11\/28-torneo-apertura-de-pesca-del-dorado-de-paso-de-la-patria\/#breadcrumb"},"inLanguage":"es-AR","potentialAction":[{"@type":"ReadAction","target":["https:\/\/radioinfinitagoya.com.ar\/v1\/2026\/03\/11\/28-torneo-apertura-de-pesca-del-dorado-de-paso-de-la-patria\/"]}]},{"@type":"ImageObject","inLanguage":"es-AR","@id":"https:\/\/radioinfinitagoya.com.ar\/v1\/2026\/03\/11\/28-torneo-apertura-de-pesca-del-dorado-de-paso-de-la-patria\/#primaryimage","url":"https:\/\/radioinfinitagoya.com.ar\/v1\/wp-content\/uploads\/2026\/03\/whatsapp_image_2026-03-11_at_18.47.27.jpg","contentUrl":"https:\/\/radioinfinitagoya.com.ar\/v1\/wp-content\/uploads\/2026\/03\/whatsapp_image_2026-03-11_at_18.47.27.jpg","width":848,"height":477},{"@type":"BreadcrumbList","@id":"https:\/\/radioinfinitagoya.com.ar\/v1\/2026\/03\/11\/28-torneo-apertura-de-pesca-del-dorado-de-paso-de-la-patria\/#breadcrumb","itemListElement":[{"@type":"ListItem","position":1,"name":"Inicio","item":"https:\/\/radioinfinitagoya.com.ar\/v1\/"},{"@type":"ListItem","position":2,"name":"28\u00b0 Torneo Apertura de Pesca del Dorado de Paso de la Patria"}]},{"@type":"WebSite","@id":"https:\/\/radioinfinitagoya.com.ar\/v1\/#website","url":"https:\/\/radioinfinitagoya.com.ar\/v1\/","name":"radioinfinitagoya.com.ar","description":"Radio de noticias","publisher":{"@id":"https:\/\/radioinfinitagoya.com.ar\/v1\/#organization"},"potentialAction":[{"@type":"SearchAction","target":{"@type":"EntryPoint","urlTemplate":"https:\/\/radioinfinitagoya.com.ar\/v1\/?s={search_term_string}"},"query-input":{"@type":"PropertyValueSpecification","valueRequired":true,"valueName":"search_term_string"}}],"inLanguage":"es-AR"},{"@type":"Organization","@id":"https:\/\/radioinfinitagoya.com.ar\/v1\/#organization","name":"Radio Infinita Goya","url":"https:\/\/radioinfinitagoya.com.ar\/v1\/","logo":{"@type":"ImageObject","inLanguage":"es-AR","@id":"https:\/\/radioinfinitagoya.com.ar\/v1\/#\/schema\/logo\/image\/","url":"https:\/\/radioinfinitagoya.com.ar\/v1\/wp-content\/uploads\/2019\/11\/logo-pie-web.png","contentUrl":"https:\/\/radioinfinitagoya.com.ar\/v1\/wp-content\/uploads\/2019\/11\/logo-pie-web.png","width":635,"height":326,"caption":"Radio Infinita Goya"},"image":{"@id":"https:\/\/radioinfinitagoya.com.ar\/v1\/#\/schema\/logo\/image\/"},"sameAs":["https:\/\/www.facebook.com\/p\/Infinita-Goya-100063870918311\/"]},{"@type":"Person","@id":"https:\/\/radioinfinitagoya.com.ar\/v1\/#\/schema\/person\/d4cf9c413d4f6edb24aabdccab49ca4a","name":"Jorge Mi\u00f1o","image":{"@type":"ImageObject","inLanguage":"es-AR","@id":"https:\/\/secure.gravatar.com\/avatar\/910fcf6728fe95320e07a6643c1581fec1c7fc4bf8ae12e3d8f0d0373dc844be?s=96&d=mm&r=g","url":"https:\/\/secure.gravatar.com\/avatar\/910fcf6728fe95320e07a6643c1581fec1c7fc4bf8ae12e3d8f0d0373dc844be?s=96&d=mm&r=g","contentUrl":"https:\/\/secure.gravatar.com\/avatar\/910fcf6728fe95320e07a6643c1581fec1c7fc4bf8ae12e3d8f0d0373dc844be?s=96&d=mm&r=g","caption":"Jorge Mi\u00f1o"},"sameAs":["http:\/\/radioinfinitagoya.com.ar"]}]}},"_links":{"self":[{"href":"https:\/\/radioinfinitagoya.com.ar\/v1\/wp-json\/wp\/v2\/posts\/209990","targetHints":{"allow":["GET"]}}],"collection":[{"href":"https:\/\/radioinfinitagoya.com.ar\/v1\/wp-json\/wp\/v2\/posts"}],"about":[{"href":"https:\/\/radioinfinitagoya.com.ar\/v1\/wp-json\/wp\/v2\/types\/post"}],"author":[{"embeddable":true,"href":"https:\/\/radioinfinitagoya.com.ar\/v1\/wp-json\/wp\/v2\/users\/4"}],"replies":[{"embeddable":true,"href":"https:\/\/radioinfinitagoya.com.ar\/v1\/wp-json\/wp\/v2\/comments?post=209990"}],"version-history":[{"count":0,"href":"https:\/\/radioinfinitagoya.com.ar\/v1\/wp-json\/wp\/v2\/posts\/209990\/revisions"}],"wp:featuredmedia":[{"embeddable":true,"href":"https:\/\/radioinfinitagoya.com.ar\/v1\/wp-json\/wp\/v2\/media\/209991"}],"wp:attachment":[{"href":"https:\/\/radioinfinitagoya.com.ar\/v1\/wp-json\/wp\/v2\/media?parent=209990"}],"wp:term":[{"taxonomy":"category","embeddable":true,"href":"https:\/\/radioinfinitagoya.com.ar\/v1\/wp-json\/wp\/v2\/categories?post=209990"},{"taxonomy":"post_tag","embeddable":true,"href":"https:\/\/radioinfinitagoya.com.ar\/v1\/wp-json\/wp\/v2\/tags?post=209990"}],"curies":[{"name":"wp","href":"https:\/\/api.w.org\/{rel}","templated":true}]}}