{"id":209996,"date":"2026-03-11T16:20:19","date_gmt":"2026-03-11T19:20:19","guid":{"rendered":"https:\/\/radioinfinitagoya.com.ar\/v1\/?p=209996"},"modified":"2026-03-11T16:20:19","modified_gmt":"2026-03-11T19:20:19","slug":"pidieron-un-quinto-juez-para-el-juicio-por-loan","status":"publish","type":"post","link":"https:\/\/radioinfinitagoya.com.ar\/v1\/2026\/03\/11\/pidieron-un-quinto-juez-para-el-juicio-por-loan\/","title":{"rendered":"Pidieron un quinto juez para el juicio por Loan"},"content":{"rendered":"<p>El fiscal de la causa explic\u00f3 que la medida se adopt\u00f3 tras conocerse que uno de los magistrados inici\u00f3 su tr\u00e1mite jubilatorio.<\/p>\n<p>El Tribunal Oral Federal que llevar\u00e1 adelante el juicio por la desaparici\u00f3n de Loan Pe\u00f1a contar\u00e1 con un quinto juez. Se pidi\u00f3 su designaci\u00f3n tras conocerse que uno de los magistrados, Ferm\u00edn Amado Ceroleni, inici\u00f3 el tr\u00e1mite jubilatorio. As\u00ed lo adelant\u00f3 el fiscal de distrito Corrientes, Carlos Schaefer<\/p>\n<p>Quinto juez<br \/>\n\u201cAnte la situaci\u00f3n, ya se pidi\u00f3 un quinto juez para que pueda reemplazar si es necesario\u201d, explic\u00f3 Schaefer. Actualmente, el tribunal est\u00e1 conformado por tres magistrados m\u00e1s un suplente.<\/p>\n<p>Esta aclaraci\u00f3n, tira por tierra entonces la versi\u00f3n que se\u00f1al\u00f3 este mi\u00e9rcoles que Ceroleni, presidente del tribunal, ya se hab\u00eda jubilado. Para que eso ocurra, debe haber una renuncia tramitada ante el Ministerio de Justicia de la Naci\u00f3n y dicha dimisi\u00f3n debe ser aceptada por la Presidencia.<\/p>\n<p>Ello, sumado a que se debe publicar en el Bolet\u00edn Oficial de la Naci\u00f3n.<\/p>\n<p>Nada de eso ocurri\u00f3 hasta el momento.<\/p>\n<p>Salvo Ceroleni, los dem\u00e1s magistrados en la causa por la desaparici\u00f3n de Loan provienen de otras provincias, lo que dificulta coordinar el cronograma de audiencias.<\/p>\n<p>Se trata de Eduardo Belforte de Formosa, Sim\u00f3n Pedro Bracco, de General Roca -R\u00efo Negro- y Enrique Bosch, de Chaco.<\/p>\n<p>Causa de car\u00e1cter permanente<br \/>\nSchaefer remarc\u00f3 que la causa es de caracter permanente, dado que el ni\u00f1o contin\u00faa desaparecido. Por eso, la fijaci\u00f3n de la fecha del juicio oral es prioritaria: \u201cEl tribunal tom\u00f3 consciencia de la gravedad del caso y est\u00e1 evaluando adelantar la fecha\u201d.<\/p>\n<p>El fiscal tambi\u00e9n detall\u00f3 que se perfilan 161 testigos, lo que demandar\u00e1 m\u00faltiples jornadas de audiencias. A su vez, destac\u00f3 que la exposici\u00f3n medi\u00e1tica contribuye a que la causa avance y que durante el juicio podr\u00edan surgir nuevas l\u00edneas de investigaci\u00f3n.<\/p>\n<p>Respecto a la familia de Loan, Schaefer se\u00f1al\u00f3 que se les brinda acompa\u00f1amiento institucional ante denuncias de hostigamiento: \u201cNo est\u00e1n imputados, son querellantes y tambi\u00e9n v\u00edctimas de este hecho\u201d, concluy\u00f3.<\/p>\n<p>&nbsp;<\/p>\n","protected":false},"excerpt":{"rendered":"<p>El fiscal de la causa explic\u00f3 que la medida se adopt\u00f3 tras conocerse que uno de los magistrados inici\u00f3 su tr\u00e1mite jubilatorio. El Tribunal Oral Federal que llevar\u00e1 adelante el juicio por la desaparici\u00f3n de Loan Pe\u00f1a contar\u00e1 con un quinto juez. Se pidi\u00f3 su designaci\u00f3n tras conocerse que uno de los magistrados, Ferm\u00edn Amado [&hellip;]<\/p>\n","protected":false},"author":4,"featured_media":209997,"comment_status":"open","ping_status":"open","sticky":false,"template":"","format":"standard","meta":{"_joinchat":[],"footnotes":""},"categories":[26],"tags":[],"class_list":{"0":"post-209996","1":"post","2":"type-post","3":"status-publish","4":"format-standard","5":"has-post-thumbnail","7":"category-provinciales"},"yoast_head":"<!-- This site is optimized with the Yoast SEO plugin v27.2 - https:\/\/yoast.com\/product\/yoast-seo-wordpress\/ -->\n<title>Pidieron un quinto juez para el juicio por Loan - Radio Infinita Goya<\/title>\n<meta name=\"description\" content=\"El fiscal de la causa explic\u00f3 que la medida se adopt\u00f3 tras conocerse que uno de los magistrados inici\u00f3 su tr\u00e1mite jubilatorio. El Tribunal Oral Federal\" \/>\n<meta name=\"robots\" content=\"index, follow, max-snippet:-1, max-image-preview:large, max-video-preview:-1\" \/>\n<link rel=\"canonical\" href=\"https:\/\/radioinfinitagoya.com.ar\/v1\/2026\/03\/11\/pidieron-un-quinto-juez-para-el-juicio-por-loan\/\" \/>\n<meta property=\"og:locale\" content=\"es_ES\" \/>\n<meta property=\"og:type\" content=\"article\" \/>\n<meta property=\"og:title\" content=\"Pidieron un quinto juez para el juicio por Loan - Radio Infinita Goya\" \/>\n<meta property=\"og:description\" content=\"El fiscal de la causa explic\u00f3 que la medida se adopt\u00f3 tras conocerse que uno de los magistrados inici\u00f3 su tr\u00e1mite jubilatorio. El Tribunal Oral Federal\" \/>\n<meta property=\"og:url\" content=\"https:\/\/radioinfinitagoya.com.ar\/v1\/2026\/03\/11\/pidieron-un-quinto-juez-para-el-juicio-por-loan\/\" \/>\n<meta property=\"og:site_name\" content=\"Radio Infinita Goya\" \/>\n<meta property=\"article:publisher\" content=\"https:\/\/www.facebook.com\/p\/Infinita-Goya-100063870918311\/\" \/>\n<meta property=\"article:published_time\" content=\"2026-03-11T19:20:19+00:00\" \/>\n<meta property=\"og:image\" content=\"https:\/\/radioinfinitagoya.com.ar\/v1\/wp-content\/uploads\/2026\/03\/1773238487682.webp\" \/>\n\t<meta property=\"og:image:width\" content=\"1200\" \/>\n\t<meta property=\"og:image:height\" content=\"675\" \/>\n\t<meta property=\"og:image:type\" content=\"image\/webp\" \/>\n<meta name=\"author\" content=\"Jorge Mi\u00f1o\" \/>\n<meta name=\"twitter:card\" content=\"summary_large_image\" \/>\n<meta name=\"twitter:label1\" content=\"Escrito por\" \/>\n\t<meta name=\"twitter:data1\" content=\"Jorge Mi\u00f1o\" \/>\n\t<meta name=\"twitter:label2\" content=\"Tiempo de lectura\" \/>\n\t<meta name=\"twitter:data2\" content=\"2 minutos\" \/>\n<script type=\"application\/ld+json\" class=\"yoast-schema-graph\">{\"@context\":\"https:\/\/schema.org\",\"@graph\":[{\"@type\":\"Article\",\"@id\":\"https:\/\/radioinfinitagoya.com.ar\/v1\/2026\/03\/11\/pidieron-un-quinto-juez-para-el-juicio-por-loan\/#article\",\"isPartOf\":{\"@id\":\"https:\/\/radioinfinitagoya.com.ar\/v1\/2026\/03\/11\/pidieron-un-quinto-juez-para-el-juicio-por-loan\/\"},\"author\":{\"name\":\"Jorge Mi\u00f1o\",\"@id\":\"https:\/\/radioinfinitagoya.com.ar\/v1\/#\/schema\/person\/d4cf9c413d4f6edb24aabdccab49ca4a\"},\"headline\":\"Pidieron un quinto juez para el juicio por Loan\",\"datePublished\":\"2026-03-11T19:20:19+00:00\",\"mainEntityOfPage\":{\"@id\":\"https:\/\/radioinfinitagoya.com.ar\/v1\/2026\/03\/11\/pidieron-un-quinto-juez-para-el-juicio-por-loan\/\"},\"wordCount\":377,\"commentCount\":0,\"publisher\":{\"@id\":\"https:\/\/radioinfinitagoya.com.ar\/v1\/#organization\"},\"image\":{\"@id\":\"https:\/\/radioinfinitagoya.com.ar\/v1\/2026\/03\/11\/pidieron-un-quinto-juez-para-el-juicio-por-loan\/#primaryimage\"},\"thumbnailUrl\":\"https:\/\/radioinfinitagoya.com.ar\/v1\/wp-content\/uploads\/2026\/03\/1773238487682.webp\",\"articleSection\":[\"PROVINCIALES\"],\"inLanguage\":\"es-AR\",\"potentialAction\":[{\"@type\":\"CommentAction\",\"name\":\"Comment\",\"target\":[\"https:\/\/radioinfinitagoya.com.ar\/v1\/2026\/03\/11\/pidieron-un-quinto-juez-para-el-juicio-por-loan\/#respond\"]}]},{\"@type\":\"WebPage\",\"@id\":\"https:\/\/radioinfinitagoya.com.ar\/v1\/2026\/03\/11\/pidieron-un-quinto-juez-para-el-juicio-por-loan\/\",\"url\":\"https:\/\/radioinfinitagoya.com.ar\/v1\/2026\/03\/11\/pidieron-un-quinto-juez-para-el-juicio-por-loan\/\",\"name\":\"Pidieron un quinto juez para el juicio por Loan - Radio Infinita Goya\",\"isPartOf\":{\"@id\":\"https:\/\/radioinfinitagoya.com.ar\/v1\/#website\"},\"primaryImageOfPage\":{\"@id\":\"https:\/\/radioinfinitagoya.com.ar\/v1\/2026\/03\/11\/pidieron-un-quinto-juez-para-el-juicio-por-loan\/#primaryimage\"},\"image\":{\"@id\":\"https:\/\/radioinfinitagoya.com.ar\/v1\/2026\/03\/11\/pidieron-un-quinto-juez-para-el-juicio-por-loan\/#primaryimage\"},\"thumbnailUrl\":\"https:\/\/radioinfinitagoya.com.ar\/v1\/wp-content\/uploads\/2026\/03\/1773238487682.webp\",\"datePublished\":\"2026-03-11T19:20:19+00:00\",\"description\":\"El fiscal de la causa explic\u00f3 que la medida se adopt\u00f3 tras conocerse que uno de los magistrados inici\u00f3 su tr\u00e1mite jubilatorio. El Tribunal Oral Federal\",\"breadcrumb\":{\"@id\":\"https:\/\/radioinfinitagoya.com.ar\/v1\/2026\/03\/11\/pidieron-un-quinto-juez-para-el-juicio-por-loan\/#breadcrumb\"},\"inLanguage\":\"es-AR\",\"potentialAction\":[{\"@type\":\"ReadAction\",\"target\":[\"https:\/\/radioinfinitagoya.com.ar\/v1\/2026\/03\/11\/pidieron-un-quinto-juez-para-el-juicio-por-loan\/\"]}]},{\"@type\":\"ImageObject\",\"inLanguage\":\"es-AR\",\"@id\":\"https:\/\/radioinfinitagoya.com.ar\/v1\/2026\/03\/11\/pidieron-un-quinto-juez-para-el-juicio-por-loan\/#primaryimage\",\"url\":\"https:\/\/radioinfinitagoya.com.ar\/v1\/wp-content\/uploads\/2026\/03\/1773238487682.webp\",\"contentUrl\":\"https:\/\/radioinfinitagoya.com.ar\/v1\/wp-content\/uploads\/2026\/03\/1773238487682.webp\",\"width\":1200,\"height\":675},{\"@type\":\"BreadcrumbList\",\"@id\":\"https:\/\/radioinfinitagoya.com.ar\/v1\/2026\/03\/11\/pidieron-un-quinto-juez-para-el-juicio-por-loan\/#breadcrumb\",\"itemListElement\":[{\"@type\":\"ListItem\",\"position\":1,\"name\":\"Inicio\",\"item\":\"https:\/\/radioinfinitagoya.com.ar\/v1\/\"},{\"@type\":\"ListItem\",\"position\":2,\"name\":\"Pidieron un quinto juez para el juicio por Loan\"}]},{\"@type\":\"WebSite\",\"@id\":\"https:\/\/radioinfinitagoya.com.ar\/v1\/#website\",\"url\":\"https:\/\/radioinfinitagoya.com.ar\/v1\/\",\"name\":\"radioinfinitagoya.com.ar\",\"description\":\"Radio de noticias\",\"publisher\":{\"@id\":\"https:\/\/radioinfinitagoya.com.ar\/v1\/#organization\"},\"potentialAction\":[{\"@type\":\"SearchAction\",\"target\":{\"@type\":\"EntryPoint\",\"urlTemplate\":\"https:\/\/radioinfinitagoya.com.ar\/v1\/?s={search_term_string}\"},\"query-input\":{\"@type\":\"PropertyValueSpecification\",\"valueRequired\":true,\"valueName\":\"search_term_string\"}}],\"inLanguage\":\"es-AR\"},{\"@type\":\"Organization\",\"@id\":\"https:\/\/radioinfinitagoya.com.ar\/v1\/#organization\",\"name\":\"Radio Infinita Goya\",\"url\":\"https:\/\/radioinfinitagoya.com.ar\/v1\/\",\"logo\":{\"@type\":\"ImageObject\",\"inLanguage\":\"es-AR\",\"@id\":\"https:\/\/radioinfinitagoya.com.ar\/v1\/#\/schema\/logo\/image\/\",\"url\":\"https:\/\/radioinfinitagoya.com.ar\/v1\/wp-content\/uploads\/2019\/11\/logo-pie-web.png\",\"contentUrl\":\"https:\/\/radioinfinitagoya.com.ar\/v1\/wp-content\/uploads\/2019\/11\/logo-pie-web.png\",\"width\":635,\"height\":326,\"caption\":\"Radio Infinita Goya\"},\"image\":{\"@id\":\"https:\/\/radioinfinitagoya.com.ar\/v1\/#\/schema\/logo\/image\/\"},\"sameAs\":[\"https:\/\/www.facebook.com\/p\/Infinita-Goya-100063870918311\/\"]},{\"@type\":\"Person\",\"@id\":\"https:\/\/radioinfinitagoya.com.ar\/v1\/#\/schema\/person\/d4cf9c413d4f6edb24aabdccab49ca4a\",\"name\":\"Jorge Mi\u00f1o\",\"image\":{\"@type\":\"ImageObject\",\"inLanguage\":\"es-AR\",\"@id\":\"https:\/\/secure.gravatar.com\/avatar\/910fcf6728fe95320e07a6643c1581fec1c7fc4bf8ae12e3d8f0d0373dc844be?s=96&d=mm&r=g\",\"url\":\"https:\/\/secure.gravatar.com\/avatar\/910fcf6728fe95320e07a6643c1581fec1c7fc4bf8ae12e3d8f0d0373dc844be?s=96&d=mm&r=g\",\"contentUrl\":\"https:\/\/secure.gravatar.com\/avatar\/910fcf6728fe95320e07a6643c1581fec1c7fc4bf8ae12e3d8f0d0373dc844be?s=96&d=mm&r=g\",\"caption\":\"Jorge Mi\u00f1o\"},\"sameAs\":[\"http:\/\/radioinfinitagoya.com.ar\"]}]}<\/script>\n<!-- \/ Yoast SEO plugin. -->","yoast_head_json":{"title":"Pidieron un quinto juez para el juicio por Loan - Radio Infinita Goya","description":"El fiscal de la causa explic\u00f3 que la medida se adopt\u00f3 tras conocerse que uno de los magistrados inici\u00f3 su tr\u00e1mite jubilatorio. El Tribunal Oral Federal","robots":{"index":"index","follow":"follow","max-snippet":"max-snippet:-1","max-image-preview":"max-image-preview:large","max-video-preview":"max-video-preview:-1"},"canonical":"https:\/\/radioinfinitagoya.com.ar\/v1\/2026\/03\/11\/pidieron-un-quinto-juez-para-el-juicio-por-loan\/","og_locale":"es_ES","og_type":"article","og_title":"Pidieron un quinto juez para el juicio por Loan - Radio Infinita Goya","og_description":"El fiscal de la causa explic\u00f3 que la medida se adopt\u00f3 tras conocerse que uno de los magistrados inici\u00f3 su tr\u00e1mite jubilatorio. El Tribunal Oral Federal","og_url":"https:\/\/radioinfinitagoya.com.ar\/v1\/2026\/03\/11\/pidieron-un-quinto-juez-para-el-juicio-por-loan\/","og_site_name":"Radio Infinita Goya","article_publisher":"https:\/\/www.facebook.com\/p\/Infinita-Goya-100063870918311\/","article_published_time":"2026-03-11T19:20:19+00:00","og_image":[{"width":1200,"height":675,"url":"https:\/\/radioinfinitagoya.com.ar\/v1\/wp-content\/uploads\/2026\/03\/1773238487682.webp","type":"image\/webp"}],"author":"Jorge Mi\u00f1o","twitter_card":"summary_large_image","twitter_misc":{"Escrito por":"Jorge Mi\u00f1o","Tiempo de lectura":"2 minutos"},"schema":{"@context":"https:\/\/schema.org","@graph":[{"@type":"Article","@id":"https:\/\/radioinfinitagoya.com.ar\/v1\/2026\/03\/11\/pidieron-un-quinto-juez-para-el-juicio-por-loan\/#article","isPartOf":{"@id":"https:\/\/radioinfinitagoya.com.ar\/v1\/2026\/03\/11\/pidieron-un-quinto-juez-para-el-juicio-por-loan\/"},"author":{"name":"Jorge Mi\u00f1o","@id":"https:\/\/radioinfinitagoya.com.ar\/v1\/#\/schema\/person\/d4cf9c413d4f6edb24aabdccab49ca4a"},"headline":"Pidieron un quinto juez para el juicio por Loan","datePublished":"2026-03-11T19:20:19+00:00","mainEntityOfPage":{"@id":"https:\/\/radioinfinitagoya.com.ar\/v1\/2026\/03\/11\/pidieron-un-quinto-juez-para-el-juicio-por-loan\/"},"wordCount":377,"commentCount":0,"publisher":{"@id":"https:\/\/radioinfinitagoya.com.ar\/v1\/#organization"},"image":{"@id":"https:\/\/radioinfinitagoya.com.ar\/v1\/2026\/03\/11\/pidieron-un-quinto-juez-para-el-juicio-por-loan\/#primaryimage"},"thumbnailUrl":"https:\/\/radioinfinitagoya.com.ar\/v1\/wp-content\/uploads\/2026\/03\/1773238487682.webp","articleSection":["PROVINCIALES"],"inLanguage":"es-AR","potentialAction":[{"@type":"CommentAction","name":"Comment","target":["https:\/\/radioinfinitagoya.com.ar\/v1\/2026\/03\/11\/pidieron-un-quinto-juez-para-el-juicio-por-loan\/#respond"]}]},{"@type":"WebPage","@id":"https:\/\/radioinfinitagoya.com.ar\/v1\/2026\/03\/11\/pidieron-un-quinto-juez-para-el-juicio-por-loan\/","url":"https:\/\/radioinfinitagoya.com.ar\/v1\/2026\/03\/11\/pidieron-un-quinto-juez-para-el-juicio-por-loan\/","name":"Pidieron un quinto juez para el juicio por Loan - Radio Infinita Goya","isPartOf":{"@id":"https:\/\/radioinfinitagoya.com.ar\/v1\/#website"},"primaryImageOfPage":{"@id":"https:\/\/radioinfinitagoya.com.ar\/v1\/2026\/03\/11\/pidieron-un-quinto-juez-para-el-juicio-por-loan\/#primaryimage"},"image":{"@id":"https:\/\/radioinfinitagoya.com.ar\/v1\/2026\/03\/11\/pidieron-un-quinto-juez-para-el-juicio-por-loan\/#primaryimage"},"thumbnailUrl":"https:\/\/radioinfinitagoya.com.ar\/v1\/wp-content\/uploads\/2026\/03\/1773238487682.webp","datePublished":"2026-03-11T19:20:19+00:00","description":"El fiscal de la causa explic\u00f3 que la medida se adopt\u00f3 tras conocerse que uno de los magistrados inici\u00f3 su tr\u00e1mite jubilatorio. El Tribunal Oral Federal","breadcrumb":{"@id":"https:\/\/radioinfinitagoya.com.ar\/v1\/2026\/03\/11\/pidieron-un-quinto-juez-para-el-juicio-por-loan\/#breadcrumb"},"inLanguage":"es-AR","potentialAction":[{"@type":"ReadAction","target":["https:\/\/radioinfinitagoya.com.ar\/v1\/2026\/03\/11\/pidieron-un-quinto-juez-para-el-juicio-por-loan\/"]}]},{"@type":"ImageObject","inLanguage":"es-AR","@id":"https:\/\/radioinfinitagoya.com.ar\/v1\/2026\/03\/11\/pidieron-un-quinto-juez-para-el-juicio-por-loan\/#primaryimage","url":"https:\/\/radioinfinitagoya.com.ar\/v1\/wp-content\/uploads\/2026\/03\/1773238487682.webp","contentUrl":"https:\/\/radioinfinitagoya.com.ar\/v1\/wp-content\/uploads\/2026\/03\/1773238487682.webp","width":1200,"height":675},{"@type":"BreadcrumbList","@id":"https:\/\/radioinfinitagoya.com.ar\/v1\/2026\/03\/11\/pidieron-un-quinto-juez-para-el-juicio-por-loan\/#breadcrumb","itemListElement":[{"@type":"ListItem","position":1,"name":"Inicio","item":"https:\/\/radioinfinitagoya.com.ar\/v1\/"},{"@type":"ListItem","position":2,"name":"Pidieron un quinto juez para el juicio por Loan"}]},{"@type":"WebSite","@id":"https:\/\/radioinfinitagoya.com.ar\/v1\/#website","url":"https:\/\/radioinfinitagoya.com.ar\/v1\/","name":"radioinfinitagoya.com.ar","description":"Radio de noticias","publisher":{"@id":"https:\/\/radioinfinitagoya.com.ar\/v1\/#organization"},"potentialAction":[{"@type":"SearchAction","target":{"@type":"EntryPoint","urlTemplate":"https:\/\/radioinfinitagoya.com.ar\/v1\/?s={search_term_string}"},"query-input":{"@type":"PropertyValueSpecification","valueRequired":true,"valueName":"search_term_string"}}],"inLanguage":"es-AR"},{"@type":"Organization","@id":"https:\/\/radioinfinitagoya.com.ar\/v1\/#organization","name":"Radio Infinita Goya","url":"https:\/\/radioinfinitagoya.com.ar\/v1\/","logo":{"@type":"ImageObject","inLanguage":"es-AR","@id":"https:\/\/radioinfinitagoya.com.ar\/v1\/#\/schema\/logo\/image\/","url":"https:\/\/radioinfinitagoya.com.ar\/v1\/wp-content\/uploads\/2019\/11\/logo-pie-web.png","contentUrl":"https:\/\/radioinfinitagoya.com.ar\/v1\/wp-content\/uploads\/2019\/11\/logo-pie-web.png","width":635,"height":326,"caption":"Radio Infinita Goya"},"image":{"@id":"https:\/\/radioinfinitagoya.com.ar\/v1\/#\/schema\/logo\/image\/"},"sameAs":["https:\/\/www.facebook.com\/p\/Infinita-Goya-100063870918311\/"]},{"@type":"Person","@id":"https:\/\/radioinfinitagoya.com.ar\/v1\/#\/schema\/person\/d4cf9c413d4f6edb24aabdccab49ca4a","name":"Jorge Mi\u00f1o","image":{"@type":"ImageObject","inLanguage":"es-AR","@id":"https:\/\/secure.gravatar.com\/avatar\/910fcf6728fe95320e07a6643c1581fec1c7fc4bf8ae12e3d8f0d0373dc844be?s=96&d=mm&r=g","url":"https:\/\/secure.gravatar.com\/avatar\/910fcf6728fe95320e07a6643c1581fec1c7fc4bf8ae12e3d8f0d0373dc844be?s=96&d=mm&r=g","contentUrl":"https:\/\/secure.gravatar.com\/avatar\/910fcf6728fe95320e07a6643c1581fec1c7fc4bf8ae12e3d8f0d0373dc844be?s=96&d=mm&r=g","caption":"Jorge Mi\u00f1o"},"sameAs":["http:\/\/radioinfinitagoya.com.ar"]}]}},"_links":{"self":[{"href":"https:\/\/radioinfinitagoya.com.ar\/v1\/wp-json\/wp\/v2\/posts\/209996","targetHints":{"allow":["GET"]}}],"collection":[{"href":"https:\/\/radioinfinitagoya.com.ar\/v1\/wp-json\/wp\/v2\/posts"}],"about":[{"href":"https:\/\/radioinfinitagoya.com.ar\/v1\/wp-json\/wp\/v2\/types\/post"}],"author":[{"embeddable":true,"href":"https:\/\/radioinfinitagoya.com.ar\/v1\/wp-json\/wp\/v2\/users\/4"}],"replies":[{"embeddable":true,"href":"https:\/\/radioinfinitagoya.com.ar\/v1\/wp-json\/wp\/v2\/comments?post=209996"}],"version-history":[{"count":0,"href":"https:\/\/radioinfinitagoya.com.ar\/v1\/wp-json\/wp\/v2\/posts\/209996\/revisions"}],"wp:featuredmedia":[{"embeddable":true,"href":"https:\/\/radioinfinitagoya.com.ar\/v1\/wp-json\/wp\/v2\/media\/209997"}],"wp:attachment":[{"href":"https:\/\/radioinfinitagoya.com.ar\/v1\/wp-json\/wp\/v2\/media?parent=209996"}],"wp:term":[{"taxonomy":"category","embeddable":true,"href":"https:\/\/radioinfinitagoya.com.ar\/v1\/wp-json\/wp\/v2\/categories?post=209996"},{"taxonomy":"post_tag","embeddable":true,"href":"https:\/\/radioinfinitagoya.com.ar\/v1\/wp-json\/wp\/v2\/tags?post=209996"}],"curies":[{"name":"wp","href":"https:\/\/api.w.org\/{rel}","templated":true}]}}