{"id":209999,"date":"2026-03-11T16:24:09","date_gmt":"2026-03-11T19:24:09","guid":{"rendered":"https:\/\/radioinfinitagoya.com.ar\/v1\/?p=209999"},"modified":"2026-03-11T16:24:09","modified_gmt":"2026-03-11T19:24:09","slug":"liberaron-al-conductor-involucrado-en-el-choque-donde-murio-un-joven","status":"publish","type":"post","link":"https:\/\/radioinfinitagoya.com.ar\/v1\/2026\/03\/11\/liberaron-al-conductor-involucrado-en-el-choque-donde-murio-un-joven\/","title":{"rendered":"Liberaron al conductor involucrado en el choque donde muri\u00f3 un joven"},"content":{"rendered":"<p>Se trata del accidente que se registr\u00f3 el lunes 2 de marzo en la capital correntina.<\/p>\n<p>El conductor del autom\u00f3vil involucrado en el siniestro vial en el que muri\u00f3 el joven Santino Alcaraz recuper\u00f3 la libertad en las \u00faltimas horas, aunque seguir\u00e1 vinculado a la causa judicial mientras contin\u00faa la investigaci\u00f3n.<\/p>\n<p>Se trata de V\u00edctor Emanuel Torres, quien manejaba un Fiat Palio y hab\u00eda permanecido detenido de manera preventiva luego de presentarse ante la Justicia d\u00edas despu\u00e9s del accidente ocurrido el lunes 2 de marzo.<\/p>\n<p>La decisi\u00f3n se tom\u00f3 luego de que la defensa acreditara el domicilio del joven, situaci\u00f3n que hab\u00eda sido uno de los fundamentos para mantener la detenci\u00f3n inicial. Con esta modificaci\u00f3n, la Justicia dispuso su libertad ambulatoria bajo una serie de condiciones.<\/p>\n<p>Entre las medidas restrictivas establecidas, Torres deber\u00e1 presentarse cada 15 d\u00edas ante la Oficina Judicial , adem\u00e1s de tener prohibido acercarse a los familiares de la v\u00edctima y a los testigos del caso. Tambi\u00e9n no podr\u00e1 tramitar una licencia de conducir mientras se desarrolla el proceso.<\/p>\n<p>El Hecho<\/p>\n<p>Se trata del siniestro que se registr\u00f3 en la intersecci\u00f3n de la avenida Cuba y la calle Paul Groussac, en el barrio Pirayu\u00ed, donde se produjo el choque entre el autom\u00f3vil y una motocicleta.<\/p>\n<p>Como consecuencia del impacto, Santino Alcaraz de 20 a\u00f1os, sufri\u00f3 heridas de gravedad y falleci\u00f3 en el lugar.<\/p>\n<p>Tras el choque, el conductor del auto se retir\u00f3 del lugar, lo que motiv\u00f3 un operativo de b\u00fasqueda por parte de la Polic\u00eda de Corrientes. Finalmente, se present\u00f3 junto a sus abogados ante la fiscal\u00eda unas 48 horas despu\u00e9s del siniestro.<\/p>\n","protected":false},"excerpt":{"rendered":"<p>Se trata del accidente que se registr\u00f3 el lunes 2 de marzo en la capital correntina. El conductor del autom\u00f3vil involucrado en el siniestro vial en el que muri\u00f3 el joven Santino Alcaraz recuper\u00f3 la libertad en las \u00faltimas horas, aunque seguir\u00e1 vinculado a la causa judicial mientras contin\u00faa la investigaci\u00f3n. Se trata de V\u00edctor [&hellip;]<\/p>\n","protected":false},"author":4,"featured_media":210000,"comment_status":"open","ping_status":"open","sticky":false,"template":"","format":"standard","meta":{"_joinchat":[],"footnotes":""},"categories":[26],"tags":[],"class_list":{"0":"post-209999","1":"post","2":"type-post","3":"status-publish","4":"format-standard","5":"has-post-thumbnail","7":"category-provinciales"},"yoast_head":"<!-- This site is optimized with the Yoast SEO plugin v27.2 - https:\/\/yoast.com\/product\/yoast-seo-wordpress\/ -->\n<title>Liberaron al conductor involucrado en el choque donde muri\u00f3 un joven - Radio Infinita Goya<\/title>\n<meta name=\"description\" content=\"Se trata del accidente que se registr\u00f3 el lunes 2 de marzo en la capital correntina. El conductor del autom\u00f3vil involucrado en el siniestro vial en el que\" \/>\n<meta name=\"robots\" content=\"index, follow, max-snippet:-1, max-image-preview:large, max-video-preview:-1\" \/>\n<link rel=\"canonical\" href=\"https:\/\/radioinfinitagoya.com.ar\/v1\/2026\/03\/11\/liberaron-al-conductor-involucrado-en-el-choque-donde-murio-un-joven\/\" \/>\n<meta property=\"og:locale\" content=\"es_ES\" \/>\n<meta property=\"og:type\" content=\"article\" \/>\n<meta property=\"og:title\" content=\"Liberaron al conductor involucrado en el choque donde muri\u00f3 un joven - Radio Infinita Goya\" \/>\n<meta property=\"og:description\" content=\"Se trata del accidente que se registr\u00f3 el lunes 2 de marzo en la capital correntina. El conductor del autom\u00f3vil involucrado en el siniestro vial en el que\" \/>\n<meta property=\"og:url\" content=\"https:\/\/radioinfinitagoya.com.ar\/v1\/2026\/03\/11\/liberaron-al-conductor-involucrado-en-el-choque-donde-murio-un-joven\/\" \/>\n<meta property=\"og:site_name\" content=\"Radio Infinita Goya\" \/>\n<meta property=\"article:publisher\" content=\"https:\/\/www.facebook.com\/p\/Infinita-Goya-100063870918311\/\" \/>\n<meta property=\"article:published_time\" content=\"2026-03-11T19:24:09+00:00\" \/>\n<meta property=\"og:image\" content=\"https:\/\/radioinfinitagoya.com.ar\/v1\/wp-content\/uploads\/2026\/03\/1773255783401.webp\" \/>\n\t<meta property=\"og:image:width\" content=\"1200\" \/>\n\t<meta property=\"og:image:height\" content=\"675\" \/>\n\t<meta property=\"og:image:type\" content=\"image\/webp\" \/>\n<meta name=\"author\" content=\"Jorge Mi\u00f1o\" \/>\n<meta name=\"twitter:card\" content=\"summary_large_image\" \/>\n<meta name=\"twitter:label1\" content=\"Escrito por\" \/>\n\t<meta name=\"twitter:data1\" content=\"Jorge Mi\u00f1o\" \/>\n\t<meta name=\"twitter:label2\" content=\"Tiempo de lectura\" \/>\n\t<meta name=\"twitter:data2\" content=\"2 minutos\" \/>\n<script type=\"application\/ld+json\" class=\"yoast-schema-graph\">{\"@context\":\"https:\/\/schema.org\",\"@graph\":[{\"@type\":\"Article\",\"@id\":\"https:\/\/radioinfinitagoya.com.ar\/v1\/2026\/03\/11\/liberaron-al-conductor-involucrado-en-el-choque-donde-murio-un-joven\/#article\",\"isPartOf\":{\"@id\":\"https:\/\/radioinfinitagoya.com.ar\/v1\/2026\/03\/11\/liberaron-al-conductor-involucrado-en-el-choque-donde-murio-un-joven\/\"},\"author\":{\"name\":\"Jorge Mi\u00f1o\",\"@id\":\"https:\/\/radioinfinitagoya.com.ar\/v1\/#\/schema\/person\/d4cf9c413d4f6edb24aabdccab49ca4a\"},\"headline\":\"Liberaron al conductor involucrado en el choque donde muri\u00f3 un joven\",\"datePublished\":\"2026-03-11T19:24:09+00:00\",\"mainEntityOfPage\":{\"@id\":\"https:\/\/radioinfinitagoya.com.ar\/v1\/2026\/03\/11\/liberaron-al-conductor-involucrado-en-el-choque-donde-murio-un-joven\/\"},\"wordCount\":295,\"commentCount\":0,\"publisher\":{\"@id\":\"https:\/\/radioinfinitagoya.com.ar\/v1\/#organization\"},\"image\":{\"@id\":\"https:\/\/radioinfinitagoya.com.ar\/v1\/2026\/03\/11\/liberaron-al-conductor-involucrado-en-el-choque-donde-murio-un-joven\/#primaryimage\"},\"thumbnailUrl\":\"https:\/\/radioinfinitagoya.com.ar\/v1\/wp-content\/uploads\/2026\/03\/1773255783401.webp\",\"articleSection\":[\"PROVINCIALES\"],\"inLanguage\":\"es-AR\",\"potentialAction\":[{\"@type\":\"CommentAction\",\"name\":\"Comment\",\"target\":[\"https:\/\/radioinfinitagoya.com.ar\/v1\/2026\/03\/11\/liberaron-al-conductor-involucrado-en-el-choque-donde-murio-un-joven\/#respond\"]}]},{\"@type\":\"WebPage\",\"@id\":\"https:\/\/radioinfinitagoya.com.ar\/v1\/2026\/03\/11\/liberaron-al-conductor-involucrado-en-el-choque-donde-murio-un-joven\/\",\"url\":\"https:\/\/radioinfinitagoya.com.ar\/v1\/2026\/03\/11\/liberaron-al-conductor-involucrado-en-el-choque-donde-murio-un-joven\/\",\"name\":\"Liberaron al conductor involucrado en el choque donde muri\u00f3 un joven - Radio Infinita Goya\",\"isPartOf\":{\"@id\":\"https:\/\/radioinfinitagoya.com.ar\/v1\/#website\"},\"primaryImageOfPage\":{\"@id\":\"https:\/\/radioinfinitagoya.com.ar\/v1\/2026\/03\/11\/liberaron-al-conductor-involucrado-en-el-choque-donde-murio-un-joven\/#primaryimage\"},\"image\":{\"@id\":\"https:\/\/radioinfinitagoya.com.ar\/v1\/2026\/03\/11\/liberaron-al-conductor-involucrado-en-el-choque-donde-murio-un-joven\/#primaryimage\"},\"thumbnailUrl\":\"https:\/\/radioinfinitagoya.com.ar\/v1\/wp-content\/uploads\/2026\/03\/1773255783401.webp\",\"datePublished\":\"2026-03-11T19:24:09+00:00\",\"description\":\"Se trata del accidente que se registr\u00f3 el lunes 2 de marzo en la capital correntina. El conductor del autom\u00f3vil involucrado en el siniestro vial en el que\",\"breadcrumb\":{\"@id\":\"https:\/\/radioinfinitagoya.com.ar\/v1\/2026\/03\/11\/liberaron-al-conductor-involucrado-en-el-choque-donde-murio-un-joven\/#breadcrumb\"},\"inLanguage\":\"es-AR\",\"potentialAction\":[{\"@type\":\"ReadAction\",\"target\":[\"https:\/\/radioinfinitagoya.com.ar\/v1\/2026\/03\/11\/liberaron-al-conductor-involucrado-en-el-choque-donde-murio-un-joven\/\"]}]},{\"@type\":\"ImageObject\",\"inLanguage\":\"es-AR\",\"@id\":\"https:\/\/radioinfinitagoya.com.ar\/v1\/2026\/03\/11\/liberaron-al-conductor-involucrado-en-el-choque-donde-murio-un-joven\/#primaryimage\",\"url\":\"https:\/\/radioinfinitagoya.com.ar\/v1\/wp-content\/uploads\/2026\/03\/1773255783401.webp\",\"contentUrl\":\"https:\/\/radioinfinitagoya.com.ar\/v1\/wp-content\/uploads\/2026\/03\/1773255783401.webp\",\"width\":1200,\"height\":675},{\"@type\":\"BreadcrumbList\",\"@id\":\"https:\/\/radioinfinitagoya.com.ar\/v1\/2026\/03\/11\/liberaron-al-conductor-involucrado-en-el-choque-donde-murio-un-joven\/#breadcrumb\",\"itemListElement\":[{\"@type\":\"ListItem\",\"position\":1,\"name\":\"Inicio\",\"item\":\"https:\/\/radioinfinitagoya.com.ar\/v1\/\"},{\"@type\":\"ListItem\",\"position\":2,\"name\":\"Liberaron al conductor involucrado en el choque donde muri\u00f3 un joven\"}]},{\"@type\":\"WebSite\",\"@id\":\"https:\/\/radioinfinitagoya.com.ar\/v1\/#website\",\"url\":\"https:\/\/radioinfinitagoya.com.ar\/v1\/\",\"name\":\"radioinfinitagoya.com.ar\",\"description\":\"Radio de noticias\",\"publisher\":{\"@id\":\"https:\/\/radioinfinitagoya.com.ar\/v1\/#organization\"},\"potentialAction\":[{\"@type\":\"SearchAction\",\"target\":{\"@type\":\"EntryPoint\",\"urlTemplate\":\"https:\/\/radioinfinitagoya.com.ar\/v1\/?s={search_term_string}\"},\"query-input\":{\"@type\":\"PropertyValueSpecification\",\"valueRequired\":true,\"valueName\":\"search_term_string\"}}],\"inLanguage\":\"es-AR\"},{\"@type\":\"Organization\",\"@id\":\"https:\/\/radioinfinitagoya.com.ar\/v1\/#organization\",\"name\":\"Radio Infinita Goya\",\"url\":\"https:\/\/radioinfinitagoya.com.ar\/v1\/\",\"logo\":{\"@type\":\"ImageObject\",\"inLanguage\":\"es-AR\",\"@id\":\"https:\/\/radioinfinitagoya.com.ar\/v1\/#\/schema\/logo\/image\/\",\"url\":\"https:\/\/radioinfinitagoya.com.ar\/v1\/wp-content\/uploads\/2019\/11\/logo-pie-web.png\",\"contentUrl\":\"https:\/\/radioinfinitagoya.com.ar\/v1\/wp-content\/uploads\/2019\/11\/logo-pie-web.png\",\"width\":635,\"height\":326,\"caption\":\"Radio Infinita Goya\"},\"image\":{\"@id\":\"https:\/\/radioinfinitagoya.com.ar\/v1\/#\/schema\/logo\/image\/\"},\"sameAs\":[\"https:\/\/www.facebook.com\/p\/Infinita-Goya-100063870918311\/\"]},{\"@type\":\"Person\",\"@id\":\"https:\/\/radioinfinitagoya.com.ar\/v1\/#\/schema\/person\/d4cf9c413d4f6edb24aabdccab49ca4a\",\"name\":\"Jorge Mi\u00f1o\",\"image\":{\"@type\":\"ImageObject\",\"inLanguage\":\"es-AR\",\"@id\":\"https:\/\/secure.gravatar.com\/avatar\/910fcf6728fe95320e07a6643c1581fec1c7fc4bf8ae12e3d8f0d0373dc844be?s=96&d=mm&r=g\",\"url\":\"https:\/\/secure.gravatar.com\/avatar\/910fcf6728fe95320e07a6643c1581fec1c7fc4bf8ae12e3d8f0d0373dc844be?s=96&d=mm&r=g\",\"contentUrl\":\"https:\/\/secure.gravatar.com\/avatar\/910fcf6728fe95320e07a6643c1581fec1c7fc4bf8ae12e3d8f0d0373dc844be?s=96&d=mm&r=g\",\"caption\":\"Jorge Mi\u00f1o\"},\"sameAs\":[\"http:\/\/radioinfinitagoya.com.ar\"]}]}<\/script>\n<!-- \/ Yoast SEO plugin. -->","yoast_head_json":{"title":"Liberaron al conductor involucrado en el choque donde muri\u00f3 un joven - Radio Infinita Goya","description":"Se trata del accidente que se registr\u00f3 el lunes 2 de marzo en la capital correntina. El conductor del autom\u00f3vil involucrado en el siniestro vial en el que","robots":{"index":"index","follow":"follow","max-snippet":"max-snippet:-1","max-image-preview":"max-image-preview:large","max-video-preview":"max-video-preview:-1"},"canonical":"https:\/\/radioinfinitagoya.com.ar\/v1\/2026\/03\/11\/liberaron-al-conductor-involucrado-en-el-choque-donde-murio-un-joven\/","og_locale":"es_ES","og_type":"article","og_title":"Liberaron al conductor involucrado en el choque donde muri\u00f3 un joven - Radio Infinita Goya","og_description":"Se trata del accidente que se registr\u00f3 el lunes 2 de marzo en la capital correntina. El conductor del autom\u00f3vil involucrado en el siniestro vial en el que","og_url":"https:\/\/radioinfinitagoya.com.ar\/v1\/2026\/03\/11\/liberaron-al-conductor-involucrado-en-el-choque-donde-murio-un-joven\/","og_site_name":"Radio Infinita Goya","article_publisher":"https:\/\/www.facebook.com\/p\/Infinita-Goya-100063870918311\/","article_published_time":"2026-03-11T19:24:09+00:00","og_image":[{"width":1200,"height":675,"url":"https:\/\/radioinfinitagoya.com.ar\/v1\/wp-content\/uploads\/2026\/03\/1773255783401.webp","type":"image\/webp"}],"author":"Jorge Mi\u00f1o","twitter_card":"summary_large_image","twitter_misc":{"Escrito por":"Jorge Mi\u00f1o","Tiempo de lectura":"2 minutos"},"schema":{"@context":"https:\/\/schema.org","@graph":[{"@type":"Article","@id":"https:\/\/radioinfinitagoya.com.ar\/v1\/2026\/03\/11\/liberaron-al-conductor-involucrado-en-el-choque-donde-murio-un-joven\/#article","isPartOf":{"@id":"https:\/\/radioinfinitagoya.com.ar\/v1\/2026\/03\/11\/liberaron-al-conductor-involucrado-en-el-choque-donde-murio-un-joven\/"},"author":{"name":"Jorge Mi\u00f1o","@id":"https:\/\/radioinfinitagoya.com.ar\/v1\/#\/schema\/person\/d4cf9c413d4f6edb24aabdccab49ca4a"},"headline":"Liberaron al conductor involucrado en el choque donde muri\u00f3 un joven","datePublished":"2026-03-11T19:24:09+00:00","mainEntityOfPage":{"@id":"https:\/\/radioinfinitagoya.com.ar\/v1\/2026\/03\/11\/liberaron-al-conductor-involucrado-en-el-choque-donde-murio-un-joven\/"},"wordCount":295,"commentCount":0,"publisher":{"@id":"https:\/\/radioinfinitagoya.com.ar\/v1\/#organization"},"image":{"@id":"https:\/\/radioinfinitagoya.com.ar\/v1\/2026\/03\/11\/liberaron-al-conductor-involucrado-en-el-choque-donde-murio-un-joven\/#primaryimage"},"thumbnailUrl":"https:\/\/radioinfinitagoya.com.ar\/v1\/wp-content\/uploads\/2026\/03\/1773255783401.webp","articleSection":["PROVINCIALES"],"inLanguage":"es-AR","potentialAction":[{"@type":"CommentAction","name":"Comment","target":["https:\/\/radioinfinitagoya.com.ar\/v1\/2026\/03\/11\/liberaron-al-conductor-involucrado-en-el-choque-donde-murio-un-joven\/#respond"]}]},{"@type":"WebPage","@id":"https:\/\/radioinfinitagoya.com.ar\/v1\/2026\/03\/11\/liberaron-al-conductor-involucrado-en-el-choque-donde-murio-un-joven\/","url":"https:\/\/radioinfinitagoya.com.ar\/v1\/2026\/03\/11\/liberaron-al-conductor-involucrado-en-el-choque-donde-murio-un-joven\/","name":"Liberaron al conductor involucrado en el choque donde muri\u00f3 un joven - Radio Infinita Goya","isPartOf":{"@id":"https:\/\/radioinfinitagoya.com.ar\/v1\/#website"},"primaryImageOfPage":{"@id":"https:\/\/radioinfinitagoya.com.ar\/v1\/2026\/03\/11\/liberaron-al-conductor-involucrado-en-el-choque-donde-murio-un-joven\/#primaryimage"},"image":{"@id":"https:\/\/radioinfinitagoya.com.ar\/v1\/2026\/03\/11\/liberaron-al-conductor-involucrado-en-el-choque-donde-murio-un-joven\/#primaryimage"},"thumbnailUrl":"https:\/\/radioinfinitagoya.com.ar\/v1\/wp-content\/uploads\/2026\/03\/1773255783401.webp","datePublished":"2026-03-11T19:24:09+00:00","description":"Se trata del accidente que se registr\u00f3 el lunes 2 de marzo en la capital correntina. El conductor del autom\u00f3vil involucrado en el siniestro vial en el que","breadcrumb":{"@id":"https:\/\/radioinfinitagoya.com.ar\/v1\/2026\/03\/11\/liberaron-al-conductor-involucrado-en-el-choque-donde-murio-un-joven\/#breadcrumb"},"inLanguage":"es-AR","potentialAction":[{"@type":"ReadAction","target":["https:\/\/radioinfinitagoya.com.ar\/v1\/2026\/03\/11\/liberaron-al-conductor-involucrado-en-el-choque-donde-murio-un-joven\/"]}]},{"@type":"ImageObject","inLanguage":"es-AR","@id":"https:\/\/radioinfinitagoya.com.ar\/v1\/2026\/03\/11\/liberaron-al-conductor-involucrado-en-el-choque-donde-murio-un-joven\/#primaryimage","url":"https:\/\/radioinfinitagoya.com.ar\/v1\/wp-content\/uploads\/2026\/03\/1773255783401.webp","contentUrl":"https:\/\/radioinfinitagoya.com.ar\/v1\/wp-content\/uploads\/2026\/03\/1773255783401.webp","width":1200,"height":675},{"@type":"BreadcrumbList","@id":"https:\/\/radioinfinitagoya.com.ar\/v1\/2026\/03\/11\/liberaron-al-conductor-involucrado-en-el-choque-donde-murio-un-joven\/#breadcrumb","itemListElement":[{"@type":"ListItem","position":1,"name":"Inicio","item":"https:\/\/radioinfinitagoya.com.ar\/v1\/"},{"@type":"ListItem","position":2,"name":"Liberaron al conductor involucrado en el choque donde muri\u00f3 un joven"}]},{"@type":"WebSite","@id":"https:\/\/radioinfinitagoya.com.ar\/v1\/#website","url":"https:\/\/radioinfinitagoya.com.ar\/v1\/","name":"radioinfinitagoya.com.ar","description":"Radio de noticias","publisher":{"@id":"https:\/\/radioinfinitagoya.com.ar\/v1\/#organization"},"potentialAction":[{"@type":"SearchAction","target":{"@type":"EntryPoint","urlTemplate":"https:\/\/radioinfinitagoya.com.ar\/v1\/?s={search_term_string}"},"query-input":{"@type":"PropertyValueSpecification","valueRequired":true,"valueName":"search_term_string"}}],"inLanguage":"es-AR"},{"@type":"Organization","@id":"https:\/\/radioinfinitagoya.com.ar\/v1\/#organization","name":"Radio Infinita Goya","url":"https:\/\/radioinfinitagoya.com.ar\/v1\/","logo":{"@type":"ImageObject","inLanguage":"es-AR","@id":"https:\/\/radioinfinitagoya.com.ar\/v1\/#\/schema\/logo\/image\/","url":"https:\/\/radioinfinitagoya.com.ar\/v1\/wp-content\/uploads\/2019\/11\/logo-pie-web.png","contentUrl":"https:\/\/radioinfinitagoya.com.ar\/v1\/wp-content\/uploads\/2019\/11\/logo-pie-web.png","width":635,"height":326,"caption":"Radio Infinita Goya"},"image":{"@id":"https:\/\/radioinfinitagoya.com.ar\/v1\/#\/schema\/logo\/image\/"},"sameAs":["https:\/\/www.facebook.com\/p\/Infinita-Goya-100063870918311\/"]},{"@type":"Person","@id":"https:\/\/radioinfinitagoya.com.ar\/v1\/#\/schema\/person\/d4cf9c413d4f6edb24aabdccab49ca4a","name":"Jorge Mi\u00f1o","image":{"@type":"ImageObject","inLanguage":"es-AR","@id":"https:\/\/secure.gravatar.com\/avatar\/910fcf6728fe95320e07a6643c1581fec1c7fc4bf8ae12e3d8f0d0373dc844be?s=96&d=mm&r=g","url":"https:\/\/secure.gravatar.com\/avatar\/910fcf6728fe95320e07a6643c1581fec1c7fc4bf8ae12e3d8f0d0373dc844be?s=96&d=mm&r=g","contentUrl":"https:\/\/secure.gravatar.com\/avatar\/910fcf6728fe95320e07a6643c1581fec1c7fc4bf8ae12e3d8f0d0373dc844be?s=96&d=mm&r=g","caption":"Jorge Mi\u00f1o"},"sameAs":["http:\/\/radioinfinitagoya.com.ar"]}]}},"_links":{"self":[{"href":"https:\/\/radioinfinitagoya.com.ar\/v1\/wp-json\/wp\/v2\/posts\/209999","targetHints":{"allow":["GET"]}}],"collection":[{"href":"https:\/\/radioinfinitagoya.com.ar\/v1\/wp-json\/wp\/v2\/posts"}],"about":[{"href":"https:\/\/radioinfinitagoya.com.ar\/v1\/wp-json\/wp\/v2\/types\/post"}],"author":[{"embeddable":true,"href":"https:\/\/radioinfinitagoya.com.ar\/v1\/wp-json\/wp\/v2\/users\/4"}],"replies":[{"embeddable":true,"href":"https:\/\/radioinfinitagoya.com.ar\/v1\/wp-json\/wp\/v2\/comments?post=209999"}],"version-history":[{"count":0,"href":"https:\/\/radioinfinitagoya.com.ar\/v1\/wp-json\/wp\/v2\/posts\/209999\/revisions"}],"wp:featuredmedia":[{"embeddable":true,"href":"https:\/\/radioinfinitagoya.com.ar\/v1\/wp-json\/wp\/v2\/media\/210000"}],"wp:attachment":[{"href":"https:\/\/radioinfinitagoya.com.ar\/v1\/wp-json\/wp\/v2\/media?parent=209999"}],"wp:term":[{"taxonomy":"category","embeddable":true,"href":"https:\/\/radioinfinitagoya.com.ar\/v1\/wp-json\/wp\/v2\/categories?post=209999"},{"taxonomy":"post_tag","embeddable":true,"href":"https:\/\/radioinfinitagoya.com.ar\/v1\/wp-json\/wp\/v2\/tags?post=209999"}],"curies":[{"name":"wp","href":"https:\/\/api.w.org\/{rel}","templated":true}]}}