{"id":210002,"date":"2026-03-11T16:27:02","date_gmt":"2026-03-11T19:27:02","guid":{"rendered":"https:\/\/radioinfinitagoya.com.ar\/v1\/?p=210002"},"modified":"2026-03-11T16:27:02","modified_gmt":"2026-03-11T19:27:02","slug":"corrientes-exporto-336-millones-de-dolares-y-registro-un-crecimiento-de-mas-del-30","status":"publish","type":"post","link":"https:\/\/radioinfinitagoya.com.ar\/v1\/2026\/03\/11\/corrientes-exporto-336-millones-de-dolares-y-registro-un-crecimiento-de-mas-del-30\/","title":{"rendered":"Corrientes export\u00f3 336 millones de d\u00f3lares y registr\u00f3 un crecimiento de m\u00e1s del 30%"},"content":{"rendered":"<p>Un informe del Indec se\u00f1al\u00f3 que la regi\u00f3n del NEA aument\u00f3 sus ventas externas en m\u00e1s del 20%.<\/p>\n<p>Las exportaciones de la provincia de Corrientes subieron 31,6% durante 2025 y alcanzaron los 336 millones de d\u00f3lares, seg\u00fan el informe publicado por el Instituto Nacional de Estad\u00edstica y Censos (Indec). Adem\u00e1s, se destac\u00f3 el crecimiento en toda la regi\u00f3n del nordeste.<\/p>\n<p>Exportaciones del NEA<br \/>\nEl documento remarca el desempe\u00f1o del NEA, que registr\u00f3 un aumento del 20,9% en sus ventas al exterior. Se trat\u00f3 del mayor crecimiento entre las regiones del pa\u00eds, en un contexto en el que las exportaciones nacionales aumentaron 9,3%.<\/p>\n<p>De acuerdo con el informe, Misiones lider\u00f3 las exportaciones del NEA con 533 millones de d\u00f3lares, seguida por Corrientes con 336 millones. Luego se ubicaron Chaco con 235 millones y Formosa con 29 millones.<\/p>\n<p>El arroz lider\u00f3 las exportaciones correntinas<br \/>\nEn el caso de Corrientes, m\u00e1s de la mitad de las exportaciones correspondieron a productos primarios. El principal rubro fue el de cereales, con 146 millones de d\u00f3lares que marcaron la importancia del arroz.<\/p>\n<p>Corrientes concentra cerca del 40% de la producci\u00f3n nacional de este cereal y se posiciona como uno de los principales or\u00edgenes de las exportaciones argentinas de arroz, con destino principalmente a Brasil.<\/p>\n<p>Otros productos relevantes en la matriz provincial son la madera, los c\u00edtricos y la yerba mate. El informe del Indec tambi\u00e9n se\u00f1ala que los principales destinos de las exportaciones del NEA fueron Brasil (16,3%), Estados Unidos (14,8%), China (12,7%) y Siria (7%).<\/p>\n<p>En cuanto a la composici\u00f3n de las ventas externas de la regi\u00f3n, los productos primarios representaron el 40,7% del total exportado, seguidos por las manufacturas de origen agropecuario con 40,5% y las manufacturas de origen industrial con 18,8%.<\/p>\n<p>En Corrientes, los productos primarios sumaron 179 millones de d\u00f3lares. Y entre los mercados m\u00e1s importantes se ubicaron la Uni\u00f3n Europea, con 78 millones de d\u00f3lares, y el bloque integrado por Estados Unidos, M\u00e9xico y Canad\u00e1, con 74 millones.<\/p>\n","protected":false},"excerpt":{"rendered":"<p>Un informe del Indec se\u00f1al\u00f3 que la regi\u00f3n del NEA aument\u00f3 sus ventas externas en m\u00e1s del 20%. Las exportaciones de la provincia de Corrientes subieron 31,6% durante 2025 y alcanzaron los 336 millones de d\u00f3lares, seg\u00fan el informe publicado por el Instituto Nacional de Estad\u00edstica y Censos (Indec). Adem\u00e1s, se destac\u00f3 el crecimiento en [&hellip;]<\/p>\n","protected":false},"author":4,"featured_media":210003,"comment_status":"open","ping_status":"open","sticky":false,"template":"","format":"standard","meta":{"_joinchat":[],"footnotes":""},"categories":[26],"tags":[],"class_list":{"0":"post-210002","1":"post","2":"type-post","3":"status-publish","4":"format-standard","5":"has-post-thumbnail","7":"category-provinciales"},"yoast_head":"<!-- This site is optimized with the Yoast SEO plugin v27.2 - https:\/\/yoast.com\/product\/yoast-seo-wordpress\/ -->\n<title>Corrientes export\u00f3 336 millones de d\u00f3lares y registr\u00f3 un crecimiento de m\u00e1s del 30% - Radio Infinita Goya<\/title>\n<meta name=\"description\" content=\"Un informe del Indec se\u00f1al\u00f3 que la regi\u00f3n del NEA aument\u00f3 sus ventas externas en m\u00e1s del 20%. Las exportaciones de la provincia de Corrientes subieron\" \/>\n<meta name=\"robots\" content=\"index, follow, max-snippet:-1, max-image-preview:large, max-video-preview:-1\" \/>\n<link rel=\"canonical\" href=\"https:\/\/radioinfinitagoya.com.ar\/v1\/2026\/03\/11\/corrientes-exporto-336-millones-de-dolares-y-registro-un-crecimiento-de-mas-del-30\/\" \/>\n<meta property=\"og:locale\" content=\"es_ES\" \/>\n<meta property=\"og:type\" content=\"article\" \/>\n<meta property=\"og:title\" content=\"Corrientes export\u00f3 336 millones de d\u00f3lares y registr\u00f3 un crecimiento de m\u00e1s del 30% - Radio Infinita Goya\" \/>\n<meta property=\"og:description\" content=\"Un informe del Indec se\u00f1al\u00f3 que la regi\u00f3n del NEA aument\u00f3 sus ventas externas en m\u00e1s del 20%. Las exportaciones de la provincia de Corrientes subieron\" \/>\n<meta property=\"og:url\" content=\"https:\/\/radioinfinitagoya.com.ar\/v1\/2026\/03\/11\/corrientes-exporto-336-millones-de-dolares-y-registro-un-crecimiento-de-mas-del-30\/\" \/>\n<meta property=\"og:site_name\" content=\"Radio Infinita Goya\" \/>\n<meta property=\"article:publisher\" content=\"https:\/\/www.facebook.com\/p\/Infinita-Goya-100063870918311\/\" \/>\n<meta property=\"article:published_time\" content=\"2026-03-11T19:27:02+00:00\" \/>\n<meta property=\"og:image\" content=\"https:\/\/radioinfinitagoya.com.ar\/v1\/wp-content\/uploads\/2026\/03\/1773244718019.webp\" \/>\n\t<meta property=\"og:image:width\" content=\"1200\" \/>\n\t<meta property=\"og:image:height\" content=\"675\" \/>\n\t<meta property=\"og:image:type\" content=\"image\/webp\" \/>\n<meta name=\"author\" content=\"Jorge Mi\u00f1o\" \/>\n<meta name=\"twitter:card\" content=\"summary_large_image\" \/>\n<meta name=\"twitter:label1\" content=\"Escrito por\" \/>\n\t<meta name=\"twitter:data1\" content=\"Jorge Mi\u00f1o\" \/>\n\t<meta name=\"twitter:label2\" content=\"Tiempo de lectura\" \/>\n\t<meta name=\"twitter:data2\" content=\"2 minutos\" \/>\n<script type=\"application\/ld+json\" class=\"yoast-schema-graph\">{\"@context\":\"https:\/\/schema.org\",\"@graph\":[{\"@type\":\"Article\",\"@id\":\"https:\/\/radioinfinitagoya.com.ar\/v1\/2026\/03\/11\/corrientes-exporto-336-millones-de-dolares-y-registro-un-crecimiento-de-mas-del-30\/#article\",\"isPartOf\":{\"@id\":\"https:\/\/radioinfinitagoya.com.ar\/v1\/2026\/03\/11\/corrientes-exporto-336-millones-de-dolares-y-registro-un-crecimiento-de-mas-del-30\/\"},\"author\":{\"name\":\"Jorge Mi\u00f1o\",\"@id\":\"https:\/\/radioinfinitagoya.com.ar\/v1\/#\/schema\/person\/d4cf9c413d4f6edb24aabdccab49ca4a\"},\"headline\":\"Corrientes export\u00f3 336 millones de d\u00f3lares y registr\u00f3 un crecimiento de m\u00e1s del 30%\",\"datePublished\":\"2026-03-11T19:27:02+00:00\",\"mainEntityOfPage\":{\"@id\":\"https:\/\/radioinfinitagoya.com.ar\/v1\/2026\/03\/11\/corrientes-exporto-336-millones-de-dolares-y-registro-un-crecimiento-de-mas-del-30\/\"},\"wordCount\":344,\"commentCount\":0,\"publisher\":{\"@id\":\"https:\/\/radioinfinitagoya.com.ar\/v1\/#organization\"},\"image\":{\"@id\":\"https:\/\/radioinfinitagoya.com.ar\/v1\/2026\/03\/11\/corrientes-exporto-336-millones-de-dolares-y-registro-un-crecimiento-de-mas-del-30\/#primaryimage\"},\"thumbnailUrl\":\"https:\/\/radioinfinitagoya.com.ar\/v1\/wp-content\/uploads\/2026\/03\/1773244718019.webp\",\"articleSection\":[\"PROVINCIALES\"],\"inLanguage\":\"es-AR\",\"potentialAction\":[{\"@type\":\"CommentAction\",\"name\":\"Comment\",\"target\":[\"https:\/\/radioinfinitagoya.com.ar\/v1\/2026\/03\/11\/corrientes-exporto-336-millones-de-dolares-y-registro-un-crecimiento-de-mas-del-30\/#respond\"]}]},{\"@type\":\"WebPage\",\"@id\":\"https:\/\/radioinfinitagoya.com.ar\/v1\/2026\/03\/11\/corrientes-exporto-336-millones-de-dolares-y-registro-un-crecimiento-de-mas-del-30\/\",\"url\":\"https:\/\/radioinfinitagoya.com.ar\/v1\/2026\/03\/11\/corrientes-exporto-336-millones-de-dolares-y-registro-un-crecimiento-de-mas-del-30\/\",\"name\":\"Corrientes export\u00f3 336 millones de d\u00f3lares y registr\u00f3 un crecimiento de m\u00e1s del 30% - Radio Infinita Goya\",\"isPartOf\":{\"@id\":\"https:\/\/radioinfinitagoya.com.ar\/v1\/#website\"},\"primaryImageOfPage\":{\"@id\":\"https:\/\/radioinfinitagoya.com.ar\/v1\/2026\/03\/11\/corrientes-exporto-336-millones-de-dolares-y-registro-un-crecimiento-de-mas-del-30\/#primaryimage\"},\"image\":{\"@id\":\"https:\/\/radioinfinitagoya.com.ar\/v1\/2026\/03\/11\/corrientes-exporto-336-millones-de-dolares-y-registro-un-crecimiento-de-mas-del-30\/#primaryimage\"},\"thumbnailUrl\":\"https:\/\/radioinfinitagoya.com.ar\/v1\/wp-content\/uploads\/2026\/03\/1773244718019.webp\",\"datePublished\":\"2026-03-11T19:27:02+00:00\",\"description\":\"Un informe del Indec se\u00f1al\u00f3 que la regi\u00f3n del NEA aument\u00f3 sus ventas externas en m\u00e1s del 20%. Las exportaciones de la provincia de Corrientes subieron\",\"breadcrumb\":{\"@id\":\"https:\/\/radioinfinitagoya.com.ar\/v1\/2026\/03\/11\/corrientes-exporto-336-millones-de-dolares-y-registro-un-crecimiento-de-mas-del-30\/#breadcrumb\"},\"inLanguage\":\"es-AR\",\"potentialAction\":[{\"@type\":\"ReadAction\",\"target\":[\"https:\/\/radioinfinitagoya.com.ar\/v1\/2026\/03\/11\/corrientes-exporto-336-millones-de-dolares-y-registro-un-crecimiento-de-mas-del-30\/\"]}]},{\"@type\":\"ImageObject\",\"inLanguage\":\"es-AR\",\"@id\":\"https:\/\/radioinfinitagoya.com.ar\/v1\/2026\/03\/11\/corrientes-exporto-336-millones-de-dolares-y-registro-un-crecimiento-de-mas-del-30\/#primaryimage\",\"url\":\"https:\/\/radioinfinitagoya.com.ar\/v1\/wp-content\/uploads\/2026\/03\/1773244718019.webp\",\"contentUrl\":\"https:\/\/radioinfinitagoya.com.ar\/v1\/wp-content\/uploads\/2026\/03\/1773244718019.webp\",\"width\":1200,\"height\":675},{\"@type\":\"BreadcrumbList\",\"@id\":\"https:\/\/radioinfinitagoya.com.ar\/v1\/2026\/03\/11\/corrientes-exporto-336-millones-de-dolares-y-registro-un-crecimiento-de-mas-del-30\/#breadcrumb\",\"itemListElement\":[{\"@type\":\"ListItem\",\"position\":1,\"name\":\"Inicio\",\"item\":\"https:\/\/radioinfinitagoya.com.ar\/v1\/\"},{\"@type\":\"ListItem\",\"position\":2,\"name\":\"Corrientes export\u00f3 336 millones de d\u00f3lares y registr\u00f3 un crecimiento de m\u00e1s del 30%\"}]},{\"@type\":\"WebSite\",\"@id\":\"https:\/\/radioinfinitagoya.com.ar\/v1\/#website\",\"url\":\"https:\/\/radioinfinitagoya.com.ar\/v1\/\",\"name\":\"radioinfinitagoya.com.ar\",\"description\":\"Radio de noticias\",\"publisher\":{\"@id\":\"https:\/\/radioinfinitagoya.com.ar\/v1\/#organization\"},\"potentialAction\":[{\"@type\":\"SearchAction\",\"target\":{\"@type\":\"EntryPoint\",\"urlTemplate\":\"https:\/\/radioinfinitagoya.com.ar\/v1\/?s={search_term_string}\"},\"query-input\":{\"@type\":\"PropertyValueSpecification\",\"valueRequired\":true,\"valueName\":\"search_term_string\"}}],\"inLanguage\":\"es-AR\"},{\"@type\":\"Organization\",\"@id\":\"https:\/\/radioinfinitagoya.com.ar\/v1\/#organization\",\"name\":\"Radio Infinita Goya\",\"url\":\"https:\/\/radioinfinitagoya.com.ar\/v1\/\",\"logo\":{\"@type\":\"ImageObject\",\"inLanguage\":\"es-AR\",\"@id\":\"https:\/\/radioinfinitagoya.com.ar\/v1\/#\/schema\/logo\/image\/\",\"url\":\"https:\/\/radioinfinitagoya.com.ar\/v1\/wp-content\/uploads\/2019\/11\/logo-pie-web.png\",\"contentUrl\":\"https:\/\/radioinfinitagoya.com.ar\/v1\/wp-content\/uploads\/2019\/11\/logo-pie-web.png\",\"width\":635,\"height\":326,\"caption\":\"Radio Infinita Goya\"},\"image\":{\"@id\":\"https:\/\/radioinfinitagoya.com.ar\/v1\/#\/schema\/logo\/image\/\"},\"sameAs\":[\"https:\/\/www.facebook.com\/p\/Infinita-Goya-100063870918311\/\"]},{\"@type\":\"Person\",\"@id\":\"https:\/\/radioinfinitagoya.com.ar\/v1\/#\/schema\/person\/d4cf9c413d4f6edb24aabdccab49ca4a\",\"name\":\"Jorge Mi\u00f1o\",\"image\":{\"@type\":\"ImageObject\",\"inLanguage\":\"es-AR\",\"@id\":\"https:\/\/secure.gravatar.com\/avatar\/910fcf6728fe95320e07a6643c1581fec1c7fc4bf8ae12e3d8f0d0373dc844be?s=96&d=mm&r=g\",\"url\":\"https:\/\/secure.gravatar.com\/avatar\/910fcf6728fe95320e07a6643c1581fec1c7fc4bf8ae12e3d8f0d0373dc844be?s=96&d=mm&r=g\",\"contentUrl\":\"https:\/\/secure.gravatar.com\/avatar\/910fcf6728fe95320e07a6643c1581fec1c7fc4bf8ae12e3d8f0d0373dc844be?s=96&d=mm&r=g\",\"caption\":\"Jorge Mi\u00f1o\"},\"sameAs\":[\"http:\/\/radioinfinitagoya.com.ar\"]}]}<\/script>\n<!-- \/ Yoast SEO plugin. -->","yoast_head_json":{"title":"Corrientes export\u00f3 336 millones de d\u00f3lares y registr\u00f3 un crecimiento de m\u00e1s del 30% - Radio Infinita Goya","description":"Un informe del Indec se\u00f1al\u00f3 que la regi\u00f3n del NEA aument\u00f3 sus ventas externas en m\u00e1s del 20%. Las exportaciones de la provincia de Corrientes subieron","robots":{"index":"index","follow":"follow","max-snippet":"max-snippet:-1","max-image-preview":"max-image-preview:large","max-video-preview":"max-video-preview:-1"},"canonical":"https:\/\/radioinfinitagoya.com.ar\/v1\/2026\/03\/11\/corrientes-exporto-336-millones-de-dolares-y-registro-un-crecimiento-de-mas-del-30\/","og_locale":"es_ES","og_type":"article","og_title":"Corrientes export\u00f3 336 millones de d\u00f3lares y registr\u00f3 un crecimiento de m\u00e1s del 30% - Radio Infinita Goya","og_description":"Un informe del Indec se\u00f1al\u00f3 que la regi\u00f3n del NEA aument\u00f3 sus ventas externas en m\u00e1s del 20%. Las exportaciones de la provincia de Corrientes subieron","og_url":"https:\/\/radioinfinitagoya.com.ar\/v1\/2026\/03\/11\/corrientes-exporto-336-millones-de-dolares-y-registro-un-crecimiento-de-mas-del-30\/","og_site_name":"Radio Infinita Goya","article_publisher":"https:\/\/www.facebook.com\/p\/Infinita-Goya-100063870918311\/","article_published_time":"2026-03-11T19:27:02+00:00","og_image":[{"width":1200,"height":675,"url":"https:\/\/radioinfinitagoya.com.ar\/v1\/wp-content\/uploads\/2026\/03\/1773244718019.webp","type":"image\/webp"}],"author":"Jorge Mi\u00f1o","twitter_card":"summary_large_image","twitter_misc":{"Escrito por":"Jorge Mi\u00f1o","Tiempo de lectura":"2 minutos"},"schema":{"@context":"https:\/\/schema.org","@graph":[{"@type":"Article","@id":"https:\/\/radioinfinitagoya.com.ar\/v1\/2026\/03\/11\/corrientes-exporto-336-millones-de-dolares-y-registro-un-crecimiento-de-mas-del-30\/#article","isPartOf":{"@id":"https:\/\/radioinfinitagoya.com.ar\/v1\/2026\/03\/11\/corrientes-exporto-336-millones-de-dolares-y-registro-un-crecimiento-de-mas-del-30\/"},"author":{"name":"Jorge Mi\u00f1o","@id":"https:\/\/radioinfinitagoya.com.ar\/v1\/#\/schema\/person\/d4cf9c413d4f6edb24aabdccab49ca4a"},"headline":"Corrientes export\u00f3 336 millones de d\u00f3lares y registr\u00f3 un crecimiento de m\u00e1s del 30%","datePublished":"2026-03-11T19:27:02+00:00","mainEntityOfPage":{"@id":"https:\/\/radioinfinitagoya.com.ar\/v1\/2026\/03\/11\/corrientes-exporto-336-millones-de-dolares-y-registro-un-crecimiento-de-mas-del-30\/"},"wordCount":344,"commentCount":0,"publisher":{"@id":"https:\/\/radioinfinitagoya.com.ar\/v1\/#organization"},"image":{"@id":"https:\/\/radioinfinitagoya.com.ar\/v1\/2026\/03\/11\/corrientes-exporto-336-millones-de-dolares-y-registro-un-crecimiento-de-mas-del-30\/#primaryimage"},"thumbnailUrl":"https:\/\/radioinfinitagoya.com.ar\/v1\/wp-content\/uploads\/2026\/03\/1773244718019.webp","articleSection":["PROVINCIALES"],"inLanguage":"es-AR","potentialAction":[{"@type":"CommentAction","name":"Comment","target":["https:\/\/radioinfinitagoya.com.ar\/v1\/2026\/03\/11\/corrientes-exporto-336-millones-de-dolares-y-registro-un-crecimiento-de-mas-del-30\/#respond"]}]},{"@type":"WebPage","@id":"https:\/\/radioinfinitagoya.com.ar\/v1\/2026\/03\/11\/corrientes-exporto-336-millones-de-dolares-y-registro-un-crecimiento-de-mas-del-30\/","url":"https:\/\/radioinfinitagoya.com.ar\/v1\/2026\/03\/11\/corrientes-exporto-336-millones-de-dolares-y-registro-un-crecimiento-de-mas-del-30\/","name":"Corrientes export\u00f3 336 millones de d\u00f3lares y registr\u00f3 un crecimiento de m\u00e1s del 30% - Radio Infinita Goya","isPartOf":{"@id":"https:\/\/radioinfinitagoya.com.ar\/v1\/#website"},"primaryImageOfPage":{"@id":"https:\/\/radioinfinitagoya.com.ar\/v1\/2026\/03\/11\/corrientes-exporto-336-millones-de-dolares-y-registro-un-crecimiento-de-mas-del-30\/#primaryimage"},"image":{"@id":"https:\/\/radioinfinitagoya.com.ar\/v1\/2026\/03\/11\/corrientes-exporto-336-millones-de-dolares-y-registro-un-crecimiento-de-mas-del-30\/#primaryimage"},"thumbnailUrl":"https:\/\/radioinfinitagoya.com.ar\/v1\/wp-content\/uploads\/2026\/03\/1773244718019.webp","datePublished":"2026-03-11T19:27:02+00:00","description":"Un informe del Indec se\u00f1al\u00f3 que la regi\u00f3n del NEA aument\u00f3 sus ventas externas en m\u00e1s del 20%. Las exportaciones de la provincia de Corrientes subieron","breadcrumb":{"@id":"https:\/\/radioinfinitagoya.com.ar\/v1\/2026\/03\/11\/corrientes-exporto-336-millones-de-dolares-y-registro-un-crecimiento-de-mas-del-30\/#breadcrumb"},"inLanguage":"es-AR","potentialAction":[{"@type":"ReadAction","target":["https:\/\/radioinfinitagoya.com.ar\/v1\/2026\/03\/11\/corrientes-exporto-336-millones-de-dolares-y-registro-un-crecimiento-de-mas-del-30\/"]}]},{"@type":"ImageObject","inLanguage":"es-AR","@id":"https:\/\/radioinfinitagoya.com.ar\/v1\/2026\/03\/11\/corrientes-exporto-336-millones-de-dolares-y-registro-un-crecimiento-de-mas-del-30\/#primaryimage","url":"https:\/\/radioinfinitagoya.com.ar\/v1\/wp-content\/uploads\/2026\/03\/1773244718019.webp","contentUrl":"https:\/\/radioinfinitagoya.com.ar\/v1\/wp-content\/uploads\/2026\/03\/1773244718019.webp","width":1200,"height":675},{"@type":"BreadcrumbList","@id":"https:\/\/radioinfinitagoya.com.ar\/v1\/2026\/03\/11\/corrientes-exporto-336-millones-de-dolares-y-registro-un-crecimiento-de-mas-del-30\/#breadcrumb","itemListElement":[{"@type":"ListItem","position":1,"name":"Inicio","item":"https:\/\/radioinfinitagoya.com.ar\/v1\/"},{"@type":"ListItem","position":2,"name":"Corrientes export\u00f3 336 millones de d\u00f3lares y registr\u00f3 un crecimiento de m\u00e1s del 30%"}]},{"@type":"WebSite","@id":"https:\/\/radioinfinitagoya.com.ar\/v1\/#website","url":"https:\/\/radioinfinitagoya.com.ar\/v1\/","name":"radioinfinitagoya.com.ar","description":"Radio de noticias","publisher":{"@id":"https:\/\/radioinfinitagoya.com.ar\/v1\/#organization"},"potentialAction":[{"@type":"SearchAction","target":{"@type":"EntryPoint","urlTemplate":"https:\/\/radioinfinitagoya.com.ar\/v1\/?s={search_term_string}"},"query-input":{"@type":"PropertyValueSpecification","valueRequired":true,"valueName":"search_term_string"}}],"inLanguage":"es-AR"},{"@type":"Organization","@id":"https:\/\/radioinfinitagoya.com.ar\/v1\/#organization","name":"Radio Infinita Goya","url":"https:\/\/radioinfinitagoya.com.ar\/v1\/","logo":{"@type":"ImageObject","inLanguage":"es-AR","@id":"https:\/\/radioinfinitagoya.com.ar\/v1\/#\/schema\/logo\/image\/","url":"https:\/\/radioinfinitagoya.com.ar\/v1\/wp-content\/uploads\/2019\/11\/logo-pie-web.png","contentUrl":"https:\/\/radioinfinitagoya.com.ar\/v1\/wp-content\/uploads\/2019\/11\/logo-pie-web.png","width":635,"height":326,"caption":"Radio Infinita Goya"},"image":{"@id":"https:\/\/radioinfinitagoya.com.ar\/v1\/#\/schema\/logo\/image\/"},"sameAs":["https:\/\/www.facebook.com\/p\/Infinita-Goya-100063870918311\/"]},{"@type":"Person","@id":"https:\/\/radioinfinitagoya.com.ar\/v1\/#\/schema\/person\/d4cf9c413d4f6edb24aabdccab49ca4a","name":"Jorge Mi\u00f1o","image":{"@type":"ImageObject","inLanguage":"es-AR","@id":"https:\/\/secure.gravatar.com\/avatar\/910fcf6728fe95320e07a6643c1581fec1c7fc4bf8ae12e3d8f0d0373dc844be?s=96&d=mm&r=g","url":"https:\/\/secure.gravatar.com\/avatar\/910fcf6728fe95320e07a6643c1581fec1c7fc4bf8ae12e3d8f0d0373dc844be?s=96&d=mm&r=g","contentUrl":"https:\/\/secure.gravatar.com\/avatar\/910fcf6728fe95320e07a6643c1581fec1c7fc4bf8ae12e3d8f0d0373dc844be?s=96&d=mm&r=g","caption":"Jorge Mi\u00f1o"},"sameAs":["http:\/\/radioinfinitagoya.com.ar"]}]}},"_links":{"self":[{"href":"https:\/\/radioinfinitagoya.com.ar\/v1\/wp-json\/wp\/v2\/posts\/210002","targetHints":{"allow":["GET"]}}],"collection":[{"href":"https:\/\/radioinfinitagoya.com.ar\/v1\/wp-json\/wp\/v2\/posts"}],"about":[{"href":"https:\/\/radioinfinitagoya.com.ar\/v1\/wp-json\/wp\/v2\/types\/post"}],"author":[{"embeddable":true,"href":"https:\/\/radioinfinitagoya.com.ar\/v1\/wp-json\/wp\/v2\/users\/4"}],"replies":[{"embeddable":true,"href":"https:\/\/radioinfinitagoya.com.ar\/v1\/wp-json\/wp\/v2\/comments?post=210002"}],"version-history":[{"count":0,"href":"https:\/\/radioinfinitagoya.com.ar\/v1\/wp-json\/wp\/v2\/posts\/210002\/revisions"}],"wp:featuredmedia":[{"embeddable":true,"href":"https:\/\/radioinfinitagoya.com.ar\/v1\/wp-json\/wp\/v2\/media\/210003"}],"wp:attachment":[{"href":"https:\/\/radioinfinitagoya.com.ar\/v1\/wp-json\/wp\/v2\/media?parent=210002"}],"wp:term":[{"taxonomy":"category","embeddable":true,"href":"https:\/\/radioinfinitagoya.com.ar\/v1\/wp-json\/wp\/v2\/categories?post=210002"},{"taxonomy":"post_tag","embeddable":true,"href":"https:\/\/radioinfinitagoya.com.ar\/v1\/wp-json\/wp\/v2\/tags?post=210002"}],"curies":[{"name":"wp","href":"https:\/\/api.w.org\/{rel}","templated":true}]}}