{"id":210017,"date":"2026-03-11T16:52:56","date_gmt":"2026-03-11T19:52:56","guid":{"rendered":"https:\/\/radioinfinitagoya.com.ar\/v1\/?p=210017"},"modified":"2026-03-11T16:52:56","modified_gmt":"2026-03-11T19:52:56","slug":"el-ministro-de-deportes-de-iran-aseguro-que-la-seleccion-no-jugara-el-mundial","status":"publish","type":"post","link":"https:\/\/radioinfinitagoya.com.ar\/v1\/2026\/03\/11\/el-ministro-de-deportes-de-iran-aseguro-que-la-seleccion-no-jugara-el-mundial\/","title":{"rendered":"El ministro de Deportes de Ir\u00e1n asegur\u00f3 que la selecci\u00f3n no jugar\u00e1 el Mundial"},"content":{"rendered":"<p>\u201cNo hay condiciones para participar\u201d<\/p>\n<p>En medio de la guerra en Medio Oriente, uno de los directivos del r\u00e9gimen fue contundente sobre la mirada de participar en la Copa del Mundo<\/p>\n<p>En medio de la guerra en Medio Oriente y a menos de 100 d\u00edas del comienzo del Mundial 2026, una declaraciones gener\u00f3 impacto en el mundo del f\u00fatbol. El ministro de Deportes de Ir\u00e1n, Ahmad Donyamali, asegur\u00f3 que la decisi\u00f3n del r\u00e9gimen es retirar a su selecci\u00f3n de la Copa del Mundo a jugarse en Estados Unidos, Canad\u00e1 y M\u00e9xico. Hasta el momento, la FIFA no hizo oficial que el equipo no disputar\u00e1 el m\u00e1ximo torneo.<\/p>\n<p>Esa decisi\u00f3n responde a la actual escalada de violencia en la regi\u00f3n y al impacto directo provocado por el ataque en el que result\u00f3 muerto el l\u00edder del r\u00e9gimen iran\u00ed, el ayatol\u00e1 Al\u00ed Jamenei, el pasado 28 de febrero. As\u00ed lo comunic\u00f3 uno de los referentes del deporte del pa\u00eds en declaraciones televisivas A DPA, recogidas en diversos medios europeos e internacionales.<\/p>\n<p>Donyamali justific\u00f3 la exclusi\u00f3n del torneo atribuy\u00e9ndola a la combinaci\u00f3n de factores b\u00e9licos y represalias internacionales que, seg\u00fan detall\u00f3, han provocado la muerte de \u201cvarios miles de ciudadanos\u201d en los \u00faltimos ocho o nueve meses. El funcionario constat\u00f3: \u201cDefinitivamente, no tenemos ninguna posibilidad de participar de esta manera\u201d en la Copa del Mundo tras el ataque estadounidense e israel\u00ed al pa\u00eds.<\/p>\n<p>La selecci\u00f3n de Ir\u00e1n deb\u00eda competir en tres encuentros del Grupo G, todos ellos en ciudades estadounidenses: dos partidos en Los \u00c1ngeles y uno en Seattle contra a las selecciones de B\u00e9lgica, Egipto y Nueva Zelanda. A pesar de la tensi\u00f3n pol\u00edtica y el conflicto abierto, la organizaci\u00f3n del evento no cerr\u00f3 la puerta a la participaci\u00f3n iran\u00ed. De acuerdo con el presidente de la FIFA Gianni Infantino, el presidente de Estados Unidos Donald Trump declar\u00f3 tras una reuni\u00f3n reciente: \u201cEl combinado asi\u00e1tico es bienvenido al pa\u00eds\u201c.<\/p>\n<p>\u201cTodos necesitamos un evento como la Copa Mundial de la FIFA para unir a la gente ahora m\u00e1s que nunca\u201d, recalc\u00f3 Infantino en medio de las tensiones en Medio Oriente.<\/p>\n<p>M\u00e1s all\u00e1 del Mundial masculino, el contexto pol\u00edtico te\u00f1ido de confrontaci\u00f3n ha alcanzado tambi\u00e9n al f\u00fatbol femenino iran\u00ed. El presidente de la Federaci\u00f3n Iran\u00ed de F\u00fatbol, Mehdi Taj, sugiri\u00f3 p\u00fablicamente la posibilidad de un boicot tras los hechos ocurridos durante la \u00faltima Copa de Asia femenina en Australia. En ese torneo, seis jugadoras del equipo iran\u00ed optaron por permanecer en Australia, amparadas por visados humanitarios concedidos por el gobierno anfitri\u00f3n. Seg\u00fan informaciones del medio, Trump hab\u00eda afirmado que su administraci\u00f3n intervendr\u00eda con la misma medida humanitaria si fuera necesario.<\/p>\n<p><img loading=\"lazy\" decoding=\"async\" class=\"alignnone size-full wp-image-210019\" src=\"https:\/\/radioinfinitagoya.com.ar\/v1\/wp-content\/uploads\/2026\/03\/AQ7LSDZJZBD7JDA5INQCGAVKRA.avif\" alt=\"\" width=\"992\" height=\"672\" srcset=\"https:\/\/radioinfinitagoya.com.ar\/v1\/wp-content\/uploads\/2026\/03\/AQ7LSDZJZBD7JDA5INQCGAVKRA.avif 992w, https:\/\/radioinfinitagoya.com.ar\/v1\/wp-content\/uploads\/2026\/03\/AQ7LSDZJZBD7JDA5INQCGAVKRA-150x102.jpg 150w, https:\/\/radioinfinitagoya.com.ar\/v1\/wp-content\/uploads\/2026\/03\/AQ7LSDZJZBD7JDA5INQCGAVKRA-768x520.jpg 768w, https:\/\/radioinfinitagoya.com.ar\/v1\/wp-content\/uploads\/2026\/03\/AQ7LSDZJZBD7JDA5INQCGAVKRA-620x420.jpg 620w, https:\/\/radioinfinitagoya.com.ar\/v1\/wp-content\/uploads\/2026\/03\/AQ7LSDZJZBD7JDA5INQCGAVKRA-696x471.jpg 696w\" sizes=\"auto, (max-width: 992px) 100vw, 992px\" \/>Taj plante\u00f3 abiertamente su escepticismo ante la neutralidad del entorno competitivo en Estados Unidos. El dirigente pregunt\u00f3: \u201c\u00bfQu\u00e9 persona sensata enviar\u00eda a su selecci\u00f3n nacional a Estados Unidos si la Copa del Mundo fuera tan pol\u00edtica como lo fue la Copa de Asia en Australia?\u201d.<\/p>\n<p>La cr\u00edtica iran\u00ed no se limita al plano deportivo. Donyamali asegur\u00f3 que la situaci\u00f3n se ha agravado por lo que \u00e9l calific\u00f3 como \u201cmedidas maliciosas tomadas contra Ir\u00e1n\u201d y denunci\u00f3 las consecuencias de \u201cdos guerras en ocho o nueve meses\u201d. En su intervenci\u00f3n, a\u00f1adi\u00f3: \u201cDado que este gobierno corrupto ha asesinado a nuestro l\u00edder, no hay condiciones en las que podamos participar en la Copa del Mundo\u201d.<\/p>\n<p>El ministro tambi\u00e9n repudi\u00f3 el trato de Estados Unidos hacia los futbolistas iran\u00edes, ironizando sobre lo que denomin\u00f3 un doble est\u00e1ndar: \u201c\u00bfMasacran a inocentes y quieren secuestrar a nuestras atletas para salvarlas?\u201d. Estas declaraciones ilustran c\u00f3mo las tensiones geopol\u00edticas y las decisiones estatales afectan el calendario internacional de f\u00fatbol y exponen la instrumentaci\u00f3n pol\u00edtica del deporte en el dif\u00edcil marco actual de Ir\u00e1n<\/p>\n<p>QU\u00c9 DICE EL REGLAMENTO DE LA FIFA SOBRE EL RETIRO DE UNA SELECCI\u00d3N<\/p>\n<p><img loading=\"lazy\" decoding=\"async\" class=\"alignnone size-full wp-image-210020\" src=\"https:\/\/radioinfinitagoya.com.ar\/v1\/wp-content\/uploads\/2026\/03\/RKQAAL3QGFEKVNOQERYU7UKYMI.avif\" alt=\"\" width=\"992\" height=\"661\" srcset=\"https:\/\/radioinfinitagoya.com.ar\/v1\/wp-content\/uploads\/2026\/03\/RKQAAL3QGFEKVNOQERYU7UKYMI.avif 992w, https:\/\/radioinfinitagoya.com.ar\/v1\/wp-content\/uploads\/2026\/03\/RKQAAL3QGFEKVNOQERYU7UKYMI-150x100.jpg 150w, https:\/\/radioinfinitagoya.com.ar\/v1\/wp-content\/uploads\/2026\/03\/RKQAAL3QGFEKVNOQERYU7UKYMI-768x512.jpg 768w, https:\/\/radioinfinitagoya.com.ar\/v1\/wp-content\/uploads\/2026\/03\/RKQAAL3QGFEKVNOQERYU7UKYMI-630x420.jpg 630w, https:\/\/radioinfinitagoya.com.ar\/v1\/wp-content\/uploads\/2026\/03\/RKQAAL3QGFEKVNOQERYU7UKYMI-696x464.jpg 696w\" sizes=\"auto, (max-width: 992px) 100vw, 992px\" \/>La posible ausencia de Ir\u00e1n en la Copa del Mundo 2026 implicar\u00eda no solo una sanci\u00f3n econ\u00f3mica sustancial, sino tambi\u00e9n la posibilidad de que la selecci\u00f3n sea reemplazada por otra federaci\u00f3n asi\u00e1tica. Seg\u00fan los reglamentos de la FIFA, la retirada o exclusi\u00f3n de una selecci\u00f3n nacional conlleva consecuencias disciplinarias y financieras que pueden extenderse a futuras competencias, una decisi\u00f3n cuyo desenlace podr\u00eda modificar el panorama del f\u00fatbol asi\u00e1tico.<\/p>\n<p>El reglamento para el Mundial 2026 especifica que, si una federaci\u00f3n opta por retirarse hasta 30 d\u00edas antes del inicio del torneo, la Comisi\u00f3n Disciplinaria de la FIFA establece una multa m\u00ednima de 275.000 euros. Si la retirada acontece en los 30 d\u00edas previos al debut, la sanci\u00f3n econ\u00f3mica asciende a 550.000 euros como m\u00ednimo.<\/p>\n<p>Las penalizaciones no se limitan a aspectos financieros. De acuerdo con el art\u00edculo 6.2 del reglamento citado por el diario espa\u00f1ol AS, la federaci\u00f3n implicada debe devolver todos los fondos recibidos de la FIFA para la preparaci\u00f3n del equipo y los pagos vinculados al torneo. El reglamento tambi\u00e9n habilita a la Comisi\u00f3n Disciplinaria a imponer medidas adicionales, considerando el momento de la retirada y la gravedad de la infracci\u00f3n. Entre las posibles medidas figura la exclusi\u00f3n de la federaci\u00f3n involucrada de futuras competiciones internacionales.<\/p>\n<p>Por su parte, el apartado 6.7 especifica que \u201csi una federaci\u00f3n participante se retirara o quedara excluida del Mundial de la FIFA 26, la FIFA decidir\u00e1 a su entera discreci\u00f3n al respecto y emprender\u00e1 las acciones que considere necesarias. La FIFA podr\u00e1 decidir, en particular, sustituir dicha federaci\u00f3n por otra\u201d.<\/p>\n<p>Ocho equipos de Asia tienen lugar asegurado para el Mundial 2026: Arabia Saud\u00ed, Australia, Qatar, Corea del Sur, Uzbekist\u00e1n, Jap\u00f3n, Jordania e Ir\u00e1n. Si la selecci\u00f3n iran\u00ed no asiste finalmente, la normativa indica que la plaza vacante se adjudicar\u00eda a otra federaci\u00f3n de la AFC (Confederaci\u00f3n Asi\u00e1tica de F\u00fatbol).<\/p>\n<p>En estos momentos, Irak se encuentra clasificada para el repechaje internacional, una instancia que le concede la oportunidad de disputar uno de los dos cupos adicionales que entrega para el torneo. El partido se celebrar\u00e1 el 31 de marzo en la ciudad de Monterrey, M\u00e9xico, frente al ganador del encuentro entre Bolivia y Surinam. El que gane de esa serie, tendr\u00e1 su boleto mundialista.<\/p>\n<p>El combinado iraqu\u00ed lleg\u00f3 a esta fase tras eliminar a Emiratos \u00c1rabes Unidos con un gol de penalti en el minuto 107, asegurando as\u00ed su presencia en el mini torneo que entregar\u00e1 intercontinental. En caso de que Ir\u00e1n renuncie a su plaza, crece la chance que Irak sea elegida para ocupar ese puesto, ya que fue la selecci\u00f3n asi\u00e1tica que alcanz\u00f3 la instancia m\u00e1s avanzada en las eliminatorias sin lograr la clasificaci\u00f3n directa. No obstante, el combinado iraqu\u00ed solicit\u00f3 el aplazamiento del repechaje internacional debido a complicaciones derivadas del conflicto en Medio Oriente, lo que pone en duda su participaci\u00f3n en el mini torneo a jugarse en territorio mexicano.<\/p>\n<p>Si finalmente Irak recibe la plaza directa, Emiratos \u00c1rabes Unidos ser\u00eda quien dispute la repesca intercontinental. Esta mec\u00e1nica tiene precedentes recientes: durante el \u00faltimo Mundial de Clubes, el club mexicano Le\u00f3n fue excluido y su puesto se defini\u00f3 en un partido entre Los Angeles FC y Am\u00e9rica.<\/p>\n<p><img loading=\"lazy\" decoding=\"async\" class=\"alignnone size-full wp-image-210021\" src=\"https:\/\/radioinfinitagoya.com.ar\/v1\/wp-content\/uploads\/2026\/03\/3G3HVDKQ5JCYPFMZDNZMPT5CBM.avif\" alt=\"\" width=\"992\" height=\"1240\" srcset=\"https:\/\/radioinfinitagoya.com.ar\/v1\/wp-content\/uploads\/2026\/03\/3G3HVDKQ5JCYPFMZDNZMPT5CBM.avif 992w, https:\/\/radioinfinitagoya.com.ar\/v1\/wp-content\/uploads\/2026\/03\/3G3HVDKQ5JCYPFMZDNZMPT5CBM-120x150.jpg 120w, https:\/\/radioinfinitagoya.com.ar\/v1\/wp-content\/uploads\/2026\/03\/3G3HVDKQ5JCYPFMZDNZMPT5CBM-768x960.jpg 768w, https:\/\/radioinfinitagoya.com.ar\/v1\/wp-content\/uploads\/2026\/03\/3G3HVDKQ5JCYPFMZDNZMPT5CBM-336x420.jpg 336w, https:\/\/radioinfinitagoya.com.ar\/v1\/wp-content\/uploads\/2026\/03\/3G3HVDKQ5JCYPFMZDNZMPT5CBM-696x870.jpg 696w\" sizes=\"auto, (max-width: 992px) 100vw, 992px\" \/>LAS SELECCIONES CLASIFICADAS AL MUNDIAL 2026 (42\/42)<br \/>\n\u2022 Conmebol (6\/6): Argentina, Ecuador, Colombia, Uruguay, Brasil y Paraguay.<\/p>\n<p>\u2022 Concacaf (3\/6): M\u00e9xico*, Estados Unidos* y Canad\u00e1*. Panam\u00e1, Curazao y Hait\u00ed.<\/p>\n<p>\u2022 \u00c1frica (9\/9): Marruecos, T\u00fanez, Egipto, Argelia, Ghana, Cabo Verde, Sud\u00e1frica, Costa de Marfil y Senegal.<\/p>\n<p>\u2022 Asia (8\/8): Jap\u00f3n, Ir\u00e1n, Uzbekist\u00e1n, Corea del Sur, Jordania, Australia, Qatar y Arabia Saudita.<\/p>\n<p>\u2022 Ocean\u00eda (1\/1): Nueva Zelanda.<\/p>\n<p>\u2022 Europa (12\/12): Inglaterra, Francia, Croacia, Portugal, Alemania, Pa\u00edses Bajos, Noruega, Austria, B\u00e9lgica, Escocia, Suiza y Espa\u00f1a.<\/p>\n<p>* Pa\u00edses organizadores.<\/p>\n<p>AS\u00cd SE JUGAR\u00c1 EL REPECHAJE INTERCONTINENTAL<\/p>\n<p><img loading=\"lazy\" decoding=\"async\" class=\"alignnone size-full wp-image-210022\" src=\"https:\/\/radioinfinitagoya.com.ar\/v1\/wp-content\/uploads\/2026\/03\/EPIKPG3I3RGB7CEENSJJE3U6OA.avif\" alt=\"\" width=\"992\" height=\"1240\" srcset=\"https:\/\/radioinfinitagoya.com.ar\/v1\/wp-content\/uploads\/2026\/03\/EPIKPG3I3RGB7CEENSJJE3U6OA.avif 992w, https:\/\/radioinfinitagoya.com.ar\/v1\/wp-content\/uploads\/2026\/03\/EPIKPG3I3RGB7CEENSJJE3U6OA-120x150.jpg 120w, https:\/\/radioinfinitagoya.com.ar\/v1\/wp-content\/uploads\/2026\/03\/EPIKPG3I3RGB7CEENSJJE3U6OA-768x960.jpg 768w, https:\/\/radioinfinitagoya.com.ar\/v1\/wp-content\/uploads\/2026\/03\/EPIKPG3I3RGB7CEENSJJE3U6OA-336x420.jpg 336w, https:\/\/radioinfinitagoya.com.ar\/v1\/wp-content\/uploads\/2026\/03\/EPIKPG3I3RGB7CEENSJJE3U6OA-696x870.jpg 696w\" sizes=\"auto, (max-width: 992px) 100vw, 992px\" \/>El torneo tendr\u00e1 la presencia de dos representantes de la Concacaf, junto a uno de la AFC, uno de la CAF, uno de la Conmebol y uno de la OFC. Es importante mencionar que este mini certamen se jugar\u00e1 durante la ventana internacional del 23 y el 31 de marzo en M\u00e9xico (Guadalajara y Monterrey), en la que se definir\u00e1 el destino de las \u00faltimas plazas mundialistas.<\/p>\n<p>El formato del certamen establece que las cuatro selecciones con menor posici\u00f3n en el ranking de la FIFA se medir\u00e1n en una ronda de semifinales. Por su parte, los dos equipos mejor ubicados en dicha n\u00f3mina avanzar\u00e1n de forma directa a las finales, donde esperar\u00e1n a los ganadores de los cruces. Las finales determinar\u00e1n a los dos conjuntos que completar\u00e1n el cuadro de participantes de la Copa del Mundo. Tras la reciente actualizaci\u00f3n del ranking de la FIFA, qued\u00f3 establecido que Rep\u00fablica Democr\u00e1tica del Congo (56\u00b0) e Irak (58\u00b0) ser\u00e1n los que jugar\u00e1n las definiciones ante los equipos que se eliminar\u00e1n. Previamente, habr\u00e1 cruces entre Jamaica (70\u00b0), Bolivia (76\u00b0), Surinam (123\u00b0) y Nueva Caledonia (149\u00b0).<\/p>\n<p>As\u00ed se jugar\u00e1n las llaves entre las seis selecciones por fuera de Europa que alcanzaron la repesca intercontinental:<\/p>\n<p>&#8211; Nueva Caledonia vs. Jamaica: el ganador jugar\u00e1 la final contra RD Congo<\/p>\n<p>&#8211; Bolivia vs. Surinam: el ganador jugar\u00e1 la final contra Irak<\/p>\n<p>&nbsp;<\/p>\n<p>&nbsp;<\/p>\n","protected":false},"excerpt":{"rendered":"<p>\u201cNo hay condiciones para participar\u201d En medio de la guerra en Medio Oriente, uno de los directivos del r\u00e9gimen fue contundente sobre la mirada de participar en la Copa del Mundo En medio de la guerra en Medio Oriente y a menos de 100 d\u00edas del comienzo del Mundial 2026, una declaraciones gener\u00f3 impacto en [&hellip;]<\/p>\n","protected":false},"author":4,"featured_media":210018,"comment_status":"open","ping_status":"open","sticky":false,"template":"","format":"standard","meta":{"_joinchat":[],"footnotes":""},"categories":[28],"tags":[],"class_list":{"0":"post-210017","1":"post","2":"type-post","3":"status-publish","4":"format-standard","5":"has-post-thumbnail","7":"category-deportes"},"yoast_head":"<!-- This site is optimized with the Yoast SEO plugin v27.2 - https:\/\/yoast.com\/product\/yoast-seo-wordpress\/ -->\n<title>El ministro de Deportes de Ir\u00e1n asegur\u00f3 que la selecci\u00f3n no jugar\u00e1 el Mundial - Radio Infinita Goya<\/title>\n<meta name=\"description\" content=\"\u201cNo hay condiciones para participar\u201d En medio de la guerra en Medio Oriente, uno de los directivos del r\u00e9gimen fue contundente sobre la mirada de\" \/>\n<meta name=\"robots\" content=\"index, follow, max-snippet:-1, max-image-preview:large, max-video-preview:-1\" \/>\n<link rel=\"canonical\" href=\"https:\/\/radioinfinitagoya.com.ar\/v1\/2026\/03\/11\/el-ministro-de-deportes-de-iran-aseguro-que-la-seleccion-no-jugara-el-mundial\/\" \/>\n<meta property=\"og:locale\" content=\"es_ES\" \/>\n<meta property=\"og:type\" content=\"article\" \/>\n<meta property=\"og:title\" content=\"El ministro de Deportes de Ir\u00e1n asegur\u00f3 que la selecci\u00f3n no jugar\u00e1 el Mundial - Radio Infinita Goya\" \/>\n<meta property=\"og:description\" content=\"\u201cNo hay condiciones para participar\u201d En medio de la guerra en Medio Oriente, uno de los directivos del r\u00e9gimen fue contundente sobre la mirada de\" \/>\n<meta property=\"og:url\" content=\"https:\/\/radioinfinitagoya.com.ar\/v1\/2026\/03\/11\/el-ministro-de-deportes-de-iran-aseguro-que-la-seleccion-no-jugara-el-mundial\/\" \/>\n<meta property=\"og:site_name\" content=\"Radio Infinita Goya\" \/>\n<meta property=\"article:publisher\" content=\"https:\/\/www.facebook.com\/p\/Infinita-Goya-100063870918311\/\" \/>\n<meta property=\"article:published_time\" content=\"2026-03-11T19:52:56+00:00\" \/>\n<meta property=\"og:image\" content=\"https:\/\/radioinfinitagoya.com.ar\/v1\/wp-content\/uploads\/2026\/03\/L7gLU6jW.jpg\" \/>\n\t<meta property=\"og:image:width\" content=\"680\" \/>\n\t<meta property=\"og:image:height\" content=\"340\" \/>\n\t<meta property=\"og:image:type\" content=\"image\/jpeg\" \/>\n<meta name=\"author\" content=\"Jorge Mi\u00f1o\" \/>\n<meta name=\"twitter:card\" content=\"summary_large_image\" \/>\n<meta name=\"twitter:label1\" content=\"Escrito por\" \/>\n\t<meta name=\"twitter:data1\" content=\"Jorge Mi\u00f1o\" \/>\n\t<meta name=\"twitter:label2\" content=\"Tiempo de lectura\" \/>\n\t<meta name=\"twitter:data2\" content=\"8 minutos\" \/>\n<script type=\"application\/ld+json\" class=\"yoast-schema-graph\">{\"@context\":\"https:\/\/schema.org\",\"@graph\":[{\"@type\":\"Article\",\"@id\":\"https:\/\/radioinfinitagoya.com.ar\/v1\/2026\/03\/11\/el-ministro-de-deportes-de-iran-aseguro-que-la-seleccion-no-jugara-el-mundial\/#article\",\"isPartOf\":{\"@id\":\"https:\/\/radioinfinitagoya.com.ar\/v1\/2026\/03\/11\/el-ministro-de-deportes-de-iran-aseguro-que-la-seleccion-no-jugara-el-mundial\/\"},\"author\":{\"name\":\"Jorge Mi\u00f1o\",\"@id\":\"https:\/\/radioinfinitagoya.com.ar\/v1\/#\/schema\/person\/d4cf9c413d4f6edb24aabdccab49ca4a\"},\"headline\":\"El ministro de Deportes de Ir\u00e1n asegur\u00f3 que la selecci\u00f3n no jugar\u00e1 el Mundial\",\"datePublished\":\"2026-03-11T19:52:56+00:00\",\"mainEntityOfPage\":{\"@id\":\"https:\/\/radioinfinitagoya.com.ar\/v1\/2026\/03\/11\/el-ministro-de-deportes-de-iran-aseguro-que-la-seleccion-no-jugara-el-mundial\/\"},\"wordCount\":1592,\"commentCount\":0,\"publisher\":{\"@id\":\"https:\/\/radioinfinitagoya.com.ar\/v1\/#organization\"},\"image\":{\"@id\":\"https:\/\/radioinfinitagoya.com.ar\/v1\/2026\/03\/11\/el-ministro-de-deportes-de-iran-aseguro-que-la-seleccion-no-jugara-el-mundial\/#primaryimage\"},\"thumbnailUrl\":\"https:\/\/radioinfinitagoya.com.ar\/v1\/wp-content\/uploads\/2026\/03\/L7gLU6jW.jpg\",\"articleSection\":[\"DEPORTES\"],\"inLanguage\":\"es-AR\",\"potentialAction\":[{\"@type\":\"CommentAction\",\"name\":\"Comment\",\"target\":[\"https:\/\/radioinfinitagoya.com.ar\/v1\/2026\/03\/11\/el-ministro-de-deportes-de-iran-aseguro-que-la-seleccion-no-jugara-el-mundial\/#respond\"]}]},{\"@type\":\"WebPage\",\"@id\":\"https:\/\/radioinfinitagoya.com.ar\/v1\/2026\/03\/11\/el-ministro-de-deportes-de-iran-aseguro-que-la-seleccion-no-jugara-el-mundial\/\",\"url\":\"https:\/\/radioinfinitagoya.com.ar\/v1\/2026\/03\/11\/el-ministro-de-deportes-de-iran-aseguro-que-la-seleccion-no-jugara-el-mundial\/\",\"name\":\"El ministro de Deportes de Ir\u00e1n asegur\u00f3 que la selecci\u00f3n no jugar\u00e1 el Mundial - Radio Infinita Goya\",\"isPartOf\":{\"@id\":\"https:\/\/radioinfinitagoya.com.ar\/v1\/#website\"},\"primaryImageOfPage\":{\"@id\":\"https:\/\/radioinfinitagoya.com.ar\/v1\/2026\/03\/11\/el-ministro-de-deportes-de-iran-aseguro-que-la-seleccion-no-jugara-el-mundial\/#primaryimage\"},\"image\":{\"@id\":\"https:\/\/radioinfinitagoya.com.ar\/v1\/2026\/03\/11\/el-ministro-de-deportes-de-iran-aseguro-que-la-seleccion-no-jugara-el-mundial\/#primaryimage\"},\"thumbnailUrl\":\"https:\/\/radioinfinitagoya.com.ar\/v1\/wp-content\/uploads\/2026\/03\/L7gLU6jW.jpg\",\"datePublished\":\"2026-03-11T19:52:56+00:00\",\"description\":\"\u201cNo hay condiciones para participar\u201d En medio de la guerra en Medio Oriente, uno de los directivos del r\u00e9gimen fue contundente sobre la mirada de\",\"breadcrumb\":{\"@id\":\"https:\/\/radioinfinitagoya.com.ar\/v1\/2026\/03\/11\/el-ministro-de-deportes-de-iran-aseguro-que-la-seleccion-no-jugara-el-mundial\/#breadcrumb\"},\"inLanguage\":\"es-AR\",\"potentialAction\":[{\"@type\":\"ReadAction\",\"target\":[\"https:\/\/radioinfinitagoya.com.ar\/v1\/2026\/03\/11\/el-ministro-de-deportes-de-iran-aseguro-que-la-seleccion-no-jugara-el-mundial\/\"]}]},{\"@type\":\"ImageObject\",\"inLanguage\":\"es-AR\",\"@id\":\"https:\/\/radioinfinitagoya.com.ar\/v1\/2026\/03\/11\/el-ministro-de-deportes-de-iran-aseguro-que-la-seleccion-no-jugara-el-mundial\/#primaryimage\",\"url\":\"https:\/\/radioinfinitagoya.com.ar\/v1\/wp-content\/uploads\/2026\/03\/L7gLU6jW.jpg\",\"contentUrl\":\"https:\/\/radioinfinitagoya.com.ar\/v1\/wp-content\/uploads\/2026\/03\/L7gLU6jW.jpg\",\"width\":680,\"height\":340},{\"@type\":\"BreadcrumbList\",\"@id\":\"https:\/\/radioinfinitagoya.com.ar\/v1\/2026\/03\/11\/el-ministro-de-deportes-de-iran-aseguro-que-la-seleccion-no-jugara-el-mundial\/#breadcrumb\",\"itemListElement\":[{\"@type\":\"ListItem\",\"position\":1,\"name\":\"Inicio\",\"item\":\"https:\/\/radioinfinitagoya.com.ar\/v1\/\"},{\"@type\":\"ListItem\",\"position\":2,\"name\":\"El ministro de Deportes de Ir\u00e1n asegur\u00f3 que la selecci\u00f3n no jugar\u00e1 el Mundial\"}]},{\"@type\":\"WebSite\",\"@id\":\"https:\/\/radioinfinitagoya.com.ar\/v1\/#website\",\"url\":\"https:\/\/radioinfinitagoya.com.ar\/v1\/\",\"name\":\"radioinfinitagoya.com.ar\",\"description\":\"Radio de noticias\",\"publisher\":{\"@id\":\"https:\/\/radioinfinitagoya.com.ar\/v1\/#organization\"},\"potentialAction\":[{\"@type\":\"SearchAction\",\"target\":{\"@type\":\"EntryPoint\",\"urlTemplate\":\"https:\/\/radioinfinitagoya.com.ar\/v1\/?s={search_term_string}\"},\"query-input\":{\"@type\":\"PropertyValueSpecification\",\"valueRequired\":true,\"valueName\":\"search_term_string\"}}],\"inLanguage\":\"es-AR\"},{\"@type\":\"Organization\",\"@id\":\"https:\/\/radioinfinitagoya.com.ar\/v1\/#organization\",\"name\":\"Radio Infinita Goya\",\"url\":\"https:\/\/radioinfinitagoya.com.ar\/v1\/\",\"logo\":{\"@type\":\"ImageObject\",\"inLanguage\":\"es-AR\",\"@id\":\"https:\/\/radioinfinitagoya.com.ar\/v1\/#\/schema\/logo\/image\/\",\"url\":\"https:\/\/radioinfinitagoya.com.ar\/v1\/wp-content\/uploads\/2019\/11\/logo-pie-web.png\",\"contentUrl\":\"https:\/\/radioinfinitagoya.com.ar\/v1\/wp-content\/uploads\/2019\/11\/logo-pie-web.png\",\"width\":635,\"height\":326,\"caption\":\"Radio Infinita Goya\"},\"image\":{\"@id\":\"https:\/\/radioinfinitagoya.com.ar\/v1\/#\/schema\/logo\/image\/\"},\"sameAs\":[\"https:\/\/www.facebook.com\/p\/Infinita-Goya-100063870918311\/\"]},{\"@type\":\"Person\",\"@id\":\"https:\/\/radioinfinitagoya.com.ar\/v1\/#\/schema\/person\/d4cf9c413d4f6edb24aabdccab49ca4a\",\"name\":\"Jorge Mi\u00f1o\",\"image\":{\"@type\":\"ImageObject\",\"inLanguage\":\"es-AR\",\"@id\":\"https:\/\/secure.gravatar.com\/avatar\/910fcf6728fe95320e07a6643c1581fec1c7fc4bf8ae12e3d8f0d0373dc844be?s=96&d=mm&r=g\",\"url\":\"https:\/\/secure.gravatar.com\/avatar\/910fcf6728fe95320e07a6643c1581fec1c7fc4bf8ae12e3d8f0d0373dc844be?s=96&d=mm&r=g\",\"contentUrl\":\"https:\/\/secure.gravatar.com\/avatar\/910fcf6728fe95320e07a6643c1581fec1c7fc4bf8ae12e3d8f0d0373dc844be?s=96&d=mm&r=g\",\"caption\":\"Jorge Mi\u00f1o\"},\"sameAs\":[\"http:\/\/radioinfinitagoya.com.ar\"]}]}<\/script>\n<!-- \/ Yoast SEO plugin. -->","yoast_head_json":{"title":"El ministro de Deportes de Ir\u00e1n asegur\u00f3 que la selecci\u00f3n no jugar\u00e1 el Mundial - Radio Infinita Goya","description":"\u201cNo hay condiciones para participar\u201d En medio de la guerra en Medio Oriente, uno de los directivos del r\u00e9gimen fue contundente sobre la mirada de","robots":{"index":"index","follow":"follow","max-snippet":"max-snippet:-1","max-image-preview":"max-image-preview:large","max-video-preview":"max-video-preview:-1"},"canonical":"https:\/\/radioinfinitagoya.com.ar\/v1\/2026\/03\/11\/el-ministro-de-deportes-de-iran-aseguro-que-la-seleccion-no-jugara-el-mundial\/","og_locale":"es_ES","og_type":"article","og_title":"El ministro de Deportes de Ir\u00e1n asegur\u00f3 que la selecci\u00f3n no jugar\u00e1 el Mundial - Radio Infinita Goya","og_description":"\u201cNo hay condiciones para participar\u201d En medio de la guerra en Medio Oriente, uno de los directivos del r\u00e9gimen fue contundente sobre la mirada de","og_url":"https:\/\/radioinfinitagoya.com.ar\/v1\/2026\/03\/11\/el-ministro-de-deportes-de-iran-aseguro-que-la-seleccion-no-jugara-el-mundial\/","og_site_name":"Radio Infinita Goya","article_publisher":"https:\/\/www.facebook.com\/p\/Infinita-Goya-100063870918311\/","article_published_time":"2026-03-11T19:52:56+00:00","og_image":[{"width":680,"height":340,"url":"https:\/\/radioinfinitagoya.com.ar\/v1\/wp-content\/uploads\/2026\/03\/L7gLU6jW.jpg","type":"image\/jpeg"}],"author":"Jorge Mi\u00f1o","twitter_card":"summary_large_image","twitter_misc":{"Escrito por":"Jorge Mi\u00f1o","Tiempo de lectura":"8 minutos"},"schema":{"@context":"https:\/\/schema.org","@graph":[{"@type":"Article","@id":"https:\/\/radioinfinitagoya.com.ar\/v1\/2026\/03\/11\/el-ministro-de-deportes-de-iran-aseguro-que-la-seleccion-no-jugara-el-mundial\/#article","isPartOf":{"@id":"https:\/\/radioinfinitagoya.com.ar\/v1\/2026\/03\/11\/el-ministro-de-deportes-de-iran-aseguro-que-la-seleccion-no-jugara-el-mundial\/"},"author":{"name":"Jorge Mi\u00f1o","@id":"https:\/\/radioinfinitagoya.com.ar\/v1\/#\/schema\/person\/d4cf9c413d4f6edb24aabdccab49ca4a"},"headline":"El ministro de Deportes de Ir\u00e1n asegur\u00f3 que la selecci\u00f3n no jugar\u00e1 el Mundial","datePublished":"2026-03-11T19:52:56+00:00","mainEntityOfPage":{"@id":"https:\/\/radioinfinitagoya.com.ar\/v1\/2026\/03\/11\/el-ministro-de-deportes-de-iran-aseguro-que-la-seleccion-no-jugara-el-mundial\/"},"wordCount":1592,"commentCount":0,"publisher":{"@id":"https:\/\/radioinfinitagoya.com.ar\/v1\/#organization"},"image":{"@id":"https:\/\/radioinfinitagoya.com.ar\/v1\/2026\/03\/11\/el-ministro-de-deportes-de-iran-aseguro-que-la-seleccion-no-jugara-el-mundial\/#primaryimage"},"thumbnailUrl":"https:\/\/radioinfinitagoya.com.ar\/v1\/wp-content\/uploads\/2026\/03\/L7gLU6jW.jpg","articleSection":["DEPORTES"],"inLanguage":"es-AR","potentialAction":[{"@type":"CommentAction","name":"Comment","target":["https:\/\/radioinfinitagoya.com.ar\/v1\/2026\/03\/11\/el-ministro-de-deportes-de-iran-aseguro-que-la-seleccion-no-jugara-el-mundial\/#respond"]}]},{"@type":"WebPage","@id":"https:\/\/radioinfinitagoya.com.ar\/v1\/2026\/03\/11\/el-ministro-de-deportes-de-iran-aseguro-que-la-seleccion-no-jugara-el-mundial\/","url":"https:\/\/radioinfinitagoya.com.ar\/v1\/2026\/03\/11\/el-ministro-de-deportes-de-iran-aseguro-que-la-seleccion-no-jugara-el-mundial\/","name":"El ministro de Deportes de Ir\u00e1n asegur\u00f3 que la selecci\u00f3n no jugar\u00e1 el Mundial - Radio Infinita Goya","isPartOf":{"@id":"https:\/\/radioinfinitagoya.com.ar\/v1\/#website"},"primaryImageOfPage":{"@id":"https:\/\/radioinfinitagoya.com.ar\/v1\/2026\/03\/11\/el-ministro-de-deportes-de-iran-aseguro-que-la-seleccion-no-jugara-el-mundial\/#primaryimage"},"image":{"@id":"https:\/\/radioinfinitagoya.com.ar\/v1\/2026\/03\/11\/el-ministro-de-deportes-de-iran-aseguro-que-la-seleccion-no-jugara-el-mundial\/#primaryimage"},"thumbnailUrl":"https:\/\/radioinfinitagoya.com.ar\/v1\/wp-content\/uploads\/2026\/03\/L7gLU6jW.jpg","datePublished":"2026-03-11T19:52:56+00:00","description":"\u201cNo hay condiciones para participar\u201d En medio de la guerra en Medio Oriente, uno de los directivos del r\u00e9gimen fue contundente sobre la mirada de","breadcrumb":{"@id":"https:\/\/radioinfinitagoya.com.ar\/v1\/2026\/03\/11\/el-ministro-de-deportes-de-iran-aseguro-que-la-seleccion-no-jugara-el-mundial\/#breadcrumb"},"inLanguage":"es-AR","potentialAction":[{"@type":"ReadAction","target":["https:\/\/radioinfinitagoya.com.ar\/v1\/2026\/03\/11\/el-ministro-de-deportes-de-iran-aseguro-que-la-seleccion-no-jugara-el-mundial\/"]}]},{"@type":"ImageObject","inLanguage":"es-AR","@id":"https:\/\/radioinfinitagoya.com.ar\/v1\/2026\/03\/11\/el-ministro-de-deportes-de-iran-aseguro-que-la-seleccion-no-jugara-el-mundial\/#primaryimage","url":"https:\/\/radioinfinitagoya.com.ar\/v1\/wp-content\/uploads\/2026\/03\/L7gLU6jW.jpg","contentUrl":"https:\/\/radioinfinitagoya.com.ar\/v1\/wp-content\/uploads\/2026\/03\/L7gLU6jW.jpg","width":680,"height":340},{"@type":"BreadcrumbList","@id":"https:\/\/radioinfinitagoya.com.ar\/v1\/2026\/03\/11\/el-ministro-de-deportes-de-iran-aseguro-que-la-seleccion-no-jugara-el-mundial\/#breadcrumb","itemListElement":[{"@type":"ListItem","position":1,"name":"Inicio","item":"https:\/\/radioinfinitagoya.com.ar\/v1\/"},{"@type":"ListItem","position":2,"name":"El ministro de Deportes de Ir\u00e1n asegur\u00f3 que la selecci\u00f3n no jugar\u00e1 el Mundial"}]},{"@type":"WebSite","@id":"https:\/\/radioinfinitagoya.com.ar\/v1\/#website","url":"https:\/\/radioinfinitagoya.com.ar\/v1\/","name":"radioinfinitagoya.com.ar","description":"Radio de noticias","publisher":{"@id":"https:\/\/radioinfinitagoya.com.ar\/v1\/#organization"},"potentialAction":[{"@type":"SearchAction","target":{"@type":"EntryPoint","urlTemplate":"https:\/\/radioinfinitagoya.com.ar\/v1\/?s={search_term_string}"},"query-input":{"@type":"PropertyValueSpecification","valueRequired":true,"valueName":"search_term_string"}}],"inLanguage":"es-AR"},{"@type":"Organization","@id":"https:\/\/radioinfinitagoya.com.ar\/v1\/#organization","name":"Radio Infinita Goya","url":"https:\/\/radioinfinitagoya.com.ar\/v1\/","logo":{"@type":"ImageObject","inLanguage":"es-AR","@id":"https:\/\/radioinfinitagoya.com.ar\/v1\/#\/schema\/logo\/image\/","url":"https:\/\/radioinfinitagoya.com.ar\/v1\/wp-content\/uploads\/2019\/11\/logo-pie-web.png","contentUrl":"https:\/\/radioinfinitagoya.com.ar\/v1\/wp-content\/uploads\/2019\/11\/logo-pie-web.png","width":635,"height":326,"caption":"Radio Infinita Goya"},"image":{"@id":"https:\/\/radioinfinitagoya.com.ar\/v1\/#\/schema\/logo\/image\/"},"sameAs":["https:\/\/www.facebook.com\/p\/Infinita-Goya-100063870918311\/"]},{"@type":"Person","@id":"https:\/\/radioinfinitagoya.com.ar\/v1\/#\/schema\/person\/d4cf9c413d4f6edb24aabdccab49ca4a","name":"Jorge Mi\u00f1o","image":{"@type":"ImageObject","inLanguage":"es-AR","@id":"https:\/\/secure.gravatar.com\/avatar\/910fcf6728fe95320e07a6643c1581fec1c7fc4bf8ae12e3d8f0d0373dc844be?s=96&d=mm&r=g","url":"https:\/\/secure.gravatar.com\/avatar\/910fcf6728fe95320e07a6643c1581fec1c7fc4bf8ae12e3d8f0d0373dc844be?s=96&d=mm&r=g","contentUrl":"https:\/\/secure.gravatar.com\/avatar\/910fcf6728fe95320e07a6643c1581fec1c7fc4bf8ae12e3d8f0d0373dc844be?s=96&d=mm&r=g","caption":"Jorge Mi\u00f1o"},"sameAs":["http:\/\/radioinfinitagoya.com.ar"]}]}},"_links":{"self":[{"href":"https:\/\/radioinfinitagoya.com.ar\/v1\/wp-json\/wp\/v2\/posts\/210017","targetHints":{"allow":["GET"]}}],"collection":[{"href":"https:\/\/radioinfinitagoya.com.ar\/v1\/wp-json\/wp\/v2\/posts"}],"about":[{"href":"https:\/\/radioinfinitagoya.com.ar\/v1\/wp-json\/wp\/v2\/types\/post"}],"author":[{"embeddable":true,"href":"https:\/\/radioinfinitagoya.com.ar\/v1\/wp-json\/wp\/v2\/users\/4"}],"replies":[{"embeddable":true,"href":"https:\/\/radioinfinitagoya.com.ar\/v1\/wp-json\/wp\/v2\/comments?post=210017"}],"version-history":[{"count":0,"href":"https:\/\/radioinfinitagoya.com.ar\/v1\/wp-json\/wp\/v2\/posts\/210017\/revisions"}],"wp:featuredmedia":[{"embeddable":true,"href":"https:\/\/radioinfinitagoya.com.ar\/v1\/wp-json\/wp\/v2\/media\/210018"}],"wp:attachment":[{"href":"https:\/\/radioinfinitagoya.com.ar\/v1\/wp-json\/wp\/v2\/media?parent=210017"}],"wp:term":[{"taxonomy":"category","embeddable":true,"href":"https:\/\/radioinfinitagoya.com.ar\/v1\/wp-json\/wp\/v2\/categories?post=210017"},{"taxonomy":"post_tag","embeddable":true,"href":"https:\/\/radioinfinitagoya.com.ar\/v1\/wp-json\/wp\/v2\/tags?post=210017"}],"curies":[{"name":"wp","href":"https:\/\/api.w.org\/{rel}","templated":true}]}}