{"id":210024,"date":"2026-03-11T16:56:42","date_gmt":"2026-03-11T19:56:42","guid":{"rendered":"https:\/\/radioinfinitagoya.com.ar\/v1\/?p=210024"},"modified":"2026-03-11T16:56:42","modified_gmt":"2026-03-11T19:56:42","slug":"crece-la-tension-en-aston-martin-de-cara-al-gran-premio-de-china-en-la-f1","status":"publish","type":"post","link":"https:\/\/radioinfinitagoya.com.ar\/v1\/2026\/03\/11\/crece-la-tension-en-aston-martin-de-cara-al-gran-premio-de-china-en-la-f1\/","title":{"rendered":"Crece la tensi\u00f3n en Aston Martin de cara al Gran Premio de China en la F1"},"content":{"rendered":"<p>Por los problemas en su motor: \u201cNo podemos quedarnos quietos\u201d<\/p>\n<p>La alianza t\u00e9cnica entre la escuder\u00eda brit\u00e1nica y la marca japonesa Honda atraviesa una etapa de rispidez tras el inicio accidentado de la temporada<\/p>\n<p>El comienzo de la nueva era para Aston Martin y Honda Racing Corporation (HRC), marcado por la llegada de los motores japoneses al equipo brit\u00e1nico, ha estado lejos de lo esperado. El equipo de Silverstone se encuentra en plena emergencia t\u00e9cnica tras las vibraciones detectadas en la unidad de potencia y la bater\u00eda, que impiden a los ingenieros evaluar el verdadero rendimiento del AMR26 y condicionan por completo el desarrollo del monoplaza.<\/p>\n<p>El propio Koji Watanabe, presidente de Honda Racing Corporation, admiti\u00f3 que la prioridad inmediata es contener la aver\u00eda y no buscar prestaciones puras: \u201cEstamos aplicando medidas para reducir las vibraciones en la bater\u00eda y en el motor, y hemos confirmado ciertos efectos positivos\u201d, declar\u00f3 el ejecutivo japon\u00e9s en di\u00e1logo con el portal japon\u00e9s F1 Gate.<\/p>\n<p>La situaci\u00f3n gener\u00f3 preocupaci\u00f3n en la c\u00fapula de Honda y tambi\u00e9n en la direcci\u00f3n de Aston Martin, encabezada por Lawrence Stroll. De acuerdo con la publicaci\u00f3n japonesa AS-Web, el presidente de Honda Racing, Watanabe, sostuvo reuniones constantes con los principales responsables del equipo brit\u00e1nico durante el Gran Premio de Australia y desliz\u00f3 la falta de trabajo en conjunto. \u201cNo podemos quedarnos quietos. Tenemos que acelerar el desarrollo, y eso no significa solo aumentar la potencia de la unidad de potencia. Se trata de c\u00f3mo la desarrollamos y aceleramos como si fuera una unidad con el coche. Queremos trabajar juntos como un solo equipo\u201d, subray\u00f3 el directivo japon\u00e9s.<\/p>\n<p>El problema de fondo afecta tanto la fiabilidad como la capacidad de desarrollo del conjunto. Las vibraciones obligan a limitar los giros y el uso del veh\u00edculo, lo que impide a Fernando Alonso y Lance Stroll exprimir el potencial del monoplaza. El propio Adrian Newey, responsable t\u00e9cnico de Aston Martin, mantiene conversaciones diarias con el proveedor de la unidad de potencia para intentar desentra\u00f1ar el origen de la aver\u00eda. \u201cEn este momento no estamos en una situaci\u00f3n en la que podamos hablar realmente del rendimiento de la unidad de potencia o del coche, porque no lo estamos utilizando en sus condiciones normales\u201d, explic\u00f3 Watanabe. El primer gran objetivo para la alianza es llegar al Gran Premio de Jap\u00f3n, en Suzuka, con una soluci\u00f3n al problema y la posibilidad de utilizar el motor en par\u00e1metros normales.<\/p>\n<p><img loading=\"lazy\" decoding=\"async\" class=\"alignnone size-full wp-image-210026\" src=\"https:\/\/radioinfinitagoya.com.ar\/v1\/wp-content\/uploads\/2026\/03\/BP2EWHNO5BJ6NFCM3J224OQCQE.avif\" alt=\"\" width=\"992\" height=\"708\" srcset=\"https:\/\/radioinfinitagoya.com.ar\/v1\/wp-content\/uploads\/2026\/03\/BP2EWHNO5BJ6NFCM3J224OQCQE.avif 992w, https:\/\/radioinfinitagoya.com.ar\/v1\/wp-content\/uploads\/2026\/03\/BP2EWHNO5BJ6NFCM3J224OQCQE-150x107.jpg 150w, https:\/\/radioinfinitagoya.com.ar\/v1\/wp-content\/uploads\/2026\/03\/BP2EWHNO5BJ6NFCM3J224OQCQE-768x548.jpg 768w, https:\/\/radioinfinitagoya.com.ar\/v1\/wp-content\/uploads\/2026\/03\/BP2EWHNO5BJ6NFCM3J224OQCQE-588x420.jpg 588w, https:\/\/radioinfinitagoya.com.ar\/v1\/wp-content\/uploads\/2026\/03\/BP2EWHNO5BJ6NFCM3J224OQCQE-696x497.jpg 696w, https:\/\/radioinfinitagoya.com.ar\/v1\/wp-content\/uploads\/2026\/03\/BP2EWHNO5BJ6NFCM3J224OQCQE-100x70.jpg 100w\" sizes=\"auto, (max-width: 992px) 100vw, 992px\" \/>Los condicionantes reglamentarios agravan la crisis. El l\u00edmite de bater\u00edas impide a Honda reemplazar los componentes sin autorizaci\u00f3n de la Federaci\u00f3n Internacional del Autom\u00f3vil (FIA) y la escasez de repuestos obliga al equipo a adoptar un enfoque conservador, priorizando la acumulaci\u00f3n de kil\u00f3metros y datos por encima de la b\u00fasqueda de rendimiento puro. AS-Web detall\u00f3 que la direcci\u00f3n de Honda Racing no solo analiza aumentar recursos humanos en las \u00e1reas cr\u00edticas, sino tambi\u00e9n redefinir las competencias y reforzar la coordinaci\u00f3n con la f\u00e1brica de Aston Martin en Silverstone.<\/p>\n<p>En el entorno de la escuder\u00eda brit\u00e1nica la incertidumbre es palpable. El equipo t\u00e9cnico, liderado por Newey, no puede interpretar el comportamiento aerodin\u00e1mico del AMR26 en curvas r\u00e1pidas ni en configuraciones de baja carga de combustible. Todo el trabajo se encuentra condicionado por una gesti\u00f3n conservadora, pensada para evitar da\u00f1os mayores antes que para competir. \u201cNo se trata solo de la unidad de potencia ni solo del chasis. Lo importante es conseguir que el coche en su conjunto sea competitivo\u201d, enfatiz\u00f3 Watanabe.<\/p>\n<p>La presi\u00f3n interna se suma a las expectativas externas. Honda considera que solo a partir de la cita de Suzuka podr\u00e1 evaluarse con justicia el rendimiento del proyecto. \u201cEl primer objetivo es el GP de Jap\u00f3n. Para entonces queremos haber avanzado con las medidas contra las vibraciones y llegar a una situaci\u00f3n en la que podamos utilizar la unidad de potencia de la forma en que fue concebida\u201d, explic\u00f3 el presidente de Honda Racing. Hasta ese momento, Aston Martin y Honda contin\u00faan atrapados en una din\u00e1mica de resistencia, donde la prioridad es sobrevivir en pista y evitar da\u00f1os estructurales en la maquinaria y la salud de sus pilotos.<\/p>\n<p>De acuerdo con AS-Web, Watanabe reconoci\u00f3 la urgencia de acelerar el desarrollo y mejorar el flujo de informaci\u00f3n entre ambas sedes, y remarc\u00f3 que el \u00e9xito del proyecto depende de la capacidad para actuar como una estructura unificada.<\/p>\n<p>Hay que recordar que debido a los graves problemas de desarrollo del AMR26 fue que la escuder\u00eda tuvo actividad reducida durante el estreno en Melbourne. \u201cNo s\u00e9 c\u00f3mo se puede comparar. Supongo que ser\u00eda como electrocutarse en una silla o algo as\u00ed. No muy lejos. Son vibraciones muy inc\u00f3modas. Son malas para el motor, pero tambi\u00e9n para las personas que van dentro del coche. Tenemos que solucionarlo, pero creo que lo conseguiremos\u201d, dijo Lance Stroll, hijo del due\u00f1o del equipo y piloto titular, en Motorsport<\/p>\n","protected":false},"excerpt":{"rendered":"<p>Por los problemas en su motor: \u201cNo podemos quedarnos quietos\u201d La alianza t\u00e9cnica entre la escuder\u00eda brit\u00e1nica y la marca japonesa Honda atraviesa una etapa de rispidez tras el inicio accidentado de la temporada El comienzo de la nueva era para Aston Martin y Honda Racing Corporation (HRC), marcado por la llegada de los motores [&hellip;]<\/p>\n","protected":false},"author":4,"featured_media":210025,"comment_status":"open","ping_status":"open","sticky":false,"template":"","format":"standard","meta":{"_joinchat":[],"footnotes":""},"categories":[28],"tags":[],"class_list":{"0":"post-210024","1":"post","2":"type-post","3":"status-publish","4":"format-standard","5":"has-post-thumbnail","7":"category-deportes"},"yoast_head":"<!-- This site is optimized with the Yoast SEO plugin v27.2 - https:\/\/yoast.com\/product\/yoast-seo-wordpress\/ -->\n<title>Crece la tensi\u00f3n en Aston Martin de cara al Gran Premio de China en la F1 - Radio Infinita Goya<\/title>\n<meta name=\"description\" content=\"Por los problemas en su motor: \u201cNo podemos quedarnos quietos\u201d La alianza t\u00e9cnica entre la escuder\u00eda brit\u00e1nica y la marca japonesa Honda atraviesa una\" \/>\n<meta name=\"robots\" content=\"index, follow, max-snippet:-1, max-image-preview:large, max-video-preview:-1\" \/>\n<link rel=\"canonical\" href=\"https:\/\/radioinfinitagoya.com.ar\/v1\/2026\/03\/11\/crece-la-tension-en-aston-martin-de-cara-al-gran-premio-de-china-en-la-f1\/\" \/>\n<meta property=\"og:locale\" content=\"es_ES\" \/>\n<meta property=\"og:type\" content=\"article\" \/>\n<meta property=\"og:title\" content=\"Crece la tensi\u00f3n en Aston Martin de cara al Gran Premio de China en la F1 - Radio Infinita Goya\" \/>\n<meta property=\"og:description\" content=\"Por los problemas en su motor: \u201cNo podemos quedarnos quietos\u201d La alianza t\u00e9cnica entre la escuder\u00eda brit\u00e1nica y la marca japonesa Honda atraviesa una\" \/>\n<meta property=\"og:url\" content=\"https:\/\/radioinfinitagoya.com.ar\/v1\/2026\/03\/11\/crece-la-tension-en-aston-martin-de-cara-al-gran-premio-de-china-en-la-f1\/\" \/>\n<meta property=\"og:site_name\" content=\"Radio Infinita Goya\" \/>\n<meta property=\"article:publisher\" content=\"https:\/\/www.facebook.com\/p\/Infinita-Goya-100063870918311\/\" \/>\n<meta property=\"article:published_time\" content=\"2026-03-11T19:56:42+00:00\" \/>\n<meta name=\"author\" content=\"Jorge Mi\u00f1o\" \/>\n<meta name=\"twitter:card\" content=\"summary_large_image\" \/>\n<meta name=\"twitter:label1\" content=\"Escrito por\" \/>\n\t<meta name=\"twitter:data1\" content=\"Jorge Mi\u00f1o\" \/>\n\t<meta name=\"twitter:label2\" content=\"Tiempo de lectura\" \/>\n\t<meta name=\"twitter:data2\" content=\"5 minutos\" \/>\n<script type=\"application\/ld+json\" class=\"yoast-schema-graph\">{\"@context\":\"https:\/\/schema.org\",\"@graph\":[{\"@type\":\"Article\",\"@id\":\"https:\/\/radioinfinitagoya.com.ar\/v1\/2026\/03\/11\/crece-la-tension-en-aston-martin-de-cara-al-gran-premio-de-china-en-la-f1\/#article\",\"isPartOf\":{\"@id\":\"https:\/\/radioinfinitagoya.com.ar\/v1\/2026\/03\/11\/crece-la-tension-en-aston-martin-de-cara-al-gran-premio-de-china-en-la-f1\/\"},\"author\":{\"name\":\"Jorge Mi\u00f1o\",\"@id\":\"https:\/\/radioinfinitagoya.com.ar\/v1\/#\/schema\/person\/d4cf9c413d4f6edb24aabdccab49ca4a\"},\"headline\":\"Crece la tensi\u00f3n en Aston Martin de cara al Gran Premio de China en la F1\",\"datePublished\":\"2026-03-11T19:56:42+00:00\",\"mainEntityOfPage\":{\"@id\":\"https:\/\/radioinfinitagoya.com.ar\/v1\/2026\/03\/11\/crece-la-tension-en-aston-martin-de-cara-al-gran-premio-de-china-en-la-f1\/\"},\"wordCount\":882,\"commentCount\":0,\"publisher\":{\"@id\":\"https:\/\/radioinfinitagoya.com.ar\/v1\/#organization\"},\"image\":{\"@id\":\"https:\/\/radioinfinitagoya.com.ar\/v1\/2026\/03\/11\/crece-la-tension-en-aston-martin-de-cara-al-gran-premio-de-china-en-la-f1\/#primaryimage\"},\"thumbnailUrl\":\"https:\/\/radioinfinitagoya.com.ar\/v1\/wp-content\/uploads\/2026\/03\/R7BEUK33RVHCTHPZ4KNA7AFYUY.avif\",\"articleSection\":[\"DEPORTES\"],\"inLanguage\":\"es-AR\",\"potentialAction\":[{\"@type\":\"CommentAction\",\"name\":\"Comment\",\"target\":[\"https:\/\/radioinfinitagoya.com.ar\/v1\/2026\/03\/11\/crece-la-tension-en-aston-martin-de-cara-al-gran-premio-de-china-en-la-f1\/#respond\"]}]},{\"@type\":\"WebPage\",\"@id\":\"https:\/\/radioinfinitagoya.com.ar\/v1\/2026\/03\/11\/crece-la-tension-en-aston-martin-de-cara-al-gran-premio-de-china-en-la-f1\/\",\"url\":\"https:\/\/radioinfinitagoya.com.ar\/v1\/2026\/03\/11\/crece-la-tension-en-aston-martin-de-cara-al-gran-premio-de-china-en-la-f1\/\",\"name\":\"Crece la tensi\u00f3n en Aston Martin de cara al Gran Premio de China en la F1 - Radio Infinita Goya\",\"isPartOf\":{\"@id\":\"https:\/\/radioinfinitagoya.com.ar\/v1\/#website\"},\"primaryImageOfPage\":{\"@id\":\"https:\/\/radioinfinitagoya.com.ar\/v1\/2026\/03\/11\/crece-la-tension-en-aston-martin-de-cara-al-gran-premio-de-china-en-la-f1\/#primaryimage\"},\"image\":{\"@id\":\"https:\/\/radioinfinitagoya.com.ar\/v1\/2026\/03\/11\/crece-la-tension-en-aston-martin-de-cara-al-gran-premio-de-china-en-la-f1\/#primaryimage\"},\"thumbnailUrl\":\"https:\/\/radioinfinitagoya.com.ar\/v1\/wp-content\/uploads\/2026\/03\/R7BEUK33RVHCTHPZ4KNA7AFYUY.avif\",\"datePublished\":\"2026-03-11T19:56:42+00:00\",\"description\":\"Por los problemas en su motor: \u201cNo podemos quedarnos quietos\u201d La alianza t\u00e9cnica entre la escuder\u00eda brit\u00e1nica y la marca japonesa Honda atraviesa una\",\"breadcrumb\":{\"@id\":\"https:\/\/radioinfinitagoya.com.ar\/v1\/2026\/03\/11\/crece-la-tension-en-aston-martin-de-cara-al-gran-premio-de-china-en-la-f1\/#breadcrumb\"},\"inLanguage\":\"es-AR\",\"potentialAction\":[{\"@type\":\"ReadAction\",\"target\":[\"https:\/\/radioinfinitagoya.com.ar\/v1\/2026\/03\/11\/crece-la-tension-en-aston-martin-de-cara-al-gran-premio-de-china-en-la-f1\/\"]}]},{\"@type\":\"ImageObject\",\"inLanguage\":\"es-AR\",\"@id\":\"https:\/\/radioinfinitagoya.com.ar\/v1\/2026\/03\/11\/crece-la-tension-en-aston-martin-de-cara-al-gran-premio-de-china-en-la-f1\/#primaryimage\",\"url\":\"https:\/\/radioinfinitagoya.com.ar\/v1\/wp-content\/uploads\/2026\/03\/R7BEUK33RVHCTHPZ4KNA7AFYUY.avif\",\"contentUrl\":\"https:\/\/radioinfinitagoya.com.ar\/v1\/wp-content\/uploads\/2026\/03\/R7BEUK33RVHCTHPZ4KNA7AFYUY.avif\",\"width\":992,\"height\":661},{\"@type\":\"BreadcrumbList\",\"@id\":\"https:\/\/radioinfinitagoya.com.ar\/v1\/2026\/03\/11\/crece-la-tension-en-aston-martin-de-cara-al-gran-premio-de-china-en-la-f1\/#breadcrumb\",\"itemListElement\":[{\"@type\":\"ListItem\",\"position\":1,\"name\":\"Inicio\",\"item\":\"https:\/\/radioinfinitagoya.com.ar\/v1\/\"},{\"@type\":\"ListItem\",\"position\":2,\"name\":\"Crece la tensi\u00f3n en Aston Martin de cara al Gran Premio de China en la F1\"}]},{\"@type\":\"WebSite\",\"@id\":\"https:\/\/radioinfinitagoya.com.ar\/v1\/#website\",\"url\":\"https:\/\/radioinfinitagoya.com.ar\/v1\/\",\"name\":\"radioinfinitagoya.com.ar\",\"description\":\"Radio de noticias\",\"publisher\":{\"@id\":\"https:\/\/radioinfinitagoya.com.ar\/v1\/#organization\"},\"potentialAction\":[{\"@type\":\"SearchAction\",\"target\":{\"@type\":\"EntryPoint\",\"urlTemplate\":\"https:\/\/radioinfinitagoya.com.ar\/v1\/?s={search_term_string}\"},\"query-input\":{\"@type\":\"PropertyValueSpecification\",\"valueRequired\":true,\"valueName\":\"search_term_string\"}}],\"inLanguage\":\"es-AR\"},{\"@type\":\"Organization\",\"@id\":\"https:\/\/radioinfinitagoya.com.ar\/v1\/#organization\",\"name\":\"Radio Infinita Goya\",\"url\":\"https:\/\/radioinfinitagoya.com.ar\/v1\/\",\"logo\":{\"@type\":\"ImageObject\",\"inLanguage\":\"es-AR\",\"@id\":\"https:\/\/radioinfinitagoya.com.ar\/v1\/#\/schema\/logo\/image\/\",\"url\":\"https:\/\/radioinfinitagoya.com.ar\/v1\/wp-content\/uploads\/2019\/11\/logo-pie-web.png\",\"contentUrl\":\"https:\/\/radioinfinitagoya.com.ar\/v1\/wp-content\/uploads\/2019\/11\/logo-pie-web.png\",\"width\":635,\"height\":326,\"caption\":\"Radio Infinita Goya\"},\"image\":{\"@id\":\"https:\/\/radioinfinitagoya.com.ar\/v1\/#\/schema\/logo\/image\/\"},\"sameAs\":[\"https:\/\/www.facebook.com\/p\/Infinita-Goya-100063870918311\/\"]},{\"@type\":\"Person\",\"@id\":\"https:\/\/radioinfinitagoya.com.ar\/v1\/#\/schema\/person\/d4cf9c413d4f6edb24aabdccab49ca4a\",\"name\":\"Jorge Mi\u00f1o\",\"image\":{\"@type\":\"ImageObject\",\"inLanguage\":\"es-AR\",\"@id\":\"https:\/\/secure.gravatar.com\/avatar\/910fcf6728fe95320e07a6643c1581fec1c7fc4bf8ae12e3d8f0d0373dc844be?s=96&d=mm&r=g\",\"url\":\"https:\/\/secure.gravatar.com\/avatar\/910fcf6728fe95320e07a6643c1581fec1c7fc4bf8ae12e3d8f0d0373dc844be?s=96&d=mm&r=g\",\"contentUrl\":\"https:\/\/secure.gravatar.com\/avatar\/910fcf6728fe95320e07a6643c1581fec1c7fc4bf8ae12e3d8f0d0373dc844be?s=96&d=mm&r=g\",\"caption\":\"Jorge Mi\u00f1o\"},\"sameAs\":[\"http:\/\/radioinfinitagoya.com.ar\"]}]}<\/script>\n<!-- \/ Yoast SEO plugin. -->","yoast_head_json":{"title":"Crece la tensi\u00f3n en Aston Martin de cara al Gran Premio de China en la F1 - Radio Infinita Goya","description":"Por los problemas en su motor: \u201cNo podemos quedarnos quietos\u201d La alianza t\u00e9cnica entre la escuder\u00eda brit\u00e1nica y la marca japonesa Honda atraviesa una","robots":{"index":"index","follow":"follow","max-snippet":"max-snippet:-1","max-image-preview":"max-image-preview:large","max-video-preview":"max-video-preview:-1"},"canonical":"https:\/\/radioinfinitagoya.com.ar\/v1\/2026\/03\/11\/crece-la-tension-en-aston-martin-de-cara-al-gran-premio-de-china-en-la-f1\/","og_locale":"es_ES","og_type":"article","og_title":"Crece la tensi\u00f3n en Aston Martin de cara al Gran Premio de China en la F1 - Radio Infinita Goya","og_description":"Por los problemas en su motor: \u201cNo podemos quedarnos quietos\u201d La alianza t\u00e9cnica entre la escuder\u00eda brit\u00e1nica y la marca japonesa Honda atraviesa una","og_url":"https:\/\/radioinfinitagoya.com.ar\/v1\/2026\/03\/11\/crece-la-tension-en-aston-martin-de-cara-al-gran-premio-de-china-en-la-f1\/","og_site_name":"Radio Infinita Goya","article_publisher":"https:\/\/www.facebook.com\/p\/Infinita-Goya-100063870918311\/","article_published_time":"2026-03-11T19:56:42+00:00","author":"Jorge Mi\u00f1o","twitter_card":"summary_large_image","twitter_misc":{"Escrito por":"Jorge Mi\u00f1o","Tiempo de lectura":"5 minutos"},"schema":{"@context":"https:\/\/schema.org","@graph":[{"@type":"Article","@id":"https:\/\/radioinfinitagoya.com.ar\/v1\/2026\/03\/11\/crece-la-tension-en-aston-martin-de-cara-al-gran-premio-de-china-en-la-f1\/#article","isPartOf":{"@id":"https:\/\/radioinfinitagoya.com.ar\/v1\/2026\/03\/11\/crece-la-tension-en-aston-martin-de-cara-al-gran-premio-de-china-en-la-f1\/"},"author":{"name":"Jorge Mi\u00f1o","@id":"https:\/\/radioinfinitagoya.com.ar\/v1\/#\/schema\/person\/d4cf9c413d4f6edb24aabdccab49ca4a"},"headline":"Crece la tensi\u00f3n en Aston Martin de cara al Gran Premio de China en la F1","datePublished":"2026-03-11T19:56:42+00:00","mainEntityOfPage":{"@id":"https:\/\/radioinfinitagoya.com.ar\/v1\/2026\/03\/11\/crece-la-tension-en-aston-martin-de-cara-al-gran-premio-de-china-en-la-f1\/"},"wordCount":882,"commentCount":0,"publisher":{"@id":"https:\/\/radioinfinitagoya.com.ar\/v1\/#organization"},"image":{"@id":"https:\/\/radioinfinitagoya.com.ar\/v1\/2026\/03\/11\/crece-la-tension-en-aston-martin-de-cara-al-gran-premio-de-china-en-la-f1\/#primaryimage"},"thumbnailUrl":"https:\/\/radioinfinitagoya.com.ar\/v1\/wp-content\/uploads\/2026\/03\/R7BEUK33RVHCTHPZ4KNA7AFYUY.avif","articleSection":["DEPORTES"],"inLanguage":"es-AR","potentialAction":[{"@type":"CommentAction","name":"Comment","target":["https:\/\/radioinfinitagoya.com.ar\/v1\/2026\/03\/11\/crece-la-tension-en-aston-martin-de-cara-al-gran-premio-de-china-en-la-f1\/#respond"]}]},{"@type":"WebPage","@id":"https:\/\/radioinfinitagoya.com.ar\/v1\/2026\/03\/11\/crece-la-tension-en-aston-martin-de-cara-al-gran-premio-de-china-en-la-f1\/","url":"https:\/\/radioinfinitagoya.com.ar\/v1\/2026\/03\/11\/crece-la-tension-en-aston-martin-de-cara-al-gran-premio-de-china-en-la-f1\/","name":"Crece la tensi\u00f3n en Aston Martin de cara al Gran Premio de China en la F1 - Radio Infinita Goya","isPartOf":{"@id":"https:\/\/radioinfinitagoya.com.ar\/v1\/#website"},"primaryImageOfPage":{"@id":"https:\/\/radioinfinitagoya.com.ar\/v1\/2026\/03\/11\/crece-la-tension-en-aston-martin-de-cara-al-gran-premio-de-china-en-la-f1\/#primaryimage"},"image":{"@id":"https:\/\/radioinfinitagoya.com.ar\/v1\/2026\/03\/11\/crece-la-tension-en-aston-martin-de-cara-al-gran-premio-de-china-en-la-f1\/#primaryimage"},"thumbnailUrl":"https:\/\/radioinfinitagoya.com.ar\/v1\/wp-content\/uploads\/2026\/03\/R7BEUK33RVHCTHPZ4KNA7AFYUY.avif","datePublished":"2026-03-11T19:56:42+00:00","description":"Por los problemas en su motor: \u201cNo podemos quedarnos quietos\u201d La alianza t\u00e9cnica entre la escuder\u00eda brit\u00e1nica y la marca japonesa Honda atraviesa una","breadcrumb":{"@id":"https:\/\/radioinfinitagoya.com.ar\/v1\/2026\/03\/11\/crece-la-tension-en-aston-martin-de-cara-al-gran-premio-de-china-en-la-f1\/#breadcrumb"},"inLanguage":"es-AR","potentialAction":[{"@type":"ReadAction","target":["https:\/\/radioinfinitagoya.com.ar\/v1\/2026\/03\/11\/crece-la-tension-en-aston-martin-de-cara-al-gran-premio-de-china-en-la-f1\/"]}]},{"@type":"ImageObject","inLanguage":"es-AR","@id":"https:\/\/radioinfinitagoya.com.ar\/v1\/2026\/03\/11\/crece-la-tension-en-aston-martin-de-cara-al-gran-premio-de-china-en-la-f1\/#primaryimage","url":"https:\/\/radioinfinitagoya.com.ar\/v1\/wp-content\/uploads\/2026\/03\/R7BEUK33RVHCTHPZ4KNA7AFYUY.avif","contentUrl":"https:\/\/radioinfinitagoya.com.ar\/v1\/wp-content\/uploads\/2026\/03\/R7BEUK33RVHCTHPZ4KNA7AFYUY.avif","width":992,"height":661},{"@type":"BreadcrumbList","@id":"https:\/\/radioinfinitagoya.com.ar\/v1\/2026\/03\/11\/crece-la-tension-en-aston-martin-de-cara-al-gran-premio-de-china-en-la-f1\/#breadcrumb","itemListElement":[{"@type":"ListItem","position":1,"name":"Inicio","item":"https:\/\/radioinfinitagoya.com.ar\/v1\/"},{"@type":"ListItem","position":2,"name":"Crece la tensi\u00f3n en Aston Martin de cara al Gran Premio de China en la F1"}]},{"@type":"WebSite","@id":"https:\/\/radioinfinitagoya.com.ar\/v1\/#website","url":"https:\/\/radioinfinitagoya.com.ar\/v1\/","name":"radioinfinitagoya.com.ar","description":"Radio de noticias","publisher":{"@id":"https:\/\/radioinfinitagoya.com.ar\/v1\/#organization"},"potentialAction":[{"@type":"SearchAction","target":{"@type":"EntryPoint","urlTemplate":"https:\/\/radioinfinitagoya.com.ar\/v1\/?s={search_term_string}"},"query-input":{"@type":"PropertyValueSpecification","valueRequired":true,"valueName":"search_term_string"}}],"inLanguage":"es-AR"},{"@type":"Organization","@id":"https:\/\/radioinfinitagoya.com.ar\/v1\/#organization","name":"Radio Infinita Goya","url":"https:\/\/radioinfinitagoya.com.ar\/v1\/","logo":{"@type":"ImageObject","inLanguage":"es-AR","@id":"https:\/\/radioinfinitagoya.com.ar\/v1\/#\/schema\/logo\/image\/","url":"https:\/\/radioinfinitagoya.com.ar\/v1\/wp-content\/uploads\/2019\/11\/logo-pie-web.png","contentUrl":"https:\/\/radioinfinitagoya.com.ar\/v1\/wp-content\/uploads\/2019\/11\/logo-pie-web.png","width":635,"height":326,"caption":"Radio Infinita Goya"},"image":{"@id":"https:\/\/radioinfinitagoya.com.ar\/v1\/#\/schema\/logo\/image\/"},"sameAs":["https:\/\/www.facebook.com\/p\/Infinita-Goya-100063870918311\/"]},{"@type":"Person","@id":"https:\/\/radioinfinitagoya.com.ar\/v1\/#\/schema\/person\/d4cf9c413d4f6edb24aabdccab49ca4a","name":"Jorge Mi\u00f1o","image":{"@type":"ImageObject","inLanguage":"es-AR","@id":"https:\/\/secure.gravatar.com\/avatar\/910fcf6728fe95320e07a6643c1581fec1c7fc4bf8ae12e3d8f0d0373dc844be?s=96&d=mm&r=g","url":"https:\/\/secure.gravatar.com\/avatar\/910fcf6728fe95320e07a6643c1581fec1c7fc4bf8ae12e3d8f0d0373dc844be?s=96&d=mm&r=g","contentUrl":"https:\/\/secure.gravatar.com\/avatar\/910fcf6728fe95320e07a6643c1581fec1c7fc4bf8ae12e3d8f0d0373dc844be?s=96&d=mm&r=g","caption":"Jorge Mi\u00f1o"},"sameAs":["http:\/\/radioinfinitagoya.com.ar"]}]}},"_links":{"self":[{"href":"https:\/\/radioinfinitagoya.com.ar\/v1\/wp-json\/wp\/v2\/posts\/210024","targetHints":{"allow":["GET"]}}],"collection":[{"href":"https:\/\/radioinfinitagoya.com.ar\/v1\/wp-json\/wp\/v2\/posts"}],"about":[{"href":"https:\/\/radioinfinitagoya.com.ar\/v1\/wp-json\/wp\/v2\/types\/post"}],"author":[{"embeddable":true,"href":"https:\/\/radioinfinitagoya.com.ar\/v1\/wp-json\/wp\/v2\/users\/4"}],"replies":[{"embeddable":true,"href":"https:\/\/radioinfinitagoya.com.ar\/v1\/wp-json\/wp\/v2\/comments?post=210024"}],"version-history":[{"count":0,"href":"https:\/\/radioinfinitagoya.com.ar\/v1\/wp-json\/wp\/v2\/posts\/210024\/revisions"}],"wp:featuredmedia":[{"embeddable":true,"href":"https:\/\/radioinfinitagoya.com.ar\/v1\/wp-json\/wp\/v2\/media\/210025"}],"wp:attachment":[{"href":"https:\/\/radioinfinitagoya.com.ar\/v1\/wp-json\/wp\/v2\/media?parent=210024"}],"wp:term":[{"taxonomy":"category","embeddable":true,"href":"https:\/\/radioinfinitagoya.com.ar\/v1\/wp-json\/wp\/v2\/categories?post=210024"},{"taxonomy":"post_tag","embeddable":true,"href":"https:\/\/radioinfinitagoya.com.ar\/v1\/wp-json\/wp\/v2\/tags?post=210024"}],"curies":[{"name":"wp","href":"https:\/\/api.w.org\/{rel}","templated":true}]}}