{"id":210028,"date":"2026-03-11T17:04:37","date_gmt":"2026-03-11T20:04:37","guid":{"rendered":"https:\/\/radioinfinitagoya.com.ar\/v1\/?p=210028"},"modified":"2026-03-11T17:04:37","modified_gmt":"2026-03-11T20:04:37","slug":"cuando-donde-y-a-que-hora-debuta-coudet-como-dt-de-river","status":"publish","type":"post","link":"https:\/\/radioinfinitagoya.com.ar\/v1\/2026\/03\/11\/cuando-donde-y-a-que-hora-debuta-coudet-como-dt-de-river\/","title":{"rendered":"Cu\u00e1ndo, d\u00f3nde y a qu\u00e9 hora debuta Coudet como DT de River"},"content":{"rendered":"<p>Luego de siete entrenamientos, el entrenador recuper\u00f3 a dos jugadores.<\/p>\n<p>Mientras Eduardo Coudet viene elevando la intensidad en los entrenamientos y se prepara para definir su primer 11 como entrenador de River, se resolvi\u00f3 que el partido frente a Hurac\u00e1n se jugar\u00e1 en el estadio del Globo este jueves a las 21:30.<\/p>\n<p>Ser\u00e1 con p\u00fablico reducido por disposici\u00f3n de la Ciudad de Buenos Aires, dadas las restricciones edilicias en el barrio Parque Patricios luego de un derrumbre. Vale se\u00f1alar, hubo duelo a puertas cerradas en el estadio Tom\u00e1s Duc\u00f3 frente a Belgrano hace dos semanas, pero ahora el Globo presion\u00f3 para jugar en su casa con p\u00fablico.<\/p>\n<p>ENTRENAMIENTOS<\/p>\n<p>Despu\u00e9s de siete pr\u00e1cticas consecutivas, para Coudet se acerca la hora de la verdad. Favorecido en su caso particular por el paro del f\u00fatbol argentino, ya sac\u00f3 la mayor parte de las conclusiones para definir la lista de concentrados y el 11 inicial.<\/p>\n<p>Hizo hincapi\u00e9 en los ejercicios con pelota, en el f\u00fatbol reducido y sobre todo, siempre con inflador an\u00edmico en mano, en los trabajos de definici\u00f3n para retomar el camino de la contundencia.<\/p>\n<p>Con la motivaci\u00f3n y las arengas que son el primer sello desde su llegada a N\u00fa\u00f1ez, el entrenador busca recuperar la confianza de sus jugadores y afinar la punter\u00eda es fundamental para la cadena del crecimiento.<\/p>\n<p>RECUPERADOS<br \/>\nMientras tanto, Juanfer Quintero contin\u00faa intensificando movimientos tras una recuperaci\u00f3n expr\u00e9s de apenas 13 d\u00edas de su desgarro y se perfila para estar, de m\u00ednima, en el banco de suplentes contra Hurac\u00e1n.<\/p>\n<p>La otra buena noticia que recibi\u00f3 Coudet es que ya tiene a disposici\u00f3n a Ezequiel Centuri\u00f3n. El ex arquero de Independiente Rivadavia dej\u00f3 atr\u00e1s el desgarro en el pect\u00edneo izquierdo que sufri\u00f3 el 20 de febrero y se perfila para ser la alternativa de Santiago Beltr\u00e1n, consolidado en el arco en medio de la recuperaci\u00f3n de Franco Armani.<\/p>\n","protected":false},"excerpt":{"rendered":"<p>Luego de siete entrenamientos, el entrenador recuper\u00f3 a dos jugadores. Mientras Eduardo Coudet viene elevando la intensidad en los entrenamientos y se prepara para definir su primer 11 como entrenador de River, se resolvi\u00f3 que el partido frente a Hurac\u00e1n se jugar\u00e1 en el estadio del Globo este jueves a las 21:30. Ser\u00e1 con p\u00fablico [&hellip;]<\/p>\n","protected":false},"author":4,"featured_media":210029,"comment_status":"open","ping_status":"open","sticky":false,"template":"","format":"standard","meta":{"_joinchat":[],"footnotes":""},"categories":[28],"tags":[],"class_list":{"0":"post-210028","1":"post","2":"type-post","3":"status-publish","4":"format-standard","5":"has-post-thumbnail","7":"category-deportes"},"yoast_head":"<!-- This site is optimized with the Yoast SEO plugin v27.2 - https:\/\/yoast.com\/product\/yoast-seo-wordpress\/ -->\n<title>Cu\u00e1ndo, d\u00f3nde y a qu\u00e9 hora debuta Coudet como DT de River - Radio Infinita Goya<\/title>\n<meta name=\"description\" content=\"Luego de siete entrenamientos, el entrenador recuper\u00f3 a dos jugadores. Mientras Eduardo Coudet viene elevando la intensidad en los entrenamientos y se\" \/>\n<meta name=\"robots\" content=\"index, follow, max-snippet:-1, max-image-preview:large, max-video-preview:-1\" \/>\n<link rel=\"canonical\" href=\"https:\/\/radioinfinitagoya.com.ar\/v1\/2026\/03\/11\/cuando-donde-y-a-que-hora-debuta-coudet-como-dt-de-river\/\" \/>\n<meta property=\"og:locale\" content=\"es_ES\" \/>\n<meta property=\"og:type\" content=\"article\" \/>\n<meta property=\"og:title\" content=\"Cu\u00e1ndo, d\u00f3nde y a qu\u00e9 hora debuta Coudet como DT de River - Radio Infinita Goya\" \/>\n<meta property=\"og:description\" content=\"Luego de siete entrenamientos, el entrenador recuper\u00f3 a dos jugadores. Mientras Eduardo Coudet viene elevando la intensidad en los entrenamientos y se\" \/>\n<meta property=\"og:url\" content=\"https:\/\/radioinfinitagoya.com.ar\/v1\/2026\/03\/11\/cuando-donde-y-a-que-hora-debuta-coudet-como-dt-de-river\/\" \/>\n<meta property=\"og:site_name\" content=\"Radio Infinita Goya\" \/>\n<meta property=\"article:publisher\" content=\"https:\/\/www.facebook.com\/p\/Infinita-Goya-100063870918311\/\" \/>\n<meta property=\"article:published_time\" content=\"2026-03-11T20:04:37+00:00\" \/>\n<meta property=\"og:image\" content=\"https:\/\/radioinfinitagoya.com.ar\/v1\/wp-content\/uploads\/2026\/03\/1773174517226.webp\" \/>\n\t<meta property=\"og:image:width\" content=\"1200\" \/>\n\t<meta property=\"og:image:height\" content=\"675\" \/>\n\t<meta property=\"og:image:type\" content=\"image\/webp\" \/>\n<meta name=\"author\" content=\"Jorge Mi\u00f1o\" \/>\n<meta name=\"twitter:card\" content=\"summary_large_image\" \/>\n<meta name=\"twitter:label1\" content=\"Escrito por\" \/>\n\t<meta name=\"twitter:data1\" content=\"Jorge Mi\u00f1o\" \/>\n\t<meta name=\"twitter:label2\" content=\"Tiempo de lectura\" \/>\n\t<meta name=\"twitter:data2\" content=\"2 minutos\" \/>\n<script type=\"application\/ld+json\" class=\"yoast-schema-graph\">{\"@context\":\"https:\/\/schema.org\",\"@graph\":[{\"@type\":\"Article\",\"@id\":\"https:\/\/radioinfinitagoya.com.ar\/v1\/2026\/03\/11\/cuando-donde-y-a-que-hora-debuta-coudet-como-dt-de-river\/#article\",\"isPartOf\":{\"@id\":\"https:\/\/radioinfinitagoya.com.ar\/v1\/2026\/03\/11\/cuando-donde-y-a-que-hora-debuta-coudet-como-dt-de-river\/\"},\"author\":{\"name\":\"Jorge Mi\u00f1o\",\"@id\":\"https:\/\/radioinfinitagoya.com.ar\/v1\/#\/schema\/person\/d4cf9c413d4f6edb24aabdccab49ca4a\"},\"headline\":\"Cu\u00e1ndo, d\u00f3nde y a qu\u00e9 hora debuta Coudet como DT de River\",\"datePublished\":\"2026-03-11T20:04:37+00:00\",\"mainEntityOfPage\":{\"@id\":\"https:\/\/radioinfinitagoya.com.ar\/v1\/2026\/03\/11\/cuando-donde-y-a-que-hora-debuta-coudet-como-dt-de-river\/\"},\"wordCount\":346,\"commentCount\":0,\"publisher\":{\"@id\":\"https:\/\/radioinfinitagoya.com.ar\/v1\/#organization\"},\"image\":{\"@id\":\"https:\/\/radioinfinitagoya.com.ar\/v1\/2026\/03\/11\/cuando-donde-y-a-que-hora-debuta-coudet-como-dt-de-river\/#primaryimage\"},\"thumbnailUrl\":\"https:\/\/radioinfinitagoya.com.ar\/v1\/wp-content\/uploads\/2026\/03\/1773174517226.webp\",\"articleSection\":[\"DEPORTES\"],\"inLanguage\":\"es-AR\",\"potentialAction\":[{\"@type\":\"CommentAction\",\"name\":\"Comment\",\"target\":[\"https:\/\/radioinfinitagoya.com.ar\/v1\/2026\/03\/11\/cuando-donde-y-a-que-hora-debuta-coudet-como-dt-de-river\/#respond\"]}]},{\"@type\":\"WebPage\",\"@id\":\"https:\/\/radioinfinitagoya.com.ar\/v1\/2026\/03\/11\/cuando-donde-y-a-que-hora-debuta-coudet-como-dt-de-river\/\",\"url\":\"https:\/\/radioinfinitagoya.com.ar\/v1\/2026\/03\/11\/cuando-donde-y-a-que-hora-debuta-coudet-como-dt-de-river\/\",\"name\":\"Cu\u00e1ndo, d\u00f3nde y a qu\u00e9 hora debuta Coudet como DT de River - Radio Infinita Goya\",\"isPartOf\":{\"@id\":\"https:\/\/radioinfinitagoya.com.ar\/v1\/#website\"},\"primaryImageOfPage\":{\"@id\":\"https:\/\/radioinfinitagoya.com.ar\/v1\/2026\/03\/11\/cuando-donde-y-a-que-hora-debuta-coudet-como-dt-de-river\/#primaryimage\"},\"image\":{\"@id\":\"https:\/\/radioinfinitagoya.com.ar\/v1\/2026\/03\/11\/cuando-donde-y-a-que-hora-debuta-coudet-como-dt-de-river\/#primaryimage\"},\"thumbnailUrl\":\"https:\/\/radioinfinitagoya.com.ar\/v1\/wp-content\/uploads\/2026\/03\/1773174517226.webp\",\"datePublished\":\"2026-03-11T20:04:37+00:00\",\"description\":\"Luego de siete entrenamientos, el entrenador recuper\u00f3 a dos jugadores. Mientras Eduardo Coudet viene elevando la intensidad en los entrenamientos y se\",\"breadcrumb\":{\"@id\":\"https:\/\/radioinfinitagoya.com.ar\/v1\/2026\/03\/11\/cuando-donde-y-a-que-hora-debuta-coudet-como-dt-de-river\/#breadcrumb\"},\"inLanguage\":\"es-AR\",\"potentialAction\":[{\"@type\":\"ReadAction\",\"target\":[\"https:\/\/radioinfinitagoya.com.ar\/v1\/2026\/03\/11\/cuando-donde-y-a-que-hora-debuta-coudet-como-dt-de-river\/\"]}]},{\"@type\":\"ImageObject\",\"inLanguage\":\"es-AR\",\"@id\":\"https:\/\/radioinfinitagoya.com.ar\/v1\/2026\/03\/11\/cuando-donde-y-a-que-hora-debuta-coudet-como-dt-de-river\/#primaryimage\",\"url\":\"https:\/\/radioinfinitagoya.com.ar\/v1\/wp-content\/uploads\/2026\/03\/1773174517226.webp\",\"contentUrl\":\"https:\/\/radioinfinitagoya.com.ar\/v1\/wp-content\/uploads\/2026\/03\/1773174517226.webp\",\"width\":1200,\"height\":675},{\"@type\":\"BreadcrumbList\",\"@id\":\"https:\/\/radioinfinitagoya.com.ar\/v1\/2026\/03\/11\/cuando-donde-y-a-que-hora-debuta-coudet-como-dt-de-river\/#breadcrumb\",\"itemListElement\":[{\"@type\":\"ListItem\",\"position\":1,\"name\":\"Inicio\",\"item\":\"https:\/\/radioinfinitagoya.com.ar\/v1\/\"},{\"@type\":\"ListItem\",\"position\":2,\"name\":\"Cu\u00e1ndo, d\u00f3nde y a qu\u00e9 hora debuta Coudet como DT de River\"}]},{\"@type\":\"WebSite\",\"@id\":\"https:\/\/radioinfinitagoya.com.ar\/v1\/#website\",\"url\":\"https:\/\/radioinfinitagoya.com.ar\/v1\/\",\"name\":\"radioinfinitagoya.com.ar\",\"description\":\"Radio de noticias\",\"publisher\":{\"@id\":\"https:\/\/radioinfinitagoya.com.ar\/v1\/#organization\"},\"potentialAction\":[{\"@type\":\"SearchAction\",\"target\":{\"@type\":\"EntryPoint\",\"urlTemplate\":\"https:\/\/radioinfinitagoya.com.ar\/v1\/?s={search_term_string}\"},\"query-input\":{\"@type\":\"PropertyValueSpecification\",\"valueRequired\":true,\"valueName\":\"search_term_string\"}}],\"inLanguage\":\"es-AR\"},{\"@type\":\"Organization\",\"@id\":\"https:\/\/radioinfinitagoya.com.ar\/v1\/#organization\",\"name\":\"Radio Infinita Goya\",\"url\":\"https:\/\/radioinfinitagoya.com.ar\/v1\/\",\"logo\":{\"@type\":\"ImageObject\",\"inLanguage\":\"es-AR\",\"@id\":\"https:\/\/radioinfinitagoya.com.ar\/v1\/#\/schema\/logo\/image\/\",\"url\":\"https:\/\/radioinfinitagoya.com.ar\/v1\/wp-content\/uploads\/2019\/11\/logo-pie-web.png\",\"contentUrl\":\"https:\/\/radioinfinitagoya.com.ar\/v1\/wp-content\/uploads\/2019\/11\/logo-pie-web.png\",\"width\":635,\"height\":326,\"caption\":\"Radio Infinita Goya\"},\"image\":{\"@id\":\"https:\/\/radioinfinitagoya.com.ar\/v1\/#\/schema\/logo\/image\/\"},\"sameAs\":[\"https:\/\/www.facebook.com\/p\/Infinita-Goya-100063870918311\/\"]},{\"@type\":\"Person\",\"@id\":\"https:\/\/radioinfinitagoya.com.ar\/v1\/#\/schema\/person\/d4cf9c413d4f6edb24aabdccab49ca4a\",\"name\":\"Jorge Mi\u00f1o\",\"image\":{\"@type\":\"ImageObject\",\"inLanguage\":\"es-AR\",\"@id\":\"https:\/\/secure.gravatar.com\/avatar\/910fcf6728fe95320e07a6643c1581fec1c7fc4bf8ae12e3d8f0d0373dc844be?s=96&d=mm&r=g\",\"url\":\"https:\/\/secure.gravatar.com\/avatar\/910fcf6728fe95320e07a6643c1581fec1c7fc4bf8ae12e3d8f0d0373dc844be?s=96&d=mm&r=g\",\"contentUrl\":\"https:\/\/secure.gravatar.com\/avatar\/910fcf6728fe95320e07a6643c1581fec1c7fc4bf8ae12e3d8f0d0373dc844be?s=96&d=mm&r=g\",\"caption\":\"Jorge Mi\u00f1o\"},\"sameAs\":[\"http:\/\/radioinfinitagoya.com.ar\"]}]}<\/script>\n<!-- \/ Yoast SEO plugin. -->","yoast_head_json":{"title":"Cu\u00e1ndo, d\u00f3nde y a qu\u00e9 hora debuta Coudet como DT de River - Radio Infinita Goya","description":"Luego de siete entrenamientos, el entrenador recuper\u00f3 a dos jugadores. Mientras Eduardo Coudet viene elevando la intensidad en los entrenamientos y se","robots":{"index":"index","follow":"follow","max-snippet":"max-snippet:-1","max-image-preview":"max-image-preview:large","max-video-preview":"max-video-preview:-1"},"canonical":"https:\/\/radioinfinitagoya.com.ar\/v1\/2026\/03\/11\/cuando-donde-y-a-que-hora-debuta-coudet-como-dt-de-river\/","og_locale":"es_ES","og_type":"article","og_title":"Cu\u00e1ndo, d\u00f3nde y a qu\u00e9 hora debuta Coudet como DT de River - Radio Infinita Goya","og_description":"Luego de siete entrenamientos, el entrenador recuper\u00f3 a dos jugadores. Mientras Eduardo Coudet viene elevando la intensidad en los entrenamientos y se","og_url":"https:\/\/radioinfinitagoya.com.ar\/v1\/2026\/03\/11\/cuando-donde-y-a-que-hora-debuta-coudet-como-dt-de-river\/","og_site_name":"Radio Infinita Goya","article_publisher":"https:\/\/www.facebook.com\/p\/Infinita-Goya-100063870918311\/","article_published_time":"2026-03-11T20:04:37+00:00","og_image":[{"width":1200,"height":675,"url":"https:\/\/radioinfinitagoya.com.ar\/v1\/wp-content\/uploads\/2026\/03\/1773174517226.webp","type":"image\/webp"}],"author":"Jorge Mi\u00f1o","twitter_card":"summary_large_image","twitter_misc":{"Escrito por":"Jorge Mi\u00f1o","Tiempo de lectura":"2 minutos"},"schema":{"@context":"https:\/\/schema.org","@graph":[{"@type":"Article","@id":"https:\/\/radioinfinitagoya.com.ar\/v1\/2026\/03\/11\/cuando-donde-y-a-que-hora-debuta-coudet-como-dt-de-river\/#article","isPartOf":{"@id":"https:\/\/radioinfinitagoya.com.ar\/v1\/2026\/03\/11\/cuando-donde-y-a-que-hora-debuta-coudet-como-dt-de-river\/"},"author":{"name":"Jorge Mi\u00f1o","@id":"https:\/\/radioinfinitagoya.com.ar\/v1\/#\/schema\/person\/d4cf9c413d4f6edb24aabdccab49ca4a"},"headline":"Cu\u00e1ndo, d\u00f3nde y a qu\u00e9 hora debuta Coudet como DT de River","datePublished":"2026-03-11T20:04:37+00:00","mainEntityOfPage":{"@id":"https:\/\/radioinfinitagoya.com.ar\/v1\/2026\/03\/11\/cuando-donde-y-a-que-hora-debuta-coudet-como-dt-de-river\/"},"wordCount":346,"commentCount":0,"publisher":{"@id":"https:\/\/radioinfinitagoya.com.ar\/v1\/#organization"},"image":{"@id":"https:\/\/radioinfinitagoya.com.ar\/v1\/2026\/03\/11\/cuando-donde-y-a-que-hora-debuta-coudet-como-dt-de-river\/#primaryimage"},"thumbnailUrl":"https:\/\/radioinfinitagoya.com.ar\/v1\/wp-content\/uploads\/2026\/03\/1773174517226.webp","articleSection":["DEPORTES"],"inLanguage":"es-AR","potentialAction":[{"@type":"CommentAction","name":"Comment","target":["https:\/\/radioinfinitagoya.com.ar\/v1\/2026\/03\/11\/cuando-donde-y-a-que-hora-debuta-coudet-como-dt-de-river\/#respond"]}]},{"@type":"WebPage","@id":"https:\/\/radioinfinitagoya.com.ar\/v1\/2026\/03\/11\/cuando-donde-y-a-que-hora-debuta-coudet-como-dt-de-river\/","url":"https:\/\/radioinfinitagoya.com.ar\/v1\/2026\/03\/11\/cuando-donde-y-a-que-hora-debuta-coudet-como-dt-de-river\/","name":"Cu\u00e1ndo, d\u00f3nde y a qu\u00e9 hora debuta Coudet como DT de River - Radio Infinita Goya","isPartOf":{"@id":"https:\/\/radioinfinitagoya.com.ar\/v1\/#website"},"primaryImageOfPage":{"@id":"https:\/\/radioinfinitagoya.com.ar\/v1\/2026\/03\/11\/cuando-donde-y-a-que-hora-debuta-coudet-como-dt-de-river\/#primaryimage"},"image":{"@id":"https:\/\/radioinfinitagoya.com.ar\/v1\/2026\/03\/11\/cuando-donde-y-a-que-hora-debuta-coudet-como-dt-de-river\/#primaryimage"},"thumbnailUrl":"https:\/\/radioinfinitagoya.com.ar\/v1\/wp-content\/uploads\/2026\/03\/1773174517226.webp","datePublished":"2026-03-11T20:04:37+00:00","description":"Luego de siete entrenamientos, el entrenador recuper\u00f3 a dos jugadores. Mientras Eduardo Coudet viene elevando la intensidad en los entrenamientos y se","breadcrumb":{"@id":"https:\/\/radioinfinitagoya.com.ar\/v1\/2026\/03\/11\/cuando-donde-y-a-que-hora-debuta-coudet-como-dt-de-river\/#breadcrumb"},"inLanguage":"es-AR","potentialAction":[{"@type":"ReadAction","target":["https:\/\/radioinfinitagoya.com.ar\/v1\/2026\/03\/11\/cuando-donde-y-a-que-hora-debuta-coudet-como-dt-de-river\/"]}]},{"@type":"ImageObject","inLanguage":"es-AR","@id":"https:\/\/radioinfinitagoya.com.ar\/v1\/2026\/03\/11\/cuando-donde-y-a-que-hora-debuta-coudet-como-dt-de-river\/#primaryimage","url":"https:\/\/radioinfinitagoya.com.ar\/v1\/wp-content\/uploads\/2026\/03\/1773174517226.webp","contentUrl":"https:\/\/radioinfinitagoya.com.ar\/v1\/wp-content\/uploads\/2026\/03\/1773174517226.webp","width":1200,"height":675},{"@type":"BreadcrumbList","@id":"https:\/\/radioinfinitagoya.com.ar\/v1\/2026\/03\/11\/cuando-donde-y-a-que-hora-debuta-coudet-como-dt-de-river\/#breadcrumb","itemListElement":[{"@type":"ListItem","position":1,"name":"Inicio","item":"https:\/\/radioinfinitagoya.com.ar\/v1\/"},{"@type":"ListItem","position":2,"name":"Cu\u00e1ndo, d\u00f3nde y a qu\u00e9 hora debuta Coudet como DT de River"}]},{"@type":"WebSite","@id":"https:\/\/radioinfinitagoya.com.ar\/v1\/#website","url":"https:\/\/radioinfinitagoya.com.ar\/v1\/","name":"radioinfinitagoya.com.ar","description":"Radio de noticias","publisher":{"@id":"https:\/\/radioinfinitagoya.com.ar\/v1\/#organization"},"potentialAction":[{"@type":"SearchAction","target":{"@type":"EntryPoint","urlTemplate":"https:\/\/radioinfinitagoya.com.ar\/v1\/?s={search_term_string}"},"query-input":{"@type":"PropertyValueSpecification","valueRequired":true,"valueName":"search_term_string"}}],"inLanguage":"es-AR"},{"@type":"Organization","@id":"https:\/\/radioinfinitagoya.com.ar\/v1\/#organization","name":"Radio Infinita Goya","url":"https:\/\/radioinfinitagoya.com.ar\/v1\/","logo":{"@type":"ImageObject","inLanguage":"es-AR","@id":"https:\/\/radioinfinitagoya.com.ar\/v1\/#\/schema\/logo\/image\/","url":"https:\/\/radioinfinitagoya.com.ar\/v1\/wp-content\/uploads\/2019\/11\/logo-pie-web.png","contentUrl":"https:\/\/radioinfinitagoya.com.ar\/v1\/wp-content\/uploads\/2019\/11\/logo-pie-web.png","width":635,"height":326,"caption":"Radio Infinita Goya"},"image":{"@id":"https:\/\/radioinfinitagoya.com.ar\/v1\/#\/schema\/logo\/image\/"},"sameAs":["https:\/\/www.facebook.com\/p\/Infinita-Goya-100063870918311\/"]},{"@type":"Person","@id":"https:\/\/radioinfinitagoya.com.ar\/v1\/#\/schema\/person\/d4cf9c413d4f6edb24aabdccab49ca4a","name":"Jorge Mi\u00f1o","image":{"@type":"ImageObject","inLanguage":"es-AR","@id":"https:\/\/secure.gravatar.com\/avatar\/910fcf6728fe95320e07a6643c1581fec1c7fc4bf8ae12e3d8f0d0373dc844be?s=96&d=mm&r=g","url":"https:\/\/secure.gravatar.com\/avatar\/910fcf6728fe95320e07a6643c1581fec1c7fc4bf8ae12e3d8f0d0373dc844be?s=96&d=mm&r=g","contentUrl":"https:\/\/secure.gravatar.com\/avatar\/910fcf6728fe95320e07a6643c1581fec1c7fc4bf8ae12e3d8f0d0373dc844be?s=96&d=mm&r=g","caption":"Jorge Mi\u00f1o"},"sameAs":["http:\/\/radioinfinitagoya.com.ar"]}]}},"_links":{"self":[{"href":"https:\/\/radioinfinitagoya.com.ar\/v1\/wp-json\/wp\/v2\/posts\/210028","targetHints":{"allow":["GET"]}}],"collection":[{"href":"https:\/\/radioinfinitagoya.com.ar\/v1\/wp-json\/wp\/v2\/posts"}],"about":[{"href":"https:\/\/radioinfinitagoya.com.ar\/v1\/wp-json\/wp\/v2\/types\/post"}],"author":[{"embeddable":true,"href":"https:\/\/radioinfinitagoya.com.ar\/v1\/wp-json\/wp\/v2\/users\/4"}],"replies":[{"embeddable":true,"href":"https:\/\/radioinfinitagoya.com.ar\/v1\/wp-json\/wp\/v2\/comments?post=210028"}],"version-history":[{"count":0,"href":"https:\/\/radioinfinitagoya.com.ar\/v1\/wp-json\/wp\/v2\/posts\/210028\/revisions"}],"wp:featuredmedia":[{"embeddable":true,"href":"https:\/\/radioinfinitagoya.com.ar\/v1\/wp-json\/wp\/v2\/media\/210029"}],"wp:attachment":[{"href":"https:\/\/radioinfinitagoya.com.ar\/v1\/wp-json\/wp\/v2\/media?parent=210028"}],"wp:term":[{"taxonomy":"category","embeddable":true,"href":"https:\/\/radioinfinitagoya.com.ar\/v1\/wp-json\/wp\/v2\/categories?post=210028"},{"taxonomy":"post_tag","embeddable":true,"href":"https:\/\/radioinfinitagoya.com.ar\/v1\/wp-json\/wp\/v2\/tags?post=210028"}],"curies":[{"name":"wp","href":"https:\/\/api.w.org\/{rel}","templated":true}]}}