{"id":210031,"date":"2026-03-11T17:11:46","date_gmt":"2026-03-11T20:11:46","guid":{"rendered":"https:\/\/radioinfinitagoya.com.ar\/v1\/?p=210031"},"modified":"2026-03-11T17:11:46","modified_gmt":"2026-03-11T20:11:46","slug":"el-drama-tras-el-temporal-en-tucuman-inundaciones-familias-evacuadas-y-complicaciones-en-el-transito","status":"publish","type":"post","link":"https:\/\/radioinfinitagoya.com.ar\/v1\/2026\/03\/11\/el-drama-tras-el-temporal-en-tucuman-inundaciones-familias-evacuadas-y-complicaciones-en-el-transito\/","title":{"rendered":"El drama tras el temporal en Tucum\u00e1n: inundaciones, familias evacuadas y complicaciones en el tr\u00e1nsito"},"content":{"rendered":"<p>El gobierno provincial intensific\u00f3 las acciones de ayuda y monitoreo tras los da\u00f1os causados por las lluvias. Hay varias rutas que est\u00e1n cortadas por complicaciones generadas por la tormenta<\/p>\n<p>Las intensas lluvias que azotan a Tucum\u00e1n desde la madrugada generaron cortes totales, derrumbes y \u00e1rboles ca\u00eddos en rutas clave del sur provincial, adem\u00e1s de inundaciones que impactaron a familias enteras y desencadenaron un despliegue coordinado de asistencia y contenci\u00f3n.<\/p>\n<p>La Direcci\u00f3n Provincial de Vialidad de Tucum\u00e1n recomend\u00f3 a la poblaci\u00f3n circular con extrema precauci\u00f3n, ante la persistencia de fen\u00f3menos meteorol\u00f3gicos adversos que complican la circulaci\u00f3n y amenazan la seguridad vial.<\/p>\n<p>El impacto de las precipitaciones se reflej\u00f3 en m\u00faltiples puntos cr\u00edticos, como el tramo de la Ruta Provincial 304 entre la intersecci\u00f3n con la Ruta Provincial 310 y el Dique El Caj\u00f3n, donde la presencia de agua sobre la calzada motiv\u00f3 advertencias a los automovilistas.<\/p>\n<p>A su vez, la Ruta Provincial 338 registr\u00f3 la ca\u00edda de dos \u00e1rboles, uno en el kil\u00f3metro 1, a escasos 400 metros de la comisar\u00eda de El Corte, y otro entre los kil\u00f3metros 1 y 1,5, bloqueando en ambos casos la totalidad de la v\u00eda. Personal de Vialidad trabaja para restablecer el tr\u00e1nsito, aunque las interrupciones persisten.<\/p>\n<p>De acuerdo con el reporte de La Gaceta, la situaci\u00f3n se agrav\u00f3 en la Ruta Provincial 308, a la altura de Escaba, donde un derrumbe ocup\u00f3 toda la calzada y mantiene la circulaci\u00f3n completamente interrumpida. En la Ruta Provincial 341, a la altura del kil\u00f3metro 31, solo se habilit\u00f3 un paso alternativo para peatones y motocicletas, mientras el tr\u00e1nsito vehicular sigue cortado de forma temporal y contin\u00faa el operativo de despeje.<\/p>\n<p><img loading=\"lazy\" decoding=\"async\" class=\"alignnone size-full wp-image-210033\" src=\"https:\/\/radioinfinitagoya.com.ar\/v1\/wp-content\/uploads\/2026\/03\/K35CZNJKAVEX7HWLRC2U6FQP6A-1.avif\" alt=\"\" width=\"992\" height=\"602\" srcset=\"https:\/\/radioinfinitagoya.com.ar\/v1\/wp-content\/uploads\/2026\/03\/K35CZNJKAVEX7HWLRC2U6FQP6A-1.avif 992w, https:\/\/radioinfinitagoya.com.ar\/v1\/wp-content\/uploads\/2026\/03\/K35CZNJKAVEX7HWLRC2U6FQP6A-1-150x91.jpg 150w, https:\/\/radioinfinitagoya.com.ar\/v1\/wp-content\/uploads\/2026\/03\/K35CZNJKAVEX7HWLRC2U6FQP6A-1-768x466.jpg 768w, https:\/\/radioinfinitagoya.com.ar\/v1\/wp-content\/uploads\/2026\/03\/K35CZNJKAVEX7HWLRC2U6FQP6A-1-692x420.jpg 692w, https:\/\/radioinfinitagoya.com.ar\/v1\/wp-content\/uploads\/2026\/03\/K35CZNJKAVEX7HWLRC2U6FQP6A-1-696x422.jpg 696w\" sizes=\"auto, (max-width: 992px) 100vw, 992px\" \/>En este contexto, el gobierno provincial despleg\u00f3 una serie de acciones para monitorear y asistir a las zonas m\u00e1s afectadas. El gobernador Osvaldo Jaldo recorri\u00f3 la ruta nacional 157 a la altura de La Madrid, localidad del sur provincial golpeada por las inundaciones durante la ma\u00f1ana.<\/p>\n<p>Durante la noche, muchas familias de La Madrid se vieron en la obligaci\u00f3n de autoevacuarse y esperar en la ruta mientras siguen creciendo los r\u00edos Marapa y San Francisco. La localidad est\u00e1 ubicada a aproximadamente 56 kil\u00f3metros de Las Termas de R\u00edo Hondo.<\/p>\n<p>Las personas que tuvieron que evacuar sus hogares por su seguridad contin\u00faan esperando novedades en medio de una gran incertidumbre. Actualmente, se encuentran en un refugio provisorio en la Ruta Nacional 157, donde la altura del agua es m\u00e1s segura para todos.<\/p>\n<p>Seg\u00fan consign\u00f3 el gobierno local, el mandatario tom\u00f3 contacto directo con vecinos y equipos de trabajo, evaluando de primera mano el alcance de los da\u00f1os y supervisando los operativos de ayuda coordinados por distintas \u00e1reas estatales.<\/p>\n<p>Durante la visita, Jaldo sostuvo que mantiene comunicaci\u00f3n permanente con autoridades nacionales, entre ellos el ministro del Interior de la Naci\u00f3n, Diego Santilli, quien se mostr\u00f3 dispuesto a colaborar con la emergencia, junto a la ministra de Capital Humano, Sandra Pettovelo.<\/p>\n<p>\u201cEsta ma\u00f1ana me llam\u00f3 el ministro del Interior de la Naci\u00f3n, Diego Santilli, pregunt\u00e1ndome cu\u00e1l era la situaci\u00f3n de la provincia de Tucum\u00e1n y que, a trav\u00e9s de la ministra de Capital Humano de la Naci\u00f3n, Sandra Pettovelo, se pon\u00eda a disposici\u00f3n\u201d, afirm\u00f3 el gobernador.<\/p>\n<p><img loading=\"lazy\" decoding=\"async\" class=\"alignnone size-full wp-image-210034\" src=\"https:\/\/radioinfinitagoya.com.ar\/v1\/wp-content\/uploads\/2026\/03\/NI4IJRPBXVEOHNZARIOOYHDLGQ.avif\" alt=\"\" width=\"992\" height=\"661\" srcset=\"https:\/\/radioinfinitagoya.com.ar\/v1\/wp-content\/uploads\/2026\/03\/NI4IJRPBXVEOHNZARIOOYHDLGQ.avif 992w, https:\/\/radioinfinitagoya.com.ar\/v1\/wp-content\/uploads\/2026\/03\/NI4IJRPBXVEOHNZARIOOYHDLGQ-150x100.jpg 150w, https:\/\/radioinfinitagoya.com.ar\/v1\/wp-content\/uploads\/2026\/03\/NI4IJRPBXVEOHNZARIOOYHDLGQ-768x512.jpg 768w, https:\/\/radioinfinitagoya.com.ar\/v1\/wp-content\/uploads\/2026\/03\/NI4IJRPBXVEOHNZARIOOYHDLGQ-630x420.jpg 630w, https:\/\/radioinfinitagoya.com.ar\/v1\/wp-content\/uploads\/2026\/03\/NI4IJRPBXVEOHNZARIOOYHDLGQ-696x464.jpg 696w\" sizes=\"auto, (max-width: 992px) 100vw, 992px\" \/>\u201cEn ese marco, lo puse en contacto con nuestro ministro de Desarrollo Social, Federico Masso. As\u00ed que estuvimos en comunicaci\u00f3n con el Gobierno Nacional. Destaco la predisposici\u00f3n de los ministros nacionales que est\u00e1n predispuestos a ayudar a Tucum\u00e1n\u201d, cerr\u00f3 en un comunicado oficial.<\/p>\n<p>Las autoridades provinciales reforzaron la asistencia social y articularon acciones con los diferentes niveles del Estado, con \u00e9nfasis en la atenci\u00f3n sanitaria y la contenci\u00f3n de las familias perjudicadas. El Ministerio de Salud P\u00fablica, bajo la conducci\u00f3n de Luis Medina Ruiz, articul\u00f3 operativos junto al Ministerio de Interior y la Polic\u00eda de Tucum\u00e1n. La prioridad, seg\u00fan explic\u00f3 el ministro, es proteger la vida y la salud de los damnificados, con un despliegue de m\u00e1s de cien empleados del Sistema Provincial de Salud en La Madrid.<\/p>\n<p><img loading=\"lazy\" decoding=\"async\" class=\"alignnone size-full wp-image-210035\" src=\"https:\/\/radioinfinitagoya.com.ar\/v1\/wp-content\/uploads\/2026\/03\/VMGUHQXF5VEK7LJEM4RGPN7AFQ.avif\" alt=\"\" width=\"992\" height=\"661\" srcset=\"https:\/\/radioinfinitagoya.com.ar\/v1\/wp-content\/uploads\/2026\/03\/VMGUHQXF5VEK7LJEM4RGPN7AFQ.avif 992w, https:\/\/radioinfinitagoya.com.ar\/v1\/wp-content\/uploads\/2026\/03\/VMGUHQXF5VEK7LJEM4RGPN7AFQ-150x100.jpg 150w, https:\/\/radioinfinitagoya.com.ar\/v1\/wp-content\/uploads\/2026\/03\/VMGUHQXF5VEK7LJEM4RGPN7AFQ-768x512.jpg 768w, https:\/\/radioinfinitagoya.com.ar\/v1\/wp-content\/uploads\/2026\/03\/VMGUHQXF5VEK7LJEM4RGPN7AFQ-630x420.jpg 630w, https:\/\/radioinfinitagoya.com.ar\/v1\/wp-content\/uploads\/2026\/03\/VMGUHQXF5VEK7LJEM4RGPN7AFQ-696x464.jpg 696w\" sizes=\"auto, (max-width: 992px) 100vw, 992px\" \/>Tres carpas instaladas en las inmediaciones del pueblo facilitan atenci\u00f3n m\u00e9dica y alimentos para los vecinos, bajo la supervisi\u00f3n directa del ministro de Interior, Dar\u00edo Monteros, y el jefe de Polic\u00eda, Joaqu\u00edn Girvau.<\/p>\n<p>Medina Ruiz remarc\u00f3: \u201cLo primero que tenemos que hacer es preservar la vida, que nadie corra riesgo y que nadie se enferme\u201d, y puntualiz\u00f3 que se da prioridad a pacientes con enfermedades cr\u00f3nicas. Personas con diabetes, hipertensi\u00f3n o que requieren di\u00e1lisis est\u00e1n siendo evacuadas o invitadas a trasladarse a hospitales o centros de salud con mejores condiciones de higiene, alimentaci\u00f3n y descanso.<\/p>\n<p>Los operativos sanitarios incluyen tr\u00e1ileres y personal m\u00e9dico apostados en los accesos a la ciudad, para brindar asistencia preventiva y distribuir medicamentos e insumos. Las afecciones m\u00e1s frecuentes detectadas hasta el momento incluyen problemas dermatol\u00f3gicos, micosis y otras infecciones cut\u00e1neas.<\/p>\n<p>\u201cHay personas que tienen su casa anegada y no est\u00e1n en las mejores condiciones para continuar all\u00ed. A veces hay resistencia a abandonar el hogar, pero si no tienen luz ni agua potable, pueden enfermarse. Por eso es mejor salir antes de que se complique su estado de salud\u201d, advirti\u00f3 Medina Ruiz.<\/p>\n<p>En paralelo a las tareas de asistencia, el Ministerio de Obras, Infraestructura y Transporte P\u00fablico, encabezado por Marcelo Nazur, intensific\u00f3 las labores para aliviar el anegamiento en La Madrid. Nazur supervis\u00f3 las intervenciones sobre la ruta nacional 157, donde se efectuaron dos rupturas del pavimento, primero cerca del acceso a la ciudad y luego a escasos 50 metros del primer punto, para facilitar el escurrimiento del agua acumulada tras las precipitaciones.<\/p>\n<p><img loading=\"lazy\" decoding=\"async\" class=\"alignnone size-full wp-image-210036\" src=\"https:\/\/radioinfinitagoya.com.ar\/v1\/wp-content\/uploads\/2026\/03\/3DEWA7PNANATPMG2PU3ABBO77A.avif\" alt=\"\" width=\"992\" height=\"643\" srcset=\"https:\/\/radioinfinitagoya.com.ar\/v1\/wp-content\/uploads\/2026\/03\/3DEWA7PNANATPMG2PU3ABBO77A.avif 992w, https:\/\/radioinfinitagoya.com.ar\/v1\/wp-content\/uploads\/2026\/03\/3DEWA7PNANATPMG2PU3ABBO77A-150x97.jpg 150w, https:\/\/radioinfinitagoya.com.ar\/v1\/wp-content\/uploads\/2026\/03\/3DEWA7PNANATPMG2PU3ABBO77A-768x498.jpg 768w, https:\/\/radioinfinitagoya.com.ar\/v1\/wp-content\/uploads\/2026\/03\/3DEWA7PNANATPMG2PU3ABBO77A-648x420.jpg 648w, https:\/\/radioinfinitagoya.com.ar\/v1\/wp-content\/uploads\/2026\/03\/3DEWA7PNANATPMG2PU3ABBO77A-696x451.jpg 696w\" sizes=\"auto, (max-width: 992px) 100vw, 992px\" \/>El funcionario describi\u00f3 que la apertura permiti\u00f3 iniciar el drenaje en el sector urbano y estim\u00f3 que, si no vuelven las lluvias en las altas cumbres, el nivel del agua podr\u00eda descender hacia la tarde.<\/p>\n<p>Nazur precis\u00f3 adem\u00e1s que el operativo involucra tres m\u00e1quinas sobre orugas, camiones cargadores y la instalaci\u00f3n de tubos para liberar el paso r\u00e1pidamente, en coordinaci\u00f3n con equipos de Vialidad y el Ministerio del Interior.<\/p>\n<p>\u201cHemos decidido cortar la ruta para ayudar a drenar el agua y tratar de pasar lo m\u00e1s r\u00e1pido posible esta situaci\u00f3n de inundaciones en La Madrid. Estamos viendo que los cortes de ruta est\u00e1n surtiendo efecto, ayudan a drenar el agua, y la idea es tratar de hacerlo lo m\u00e1s r\u00e1pido posible\u201d, asegur\u00f3 Nazur.<\/p>\n<p>&nbsp;<\/p>\n<p>&nbsp;<\/p>\n","protected":false},"excerpt":{"rendered":"<p>El gobierno provincial intensific\u00f3 las acciones de ayuda y monitoreo tras los da\u00f1os causados por las lluvias. Hay varias rutas que est\u00e1n cortadas por complicaciones generadas por la tormenta Las intensas lluvias que azotan a Tucum\u00e1n desde la madrugada generaron cortes totales, derrumbes y \u00e1rboles ca\u00eddos en rutas clave del sur provincial, adem\u00e1s de inundaciones [&hellip;]<\/p>\n","protected":false},"author":4,"featured_media":210032,"comment_status":"open","ping_status":"open","sticky":false,"template":"","format":"standard","meta":{"_joinchat":[],"footnotes":""},"categories":[31],"tags":[],"class_list":{"0":"post-210031","1":"post","2":"type-post","3":"status-publish","4":"format-standard","5":"has-post-thumbnail","7":"category-informacion-general"},"yoast_head":"<!-- This site is optimized with the Yoast SEO plugin v27.2 - https:\/\/yoast.com\/product\/yoast-seo-wordpress\/ -->\n<title>El drama tras el temporal en Tucum\u00e1n: inundaciones, familias evacuadas y complicaciones en el tr\u00e1nsito - Radio Infinita Goya<\/title>\n<meta name=\"description\" content=\"El gobierno provincial intensific\u00f3 las acciones de ayuda y monitoreo tras los da\u00f1os causados por las lluvias. Hay varias rutas que est\u00e1n cortadas por\" \/>\n<meta name=\"robots\" content=\"index, follow, max-snippet:-1, max-image-preview:large, max-video-preview:-1\" \/>\n<link rel=\"canonical\" href=\"https:\/\/radioinfinitagoya.com.ar\/v1\/2026\/03\/11\/el-drama-tras-el-temporal-en-tucuman-inundaciones-familias-evacuadas-y-complicaciones-en-el-transito\/\" \/>\n<meta property=\"og:locale\" content=\"es_ES\" \/>\n<meta property=\"og:type\" content=\"article\" \/>\n<meta property=\"og:title\" content=\"El drama tras el temporal en Tucum\u00e1n: inundaciones, familias evacuadas y complicaciones en el tr\u00e1nsito - Radio Infinita Goya\" \/>\n<meta property=\"og:description\" content=\"El gobierno provincial intensific\u00f3 las acciones de ayuda y monitoreo tras los da\u00f1os causados por las lluvias. Hay varias rutas que est\u00e1n cortadas por\" \/>\n<meta property=\"og:url\" content=\"https:\/\/radioinfinitagoya.com.ar\/v1\/2026\/03\/11\/el-drama-tras-el-temporal-en-tucuman-inundaciones-familias-evacuadas-y-complicaciones-en-el-transito\/\" \/>\n<meta property=\"og:site_name\" content=\"Radio Infinita Goya\" \/>\n<meta property=\"article:publisher\" content=\"https:\/\/www.facebook.com\/p\/Infinita-Goya-100063870918311\/\" \/>\n<meta property=\"article:published_time\" content=\"2026-03-11T20:11:46+00:00\" \/>\n<meta name=\"author\" content=\"Jorge Mi\u00f1o\" \/>\n<meta name=\"twitter:card\" content=\"summary_large_image\" \/>\n<meta name=\"twitter:label1\" content=\"Escrito por\" \/>\n\t<meta name=\"twitter:data1\" content=\"Jorge Mi\u00f1o\" \/>\n\t<meta name=\"twitter:label2\" content=\"Tiempo de lectura\" \/>\n\t<meta name=\"twitter:data2\" content=\"6 minutos\" \/>\n<script type=\"application\/ld+json\" class=\"yoast-schema-graph\">{\"@context\":\"https:\/\/schema.org\",\"@graph\":[{\"@type\":\"Article\",\"@id\":\"https:\/\/radioinfinitagoya.com.ar\/v1\/2026\/03\/11\/el-drama-tras-el-temporal-en-tucuman-inundaciones-familias-evacuadas-y-complicaciones-en-el-transito\/#article\",\"isPartOf\":{\"@id\":\"https:\/\/radioinfinitagoya.com.ar\/v1\/2026\/03\/11\/el-drama-tras-el-temporal-en-tucuman-inundaciones-familias-evacuadas-y-complicaciones-en-el-transito\/\"},\"author\":{\"name\":\"Jorge Mi\u00f1o\",\"@id\":\"https:\/\/radioinfinitagoya.com.ar\/v1\/#\/schema\/person\/d4cf9c413d4f6edb24aabdccab49ca4a\"},\"headline\":\"El drama tras el temporal en Tucum\u00e1n: inundaciones, familias evacuadas y complicaciones en el tr\u00e1nsito\",\"datePublished\":\"2026-03-11T20:11:46+00:00\",\"mainEntityOfPage\":{\"@id\":\"https:\/\/radioinfinitagoya.com.ar\/v1\/2026\/03\/11\/el-drama-tras-el-temporal-en-tucuman-inundaciones-familias-evacuadas-y-complicaciones-en-el-transito\/\"},\"wordCount\":1131,\"commentCount\":0,\"publisher\":{\"@id\":\"https:\/\/radioinfinitagoya.com.ar\/v1\/#organization\"},\"image\":{\"@id\":\"https:\/\/radioinfinitagoya.com.ar\/v1\/2026\/03\/11\/el-drama-tras-el-temporal-en-tucuman-inundaciones-familias-evacuadas-y-complicaciones-en-el-transito\/#primaryimage\"},\"thumbnailUrl\":\"https:\/\/radioinfinitagoya.com.ar\/v1\/wp-content\/uploads\/2026\/03\/K35CZNJKAVEX7HWLRC2U6FQP6A.avif\",\"articleSection\":[\"INFORMACI\u00d3N GENERAL\"],\"inLanguage\":\"es-AR\",\"potentialAction\":[{\"@type\":\"CommentAction\",\"name\":\"Comment\",\"target\":[\"https:\/\/radioinfinitagoya.com.ar\/v1\/2026\/03\/11\/el-drama-tras-el-temporal-en-tucuman-inundaciones-familias-evacuadas-y-complicaciones-en-el-transito\/#respond\"]}]},{\"@type\":\"WebPage\",\"@id\":\"https:\/\/radioinfinitagoya.com.ar\/v1\/2026\/03\/11\/el-drama-tras-el-temporal-en-tucuman-inundaciones-familias-evacuadas-y-complicaciones-en-el-transito\/\",\"url\":\"https:\/\/radioinfinitagoya.com.ar\/v1\/2026\/03\/11\/el-drama-tras-el-temporal-en-tucuman-inundaciones-familias-evacuadas-y-complicaciones-en-el-transito\/\",\"name\":\"El drama tras el temporal en Tucum\u00e1n: inundaciones, familias evacuadas y complicaciones en el tr\u00e1nsito - Radio Infinita Goya\",\"isPartOf\":{\"@id\":\"https:\/\/radioinfinitagoya.com.ar\/v1\/#website\"},\"primaryImageOfPage\":{\"@id\":\"https:\/\/radioinfinitagoya.com.ar\/v1\/2026\/03\/11\/el-drama-tras-el-temporal-en-tucuman-inundaciones-familias-evacuadas-y-complicaciones-en-el-transito\/#primaryimage\"},\"image\":{\"@id\":\"https:\/\/radioinfinitagoya.com.ar\/v1\/2026\/03\/11\/el-drama-tras-el-temporal-en-tucuman-inundaciones-familias-evacuadas-y-complicaciones-en-el-transito\/#primaryimage\"},\"thumbnailUrl\":\"https:\/\/radioinfinitagoya.com.ar\/v1\/wp-content\/uploads\/2026\/03\/K35CZNJKAVEX7HWLRC2U6FQP6A.avif\",\"datePublished\":\"2026-03-11T20:11:46+00:00\",\"description\":\"El gobierno provincial intensific\u00f3 las acciones de ayuda y monitoreo tras los da\u00f1os causados por las lluvias. Hay varias rutas que est\u00e1n cortadas por\",\"breadcrumb\":{\"@id\":\"https:\/\/radioinfinitagoya.com.ar\/v1\/2026\/03\/11\/el-drama-tras-el-temporal-en-tucuman-inundaciones-familias-evacuadas-y-complicaciones-en-el-transito\/#breadcrumb\"},\"inLanguage\":\"es-AR\",\"potentialAction\":[{\"@type\":\"ReadAction\",\"target\":[\"https:\/\/radioinfinitagoya.com.ar\/v1\/2026\/03\/11\/el-drama-tras-el-temporal-en-tucuman-inundaciones-familias-evacuadas-y-complicaciones-en-el-transito\/\"]}]},{\"@type\":\"ImageObject\",\"inLanguage\":\"es-AR\",\"@id\":\"https:\/\/radioinfinitagoya.com.ar\/v1\/2026\/03\/11\/el-drama-tras-el-temporal-en-tucuman-inundaciones-familias-evacuadas-y-complicaciones-en-el-transito\/#primaryimage\",\"url\":\"https:\/\/radioinfinitagoya.com.ar\/v1\/wp-content\/uploads\/2026\/03\/K35CZNJKAVEX7HWLRC2U6FQP6A.avif\",\"contentUrl\":\"https:\/\/radioinfinitagoya.com.ar\/v1\/wp-content\/uploads\/2026\/03\/K35CZNJKAVEX7HWLRC2U6FQP6A.avif\",\"width\":992,\"height\":602},{\"@type\":\"BreadcrumbList\",\"@id\":\"https:\/\/radioinfinitagoya.com.ar\/v1\/2026\/03\/11\/el-drama-tras-el-temporal-en-tucuman-inundaciones-familias-evacuadas-y-complicaciones-en-el-transito\/#breadcrumb\",\"itemListElement\":[{\"@type\":\"ListItem\",\"position\":1,\"name\":\"Inicio\",\"item\":\"https:\/\/radioinfinitagoya.com.ar\/v1\/\"},{\"@type\":\"ListItem\",\"position\":2,\"name\":\"El drama tras el temporal en Tucum\u00e1n: inundaciones, familias evacuadas y complicaciones en el tr\u00e1nsito\"}]},{\"@type\":\"WebSite\",\"@id\":\"https:\/\/radioinfinitagoya.com.ar\/v1\/#website\",\"url\":\"https:\/\/radioinfinitagoya.com.ar\/v1\/\",\"name\":\"radioinfinitagoya.com.ar\",\"description\":\"Radio de noticias\",\"publisher\":{\"@id\":\"https:\/\/radioinfinitagoya.com.ar\/v1\/#organization\"},\"potentialAction\":[{\"@type\":\"SearchAction\",\"target\":{\"@type\":\"EntryPoint\",\"urlTemplate\":\"https:\/\/radioinfinitagoya.com.ar\/v1\/?s={search_term_string}\"},\"query-input\":{\"@type\":\"PropertyValueSpecification\",\"valueRequired\":true,\"valueName\":\"search_term_string\"}}],\"inLanguage\":\"es-AR\"},{\"@type\":\"Organization\",\"@id\":\"https:\/\/radioinfinitagoya.com.ar\/v1\/#organization\",\"name\":\"Radio Infinita Goya\",\"url\":\"https:\/\/radioinfinitagoya.com.ar\/v1\/\",\"logo\":{\"@type\":\"ImageObject\",\"inLanguage\":\"es-AR\",\"@id\":\"https:\/\/radioinfinitagoya.com.ar\/v1\/#\/schema\/logo\/image\/\",\"url\":\"https:\/\/radioinfinitagoya.com.ar\/v1\/wp-content\/uploads\/2019\/11\/logo-pie-web.png\",\"contentUrl\":\"https:\/\/radioinfinitagoya.com.ar\/v1\/wp-content\/uploads\/2019\/11\/logo-pie-web.png\",\"width\":635,\"height\":326,\"caption\":\"Radio Infinita Goya\"},\"image\":{\"@id\":\"https:\/\/radioinfinitagoya.com.ar\/v1\/#\/schema\/logo\/image\/\"},\"sameAs\":[\"https:\/\/www.facebook.com\/p\/Infinita-Goya-100063870918311\/\"]},{\"@type\":\"Person\",\"@id\":\"https:\/\/radioinfinitagoya.com.ar\/v1\/#\/schema\/person\/d4cf9c413d4f6edb24aabdccab49ca4a\",\"name\":\"Jorge Mi\u00f1o\",\"image\":{\"@type\":\"ImageObject\",\"inLanguage\":\"es-AR\",\"@id\":\"https:\/\/secure.gravatar.com\/avatar\/910fcf6728fe95320e07a6643c1581fec1c7fc4bf8ae12e3d8f0d0373dc844be?s=96&d=mm&r=g\",\"url\":\"https:\/\/secure.gravatar.com\/avatar\/910fcf6728fe95320e07a6643c1581fec1c7fc4bf8ae12e3d8f0d0373dc844be?s=96&d=mm&r=g\",\"contentUrl\":\"https:\/\/secure.gravatar.com\/avatar\/910fcf6728fe95320e07a6643c1581fec1c7fc4bf8ae12e3d8f0d0373dc844be?s=96&d=mm&r=g\",\"caption\":\"Jorge Mi\u00f1o\"},\"sameAs\":[\"http:\/\/radioinfinitagoya.com.ar\"]}]}<\/script>\n<!-- \/ Yoast SEO plugin. -->","yoast_head_json":{"title":"El drama tras el temporal en Tucum\u00e1n: inundaciones, familias evacuadas y complicaciones en el tr\u00e1nsito - Radio Infinita Goya","description":"El gobierno provincial intensific\u00f3 las acciones de ayuda y monitoreo tras los da\u00f1os causados por las lluvias. Hay varias rutas que est\u00e1n cortadas por","robots":{"index":"index","follow":"follow","max-snippet":"max-snippet:-1","max-image-preview":"max-image-preview:large","max-video-preview":"max-video-preview:-1"},"canonical":"https:\/\/radioinfinitagoya.com.ar\/v1\/2026\/03\/11\/el-drama-tras-el-temporal-en-tucuman-inundaciones-familias-evacuadas-y-complicaciones-en-el-transito\/","og_locale":"es_ES","og_type":"article","og_title":"El drama tras el temporal en Tucum\u00e1n: inundaciones, familias evacuadas y complicaciones en el tr\u00e1nsito - Radio Infinita Goya","og_description":"El gobierno provincial intensific\u00f3 las acciones de ayuda y monitoreo tras los da\u00f1os causados por las lluvias. Hay varias rutas que est\u00e1n cortadas por","og_url":"https:\/\/radioinfinitagoya.com.ar\/v1\/2026\/03\/11\/el-drama-tras-el-temporal-en-tucuman-inundaciones-familias-evacuadas-y-complicaciones-en-el-transito\/","og_site_name":"Radio Infinita Goya","article_publisher":"https:\/\/www.facebook.com\/p\/Infinita-Goya-100063870918311\/","article_published_time":"2026-03-11T20:11:46+00:00","author":"Jorge Mi\u00f1o","twitter_card":"summary_large_image","twitter_misc":{"Escrito por":"Jorge Mi\u00f1o","Tiempo de lectura":"6 minutos"},"schema":{"@context":"https:\/\/schema.org","@graph":[{"@type":"Article","@id":"https:\/\/radioinfinitagoya.com.ar\/v1\/2026\/03\/11\/el-drama-tras-el-temporal-en-tucuman-inundaciones-familias-evacuadas-y-complicaciones-en-el-transito\/#article","isPartOf":{"@id":"https:\/\/radioinfinitagoya.com.ar\/v1\/2026\/03\/11\/el-drama-tras-el-temporal-en-tucuman-inundaciones-familias-evacuadas-y-complicaciones-en-el-transito\/"},"author":{"name":"Jorge Mi\u00f1o","@id":"https:\/\/radioinfinitagoya.com.ar\/v1\/#\/schema\/person\/d4cf9c413d4f6edb24aabdccab49ca4a"},"headline":"El drama tras el temporal en Tucum\u00e1n: inundaciones, familias evacuadas y complicaciones en el tr\u00e1nsito","datePublished":"2026-03-11T20:11:46+00:00","mainEntityOfPage":{"@id":"https:\/\/radioinfinitagoya.com.ar\/v1\/2026\/03\/11\/el-drama-tras-el-temporal-en-tucuman-inundaciones-familias-evacuadas-y-complicaciones-en-el-transito\/"},"wordCount":1131,"commentCount":0,"publisher":{"@id":"https:\/\/radioinfinitagoya.com.ar\/v1\/#organization"},"image":{"@id":"https:\/\/radioinfinitagoya.com.ar\/v1\/2026\/03\/11\/el-drama-tras-el-temporal-en-tucuman-inundaciones-familias-evacuadas-y-complicaciones-en-el-transito\/#primaryimage"},"thumbnailUrl":"https:\/\/radioinfinitagoya.com.ar\/v1\/wp-content\/uploads\/2026\/03\/K35CZNJKAVEX7HWLRC2U6FQP6A.avif","articleSection":["INFORMACI\u00d3N GENERAL"],"inLanguage":"es-AR","potentialAction":[{"@type":"CommentAction","name":"Comment","target":["https:\/\/radioinfinitagoya.com.ar\/v1\/2026\/03\/11\/el-drama-tras-el-temporal-en-tucuman-inundaciones-familias-evacuadas-y-complicaciones-en-el-transito\/#respond"]}]},{"@type":"WebPage","@id":"https:\/\/radioinfinitagoya.com.ar\/v1\/2026\/03\/11\/el-drama-tras-el-temporal-en-tucuman-inundaciones-familias-evacuadas-y-complicaciones-en-el-transito\/","url":"https:\/\/radioinfinitagoya.com.ar\/v1\/2026\/03\/11\/el-drama-tras-el-temporal-en-tucuman-inundaciones-familias-evacuadas-y-complicaciones-en-el-transito\/","name":"El drama tras el temporal en Tucum\u00e1n: inundaciones, familias evacuadas y complicaciones en el tr\u00e1nsito - Radio Infinita Goya","isPartOf":{"@id":"https:\/\/radioinfinitagoya.com.ar\/v1\/#website"},"primaryImageOfPage":{"@id":"https:\/\/radioinfinitagoya.com.ar\/v1\/2026\/03\/11\/el-drama-tras-el-temporal-en-tucuman-inundaciones-familias-evacuadas-y-complicaciones-en-el-transito\/#primaryimage"},"image":{"@id":"https:\/\/radioinfinitagoya.com.ar\/v1\/2026\/03\/11\/el-drama-tras-el-temporal-en-tucuman-inundaciones-familias-evacuadas-y-complicaciones-en-el-transito\/#primaryimage"},"thumbnailUrl":"https:\/\/radioinfinitagoya.com.ar\/v1\/wp-content\/uploads\/2026\/03\/K35CZNJKAVEX7HWLRC2U6FQP6A.avif","datePublished":"2026-03-11T20:11:46+00:00","description":"El gobierno provincial intensific\u00f3 las acciones de ayuda y monitoreo tras los da\u00f1os causados por las lluvias. Hay varias rutas que est\u00e1n cortadas por","breadcrumb":{"@id":"https:\/\/radioinfinitagoya.com.ar\/v1\/2026\/03\/11\/el-drama-tras-el-temporal-en-tucuman-inundaciones-familias-evacuadas-y-complicaciones-en-el-transito\/#breadcrumb"},"inLanguage":"es-AR","potentialAction":[{"@type":"ReadAction","target":["https:\/\/radioinfinitagoya.com.ar\/v1\/2026\/03\/11\/el-drama-tras-el-temporal-en-tucuman-inundaciones-familias-evacuadas-y-complicaciones-en-el-transito\/"]}]},{"@type":"ImageObject","inLanguage":"es-AR","@id":"https:\/\/radioinfinitagoya.com.ar\/v1\/2026\/03\/11\/el-drama-tras-el-temporal-en-tucuman-inundaciones-familias-evacuadas-y-complicaciones-en-el-transito\/#primaryimage","url":"https:\/\/radioinfinitagoya.com.ar\/v1\/wp-content\/uploads\/2026\/03\/K35CZNJKAVEX7HWLRC2U6FQP6A.avif","contentUrl":"https:\/\/radioinfinitagoya.com.ar\/v1\/wp-content\/uploads\/2026\/03\/K35CZNJKAVEX7HWLRC2U6FQP6A.avif","width":992,"height":602},{"@type":"BreadcrumbList","@id":"https:\/\/radioinfinitagoya.com.ar\/v1\/2026\/03\/11\/el-drama-tras-el-temporal-en-tucuman-inundaciones-familias-evacuadas-y-complicaciones-en-el-transito\/#breadcrumb","itemListElement":[{"@type":"ListItem","position":1,"name":"Inicio","item":"https:\/\/radioinfinitagoya.com.ar\/v1\/"},{"@type":"ListItem","position":2,"name":"El drama tras el temporal en Tucum\u00e1n: inundaciones, familias evacuadas y complicaciones en el tr\u00e1nsito"}]},{"@type":"WebSite","@id":"https:\/\/radioinfinitagoya.com.ar\/v1\/#website","url":"https:\/\/radioinfinitagoya.com.ar\/v1\/","name":"radioinfinitagoya.com.ar","description":"Radio de noticias","publisher":{"@id":"https:\/\/radioinfinitagoya.com.ar\/v1\/#organization"},"potentialAction":[{"@type":"SearchAction","target":{"@type":"EntryPoint","urlTemplate":"https:\/\/radioinfinitagoya.com.ar\/v1\/?s={search_term_string}"},"query-input":{"@type":"PropertyValueSpecification","valueRequired":true,"valueName":"search_term_string"}}],"inLanguage":"es-AR"},{"@type":"Organization","@id":"https:\/\/radioinfinitagoya.com.ar\/v1\/#organization","name":"Radio Infinita Goya","url":"https:\/\/radioinfinitagoya.com.ar\/v1\/","logo":{"@type":"ImageObject","inLanguage":"es-AR","@id":"https:\/\/radioinfinitagoya.com.ar\/v1\/#\/schema\/logo\/image\/","url":"https:\/\/radioinfinitagoya.com.ar\/v1\/wp-content\/uploads\/2019\/11\/logo-pie-web.png","contentUrl":"https:\/\/radioinfinitagoya.com.ar\/v1\/wp-content\/uploads\/2019\/11\/logo-pie-web.png","width":635,"height":326,"caption":"Radio Infinita Goya"},"image":{"@id":"https:\/\/radioinfinitagoya.com.ar\/v1\/#\/schema\/logo\/image\/"},"sameAs":["https:\/\/www.facebook.com\/p\/Infinita-Goya-100063870918311\/"]},{"@type":"Person","@id":"https:\/\/radioinfinitagoya.com.ar\/v1\/#\/schema\/person\/d4cf9c413d4f6edb24aabdccab49ca4a","name":"Jorge Mi\u00f1o","image":{"@type":"ImageObject","inLanguage":"es-AR","@id":"https:\/\/secure.gravatar.com\/avatar\/910fcf6728fe95320e07a6643c1581fec1c7fc4bf8ae12e3d8f0d0373dc844be?s=96&d=mm&r=g","url":"https:\/\/secure.gravatar.com\/avatar\/910fcf6728fe95320e07a6643c1581fec1c7fc4bf8ae12e3d8f0d0373dc844be?s=96&d=mm&r=g","contentUrl":"https:\/\/secure.gravatar.com\/avatar\/910fcf6728fe95320e07a6643c1581fec1c7fc4bf8ae12e3d8f0d0373dc844be?s=96&d=mm&r=g","caption":"Jorge Mi\u00f1o"},"sameAs":["http:\/\/radioinfinitagoya.com.ar"]}]}},"_links":{"self":[{"href":"https:\/\/radioinfinitagoya.com.ar\/v1\/wp-json\/wp\/v2\/posts\/210031","targetHints":{"allow":["GET"]}}],"collection":[{"href":"https:\/\/radioinfinitagoya.com.ar\/v1\/wp-json\/wp\/v2\/posts"}],"about":[{"href":"https:\/\/radioinfinitagoya.com.ar\/v1\/wp-json\/wp\/v2\/types\/post"}],"author":[{"embeddable":true,"href":"https:\/\/radioinfinitagoya.com.ar\/v1\/wp-json\/wp\/v2\/users\/4"}],"replies":[{"embeddable":true,"href":"https:\/\/radioinfinitagoya.com.ar\/v1\/wp-json\/wp\/v2\/comments?post=210031"}],"version-history":[{"count":0,"href":"https:\/\/radioinfinitagoya.com.ar\/v1\/wp-json\/wp\/v2\/posts\/210031\/revisions"}],"wp:featuredmedia":[{"embeddable":true,"href":"https:\/\/radioinfinitagoya.com.ar\/v1\/wp-json\/wp\/v2\/media\/210032"}],"wp:attachment":[{"href":"https:\/\/radioinfinitagoya.com.ar\/v1\/wp-json\/wp\/v2\/media?parent=210031"}],"wp:term":[{"taxonomy":"category","embeddable":true,"href":"https:\/\/radioinfinitagoya.com.ar\/v1\/wp-json\/wp\/v2\/categories?post=210031"},{"taxonomy":"post_tag","embeddable":true,"href":"https:\/\/radioinfinitagoya.com.ar\/v1\/wp-json\/wp\/v2\/tags?post=210031"}],"curies":[{"name":"wp","href":"https:\/\/api.w.org\/{rel}","templated":true}]}}