{"id":210038,"date":"2026-03-11T17:19:51","date_gmt":"2026-03-11T20:19:51","guid":{"rendered":"https:\/\/radioinfinitagoya.com.ar\/v1\/?p=210038"},"modified":"2026-03-11T17:19:51","modified_gmt":"2026-03-11T20:19:51","slug":"pablo-toviggino-fue-indagado-por-la-evasion-de-la-afa","status":"publish","type":"post","link":"https:\/\/radioinfinitagoya.com.ar\/v1\/2026\/03\/11\/pablo-toviggino-fue-indagado-por-la-evasion-de-la-afa\/","title":{"rendered":"Pablo Toviggino fue indagado por la evasi\u00f3n de la AFA"},"content":{"rendered":"<p>Present\u00f3 un escrito, no contest\u00f3 preguntas e hizo un pedido particular<\/p>\n<p>El tesorero de asociaci\u00f3n de f\u00fatbol estuvo en tribunales por la causa de retenci\u00f3n indebida de tributos.<\/p>\n<p>No hizo declaraciones a los medios y en el expediente se defendi\u00f3 a trav\u00e9s de un escrito.<\/p>\n<p>Este jueves ser\u00e1 el turno del presidente de la AFA, Claudio &#8220;Chiqui&#8221; Tapia.<\/p>\n<p>El tesorero de la Asociaci\u00f3n del F\u00fatbol Argentino (AFA), Pablo Toviggino, fue indagado este mi\u00e9rcoles en la causa por la retenci\u00f3n indebida de 19.300 millones de pesos de impuestos, present\u00f3 un escrito y se neg\u00f3 a contestar preguntas. Fue la antesala de la indagatoria de este jueves del presidente de la entidad Claudio &#8220;Chiqui&#8221; Tapia.<\/p>\n<p>Toviggino lleg\u00f3 a los tribunales a las 11:05 y se retir\u00f3 a las 12:25 junto con su abogado Marcelo Rocchetti. No quiso contestar preguntas de los medios y su partida fue tumultuosa. Otro dato: lo hizo en camioneta Jeep sin patente.<\/p>\n<p>Ante el juez en lo Penal Econ\u00f3mico Diego Amarante y el fiscal Claudio Navas Rial, Toviggino escuch\u00f3 la imputaci\u00f3n, present\u00f3 un escrito de descargo y se neg\u00f3 a contestar preguntas. Seg\u00fan pudo saber Clar\u00edn es un escrito de 100 p\u00e1ginas con una defensa t\u00e9cnica en la que Toviggino hace referencia al rol de tesorero, al sistema impositivo y a lo que es la funci\u00f3n del agente de retenci\u00f3n.<\/p>\n<figure id=\"attachment_210040\" aria-describedby=\"caption-attachment-210040\" style=\"width: 720px\" class=\"wp-caption alignnone\"><img loading=\"lazy\" decoding=\"async\" class=\"size-full wp-image-210040\" src=\"https:\/\/radioinfinitagoya.com.ar\/v1\/wp-content\/uploads\/2026\/03\/7EDW5J_Qc_720x0__1-1.jpg\" alt=\"\" width=\"720\" height=\"480\" srcset=\"https:\/\/radioinfinitagoya.com.ar\/v1\/wp-content\/uploads\/2026\/03\/7EDW5J_Qc_720x0__1-1.jpg 720w, https:\/\/radioinfinitagoya.com.ar\/v1\/wp-content\/uploads\/2026\/03\/7EDW5J_Qc_720x0__1-1-150x100.jpg 150w, https:\/\/radioinfinitagoya.com.ar\/v1\/wp-content\/uploads\/2026\/03\/7EDW5J_Qc_720x0__1-1-630x420.jpg 630w, https:\/\/radioinfinitagoya.com.ar\/v1\/wp-content\/uploads\/2026\/03\/7EDW5J_Qc_720x0__1-1-696x464.jpg 696w\" sizes=\"auto, (max-width: 720px) 100vw, 720px\" \/><figcaption id=\"caption-attachment-210040\" class=\"wp-caption-text\">Causa AFA. Pablo Toviggino se retira de tribunales 11.03.2026 Foto Maxi Failla<span style=\"color: #222222;font-size: 15px\">Despu\u00e9s de la indagatoria, el abogado del tesorero de la AFA le pidi\u00f3 al juez que le permitiera retirarse por la puerta del atr\u00e1s de tribunales, por donde pod\u00eda acceder un auto para evitar los tumultos y ca\u00eddas que hubo con los medios de comunicaci\u00f3n cuando lleg\u00f3.<\/span><\/figcaption><\/figure>\n<p>El fiscal Navas Rail acept\u00f3 el pedido pero Amarante lo rechaz\u00f3 &#8220;por improcedente&#8221;. La defensa insisti\u00f3 en el pedido, ya que se trataba de una cuesti\u00f3n de seguridad y afirmaron que la puerta de salida de Toviggino no le generaba al juez ning\u00fan perjuicio. El magistrado mantuvo su postura y se lo rechaz\u00f3.<\/p>\n<p>Toviggino sigui\u00f3 la misma estrategia que el resto de indagados de la c\u00fapula de AFA. El director general Gustavo Lorenzo, el ex secretario general Cristian Malaspina, y el actual V\u00edctor Blanco, respectivamente, ya fueron indagados y tambi\u00e9n presentaron escritos.<\/p>\n<p>Tras la indagatoria, la defensa de Toviggino estuvo a cargo del abogado Gregorio Dalb\u00f3n, tambi\u00e9n defensor de la ex presidenta Cristina Kirchner y que act\u00faa como vocero judicial de Tapia.<\/p>\n<p>\u201cEsto es una cuesti\u00f3n absolutamente pol\u00edtica, no jur\u00eddica. Y se va a terminar arreglando pol\u00edticamente, no con Santiago Caputo pero posiblemente con Karina. Es evidente que si el Estado est\u00e1 hablando hace cuatro meses de la AFA es porque se quiere quedar con la AFA y se la quiere quedar Santiago Caputo\u201d, dijo Dalb\u00f3n a los medios despu\u00e9s de la indagatoria del tesorero.<\/p>\n<figure id=\"attachment_210041\" aria-describedby=\"caption-attachment-210041\" style=\"width: 720px\" class=\"wp-caption alignnone\"><img loading=\"lazy\" decoding=\"async\" class=\"size-full wp-image-210041\" src=\"https:\/\/radioinfinitagoya.com.ar\/v1\/wp-content\/uploads\/2026\/03\/IRgLXohlz_720x0__1.jpg\" alt=\"\" width=\"720\" height=\"480\" srcset=\"https:\/\/radioinfinitagoya.com.ar\/v1\/wp-content\/uploads\/2026\/03\/IRgLXohlz_720x0__1.jpg 720w, https:\/\/radioinfinitagoya.com.ar\/v1\/wp-content\/uploads\/2026\/03\/IRgLXohlz_720x0__1-150x100.jpg 150w, https:\/\/radioinfinitagoya.com.ar\/v1\/wp-content\/uploads\/2026\/03\/IRgLXohlz_720x0__1-630x420.jpg 630w, https:\/\/radioinfinitagoya.com.ar\/v1\/wp-content\/uploads\/2026\/03\/IRgLXohlz_720x0__1-696x464.jpg 696w\" sizes=\"auto, (max-width: 720px) 100vw, 720px\" \/><figcaption id=\"caption-attachment-210041\" class=\"wp-caption-text\">Causa AFA. Pablo Toviggino ingresa a tribunales 11.03.2026 Foto Maxi Failla<\/figcaption><\/figure>\n<p>R\u00e1pidamente, la secretaria general de la Presidencia y hermana de Javier Milei, Karina Milei, le contest\u00f3 en la red social X: \u201cConmigo ustedes no tienen nada que arreglar. Est\u00e1n en manos de la justicia y si son culpables tendr\u00e1n que pagar con todo el peso de la ley. Fin\u201d.<\/p>\n<p>Toviggino hab\u00eda pedido declarar por videoconferencia y no ir a tribunales, para evitar \u201cverse acosado al momento\u201d de presentarse. El juez rechaz\u00f3 el pedido y orden\u00f3 que el d\u00eda de las indagatorias de todos acusados haya un operativo de seguridad especial en el edificio.<\/p>\n<p>En el caso de Toviggino se cumpli\u00f3 como si fuese un jefe de Estado. La puerta del edificio de los tribunales lleg\u00f3 a estar custodiada por ocho oficiales de la Polic\u00eda Federal que le prohibieron a los medios de comunicaci\u00f3n estar sobre la vereda \u2013un lugar p\u00fablico\u2013 y los oblig\u00f3 a trasladarse enfrente. Adem\u00e1s, durante media hora estuvo bloqueado uno de los ascensores de los tribunales para que lo use el tesorero de la AFA cuando llegara.<\/p>\n<p>Antes de llegar al lugar, Toviggino public\u00f3 en su cuenta de X una reflexi\u00f3n atribuida al fallecido papa Francisco. &#8220;Vivir es intentar. Y quien intenta, inevitablemente tropieza. Caemos cuando fallamos, cuando nos equivocamos, cuando confiamos en quien no deb\u00edamos o cuando nuestras propias decisiones no dan el fruto esperado. Pero la ca\u00edda no define nuestra historia; lo que realmente la define es la decisi\u00f3n que tomamos despu\u00e9s&#8221;, sostuvo.<\/p>\n<p><img loading=\"lazy\" decoding=\"async\" class=\"alignnone size-full wp-image-210042\" src=\"https:\/\/radioinfinitagoya.com.ar\/v1\/wp-content\/uploads\/2026\/03\/ap-taxzpJ_720x0__1.jpg\" alt=\"\" width=\"720\" height=\"480\" srcset=\"https:\/\/radioinfinitagoya.com.ar\/v1\/wp-content\/uploads\/2026\/03\/ap-taxzpJ_720x0__1.jpg 720w, https:\/\/radioinfinitagoya.com.ar\/v1\/wp-content\/uploads\/2026\/03\/ap-taxzpJ_720x0__1-150x100.jpg 150w, https:\/\/radioinfinitagoya.com.ar\/v1\/wp-content\/uploads\/2026\/03\/ap-taxzpJ_720x0__1-630x420.jpg 630w, https:\/\/radioinfinitagoya.com.ar\/v1\/wp-content\/uploads\/2026\/03\/ap-taxzpJ_720x0__1-696x464.jpg 696w\" sizes=\"auto, (max-width: 720px) 100vw, 720px\" \/>La causa judicial se inici\u00f3 en diciembre del a\u00f1o pasado con una denuncia que present\u00f3 la Agencia de Recaudaci\u00f3n y Control Aduanero (ARCA) porque la AFA no pag\u00f3 19.300 millones de pesos de impuesto a las ganancias e IVA y aportes previsionales de marzo de 2024 a septiembre del a\u00f1o pasado.<\/p>\n<p>&#8220;Chiqui&#8221; Tapia cerrar\u00e1 este jueves las indagatorias. Tiene que presentarse a las 11 horas ante el juez Amarante. El presidente de la AFA cambi\u00f3 de abogados la semana pasada y ahora lo defiende Luis Charr\u00f3.<\/p>\n<p>Tras esa indagatoria, el juez Amarante quedar\u00e1 en condiciones de resolver si procesa, sobresee o le dicta la falta de m\u00e9rito a los acusados.<\/p>\n","protected":false},"excerpt":{"rendered":"<p>Present\u00f3 un escrito, no contest\u00f3 preguntas e hizo un pedido particular El tesorero de asociaci\u00f3n de f\u00fatbol estuvo en tribunales por la causa de retenci\u00f3n indebida de tributos. No hizo declaraciones a los medios y en el expediente se defendi\u00f3 a trav\u00e9s de un escrito. Este jueves ser\u00e1 el turno del presidente de la AFA, [&hellip;]<\/p>\n","protected":false},"author":4,"featured_media":210039,"comment_status":"open","ping_status":"open","sticky":false,"template":"","format":"standard","meta":{"_joinchat":[],"footnotes":""},"categories":[29],"tags":[],"class_list":{"0":"post-210038","1":"post","2":"type-post","3":"status-publish","4":"format-standard","5":"has-post-thumbnail","7":"category-nacionales"},"yoast_head":"<!-- This site is optimized with the Yoast SEO plugin v27.2 - https:\/\/yoast.com\/product\/yoast-seo-wordpress\/ -->\n<title>Pablo Toviggino fue indagado por la evasi\u00f3n de la AFA - Radio Infinita Goya<\/title>\n<meta name=\"description\" content=\"Present\u00f3 un escrito, no contest\u00f3 preguntas e hizo un pedido particular El tesorero de asociaci\u00f3n de f\u00fatbol estuvo en tribunales por la causa de retenci\u00f3n\" \/>\n<meta name=\"robots\" content=\"index, follow, max-snippet:-1, max-image-preview:large, max-video-preview:-1\" \/>\n<link rel=\"canonical\" href=\"https:\/\/radioinfinitagoya.com.ar\/v1\/2026\/03\/11\/pablo-toviggino-fue-indagado-por-la-evasion-de-la-afa\/\" \/>\n<meta property=\"og:locale\" content=\"es_ES\" \/>\n<meta property=\"og:type\" content=\"article\" \/>\n<meta property=\"og:title\" content=\"Pablo Toviggino fue indagado por la evasi\u00f3n de la AFA - Radio Infinita Goya\" \/>\n<meta property=\"og:description\" content=\"Present\u00f3 un escrito, no contest\u00f3 preguntas e hizo un pedido particular El tesorero de asociaci\u00f3n de f\u00fatbol estuvo en tribunales por la causa de retenci\u00f3n\" \/>\n<meta property=\"og:url\" content=\"https:\/\/radioinfinitagoya.com.ar\/v1\/2026\/03\/11\/pablo-toviggino-fue-indagado-por-la-evasion-de-la-afa\/\" \/>\n<meta property=\"og:site_name\" content=\"Radio Infinita Goya\" \/>\n<meta property=\"article:publisher\" content=\"https:\/\/www.facebook.com\/p\/Infinita-Goya-100063870918311\/\" \/>\n<meta property=\"article:published_time\" content=\"2026-03-11T20:19:51+00:00\" \/>\n<meta property=\"og:image\" content=\"https:\/\/radioinfinitagoya.com.ar\/v1\/wp-content\/uploads\/2026\/03\/7EDW5J_Qc_720x0__1.jpg\" \/>\n\t<meta property=\"og:image:width\" content=\"720\" \/>\n\t<meta property=\"og:image:height\" content=\"480\" \/>\n\t<meta property=\"og:image:type\" content=\"image\/jpeg\" \/>\n<meta name=\"author\" content=\"Jorge Mi\u00f1o\" \/>\n<meta name=\"twitter:card\" content=\"summary_large_image\" \/>\n<meta name=\"twitter:label1\" content=\"Escrito por\" \/>\n\t<meta name=\"twitter:data1\" content=\"Jorge Mi\u00f1o\" \/>\n\t<meta name=\"twitter:label2\" content=\"Tiempo de lectura\" \/>\n\t<meta name=\"twitter:data2\" content=\"5 minutos\" \/>\n<script type=\"application\/ld+json\" class=\"yoast-schema-graph\">{\"@context\":\"https:\/\/schema.org\",\"@graph\":[{\"@type\":\"Article\",\"@id\":\"https:\/\/radioinfinitagoya.com.ar\/v1\/2026\/03\/11\/pablo-toviggino-fue-indagado-por-la-evasion-de-la-afa\/#article\",\"isPartOf\":{\"@id\":\"https:\/\/radioinfinitagoya.com.ar\/v1\/2026\/03\/11\/pablo-toviggino-fue-indagado-por-la-evasion-de-la-afa\/\"},\"author\":{\"name\":\"Jorge Mi\u00f1o\",\"@id\":\"https:\/\/radioinfinitagoya.com.ar\/v1\/#\/schema\/person\/d4cf9c413d4f6edb24aabdccab49ca4a\"},\"headline\":\"Pablo Toviggino fue indagado por la evasi\u00f3n de la AFA\",\"datePublished\":\"2026-03-11T20:19:51+00:00\",\"mainEntityOfPage\":{\"@id\":\"https:\/\/radioinfinitagoya.com.ar\/v1\/2026\/03\/11\/pablo-toviggino-fue-indagado-por-la-evasion-de-la-afa\/\"},\"wordCount\":893,\"commentCount\":0,\"publisher\":{\"@id\":\"https:\/\/radioinfinitagoya.com.ar\/v1\/#organization\"},\"image\":{\"@id\":\"https:\/\/radioinfinitagoya.com.ar\/v1\/2026\/03\/11\/pablo-toviggino-fue-indagado-por-la-evasion-de-la-afa\/#primaryimage\"},\"thumbnailUrl\":\"https:\/\/radioinfinitagoya.com.ar\/v1\/wp-content\/uploads\/2026\/03\/7EDW5J_Qc_720x0__1.jpg\",\"articleSection\":[\"NACIONALES\"],\"inLanguage\":\"es-AR\",\"potentialAction\":[{\"@type\":\"CommentAction\",\"name\":\"Comment\",\"target\":[\"https:\/\/radioinfinitagoya.com.ar\/v1\/2026\/03\/11\/pablo-toviggino-fue-indagado-por-la-evasion-de-la-afa\/#respond\"]}]},{\"@type\":\"WebPage\",\"@id\":\"https:\/\/radioinfinitagoya.com.ar\/v1\/2026\/03\/11\/pablo-toviggino-fue-indagado-por-la-evasion-de-la-afa\/\",\"url\":\"https:\/\/radioinfinitagoya.com.ar\/v1\/2026\/03\/11\/pablo-toviggino-fue-indagado-por-la-evasion-de-la-afa\/\",\"name\":\"Pablo Toviggino fue indagado por la evasi\u00f3n de la AFA - Radio Infinita Goya\",\"isPartOf\":{\"@id\":\"https:\/\/radioinfinitagoya.com.ar\/v1\/#website\"},\"primaryImageOfPage\":{\"@id\":\"https:\/\/radioinfinitagoya.com.ar\/v1\/2026\/03\/11\/pablo-toviggino-fue-indagado-por-la-evasion-de-la-afa\/#primaryimage\"},\"image\":{\"@id\":\"https:\/\/radioinfinitagoya.com.ar\/v1\/2026\/03\/11\/pablo-toviggino-fue-indagado-por-la-evasion-de-la-afa\/#primaryimage\"},\"thumbnailUrl\":\"https:\/\/radioinfinitagoya.com.ar\/v1\/wp-content\/uploads\/2026\/03\/7EDW5J_Qc_720x0__1.jpg\",\"datePublished\":\"2026-03-11T20:19:51+00:00\",\"description\":\"Present\u00f3 un escrito, no contest\u00f3 preguntas e hizo un pedido particular El tesorero de asociaci\u00f3n de f\u00fatbol estuvo en tribunales por la causa de retenci\u00f3n\",\"breadcrumb\":{\"@id\":\"https:\/\/radioinfinitagoya.com.ar\/v1\/2026\/03\/11\/pablo-toviggino-fue-indagado-por-la-evasion-de-la-afa\/#breadcrumb\"},\"inLanguage\":\"es-AR\",\"potentialAction\":[{\"@type\":\"ReadAction\",\"target\":[\"https:\/\/radioinfinitagoya.com.ar\/v1\/2026\/03\/11\/pablo-toviggino-fue-indagado-por-la-evasion-de-la-afa\/\"]}]},{\"@type\":\"ImageObject\",\"inLanguage\":\"es-AR\",\"@id\":\"https:\/\/radioinfinitagoya.com.ar\/v1\/2026\/03\/11\/pablo-toviggino-fue-indagado-por-la-evasion-de-la-afa\/#primaryimage\",\"url\":\"https:\/\/radioinfinitagoya.com.ar\/v1\/wp-content\/uploads\/2026\/03\/7EDW5J_Qc_720x0__1.jpg\",\"contentUrl\":\"https:\/\/radioinfinitagoya.com.ar\/v1\/wp-content\/uploads\/2026\/03\/7EDW5J_Qc_720x0__1.jpg\",\"width\":720,\"height\":480,\"caption\":\"Causa AFA. Pablo Toviggino se retira de tribunales 11.03.2026 Foto Maxi Failla\"},{\"@type\":\"BreadcrumbList\",\"@id\":\"https:\/\/radioinfinitagoya.com.ar\/v1\/2026\/03\/11\/pablo-toviggino-fue-indagado-por-la-evasion-de-la-afa\/#breadcrumb\",\"itemListElement\":[{\"@type\":\"ListItem\",\"position\":1,\"name\":\"Inicio\",\"item\":\"https:\/\/radioinfinitagoya.com.ar\/v1\/\"},{\"@type\":\"ListItem\",\"position\":2,\"name\":\"Pablo Toviggino fue indagado por la evasi\u00f3n de la AFA\"}]},{\"@type\":\"WebSite\",\"@id\":\"https:\/\/radioinfinitagoya.com.ar\/v1\/#website\",\"url\":\"https:\/\/radioinfinitagoya.com.ar\/v1\/\",\"name\":\"radioinfinitagoya.com.ar\",\"description\":\"Radio de noticias\",\"publisher\":{\"@id\":\"https:\/\/radioinfinitagoya.com.ar\/v1\/#organization\"},\"potentialAction\":[{\"@type\":\"SearchAction\",\"target\":{\"@type\":\"EntryPoint\",\"urlTemplate\":\"https:\/\/radioinfinitagoya.com.ar\/v1\/?s={search_term_string}\"},\"query-input\":{\"@type\":\"PropertyValueSpecification\",\"valueRequired\":true,\"valueName\":\"search_term_string\"}}],\"inLanguage\":\"es-AR\"},{\"@type\":\"Organization\",\"@id\":\"https:\/\/radioinfinitagoya.com.ar\/v1\/#organization\",\"name\":\"Radio Infinita Goya\",\"url\":\"https:\/\/radioinfinitagoya.com.ar\/v1\/\",\"logo\":{\"@type\":\"ImageObject\",\"inLanguage\":\"es-AR\",\"@id\":\"https:\/\/radioinfinitagoya.com.ar\/v1\/#\/schema\/logo\/image\/\",\"url\":\"https:\/\/radioinfinitagoya.com.ar\/v1\/wp-content\/uploads\/2019\/11\/logo-pie-web.png\",\"contentUrl\":\"https:\/\/radioinfinitagoya.com.ar\/v1\/wp-content\/uploads\/2019\/11\/logo-pie-web.png\",\"width\":635,\"height\":326,\"caption\":\"Radio Infinita Goya\"},\"image\":{\"@id\":\"https:\/\/radioinfinitagoya.com.ar\/v1\/#\/schema\/logo\/image\/\"},\"sameAs\":[\"https:\/\/www.facebook.com\/p\/Infinita-Goya-100063870918311\/\"]},{\"@type\":\"Person\",\"@id\":\"https:\/\/radioinfinitagoya.com.ar\/v1\/#\/schema\/person\/d4cf9c413d4f6edb24aabdccab49ca4a\",\"name\":\"Jorge Mi\u00f1o\",\"image\":{\"@type\":\"ImageObject\",\"inLanguage\":\"es-AR\",\"@id\":\"https:\/\/secure.gravatar.com\/avatar\/910fcf6728fe95320e07a6643c1581fec1c7fc4bf8ae12e3d8f0d0373dc844be?s=96&d=mm&r=g\",\"url\":\"https:\/\/secure.gravatar.com\/avatar\/910fcf6728fe95320e07a6643c1581fec1c7fc4bf8ae12e3d8f0d0373dc844be?s=96&d=mm&r=g\",\"contentUrl\":\"https:\/\/secure.gravatar.com\/avatar\/910fcf6728fe95320e07a6643c1581fec1c7fc4bf8ae12e3d8f0d0373dc844be?s=96&d=mm&r=g\",\"caption\":\"Jorge Mi\u00f1o\"},\"sameAs\":[\"http:\/\/radioinfinitagoya.com.ar\"]}]}<\/script>\n<!-- \/ Yoast SEO plugin. -->","yoast_head_json":{"title":"Pablo Toviggino fue indagado por la evasi\u00f3n de la AFA - Radio Infinita Goya","description":"Present\u00f3 un escrito, no contest\u00f3 preguntas e hizo un pedido particular El tesorero de asociaci\u00f3n de f\u00fatbol estuvo en tribunales por la causa de retenci\u00f3n","robots":{"index":"index","follow":"follow","max-snippet":"max-snippet:-1","max-image-preview":"max-image-preview:large","max-video-preview":"max-video-preview:-1"},"canonical":"https:\/\/radioinfinitagoya.com.ar\/v1\/2026\/03\/11\/pablo-toviggino-fue-indagado-por-la-evasion-de-la-afa\/","og_locale":"es_ES","og_type":"article","og_title":"Pablo Toviggino fue indagado por la evasi\u00f3n de la AFA - Radio Infinita Goya","og_description":"Present\u00f3 un escrito, no contest\u00f3 preguntas e hizo un pedido particular El tesorero de asociaci\u00f3n de f\u00fatbol estuvo en tribunales por la causa de retenci\u00f3n","og_url":"https:\/\/radioinfinitagoya.com.ar\/v1\/2026\/03\/11\/pablo-toviggino-fue-indagado-por-la-evasion-de-la-afa\/","og_site_name":"Radio Infinita Goya","article_publisher":"https:\/\/www.facebook.com\/p\/Infinita-Goya-100063870918311\/","article_published_time":"2026-03-11T20:19:51+00:00","og_image":[{"width":720,"height":480,"url":"https:\/\/radioinfinitagoya.com.ar\/v1\/wp-content\/uploads\/2026\/03\/7EDW5J_Qc_720x0__1.jpg","type":"image\/jpeg"}],"author":"Jorge Mi\u00f1o","twitter_card":"summary_large_image","twitter_misc":{"Escrito por":"Jorge Mi\u00f1o","Tiempo de lectura":"5 minutos"},"schema":{"@context":"https:\/\/schema.org","@graph":[{"@type":"Article","@id":"https:\/\/radioinfinitagoya.com.ar\/v1\/2026\/03\/11\/pablo-toviggino-fue-indagado-por-la-evasion-de-la-afa\/#article","isPartOf":{"@id":"https:\/\/radioinfinitagoya.com.ar\/v1\/2026\/03\/11\/pablo-toviggino-fue-indagado-por-la-evasion-de-la-afa\/"},"author":{"name":"Jorge Mi\u00f1o","@id":"https:\/\/radioinfinitagoya.com.ar\/v1\/#\/schema\/person\/d4cf9c413d4f6edb24aabdccab49ca4a"},"headline":"Pablo Toviggino fue indagado por la evasi\u00f3n de la AFA","datePublished":"2026-03-11T20:19:51+00:00","mainEntityOfPage":{"@id":"https:\/\/radioinfinitagoya.com.ar\/v1\/2026\/03\/11\/pablo-toviggino-fue-indagado-por-la-evasion-de-la-afa\/"},"wordCount":893,"commentCount":0,"publisher":{"@id":"https:\/\/radioinfinitagoya.com.ar\/v1\/#organization"},"image":{"@id":"https:\/\/radioinfinitagoya.com.ar\/v1\/2026\/03\/11\/pablo-toviggino-fue-indagado-por-la-evasion-de-la-afa\/#primaryimage"},"thumbnailUrl":"https:\/\/radioinfinitagoya.com.ar\/v1\/wp-content\/uploads\/2026\/03\/7EDW5J_Qc_720x0__1.jpg","articleSection":["NACIONALES"],"inLanguage":"es-AR","potentialAction":[{"@type":"CommentAction","name":"Comment","target":["https:\/\/radioinfinitagoya.com.ar\/v1\/2026\/03\/11\/pablo-toviggino-fue-indagado-por-la-evasion-de-la-afa\/#respond"]}]},{"@type":"WebPage","@id":"https:\/\/radioinfinitagoya.com.ar\/v1\/2026\/03\/11\/pablo-toviggino-fue-indagado-por-la-evasion-de-la-afa\/","url":"https:\/\/radioinfinitagoya.com.ar\/v1\/2026\/03\/11\/pablo-toviggino-fue-indagado-por-la-evasion-de-la-afa\/","name":"Pablo Toviggino fue indagado por la evasi\u00f3n de la AFA - Radio Infinita Goya","isPartOf":{"@id":"https:\/\/radioinfinitagoya.com.ar\/v1\/#website"},"primaryImageOfPage":{"@id":"https:\/\/radioinfinitagoya.com.ar\/v1\/2026\/03\/11\/pablo-toviggino-fue-indagado-por-la-evasion-de-la-afa\/#primaryimage"},"image":{"@id":"https:\/\/radioinfinitagoya.com.ar\/v1\/2026\/03\/11\/pablo-toviggino-fue-indagado-por-la-evasion-de-la-afa\/#primaryimage"},"thumbnailUrl":"https:\/\/radioinfinitagoya.com.ar\/v1\/wp-content\/uploads\/2026\/03\/7EDW5J_Qc_720x0__1.jpg","datePublished":"2026-03-11T20:19:51+00:00","description":"Present\u00f3 un escrito, no contest\u00f3 preguntas e hizo un pedido particular El tesorero de asociaci\u00f3n de f\u00fatbol estuvo en tribunales por la causa de retenci\u00f3n","breadcrumb":{"@id":"https:\/\/radioinfinitagoya.com.ar\/v1\/2026\/03\/11\/pablo-toviggino-fue-indagado-por-la-evasion-de-la-afa\/#breadcrumb"},"inLanguage":"es-AR","potentialAction":[{"@type":"ReadAction","target":["https:\/\/radioinfinitagoya.com.ar\/v1\/2026\/03\/11\/pablo-toviggino-fue-indagado-por-la-evasion-de-la-afa\/"]}]},{"@type":"ImageObject","inLanguage":"es-AR","@id":"https:\/\/radioinfinitagoya.com.ar\/v1\/2026\/03\/11\/pablo-toviggino-fue-indagado-por-la-evasion-de-la-afa\/#primaryimage","url":"https:\/\/radioinfinitagoya.com.ar\/v1\/wp-content\/uploads\/2026\/03\/7EDW5J_Qc_720x0__1.jpg","contentUrl":"https:\/\/radioinfinitagoya.com.ar\/v1\/wp-content\/uploads\/2026\/03\/7EDW5J_Qc_720x0__1.jpg","width":720,"height":480,"caption":"Causa AFA. Pablo Toviggino se retira de tribunales 11.03.2026 Foto Maxi Failla"},{"@type":"BreadcrumbList","@id":"https:\/\/radioinfinitagoya.com.ar\/v1\/2026\/03\/11\/pablo-toviggino-fue-indagado-por-la-evasion-de-la-afa\/#breadcrumb","itemListElement":[{"@type":"ListItem","position":1,"name":"Inicio","item":"https:\/\/radioinfinitagoya.com.ar\/v1\/"},{"@type":"ListItem","position":2,"name":"Pablo Toviggino fue indagado por la evasi\u00f3n de la AFA"}]},{"@type":"WebSite","@id":"https:\/\/radioinfinitagoya.com.ar\/v1\/#website","url":"https:\/\/radioinfinitagoya.com.ar\/v1\/","name":"radioinfinitagoya.com.ar","description":"Radio de noticias","publisher":{"@id":"https:\/\/radioinfinitagoya.com.ar\/v1\/#organization"},"potentialAction":[{"@type":"SearchAction","target":{"@type":"EntryPoint","urlTemplate":"https:\/\/radioinfinitagoya.com.ar\/v1\/?s={search_term_string}"},"query-input":{"@type":"PropertyValueSpecification","valueRequired":true,"valueName":"search_term_string"}}],"inLanguage":"es-AR"},{"@type":"Organization","@id":"https:\/\/radioinfinitagoya.com.ar\/v1\/#organization","name":"Radio Infinita Goya","url":"https:\/\/radioinfinitagoya.com.ar\/v1\/","logo":{"@type":"ImageObject","inLanguage":"es-AR","@id":"https:\/\/radioinfinitagoya.com.ar\/v1\/#\/schema\/logo\/image\/","url":"https:\/\/radioinfinitagoya.com.ar\/v1\/wp-content\/uploads\/2019\/11\/logo-pie-web.png","contentUrl":"https:\/\/radioinfinitagoya.com.ar\/v1\/wp-content\/uploads\/2019\/11\/logo-pie-web.png","width":635,"height":326,"caption":"Radio Infinita Goya"},"image":{"@id":"https:\/\/radioinfinitagoya.com.ar\/v1\/#\/schema\/logo\/image\/"},"sameAs":["https:\/\/www.facebook.com\/p\/Infinita-Goya-100063870918311\/"]},{"@type":"Person","@id":"https:\/\/radioinfinitagoya.com.ar\/v1\/#\/schema\/person\/d4cf9c413d4f6edb24aabdccab49ca4a","name":"Jorge Mi\u00f1o","image":{"@type":"ImageObject","inLanguage":"es-AR","@id":"https:\/\/secure.gravatar.com\/avatar\/910fcf6728fe95320e07a6643c1581fec1c7fc4bf8ae12e3d8f0d0373dc844be?s=96&d=mm&r=g","url":"https:\/\/secure.gravatar.com\/avatar\/910fcf6728fe95320e07a6643c1581fec1c7fc4bf8ae12e3d8f0d0373dc844be?s=96&d=mm&r=g","contentUrl":"https:\/\/secure.gravatar.com\/avatar\/910fcf6728fe95320e07a6643c1581fec1c7fc4bf8ae12e3d8f0d0373dc844be?s=96&d=mm&r=g","caption":"Jorge Mi\u00f1o"},"sameAs":["http:\/\/radioinfinitagoya.com.ar"]}]}},"_links":{"self":[{"href":"https:\/\/radioinfinitagoya.com.ar\/v1\/wp-json\/wp\/v2\/posts\/210038","targetHints":{"allow":["GET"]}}],"collection":[{"href":"https:\/\/radioinfinitagoya.com.ar\/v1\/wp-json\/wp\/v2\/posts"}],"about":[{"href":"https:\/\/radioinfinitagoya.com.ar\/v1\/wp-json\/wp\/v2\/types\/post"}],"author":[{"embeddable":true,"href":"https:\/\/radioinfinitagoya.com.ar\/v1\/wp-json\/wp\/v2\/users\/4"}],"replies":[{"embeddable":true,"href":"https:\/\/radioinfinitagoya.com.ar\/v1\/wp-json\/wp\/v2\/comments?post=210038"}],"version-history":[{"count":0,"href":"https:\/\/radioinfinitagoya.com.ar\/v1\/wp-json\/wp\/v2\/posts\/210038\/revisions"}],"wp:featuredmedia":[{"embeddable":true,"href":"https:\/\/radioinfinitagoya.com.ar\/v1\/wp-json\/wp\/v2\/media\/210039"}],"wp:attachment":[{"href":"https:\/\/radioinfinitagoya.com.ar\/v1\/wp-json\/wp\/v2\/media?parent=210038"}],"wp:term":[{"taxonomy":"category","embeddable":true,"href":"https:\/\/radioinfinitagoya.com.ar\/v1\/wp-json\/wp\/v2\/categories?post=210038"},{"taxonomy":"post_tag","embeddable":true,"href":"https:\/\/radioinfinitagoya.com.ar\/v1\/wp-json\/wp\/v2\/tags?post=210038"}],"curies":[{"name":"wp","href":"https:\/\/api.w.org\/{rel}","templated":true}]}}