{"id":210044,"date":"2026-03-11T17:24:45","date_gmt":"2026-03-11T20:24:45","guid":{"rendered":"https:\/\/radioinfinitagoya.com.ar\/v1\/?p=210044"},"modified":"2026-03-11T17:24:45","modified_gmt":"2026-03-11T20:24:45","slug":"la-suba-del-petroleo-se-siente-en-los-pasajes-de-avion","status":"publish","type":"post","link":"https:\/\/radioinfinitagoya.com.ar\/v1\/2026\/03\/11\/la-suba-del-petroleo-se-siente-en-los-pasajes-de-avion\/","title":{"rendered":"La suba del petr\u00f3leo se siente en los pasajes de avi\u00f3n"},"content":{"rendered":"<p>Aerol\u00edneas Argentinas cobrar\u00e1 un recargo en sus vuelos locales e internacionales<\/p>\n<p>Ser\u00e1 un incremento de forma temporal, que se adicionar\u00e1 al valor de los tickets.<\/p>\n<p>En vuelos de cabotaje, cobrar\u00e1 $ 7.500 por tramo, y en los regionales e internacionales, entre US$ 10 y US$ 50 por tramo, seg\u00fan el destino.<\/p>\n<p>Otras aerol\u00edneas aseguraron monitorean la situaci\u00f3n.<\/p>\n<p>La suba del petr\u00f3leo ya se siente en los pasajes de avi\u00f3n. Este mi\u00e9rcoles, Aerol\u00edneas Argentinas inform\u00f3 que aplicar\u00e1 un aumento temporal en los precios de sus vuelos internos y al exterior.<\/p>\n<p>\u201cA ra\u00edz de los movimientos recientes en el barril de petr\u00f3leo y del consecuente aumento en el precio del combustible de aviaci\u00f3n (Jet Fuel), Aerol\u00edneas Argentinas implementar\u00e1 temporalmente un recargo por combustible\u201d, anunci\u00f3 la aerol\u00ednea de bandera, que opera alrededor de 300 vuelos en 37 aeropuertos locales y 22 extranjeros.<\/p>\n<p>Y agreg\u00f3 que \u201cla medida se encuentra en l\u00ednea con decisiones adoptadas por la industria y busca mitigar el impacto de estos incrementos en la estructura de costos de la compa\u00f1\u00eda\u201d.<\/p>\n<p>En los vuelos de cabotaje, aplicar\u00e1 un cargo de $ 7.500 por tramo. En los regionales e internacionales, ser\u00e1 de entre US$ 10 y US$ 50 por tramo, seg\u00fan el destino, precis\u00f3.<\/p>\n<p>\u201cAerol\u00edneas Argentinas continuar\u00e1 monitoreando la evoluci\u00f3n del mercado con el objetivo de proteger su estructura de costos y minimizar el impacto en sus pasajeros\u201d, aclar\u00f3 en el cierre del comunicado.<\/p>\n<p><img loading=\"lazy\" decoding=\"async\" class=\"alignnone size-full wp-image-210045\" src=\"https:\/\/radioinfinitagoya.com.ar\/v1\/wp-content\/uploads\/2026\/03\/InDSkTnmT_720x0__1.jpg\" alt=\"\" width=\"720\" height=\"438\" srcset=\"https:\/\/radioinfinitagoya.com.ar\/v1\/wp-content\/uploads\/2026\/03\/InDSkTnmT_720x0__1.jpg 720w, https:\/\/radioinfinitagoya.com.ar\/v1\/wp-content\/uploads\/2026\/03\/InDSkTnmT_720x0__1-150x91.jpg 150w, https:\/\/radioinfinitagoya.com.ar\/v1\/wp-content\/uploads\/2026\/03\/InDSkTnmT_720x0__1-690x420.jpg 690w, https:\/\/radioinfinitagoya.com.ar\/v1\/wp-content\/uploads\/2026\/03\/InDSkTnmT_720x0__1-696x423.jpg 696w\" sizes=\"auto, (max-width: 720px) 100vw, 720px\" \/>Consultadas al respecto, las low cost JetSmart y Flybondi respondieron que est\u00e1n \u201cmonitoreando el tema\u201d. No contestaron si ya hubo un traslado a los precios. En tanto, aerol\u00edneas europeas explicaron que \u201csiguen de cerca lo que est\u00e1 ocurriendo\u201d.<\/p>\n<p>CEOs globales alertaron por el impacto que generar\u00eda en el presupuesto de los pasajeros una suba sostenida del crudo por la posible extensi\u00f3n del conflicto.<\/p>\n<p>En los Estados Unidos, el director ejecutivo de United Airlines, Scott Kirby, adelant\u00f3 que \u201clos viajeros podr\u00edan ver c\u00f3mo los precios del combustible impactan en las tarifas r\u00e1pidamente\u201d.<\/p>\n<p>En Asia, Air India aplicar\u00e1 recargos de hasta US$ 200 por tramo en sus rutas dom\u00e9sticas e internacionales. Se har\u00e1 en tres etapas. La primera entrar\u00e1 en vigencia este jueves. Decisiones similares tomaron Air New Zealand, Cathay Pacific, Qantas Airways en Australia y SAS en Escandinavia.<\/p>\n<p><img loading=\"lazy\" decoding=\"async\" class=\"alignnone size-full wp-image-210046\" src=\"https:\/\/radioinfinitagoya.com.ar\/v1\/wp-content\/uploads\/2026\/03\/o57sOf4M5_720x0__1.jpg\" alt=\"\" width=\"720\" height=\"480\" srcset=\"https:\/\/radioinfinitagoya.com.ar\/v1\/wp-content\/uploads\/2026\/03\/o57sOf4M5_720x0__1.jpg 720w, https:\/\/radioinfinitagoya.com.ar\/v1\/wp-content\/uploads\/2026\/03\/o57sOf4M5_720x0__1-150x100.jpg 150w, https:\/\/radioinfinitagoya.com.ar\/v1\/wp-content\/uploads\/2026\/03\/o57sOf4M5_720x0__1-630x420.jpg 630w, https:\/\/radioinfinitagoya.com.ar\/v1\/wp-content\/uploads\/2026\/03\/o57sOf4M5_720x0__1-696x464.jpg 696w\" sizes=\"auto, (max-width: 720px) 100vw, 720px\" \/>Seg\u00fan datos de ING Research, el combustible representa entre 20% y 40% de los costos operativos de una l\u00ednea a\u00e9rea, por lo que cualquier variaci\u00f3n en el crudo se traslada tarde o temprano a la estructura tarifaria. En 2025, signific\u00f3 27% del total, precis\u00f3.<\/p>\n<p>Seg\u00fan el monitor de la Asociaci\u00f3n de Transporte A\u00e9reo Internacional (IATA), en la \u00faltima semana, aument\u00f3 58% el promedio global del combustible de aviaci\u00f3n, por encima de los US$ 150 el barril, y 54% comparado a antes de los ataques.<\/p>\n<p>Al respecto, John Godyn, analista de Citi, se\u00f1al\u00f3 en declaraciones p\u00fablicas que \u201cla suba del combustible presiona a las a\u00e9reas\u201d, a lo que JPMorgan estim\u00f3 el impacto en la rentabilidad del negocio, que \u201csuele experimentar un cambio de 3% a 4% en el Ebitda por cada movimiento de 5% en el precio del petr\u00f3leo\u201d.<\/p>\n<p>La suba del crudo se suma a la complejidad geopol\u00edtica. En Medio Oriente, hubo m\u00e1s de 40.000 cancelaciones en los 10 primeros d\u00edas de la guerra, por lo que se perdi\u00f3 60% de la operaci\u00f3n regional.<\/p>\n<p>En ese sentido, el director general de IATA, Willie Walsh, advirti\u00f3 que la situaci\u00f3n provoc\u00f3 \u201cajustes estrat\u00e9gicos para garantizar la operatividad y seguridad\u201d.<\/p>\n<p>Esta ma\u00f1ana, hubo tensi\u00f3n en los mercados luego de que Ir\u00e1n atac\u00f3 a barcos comerciales en el estrecho de Ormuz, por donde pasa 20% de la producci\u00f3n global de petr\u00f3leo, y amenaz\u00f3 con que el barril llegue a US$ 200.<\/p>\n<p><img loading=\"lazy\" decoding=\"async\" class=\"alignnone size-full wp-image-210047\" src=\"https:\/\/radioinfinitagoya.com.ar\/v1\/wp-content\/uploads\/2026\/03\/2uX8KySzB_720x0__1.jpg\" alt=\"\" width=\"720\" height=\"480\" srcset=\"https:\/\/radioinfinitagoya.com.ar\/v1\/wp-content\/uploads\/2026\/03\/2uX8KySzB_720x0__1.jpg 720w, https:\/\/radioinfinitagoya.com.ar\/v1\/wp-content\/uploads\/2026\/03\/2uX8KySzB_720x0__1-150x100.jpg 150w, https:\/\/radioinfinitagoya.com.ar\/v1\/wp-content\/uploads\/2026\/03\/2uX8KySzB_720x0__1-630x420.jpg 630w, https:\/\/radioinfinitagoya.com.ar\/v1\/wp-content\/uploads\/2026\/03\/2uX8KySzB_720x0__1-696x464.jpg 696w\" sizes=\"auto, (max-width: 720px) 100vw, 720px\" \/>El r\u00e9gimen lanz\u00f3 dos misiles que cayeron cerca del aeropuerto de Dub\u00e1i, el mayor centro de conexi\u00f3n de la regi\u00f3n, donde muchos argentinos hacen escala para viajar a Oriente y Asia, y sede de la aerol\u00ednea m\u00e1s grande del mundo, Emirates.<\/p>\n<p>Desde la a\u00e9rea, le explicaron a Clar\u00edn que se sigue operando el aeropuerto seg\u00fan lo programado y que, al cierre de esta nota, hab\u00eda un vuelo camino a Ezeiza.<\/p>\n<p>Hacia adelante, se espera que la hist\u00f3rica liberaci\u00f3n de reservas de petr\u00f3leo por parte de 32 pa\u00edses que volcar\u00e1n 400 millones de barriles para frenar el precio del crudo ayude a mitigar el alza del barril. As\u00ed lo decidi\u00f3 en Par\u00eds este mi\u00e9rcoles el grupo de G7 del Petr\u00f3leo en una reuni\u00f3n de emergencia convocada por Emmanuel Macron.<\/p>\n","protected":false},"excerpt":{"rendered":"<p>Aerol\u00edneas Argentinas cobrar\u00e1 un recargo en sus vuelos locales e internacionales Ser\u00e1 un incremento de forma temporal, que se adicionar\u00e1 al valor de los tickets. En vuelos de cabotaje, cobrar\u00e1 $ 7.500 por tramo, y en los regionales e internacionales, entre US$ 10 y US$ 50 por tramo, seg\u00fan el destino. Otras aerol\u00edneas aseguraron monitorean [&hellip;]<\/p>\n","protected":false},"author":4,"featured_media":210045,"comment_status":"open","ping_status":"open","sticky":false,"template":"","format":"standard","meta":{"_joinchat":[],"footnotes":""},"categories":[25],"tags":[],"class_list":{"0":"post-210044","1":"post","2":"type-post","3":"status-publish","4":"format-standard","5":"has-post-thumbnail","7":"category-destacados"},"yoast_head":"<!-- This site is optimized with the Yoast SEO plugin v27.2 - https:\/\/yoast.com\/product\/yoast-seo-wordpress\/ -->\n<title>La suba del petr\u00f3leo se siente en los pasajes de avi\u00f3n - Radio Infinita Goya<\/title>\n<meta name=\"description\" content=\"Aerol\u00edneas Argentinas cobrar\u00e1 un recargo en sus vuelos locales e internacionales Ser\u00e1 un incremento de forma temporal, que se adicionar\u00e1 al valor de los\" \/>\n<meta name=\"robots\" content=\"index, follow, max-snippet:-1, max-image-preview:large, max-video-preview:-1\" \/>\n<link rel=\"canonical\" href=\"https:\/\/radioinfinitagoya.com.ar\/v1\/2026\/03\/11\/la-suba-del-petroleo-se-siente-en-los-pasajes-de-avion\/\" \/>\n<meta property=\"og:locale\" content=\"es_ES\" \/>\n<meta property=\"og:type\" content=\"article\" \/>\n<meta property=\"og:title\" content=\"La suba del petr\u00f3leo se siente en los pasajes de avi\u00f3n - Radio Infinita Goya\" \/>\n<meta property=\"og:description\" content=\"Aerol\u00edneas Argentinas cobrar\u00e1 un recargo en sus vuelos locales e internacionales Ser\u00e1 un incremento de forma temporal, que se adicionar\u00e1 al valor de los\" \/>\n<meta property=\"og:url\" content=\"https:\/\/radioinfinitagoya.com.ar\/v1\/2026\/03\/11\/la-suba-del-petroleo-se-siente-en-los-pasajes-de-avion\/\" \/>\n<meta property=\"og:site_name\" content=\"Radio Infinita Goya\" \/>\n<meta property=\"article:publisher\" content=\"https:\/\/www.facebook.com\/p\/Infinita-Goya-100063870918311\/\" \/>\n<meta property=\"article:published_time\" content=\"2026-03-11T20:24:45+00:00\" \/>\n<meta property=\"og:image\" content=\"https:\/\/radioinfinitagoya.com.ar\/v1\/wp-content\/uploads\/2026\/03\/InDSkTnmT_720x0__1.jpg\" \/>\n\t<meta property=\"og:image:width\" content=\"720\" \/>\n\t<meta property=\"og:image:height\" content=\"438\" \/>\n\t<meta property=\"og:image:type\" content=\"image\/jpeg\" \/>\n<meta name=\"author\" content=\"Jorge Mi\u00f1o\" \/>\n<meta name=\"twitter:card\" content=\"summary_large_image\" \/>\n<meta name=\"twitter:label1\" content=\"Escrito por\" \/>\n\t<meta name=\"twitter:data1\" content=\"Jorge Mi\u00f1o\" \/>\n\t<meta name=\"twitter:label2\" content=\"Tiempo de lectura\" \/>\n\t<meta name=\"twitter:data2\" content=\"5 minutos\" \/>\n<script type=\"application\/ld+json\" class=\"yoast-schema-graph\">{\"@context\":\"https:\/\/schema.org\",\"@graph\":[{\"@type\":\"Article\",\"@id\":\"https:\/\/radioinfinitagoya.com.ar\/v1\/2026\/03\/11\/la-suba-del-petroleo-se-siente-en-los-pasajes-de-avion\/#article\",\"isPartOf\":{\"@id\":\"https:\/\/radioinfinitagoya.com.ar\/v1\/2026\/03\/11\/la-suba-del-petroleo-se-siente-en-los-pasajes-de-avion\/\"},\"author\":{\"name\":\"Jorge Mi\u00f1o\",\"@id\":\"https:\/\/radioinfinitagoya.com.ar\/v1\/#\/schema\/person\/d4cf9c413d4f6edb24aabdccab49ca4a\"},\"headline\":\"La suba del petr\u00f3leo se siente en los pasajes de avi\u00f3n\",\"datePublished\":\"2026-03-11T20:24:45+00:00\",\"mainEntityOfPage\":{\"@id\":\"https:\/\/radioinfinitagoya.com.ar\/v1\/2026\/03\/11\/la-suba-del-petroleo-se-siente-en-los-pasajes-de-avion\/\"},\"wordCount\":786,\"commentCount\":0,\"publisher\":{\"@id\":\"https:\/\/radioinfinitagoya.com.ar\/v1\/#organization\"},\"image\":{\"@id\":\"https:\/\/radioinfinitagoya.com.ar\/v1\/2026\/03\/11\/la-suba-del-petroleo-se-siente-en-los-pasajes-de-avion\/#primaryimage\"},\"thumbnailUrl\":\"https:\/\/radioinfinitagoya.com.ar\/v1\/wp-content\/uploads\/2026\/03\/InDSkTnmT_720x0__1.jpg\",\"articleSection\":[\"DESTACADOS\"],\"inLanguage\":\"es-AR\",\"potentialAction\":[{\"@type\":\"CommentAction\",\"name\":\"Comment\",\"target\":[\"https:\/\/radioinfinitagoya.com.ar\/v1\/2026\/03\/11\/la-suba-del-petroleo-se-siente-en-los-pasajes-de-avion\/#respond\"]}]},{\"@type\":\"WebPage\",\"@id\":\"https:\/\/radioinfinitagoya.com.ar\/v1\/2026\/03\/11\/la-suba-del-petroleo-se-siente-en-los-pasajes-de-avion\/\",\"url\":\"https:\/\/radioinfinitagoya.com.ar\/v1\/2026\/03\/11\/la-suba-del-petroleo-se-siente-en-los-pasajes-de-avion\/\",\"name\":\"La suba del petr\u00f3leo se siente en los pasajes de avi\u00f3n - Radio Infinita Goya\",\"isPartOf\":{\"@id\":\"https:\/\/radioinfinitagoya.com.ar\/v1\/#website\"},\"primaryImageOfPage\":{\"@id\":\"https:\/\/radioinfinitagoya.com.ar\/v1\/2026\/03\/11\/la-suba-del-petroleo-se-siente-en-los-pasajes-de-avion\/#primaryimage\"},\"image\":{\"@id\":\"https:\/\/radioinfinitagoya.com.ar\/v1\/2026\/03\/11\/la-suba-del-petroleo-se-siente-en-los-pasajes-de-avion\/#primaryimage\"},\"thumbnailUrl\":\"https:\/\/radioinfinitagoya.com.ar\/v1\/wp-content\/uploads\/2026\/03\/InDSkTnmT_720x0__1.jpg\",\"datePublished\":\"2026-03-11T20:24:45+00:00\",\"description\":\"Aerol\u00edneas Argentinas cobrar\u00e1 un recargo en sus vuelos locales e internacionales Ser\u00e1 un incremento de forma temporal, que se adicionar\u00e1 al valor de los\",\"breadcrumb\":{\"@id\":\"https:\/\/radioinfinitagoya.com.ar\/v1\/2026\/03\/11\/la-suba-del-petroleo-se-siente-en-los-pasajes-de-avion\/#breadcrumb\"},\"inLanguage\":\"es-AR\",\"potentialAction\":[{\"@type\":\"ReadAction\",\"target\":[\"https:\/\/radioinfinitagoya.com.ar\/v1\/2026\/03\/11\/la-suba-del-petroleo-se-siente-en-los-pasajes-de-avion\/\"]}]},{\"@type\":\"ImageObject\",\"inLanguage\":\"es-AR\",\"@id\":\"https:\/\/radioinfinitagoya.com.ar\/v1\/2026\/03\/11\/la-suba-del-petroleo-se-siente-en-los-pasajes-de-avion\/#primaryimage\",\"url\":\"https:\/\/radioinfinitagoya.com.ar\/v1\/wp-content\/uploads\/2026\/03\/InDSkTnmT_720x0__1.jpg\",\"contentUrl\":\"https:\/\/radioinfinitagoya.com.ar\/v1\/wp-content\/uploads\/2026\/03\/InDSkTnmT_720x0__1.jpg\",\"width\":720,\"height\":438},{\"@type\":\"BreadcrumbList\",\"@id\":\"https:\/\/radioinfinitagoya.com.ar\/v1\/2026\/03\/11\/la-suba-del-petroleo-se-siente-en-los-pasajes-de-avion\/#breadcrumb\",\"itemListElement\":[{\"@type\":\"ListItem\",\"position\":1,\"name\":\"Inicio\",\"item\":\"https:\/\/radioinfinitagoya.com.ar\/v1\/\"},{\"@type\":\"ListItem\",\"position\":2,\"name\":\"La suba del petr\u00f3leo se siente en los pasajes de avi\u00f3n\"}]},{\"@type\":\"WebSite\",\"@id\":\"https:\/\/radioinfinitagoya.com.ar\/v1\/#website\",\"url\":\"https:\/\/radioinfinitagoya.com.ar\/v1\/\",\"name\":\"radioinfinitagoya.com.ar\",\"description\":\"Radio de noticias\",\"publisher\":{\"@id\":\"https:\/\/radioinfinitagoya.com.ar\/v1\/#organization\"},\"potentialAction\":[{\"@type\":\"SearchAction\",\"target\":{\"@type\":\"EntryPoint\",\"urlTemplate\":\"https:\/\/radioinfinitagoya.com.ar\/v1\/?s={search_term_string}\"},\"query-input\":{\"@type\":\"PropertyValueSpecification\",\"valueRequired\":true,\"valueName\":\"search_term_string\"}}],\"inLanguage\":\"es-AR\"},{\"@type\":\"Organization\",\"@id\":\"https:\/\/radioinfinitagoya.com.ar\/v1\/#organization\",\"name\":\"Radio Infinita Goya\",\"url\":\"https:\/\/radioinfinitagoya.com.ar\/v1\/\",\"logo\":{\"@type\":\"ImageObject\",\"inLanguage\":\"es-AR\",\"@id\":\"https:\/\/radioinfinitagoya.com.ar\/v1\/#\/schema\/logo\/image\/\",\"url\":\"https:\/\/radioinfinitagoya.com.ar\/v1\/wp-content\/uploads\/2019\/11\/logo-pie-web.png\",\"contentUrl\":\"https:\/\/radioinfinitagoya.com.ar\/v1\/wp-content\/uploads\/2019\/11\/logo-pie-web.png\",\"width\":635,\"height\":326,\"caption\":\"Radio Infinita Goya\"},\"image\":{\"@id\":\"https:\/\/radioinfinitagoya.com.ar\/v1\/#\/schema\/logo\/image\/\"},\"sameAs\":[\"https:\/\/www.facebook.com\/p\/Infinita-Goya-100063870918311\/\"]},{\"@type\":\"Person\",\"@id\":\"https:\/\/radioinfinitagoya.com.ar\/v1\/#\/schema\/person\/d4cf9c413d4f6edb24aabdccab49ca4a\",\"name\":\"Jorge Mi\u00f1o\",\"image\":{\"@type\":\"ImageObject\",\"inLanguage\":\"es-AR\",\"@id\":\"https:\/\/secure.gravatar.com\/avatar\/910fcf6728fe95320e07a6643c1581fec1c7fc4bf8ae12e3d8f0d0373dc844be?s=96&d=mm&r=g\",\"url\":\"https:\/\/secure.gravatar.com\/avatar\/910fcf6728fe95320e07a6643c1581fec1c7fc4bf8ae12e3d8f0d0373dc844be?s=96&d=mm&r=g\",\"contentUrl\":\"https:\/\/secure.gravatar.com\/avatar\/910fcf6728fe95320e07a6643c1581fec1c7fc4bf8ae12e3d8f0d0373dc844be?s=96&d=mm&r=g\",\"caption\":\"Jorge Mi\u00f1o\"},\"sameAs\":[\"http:\/\/radioinfinitagoya.com.ar\"]}]}<\/script>\n<!-- \/ Yoast SEO plugin. -->","yoast_head_json":{"title":"La suba del petr\u00f3leo se siente en los pasajes de avi\u00f3n - Radio Infinita Goya","description":"Aerol\u00edneas Argentinas cobrar\u00e1 un recargo en sus vuelos locales e internacionales Ser\u00e1 un incremento de forma temporal, que se adicionar\u00e1 al valor de los","robots":{"index":"index","follow":"follow","max-snippet":"max-snippet:-1","max-image-preview":"max-image-preview:large","max-video-preview":"max-video-preview:-1"},"canonical":"https:\/\/radioinfinitagoya.com.ar\/v1\/2026\/03\/11\/la-suba-del-petroleo-se-siente-en-los-pasajes-de-avion\/","og_locale":"es_ES","og_type":"article","og_title":"La suba del petr\u00f3leo se siente en los pasajes de avi\u00f3n - Radio Infinita Goya","og_description":"Aerol\u00edneas Argentinas cobrar\u00e1 un recargo en sus vuelos locales e internacionales Ser\u00e1 un incremento de forma temporal, que se adicionar\u00e1 al valor de los","og_url":"https:\/\/radioinfinitagoya.com.ar\/v1\/2026\/03\/11\/la-suba-del-petroleo-se-siente-en-los-pasajes-de-avion\/","og_site_name":"Radio Infinita Goya","article_publisher":"https:\/\/www.facebook.com\/p\/Infinita-Goya-100063870918311\/","article_published_time":"2026-03-11T20:24:45+00:00","og_image":[{"width":720,"height":438,"url":"https:\/\/radioinfinitagoya.com.ar\/v1\/wp-content\/uploads\/2026\/03\/InDSkTnmT_720x0__1.jpg","type":"image\/jpeg"}],"author":"Jorge Mi\u00f1o","twitter_card":"summary_large_image","twitter_misc":{"Escrito por":"Jorge Mi\u00f1o","Tiempo de lectura":"5 minutos"},"schema":{"@context":"https:\/\/schema.org","@graph":[{"@type":"Article","@id":"https:\/\/radioinfinitagoya.com.ar\/v1\/2026\/03\/11\/la-suba-del-petroleo-se-siente-en-los-pasajes-de-avion\/#article","isPartOf":{"@id":"https:\/\/radioinfinitagoya.com.ar\/v1\/2026\/03\/11\/la-suba-del-petroleo-se-siente-en-los-pasajes-de-avion\/"},"author":{"name":"Jorge Mi\u00f1o","@id":"https:\/\/radioinfinitagoya.com.ar\/v1\/#\/schema\/person\/d4cf9c413d4f6edb24aabdccab49ca4a"},"headline":"La suba del petr\u00f3leo se siente en los pasajes de avi\u00f3n","datePublished":"2026-03-11T20:24:45+00:00","mainEntityOfPage":{"@id":"https:\/\/radioinfinitagoya.com.ar\/v1\/2026\/03\/11\/la-suba-del-petroleo-se-siente-en-los-pasajes-de-avion\/"},"wordCount":786,"commentCount":0,"publisher":{"@id":"https:\/\/radioinfinitagoya.com.ar\/v1\/#organization"},"image":{"@id":"https:\/\/radioinfinitagoya.com.ar\/v1\/2026\/03\/11\/la-suba-del-petroleo-se-siente-en-los-pasajes-de-avion\/#primaryimage"},"thumbnailUrl":"https:\/\/radioinfinitagoya.com.ar\/v1\/wp-content\/uploads\/2026\/03\/InDSkTnmT_720x0__1.jpg","articleSection":["DESTACADOS"],"inLanguage":"es-AR","potentialAction":[{"@type":"CommentAction","name":"Comment","target":["https:\/\/radioinfinitagoya.com.ar\/v1\/2026\/03\/11\/la-suba-del-petroleo-se-siente-en-los-pasajes-de-avion\/#respond"]}]},{"@type":"WebPage","@id":"https:\/\/radioinfinitagoya.com.ar\/v1\/2026\/03\/11\/la-suba-del-petroleo-se-siente-en-los-pasajes-de-avion\/","url":"https:\/\/radioinfinitagoya.com.ar\/v1\/2026\/03\/11\/la-suba-del-petroleo-se-siente-en-los-pasajes-de-avion\/","name":"La suba del petr\u00f3leo se siente en los pasajes de avi\u00f3n - Radio Infinita Goya","isPartOf":{"@id":"https:\/\/radioinfinitagoya.com.ar\/v1\/#website"},"primaryImageOfPage":{"@id":"https:\/\/radioinfinitagoya.com.ar\/v1\/2026\/03\/11\/la-suba-del-petroleo-se-siente-en-los-pasajes-de-avion\/#primaryimage"},"image":{"@id":"https:\/\/radioinfinitagoya.com.ar\/v1\/2026\/03\/11\/la-suba-del-petroleo-se-siente-en-los-pasajes-de-avion\/#primaryimage"},"thumbnailUrl":"https:\/\/radioinfinitagoya.com.ar\/v1\/wp-content\/uploads\/2026\/03\/InDSkTnmT_720x0__1.jpg","datePublished":"2026-03-11T20:24:45+00:00","description":"Aerol\u00edneas Argentinas cobrar\u00e1 un recargo en sus vuelos locales e internacionales Ser\u00e1 un incremento de forma temporal, que se adicionar\u00e1 al valor de los","breadcrumb":{"@id":"https:\/\/radioinfinitagoya.com.ar\/v1\/2026\/03\/11\/la-suba-del-petroleo-se-siente-en-los-pasajes-de-avion\/#breadcrumb"},"inLanguage":"es-AR","potentialAction":[{"@type":"ReadAction","target":["https:\/\/radioinfinitagoya.com.ar\/v1\/2026\/03\/11\/la-suba-del-petroleo-se-siente-en-los-pasajes-de-avion\/"]}]},{"@type":"ImageObject","inLanguage":"es-AR","@id":"https:\/\/radioinfinitagoya.com.ar\/v1\/2026\/03\/11\/la-suba-del-petroleo-se-siente-en-los-pasajes-de-avion\/#primaryimage","url":"https:\/\/radioinfinitagoya.com.ar\/v1\/wp-content\/uploads\/2026\/03\/InDSkTnmT_720x0__1.jpg","contentUrl":"https:\/\/radioinfinitagoya.com.ar\/v1\/wp-content\/uploads\/2026\/03\/InDSkTnmT_720x0__1.jpg","width":720,"height":438},{"@type":"BreadcrumbList","@id":"https:\/\/radioinfinitagoya.com.ar\/v1\/2026\/03\/11\/la-suba-del-petroleo-se-siente-en-los-pasajes-de-avion\/#breadcrumb","itemListElement":[{"@type":"ListItem","position":1,"name":"Inicio","item":"https:\/\/radioinfinitagoya.com.ar\/v1\/"},{"@type":"ListItem","position":2,"name":"La suba del petr\u00f3leo se siente en los pasajes de avi\u00f3n"}]},{"@type":"WebSite","@id":"https:\/\/radioinfinitagoya.com.ar\/v1\/#website","url":"https:\/\/radioinfinitagoya.com.ar\/v1\/","name":"radioinfinitagoya.com.ar","description":"Radio de noticias","publisher":{"@id":"https:\/\/radioinfinitagoya.com.ar\/v1\/#organization"},"potentialAction":[{"@type":"SearchAction","target":{"@type":"EntryPoint","urlTemplate":"https:\/\/radioinfinitagoya.com.ar\/v1\/?s={search_term_string}"},"query-input":{"@type":"PropertyValueSpecification","valueRequired":true,"valueName":"search_term_string"}}],"inLanguage":"es-AR"},{"@type":"Organization","@id":"https:\/\/radioinfinitagoya.com.ar\/v1\/#organization","name":"Radio Infinita Goya","url":"https:\/\/radioinfinitagoya.com.ar\/v1\/","logo":{"@type":"ImageObject","inLanguage":"es-AR","@id":"https:\/\/radioinfinitagoya.com.ar\/v1\/#\/schema\/logo\/image\/","url":"https:\/\/radioinfinitagoya.com.ar\/v1\/wp-content\/uploads\/2019\/11\/logo-pie-web.png","contentUrl":"https:\/\/radioinfinitagoya.com.ar\/v1\/wp-content\/uploads\/2019\/11\/logo-pie-web.png","width":635,"height":326,"caption":"Radio Infinita Goya"},"image":{"@id":"https:\/\/radioinfinitagoya.com.ar\/v1\/#\/schema\/logo\/image\/"},"sameAs":["https:\/\/www.facebook.com\/p\/Infinita-Goya-100063870918311\/"]},{"@type":"Person","@id":"https:\/\/radioinfinitagoya.com.ar\/v1\/#\/schema\/person\/d4cf9c413d4f6edb24aabdccab49ca4a","name":"Jorge Mi\u00f1o","image":{"@type":"ImageObject","inLanguage":"es-AR","@id":"https:\/\/secure.gravatar.com\/avatar\/910fcf6728fe95320e07a6643c1581fec1c7fc4bf8ae12e3d8f0d0373dc844be?s=96&d=mm&r=g","url":"https:\/\/secure.gravatar.com\/avatar\/910fcf6728fe95320e07a6643c1581fec1c7fc4bf8ae12e3d8f0d0373dc844be?s=96&d=mm&r=g","contentUrl":"https:\/\/secure.gravatar.com\/avatar\/910fcf6728fe95320e07a6643c1581fec1c7fc4bf8ae12e3d8f0d0373dc844be?s=96&d=mm&r=g","caption":"Jorge Mi\u00f1o"},"sameAs":["http:\/\/radioinfinitagoya.com.ar"]}]}},"_links":{"self":[{"href":"https:\/\/radioinfinitagoya.com.ar\/v1\/wp-json\/wp\/v2\/posts\/210044","targetHints":{"allow":["GET"]}}],"collection":[{"href":"https:\/\/radioinfinitagoya.com.ar\/v1\/wp-json\/wp\/v2\/posts"}],"about":[{"href":"https:\/\/radioinfinitagoya.com.ar\/v1\/wp-json\/wp\/v2\/types\/post"}],"author":[{"embeddable":true,"href":"https:\/\/radioinfinitagoya.com.ar\/v1\/wp-json\/wp\/v2\/users\/4"}],"replies":[{"embeddable":true,"href":"https:\/\/radioinfinitagoya.com.ar\/v1\/wp-json\/wp\/v2\/comments?post=210044"}],"version-history":[{"count":0,"href":"https:\/\/radioinfinitagoya.com.ar\/v1\/wp-json\/wp\/v2\/posts\/210044\/revisions"}],"wp:featuredmedia":[{"embeddable":true,"href":"https:\/\/radioinfinitagoya.com.ar\/v1\/wp-json\/wp\/v2\/media\/210045"}],"wp:attachment":[{"href":"https:\/\/radioinfinitagoya.com.ar\/v1\/wp-json\/wp\/v2\/media?parent=210044"}],"wp:term":[{"taxonomy":"category","embeddable":true,"href":"https:\/\/radioinfinitagoya.com.ar\/v1\/wp-json\/wp\/v2\/categories?post=210044"},{"taxonomy":"post_tag","embeddable":true,"href":"https:\/\/radioinfinitagoya.com.ar\/v1\/wp-json\/wp\/v2\/tags?post=210044"}],"curies":[{"name":"wp","href":"https:\/\/api.w.org\/{rel}","templated":true}]}}