{"id":210061,"date":"2026-03-12T15:57:19","date_gmt":"2026-03-12T18:57:19","guid":{"rendered":"https:\/\/radioinfinitagoya.com.ar\/v1\/?p=210061"},"modified":"2026-03-12T15:57:19","modified_gmt":"2026-03-12T18:57:19","slug":"municipalidad-de-goya-prepara-reconocimientos-a-mujeres-destacadas","status":"publish","type":"post","link":"https:\/\/radioinfinitagoya.com.ar\/v1\/2026\/03\/12\/municipalidad-de-goya-prepara-reconocimientos-a-mujeres-destacadas\/","title":{"rendered":"Municipalidad de Goya prepara reconocimientos a mujeres destacadas"},"content":{"rendered":"<p>El pr\u00f3ximo lunes 16 de marzo, en el patio del edificio municipal se llevar\u00e1 a cabo un acto de reconocimiento a mujeres destacadas en distintas \u00e1reas. La iniciativa, impulsada por la Municipalidad, busca homenajear a aquellas que inspiran con su trabajo y trayectoria, en un mes que tradicionalmente se dedica a la mujer. La ceremonia tendr\u00e1 lugar en el patio municipal a las 10 horas, y formar\u00e1 parte de una serie de acciones que buscan promover el protagonismo femenino en la comunidad.<\/p>\n<p>Este evento se enmarca en una serie de reconocimientos que la Municipalidad de Goya ha planificado para este mes, con el objetivo de visibilizar y valorar la labor de las mujeres que aportan al desarrollo social, educativo y cultural de la ciudad.<\/p>\n<p>ESPACIO DE RECONOCIMIENTO A LAS MUJERES<\/p>\n<p>La secretaria de Educaci\u00f3n, Sonia Espina resalt\u00f3 la importancia de estas iniciativas: \u201cCreemos que es fundamental generar un espacio de reconocimiento en el municipio para las mujeres. Siempre falta mucho por reconocer. Muchas mujeres inspiran a otras, y este tipo de reconocimientos ayuda a que crezca esa iniciativa con el tiempo\u201d, dijo.<\/p>\n<p>Por otro lado, en el marco del D\u00eda Internacional de la Mujer, celebrado cada 8 de marzo, en la ciudad de Corrientes se realiz\u00f3 un acto de homenaje a m\u00e1s de 20 mujeres destacadas de la regi\u00f3n. Un programa que ya lleva a\u00f1os en marcha y que busca reconocer a aquellas que, con su labor y compromiso, aportan al bienestar social y al progreso de la provincia.<\/p>\n<p>En ese evento, la Funcionaria Municipal asisti\u00f3 y fue consultada sobre los reconocimientos realizados en Corrientes. \u201cS\u00ed, estuvimos en una celebraci\u00f3n en la que se reconoci\u00f3 a mujeres que vienen trabajando en ese sentido, mujeres de la mayor\u00eda de los municipios. Es algo que se viene haciendo desde hace muchos a\u00f1os, hace m\u00e1s de doce\u201d, afirm\u00f3 la secretaria.<\/p>\n<p>MUJERES QUE INSPIRAN<\/p>\n<p>La secretaria de Educaci\u00f3n, destac\u00f3 la importancia de estos reconocimientos y anunci\u00f3 que, en el mes de la mujer, el municipio de Goya realizar\u00e1 su propio acto de homenaje. \u201cFuimos convocadas por el intendente Mariano Hormaechea para realizar, en el mes de la mujer, un reconocimiento a mujeres que inspiran en distintas \u00e1reas. Me toc\u00f3 convocar a alguien del \u00e1rea educativa. Trabajamos en poner el nombre, el reconocimiento que se har\u00e1 el lunes que viene en el patio municipal a las 10 horas &#8220;,explic\u00f3.<\/p>\n<p>Sonia Espina, subray\u00f3 que estos espacios de reconocimiento no solo celebran los logros, sino que tambi\u00e9n fomentan la inspiraci\u00f3n y el compromiso de muchas mujeres que trabajan d\u00eda a d\u00eda para mejorar su comunidad. \u201cAcompa\u00f1\u00e9monos entre todas para lograrlo. Es fundamental que estas iniciativas crezcan con el tiempo, porque siempre hay mucho por reconocer,\u201d finaliz\u00f3-<\/p>\n<p>Direcci\u00f3n de Prensa-Municipalidad de Goya<\/p>\n","protected":false},"excerpt":{"rendered":"<p>El pr\u00f3ximo lunes 16 de marzo, en el patio del edificio municipal se llevar\u00e1 a cabo un acto de reconocimiento a mujeres destacadas en distintas \u00e1reas. La iniciativa, impulsada por la Municipalidad, busca homenajear a aquellas que inspiran con su trabajo y trayectoria, en un mes que tradicionalmente se dedica a la mujer. La ceremonia [&hellip;]<\/p>\n","protected":false},"author":4,"featured_media":210062,"comment_status":"open","ping_status":"open","sticky":false,"template":"","format":"standard","meta":{"_joinchat":[],"footnotes":""},"categories":[27],"tags":[],"class_list":{"0":"post-210061","1":"post","2":"type-post","3":"status-publish","4":"format-standard","5":"has-post-thumbnail","7":"category-locales"},"yoast_head":"<!-- This site is optimized with the Yoast SEO plugin v27.2 - https:\/\/yoast.com\/product\/yoast-seo-wordpress\/ -->\n<title>Municipalidad de Goya prepara reconocimientos a mujeres destacadas - Radio Infinita Goya<\/title>\n<meta name=\"description\" content=\"El pr\u00f3ximo lunes 16 de marzo, en el patio del edificio municipal se llevar\u00e1 a cabo un acto de reconocimiento a mujeres destacadas en distintas \u00e1reas. La\" \/>\n<meta name=\"robots\" content=\"index, follow, max-snippet:-1, max-image-preview:large, max-video-preview:-1\" \/>\n<link rel=\"canonical\" href=\"https:\/\/radioinfinitagoya.com.ar\/v1\/2026\/03\/12\/municipalidad-de-goya-prepara-reconocimientos-a-mujeres-destacadas\/\" \/>\n<meta property=\"og:locale\" content=\"es_ES\" \/>\n<meta property=\"og:type\" content=\"article\" \/>\n<meta property=\"og:title\" content=\"Municipalidad de Goya prepara reconocimientos a mujeres destacadas - Radio Infinita Goya\" \/>\n<meta property=\"og:description\" content=\"El pr\u00f3ximo lunes 16 de marzo, en el patio del edificio municipal se llevar\u00e1 a cabo un acto de reconocimiento a mujeres destacadas en distintas \u00e1reas. La\" \/>\n<meta property=\"og:url\" content=\"https:\/\/radioinfinitagoya.com.ar\/v1\/2026\/03\/12\/municipalidad-de-goya-prepara-reconocimientos-a-mujeres-destacadas\/\" \/>\n<meta property=\"og:site_name\" content=\"Radio Infinita Goya\" \/>\n<meta property=\"article:publisher\" content=\"https:\/\/www.facebook.com\/p\/Infinita-Goya-100063870918311\/\" \/>\n<meta property=\"article:published_time\" content=\"2026-03-12T18:57:19+00:00\" \/>\n<meta property=\"og:image\" content=\"https:\/\/radioinfinitagoya.com.ar\/v1\/wp-content\/uploads\/2026\/03\/mujeres_destacadas_ilnustracion_nota_sonia_espin.jpg\" \/>\n\t<meta property=\"og:image:width\" content=\"848\" \/>\n\t<meta property=\"og:image:height\" content=\"477\" \/>\n\t<meta property=\"og:image:type\" content=\"image\/jpeg\" \/>\n<meta name=\"author\" content=\"Jorge Mi\u00f1o\" \/>\n<meta name=\"twitter:card\" content=\"summary_large_image\" \/>\n<meta name=\"twitter:label1\" content=\"Escrito por\" \/>\n\t<meta name=\"twitter:data1\" content=\"Jorge Mi\u00f1o\" \/>\n\t<meta name=\"twitter:label2\" content=\"Tiempo de lectura\" \/>\n\t<meta name=\"twitter:data2\" content=\"3 minutos\" \/>\n<script type=\"application\/ld+json\" class=\"yoast-schema-graph\">{\"@context\":\"https:\/\/schema.org\",\"@graph\":[{\"@type\":\"Article\",\"@id\":\"https:\/\/radioinfinitagoya.com.ar\/v1\/2026\/03\/12\/municipalidad-de-goya-prepara-reconocimientos-a-mujeres-destacadas\/#article\",\"isPartOf\":{\"@id\":\"https:\/\/radioinfinitagoya.com.ar\/v1\/2026\/03\/12\/municipalidad-de-goya-prepara-reconocimientos-a-mujeres-destacadas\/\"},\"author\":{\"name\":\"Jorge Mi\u00f1o\",\"@id\":\"https:\/\/radioinfinitagoya.com.ar\/v1\/#\/schema\/person\/d4cf9c413d4f6edb24aabdccab49ca4a\"},\"headline\":\"Municipalidad de Goya prepara reconocimientos a mujeres destacadas\",\"datePublished\":\"2026-03-12T18:57:19+00:00\",\"mainEntityOfPage\":{\"@id\":\"https:\/\/radioinfinitagoya.com.ar\/v1\/2026\/03\/12\/municipalidad-de-goya-prepara-reconocimientos-a-mujeres-destacadas\/\"},\"wordCount\":475,\"commentCount\":0,\"publisher\":{\"@id\":\"https:\/\/radioinfinitagoya.com.ar\/v1\/#organization\"},\"image\":{\"@id\":\"https:\/\/radioinfinitagoya.com.ar\/v1\/2026\/03\/12\/municipalidad-de-goya-prepara-reconocimientos-a-mujeres-destacadas\/#primaryimage\"},\"thumbnailUrl\":\"https:\/\/radioinfinitagoya.com.ar\/v1\/wp-content\/uploads\/2026\/03\/mujeres_destacadas_ilnustracion_nota_sonia_espin.jpg\",\"articleSection\":[\"LOCALES\"],\"inLanguage\":\"es-AR\",\"potentialAction\":[{\"@type\":\"CommentAction\",\"name\":\"Comment\",\"target\":[\"https:\/\/radioinfinitagoya.com.ar\/v1\/2026\/03\/12\/municipalidad-de-goya-prepara-reconocimientos-a-mujeres-destacadas\/#respond\"]}]},{\"@type\":\"WebPage\",\"@id\":\"https:\/\/radioinfinitagoya.com.ar\/v1\/2026\/03\/12\/municipalidad-de-goya-prepara-reconocimientos-a-mujeres-destacadas\/\",\"url\":\"https:\/\/radioinfinitagoya.com.ar\/v1\/2026\/03\/12\/municipalidad-de-goya-prepara-reconocimientos-a-mujeres-destacadas\/\",\"name\":\"Municipalidad de Goya prepara reconocimientos a mujeres destacadas - Radio Infinita Goya\",\"isPartOf\":{\"@id\":\"https:\/\/radioinfinitagoya.com.ar\/v1\/#website\"},\"primaryImageOfPage\":{\"@id\":\"https:\/\/radioinfinitagoya.com.ar\/v1\/2026\/03\/12\/municipalidad-de-goya-prepara-reconocimientos-a-mujeres-destacadas\/#primaryimage\"},\"image\":{\"@id\":\"https:\/\/radioinfinitagoya.com.ar\/v1\/2026\/03\/12\/municipalidad-de-goya-prepara-reconocimientos-a-mujeres-destacadas\/#primaryimage\"},\"thumbnailUrl\":\"https:\/\/radioinfinitagoya.com.ar\/v1\/wp-content\/uploads\/2026\/03\/mujeres_destacadas_ilnustracion_nota_sonia_espin.jpg\",\"datePublished\":\"2026-03-12T18:57:19+00:00\",\"description\":\"El pr\u00f3ximo lunes 16 de marzo, en el patio del edificio municipal se llevar\u00e1 a cabo un acto de reconocimiento a mujeres destacadas en distintas \u00e1reas. La\",\"breadcrumb\":{\"@id\":\"https:\/\/radioinfinitagoya.com.ar\/v1\/2026\/03\/12\/municipalidad-de-goya-prepara-reconocimientos-a-mujeres-destacadas\/#breadcrumb\"},\"inLanguage\":\"es-AR\",\"potentialAction\":[{\"@type\":\"ReadAction\",\"target\":[\"https:\/\/radioinfinitagoya.com.ar\/v1\/2026\/03\/12\/municipalidad-de-goya-prepara-reconocimientos-a-mujeres-destacadas\/\"]}]},{\"@type\":\"ImageObject\",\"inLanguage\":\"es-AR\",\"@id\":\"https:\/\/radioinfinitagoya.com.ar\/v1\/2026\/03\/12\/municipalidad-de-goya-prepara-reconocimientos-a-mujeres-destacadas\/#primaryimage\",\"url\":\"https:\/\/radioinfinitagoya.com.ar\/v1\/wp-content\/uploads\/2026\/03\/mujeres_destacadas_ilnustracion_nota_sonia_espin.jpg\",\"contentUrl\":\"https:\/\/radioinfinitagoya.com.ar\/v1\/wp-content\/uploads\/2026\/03\/mujeres_destacadas_ilnustracion_nota_sonia_espin.jpg\",\"width\":848,\"height\":477},{\"@type\":\"BreadcrumbList\",\"@id\":\"https:\/\/radioinfinitagoya.com.ar\/v1\/2026\/03\/12\/municipalidad-de-goya-prepara-reconocimientos-a-mujeres-destacadas\/#breadcrumb\",\"itemListElement\":[{\"@type\":\"ListItem\",\"position\":1,\"name\":\"Inicio\",\"item\":\"https:\/\/radioinfinitagoya.com.ar\/v1\/\"},{\"@type\":\"ListItem\",\"position\":2,\"name\":\"Municipalidad de Goya prepara reconocimientos a mujeres destacadas\"}]},{\"@type\":\"WebSite\",\"@id\":\"https:\/\/radioinfinitagoya.com.ar\/v1\/#website\",\"url\":\"https:\/\/radioinfinitagoya.com.ar\/v1\/\",\"name\":\"radioinfinitagoya.com.ar\",\"description\":\"Radio de noticias\",\"publisher\":{\"@id\":\"https:\/\/radioinfinitagoya.com.ar\/v1\/#organization\"},\"potentialAction\":[{\"@type\":\"SearchAction\",\"target\":{\"@type\":\"EntryPoint\",\"urlTemplate\":\"https:\/\/radioinfinitagoya.com.ar\/v1\/?s={search_term_string}\"},\"query-input\":{\"@type\":\"PropertyValueSpecification\",\"valueRequired\":true,\"valueName\":\"search_term_string\"}}],\"inLanguage\":\"es-AR\"},{\"@type\":\"Organization\",\"@id\":\"https:\/\/radioinfinitagoya.com.ar\/v1\/#organization\",\"name\":\"Radio Infinita Goya\",\"url\":\"https:\/\/radioinfinitagoya.com.ar\/v1\/\",\"logo\":{\"@type\":\"ImageObject\",\"inLanguage\":\"es-AR\",\"@id\":\"https:\/\/radioinfinitagoya.com.ar\/v1\/#\/schema\/logo\/image\/\",\"url\":\"https:\/\/radioinfinitagoya.com.ar\/v1\/wp-content\/uploads\/2019\/11\/logo-pie-web.png\",\"contentUrl\":\"https:\/\/radioinfinitagoya.com.ar\/v1\/wp-content\/uploads\/2019\/11\/logo-pie-web.png\",\"width\":635,\"height\":326,\"caption\":\"Radio Infinita Goya\"},\"image\":{\"@id\":\"https:\/\/radioinfinitagoya.com.ar\/v1\/#\/schema\/logo\/image\/\"},\"sameAs\":[\"https:\/\/www.facebook.com\/p\/Infinita-Goya-100063870918311\/\"]},{\"@type\":\"Person\",\"@id\":\"https:\/\/radioinfinitagoya.com.ar\/v1\/#\/schema\/person\/d4cf9c413d4f6edb24aabdccab49ca4a\",\"name\":\"Jorge Mi\u00f1o\",\"image\":{\"@type\":\"ImageObject\",\"inLanguage\":\"es-AR\",\"@id\":\"https:\/\/secure.gravatar.com\/avatar\/910fcf6728fe95320e07a6643c1581fec1c7fc4bf8ae12e3d8f0d0373dc844be?s=96&d=mm&r=g\",\"url\":\"https:\/\/secure.gravatar.com\/avatar\/910fcf6728fe95320e07a6643c1581fec1c7fc4bf8ae12e3d8f0d0373dc844be?s=96&d=mm&r=g\",\"contentUrl\":\"https:\/\/secure.gravatar.com\/avatar\/910fcf6728fe95320e07a6643c1581fec1c7fc4bf8ae12e3d8f0d0373dc844be?s=96&d=mm&r=g\",\"caption\":\"Jorge Mi\u00f1o\"},\"sameAs\":[\"http:\/\/radioinfinitagoya.com.ar\"]}]}<\/script>\n<!-- \/ Yoast SEO plugin. -->","yoast_head_json":{"title":"Municipalidad de Goya prepara reconocimientos a mujeres destacadas - Radio Infinita Goya","description":"El pr\u00f3ximo lunes 16 de marzo, en el patio del edificio municipal se llevar\u00e1 a cabo un acto de reconocimiento a mujeres destacadas en distintas \u00e1reas. La","robots":{"index":"index","follow":"follow","max-snippet":"max-snippet:-1","max-image-preview":"max-image-preview:large","max-video-preview":"max-video-preview:-1"},"canonical":"https:\/\/radioinfinitagoya.com.ar\/v1\/2026\/03\/12\/municipalidad-de-goya-prepara-reconocimientos-a-mujeres-destacadas\/","og_locale":"es_ES","og_type":"article","og_title":"Municipalidad de Goya prepara reconocimientos a mujeres destacadas - Radio Infinita Goya","og_description":"El pr\u00f3ximo lunes 16 de marzo, en el patio del edificio municipal se llevar\u00e1 a cabo un acto de reconocimiento a mujeres destacadas en distintas \u00e1reas. La","og_url":"https:\/\/radioinfinitagoya.com.ar\/v1\/2026\/03\/12\/municipalidad-de-goya-prepara-reconocimientos-a-mujeres-destacadas\/","og_site_name":"Radio Infinita Goya","article_publisher":"https:\/\/www.facebook.com\/p\/Infinita-Goya-100063870918311\/","article_published_time":"2026-03-12T18:57:19+00:00","og_image":[{"width":848,"height":477,"url":"https:\/\/radioinfinitagoya.com.ar\/v1\/wp-content\/uploads\/2026\/03\/mujeres_destacadas_ilnustracion_nota_sonia_espin.jpg","type":"image\/jpeg"}],"author":"Jorge Mi\u00f1o","twitter_card":"summary_large_image","twitter_misc":{"Escrito por":"Jorge Mi\u00f1o","Tiempo de lectura":"3 minutos"},"schema":{"@context":"https:\/\/schema.org","@graph":[{"@type":"Article","@id":"https:\/\/radioinfinitagoya.com.ar\/v1\/2026\/03\/12\/municipalidad-de-goya-prepara-reconocimientos-a-mujeres-destacadas\/#article","isPartOf":{"@id":"https:\/\/radioinfinitagoya.com.ar\/v1\/2026\/03\/12\/municipalidad-de-goya-prepara-reconocimientos-a-mujeres-destacadas\/"},"author":{"name":"Jorge Mi\u00f1o","@id":"https:\/\/radioinfinitagoya.com.ar\/v1\/#\/schema\/person\/d4cf9c413d4f6edb24aabdccab49ca4a"},"headline":"Municipalidad de Goya prepara reconocimientos a mujeres destacadas","datePublished":"2026-03-12T18:57:19+00:00","mainEntityOfPage":{"@id":"https:\/\/radioinfinitagoya.com.ar\/v1\/2026\/03\/12\/municipalidad-de-goya-prepara-reconocimientos-a-mujeres-destacadas\/"},"wordCount":475,"commentCount":0,"publisher":{"@id":"https:\/\/radioinfinitagoya.com.ar\/v1\/#organization"},"image":{"@id":"https:\/\/radioinfinitagoya.com.ar\/v1\/2026\/03\/12\/municipalidad-de-goya-prepara-reconocimientos-a-mujeres-destacadas\/#primaryimage"},"thumbnailUrl":"https:\/\/radioinfinitagoya.com.ar\/v1\/wp-content\/uploads\/2026\/03\/mujeres_destacadas_ilnustracion_nota_sonia_espin.jpg","articleSection":["LOCALES"],"inLanguage":"es-AR","potentialAction":[{"@type":"CommentAction","name":"Comment","target":["https:\/\/radioinfinitagoya.com.ar\/v1\/2026\/03\/12\/municipalidad-de-goya-prepara-reconocimientos-a-mujeres-destacadas\/#respond"]}]},{"@type":"WebPage","@id":"https:\/\/radioinfinitagoya.com.ar\/v1\/2026\/03\/12\/municipalidad-de-goya-prepara-reconocimientos-a-mujeres-destacadas\/","url":"https:\/\/radioinfinitagoya.com.ar\/v1\/2026\/03\/12\/municipalidad-de-goya-prepara-reconocimientos-a-mujeres-destacadas\/","name":"Municipalidad de Goya prepara reconocimientos a mujeres destacadas - Radio Infinita Goya","isPartOf":{"@id":"https:\/\/radioinfinitagoya.com.ar\/v1\/#website"},"primaryImageOfPage":{"@id":"https:\/\/radioinfinitagoya.com.ar\/v1\/2026\/03\/12\/municipalidad-de-goya-prepara-reconocimientos-a-mujeres-destacadas\/#primaryimage"},"image":{"@id":"https:\/\/radioinfinitagoya.com.ar\/v1\/2026\/03\/12\/municipalidad-de-goya-prepara-reconocimientos-a-mujeres-destacadas\/#primaryimage"},"thumbnailUrl":"https:\/\/radioinfinitagoya.com.ar\/v1\/wp-content\/uploads\/2026\/03\/mujeres_destacadas_ilnustracion_nota_sonia_espin.jpg","datePublished":"2026-03-12T18:57:19+00:00","description":"El pr\u00f3ximo lunes 16 de marzo, en el patio del edificio municipal se llevar\u00e1 a cabo un acto de reconocimiento a mujeres destacadas en distintas \u00e1reas. La","breadcrumb":{"@id":"https:\/\/radioinfinitagoya.com.ar\/v1\/2026\/03\/12\/municipalidad-de-goya-prepara-reconocimientos-a-mujeres-destacadas\/#breadcrumb"},"inLanguage":"es-AR","potentialAction":[{"@type":"ReadAction","target":["https:\/\/radioinfinitagoya.com.ar\/v1\/2026\/03\/12\/municipalidad-de-goya-prepara-reconocimientos-a-mujeres-destacadas\/"]}]},{"@type":"ImageObject","inLanguage":"es-AR","@id":"https:\/\/radioinfinitagoya.com.ar\/v1\/2026\/03\/12\/municipalidad-de-goya-prepara-reconocimientos-a-mujeres-destacadas\/#primaryimage","url":"https:\/\/radioinfinitagoya.com.ar\/v1\/wp-content\/uploads\/2026\/03\/mujeres_destacadas_ilnustracion_nota_sonia_espin.jpg","contentUrl":"https:\/\/radioinfinitagoya.com.ar\/v1\/wp-content\/uploads\/2026\/03\/mujeres_destacadas_ilnustracion_nota_sonia_espin.jpg","width":848,"height":477},{"@type":"BreadcrumbList","@id":"https:\/\/radioinfinitagoya.com.ar\/v1\/2026\/03\/12\/municipalidad-de-goya-prepara-reconocimientos-a-mujeres-destacadas\/#breadcrumb","itemListElement":[{"@type":"ListItem","position":1,"name":"Inicio","item":"https:\/\/radioinfinitagoya.com.ar\/v1\/"},{"@type":"ListItem","position":2,"name":"Municipalidad de Goya prepara reconocimientos a mujeres destacadas"}]},{"@type":"WebSite","@id":"https:\/\/radioinfinitagoya.com.ar\/v1\/#website","url":"https:\/\/radioinfinitagoya.com.ar\/v1\/","name":"radioinfinitagoya.com.ar","description":"Radio de noticias","publisher":{"@id":"https:\/\/radioinfinitagoya.com.ar\/v1\/#organization"},"potentialAction":[{"@type":"SearchAction","target":{"@type":"EntryPoint","urlTemplate":"https:\/\/radioinfinitagoya.com.ar\/v1\/?s={search_term_string}"},"query-input":{"@type":"PropertyValueSpecification","valueRequired":true,"valueName":"search_term_string"}}],"inLanguage":"es-AR"},{"@type":"Organization","@id":"https:\/\/radioinfinitagoya.com.ar\/v1\/#organization","name":"Radio Infinita Goya","url":"https:\/\/radioinfinitagoya.com.ar\/v1\/","logo":{"@type":"ImageObject","inLanguage":"es-AR","@id":"https:\/\/radioinfinitagoya.com.ar\/v1\/#\/schema\/logo\/image\/","url":"https:\/\/radioinfinitagoya.com.ar\/v1\/wp-content\/uploads\/2019\/11\/logo-pie-web.png","contentUrl":"https:\/\/radioinfinitagoya.com.ar\/v1\/wp-content\/uploads\/2019\/11\/logo-pie-web.png","width":635,"height":326,"caption":"Radio Infinita Goya"},"image":{"@id":"https:\/\/radioinfinitagoya.com.ar\/v1\/#\/schema\/logo\/image\/"},"sameAs":["https:\/\/www.facebook.com\/p\/Infinita-Goya-100063870918311\/"]},{"@type":"Person","@id":"https:\/\/radioinfinitagoya.com.ar\/v1\/#\/schema\/person\/d4cf9c413d4f6edb24aabdccab49ca4a","name":"Jorge Mi\u00f1o","image":{"@type":"ImageObject","inLanguage":"es-AR","@id":"https:\/\/secure.gravatar.com\/avatar\/910fcf6728fe95320e07a6643c1581fec1c7fc4bf8ae12e3d8f0d0373dc844be?s=96&d=mm&r=g","url":"https:\/\/secure.gravatar.com\/avatar\/910fcf6728fe95320e07a6643c1581fec1c7fc4bf8ae12e3d8f0d0373dc844be?s=96&d=mm&r=g","contentUrl":"https:\/\/secure.gravatar.com\/avatar\/910fcf6728fe95320e07a6643c1581fec1c7fc4bf8ae12e3d8f0d0373dc844be?s=96&d=mm&r=g","caption":"Jorge Mi\u00f1o"},"sameAs":["http:\/\/radioinfinitagoya.com.ar"]}]}},"_links":{"self":[{"href":"https:\/\/radioinfinitagoya.com.ar\/v1\/wp-json\/wp\/v2\/posts\/210061","targetHints":{"allow":["GET"]}}],"collection":[{"href":"https:\/\/radioinfinitagoya.com.ar\/v1\/wp-json\/wp\/v2\/posts"}],"about":[{"href":"https:\/\/radioinfinitagoya.com.ar\/v1\/wp-json\/wp\/v2\/types\/post"}],"author":[{"embeddable":true,"href":"https:\/\/radioinfinitagoya.com.ar\/v1\/wp-json\/wp\/v2\/users\/4"}],"replies":[{"embeddable":true,"href":"https:\/\/radioinfinitagoya.com.ar\/v1\/wp-json\/wp\/v2\/comments?post=210061"}],"version-history":[{"count":0,"href":"https:\/\/radioinfinitagoya.com.ar\/v1\/wp-json\/wp\/v2\/posts\/210061\/revisions"}],"wp:featuredmedia":[{"embeddable":true,"href":"https:\/\/radioinfinitagoya.com.ar\/v1\/wp-json\/wp\/v2\/media\/210062"}],"wp:attachment":[{"href":"https:\/\/radioinfinitagoya.com.ar\/v1\/wp-json\/wp\/v2\/media?parent=210061"}],"wp:term":[{"taxonomy":"category","embeddable":true,"href":"https:\/\/radioinfinitagoya.com.ar\/v1\/wp-json\/wp\/v2\/categories?post=210061"},{"taxonomy":"post_tag","embeddable":true,"href":"https:\/\/radioinfinitagoya.com.ar\/v1\/wp-json\/wp\/v2\/tags?post=210061"}],"curies":[{"name":"wp","href":"https:\/\/api.w.org\/{rel}","templated":true}]}}