{"id":210073,"date":"2026-03-12T16:10:32","date_gmt":"2026-03-12T19:10:32","guid":{"rendered":"https:\/\/radioinfinitagoya.com.ar\/v1\/?p=210073"},"modified":"2026-03-12T16:10:32","modified_gmt":"2026-03-12T19:10:32","slug":"tarjeta-sapucay-cuando-se-habilita-en-corrientes-y-hasta-que-fecha-se-podra-usar","status":"publish","type":"post","link":"https:\/\/radioinfinitagoya.com.ar\/v1\/2026\/03\/12\/tarjeta-sapucay-cuando-se-habilita-en-corrientes-y-hasta-que-fecha-se-podra-usar\/","title":{"rendered":"Tarjeta Sapucay: cu\u00e1ndo se habilita en Corrientes y hasta qu\u00e9 fecha se podr\u00e1 usar"},"content":{"rendered":"<p>El programa sirve para compras en los comercios adheridos y con los montos asignados.<\/p>\n<p>El Ministerio de Desarrollo Social de Corrientes inform\u00f3 que desde este viernes 13 de marzo estar\u00e1n habilitadas las tarjetas del Programa Sapucay. La vigencia se extender\u00e1 hasta el 9 de abril.<\/p>\n<p>Las tarjetas podr\u00e1n utilizarse para realizar compras en los comercios adheridos con los montos asignados.<\/p>\n<p>El programa funciona como una herramienta social, destinada a que las familias accedan a alimentos en establecimientos habilitados por la provincia.<\/p>\n<p><img loading=\"lazy\" decoding=\"async\" class=\"alignnone size-full wp-image-210075\" src=\"https:\/\/radioinfinitagoya.com.ar\/v1\/wp-content\/uploads\/2026\/03\/1773329094659.png\" alt=\"\" width=\"807\" height=\"649\" srcset=\"https:\/\/radioinfinitagoya.com.ar\/v1\/wp-content\/uploads\/2026\/03\/1773329094659.png 807w, https:\/\/radioinfinitagoya.com.ar\/v1\/wp-content\/uploads\/2026\/03\/1773329094659-150x121.png 150w, https:\/\/radioinfinitagoya.com.ar\/v1\/wp-content\/uploads\/2026\/03\/1773329094659-768x618.png 768w, https:\/\/radioinfinitagoya.com.ar\/v1\/wp-content\/uploads\/2026\/03\/1773329094659-522x420.png 522w, https:\/\/radioinfinitagoya.com.ar\/v1\/wp-content\/uploads\/2026\/03\/1773329094659-696x560.png 696w\" sizes=\"auto, (max-width: 807px) 100vw, 807px\" \/><\/p>\n<p>&nbsp;<\/p>\n","protected":false},"excerpt":{"rendered":"<p>El programa sirve para compras en los comercios adheridos y con los montos asignados. El Ministerio de Desarrollo Social de Corrientes inform\u00f3 que desde este viernes 13 de marzo estar\u00e1n habilitadas las tarjetas del Programa Sapucay. La vigencia se extender\u00e1 hasta el 9 de abril. Las tarjetas podr\u00e1n utilizarse para realizar compras en los comercios [&hellip;]<\/p>\n","protected":false},"author":4,"featured_media":210074,"comment_status":"open","ping_status":"open","sticky":false,"template":"","format":"standard","meta":{"_joinchat":[],"footnotes":""},"categories":[26],"tags":[],"class_list":{"0":"post-210073","1":"post","2":"type-post","3":"status-publish","4":"format-standard","5":"has-post-thumbnail","7":"category-provinciales"},"yoast_head":"<!-- This site is optimized with the Yoast SEO plugin v27.2 - https:\/\/yoast.com\/product\/yoast-seo-wordpress\/ -->\n<title>Tarjeta Sapucay: cu\u00e1ndo se habilita en Corrientes y hasta qu\u00e9 fecha se podr\u00e1 usar - Radio Infinita Goya<\/title>\n<meta name=\"description\" content=\"El programa sirve para compras en los comercios adheridos y con los montos asignados. El Ministerio de Desarrollo Social de Corrientes inform\u00f3 que desde\" \/>\n<meta name=\"robots\" content=\"index, follow, max-snippet:-1, max-image-preview:large, max-video-preview:-1\" \/>\n<link rel=\"canonical\" href=\"https:\/\/radioinfinitagoya.com.ar\/v1\/2026\/03\/12\/tarjeta-sapucay-cuando-se-habilita-en-corrientes-y-hasta-que-fecha-se-podra-usar\/\" \/>\n<meta property=\"og:locale\" content=\"es_ES\" \/>\n<meta property=\"og:type\" content=\"article\" \/>\n<meta property=\"og:title\" content=\"Tarjeta Sapucay: cu\u00e1ndo se habilita en Corrientes y hasta qu\u00e9 fecha se podr\u00e1 usar - Radio Infinita Goya\" \/>\n<meta property=\"og:description\" content=\"El programa sirve para compras en los comercios adheridos y con los montos asignados. El Ministerio de Desarrollo Social de Corrientes inform\u00f3 que desde\" \/>\n<meta property=\"og:url\" content=\"https:\/\/radioinfinitagoya.com.ar\/v1\/2026\/03\/12\/tarjeta-sapucay-cuando-se-habilita-en-corrientes-y-hasta-que-fecha-se-podra-usar\/\" \/>\n<meta property=\"og:site_name\" content=\"Radio Infinita Goya\" \/>\n<meta property=\"article:publisher\" content=\"https:\/\/www.facebook.com\/p\/Infinita-Goya-100063870918311\/\" \/>\n<meta property=\"article:published_time\" content=\"2026-03-12T19:10:32+00:00\" \/>\n<meta property=\"og:image\" content=\"https:\/\/radioinfinitagoya.com.ar\/v1\/wp-content\/uploads\/2026\/03\/QlEIUsjE.jpg\" \/>\n\t<meta property=\"og:image:width\" content=\"680\" \/>\n\t<meta property=\"og:image:height\" content=\"446\" \/>\n\t<meta property=\"og:image:type\" content=\"image\/jpeg\" \/>\n<meta name=\"author\" content=\"Jorge Mi\u00f1o\" \/>\n<meta name=\"twitter:card\" content=\"summary_large_image\" \/>\n<meta name=\"twitter:label1\" content=\"Escrito por\" \/>\n\t<meta name=\"twitter:data1\" content=\"Jorge Mi\u00f1o\" \/>\n\t<meta name=\"twitter:label2\" content=\"Tiempo de lectura\" \/>\n\t<meta name=\"twitter:data2\" content=\"1 minuto\" \/>\n<script type=\"application\/ld+json\" class=\"yoast-schema-graph\">{\"@context\":\"https:\/\/schema.org\",\"@graph\":[{\"@type\":\"Article\",\"@id\":\"https:\/\/radioinfinitagoya.com.ar\/v1\/2026\/03\/12\/tarjeta-sapucay-cuando-se-habilita-en-corrientes-y-hasta-que-fecha-se-podra-usar\/#article\",\"isPartOf\":{\"@id\":\"https:\/\/radioinfinitagoya.com.ar\/v1\/2026\/03\/12\/tarjeta-sapucay-cuando-se-habilita-en-corrientes-y-hasta-que-fecha-se-podra-usar\/\"},\"author\":{\"name\":\"Jorge Mi\u00f1o\",\"@id\":\"https:\/\/radioinfinitagoya.com.ar\/v1\/#\/schema\/person\/d4cf9c413d4f6edb24aabdccab49ca4a\"},\"headline\":\"Tarjeta Sapucay: cu\u00e1ndo se habilita en Corrientes y hasta qu\u00e9 fecha se podr\u00e1 usar\",\"datePublished\":\"2026-03-12T19:10:32+00:00\",\"mainEntityOfPage\":{\"@id\":\"https:\/\/radioinfinitagoya.com.ar\/v1\/2026\/03\/12\/tarjeta-sapucay-cuando-se-habilita-en-corrientes-y-hasta-que-fecha-se-podra-usar\/\"},\"wordCount\":97,\"commentCount\":0,\"publisher\":{\"@id\":\"https:\/\/radioinfinitagoya.com.ar\/v1\/#organization\"},\"image\":{\"@id\":\"https:\/\/radioinfinitagoya.com.ar\/v1\/2026\/03\/12\/tarjeta-sapucay-cuando-se-habilita-en-corrientes-y-hasta-que-fecha-se-podra-usar\/#primaryimage\"},\"thumbnailUrl\":\"https:\/\/radioinfinitagoya.com.ar\/v1\/wp-content\/uploads\/2026\/03\/QlEIUsjE.jpg\",\"articleSection\":[\"PROVINCIALES\"],\"inLanguage\":\"es-AR\",\"potentialAction\":[{\"@type\":\"CommentAction\",\"name\":\"Comment\",\"target\":[\"https:\/\/radioinfinitagoya.com.ar\/v1\/2026\/03\/12\/tarjeta-sapucay-cuando-se-habilita-en-corrientes-y-hasta-que-fecha-se-podra-usar\/#respond\"]}]},{\"@type\":\"WebPage\",\"@id\":\"https:\/\/radioinfinitagoya.com.ar\/v1\/2026\/03\/12\/tarjeta-sapucay-cuando-se-habilita-en-corrientes-y-hasta-que-fecha-se-podra-usar\/\",\"url\":\"https:\/\/radioinfinitagoya.com.ar\/v1\/2026\/03\/12\/tarjeta-sapucay-cuando-se-habilita-en-corrientes-y-hasta-que-fecha-se-podra-usar\/\",\"name\":\"Tarjeta Sapucay: cu\u00e1ndo se habilita en Corrientes y hasta qu\u00e9 fecha se podr\u00e1 usar - Radio Infinita Goya\",\"isPartOf\":{\"@id\":\"https:\/\/radioinfinitagoya.com.ar\/v1\/#website\"},\"primaryImageOfPage\":{\"@id\":\"https:\/\/radioinfinitagoya.com.ar\/v1\/2026\/03\/12\/tarjeta-sapucay-cuando-se-habilita-en-corrientes-y-hasta-que-fecha-se-podra-usar\/#primaryimage\"},\"image\":{\"@id\":\"https:\/\/radioinfinitagoya.com.ar\/v1\/2026\/03\/12\/tarjeta-sapucay-cuando-se-habilita-en-corrientes-y-hasta-que-fecha-se-podra-usar\/#primaryimage\"},\"thumbnailUrl\":\"https:\/\/radioinfinitagoya.com.ar\/v1\/wp-content\/uploads\/2026\/03\/QlEIUsjE.jpg\",\"datePublished\":\"2026-03-12T19:10:32+00:00\",\"description\":\"El programa sirve para compras en los comercios adheridos y con los montos asignados. El Ministerio de Desarrollo Social de Corrientes inform\u00f3 que desde\",\"breadcrumb\":{\"@id\":\"https:\/\/radioinfinitagoya.com.ar\/v1\/2026\/03\/12\/tarjeta-sapucay-cuando-se-habilita-en-corrientes-y-hasta-que-fecha-se-podra-usar\/#breadcrumb\"},\"inLanguage\":\"es-AR\",\"potentialAction\":[{\"@type\":\"ReadAction\",\"target\":[\"https:\/\/radioinfinitagoya.com.ar\/v1\/2026\/03\/12\/tarjeta-sapucay-cuando-se-habilita-en-corrientes-y-hasta-que-fecha-se-podra-usar\/\"]}]},{\"@type\":\"ImageObject\",\"inLanguage\":\"es-AR\",\"@id\":\"https:\/\/radioinfinitagoya.com.ar\/v1\/2026\/03\/12\/tarjeta-sapucay-cuando-se-habilita-en-corrientes-y-hasta-que-fecha-se-podra-usar\/#primaryimage\",\"url\":\"https:\/\/radioinfinitagoya.com.ar\/v1\/wp-content\/uploads\/2026\/03\/QlEIUsjE.jpg\",\"contentUrl\":\"https:\/\/radioinfinitagoya.com.ar\/v1\/wp-content\/uploads\/2026\/03\/QlEIUsjE.jpg\",\"width\":680,\"height\":446},{\"@type\":\"BreadcrumbList\",\"@id\":\"https:\/\/radioinfinitagoya.com.ar\/v1\/2026\/03\/12\/tarjeta-sapucay-cuando-se-habilita-en-corrientes-y-hasta-que-fecha-se-podra-usar\/#breadcrumb\",\"itemListElement\":[{\"@type\":\"ListItem\",\"position\":1,\"name\":\"Inicio\",\"item\":\"https:\/\/radioinfinitagoya.com.ar\/v1\/\"},{\"@type\":\"ListItem\",\"position\":2,\"name\":\"Tarjeta Sapucay: cu\u00e1ndo se habilita en Corrientes y hasta qu\u00e9 fecha se podr\u00e1 usar\"}]},{\"@type\":\"WebSite\",\"@id\":\"https:\/\/radioinfinitagoya.com.ar\/v1\/#website\",\"url\":\"https:\/\/radioinfinitagoya.com.ar\/v1\/\",\"name\":\"radioinfinitagoya.com.ar\",\"description\":\"Radio de noticias\",\"publisher\":{\"@id\":\"https:\/\/radioinfinitagoya.com.ar\/v1\/#organization\"},\"potentialAction\":[{\"@type\":\"SearchAction\",\"target\":{\"@type\":\"EntryPoint\",\"urlTemplate\":\"https:\/\/radioinfinitagoya.com.ar\/v1\/?s={search_term_string}\"},\"query-input\":{\"@type\":\"PropertyValueSpecification\",\"valueRequired\":true,\"valueName\":\"search_term_string\"}}],\"inLanguage\":\"es-AR\"},{\"@type\":\"Organization\",\"@id\":\"https:\/\/radioinfinitagoya.com.ar\/v1\/#organization\",\"name\":\"Radio Infinita Goya\",\"url\":\"https:\/\/radioinfinitagoya.com.ar\/v1\/\",\"logo\":{\"@type\":\"ImageObject\",\"inLanguage\":\"es-AR\",\"@id\":\"https:\/\/radioinfinitagoya.com.ar\/v1\/#\/schema\/logo\/image\/\",\"url\":\"https:\/\/radioinfinitagoya.com.ar\/v1\/wp-content\/uploads\/2019\/11\/logo-pie-web.png\",\"contentUrl\":\"https:\/\/radioinfinitagoya.com.ar\/v1\/wp-content\/uploads\/2019\/11\/logo-pie-web.png\",\"width\":635,\"height\":326,\"caption\":\"Radio Infinita Goya\"},\"image\":{\"@id\":\"https:\/\/radioinfinitagoya.com.ar\/v1\/#\/schema\/logo\/image\/\"},\"sameAs\":[\"https:\/\/www.facebook.com\/p\/Infinita-Goya-100063870918311\/\"]},{\"@type\":\"Person\",\"@id\":\"https:\/\/radioinfinitagoya.com.ar\/v1\/#\/schema\/person\/d4cf9c413d4f6edb24aabdccab49ca4a\",\"name\":\"Jorge Mi\u00f1o\",\"image\":{\"@type\":\"ImageObject\",\"inLanguage\":\"es-AR\",\"@id\":\"https:\/\/secure.gravatar.com\/avatar\/910fcf6728fe95320e07a6643c1581fec1c7fc4bf8ae12e3d8f0d0373dc844be?s=96&d=mm&r=g\",\"url\":\"https:\/\/secure.gravatar.com\/avatar\/910fcf6728fe95320e07a6643c1581fec1c7fc4bf8ae12e3d8f0d0373dc844be?s=96&d=mm&r=g\",\"contentUrl\":\"https:\/\/secure.gravatar.com\/avatar\/910fcf6728fe95320e07a6643c1581fec1c7fc4bf8ae12e3d8f0d0373dc844be?s=96&d=mm&r=g\",\"caption\":\"Jorge Mi\u00f1o\"},\"sameAs\":[\"http:\/\/radioinfinitagoya.com.ar\"]}]}<\/script>\n<!-- \/ Yoast SEO plugin. -->","yoast_head_json":{"title":"Tarjeta Sapucay: cu\u00e1ndo se habilita en Corrientes y hasta qu\u00e9 fecha se podr\u00e1 usar - Radio Infinita Goya","description":"El programa sirve para compras en los comercios adheridos y con los montos asignados. El Ministerio de Desarrollo Social de Corrientes inform\u00f3 que desde","robots":{"index":"index","follow":"follow","max-snippet":"max-snippet:-1","max-image-preview":"max-image-preview:large","max-video-preview":"max-video-preview:-1"},"canonical":"https:\/\/radioinfinitagoya.com.ar\/v1\/2026\/03\/12\/tarjeta-sapucay-cuando-se-habilita-en-corrientes-y-hasta-que-fecha-se-podra-usar\/","og_locale":"es_ES","og_type":"article","og_title":"Tarjeta Sapucay: cu\u00e1ndo se habilita en Corrientes y hasta qu\u00e9 fecha se podr\u00e1 usar - Radio Infinita Goya","og_description":"El programa sirve para compras en los comercios adheridos y con los montos asignados. El Ministerio de Desarrollo Social de Corrientes inform\u00f3 que desde","og_url":"https:\/\/radioinfinitagoya.com.ar\/v1\/2026\/03\/12\/tarjeta-sapucay-cuando-se-habilita-en-corrientes-y-hasta-que-fecha-se-podra-usar\/","og_site_name":"Radio Infinita Goya","article_publisher":"https:\/\/www.facebook.com\/p\/Infinita-Goya-100063870918311\/","article_published_time":"2026-03-12T19:10:32+00:00","og_image":[{"width":680,"height":446,"url":"https:\/\/radioinfinitagoya.com.ar\/v1\/wp-content\/uploads\/2026\/03\/QlEIUsjE.jpg","type":"image\/jpeg"}],"author":"Jorge Mi\u00f1o","twitter_card":"summary_large_image","twitter_misc":{"Escrito por":"Jorge Mi\u00f1o","Tiempo de lectura":"1 minuto"},"schema":{"@context":"https:\/\/schema.org","@graph":[{"@type":"Article","@id":"https:\/\/radioinfinitagoya.com.ar\/v1\/2026\/03\/12\/tarjeta-sapucay-cuando-se-habilita-en-corrientes-y-hasta-que-fecha-se-podra-usar\/#article","isPartOf":{"@id":"https:\/\/radioinfinitagoya.com.ar\/v1\/2026\/03\/12\/tarjeta-sapucay-cuando-se-habilita-en-corrientes-y-hasta-que-fecha-se-podra-usar\/"},"author":{"name":"Jorge Mi\u00f1o","@id":"https:\/\/radioinfinitagoya.com.ar\/v1\/#\/schema\/person\/d4cf9c413d4f6edb24aabdccab49ca4a"},"headline":"Tarjeta Sapucay: cu\u00e1ndo se habilita en Corrientes y hasta qu\u00e9 fecha se podr\u00e1 usar","datePublished":"2026-03-12T19:10:32+00:00","mainEntityOfPage":{"@id":"https:\/\/radioinfinitagoya.com.ar\/v1\/2026\/03\/12\/tarjeta-sapucay-cuando-se-habilita-en-corrientes-y-hasta-que-fecha-se-podra-usar\/"},"wordCount":97,"commentCount":0,"publisher":{"@id":"https:\/\/radioinfinitagoya.com.ar\/v1\/#organization"},"image":{"@id":"https:\/\/radioinfinitagoya.com.ar\/v1\/2026\/03\/12\/tarjeta-sapucay-cuando-se-habilita-en-corrientes-y-hasta-que-fecha-se-podra-usar\/#primaryimage"},"thumbnailUrl":"https:\/\/radioinfinitagoya.com.ar\/v1\/wp-content\/uploads\/2026\/03\/QlEIUsjE.jpg","articleSection":["PROVINCIALES"],"inLanguage":"es-AR","potentialAction":[{"@type":"CommentAction","name":"Comment","target":["https:\/\/radioinfinitagoya.com.ar\/v1\/2026\/03\/12\/tarjeta-sapucay-cuando-se-habilita-en-corrientes-y-hasta-que-fecha-se-podra-usar\/#respond"]}]},{"@type":"WebPage","@id":"https:\/\/radioinfinitagoya.com.ar\/v1\/2026\/03\/12\/tarjeta-sapucay-cuando-se-habilita-en-corrientes-y-hasta-que-fecha-se-podra-usar\/","url":"https:\/\/radioinfinitagoya.com.ar\/v1\/2026\/03\/12\/tarjeta-sapucay-cuando-se-habilita-en-corrientes-y-hasta-que-fecha-se-podra-usar\/","name":"Tarjeta Sapucay: cu\u00e1ndo se habilita en Corrientes y hasta qu\u00e9 fecha se podr\u00e1 usar - Radio Infinita Goya","isPartOf":{"@id":"https:\/\/radioinfinitagoya.com.ar\/v1\/#website"},"primaryImageOfPage":{"@id":"https:\/\/radioinfinitagoya.com.ar\/v1\/2026\/03\/12\/tarjeta-sapucay-cuando-se-habilita-en-corrientes-y-hasta-que-fecha-se-podra-usar\/#primaryimage"},"image":{"@id":"https:\/\/radioinfinitagoya.com.ar\/v1\/2026\/03\/12\/tarjeta-sapucay-cuando-se-habilita-en-corrientes-y-hasta-que-fecha-se-podra-usar\/#primaryimage"},"thumbnailUrl":"https:\/\/radioinfinitagoya.com.ar\/v1\/wp-content\/uploads\/2026\/03\/QlEIUsjE.jpg","datePublished":"2026-03-12T19:10:32+00:00","description":"El programa sirve para compras en los comercios adheridos y con los montos asignados. El Ministerio de Desarrollo Social de Corrientes inform\u00f3 que desde","breadcrumb":{"@id":"https:\/\/radioinfinitagoya.com.ar\/v1\/2026\/03\/12\/tarjeta-sapucay-cuando-se-habilita-en-corrientes-y-hasta-que-fecha-se-podra-usar\/#breadcrumb"},"inLanguage":"es-AR","potentialAction":[{"@type":"ReadAction","target":["https:\/\/radioinfinitagoya.com.ar\/v1\/2026\/03\/12\/tarjeta-sapucay-cuando-se-habilita-en-corrientes-y-hasta-que-fecha-se-podra-usar\/"]}]},{"@type":"ImageObject","inLanguage":"es-AR","@id":"https:\/\/radioinfinitagoya.com.ar\/v1\/2026\/03\/12\/tarjeta-sapucay-cuando-se-habilita-en-corrientes-y-hasta-que-fecha-se-podra-usar\/#primaryimage","url":"https:\/\/radioinfinitagoya.com.ar\/v1\/wp-content\/uploads\/2026\/03\/QlEIUsjE.jpg","contentUrl":"https:\/\/radioinfinitagoya.com.ar\/v1\/wp-content\/uploads\/2026\/03\/QlEIUsjE.jpg","width":680,"height":446},{"@type":"BreadcrumbList","@id":"https:\/\/radioinfinitagoya.com.ar\/v1\/2026\/03\/12\/tarjeta-sapucay-cuando-se-habilita-en-corrientes-y-hasta-que-fecha-se-podra-usar\/#breadcrumb","itemListElement":[{"@type":"ListItem","position":1,"name":"Inicio","item":"https:\/\/radioinfinitagoya.com.ar\/v1\/"},{"@type":"ListItem","position":2,"name":"Tarjeta Sapucay: cu\u00e1ndo se habilita en Corrientes y hasta qu\u00e9 fecha se podr\u00e1 usar"}]},{"@type":"WebSite","@id":"https:\/\/radioinfinitagoya.com.ar\/v1\/#website","url":"https:\/\/radioinfinitagoya.com.ar\/v1\/","name":"radioinfinitagoya.com.ar","description":"Radio de noticias","publisher":{"@id":"https:\/\/radioinfinitagoya.com.ar\/v1\/#organization"},"potentialAction":[{"@type":"SearchAction","target":{"@type":"EntryPoint","urlTemplate":"https:\/\/radioinfinitagoya.com.ar\/v1\/?s={search_term_string}"},"query-input":{"@type":"PropertyValueSpecification","valueRequired":true,"valueName":"search_term_string"}}],"inLanguage":"es-AR"},{"@type":"Organization","@id":"https:\/\/radioinfinitagoya.com.ar\/v1\/#organization","name":"Radio Infinita Goya","url":"https:\/\/radioinfinitagoya.com.ar\/v1\/","logo":{"@type":"ImageObject","inLanguage":"es-AR","@id":"https:\/\/radioinfinitagoya.com.ar\/v1\/#\/schema\/logo\/image\/","url":"https:\/\/radioinfinitagoya.com.ar\/v1\/wp-content\/uploads\/2019\/11\/logo-pie-web.png","contentUrl":"https:\/\/radioinfinitagoya.com.ar\/v1\/wp-content\/uploads\/2019\/11\/logo-pie-web.png","width":635,"height":326,"caption":"Radio Infinita Goya"},"image":{"@id":"https:\/\/radioinfinitagoya.com.ar\/v1\/#\/schema\/logo\/image\/"},"sameAs":["https:\/\/www.facebook.com\/p\/Infinita-Goya-100063870918311\/"]},{"@type":"Person","@id":"https:\/\/radioinfinitagoya.com.ar\/v1\/#\/schema\/person\/d4cf9c413d4f6edb24aabdccab49ca4a","name":"Jorge Mi\u00f1o","image":{"@type":"ImageObject","inLanguage":"es-AR","@id":"https:\/\/secure.gravatar.com\/avatar\/910fcf6728fe95320e07a6643c1581fec1c7fc4bf8ae12e3d8f0d0373dc844be?s=96&d=mm&r=g","url":"https:\/\/secure.gravatar.com\/avatar\/910fcf6728fe95320e07a6643c1581fec1c7fc4bf8ae12e3d8f0d0373dc844be?s=96&d=mm&r=g","contentUrl":"https:\/\/secure.gravatar.com\/avatar\/910fcf6728fe95320e07a6643c1581fec1c7fc4bf8ae12e3d8f0d0373dc844be?s=96&d=mm&r=g","caption":"Jorge Mi\u00f1o"},"sameAs":["http:\/\/radioinfinitagoya.com.ar"]}]}},"_links":{"self":[{"href":"https:\/\/radioinfinitagoya.com.ar\/v1\/wp-json\/wp\/v2\/posts\/210073","targetHints":{"allow":["GET"]}}],"collection":[{"href":"https:\/\/radioinfinitagoya.com.ar\/v1\/wp-json\/wp\/v2\/posts"}],"about":[{"href":"https:\/\/radioinfinitagoya.com.ar\/v1\/wp-json\/wp\/v2\/types\/post"}],"author":[{"embeddable":true,"href":"https:\/\/radioinfinitagoya.com.ar\/v1\/wp-json\/wp\/v2\/users\/4"}],"replies":[{"embeddable":true,"href":"https:\/\/radioinfinitagoya.com.ar\/v1\/wp-json\/wp\/v2\/comments?post=210073"}],"version-history":[{"count":0,"href":"https:\/\/radioinfinitagoya.com.ar\/v1\/wp-json\/wp\/v2\/posts\/210073\/revisions"}],"wp:featuredmedia":[{"embeddable":true,"href":"https:\/\/radioinfinitagoya.com.ar\/v1\/wp-json\/wp\/v2\/media\/210074"}],"wp:attachment":[{"href":"https:\/\/radioinfinitagoya.com.ar\/v1\/wp-json\/wp\/v2\/media?parent=210073"}],"wp:term":[{"taxonomy":"category","embeddable":true,"href":"https:\/\/radioinfinitagoya.com.ar\/v1\/wp-json\/wp\/v2\/categories?post=210073"},{"taxonomy":"post_tag","embeddable":true,"href":"https:\/\/radioinfinitagoya.com.ar\/v1\/wp-json\/wp\/v2\/tags?post=210073"}],"curies":[{"name":"wp","href":"https:\/\/api.w.org\/{rel}","templated":true}]}}