{"id":210081,"date":"2026-03-12T16:16:15","date_gmt":"2026-03-12T19:16:15","guid":{"rendered":"https:\/\/radioinfinitagoya.com.ar\/v1\/?p=210081"},"modified":"2026-03-12T16:16:15","modified_gmt":"2026-03-12T19:16:15","slug":"loan-la-abogada-querellante-dijo-que-la-familia-esta-enojada-y-quiere-respuestas","status":"publish","type":"post","link":"https:\/\/radioinfinitagoya.com.ar\/v1\/2026\/03\/12\/loan-la-abogada-querellante-dijo-que-la-familia-esta-enojada-y-quiere-respuestas\/","title":{"rendered":"Loan: la abogada querellante dijo que la familia &#8220;est\u00e1 enojada y quiere respuestas&#8221;"},"content":{"rendered":"<p>Respecto al comienzo del juicio, Bel\u00e9n Russo Cornara habl\u00f3 con El Litortal y afirm\u00f3 que buscan &#8220;que inicie ya&#8221; para saber qu\u00e9 pas\u00f3 con el ni\u00f1o.<\/p>\n<p>A la espera de que se fije una fecha para el comienzo del juicio por la desaparici\u00f3n de Loan Pe\u00f1a, los padres exigen respuestas sobre su paradero. As\u00ed lo afirm\u00f3 Bel\u00e9n Russo Cornara, abogada querellante, durante una entrevista con El Litoral: \u201cLa familia pas\u00f3 por un momento de tristeza profunda y est\u00e1 enojada, quieren saber d\u00f3nde est\u00e1 su hijo. Lo seguimos buscando con vida\u201d.<\/p>\n<p>Russo Cornara explic\u00f3 que los padres son acosados a pesar de que ya fueron investigados. \u201cSon ellos quienes sufren y la gente sigue atac\u00e1ndolos con esta propaganda nefasta. Ya se hicieron las denuncias por hostigamiento y ahora queremos que se incorporen a la causa\u201d, se\u00f1al\u00f3.<\/p>\n<p>Expectativas por el inicio del juicio<br \/>\nEn relaci\u00f3n al juicio, la abogada indic\u00f3 que a\u00fan no hay novedades sobre su inicio. \u201cSe dijo que se iba a rever la fecha del 7 de octubre, pero no se confirm\u00f3 una nueva. Le aclaramos al tribunal que la querella tiene disponibilidad para empezar en cualquier momento. Nosotros queremos que sea ya, que nos den las respuestas sobre qu\u00e9 pas\u00f3. Ser\u00eda una buena noticia que comience en mayo, en el cumplea\u00f1os de Loan\u201d, sostuvo.<\/p>\n<p>La querella tambi\u00e9n solicit\u00f3 una reconstrucci\u00f3n de lo ocurrido el d\u00eda de la desaparici\u00f3n, para analizar inconsistencias en las declaraciones. Russo Cornara explic\u00f3 que esto es fundamental para obtener respuestas sobre el caso.<\/p>\n<p>En cuanto a los testigos, la abogada manifest\u00f3 que adhieren a los 161 citados por la fiscal\u00eda y a los 588 incorporados por lectura. Adem\u00e1s, pidieron que los imputados sean llamados de forma presencial, ya que \u201cno es lo mismo estar con los jueces y con la familia presente, pidiendo la verdad\u201d.<\/p>\n","protected":false},"excerpt":{"rendered":"<p>Respecto al comienzo del juicio, Bel\u00e9n Russo Cornara habl\u00f3 con El Litortal y afirm\u00f3 que buscan &#8220;que inicie ya&#8221; para saber qu\u00e9 pas\u00f3 con el ni\u00f1o. A la espera de que se fije una fecha para el comienzo del juicio por la desaparici\u00f3n de Loan Pe\u00f1a, los padres exigen respuestas sobre su paradero. As\u00ed lo [&hellip;]<\/p>\n","protected":false},"author":4,"featured_media":210082,"comment_status":"open","ping_status":"open","sticky":false,"template":"","format":"standard","meta":{"_joinchat":[],"footnotes":""},"categories":[26],"tags":[],"class_list":{"0":"post-210081","1":"post","2":"type-post","3":"status-publish","4":"format-standard","5":"has-post-thumbnail","7":"category-provinciales"},"yoast_head":"<!-- This site is optimized with the Yoast SEO plugin v27.2 - https:\/\/yoast.com\/product\/yoast-seo-wordpress\/ -->\n<title>Loan: la abogada querellante dijo que la familia &quot;est\u00e1 enojada y quiere respuestas&quot; - Radio Infinita Goya<\/title>\n<meta name=\"description\" content=\"Respecto al comienzo del juicio, Bel\u00e9n Russo Cornara habl\u00f3 con El Litortal y afirm\u00f3 que buscan &quot;que inicie ya&quot; para saber qu\u00e9 pas\u00f3 con el ni\u00f1o. A la\" \/>\n<meta name=\"robots\" content=\"index, follow, max-snippet:-1, max-image-preview:large, max-video-preview:-1\" \/>\n<link rel=\"canonical\" href=\"https:\/\/radioinfinitagoya.com.ar\/v1\/2026\/03\/12\/loan-la-abogada-querellante-dijo-que-la-familia-esta-enojada-y-quiere-respuestas\/\" \/>\n<meta property=\"og:locale\" content=\"es_ES\" \/>\n<meta property=\"og:type\" content=\"article\" \/>\n<meta property=\"og:title\" content=\"Loan: la abogada querellante dijo que la familia &quot;est\u00e1 enojada y quiere respuestas&quot; - Radio Infinita Goya\" \/>\n<meta property=\"og:description\" content=\"Respecto al comienzo del juicio, Bel\u00e9n Russo Cornara habl\u00f3 con El Litortal y afirm\u00f3 que buscan &quot;que inicie ya&quot; para saber qu\u00e9 pas\u00f3 con el ni\u00f1o. A la\" \/>\n<meta property=\"og:url\" content=\"https:\/\/radioinfinitagoya.com.ar\/v1\/2026\/03\/12\/loan-la-abogada-querellante-dijo-que-la-familia-esta-enojada-y-quiere-respuestas\/\" \/>\n<meta property=\"og:site_name\" content=\"Radio Infinita Goya\" \/>\n<meta property=\"article:publisher\" content=\"https:\/\/www.facebook.com\/p\/Infinita-Goya-100063870918311\/\" \/>\n<meta property=\"article:published_time\" content=\"2026-03-12T19:16:15+00:00\" \/>\n<meta property=\"og:image\" content=\"https:\/\/radioinfinitagoya.com.ar\/v1\/wp-content\/uploads\/2026\/03\/1773326678845.webp\" \/>\n\t<meta property=\"og:image:width\" content=\"1200\" \/>\n\t<meta property=\"og:image:height\" content=\"675\" \/>\n\t<meta property=\"og:image:type\" content=\"image\/webp\" \/>\n<meta name=\"author\" content=\"Jorge Mi\u00f1o\" \/>\n<meta name=\"twitter:card\" content=\"summary_large_image\" \/>\n<meta name=\"twitter:label1\" content=\"Escrito por\" \/>\n\t<meta name=\"twitter:data1\" content=\"Jorge Mi\u00f1o\" \/>\n\t<meta name=\"twitter:label2\" content=\"Tiempo de lectura\" \/>\n\t<meta name=\"twitter:data2\" content=\"2 minutos\" \/>\n<script type=\"application\/ld+json\" class=\"yoast-schema-graph\">{\"@context\":\"https:\/\/schema.org\",\"@graph\":[{\"@type\":\"Article\",\"@id\":\"https:\/\/radioinfinitagoya.com.ar\/v1\/2026\/03\/12\/loan-la-abogada-querellante-dijo-que-la-familia-esta-enojada-y-quiere-respuestas\/#article\",\"isPartOf\":{\"@id\":\"https:\/\/radioinfinitagoya.com.ar\/v1\/2026\/03\/12\/loan-la-abogada-querellante-dijo-que-la-familia-esta-enojada-y-quiere-respuestas\/\"},\"author\":{\"name\":\"Jorge Mi\u00f1o\",\"@id\":\"https:\/\/radioinfinitagoya.com.ar\/v1\/#\/schema\/person\/d4cf9c413d4f6edb24aabdccab49ca4a\"},\"headline\":\"Loan: la abogada querellante dijo que la familia &#8220;est\u00e1 enojada y quiere respuestas&#8221;\",\"datePublished\":\"2026-03-12T19:16:15+00:00\",\"mainEntityOfPage\":{\"@id\":\"https:\/\/radioinfinitagoya.com.ar\/v1\/2026\/03\/12\/loan-la-abogada-querellante-dijo-que-la-familia-esta-enojada-y-quiere-respuestas\/\"},\"wordCount\":329,\"commentCount\":0,\"publisher\":{\"@id\":\"https:\/\/radioinfinitagoya.com.ar\/v1\/#organization\"},\"image\":{\"@id\":\"https:\/\/radioinfinitagoya.com.ar\/v1\/2026\/03\/12\/loan-la-abogada-querellante-dijo-que-la-familia-esta-enojada-y-quiere-respuestas\/#primaryimage\"},\"thumbnailUrl\":\"https:\/\/radioinfinitagoya.com.ar\/v1\/wp-content\/uploads\/2026\/03\/1773326678845.webp\",\"articleSection\":[\"PROVINCIALES\"],\"inLanguage\":\"es-AR\",\"potentialAction\":[{\"@type\":\"CommentAction\",\"name\":\"Comment\",\"target\":[\"https:\/\/radioinfinitagoya.com.ar\/v1\/2026\/03\/12\/loan-la-abogada-querellante-dijo-que-la-familia-esta-enojada-y-quiere-respuestas\/#respond\"]}]},{\"@type\":\"WebPage\",\"@id\":\"https:\/\/radioinfinitagoya.com.ar\/v1\/2026\/03\/12\/loan-la-abogada-querellante-dijo-que-la-familia-esta-enojada-y-quiere-respuestas\/\",\"url\":\"https:\/\/radioinfinitagoya.com.ar\/v1\/2026\/03\/12\/loan-la-abogada-querellante-dijo-que-la-familia-esta-enojada-y-quiere-respuestas\/\",\"name\":\"Loan: la abogada querellante dijo que la familia \\\"est\u00e1 enojada y quiere respuestas\\\" - Radio Infinita Goya\",\"isPartOf\":{\"@id\":\"https:\/\/radioinfinitagoya.com.ar\/v1\/#website\"},\"primaryImageOfPage\":{\"@id\":\"https:\/\/radioinfinitagoya.com.ar\/v1\/2026\/03\/12\/loan-la-abogada-querellante-dijo-que-la-familia-esta-enojada-y-quiere-respuestas\/#primaryimage\"},\"image\":{\"@id\":\"https:\/\/radioinfinitagoya.com.ar\/v1\/2026\/03\/12\/loan-la-abogada-querellante-dijo-que-la-familia-esta-enojada-y-quiere-respuestas\/#primaryimage\"},\"thumbnailUrl\":\"https:\/\/radioinfinitagoya.com.ar\/v1\/wp-content\/uploads\/2026\/03\/1773326678845.webp\",\"datePublished\":\"2026-03-12T19:16:15+00:00\",\"description\":\"Respecto al comienzo del juicio, Bel\u00e9n Russo Cornara habl\u00f3 con El Litortal y afirm\u00f3 que buscan \\\"que inicie ya\\\" para saber qu\u00e9 pas\u00f3 con el ni\u00f1o. A la\",\"breadcrumb\":{\"@id\":\"https:\/\/radioinfinitagoya.com.ar\/v1\/2026\/03\/12\/loan-la-abogada-querellante-dijo-que-la-familia-esta-enojada-y-quiere-respuestas\/#breadcrumb\"},\"inLanguage\":\"es-AR\",\"potentialAction\":[{\"@type\":\"ReadAction\",\"target\":[\"https:\/\/radioinfinitagoya.com.ar\/v1\/2026\/03\/12\/loan-la-abogada-querellante-dijo-que-la-familia-esta-enojada-y-quiere-respuestas\/\"]}]},{\"@type\":\"ImageObject\",\"inLanguage\":\"es-AR\",\"@id\":\"https:\/\/radioinfinitagoya.com.ar\/v1\/2026\/03\/12\/loan-la-abogada-querellante-dijo-que-la-familia-esta-enojada-y-quiere-respuestas\/#primaryimage\",\"url\":\"https:\/\/radioinfinitagoya.com.ar\/v1\/wp-content\/uploads\/2026\/03\/1773326678845.webp\",\"contentUrl\":\"https:\/\/radioinfinitagoya.com.ar\/v1\/wp-content\/uploads\/2026\/03\/1773326678845.webp\",\"width\":1200,\"height\":675},{\"@type\":\"BreadcrumbList\",\"@id\":\"https:\/\/radioinfinitagoya.com.ar\/v1\/2026\/03\/12\/loan-la-abogada-querellante-dijo-que-la-familia-esta-enojada-y-quiere-respuestas\/#breadcrumb\",\"itemListElement\":[{\"@type\":\"ListItem\",\"position\":1,\"name\":\"Inicio\",\"item\":\"https:\/\/radioinfinitagoya.com.ar\/v1\/\"},{\"@type\":\"ListItem\",\"position\":2,\"name\":\"Loan: la abogada querellante dijo que la familia &#8220;est\u00e1 enojada y quiere respuestas&#8221;\"}]},{\"@type\":\"WebSite\",\"@id\":\"https:\/\/radioinfinitagoya.com.ar\/v1\/#website\",\"url\":\"https:\/\/radioinfinitagoya.com.ar\/v1\/\",\"name\":\"radioinfinitagoya.com.ar\",\"description\":\"Radio de noticias\",\"publisher\":{\"@id\":\"https:\/\/radioinfinitagoya.com.ar\/v1\/#organization\"},\"potentialAction\":[{\"@type\":\"SearchAction\",\"target\":{\"@type\":\"EntryPoint\",\"urlTemplate\":\"https:\/\/radioinfinitagoya.com.ar\/v1\/?s={search_term_string}\"},\"query-input\":{\"@type\":\"PropertyValueSpecification\",\"valueRequired\":true,\"valueName\":\"search_term_string\"}}],\"inLanguage\":\"es-AR\"},{\"@type\":\"Organization\",\"@id\":\"https:\/\/radioinfinitagoya.com.ar\/v1\/#organization\",\"name\":\"Radio Infinita Goya\",\"url\":\"https:\/\/radioinfinitagoya.com.ar\/v1\/\",\"logo\":{\"@type\":\"ImageObject\",\"inLanguage\":\"es-AR\",\"@id\":\"https:\/\/radioinfinitagoya.com.ar\/v1\/#\/schema\/logo\/image\/\",\"url\":\"https:\/\/radioinfinitagoya.com.ar\/v1\/wp-content\/uploads\/2019\/11\/logo-pie-web.png\",\"contentUrl\":\"https:\/\/radioinfinitagoya.com.ar\/v1\/wp-content\/uploads\/2019\/11\/logo-pie-web.png\",\"width\":635,\"height\":326,\"caption\":\"Radio Infinita Goya\"},\"image\":{\"@id\":\"https:\/\/radioinfinitagoya.com.ar\/v1\/#\/schema\/logo\/image\/\"},\"sameAs\":[\"https:\/\/www.facebook.com\/p\/Infinita-Goya-100063870918311\/\"]},{\"@type\":\"Person\",\"@id\":\"https:\/\/radioinfinitagoya.com.ar\/v1\/#\/schema\/person\/d4cf9c413d4f6edb24aabdccab49ca4a\",\"name\":\"Jorge Mi\u00f1o\",\"image\":{\"@type\":\"ImageObject\",\"inLanguage\":\"es-AR\",\"@id\":\"https:\/\/secure.gravatar.com\/avatar\/910fcf6728fe95320e07a6643c1581fec1c7fc4bf8ae12e3d8f0d0373dc844be?s=96&d=mm&r=g\",\"url\":\"https:\/\/secure.gravatar.com\/avatar\/910fcf6728fe95320e07a6643c1581fec1c7fc4bf8ae12e3d8f0d0373dc844be?s=96&d=mm&r=g\",\"contentUrl\":\"https:\/\/secure.gravatar.com\/avatar\/910fcf6728fe95320e07a6643c1581fec1c7fc4bf8ae12e3d8f0d0373dc844be?s=96&d=mm&r=g\",\"caption\":\"Jorge Mi\u00f1o\"},\"sameAs\":[\"http:\/\/radioinfinitagoya.com.ar\"]}]}<\/script>\n<!-- \/ Yoast SEO plugin. -->","yoast_head_json":{"title":"Loan: la abogada querellante dijo que la familia \"est\u00e1 enojada y quiere respuestas\" - Radio Infinita Goya","description":"Respecto al comienzo del juicio, Bel\u00e9n Russo Cornara habl\u00f3 con El Litortal y afirm\u00f3 que buscan \"que inicie ya\" para saber qu\u00e9 pas\u00f3 con el ni\u00f1o. A la","robots":{"index":"index","follow":"follow","max-snippet":"max-snippet:-1","max-image-preview":"max-image-preview:large","max-video-preview":"max-video-preview:-1"},"canonical":"https:\/\/radioinfinitagoya.com.ar\/v1\/2026\/03\/12\/loan-la-abogada-querellante-dijo-que-la-familia-esta-enojada-y-quiere-respuestas\/","og_locale":"es_ES","og_type":"article","og_title":"Loan: la abogada querellante dijo que la familia \"est\u00e1 enojada y quiere respuestas\" - Radio Infinita Goya","og_description":"Respecto al comienzo del juicio, Bel\u00e9n Russo Cornara habl\u00f3 con El Litortal y afirm\u00f3 que buscan \"que inicie ya\" para saber qu\u00e9 pas\u00f3 con el ni\u00f1o. A la","og_url":"https:\/\/radioinfinitagoya.com.ar\/v1\/2026\/03\/12\/loan-la-abogada-querellante-dijo-que-la-familia-esta-enojada-y-quiere-respuestas\/","og_site_name":"Radio Infinita Goya","article_publisher":"https:\/\/www.facebook.com\/p\/Infinita-Goya-100063870918311\/","article_published_time":"2026-03-12T19:16:15+00:00","og_image":[{"width":1200,"height":675,"url":"https:\/\/radioinfinitagoya.com.ar\/v1\/wp-content\/uploads\/2026\/03\/1773326678845.webp","type":"image\/webp"}],"author":"Jorge Mi\u00f1o","twitter_card":"summary_large_image","twitter_misc":{"Escrito por":"Jorge Mi\u00f1o","Tiempo de lectura":"2 minutos"},"schema":{"@context":"https:\/\/schema.org","@graph":[{"@type":"Article","@id":"https:\/\/radioinfinitagoya.com.ar\/v1\/2026\/03\/12\/loan-la-abogada-querellante-dijo-que-la-familia-esta-enojada-y-quiere-respuestas\/#article","isPartOf":{"@id":"https:\/\/radioinfinitagoya.com.ar\/v1\/2026\/03\/12\/loan-la-abogada-querellante-dijo-que-la-familia-esta-enojada-y-quiere-respuestas\/"},"author":{"name":"Jorge Mi\u00f1o","@id":"https:\/\/radioinfinitagoya.com.ar\/v1\/#\/schema\/person\/d4cf9c413d4f6edb24aabdccab49ca4a"},"headline":"Loan: la abogada querellante dijo que la familia &#8220;est\u00e1 enojada y quiere respuestas&#8221;","datePublished":"2026-03-12T19:16:15+00:00","mainEntityOfPage":{"@id":"https:\/\/radioinfinitagoya.com.ar\/v1\/2026\/03\/12\/loan-la-abogada-querellante-dijo-que-la-familia-esta-enojada-y-quiere-respuestas\/"},"wordCount":329,"commentCount":0,"publisher":{"@id":"https:\/\/radioinfinitagoya.com.ar\/v1\/#organization"},"image":{"@id":"https:\/\/radioinfinitagoya.com.ar\/v1\/2026\/03\/12\/loan-la-abogada-querellante-dijo-que-la-familia-esta-enojada-y-quiere-respuestas\/#primaryimage"},"thumbnailUrl":"https:\/\/radioinfinitagoya.com.ar\/v1\/wp-content\/uploads\/2026\/03\/1773326678845.webp","articleSection":["PROVINCIALES"],"inLanguage":"es-AR","potentialAction":[{"@type":"CommentAction","name":"Comment","target":["https:\/\/radioinfinitagoya.com.ar\/v1\/2026\/03\/12\/loan-la-abogada-querellante-dijo-que-la-familia-esta-enojada-y-quiere-respuestas\/#respond"]}]},{"@type":"WebPage","@id":"https:\/\/radioinfinitagoya.com.ar\/v1\/2026\/03\/12\/loan-la-abogada-querellante-dijo-que-la-familia-esta-enojada-y-quiere-respuestas\/","url":"https:\/\/radioinfinitagoya.com.ar\/v1\/2026\/03\/12\/loan-la-abogada-querellante-dijo-que-la-familia-esta-enojada-y-quiere-respuestas\/","name":"Loan: la abogada querellante dijo que la familia \"est\u00e1 enojada y quiere respuestas\" - Radio Infinita Goya","isPartOf":{"@id":"https:\/\/radioinfinitagoya.com.ar\/v1\/#website"},"primaryImageOfPage":{"@id":"https:\/\/radioinfinitagoya.com.ar\/v1\/2026\/03\/12\/loan-la-abogada-querellante-dijo-que-la-familia-esta-enojada-y-quiere-respuestas\/#primaryimage"},"image":{"@id":"https:\/\/radioinfinitagoya.com.ar\/v1\/2026\/03\/12\/loan-la-abogada-querellante-dijo-que-la-familia-esta-enojada-y-quiere-respuestas\/#primaryimage"},"thumbnailUrl":"https:\/\/radioinfinitagoya.com.ar\/v1\/wp-content\/uploads\/2026\/03\/1773326678845.webp","datePublished":"2026-03-12T19:16:15+00:00","description":"Respecto al comienzo del juicio, Bel\u00e9n Russo Cornara habl\u00f3 con El Litortal y afirm\u00f3 que buscan \"que inicie ya\" para saber qu\u00e9 pas\u00f3 con el ni\u00f1o. A la","breadcrumb":{"@id":"https:\/\/radioinfinitagoya.com.ar\/v1\/2026\/03\/12\/loan-la-abogada-querellante-dijo-que-la-familia-esta-enojada-y-quiere-respuestas\/#breadcrumb"},"inLanguage":"es-AR","potentialAction":[{"@type":"ReadAction","target":["https:\/\/radioinfinitagoya.com.ar\/v1\/2026\/03\/12\/loan-la-abogada-querellante-dijo-que-la-familia-esta-enojada-y-quiere-respuestas\/"]}]},{"@type":"ImageObject","inLanguage":"es-AR","@id":"https:\/\/radioinfinitagoya.com.ar\/v1\/2026\/03\/12\/loan-la-abogada-querellante-dijo-que-la-familia-esta-enojada-y-quiere-respuestas\/#primaryimage","url":"https:\/\/radioinfinitagoya.com.ar\/v1\/wp-content\/uploads\/2026\/03\/1773326678845.webp","contentUrl":"https:\/\/radioinfinitagoya.com.ar\/v1\/wp-content\/uploads\/2026\/03\/1773326678845.webp","width":1200,"height":675},{"@type":"BreadcrumbList","@id":"https:\/\/radioinfinitagoya.com.ar\/v1\/2026\/03\/12\/loan-la-abogada-querellante-dijo-que-la-familia-esta-enojada-y-quiere-respuestas\/#breadcrumb","itemListElement":[{"@type":"ListItem","position":1,"name":"Inicio","item":"https:\/\/radioinfinitagoya.com.ar\/v1\/"},{"@type":"ListItem","position":2,"name":"Loan: la abogada querellante dijo que la familia &#8220;est\u00e1 enojada y quiere respuestas&#8221;"}]},{"@type":"WebSite","@id":"https:\/\/radioinfinitagoya.com.ar\/v1\/#website","url":"https:\/\/radioinfinitagoya.com.ar\/v1\/","name":"radioinfinitagoya.com.ar","description":"Radio de noticias","publisher":{"@id":"https:\/\/radioinfinitagoya.com.ar\/v1\/#organization"},"potentialAction":[{"@type":"SearchAction","target":{"@type":"EntryPoint","urlTemplate":"https:\/\/radioinfinitagoya.com.ar\/v1\/?s={search_term_string}"},"query-input":{"@type":"PropertyValueSpecification","valueRequired":true,"valueName":"search_term_string"}}],"inLanguage":"es-AR"},{"@type":"Organization","@id":"https:\/\/radioinfinitagoya.com.ar\/v1\/#organization","name":"Radio Infinita Goya","url":"https:\/\/radioinfinitagoya.com.ar\/v1\/","logo":{"@type":"ImageObject","inLanguage":"es-AR","@id":"https:\/\/radioinfinitagoya.com.ar\/v1\/#\/schema\/logo\/image\/","url":"https:\/\/radioinfinitagoya.com.ar\/v1\/wp-content\/uploads\/2019\/11\/logo-pie-web.png","contentUrl":"https:\/\/radioinfinitagoya.com.ar\/v1\/wp-content\/uploads\/2019\/11\/logo-pie-web.png","width":635,"height":326,"caption":"Radio Infinita Goya"},"image":{"@id":"https:\/\/radioinfinitagoya.com.ar\/v1\/#\/schema\/logo\/image\/"},"sameAs":["https:\/\/www.facebook.com\/p\/Infinita-Goya-100063870918311\/"]},{"@type":"Person","@id":"https:\/\/radioinfinitagoya.com.ar\/v1\/#\/schema\/person\/d4cf9c413d4f6edb24aabdccab49ca4a","name":"Jorge Mi\u00f1o","image":{"@type":"ImageObject","inLanguage":"es-AR","@id":"https:\/\/secure.gravatar.com\/avatar\/910fcf6728fe95320e07a6643c1581fec1c7fc4bf8ae12e3d8f0d0373dc844be?s=96&d=mm&r=g","url":"https:\/\/secure.gravatar.com\/avatar\/910fcf6728fe95320e07a6643c1581fec1c7fc4bf8ae12e3d8f0d0373dc844be?s=96&d=mm&r=g","contentUrl":"https:\/\/secure.gravatar.com\/avatar\/910fcf6728fe95320e07a6643c1581fec1c7fc4bf8ae12e3d8f0d0373dc844be?s=96&d=mm&r=g","caption":"Jorge Mi\u00f1o"},"sameAs":["http:\/\/radioinfinitagoya.com.ar"]}]}},"_links":{"self":[{"href":"https:\/\/radioinfinitagoya.com.ar\/v1\/wp-json\/wp\/v2\/posts\/210081","targetHints":{"allow":["GET"]}}],"collection":[{"href":"https:\/\/radioinfinitagoya.com.ar\/v1\/wp-json\/wp\/v2\/posts"}],"about":[{"href":"https:\/\/radioinfinitagoya.com.ar\/v1\/wp-json\/wp\/v2\/types\/post"}],"author":[{"embeddable":true,"href":"https:\/\/radioinfinitagoya.com.ar\/v1\/wp-json\/wp\/v2\/users\/4"}],"replies":[{"embeddable":true,"href":"https:\/\/radioinfinitagoya.com.ar\/v1\/wp-json\/wp\/v2\/comments?post=210081"}],"version-history":[{"count":0,"href":"https:\/\/radioinfinitagoya.com.ar\/v1\/wp-json\/wp\/v2\/posts\/210081\/revisions"}],"wp:featuredmedia":[{"embeddable":true,"href":"https:\/\/radioinfinitagoya.com.ar\/v1\/wp-json\/wp\/v2\/media\/210082"}],"wp:attachment":[{"href":"https:\/\/radioinfinitagoya.com.ar\/v1\/wp-json\/wp\/v2\/media?parent=210081"}],"wp:term":[{"taxonomy":"category","embeddable":true,"href":"https:\/\/radioinfinitagoya.com.ar\/v1\/wp-json\/wp\/v2\/categories?post=210081"},{"taxonomy":"post_tag","embeddable":true,"href":"https:\/\/radioinfinitagoya.com.ar\/v1\/wp-json\/wp\/v2\/tags?post=210081"}],"curies":[{"name":"wp","href":"https:\/\/api.w.org\/{rel}","templated":true}]}}