{"id":210084,"date":"2026-03-12T16:19:20","date_gmt":"2026-03-12T19:19:20","guid":{"rendered":"https:\/\/radioinfinitagoya.com.ar\/v1\/?p=210084"},"modified":"2026-03-12T16:19:20","modified_gmt":"2026-03-12T19:19:20","slug":"gustavo-valdes-le-reclamo-al-gobierno-nacional-defender-la-mano-de-obra-argentina","status":"publish","type":"post","link":"https:\/\/radioinfinitagoya.com.ar\/v1\/2026\/03\/12\/gustavo-valdes-le-reclamo-al-gobierno-nacional-defender-la-mano-de-obra-argentina\/","title":{"rendered":"Gustavo Vald\u00e9s le reclam\u00f3 al Gobierno nacional defender la mano de obra argentina"},"content":{"rendered":"<p>El senador por Corrientes advirti\u00f3 sobre el impacto de la apertura de importaciones en algunos sectores y pidi\u00f3 medidas orientadas a la producci\u00f3n.<\/p>\n<p>El senador por la provincia de Corrientes, Gustavo Vald\u00e9s, reclam\u00f3 al Gobierno nacional una pol\u00edtica econ\u00f3mica que priorice la producci\u00f3n y proteja el empleo local. El exgobernador habl\u00f3 con la prensa en la sede de la UCR local, previo a un encuentro por el D\u00eda del Militante Radical<\/p>\n<p>&#8220;Al Gobierno nacional se le reclama una pol\u00edtica m\u00e1s orientada a la producci\u00f3n y a defender la mano de obra argentina\u201d, sostuvo antes de ingresar a la reuni\u00f3n partidaria.<\/p>\n<p>Durante su contacto con la prensa, el exgobernador se\u00f1al\u00f3 que mantiene una postura respetuosa hacia la gesti\u00f3n del presidente Javier Milei, aunque aclar\u00f3 que no coincide con todas las medidas. \u201cHay cuestiones que ideol\u00f3gicamente no acompa\u00f1o\u201d, expres\u00f3.<\/p>\n<p>Reforma laboral y apertura de las importaciones<\/p>\n<p>&#8220;El tema de la reforma laboral es algo que nosotros desde hace tiempo busc\u00e1bamos, pero siempre dijimos que hab\u00eda que hacerlo con consenso\u201d, indic\u00f3.<\/p>\n<p>Respecto a la pol\u00edtica comercial, manifest\u00f3 dudas por el impacto en algunos \u00e1mbitos productivos. \u201cLa apertura de las importaciones depende de qu\u00e9 sector se trate. Estamos preocupados por el textil a causa de la invasi\u00f3n de producci\u00f3n importada\u201d, afirm\u00f3.<\/p>\n<p>Vald\u00e9s insisti\u00f3 en que Argentina necesita medidas que respalden el trabajo local. \u201cNo conozco un pa\u00eds que abra indiscriminadamente sus fronteras. Si no tenemos la capacidad de defender la mano de obra, va a ser dif\u00edcil\u201d, analiz\u00f3.<\/p>\n","protected":false},"excerpt":{"rendered":"<p>El senador por Corrientes advirti\u00f3 sobre el impacto de la apertura de importaciones en algunos sectores y pidi\u00f3 medidas orientadas a la producci\u00f3n. El senador por la provincia de Corrientes, Gustavo Vald\u00e9s, reclam\u00f3 al Gobierno nacional una pol\u00edtica econ\u00f3mica que priorice la producci\u00f3n y proteja el empleo local. El exgobernador habl\u00f3 con la prensa en [&hellip;]<\/p>\n","protected":false},"author":4,"featured_media":210085,"comment_status":"open","ping_status":"open","sticky":false,"template":"","format":"standard","meta":{"_joinchat":[],"footnotes":""},"categories":[31],"tags":[],"class_list":{"0":"post-210084","1":"post","2":"type-post","3":"status-publish","4":"format-standard","5":"has-post-thumbnail","7":"category-informacion-general"},"yoast_head":"<!-- This site is optimized with the Yoast SEO plugin v27.2 - https:\/\/yoast.com\/product\/yoast-seo-wordpress\/ -->\n<title>Gustavo Vald\u00e9s le reclam\u00f3 al Gobierno nacional defender la mano de obra argentina - Radio Infinita Goya<\/title>\n<meta name=\"description\" content=\"El senador por Corrientes advirti\u00f3 sobre el impacto de la apertura de importaciones en algunos sectores y pidi\u00f3 medidas orientadas a la producci\u00f3n. El\" \/>\n<meta name=\"robots\" content=\"index, follow, max-snippet:-1, max-image-preview:large, max-video-preview:-1\" \/>\n<link rel=\"canonical\" href=\"https:\/\/radioinfinitagoya.com.ar\/v1\/2026\/03\/12\/gustavo-valdes-le-reclamo-al-gobierno-nacional-defender-la-mano-de-obra-argentina\/\" \/>\n<meta property=\"og:locale\" content=\"es_ES\" \/>\n<meta property=\"og:type\" content=\"article\" \/>\n<meta property=\"og:title\" content=\"Gustavo Vald\u00e9s le reclam\u00f3 al Gobierno nacional defender la mano de obra argentina - Radio Infinita Goya\" \/>\n<meta property=\"og:description\" content=\"El senador por Corrientes advirti\u00f3 sobre el impacto de la apertura de importaciones en algunos sectores y pidi\u00f3 medidas orientadas a la producci\u00f3n. El\" \/>\n<meta property=\"og:url\" content=\"https:\/\/radioinfinitagoya.com.ar\/v1\/2026\/03\/12\/gustavo-valdes-le-reclamo-al-gobierno-nacional-defender-la-mano-de-obra-argentina\/\" \/>\n<meta property=\"og:site_name\" content=\"Radio Infinita Goya\" \/>\n<meta property=\"article:publisher\" content=\"https:\/\/www.facebook.com\/p\/Infinita-Goya-100063870918311\/\" \/>\n<meta property=\"article:published_time\" content=\"2026-03-12T19:19:20+00:00\" \/>\n<meta property=\"og:image\" content=\"https:\/\/radioinfinitagoya.com.ar\/v1\/wp-content\/uploads\/2026\/03\/HCqLFfMXsAECzH0.jpg\" \/>\n\t<meta property=\"og:image:width\" content=\"680\" \/>\n\t<meta property=\"og:image:height\" content=\"454\" \/>\n\t<meta property=\"og:image:type\" content=\"image\/jpeg\" \/>\n<meta name=\"author\" content=\"Jorge Mi\u00f1o\" \/>\n<meta name=\"twitter:card\" content=\"summary_large_image\" \/>\n<meta name=\"twitter:label1\" content=\"Escrito por\" \/>\n\t<meta name=\"twitter:data1\" content=\"Jorge Mi\u00f1o\" \/>\n\t<meta name=\"twitter:label2\" content=\"Tiempo de lectura\" \/>\n\t<meta name=\"twitter:data2\" content=\"2 minutos\" \/>\n<script type=\"application\/ld+json\" class=\"yoast-schema-graph\">{\"@context\":\"https:\/\/schema.org\",\"@graph\":[{\"@type\":\"Article\",\"@id\":\"https:\/\/radioinfinitagoya.com.ar\/v1\/2026\/03\/12\/gustavo-valdes-le-reclamo-al-gobierno-nacional-defender-la-mano-de-obra-argentina\/#article\",\"isPartOf\":{\"@id\":\"https:\/\/radioinfinitagoya.com.ar\/v1\/2026\/03\/12\/gustavo-valdes-le-reclamo-al-gobierno-nacional-defender-la-mano-de-obra-argentina\/\"},\"author\":{\"name\":\"Jorge Mi\u00f1o\",\"@id\":\"https:\/\/radioinfinitagoya.com.ar\/v1\/#\/schema\/person\/d4cf9c413d4f6edb24aabdccab49ca4a\"},\"headline\":\"Gustavo Vald\u00e9s le reclam\u00f3 al Gobierno nacional defender la mano de obra argentina\",\"datePublished\":\"2026-03-12T19:19:20+00:00\",\"mainEntityOfPage\":{\"@id\":\"https:\/\/radioinfinitagoya.com.ar\/v1\/2026\/03\/12\/gustavo-valdes-le-reclamo-al-gobierno-nacional-defender-la-mano-de-obra-argentina\/\"},\"wordCount\":280,\"commentCount\":0,\"publisher\":{\"@id\":\"https:\/\/radioinfinitagoya.com.ar\/v1\/#organization\"},\"image\":{\"@id\":\"https:\/\/radioinfinitagoya.com.ar\/v1\/2026\/03\/12\/gustavo-valdes-le-reclamo-al-gobierno-nacional-defender-la-mano-de-obra-argentina\/#primaryimage\"},\"thumbnailUrl\":\"https:\/\/radioinfinitagoya.com.ar\/v1\/wp-content\/uploads\/2026\/03\/HCqLFfMXsAECzH0.jpg\",\"articleSection\":[\"INFORMACI\u00d3N GENERAL\"],\"inLanguage\":\"es-AR\",\"potentialAction\":[{\"@type\":\"CommentAction\",\"name\":\"Comment\",\"target\":[\"https:\/\/radioinfinitagoya.com.ar\/v1\/2026\/03\/12\/gustavo-valdes-le-reclamo-al-gobierno-nacional-defender-la-mano-de-obra-argentina\/#respond\"]}]},{\"@type\":\"WebPage\",\"@id\":\"https:\/\/radioinfinitagoya.com.ar\/v1\/2026\/03\/12\/gustavo-valdes-le-reclamo-al-gobierno-nacional-defender-la-mano-de-obra-argentina\/\",\"url\":\"https:\/\/radioinfinitagoya.com.ar\/v1\/2026\/03\/12\/gustavo-valdes-le-reclamo-al-gobierno-nacional-defender-la-mano-de-obra-argentina\/\",\"name\":\"Gustavo Vald\u00e9s le reclam\u00f3 al Gobierno nacional defender la mano de obra argentina - Radio Infinita Goya\",\"isPartOf\":{\"@id\":\"https:\/\/radioinfinitagoya.com.ar\/v1\/#website\"},\"primaryImageOfPage\":{\"@id\":\"https:\/\/radioinfinitagoya.com.ar\/v1\/2026\/03\/12\/gustavo-valdes-le-reclamo-al-gobierno-nacional-defender-la-mano-de-obra-argentina\/#primaryimage\"},\"image\":{\"@id\":\"https:\/\/radioinfinitagoya.com.ar\/v1\/2026\/03\/12\/gustavo-valdes-le-reclamo-al-gobierno-nacional-defender-la-mano-de-obra-argentina\/#primaryimage\"},\"thumbnailUrl\":\"https:\/\/radioinfinitagoya.com.ar\/v1\/wp-content\/uploads\/2026\/03\/HCqLFfMXsAECzH0.jpg\",\"datePublished\":\"2026-03-12T19:19:20+00:00\",\"description\":\"El senador por Corrientes advirti\u00f3 sobre el impacto de la apertura de importaciones en algunos sectores y pidi\u00f3 medidas orientadas a la producci\u00f3n. El\",\"breadcrumb\":{\"@id\":\"https:\/\/radioinfinitagoya.com.ar\/v1\/2026\/03\/12\/gustavo-valdes-le-reclamo-al-gobierno-nacional-defender-la-mano-de-obra-argentina\/#breadcrumb\"},\"inLanguage\":\"es-AR\",\"potentialAction\":[{\"@type\":\"ReadAction\",\"target\":[\"https:\/\/radioinfinitagoya.com.ar\/v1\/2026\/03\/12\/gustavo-valdes-le-reclamo-al-gobierno-nacional-defender-la-mano-de-obra-argentina\/\"]}]},{\"@type\":\"ImageObject\",\"inLanguage\":\"es-AR\",\"@id\":\"https:\/\/radioinfinitagoya.com.ar\/v1\/2026\/03\/12\/gustavo-valdes-le-reclamo-al-gobierno-nacional-defender-la-mano-de-obra-argentina\/#primaryimage\",\"url\":\"https:\/\/radioinfinitagoya.com.ar\/v1\/wp-content\/uploads\/2026\/03\/HCqLFfMXsAECzH0.jpg\",\"contentUrl\":\"https:\/\/radioinfinitagoya.com.ar\/v1\/wp-content\/uploads\/2026\/03\/HCqLFfMXsAECzH0.jpg\",\"width\":680,\"height\":454},{\"@type\":\"BreadcrumbList\",\"@id\":\"https:\/\/radioinfinitagoya.com.ar\/v1\/2026\/03\/12\/gustavo-valdes-le-reclamo-al-gobierno-nacional-defender-la-mano-de-obra-argentina\/#breadcrumb\",\"itemListElement\":[{\"@type\":\"ListItem\",\"position\":1,\"name\":\"Inicio\",\"item\":\"https:\/\/radioinfinitagoya.com.ar\/v1\/\"},{\"@type\":\"ListItem\",\"position\":2,\"name\":\"Gustavo Vald\u00e9s le reclam\u00f3 al Gobierno nacional defender la mano de obra argentina\"}]},{\"@type\":\"WebSite\",\"@id\":\"https:\/\/radioinfinitagoya.com.ar\/v1\/#website\",\"url\":\"https:\/\/radioinfinitagoya.com.ar\/v1\/\",\"name\":\"radioinfinitagoya.com.ar\",\"description\":\"Radio de noticias\",\"publisher\":{\"@id\":\"https:\/\/radioinfinitagoya.com.ar\/v1\/#organization\"},\"potentialAction\":[{\"@type\":\"SearchAction\",\"target\":{\"@type\":\"EntryPoint\",\"urlTemplate\":\"https:\/\/radioinfinitagoya.com.ar\/v1\/?s={search_term_string}\"},\"query-input\":{\"@type\":\"PropertyValueSpecification\",\"valueRequired\":true,\"valueName\":\"search_term_string\"}}],\"inLanguage\":\"es-AR\"},{\"@type\":\"Organization\",\"@id\":\"https:\/\/radioinfinitagoya.com.ar\/v1\/#organization\",\"name\":\"Radio Infinita Goya\",\"url\":\"https:\/\/radioinfinitagoya.com.ar\/v1\/\",\"logo\":{\"@type\":\"ImageObject\",\"inLanguage\":\"es-AR\",\"@id\":\"https:\/\/radioinfinitagoya.com.ar\/v1\/#\/schema\/logo\/image\/\",\"url\":\"https:\/\/radioinfinitagoya.com.ar\/v1\/wp-content\/uploads\/2019\/11\/logo-pie-web.png\",\"contentUrl\":\"https:\/\/radioinfinitagoya.com.ar\/v1\/wp-content\/uploads\/2019\/11\/logo-pie-web.png\",\"width\":635,\"height\":326,\"caption\":\"Radio Infinita Goya\"},\"image\":{\"@id\":\"https:\/\/radioinfinitagoya.com.ar\/v1\/#\/schema\/logo\/image\/\"},\"sameAs\":[\"https:\/\/www.facebook.com\/p\/Infinita-Goya-100063870918311\/\"]},{\"@type\":\"Person\",\"@id\":\"https:\/\/radioinfinitagoya.com.ar\/v1\/#\/schema\/person\/d4cf9c413d4f6edb24aabdccab49ca4a\",\"name\":\"Jorge Mi\u00f1o\",\"image\":{\"@type\":\"ImageObject\",\"inLanguage\":\"es-AR\",\"@id\":\"https:\/\/secure.gravatar.com\/avatar\/910fcf6728fe95320e07a6643c1581fec1c7fc4bf8ae12e3d8f0d0373dc844be?s=96&d=mm&r=g\",\"url\":\"https:\/\/secure.gravatar.com\/avatar\/910fcf6728fe95320e07a6643c1581fec1c7fc4bf8ae12e3d8f0d0373dc844be?s=96&d=mm&r=g\",\"contentUrl\":\"https:\/\/secure.gravatar.com\/avatar\/910fcf6728fe95320e07a6643c1581fec1c7fc4bf8ae12e3d8f0d0373dc844be?s=96&d=mm&r=g\",\"caption\":\"Jorge Mi\u00f1o\"},\"sameAs\":[\"http:\/\/radioinfinitagoya.com.ar\"]}]}<\/script>\n<!-- \/ Yoast SEO plugin. -->","yoast_head_json":{"title":"Gustavo Vald\u00e9s le reclam\u00f3 al Gobierno nacional defender la mano de obra argentina - Radio Infinita Goya","description":"El senador por Corrientes advirti\u00f3 sobre el impacto de la apertura de importaciones en algunos sectores y pidi\u00f3 medidas orientadas a la producci\u00f3n. El","robots":{"index":"index","follow":"follow","max-snippet":"max-snippet:-1","max-image-preview":"max-image-preview:large","max-video-preview":"max-video-preview:-1"},"canonical":"https:\/\/radioinfinitagoya.com.ar\/v1\/2026\/03\/12\/gustavo-valdes-le-reclamo-al-gobierno-nacional-defender-la-mano-de-obra-argentina\/","og_locale":"es_ES","og_type":"article","og_title":"Gustavo Vald\u00e9s le reclam\u00f3 al Gobierno nacional defender la mano de obra argentina - Radio Infinita Goya","og_description":"El senador por Corrientes advirti\u00f3 sobre el impacto de la apertura de importaciones en algunos sectores y pidi\u00f3 medidas orientadas a la producci\u00f3n. El","og_url":"https:\/\/radioinfinitagoya.com.ar\/v1\/2026\/03\/12\/gustavo-valdes-le-reclamo-al-gobierno-nacional-defender-la-mano-de-obra-argentina\/","og_site_name":"Radio Infinita Goya","article_publisher":"https:\/\/www.facebook.com\/p\/Infinita-Goya-100063870918311\/","article_published_time":"2026-03-12T19:19:20+00:00","og_image":[{"width":680,"height":454,"url":"https:\/\/radioinfinitagoya.com.ar\/v1\/wp-content\/uploads\/2026\/03\/HCqLFfMXsAECzH0.jpg","type":"image\/jpeg"}],"author":"Jorge Mi\u00f1o","twitter_card":"summary_large_image","twitter_misc":{"Escrito por":"Jorge Mi\u00f1o","Tiempo de lectura":"2 minutos"},"schema":{"@context":"https:\/\/schema.org","@graph":[{"@type":"Article","@id":"https:\/\/radioinfinitagoya.com.ar\/v1\/2026\/03\/12\/gustavo-valdes-le-reclamo-al-gobierno-nacional-defender-la-mano-de-obra-argentina\/#article","isPartOf":{"@id":"https:\/\/radioinfinitagoya.com.ar\/v1\/2026\/03\/12\/gustavo-valdes-le-reclamo-al-gobierno-nacional-defender-la-mano-de-obra-argentina\/"},"author":{"name":"Jorge Mi\u00f1o","@id":"https:\/\/radioinfinitagoya.com.ar\/v1\/#\/schema\/person\/d4cf9c413d4f6edb24aabdccab49ca4a"},"headline":"Gustavo Vald\u00e9s le reclam\u00f3 al Gobierno nacional defender la mano de obra argentina","datePublished":"2026-03-12T19:19:20+00:00","mainEntityOfPage":{"@id":"https:\/\/radioinfinitagoya.com.ar\/v1\/2026\/03\/12\/gustavo-valdes-le-reclamo-al-gobierno-nacional-defender-la-mano-de-obra-argentina\/"},"wordCount":280,"commentCount":0,"publisher":{"@id":"https:\/\/radioinfinitagoya.com.ar\/v1\/#organization"},"image":{"@id":"https:\/\/radioinfinitagoya.com.ar\/v1\/2026\/03\/12\/gustavo-valdes-le-reclamo-al-gobierno-nacional-defender-la-mano-de-obra-argentina\/#primaryimage"},"thumbnailUrl":"https:\/\/radioinfinitagoya.com.ar\/v1\/wp-content\/uploads\/2026\/03\/HCqLFfMXsAECzH0.jpg","articleSection":["INFORMACI\u00d3N GENERAL"],"inLanguage":"es-AR","potentialAction":[{"@type":"CommentAction","name":"Comment","target":["https:\/\/radioinfinitagoya.com.ar\/v1\/2026\/03\/12\/gustavo-valdes-le-reclamo-al-gobierno-nacional-defender-la-mano-de-obra-argentina\/#respond"]}]},{"@type":"WebPage","@id":"https:\/\/radioinfinitagoya.com.ar\/v1\/2026\/03\/12\/gustavo-valdes-le-reclamo-al-gobierno-nacional-defender-la-mano-de-obra-argentina\/","url":"https:\/\/radioinfinitagoya.com.ar\/v1\/2026\/03\/12\/gustavo-valdes-le-reclamo-al-gobierno-nacional-defender-la-mano-de-obra-argentina\/","name":"Gustavo Vald\u00e9s le reclam\u00f3 al Gobierno nacional defender la mano de obra argentina - Radio Infinita Goya","isPartOf":{"@id":"https:\/\/radioinfinitagoya.com.ar\/v1\/#website"},"primaryImageOfPage":{"@id":"https:\/\/radioinfinitagoya.com.ar\/v1\/2026\/03\/12\/gustavo-valdes-le-reclamo-al-gobierno-nacional-defender-la-mano-de-obra-argentina\/#primaryimage"},"image":{"@id":"https:\/\/radioinfinitagoya.com.ar\/v1\/2026\/03\/12\/gustavo-valdes-le-reclamo-al-gobierno-nacional-defender-la-mano-de-obra-argentina\/#primaryimage"},"thumbnailUrl":"https:\/\/radioinfinitagoya.com.ar\/v1\/wp-content\/uploads\/2026\/03\/HCqLFfMXsAECzH0.jpg","datePublished":"2026-03-12T19:19:20+00:00","description":"El senador por Corrientes advirti\u00f3 sobre el impacto de la apertura de importaciones en algunos sectores y pidi\u00f3 medidas orientadas a la producci\u00f3n. El","breadcrumb":{"@id":"https:\/\/radioinfinitagoya.com.ar\/v1\/2026\/03\/12\/gustavo-valdes-le-reclamo-al-gobierno-nacional-defender-la-mano-de-obra-argentina\/#breadcrumb"},"inLanguage":"es-AR","potentialAction":[{"@type":"ReadAction","target":["https:\/\/radioinfinitagoya.com.ar\/v1\/2026\/03\/12\/gustavo-valdes-le-reclamo-al-gobierno-nacional-defender-la-mano-de-obra-argentina\/"]}]},{"@type":"ImageObject","inLanguage":"es-AR","@id":"https:\/\/radioinfinitagoya.com.ar\/v1\/2026\/03\/12\/gustavo-valdes-le-reclamo-al-gobierno-nacional-defender-la-mano-de-obra-argentina\/#primaryimage","url":"https:\/\/radioinfinitagoya.com.ar\/v1\/wp-content\/uploads\/2026\/03\/HCqLFfMXsAECzH0.jpg","contentUrl":"https:\/\/radioinfinitagoya.com.ar\/v1\/wp-content\/uploads\/2026\/03\/HCqLFfMXsAECzH0.jpg","width":680,"height":454},{"@type":"BreadcrumbList","@id":"https:\/\/radioinfinitagoya.com.ar\/v1\/2026\/03\/12\/gustavo-valdes-le-reclamo-al-gobierno-nacional-defender-la-mano-de-obra-argentina\/#breadcrumb","itemListElement":[{"@type":"ListItem","position":1,"name":"Inicio","item":"https:\/\/radioinfinitagoya.com.ar\/v1\/"},{"@type":"ListItem","position":2,"name":"Gustavo Vald\u00e9s le reclam\u00f3 al Gobierno nacional defender la mano de obra argentina"}]},{"@type":"WebSite","@id":"https:\/\/radioinfinitagoya.com.ar\/v1\/#website","url":"https:\/\/radioinfinitagoya.com.ar\/v1\/","name":"radioinfinitagoya.com.ar","description":"Radio de noticias","publisher":{"@id":"https:\/\/radioinfinitagoya.com.ar\/v1\/#organization"},"potentialAction":[{"@type":"SearchAction","target":{"@type":"EntryPoint","urlTemplate":"https:\/\/radioinfinitagoya.com.ar\/v1\/?s={search_term_string}"},"query-input":{"@type":"PropertyValueSpecification","valueRequired":true,"valueName":"search_term_string"}}],"inLanguage":"es-AR"},{"@type":"Organization","@id":"https:\/\/radioinfinitagoya.com.ar\/v1\/#organization","name":"Radio Infinita Goya","url":"https:\/\/radioinfinitagoya.com.ar\/v1\/","logo":{"@type":"ImageObject","inLanguage":"es-AR","@id":"https:\/\/radioinfinitagoya.com.ar\/v1\/#\/schema\/logo\/image\/","url":"https:\/\/radioinfinitagoya.com.ar\/v1\/wp-content\/uploads\/2019\/11\/logo-pie-web.png","contentUrl":"https:\/\/radioinfinitagoya.com.ar\/v1\/wp-content\/uploads\/2019\/11\/logo-pie-web.png","width":635,"height":326,"caption":"Radio Infinita Goya"},"image":{"@id":"https:\/\/radioinfinitagoya.com.ar\/v1\/#\/schema\/logo\/image\/"},"sameAs":["https:\/\/www.facebook.com\/p\/Infinita-Goya-100063870918311\/"]},{"@type":"Person","@id":"https:\/\/radioinfinitagoya.com.ar\/v1\/#\/schema\/person\/d4cf9c413d4f6edb24aabdccab49ca4a","name":"Jorge Mi\u00f1o","image":{"@type":"ImageObject","inLanguage":"es-AR","@id":"https:\/\/secure.gravatar.com\/avatar\/910fcf6728fe95320e07a6643c1581fec1c7fc4bf8ae12e3d8f0d0373dc844be?s=96&d=mm&r=g","url":"https:\/\/secure.gravatar.com\/avatar\/910fcf6728fe95320e07a6643c1581fec1c7fc4bf8ae12e3d8f0d0373dc844be?s=96&d=mm&r=g","contentUrl":"https:\/\/secure.gravatar.com\/avatar\/910fcf6728fe95320e07a6643c1581fec1c7fc4bf8ae12e3d8f0d0373dc844be?s=96&d=mm&r=g","caption":"Jorge Mi\u00f1o"},"sameAs":["http:\/\/radioinfinitagoya.com.ar"]}]}},"_links":{"self":[{"href":"https:\/\/radioinfinitagoya.com.ar\/v1\/wp-json\/wp\/v2\/posts\/210084","targetHints":{"allow":["GET"]}}],"collection":[{"href":"https:\/\/radioinfinitagoya.com.ar\/v1\/wp-json\/wp\/v2\/posts"}],"about":[{"href":"https:\/\/radioinfinitagoya.com.ar\/v1\/wp-json\/wp\/v2\/types\/post"}],"author":[{"embeddable":true,"href":"https:\/\/radioinfinitagoya.com.ar\/v1\/wp-json\/wp\/v2\/users\/4"}],"replies":[{"embeddable":true,"href":"https:\/\/radioinfinitagoya.com.ar\/v1\/wp-json\/wp\/v2\/comments?post=210084"}],"version-history":[{"count":0,"href":"https:\/\/radioinfinitagoya.com.ar\/v1\/wp-json\/wp\/v2\/posts\/210084\/revisions"}],"wp:featuredmedia":[{"embeddable":true,"href":"https:\/\/radioinfinitagoya.com.ar\/v1\/wp-json\/wp\/v2\/media\/210085"}],"wp:attachment":[{"href":"https:\/\/radioinfinitagoya.com.ar\/v1\/wp-json\/wp\/v2\/media?parent=210084"}],"wp:term":[{"taxonomy":"category","embeddable":true,"href":"https:\/\/radioinfinitagoya.com.ar\/v1\/wp-json\/wp\/v2\/categories?post=210084"},{"taxonomy":"post_tag","embeddable":true,"href":"https:\/\/radioinfinitagoya.com.ar\/v1\/wp-json\/wp\/v2\/tags?post=210084"}],"curies":[{"name":"wp","href":"https:\/\/api.w.org\/{rel}","templated":true}]}}