{"id":210087,"date":"2026-03-12T16:25:45","date_gmt":"2026-03-12T19:25:45","guid":{"rendered":"https:\/\/radioinfinitagoya.com.ar\/v1\/?p=210087"},"modified":"2026-03-12T16:25:45","modified_gmt":"2026-03-12T19:25:45","slug":"un-diputado-libertario-sufrio-un-violento-ataque-en-tucuman","status":"publish","type":"post","link":"https:\/\/radioinfinitagoya.com.ar\/v1\/2026\/03\/12\/un-diputado-libertario-sufrio-un-violento-ataque-en-tucuman\/","title":{"rendered":"Un diputado libertario sufri\u00f3 un violento ataque en Tucum\u00e1n"},"content":{"rendered":"<p>Federico Pelli recibi\u00f3 un cabezazo de un hombre que comenz\u00f3 a insultarlo durante una recorrida solidaria; el oficialismo denuncia que se trat\u00f3 de un puntero pol\u00edtico; el mensaje de Javier Milei y del gobernador Osvaldo Jaldo<\/p>\n<p>Federico Pelli, diputado libertario por Tucum\u00e1n, fue agredido este viernes en la localidad de Lamadrid mientras participaba de una actividad de asistencia a las v\u00edctimas de las inundaciones en el distrito. La violenta escena qued\u00f3 registrada en un video donde se puede ver c\u00f3mo el legislador es atacado por otro hombre que le da un cabezazo.<\/p>\n<p>&#8220;El hecho ocurri\u00f3 en el marco de una actividad solidaria en la que participaba junto a los diputados Gerardo Huesen y Soledad Molinuevo, quienes se trasladaban para donar colchones y otros art\u00edculos a los afectados por las inundaciones de la provincia\u201d, precisaron desde el bloque libertario que comanda Gabriel Bornonoroni.<\/p>\n<p>La legisladora que lo acompa\u00f1aba dijo en di\u00e1logo con LN+ que Pelli tiene una fractura de tabique y que fue derivado a una cl\u00ednica privada en San Miguel de Tucum\u00e1n.<\/p>\n<p>Desde la bancada violeta difundieron un comunicado en el que condenaron la embestida contra Pelli. Fuentes del oficialismo, identificaron al agresor con un puntero pol\u00edtico que responder\u00eda al ministro del Interior de Tucum\u00e1n, Dar\u00edo Monteros.<\/p>\n<p>\u201cNing\u00fan acto de violencia va a detener nuestro accionar en ninguna provincia por m\u00e1s que la pol\u00edtica se oponga. Esperamos que la Justicia act\u00fae\u201d, concluyeron desde el espacio oficialista.<\/p>\n<p>R\u00e1pidamente, el propio Milei conden\u00f3 lo ocurrido y reposte\u00f3 un mensaje de una usuaria de X que comparti\u00f3 el video que registra la secuencia del ataque.<\/p>\n<p>Por su parte, el gobernador de Tucum\u00e1n, Osvaldo Jaldo, quien exhibe una buena sinton\u00eda con la Casa Rosada, tambi\u00e9n utiliz\u00f3 sus redes sociales para repudiar el episodio.<\/p>\n<p>Seg\u00fan inform\u00f3 el mandatario provincial, el agresor fue detenido y qued\u00f3 a disposici\u00f3n de la Justicia para que avance con la investigaci\u00f3n que determine las causas y las responsabilidades \u201cque correspondan\u201d.<\/p>\n<p>\u201cDesde el Gobierno de la Provincia vamos a colaborar con todo lo que sea necesario, mientras seguimos concentrando nuestros esfuerzos en acompa\u00f1ar y asistir a las familias tucumanas afectadas\u201d, aclar\u00f3 Jaldo.<\/p>\n<p>&#8220;La violencia no tiene lugar en nuestra vida democr\u00e1tica ni en la convivencia entre tucumanos. Nos solidarizamos con \u00e9l y con su familia, y apelamos a la responsabilidad de todos: en momentos tan dif\u00edciles para nuestra provincia, lo que debe unirnos es la solidaridad con quienes hoy est\u00e1n atravesando las consecuencias de las inundaciones\u201d, sostuvo el gobernador.<\/p>\n<p>El testimonio de la diputada Molinuevo: \u201cPens\u00e9 que lo hab\u00eda matado\u201d<\/p>\n<p>Junto con Pelli estaba la diputada nacional libertaria Soledad Molinuevo, quien dio detalles de lo ocurrido en di\u00e1logo con LN+. \u201cVinimos con un cami\u00f3n con donaciones y cuando nos est\u00e1bamos acercando para entregar la mercader\u00eda, este se\u00f1or no nos dejaba pasar. Federico le dijo: \u2018\u00bfVos qui\u00e9n sos?\u2019. Y el se\u00f1or le dijo que era el que no lo iba a dejar pasar&#8221;, narr\u00f3 la legisladora.<\/p>\n<p>En ese sentido, mencion\u00f3 que el ministro del Interior Monteros \u201cestaba 20 metros m\u00e1s adelante en una carpa.\u201d \u201cFederico cay\u00f3 al piso semiinconsciente. Pens\u00e9 que lo hab\u00eda matado, el cabezazo fue tremendo. Una ambulancia lo asisti\u00f3, pero al ver que ten\u00eda algo m\u00e1s grave lo derivaron al hospital de Concepci\u00f3n. Se confirm\u00f3 que ten\u00eda una fractura de tabique y fue derivado a una cl\u00ednica privada en San Miguel de Tucum\u00e1n\u201d, detall\u00f3 Molinuevo.<\/p>\n<p>Seg\u00fan relat\u00f3 la diputada, el agresor se le \u201crio en la cara\u201d y minimiz\u00f3 lo sucedido. \u201cLa polic\u00eda estaba custodi\u00e1ndolo y acompa\u00f1\u00e1ndolo a que se vaya\u201d, denunci\u00f3. \u201cManeja toda la mafia tucumana. Me trat\u00f3 con falta de respeto. Dijo que no vaya a hacer circo con \u00e9l. Le dej\u00e9 en claro lo que hab\u00eda pasado\u201d, agreg\u00f3.<\/p>\n<p>&#8220;Estamos en la comisar\u00eda para hacer una denuncia y tambi\u00e9n en el juzgado federal\u201d, mencion\u00f3.<\/p>\n","protected":false},"excerpt":{"rendered":"<p>Federico Pelli recibi\u00f3 un cabezazo de un hombre que comenz\u00f3 a insultarlo durante una recorrida solidaria; el oficialismo denuncia que se trat\u00f3 de un puntero pol\u00edtico; el mensaje de Javier Milei y del gobernador Osvaldo Jaldo Federico Pelli, diputado libertario por Tucum\u00e1n, fue agredido este viernes en la localidad de Lamadrid mientras participaba de una [&hellip;]<\/p>\n","protected":false},"author":4,"featured_media":210088,"comment_status":"open","ping_status":"open","sticky":false,"template":"","format":"standard","meta":{"_joinchat":[],"footnotes":""},"categories":[29],"tags":[],"class_list":{"0":"post-210087","1":"post","2":"type-post","3":"status-publish","4":"format-standard","5":"has-post-thumbnail","7":"category-nacionales"},"yoast_head":"<!-- This site is optimized with the Yoast SEO plugin v27.2 - https:\/\/yoast.com\/product\/yoast-seo-wordpress\/ -->\n<title>Un diputado libertario sufri\u00f3 un violento ataque en Tucum\u00e1n - Radio Infinita Goya<\/title>\n<meta name=\"description\" content=\"Federico Pelli recibi\u00f3 un cabezazo de un hombre que comenz\u00f3 a insultarlo durante una recorrida solidaria; el oficialismo denuncia que se trat\u00f3 de un\" \/>\n<meta name=\"robots\" content=\"index, follow, max-snippet:-1, max-image-preview:large, max-video-preview:-1\" \/>\n<link rel=\"canonical\" href=\"https:\/\/radioinfinitagoya.com.ar\/v1\/2026\/03\/12\/un-diputado-libertario-sufrio-un-violento-ataque-en-tucuman\/\" \/>\n<meta property=\"og:locale\" content=\"es_ES\" \/>\n<meta property=\"og:type\" content=\"article\" \/>\n<meta property=\"og:title\" content=\"Un diputado libertario sufri\u00f3 un violento ataque en Tucum\u00e1n - Radio Infinita Goya\" \/>\n<meta property=\"og:description\" content=\"Federico Pelli recibi\u00f3 un cabezazo de un hombre que comenz\u00f3 a insultarlo durante una recorrida solidaria; el oficialismo denuncia que se trat\u00f3 de un\" \/>\n<meta property=\"og:url\" content=\"https:\/\/radioinfinitagoya.com.ar\/v1\/2026\/03\/12\/un-diputado-libertario-sufrio-un-violento-ataque-en-tucuman\/\" \/>\n<meta property=\"og:site_name\" content=\"Radio Infinita Goya\" \/>\n<meta property=\"article:publisher\" content=\"https:\/\/www.facebook.com\/p\/Infinita-Goya-100063870918311\/\" \/>\n<meta property=\"article:published_time\" content=\"2026-03-12T19:25:45+00:00\" \/>\n<meta property=\"og:image\" content=\"https:\/\/radioinfinitagoya.com.ar\/v1\/wp-content\/uploads\/2026\/03\/wKlnu-wB.jpg\" \/>\n\t<meta property=\"og:image:width\" content=\"680\" \/>\n\t<meta property=\"og:image:height\" content=\"381\" \/>\n\t<meta property=\"og:image:type\" content=\"image\/jpeg\" \/>\n<meta name=\"author\" content=\"Jorge Mi\u00f1o\" \/>\n<meta name=\"twitter:card\" content=\"summary_large_image\" \/>\n<meta name=\"twitter:label1\" content=\"Escrito por\" \/>\n\t<meta name=\"twitter:data1\" content=\"Jorge Mi\u00f1o\" \/>\n\t<meta name=\"twitter:label2\" content=\"Tiempo de lectura\" \/>\n\t<meta name=\"twitter:data2\" content=\"4 minutos\" \/>\n<script type=\"application\/ld+json\" class=\"yoast-schema-graph\">{\"@context\":\"https:\/\/schema.org\",\"@graph\":[{\"@type\":\"Article\",\"@id\":\"https:\/\/radioinfinitagoya.com.ar\/v1\/2026\/03\/12\/un-diputado-libertario-sufrio-un-violento-ataque-en-tucuman\/#article\",\"isPartOf\":{\"@id\":\"https:\/\/radioinfinitagoya.com.ar\/v1\/2026\/03\/12\/un-diputado-libertario-sufrio-un-violento-ataque-en-tucuman\/\"},\"author\":{\"name\":\"Jorge Mi\u00f1o\",\"@id\":\"https:\/\/radioinfinitagoya.com.ar\/v1\/#\/schema\/person\/d4cf9c413d4f6edb24aabdccab49ca4a\"},\"headline\":\"Un diputado libertario sufri\u00f3 un violento ataque en Tucum\u00e1n\",\"datePublished\":\"2026-03-12T19:25:45+00:00\",\"mainEntityOfPage\":{\"@id\":\"https:\/\/radioinfinitagoya.com.ar\/v1\/2026\/03\/12\/un-diputado-libertario-sufrio-un-violento-ataque-en-tucuman\/\"},\"wordCount\":687,\"commentCount\":0,\"publisher\":{\"@id\":\"https:\/\/radioinfinitagoya.com.ar\/v1\/#organization\"},\"image\":{\"@id\":\"https:\/\/radioinfinitagoya.com.ar\/v1\/2026\/03\/12\/un-diputado-libertario-sufrio-un-violento-ataque-en-tucuman\/#primaryimage\"},\"thumbnailUrl\":\"https:\/\/radioinfinitagoya.com.ar\/v1\/wp-content\/uploads\/2026\/03\/wKlnu-wB.jpg\",\"articleSection\":[\"NACIONALES\"],\"inLanguage\":\"es-AR\",\"potentialAction\":[{\"@type\":\"CommentAction\",\"name\":\"Comment\",\"target\":[\"https:\/\/radioinfinitagoya.com.ar\/v1\/2026\/03\/12\/un-diputado-libertario-sufrio-un-violento-ataque-en-tucuman\/#respond\"]}]},{\"@type\":\"WebPage\",\"@id\":\"https:\/\/radioinfinitagoya.com.ar\/v1\/2026\/03\/12\/un-diputado-libertario-sufrio-un-violento-ataque-en-tucuman\/\",\"url\":\"https:\/\/radioinfinitagoya.com.ar\/v1\/2026\/03\/12\/un-diputado-libertario-sufrio-un-violento-ataque-en-tucuman\/\",\"name\":\"Un diputado libertario sufri\u00f3 un violento ataque en Tucum\u00e1n - Radio Infinita Goya\",\"isPartOf\":{\"@id\":\"https:\/\/radioinfinitagoya.com.ar\/v1\/#website\"},\"primaryImageOfPage\":{\"@id\":\"https:\/\/radioinfinitagoya.com.ar\/v1\/2026\/03\/12\/un-diputado-libertario-sufrio-un-violento-ataque-en-tucuman\/#primaryimage\"},\"image\":{\"@id\":\"https:\/\/radioinfinitagoya.com.ar\/v1\/2026\/03\/12\/un-diputado-libertario-sufrio-un-violento-ataque-en-tucuman\/#primaryimage\"},\"thumbnailUrl\":\"https:\/\/radioinfinitagoya.com.ar\/v1\/wp-content\/uploads\/2026\/03\/wKlnu-wB.jpg\",\"datePublished\":\"2026-03-12T19:25:45+00:00\",\"description\":\"Federico Pelli recibi\u00f3 un cabezazo de un hombre que comenz\u00f3 a insultarlo durante una recorrida solidaria; el oficialismo denuncia que se trat\u00f3 de un\",\"breadcrumb\":{\"@id\":\"https:\/\/radioinfinitagoya.com.ar\/v1\/2026\/03\/12\/un-diputado-libertario-sufrio-un-violento-ataque-en-tucuman\/#breadcrumb\"},\"inLanguage\":\"es-AR\",\"potentialAction\":[{\"@type\":\"ReadAction\",\"target\":[\"https:\/\/radioinfinitagoya.com.ar\/v1\/2026\/03\/12\/un-diputado-libertario-sufrio-un-violento-ataque-en-tucuman\/\"]}]},{\"@type\":\"ImageObject\",\"inLanguage\":\"es-AR\",\"@id\":\"https:\/\/radioinfinitagoya.com.ar\/v1\/2026\/03\/12\/un-diputado-libertario-sufrio-un-violento-ataque-en-tucuman\/#primaryimage\",\"url\":\"https:\/\/radioinfinitagoya.com.ar\/v1\/wp-content\/uploads\/2026\/03\/wKlnu-wB.jpg\",\"contentUrl\":\"https:\/\/radioinfinitagoya.com.ar\/v1\/wp-content\/uploads\/2026\/03\/wKlnu-wB.jpg\",\"width\":680,\"height\":381},{\"@type\":\"BreadcrumbList\",\"@id\":\"https:\/\/radioinfinitagoya.com.ar\/v1\/2026\/03\/12\/un-diputado-libertario-sufrio-un-violento-ataque-en-tucuman\/#breadcrumb\",\"itemListElement\":[{\"@type\":\"ListItem\",\"position\":1,\"name\":\"Inicio\",\"item\":\"https:\/\/radioinfinitagoya.com.ar\/v1\/\"},{\"@type\":\"ListItem\",\"position\":2,\"name\":\"Un diputado libertario sufri\u00f3 un violento ataque en Tucum\u00e1n\"}]},{\"@type\":\"WebSite\",\"@id\":\"https:\/\/radioinfinitagoya.com.ar\/v1\/#website\",\"url\":\"https:\/\/radioinfinitagoya.com.ar\/v1\/\",\"name\":\"radioinfinitagoya.com.ar\",\"description\":\"Radio de noticias\",\"publisher\":{\"@id\":\"https:\/\/radioinfinitagoya.com.ar\/v1\/#organization\"},\"potentialAction\":[{\"@type\":\"SearchAction\",\"target\":{\"@type\":\"EntryPoint\",\"urlTemplate\":\"https:\/\/radioinfinitagoya.com.ar\/v1\/?s={search_term_string}\"},\"query-input\":{\"@type\":\"PropertyValueSpecification\",\"valueRequired\":true,\"valueName\":\"search_term_string\"}}],\"inLanguage\":\"es-AR\"},{\"@type\":\"Organization\",\"@id\":\"https:\/\/radioinfinitagoya.com.ar\/v1\/#organization\",\"name\":\"Radio Infinita Goya\",\"url\":\"https:\/\/radioinfinitagoya.com.ar\/v1\/\",\"logo\":{\"@type\":\"ImageObject\",\"inLanguage\":\"es-AR\",\"@id\":\"https:\/\/radioinfinitagoya.com.ar\/v1\/#\/schema\/logo\/image\/\",\"url\":\"https:\/\/radioinfinitagoya.com.ar\/v1\/wp-content\/uploads\/2019\/11\/logo-pie-web.png\",\"contentUrl\":\"https:\/\/radioinfinitagoya.com.ar\/v1\/wp-content\/uploads\/2019\/11\/logo-pie-web.png\",\"width\":635,\"height\":326,\"caption\":\"Radio Infinita Goya\"},\"image\":{\"@id\":\"https:\/\/radioinfinitagoya.com.ar\/v1\/#\/schema\/logo\/image\/\"},\"sameAs\":[\"https:\/\/www.facebook.com\/p\/Infinita-Goya-100063870918311\/\"]},{\"@type\":\"Person\",\"@id\":\"https:\/\/radioinfinitagoya.com.ar\/v1\/#\/schema\/person\/d4cf9c413d4f6edb24aabdccab49ca4a\",\"name\":\"Jorge Mi\u00f1o\",\"image\":{\"@type\":\"ImageObject\",\"inLanguage\":\"es-AR\",\"@id\":\"https:\/\/secure.gravatar.com\/avatar\/910fcf6728fe95320e07a6643c1581fec1c7fc4bf8ae12e3d8f0d0373dc844be?s=96&d=mm&r=g\",\"url\":\"https:\/\/secure.gravatar.com\/avatar\/910fcf6728fe95320e07a6643c1581fec1c7fc4bf8ae12e3d8f0d0373dc844be?s=96&d=mm&r=g\",\"contentUrl\":\"https:\/\/secure.gravatar.com\/avatar\/910fcf6728fe95320e07a6643c1581fec1c7fc4bf8ae12e3d8f0d0373dc844be?s=96&d=mm&r=g\",\"caption\":\"Jorge Mi\u00f1o\"},\"sameAs\":[\"http:\/\/radioinfinitagoya.com.ar\"]}]}<\/script>\n<!-- \/ Yoast SEO plugin. -->","yoast_head_json":{"title":"Un diputado libertario sufri\u00f3 un violento ataque en Tucum\u00e1n - Radio Infinita Goya","description":"Federico Pelli recibi\u00f3 un cabezazo de un hombre que comenz\u00f3 a insultarlo durante una recorrida solidaria; el oficialismo denuncia que se trat\u00f3 de un","robots":{"index":"index","follow":"follow","max-snippet":"max-snippet:-1","max-image-preview":"max-image-preview:large","max-video-preview":"max-video-preview:-1"},"canonical":"https:\/\/radioinfinitagoya.com.ar\/v1\/2026\/03\/12\/un-diputado-libertario-sufrio-un-violento-ataque-en-tucuman\/","og_locale":"es_ES","og_type":"article","og_title":"Un diputado libertario sufri\u00f3 un violento ataque en Tucum\u00e1n - Radio Infinita Goya","og_description":"Federico Pelli recibi\u00f3 un cabezazo de un hombre que comenz\u00f3 a insultarlo durante una recorrida solidaria; el oficialismo denuncia que se trat\u00f3 de un","og_url":"https:\/\/radioinfinitagoya.com.ar\/v1\/2026\/03\/12\/un-diputado-libertario-sufrio-un-violento-ataque-en-tucuman\/","og_site_name":"Radio Infinita Goya","article_publisher":"https:\/\/www.facebook.com\/p\/Infinita-Goya-100063870918311\/","article_published_time":"2026-03-12T19:25:45+00:00","og_image":[{"width":680,"height":381,"url":"https:\/\/radioinfinitagoya.com.ar\/v1\/wp-content\/uploads\/2026\/03\/wKlnu-wB.jpg","type":"image\/jpeg"}],"author":"Jorge Mi\u00f1o","twitter_card":"summary_large_image","twitter_misc":{"Escrito por":"Jorge Mi\u00f1o","Tiempo de lectura":"4 minutos"},"schema":{"@context":"https:\/\/schema.org","@graph":[{"@type":"Article","@id":"https:\/\/radioinfinitagoya.com.ar\/v1\/2026\/03\/12\/un-diputado-libertario-sufrio-un-violento-ataque-en-tucuman\/#article","isPartOf":{"@id":"https:\/\/radioinfinitagoya.com.ar\/v1\/2026\/03\/12\/un-diputado-libertario-sufrio-un-violento-ataque-en-tucuman\/"},"author":{"name":"Jorge Mi\u00f1o","@id":"https:\/\/radioinfinitagoya.com.ar\/v1\/#\/schema\/person\/d4cf9c413d4f6edb24aabdccab49ca4a"},"headline":"Un diputado libertario sufri\u00f3 un violento ataque en Tucum\u00e1n","datePublished":"2026-03-12T19:25:45+00:00","mainEntityOfPage":{"@id":"https:\/\/radioinfinitagoya.com.ar\/v1\/2026\/03\/12\/un-diputado-libertario-sufrio-un-violento-ataque-en-tucuman\/"},"wordCount":687,"commentCount":0,"publisher":{"@id":"https:\/\/radioinfinitagoya.com.ar\/v1\/#organization"},"image":{"@id":"https:\/\/radioinfinitagoya.com.ar\/v1\/2026\/03\/12\/un-diputado-libertario-sufrio-un-violento-ataque-en-tucuman\/#primaryimage"},"thumbnailUrl":"https:\/\/radioinfinitagoya.com.ar\/v1\/wp-content\/uploads\/2026\/03\/wKlnu-wB.jpg","articleSection":["NACIONALES"],"inLanguage":"es-AR","potentialAction":[{"@type":"CommentAction","name":"Comment","target":["https:\/\/radioinfinitagoya.com.ar\/v1\/2026\/03\/12\/un-diputado-libertario-sufrio-un-violento-ataque-en-tucuman\/#respond"]}]},{"@type":"WebPage","@id":"https:\/\/radioinfinitagoya.com.ar\/v1\/2026\/03\/12\/un-diputado-libertario-sufrio-un-violento-ataque-en-tucuman\/","url":"https:\/\/radioinfinitagoya.com.ar\/v1\/2026\/03\/12\/un-diputado-libertario-sufrio-un-violento-ataque-en-tucuman\/","name":"Un diputado libertario sufri\u00f3 un violento ataque en Tucum\u00e1n - Radio Infinita Goya","isPartOf":{"@id":"https:\/\/radioinfinitagoya.com.ar\/v1\/#website"},"primaryImageOfPage":{"@id":"https:\/\/radioinfinitagoya.com.ar\/v1\/2026\/03\/12\/un-diputado-libertario-sufrio-un-violento-ataque-en-tucuman\/#primaryimage"},"image":{"@id":"https:\/\/radioinfinitagoya.com.ar\/v1\/2026\/03\/12\/un-diputado-libertario-sufrio-un-violento-ataque-en-tucuman\/#primaryimage"},"thumbnailUrl":"https:\/\/radioinfinitagoya.com.ar\/v1\/wp-content\/uploads\/2026\/03\/wKlnu-wB.jpg","datePublished":"2026-03-12T19:25:45+00:00","description":"Federico Pelli recibi\u00f3 un cabezazo de un hombre que comenz\u00f3 a insultarlo durante una recorrida solidaria; el oficialismo denuncia que se trat\u00f3 de un","breadcrumb":{"@id":"https:\/\/radioinfinitagoya.com.ar\/v1\/2026\/03\/12\/un-diputado-libertario-sufrio-un-violento-ataque-en-tucuman\/#breadcrumb"},"inLanguage":"es-AR","potentialAction":[{"@type":"ReadAction","target":["https:\/\/radioinfinitagoya.com.ar\/v1\/2026\/03\/12\/un-diputado-libertario-sufrio-un-violento-ataque-en-tucuman\/"]}]},{"@type":"ImageObject","inLanguage":"es-AR","@id":"https:\/\/radioinfinitagoya.com.ar\/v1\/2026\/03\/12\/un-diputado-libertario-sufrio-un-violento-ataque-en-tucuman\/#primaryimage","url":"https:\/\/radioinfinitagoya.com.ar\/v1\/wp-content\/uploads\/2026\/03\/wKlnu-wB.jpg","contentUrl":"https:\/\/radioinfinitagoya.com.ar\/v1\/wp-content\/uploads\/2026\/03\/wKlnu-wB.jpg","width":680,"height":381},{"@type":"BreadcrumbList","@id":"https:\/\/radioinfinitagoya.com.ar\/v1\/2026\/03\/12\/un-diputado-libertario-sufrio-un-violento-ataque-en-tucuman\/#breadcrumb","itemListElement":[{"@type":"ListItem","position":1,"name":"Inicio","item":"https:\/\/radioinfinitagoya.com.ar\/v1\/"},{"@type":"ListItem","position":2,"name":"Un diputado libertario sufri\u00f3 un violento ataque en Tucum\u00e1n"}]},{"@type":"WebSite","@id":"https:\/\/radioinfinitagoya.com.ar\/v1\/#website","url":"https:\/\/radioinfinitagoya.com.ar\/v1\/","name":"radioinfinitagoya.com.ar","description":"Radio de noticias","publisher":{"@id":"https:\/\/radioinfinitagoya.com.ar\/v1\/#organization"},"potentialAction":[{"@type":"SearchAction","target":{"@type":"EntryPoint","urlTemplate":"https:\/\/radioinfinitagoya.com.ar\/v1\/?s={search_term_string}"},"query-input":{"@type":"PropertyValueSpecification","valueRequired":true,"valueName":"search_term_string"}}],"inLanguage":"es-AR"},{"@type":"Organization","@id":"https:\/\/radioinfinitagoya.com.ar\/v1\/#organization","name":"Radio Infinita Goya","url":"https:\/\/radioinfinitagoya.com.ar\/v1\/","logo":{"@type":"ImageObject","inLanguage":"es-AR","@id":"https:\/\/radioinfinitagoya.com.ar\/v1\/#\/schema\/logo\/image\/","url":"https:\/\/radioinfinitagoya.com.ar\/v1\/wp-content\/uploads\/2019\/11\/logo-pie-web.png","contentUrl":"https:\/\/radioinfinitagoya.com.ar\/v1\/wp-content\/uploads\/2019\/11\/logo-pie-web.png","width":635,"height":326,"caption":"Radio Infinita Goya"},"image":{"@id":"https:\/\/radioinfinitagoya.com.ar\/v1\/#\/schema\/logo\/image\/"},"sameAs":["https:\/\/www.facebook.com\/p\/Infinita-Goya-100063870918311\/"]},{"@type":"Person","@id":"https:\/\/radioinfinitagoya.com.ar\/v1\/#\/schema\/person\/d4cf9c413d4f6edb24aabdccab49ca4a","name":"Jorge Mi\u00f1o","image":{"@type":"ImageObject","inLanguage":"es-AR","@id":"https:\/\/secure.gravatar.com\/avatar\/910fcf6728fe95320e07a6643c1581fec1c7fc4bf8ae12e3d8f0d0373dc844be?s=96&d=mm&r=g","url":"https:\/\/secure.gravatar.com\/avatar\/910fcf6728fe95320e07a6643c1581fec1c7fc4bf8ae12e3d8f0d0373dc844be?s=96&d=mm&r=g","contentUrl":"https:\/\/secure.gravatar.com\/avatar\/910fcf6728fe95320e07a6643c1581fec1c7fc4bf8ae12e3d8f0d0373dc844be?s=96&d=mm&r=g","caption":"Jorge Mi\u00f1o"},"sameAs":["http:\/\/radioinfinitagoya.com.ar"]}]}},"_links":{"self":[{"href":"https:\/\/radioinfinitagoya.com.ar\/v1\/wp-json\/wp\/v2\/posts\/210087","targetHints":{"allow":["GET"]}}],"collection":[{"href":"https:\/\/radioinfinitagoya.com.ar\/v1\/wp-json\/wp\/v2\/posts"}],"about":[{"href":"https:\/\/radioinfinitagoya.com.ar\/v1\/wp-json\/wp\/v2\/types\/post"}],"author":[{"embeddable":true,"href":"https:\/\/radioinfinitagoya.com.ar\/v1\/wp-json\/wp\/v2\/users\/4"}],"replies":[{"embeddable":true,"href":"https:\/\/radioinfinitagoya.com.ar\/v1\/wp-json\/wp\/v2\/comments?post=210087"}],"version-history":[{"count":0,"href":"https:\/\/radioinfinitagoya.com.ar\/v1\/wp-json\/wp\/v2\/posts\/210087\/revisions"}],"wp:featuredmedia":[{"embeddable":true,"href":"https:\/\/radioinfinitagoya.com.ar\/v1\/wp-json\/wp\/v2\/media\/210088"}],"wp:attachment":[{"href":"https:\/\/radioinfinitagoya.com.ar\/v1\/wp-json\/wp\/v2\/media?parent=210087"}],"wp:term":[{"taxonomy":"category","embeddable":true,"href":"https:\/\/radioinfinitagoya.com.ar\/v1\/wp-json\/wp\/v2\/categories?post=210087"},{"taxonomy":"post_tag","embeddable":true,"href":"https:\/\/radioinfinitagoya.com.ar\/v1\/wp-json\/wp\/v2\/tags?post=210087"}],"curies":[{"name":"wp","href":"https:\/\/api.w.org\/{rel}","templated":true}]}}