{"id":210090,"date":"2026-03-12T16:28:44","date_gmt":"2026-03-12T19:28:44","guid":{"rendered":"https:\/\/radioinfinitagoya.com.ar\/v1\/?p=210090"},"modified":"2026-03-12T16:28:44","modified_gmt":"2026-03-12T19:28:44","slug":"lumilagro-dejo-de-fabricar-en-el-pais-y-ahora-importa-termos-desde-asia","status":"publish","type":"post","link":"https:\/\/radioinfinitagoya.com.ar\/v1\/2026\/03\/12\/lumilagro-dejo-de-fabricar-en-el-pais-y-ahora-importa-termos-desde-asia\/","title":{"rendered":"Lumilagro dej\u00f3 de fabricar en el pa\u00eds y ahora importa termos desde Asia"},"content":{"rendered":"<p>La empresa redujo su planta a la mitad de empleados. Se debe a la ca\u00edda de ventas y la competencia extranjera.<\/p>\n<p>La hist\u00f3rica empresa argentina Lumilagro, conocida por fabricar termos de vidrio desde 1941, apag\u00f3 sus hornos en la planta de Tortuguitas tras 83 a\u00f1os de producci\u00f3n. La decisi\u00f3n se produjo luego de una fuerte ca\u00edda en las ventas y la competencia de productos importados de bajo costo.<\/p>\n<p>En los \u00faltimos dos a\u00f1os, la compa\u00f1\u00eda redujo su plantilla y desvincul\u00f3 a 170 trabajadores. De esa manera, comenz\u00f3 a importar ampollas de vidrio desde India y Vietnam. Adem\u00e1s, los termos de acero que producen ahora se fabrican en China, en un proceso de reconversi\u00f3n que busca sostener la marca en el mercado.<\/p>\n<p>Lumilagro fue creada por cuatro familias y actualmente es conducida por la cuarta generaci\u00f3n de los Nadler y Suranyi. Mart\u00edn Nadler, director ejecutivo y propietario, explic\u00f3 que la empresa enfrent\u00f3 distintos desaf\u00edos a lo largo de su historia: desde la crisis de 1999 y la devaluaci\u00f3n de 2001 hasta la aparici\u00f3n de termos de acero extranjeros en 2005.<\/p>\n<p>&#8220;En 2012 batimos r\u00e9cord de ventas de termos de vidrio, nuestro producto estrella&#8221;, explic\u00f3. Sin embargo la cantidad de productos ilegales que ingresan al pa\u00eds afect\u00f3 a la empresa. &#8220;Nos golpe\u00f3 mucho el contrabando. La ca\u00edda de ventas es del 50%&#8221;, coment\u00f3 Nadler.<\/p>\n<p>La compa\u00f1\u00eda pas\u00f3 de contar con 300 empleados directos en 2013 a apenas 50 en la actualidad, m\u00e1s otros 50 trabajadores indirectos.<\/p>\n<p>El impacto del contrabando fue clave en la decisi\u00f3n de cerrar la fabricaci\u00f3n local. \u201cSe consumen 4 millones de termos anuales en Argentina y s\u00f3lo de Paraguay ingresaron esa cantidad, muchos de ellos con metales t\u00f3xicos. Nos preocupa la salud de la gente y la falta de controles por parte del Estado\u201d, afirm\u00f3 el empresario.<\/p>\n<p>Actualmente, las ventas se reparten entre termos de vidrio y acero, aunque la producci\u00f3n local de vidrio qued\u00f3 totalmente suspendida.<\/p>\n<p>&nbsp;<\/p>\n","protected":false},"excerpt":{"rendered":"<p>La empresa redujo su planta a la mitad de empleados. Se debe a la ca\u00edda de ventas y la competencia extranjera. La hist\u00f3rica empresa argentina Lumilagro, conocida por fabricar termos de vidrio desde 1941, apag\u00f3 sus hornos en la planta de Tortuguitas tras 83 a\u00f1os de producci\u00f3n. La decisi\u00f3n se produjo luego de una fuerte [&hellip;]<\/p>\n","protected":false},"author":4,"featured_media":210091,"comment_status":"open","ping_status":"open","sticky":false,"template":"","format":"standard","meta":{"_joinchat":[],"footnotes":""},"categories":[29],"tags":[],"class_list":{"0":"post-210090","1":"post","2":"type-post","3":"status-publish","4":"format-standard","5":"has-post-thumbnail","7":"category-nacionales"},"yoast_head":"<!-- This site is optimized with the Yoast SEO plugin v27.2 - https:\/\/yoast.com\/product\/yoast-seo-wordpress\/ -->\n<title>Lumilagro dej\u00f3 de fabricar en el pa\u00eds y ahora importa termos desde Asia - Radio Infinita Goya<\/title>\n<meta name=\"description\" content=\"La empresa redujo su planta a la mitad de empleados. Se debe a la ca\u00edda de ventas y la competencia extranjera. La hist\u00f3rica empresa argentina Lumilagro,\" \/>\n<meta name=\"robots\" content=\"index, follow, max-snippet:-1, max-image-preview:large, max-video-preview:-1\" \/>\n<link rel=\"canonical\" href=\"https:\/\/radioinfinitagoya.com.ar\/v1\/2026\/03\/12\/lumilagro-dejo-de-fabricar-en-el-pais-y-ahora-importa-termos-desde-asia\/\" \/>\n<meta property=\"og:locale\" content=\"es_ES\" \/>\n<meta property=\"og:type\" content=\"article\" \/>\n<meta property=\"og:title\" content=\"Lumilagro dej\u00f3 de fabricar en el pa\u00eds y ahora importa termos desde Asia - Radio Infinita Goya\" \/>\n<meta property=\"og:description\" content=\"La empresa redujo su planta a la mitad de empleados. Se debe a la ca\u00edda de ventas y la competencia extranjera. La hist\u00f3rica empresa argentina Lumilagro,\" \/>\n<meta property=\"og:url\" content=\"https:\/\/radioinfinitagoya.com.ar\/v1\/2026\/03\/12\/lumilagro-dejo-de-fabricar-en-el-pais-y-ahora-importa-termos-desde-asia\/\" \/>\n<meta property=\"og:site_name\" content=\"Radio Infinita Goya\" \/>\n<meta property=\"article:publisher\" content=\"https:\/\/www.facebook.com\/p\/Infinita-Goya-100063870918311\/\" \/>\n<meta property=\"article:published_time\" content=\"2026-03-12T19:28:44+00:00\" \/>\n<meta property=\"og:image\" content=\"https:\/\/radioinfinitagoya.com.ar\/v1\/wp-content\/uploads\/2026\/03\/HDNTGhWXMAAWW5M.jpg\" \/>\n\t<meta property=\"og:image:width\" content=\"680\" \/>\n\t<meta property=\"og:image:height\" content=\"453\" \/>\n\t<meta property=\"og:image:type\" content=\"image\/jpeg\" \/>\n<meta name=\"author\" content=\"Jorge Mi\u00f1o\" \/>\n<meta name=\"twitter:card\" content=\"summary_large_image\" \/>\n<meta name=\"twitter:label1\" content=\"Escrito por\" \/>\n\t<meta name=\"twitter:data1\" content=\"Jorge Mi\u00f1o\" \/>\n\t<meta name=\"twitter:label2\" content=\"Tiempo de lectura\" \/>\n\t<meta name=\"twitter:data2\" content=\"2 minutos\" \/>\n<script type=\"application\/ld+json\" class=\"yoast-schema-graph\">{\"@context\":\"https:\/\/schema.org\",\"@graph\":[{\"@type\":\"Article\",\"@id\":\"https:\/\/radioinfinitagoya.com.ar\/v1\/2026\/03\/12\/lumilagro-dejo-de-fabricar-en-el-pais-y-ahora-importa-termos-desde-asia\/#article\",\"isPartOf\":{\"@id\":\"https:\/\/radioinfinitagoya.com.ar\/v1\/2026\/03\/12\/lumilagro-dejo-de-fabricar-en-el-pais-y-ahora-importa-termos-desde-asia\/\"},\"author\":{\"name\":\"Jorge Mi\u00f1o\",\"@id\":\"https:\/\/radioinfinitagoya.com.ar\/v1\/#\/schema\/person\/d4cf9c413d4f6edb24aabdccab49ca4a\"},\"headline\":\"Lumilagro dej\u00f3 de fabricar en el pa\u00eds y ahora importa termos desde Asia\",\"datePublished\":\"2026-03-12T19:28:44+00:00\",\"mainEntityOfPage\":{\"@id\":\"https:\/\/radioinfinitagoya.com.ar\/v1\/2026\/03\/12\/lumilagro-dejo-de-fabricar-en-el-pais-y-ahora-importa-termos-desde-asia\/\"},\"wordCount\":346,\"commentCount\":0,\"publisher\":{\"@id\":\"https:\/\/radioinfinitagoya.com.ar\/v1\/#organization\"},\"image\":{\"@id\":\"https:\/\/radioinfinitagoya.com.ar\/v1\/2026\/03\/12\/lumilagro-dejo-de-fabricar-en-el-pais-y-ahora-importa-termos-desde-asia\/#primaryimage\"},\"thumbnailUrl\":\"https:\/\/radioinfinitagoya.com.ar\/v1\/wp-content\/uploads\/2026\/03\/HDNTGhWXMAAWW5M.jpg\",\"articleSection\":[\"NACIONALES\"],\"inLanguage\":\"es-AR\",\"potentialAction\":[{\"@type\":\"CommentAction\",\"name\":\"Comment\",\"target\":[\"https:\/\/radioinfinitagoya.com.ar\/v1\/2026\/03\/12\/lumilagro-dejo-de-fabricar-en-el-pais-y-ahora-importa-termos-desde-asia\/#respond\"]}]},{\"@type\":\"WebPage\",\"@id\":\"https:\/\/radioinfinitagoya.com.ar\/v1\/2026\/03\/12\/lumilagro-dejo-de-fabricar-en-el-pais-y-ahora-importa-termos-desde-asia\/\",\"url\":\"https:\/\/radioinfinitagoya.com.ar\/v1\/2026\/03\/12\/lumilagro-dejo-de-fabricar-en-el-pais-y-ahora-importa-termos-desde-asia\/\",\"name\":\"Lumilagro dej\u00f3 de fabricar en el pa\u00eds y ahora importa termos desde Asia - Radio Infinita Goya\",\"isPartOf\":{\"@id\":\"https:\/\/radioinfinitagoya.com.ar\/v1\/#website\"},\"primaryImageOfPage\":{\"@id\":\"https:\/\/radioinfinitagoya.com.ar\/v1\/2026\/03\/12\/lumilagro-dejo-de-fabricar-en-el-pais-y-ahora-importa-termos-desde-asia\/#primaryimage\"},\"image\":{\"@id\":\"https:\/\/radioinfinitagoya.com.ar\/v1\/2026\/03\/12\/lumilagro-dejo-de-fabricar-en-el-pais-y-ahora-importa-termos-desde-asia\/#primaryimage\"},\"thumbnailUrl\":\"https:\/\/radioinfinitagoya.com.ar\/v1\/wp-content\/uploads\/2026\/03\/HDNTGhWXMAAWW5M.jpg\",\"datePublished\":\"2026-03-12T19:28:44+00:00\",\"description\":\"La empresa redujo su planta a la mitad de empleados. Se debe a la ca\u00edda de ventas y la competencia extranjera. La hist\u00f3rica empresa argentina Lumilagro,\",\"breadcrumb\":{\"@id\":\"https:\/\/radioinfinitagoya.com.ar\/v1\/2026\/03\/12\/lumilagro-dejo-de-fabricar-en-el-pais-y-ahora-importa-termos-desde-asia\/#breadcrumb\"},\"inLanguage\":\"es-AR\",\"potentialAction\":[{\"@type\":\"ReadAction\",\"target\":[\"https:\/\/radioinfinitagoya.com.ar\/v1\/2026\/03\/12\/lumilagro-dejo-de-fabricar-en-el-pais-y-ahora-importa-termos-desde-asia\/\"]}]},{\"@type\":\"ImageObject\",\"inLanguage\":\"es-AR\",\"@id\":\"https:\/\/radioinfinitagoya.com.ar\/v1\/2026\/03\/12\/lumilagro-dejo-de-fabricar-en-el-pais-y-ahora-importa-termos-desde-asia\/#primaryimage\",\"url\":\"https:\/\/radioinfinitagoya.com.ar\/v1\/wp-content\/uploads\/2026\/03\/HDNTGhWXMAAWW5M.jpg\",\"contentUrl\":\"https:\/\/radioinfinitagoya.com.ar\/v1\/wp-content\/uploads\/2026\/03\/HDNTGhWXMAAWW5M.jpg\",\"width\":680,\"height\":453},{\"@type\":\"BreadcrumbList\",\"@id\":\"https:\/\/radioinfinitagoya.com.ar\/v1\/2026\/03\/12\/lumilagro-dejo-de-fabricar-en-el-pais-y-ahora-importa-termos-desde-asia\/#breadcrumb\",\"itemListElement\":[{\"@type\":\"ListItem\",\"position\":1,\"name\":\"Inicio\",\"item\":\"https:\/\/radioinfinitagoya.com.ar\/v1\/\"},{\"@type\":\"ListItem\",\"position\":2,\"name\":\"Lumilagro dej\u00f3 de fabricar en el pa\u00eds y ahora importa termos desde Asia\"}]},{\"@type\":\"WebSite\",\"@id\":\"https:\/\/radioinfinitagoya.com.ar\/v1\/#website\",\"url\":\"https:\/\/radioinfinitagoya.com.ar\/v1\/\",\"name\":\"radioinfinitagoya.com.ar\",\"description\":\"Radio de noticias\",\"publisher\":{\"@id\":\"https:\/\/radioinfinitagoya.com.ar\/v1\/#organization\"},\"potentialAction\":[{\"@type\":\"SearchAction\",\"target\":{\"@type\":\"EntryPoint\",\"urlTemplate\":\"https:\/\/radioinfinitagoya.com.ar\/v1\/?s={search_term_string}\"},\"query-input\":{\"@type\":\"PropertyValueSpecification\",\"valueRequired\":true,\"valueName\":\"search_term_string\"}}],\"inLanguage\":\"es-AR\"},{\"@type\":\"Organization\",\"@id\":\"https:\/\/radioinfinitagoya.com.ar\/v1\/#organization\",\"name\":\"Radio Infinita Goya\",\"url\":\"https:\/\/radioinfinitagoya.com.ar\/v1\/\",\"logo\":{\"@type\":\"ImageObject\",\"inLanguage\":\"es-AR\",\"@id\":\"https:\/\/radioinfinitagoya.com.ar\/v1\/#\/schema\/logo\/image\/\",\"url\":\"https:\/\/radioinfinitagoya.com.ar\/v1\/wp-content\/uploads\/2019\/11\/logo-pie-web.png\",\"contentUrl\":\"https:\/\/radioinfinitagoya.com.ar\/v1\/wp-content\/uploads\/2019\/11\/logo-pie-web.png\",\"width\":635,\"height\":326,\"caption\":\"Radio Infinita Goya\"},\"image\":{\"@id\":\"https:\/\/radioinfinitagoya.com.ar\/v1\/#\/schema\/logo\/image\/\"},\"sameAs\":[\"https:\/\/www.facebook.com\/p\/Infinita-Goya-100063870918311\/\"]},{\"@type\":\"Person\",\"@id\":\"https:\/\/radioinfinitagoya.com.ar\/v1\/#\/schema\/person\/d4cf9c413d4f6edb24aabdccab49ca4a\",\"name\":\"Jorge Mi\u00f1o\",\"image\":{\"@type\":\"ImageObject\",\"inLanguage\":\"es-AR\",\"@id\":\"https:\/\/secure.gravatar.com\/avatar\/910fcf6728fe95320e07a6643c1581fec1c7fc4bf8ae12e3d8f0d0373dc844be?s=96&d=mm&r=g\",\"url\":\"https:\/\/secure.gravatar.com\/avatar\/910fcf6728fe95320e07a6643c1581fec1c7fc4bf8ae12e3d8f0d0373dc844be?s=96&d=mm&r=g\",\"contentUrl\":\"https:\/\/secure.gravatar.com\/avatar\/910fcf6728fe95320e07a6643c1581fec1c7fc4bf8ae12e3d8f0d0373dc844be?s=96&d=mm&r=g\",\"caption\":\"Jorge Mi\u00f1o\"},\"sameAs\":[\"http:\/\/radioinfinitagoya.com.ar\"]}]}<\/script>\n<!-- \/ Yoast SEO plugin. -->","yoast_head_json":{"title":"Lumilagro dej\u00f3 de fabricar en el pa\u00eds y ahora importa termos desde Asia - Radio Infinita Goya","description":"La empresa redujo su planta a la mitad de empleados. Se debe a la ca\u00edda de ventas y la competencia extranjera. La hist\u00f3rica empresa argentina Lumilagro,","robots":{"index":"index","follow":"follow","max-snippet":"max-snippet:-1","max-image-preview":"max-image-preview:large","max-video-preview":"max-video-preview:-1"},"canonical":"https:\/\/radioinfinitagoya.com.ar\/v1\/2026\/03\/12\/lumilagro-dejo-de-fabricar-en-el-pais-y-ahora-importa-termos-desde-asia\/","og_locale":"es_ES","og_type":"article","og_title":"Lumilagro dej\u00f3 de fabricar en el pa\u00eds y ahora importa termos desde Asia - Radio Infinita Goya","og_description":"La empresa redujo su planta a la mitad de empleados. Se debe a la ca\u00edda de ventas y la competencia extranjera. La hist\u00f3rica empresa argentina Lumilagro,","og_url":"https:\/\/radioinfinitagoya.com.ar\/v1\/2026\/03\/12\/lumilagro-dejo-de-fabricar-en-el-pais-y-ahora-importa-termos-desde-asia\/","og_site_name":"Radio Infinita Goya","article_publisher":"https:\/\/www.facebook.com\/p\/Infinita-Goya-100063870918311\/","article_published_time":"2026-03-12T19:28:44+00:00","og_image":[{"width":680,"height":453,"url":"https:\/\/radioinfinitagoya.com.ar\/v1\/wp-content\/uploads\/2026\/03\/HDNTGhWXMAAWW5M.jpg","type":"image\/jpeg"}],"author":"Jorge Mi\u00f1o","twitter_card":"summary_large_image","twitter_misc":{"Escrito por":"Jorge Mi\u00f1o","Tiempo de lectura":"2 minutos"},"schema":{"@context":"https:\/\/schema.org","@graph":[{"@type":"Article","@id":"https:\/\/radioinfinitagoya.com.ar\/v1\/2026\/03\/12\/lumilagro-dejo-de-fabricar-en-el-pais-y-ahora-importa-termos-desde-asia\/#article","isPartOf":{"@id":"https:\/\/radioinfinitagoya.com.ar\/v1\/2026\/03\/12\/lumilagro-dejo-de-fabricar-en-el-pais-y-ahora-importa-termos-desde-asia\/"},"author":{"name":"Jorge Mi\u00f1o","@id":"https:\/\/radioinfinitagoya.com.ar\/v1\/#\/schema\/person\/d4cf9c413d4f6edb24aabdccab49ca4a"},"headline":"Lumilagro dej\u00f3 de fabricar en el pa\u00eds y ahora importa termos desde Asia","datePublished":"2026-03-12T19:28:44+00:00","mainEntityOfPage":{"@id":"https:\/\/radioinfinitagoya.com.ar\/v1\/2026\/03\/12\/lumilagro-dejo-de-fabricar-en-el-pais-y-ahora-importa-termos-desde-asia\/"},"wordCount":346,"commentCount":0,"publisher":{"@id":"https:\/\/radioinfinitagoya.com.ar\/v1\/#organization"},"image":{"@id":"https:\/\/radioinfinitagoya.com.ar\/v1\/2026\/03\/12\/lumilagro-dejo-de-fabricar-en-el-pais-y-ahora-importa-termos-desde-asia\/#primaryimage"},"thumbnailUrl":"https:\/\/radioinfinitagoya.com.ar\/v1\/wp-content\/uploads\/2026\/03\/HDNTGhWXMAAWW5M.jpg","articleSection":["NACIONALES"],"inLanguage":"es-AR","potentialAction":[{"@type":"CommentAction","name":"Comment","target":["https:\/\/radioinfinitagoya.com.ar\/v1\/2026\/03\/12\/lumilagro-dejo-de-fabricar-en-el-pais-y-ahora-importa-termos-desde-asia\/#respond"]}]},{"@type":"WebPage","@id":"https:\/\/radioinfinitagoya.com.ar\/v1\/2026\/03\/12\/lumilagro-dejo-de-fabricar-en-el-pais-y-ahora-importa-termos-desde-asia\/","url":"https:\/\/radioinfinitagoya.com.ar\/v1\/2026\/03\/12\/lumilagro-dejo-de-fabricar-en-el-pais-y-ahora-importa-termos-desde-asia\/","name":"Lumilagro dej\u00f3 de fabricar en el pa\u00eds y ahora importa termos desde Asia - Radio Infinita Goya","isPartOf":{"@id":"https:\/\/radioinfinitagoya.com.ar\/v1\/#website"},"primaryImageOfPage":{"@id":"https:\/\/radioinfinitagoya.com.ar\/v1\/2026\/03\/12\/lumilagro-dejo-de-fabricar-en-el-pais-y-ahora-importa-termos-desde-asia\/#primaryimage"},"image":{"@id":"https:\/\/radioinfinitagoya.com.ar\/v1\/2026\/03\/12\/lumilagro-dejo-de-fabricar-en-el-pais-y-ahora-importa-termos-desde-asia\/#primaryimage"},"thumbnailUrl":"https:\/\/radioinfinitagoya.com.ar\/v1\/wp-content\/uploads\/2026\/03\/HDNTGhWXMAAWW5M.jpg","datePublished":"2026-03-12T19:28:44+00:00","description":"La empresa redujo su planta a la mitad de empleados. Se debe a la ca\u00edda de ventas y la competencia extranjera. La hist\u00f3rica empresa argentina Lumilagro,","breadcrumb":{"@id":"https:\/\/radioinfinitagoya.com.ar\/v1\/2026\/03\/12\/lumilagro-dejo-de-fabricar-en-el-pais-y-ahora-importa-termos-desde-asia\/#breadcrumb"},"inLanguage":"es-AR","potentialAction":[{"@type":"ReadAction","target":["https:\/\/radioinfinitagoya.com.ar\/v1\/2026\/03\/12\/lumilagro-dejo-de-fabricar-en-el-pais-y-ahora-importa-termos-desde-asia\/"]}]},{"@type":"ImageObject","inLanguage":"es-AR","@id":"https:\/\/radioinfinitagoya.com.ar\/v1\/2026\/03\/12\/lumilagro-dejo-de-fabricar-en-el-pais-y-ahora-importa-termos-desde-asia\/#primaryimage","url":"https:\/\/radioinfinitagoya.com.ar\/v1\/wp-content\/uploads\/2026\/03\/HDNTGhWXMAAWW5M.jpg","contentUrl":"https:\/\/radioinfinitagoya.com.ar\/v1\/wp-content\/uploads\/2026\/03\/HDNTGhWXMAAWW5M.jpg","width":680,"height":453},{"@type":"BreadcrumbList","@id":"https:\/\/radioinfinitagoya.com.ar\/v1\/2026\/03\/12\/lumilagro-dejo-de-fabricar-en-el-pais-y-ahora-importa-termos-desde-asia\/#breadcrumb","itemListElement":[{"@type":"ListItem","position":1,"name":"Inicio","item":"https:\/\/radioinfinitagoya.com.ar\/v1\/"},{"@type":"ListItem","position":2,"name":"Lumilagro dej\u00f3 de fabricar en el pa\u00eds y ahora importa termos desde Asia"}]},{"@type":"WebSite","@id":"https:\/\/radioinfinitagoya.com.ar\/v1\/#website","url":"https:\/\/radioinfinitagoya.com.ar\/v1\/","name":"radioinfinitagoya.com.ar","description":"Radio de noticias","publisher":{"@id":"https:\/\/radioinfinitagoya.com.ar\/v1\/#organization"},"potentialAction":[{"@type":"SearchAction","target":{"@type":"EntryPoint","urlTemplate":"https:\/\/radioinfinitagoya.com.ar\/v1\/?s={search_term_string}"},"query-input":{"@type":"PropertyValueSpecification","valueRequired":true,"valueName":"search_term_string"}}],"inLanguage":"es-AR"},{"@type":"Organization","@id":"https:\/\/radioinfinitagoya.com.ar\/v1\/#organization","name":"Radio Infinita Goya","url":"https:\/\/radioinfinitagoya.com.ar\/v1\/","logo":{"@type":"ImageObject","inLanguage":"es-AR","@id":"https:\/\/radioinfinitagoya.com.ar\/v1\/#\/schema\/logo\/image\/","url":"https:\/\/radioinfinitagoya.com.ar\/v1\/wp-content\/uploads\/2019\/11\/logo-pie-web.png","contentUrl":"https:\/\/radioinfinitagoya.com.ar\/v1\/wp-content\/uploads\/2019\/11\/logo-pie-web.png","width":635,"height":326,"caption":"Radio Infinita Goya"},"image":{"@id":"https:\/\/radioinfinitagoya.com.ar\/v1\/#\/schema\/logo\/image\/"},"sameAs":["https:\/\/www.facebook.com\/p\/Infinita-Goya-100063870918311\/"]},{"@type":"Person","@id":"https:\/\/radioinfinitagoya.com.ar\/v1\/#\/schema\/person\/d4cf9c413d4f6edb24aabdccab49ca4a","name":"Jorge Mi\u00f1o","image":{"@type":"ImageObject","inLanguage":"es-AR","@id":"https:\/\/secure.gravatar.com\/avatar\/910fcf6728fe95320e07a6643c1581fec1c7fc4bf8ae12e3d8f0d0373dc844be?s=96&d=mm&r=g","url":"https:\/\/secure.gravatar.com\/avatar\/910fcf6728fe95320e07a6643c1581fec1c7fc4bf8ae12e3d8f0d0373dc844be?s=96&d=mm&r=g","contentUrl":"https:\/\/secure.gravatar.com\/avatar\/910fcf6728fe95320e07a6643c1581fec1c7fc4bf8ae12e3d8f0d0373dc844be?s=96&d=mm&r=g","caption":"Jorge Mi\u00f1o"},"sameAs":["http:\/\/radioinfinitagoya.com.ar"]}]}},"_links":{"self":[{"href":"https:\/\/radioinfinitagoya.com.ar\/v1\/wp-json\/wp\/v2\/posts\/210090","targetHints":{"allow":["GET"]}}],"collection":[{"href":"https:\/\/radioinfinitagoya.com.ar\/v1\/wp-json\/wp\/v2\/posts"}],"about":[{"href":"https:\/\/radioinfinitagoya.com.ar\/v1\/wp-json\/wp\/v2\/types\/post"}],"author":[{"embeddable":true,"href":"https:\/\/radioinfinitagoya.com.ar\/v1\/wp-json\/wp\/v2\/users\/4"}],"replies":[{"embeddable":true,"href":"https:\/\/radioinfinitagoya.com.ar\/v1\/wp-json\/wp\/v2\/comments?post=210090"}],"version-history":[{"count":0,"href":"https:\/\/radioinfinitagoya.com.ar\/v1\/wp-json\/wp\/v2\/posts\/210090\/revisions"}],"wp:featuredmedia":[{"embeddable":true,"href":"https:\/\/radioinfinitagoya.com.ar\/v1\/wp-json\/wp\/v2\/media\/210091"}],"wp:attachment":[{"href":"https:\/\/radioinfinitagoya.com.ar\/v1\/wp-json\/wp\/v2\/media?parent=210090"}],"wp:term":[{"taxonomy":"category","embeddable":true,"href":"https:\/\/radioinfinitagoya.com.ar\/v1\/wp-json\/wp\/v2\/categories?post=210090"},{"taxonomy":"post_tag","embeddable":true,"href":"https:\/\/radioinfinitagoya.com.ar\/v1\/wp-json\/wp\/v2\/tags?post=210090"}],"curies":[{"name":"wp","href":"https:\/\/api.w.org\/{rel}","templated":true}]}}