{"id":210093,"date":"2026-03-12T16:34:47","date_gmt":"2026-03-12T19:34:47","guid":{"rendered":"https:\/\/radioinfinitagoya.com.ar\/v1\/?p=210093"},"modified":"2026-03-12T16:53:50","modified_gmt":"2026-03-12T19:53:50","slug":"la-inflacion-fue-de-29-en-febrero-y-acumulo-331-en-los-ultimos-doce-meses","status":"publish","type":"post","link":"https:\/\/radioinfinitagoya.com.ar\/v1\/2026\/03\/12\/la-inflacion-fue-de-29-en-febrero-y-acumulo-331-en-los-ultimos-doce-meses\/","title":{"rendered":"La inflaci\u00f3n fue de 2,9% en febrero y acumul\u00f3 33,1% en los \u00faltimos doce meses"},"content":{"rendered":"<p>El Instituto Nacional de Estad\u00edstica y Censos (Indec) inform\u00f3 que la din\u00e1mica inflacionaria replic\u00f3 el n\u00famero de enero. La variaci\u00f3n acumulada en 2026 es de 5,9 por ciento. Qu\u00e9 se espera para los pr\u00f3ximos meses<\/p>\n<p>La inflaci\u00f3n de febrero alcanz\u00f3 el 2,9%, seg\u00fan inform\u00f3 el Instituto Nacional de Estad\u00edstica y Censos (Indec), misma cifra que en enero. En los \u00faltimos doce meses, la suba acumulada fue de 33,1%, mientras que en el primer bimestre del a\u00f1o sum\u00f3 5,9 por ciento. El presidente Javier Milei prev\u00e9 que el \u00edndice comenzar\u00e1 a descender despu\u00e9s de marzo, con el objetivo de llegar a un valor cercano a cero entre julio y agosto.<\/p>\n<p>De acuerdo con los datos del Indec, ya son diez meses consecutivos sin registrar una desaceleraci\u00f3n mensual en el \u00cdndice de Precios al Consumidor (IPC), que viene aumentando de manera sostenida desde el 1,5% registrado en mayo de 2025. Adem\u00e1s, las estad\u00edsticas verifican que la variaci\u00f3n interanual del IPC aument\u00f3 por cuarto mes seguido.<\/p>\n<p>La mayor suba mensual correspondi\u00f3 a Vivienda, agua, electricidad, gas y otros combustibles, con un 6,8%, impulsada por incrementos en las tarifas de servicios p\u00fablicos y cambios en los criterios para otorgar subsidios en varias provincias. Alimentos y bebidas no alcoh\u00f3licas ocup\u00f3 el segundo lugar, con una variaci\u00f3n de 3,3 por ciento.<\/p>\n<p>En cuanto al impacto sobre el \u00edndice regional, Alimentos y bebidas no alcoh\u00f3licas lider\u00f3 la incidencia mensual, debido principalmente al alza en carnes y sus derivados, salvo en la regi\u00f3n patag\u00f3nica, donde la mayor influencia provino de Vivienda, agua, electricidad, gas y otros combustibles.<\/p>\n<p>Las divisiones que menos variaron en febrero de 2026 fueron Bebidas alcoh\u00f3licas y tabaco, con un 0,6%, y Prendas de vestir y calzado, que no mostr\u00f3 cambios. Entre las categor\u00edas, los precios Regulados encabezaron los aumentos con 4,3%, seguidos por el IPC n\u00facleo, que no contempla estacionales ni regulados, con 3,1%, mientras que los productos Estacionales registraron una baja de 1,3 por ciento.<\/p>\n<p>El mercado y el Gobierno estaban atentos a la publicaci\u00f3n del Indec, ya que marcar\u00e1 el tono de las discusiones sobre precios, salarios y contratos en el inicio del 2026. Pero las proyecciones de consultoras privadas no anticipan variaciones significativas respecto al mes anterior y, de acuerdo a estas proyecciones, el indicador se iba a ubicar entre 2,8% y 3 por ciento.<\/p>\n<p>Entre las consultoras, la proyecci\u00f3n m\u00e1s optimista correspond\u00eda a Analytica, que estima un IPC de 2,8% para febrero, lo que implicar\u00eda una desaceleraci\u00f3n m\u00ednima de 0,1 puntos porcentuales (p.p.) respecto al mes anterior. En el otro extremo, Eco Go preve\u00eda una inflaci\u00f3n de entre 2,9% y 3 por ciento. Similar a la consultora de C&amp;T, que acert\u00f3 con el 2,9 por ciento.<\/p>\n<p>El dato de inflaci\u00f3n en la Ciudad Aut\u00f3noma de Buenos Aires, publicado por la Direcci\u00f3n General de Estad\u00edstica y Censos porte\u00f1a esta semana, hab\u00eda generado cierta ilusi\u00f3n respecto a la nacional. Seg\u00fan el informe oficial, la inflaci\u00f3n en CABA alcanz\u00f3 2,6% en febrero, lo que reflejaba una desaceleraci\u00f3n de 0,5 puntos porcentuales respecto a enero. Los rubros con mayor incidencia fueron Alimentos y Bebidas no alcoh\u00f3licas (con 5,76 puntos porcentuales sobre el nivel general) y Vivienda, agua, electricidad, gas y otros combustibles (con 5,34 puntos). El rubro Transporte sum\u00f3 2,95 puntos porcentuales a la variaci\u00f3n total, impulsado por los ajustes en boletos de colectivos y subtes.<\/p>\n<p>Detr\u00e1s del IPC nacional puede haber cuestionamientos, dada la decisi\u00f3n que tom\u00f3 el Gobierno a principios de a\u00f1o de no cambiar la f\u00f3rmula de inflaci\u00f3n. Esta modificaci\u00f3n conllevaba la actualizaci\u00f3n de la canasta de consumos de 2004 por la de 2017\/2018, y con ello, que los servicios tengan m\u00e1s peso que los bienes, en un contexto de cambio del esquema de subsidios. El Gobierno justific\u00f3 la postergaci\u00f3n al afirmar que la modificaci\u00f3n se implementar\u00e1 cuando se consolide la desaceleraci\u00f3n de precios. Proyectan que esto ocurrir\u00e1 en julio o agosto.<\/p>\n<p>\u201cEl cambio deb\u00eda realizarse una vez terminado el proceso de desinflaci\u00f3n\u201d, dijo el ministro de Econom\u00eda, Luis Caputo. A la vez, el funcionario nacional explic\u00f3 que hubo diferencias sobre el momento adecuado para avanzar con la modificaci\u00f3n. \u201cMarco (Lavagna) consideraba que para enero eso ya pod\u00eda estar\u201d, se\u00f1al\u00f3. Fue el presidente Milei quien afirm\u00f3 que la inflaci\u00f3n retomar\u00e1 su tendencia descendente despu\u00e9s del primer trimestre, aunque analistas privados advierten sobre la persistencia de presiones inflacionarias.<\/p>\n<p>C\u00f3mo sigue la inflaci\u00f3n<br \/>\nLas expectativas del mercado tambi\u00e9n se reflejan en el Relevamiento de Expectativas de Mercado (REM) que realiza el Banco Central de la Rep\u00fablica Argentina (BCRA). El \u00faltimo informe mostr\u00f3 que los analistas y consultoras ajustaron al alza sus proyecciones para febrero: estimaron que la inflaci\u00f3n de febrero ser\u00eda 2,7%, un valor que supera por 0,6 puntos porcentuales el pron\u00f3stico que figuraba en la consulta anterior.<\/p>\n<p>Los pron\u00f3sticos para marzo tambi\u00e9n subieron: ahora esperan que la inflaci\u00f3n ronde el 2,5%, cuando antes proyectaban 2,2 por ciento. El presidente Milei reiter\u00f3 en una entrevista que la desaceleraci\u00f3n de la inflaci\u00f3n comenzar\u00e1 luego de marzo y que el \u00edndice mensual podr\u00eda empezar \u201ccon cero\u201d en junio o agosto. Las estimaciones privadas, sin embargo, calculan que en junio el IPC ser\u00e1 de 1,7% y en agosto de 1,5%. Para todo 2026, el consenso de consultoras prev\u00e9 una inflaci\u00f3n de 26,1 por ciento.<\/p>\n<p>\u201cLo m\u00e1s probable es que la inflaci\u00f3n de marzo arranque con 3\u201d, destacaron en Equilibra, que en la primera semana del mes registr\u00f3 un aumento de precios del 1,7% (+0,4 punto porcentuales versus primera semana de febrero). \u201cEn el desagregado, los precios regulados ascendieron 2,5%, impulsados por transporte p\u00fablico y tarifas energ\u00e9ticas, mientras que a\u00fan no se observa un impacto del shock internacional en el precio de la nafta local&#8221;, destacaron.<\/p>\n<p>La novedad de la semana fue que la inflaci\u00f3n n\u00facleo escal\u00f3 1,8%, por alzas en Educaci\u00f3n y Carnes, que aportaron 0,4 y 0,3 puntos porcentuales respectivamente. A su vez, los precios estacionales descendieron0,7%, debido a la estabilidad en el rubro indumentaria y bajas en frutas y verduras.<\/p>\n<p>Una estimaci\u00f3n m\u00e1s favorable hizo la consultora Analytica: en la primera semana de marzo registr\u00f3 una variaci\u00f3n semanal del 0,4% en Alimentos y bebidas en el Gran Buenos Aires, con un aumento promedio de 2,7% en las \u00faltimas cuatro semanas y una proyecci\u00f3n en torno al 2,8% para marzo.<\/p>\n<p>Entre los aumentos m\u00e1s notorios de la primera semana del mes, Analytica destac\u00f3 el de Pescados y mariscos, con un alza de 7%, seguido por el de Carnes y derivados, con 4,9%, que hace meses viene presionando sobre el IPC. En contraste, los precios de verduras y de panes y cereales mostraron menores incrementos: 0,9% y 0,7% respectivamente. Aunque todav\u00eda resta por verse de cu\u00e1nto es el traslado a surtidores del aumento del precio de petr\u00f3leo por el conflicto en Medio Oriente y con ello, al resto de la econom\u00eda.<\/p>\n","protected":false},"excerpt":{"rendered":"<p>El Instituto Nacional de Estad\u00edstica y Censos (Indec) inform\u00f3 que la din\u00e1mica inflacionaria replic\u00f3 el n\u00famero de enero. La variaci\u00f3n acumulada en 2026 es de 5,9 por ciento. Qu\u00e9 se espera para los pr\u00f3ximos meses La inflaci\u00f3n de febrero alcanz\u00f3 el 2,9%, seg\u00fan inform\u00f3 el Instituto Nacional de Estad\u00edstica y Censos (Indec), misma cifra que [&hellip;]<\/p>\n","protected":false},"author":4,"featured_media":210108,"comment_status":"open","ping_status":"open","sticky":false,"template":"","format":"standard","meta":{"_joinchat":[],"footnotes":""},"categories":[34],"tags":[],"class_list":{"0":"post-210093","1":"post","2":"type-post","3":"status-publish","4":"format-standard","5":"has-post-thumbnail","7":"category-principal"},"yoast_head":"<!-- This site is optimized with the Yoast SEO plugin v27.2 - https:\/\/yoast.com\/product\/yoast-seo-wordpress\/ -->\n<title>La inflaci\u00f3n fue de 2,9% en febrero y acumul\u00f3 33,1% en los \u00faltimos doce meses - Radio Infinita Goya<\/title>\n<meta name=\"description\" content=\"El Instituto Nacional de Estad\u00edstica y Censos (Indec) inform\u00f3 que la din\u00e1mica inflacionaria replic\u00f3 el n\u00famero de enero. La variaci\u00f3n acumulada en 2026 es\" \/>\n<meta name=\"robots\" content=\"index, follow, max-snippet:-1, max-image-preview:large, max-video-preview:-1\" \/>\n<link rel=\"canonical\" href=\"https:\/\/radioinfinitagoya.com.ar\/v1\/2026\/03\/12\/la-inflacion-fue-de-29-en-febrero-y-acumulo-331-en-los-ultimos-doce-meses\/\" \/>\n<meta property=\"og:locale\" content=\"es_ES\" \/>\n<meta property=\"og:type\" content=\"article\" \/>\n<meta property=\"og:title\" content=\"La inflaci\u00f3n fue de 2,9% en febrero y acumul\u00f3 33,1% en los \u00faltimos doce meses - Radio Infinita Goya\" \/>\n<meta property=\"og:description\" content=\"El Instituto Nacional de Estad\u00edstica y Censos (Indec) inform\u00f3 que la din\u00e1mica inflacionaria replic\u00f3 el n\u00famero de enero. La variaci\u00f3n acumulada en 2026 es\" \/>\n<meta property=\"og:url\" content=\"https:\/\/radioinfinitagoya.com.ar\/v1\/2026\/03\/12\/la-inflacion-fue-de-29-en-febrero-y-acumulo-331-en-los-ultimos-doce-meses\/\" \/>\n<meta property=\"og:site_name\" content=\"Radio Infinita Goya\" \/>\n<meta property=\"article:publisher\" content=\"https:\/\/www.facebook.com\/p\/Infinita-Goya-100063870918311\/\" \/>\n<meta property=\"article:published_time\" content=\"2026-03-12T19:34:47+00:00\" \/>\n<meta property=\"article:modified_time\" content=\"2026-03-12T19:53:50+00:00\" \/>\n<meta name=\"author\" content=\"Jorge Mi\u00f1o\" \/>\n<meta name=\"twitter:card\" content=\"summary_large_image\" \/>\n<meta name=\"twitter:label1\" content=\"Escrito por\" \/>\n\t<meta name=\"twitter:data1\" content=\"Jorge Mi\u00f1o\" \/>\n\t<meta name=\"twitter:label2\" content=\"Tiempo de lectura\" \/>\n\t<meta name=\"twitter:data2\" content=\"6 minutos\" \/>\n<script type=\"application\/ld+json\" class=\"yoast-schema-graph\">{\"@context\":\"https:\/\/schema.org\",\"@graph\":[{\"@type\":\"Article\",\"@id\":\"https:\/\/radioinfinitagoya.com.ar\/v1\/2026\/03\/12\/la-inflacion-fue-de-29-en-febrero-y-acumulo-331-en-los-ultimos-doce-meses\/#article\",\"isPartOf\":{\"@id\":\"https:\/\/radioinfinitagoya.com.ar\/v1\/2026\/03\/12\/la-inflacion-fue-de-29-en-febrero-y-acumulo-331-en-los-ultimos-doce-meses\/\"},\"author\":{\"name\":\"Jorge Mi\u00f1o\",\"@id\":\"https:\/\/radioinfinitagoya.com.ar\/v1\/#\/schema\/person\/d4cf9c413d4f6edb24aabdccab49ca4a\"},\"headline\":\"La inflaci\u00f3n fue de 2,9% en febrero y acumul\u00f3 33,1% en los \u00faltimos doce meses\",\"datePublished\":\"2026-03-12T19:34:47+00:00\",\"dateModified\":\"2026-03-12T19:53:50+00:00\",\"mainEntityOfPage\":{\"@id\":\"https:\/\/radioinfinitagoya.com.ar\/v1\/2026\/03\/12\/la-inflacion-fue-de-29-en-febrero-y-acumulo-331-en-los-ultimos-doce-meses\/\"},\"wordCount\":1185,\"commentCount\":0,\"publisher\":{\"@id\":\"https:\/\/radioinfinitagoya.com.ar\/v1\/#organization\"},\"image\":{\"@id\":\"https:\/\/radioinfinitagoya.com.ar\/v1\/2026\/03\/12\/la-inflacion-fue-de-29-en-febrero-y-acumulo-331-en-los-ultimos-doce-meses\/#primaryimage\"},\"thumbnailUrl\":\"https:\/\/radioinfinitagoya.com.ar\/v1\/wp-content\/uploads\/2026\/03\/la-inflacion-de-febrero-fue-de-29percent-y-tuvo-F6JCJ4K3VVATNK4EBPRF7P32SA.avif\",\"articleSection\":[\"PRINCIPAL\"],\"inLanguage\":\"es-AR\",\"potentialAction\":[{\"@type\":\"CommentAction\",\"name\":\"Comment\",\"target\":[\"https:\/\/radioinfinitagoya.com.ar\/v1\/2026\/03\/12\/la-inflacion-fue-de-29-en-febrero-y-acumulo-331-en-los-ultimos-doce-meses\/#respond\"]}]},{\"@type\":\"WebPage\",\"@id\":\"https:\/\/radioinfinitagoya.com.ar\/v1\/2026\/03\/12\/la-inflacion-fue-de-29-en-febrero-y-acumulo-331-en-los-ultimos-doce-meses\/\",\"url\":\"https:\/\/radioinfinitagoya.com.ar\/v1\/2026\/03\/12\/la-inflacion-fue-de-29-en-febrero-y-acumulo-331-en-los-ultimos-doce-meses\/\",\"name\":\"La inflaci\u00f3n fue de 2,9% en febrero y acumul\u00f3 33,1% en los \u00faltimos doce meses - Radio Infinita Goya\",\"isPartOf\":{\"@id\":\"https:\/\/radioinfinitagoya.com.ar\/v1\/#website\"},\"primaryImageOfPage\":{\"@id\":\"https:\/\/radioinfinitagoya.com.ar\/v1\/2026\/03\/12\/la-inflacion-fue-de-29-en-febrero-y-acumulo-331-en-los-ultimos-doce-meses\/#primaryimage\"},\"image\":{\"@id\":\"https:\/\/radioinfinitagoya.com.ar\/v1\/2026\/03\/12\/la-inflacion-fue-de-29-en-febrero-y-acumulo-331-en-los-ultimos-doce-meses\/#primaryimage\"},\"thumbnailUrl\":\"https:\/\/radioinfinitagoya.com.ar\/v1\/wp-content\/uploads\/2026\/03\/la-inflacion-de-febrero-fue-de-29percent-y-tuvo-F6JCJ4K3VVATNK4EBPRF7P32SA.avif\",\"datePublished\":\"2026-03-12T19:34:47+00:00\",\"dateModified\":\"2026-03-12T19:53:50+00:00\",\"description\":\"El Instituto Nacional de Estad\u00edstica y Censos (Indec) inform\u00f3 que la din\u00e1mica inflacionaria replic\u00f3 el n\u00famero de enero. La variaci\u00f3n acumulada en 2026 es\",\"breadcrumb\":{\"@id\":\"https:\/\/radioinfinitagoya.com.ar\/v1\/2026\/03\/12\/la-inflacion-fue-de-29-en-febrero-y-acumulo-331-en-los-ultimos-doce-meses\/#breadcrumb\"},\"inLanguage\":\"es-AR\",\"potentialAction\":[{\"@type\":\"ReadAction\",\"target\":[\"https:\/\/radioinfinitagoya.com.ar\/v1\/2026\/03\/12\/la-inflacion-fue-de-29-en-febrero-y-acumulo-331-en-los-ultimos-doce-meses\/\"]}]},{\"@type\":\"ImageObject\",\"inLanguage\":\"es-AR\",\"@id\":\"https:\/\/radioinfinitagoya.com.ar\/v1\/2026\/03\/12\/la-inflacion-fue-de-29-en-febrero-y-acumulo-331-en-los-ultimos-doce-meses\/#primaryimage\",\"url\":\"https:\/\/radioinfinitagoya.com.ar\/v1\/wp-content\/uploads\/2026\/03\/la-inflacion-de-febrero-fue-de-29percent-y-tuvo-F6JCJ4K3VVATNK4EBPRF7P32SA.avif\",\"contentUrl\":\"https:\/\/radioinfinitagoya.com.ar\/v1\/wp-content\/uploads\/2026\/03\/la-inflacion-de-febrero-fue-de-29percent-y-tuvo-F6JCJ4K3VVATNK4EBPRF7P32SA.avif\",\"width\":880,\"height\":586},{\"@type\":\"BreadcrumbList\",\"@id\":\"https:\/\/radioinfinitagoya.com.ar\/v1\/2026\/03\/12\/la-inflacion-fue-de-29-en-febrero-y-acumulo-331-en-los-ultimos-doce-meses\/#breadcrumb\",\"itemListElement\":[{\"@type\":\"ListItem\",\"position\":1,\"name\":\"Inicio\",\"item\":\"https:\/\/radioinfinitagoya.com.ar\/v1\/\"},{\"@type\":\"ListItem\",\"position\":2,\"name\":\"La inflaci\u00f3n fue de 2,9% en febrero y acumul\u00f3 33,1% en los \u00faltimos doce meses\"}]},{\"@type\":\"WebSite\",\"@id\":\"https:\/\/radioinfinitagoya.com.ar\/v1\/#website\",\"url\":\"https:\/\/radioinfinitagoya.com.ar\/v1\/\",\"name\":\"radioinfinitagoya.com.ar\",\"description\":\"Radio de noticias\",\"publisher\":{\"@id\":\"https:\/\/radioinfinitagoya.com.ar\/v1\/#organization\"},\"potentialAction\":[{\"@type\":\"SearchAction\",\"target\":{\"@type\":\"EntryPoint\",\"urlTemplate\":\"https:\/\/radioinfinitagoya.com.ar\/v1\/?s={search_term_string}\"},\"query-input\":{\"@type\":\"PropertyValueSpecification\",\"valueRequired\":true,\"valueName\":\"search_term_string\"}}],\"inLanguage\":\"es-AR\"},{\"@type\":\"Organization\",\"@id\":\"https:\/\/radioinfinitagoya.com.ar\/v1\/#organization\",\"name\":\"Radio Infinita Goya\",\"url\":\"https:\/\/radioinfinitagoya.com.ar\/v1\/\",\"logo\":{\"@type\":\"ImageObject\",\"inLanguage\":\"es-AR\",\"@id\":\"https:\/\/radioinfinitagoya.com.ar\/v1\/#\/schema\/logo\/image\/\",\"url\":\"https:\/\/radioinfinitagoya.com.ar\/v1\/wp-content\/uploads\/2019\/11\/logo-pie-web.png\",\"contentUrl\":\"https:\/\/radioinfinitagoya.com.ar\/v1\/wp-content\/uploads\/2019\/11\/logo-pie-web.png\",\"width\":635,\"height\":326,\"caption\":\"Radio Infinita Goya\"},\"image\":{\"@id\":\"https:\/\/radioinfinitagoya.com.ar\/v1\/#\/schema\/logo\/image\/\"},\"sameAs\":[\"https:\/\/www.facebook.com\/p\/Infinita-Goya-100063870918311\/\"]},{\"@type\":\"Person\",\"@id\":\"https:\/\/radioinfinitagoya.com.ar\/v1\/#\/schema\/person\/d4cf9c413d4f6edb24aabdccab49ca4a\",\"name\":\"Jorge Mi\u00f1o\",\"image\":{\"@type\":\"ImageObject\",\"inLanguage\":\"es-AR\",\"@id\":\"https:\/\/secure.gravatar.com\/avatar\/910fcf6728fe95320e07a6643c1581fec1c7fc4bf8ae12e3d8f0d0373dc844be?s=96&d=mm&r=g\",\"url\":\"https:\/\/secure.gravatar.com\/avatar\/910fcf6728fe95320e07a6643c1581fec1c7fc4bf8ae12e3d8f0d0373dc844be?s=96&d=mm&r=g\",\"contentUrl\":\"https:\/\/secure.gravatar.com\/avatar\/910fcf6728fe95320e07a6643c1581fec1c7fc4bf8ae12e3d8f0d0373dc844be?s=96&d=mm&r=g\",\"caption\":\"Jorge Mi\u00f1o\"},\"sameAs\":[\"http:\/\/radioinfinitagoya.com.ar\"]}]}<\/script>\n<!-- \/ Yoast SEO plugin. -->","yoast_head_json":{"title":"La inflaci\u00f3n fue de 2,9% en febrero y acumul\u00f3 33,1% en los \u00faltimos doce meses - Radio Infinita Goya","description":"El Instituto Nacional de Estad\u00edstica y Censos (Indec) inform\u00f3 que la din\u00e1mica inflacionaria replic\u00f3 el n\u00famero de enero. La variaci\u00f3n acumulada en 2026 es","robots":{"index":"index","follow":"follow","max-snippet":"max-snippet:-1","max-image-preview":"max-image-preview:large","max-video-preview":"max-video-preview:-1"},"canonical":"https:\/\/radioinfinitagoya.com.ar\/v1\/2026\/03\/12\/la-inflacion-fue-de-29-en-febrero-y-acumulo-331-en-los-ultimos-doce-meses\/","og_locale":"es_ES","og_type":"article","og_title":"La inflaci\u00f3n fue de 2,9% en febrero y acumul\u00f3 33,1% en los \u00faltimos doce meses - Radio Infinita Goya","og_description":"El Instituto Nacional de Estad\u00edstica y Censos (Indec) inform\u00f3 que la din\u00e1mica inflacionaria replic\u00f3 el n\u00famero de enero. La variaci\u00f3n acumulada en 2026 es","og_url":"https:\/\/radioinfinitagoya.com.ar\/v1\/2026\/03\/12\/la-inflacion-fue-de-29-en-febrero-y-acumulo-331-en-los-ultimos-doce-meses\/","og_site_name":"Radio Infinita Goya","article_publisher":"https:\/\/www.facebook.com\/p\/Infinita-Goya-100063870918311\/","article_published_time":"2026-03-12T19:34:47+00:00","article_modified_time":"2026-03-12T19:53:50+00:00","author":"Jorge Mi\u00f1o","twitter_card":"summary_large_image","twitter_misc":{"Escrito por":"Jorge Mi\u00f1o","Tiempo de lectura":"6 minutos"},"schema":{"@context":"https:\/\/schema.org","@graph":[{"@type":"Article","@id":"https:\/\/radioinfinitagoya.com.ar\/v1\/2026\/03\/12\/la-inflacion-fue-de-29-en-febrero-y-acumulo-331-en-los-ultimos-doce-meses\/#article","isPartOf":{"@id":"https:\/\/radioinfinitagoya.com.ar\/v1\/2026\/03\/12\/la-inflacion-fue-de-29-en-febrero-y-acumulo-331-en-los-ultimos-doce-meses\/"},"author":{"name":"Jorge Mi\u00f1o","@id":"https:\/\/radioinfinitagoya.com.ar\/v1\/#\/schema\/person\/d4cf9c413d4f6edb24aabdccab49ca4a"},"headline":"La inflaci\u00f3n fue de 2,9% en febrero y acumul\u00f3 33,1% en los \u00faltimos doce meses","datePublished":"2026-03-12T19:34:47+00:00","dateModified":"2026-03-12T19:53:50+00:00","mainEntityOfPage":{"@id":"https:\/\/radioinfinitagoya.com.ar\/v1\/2026\/03\/12\/la-inflacion-fue-de-29-en-febrero-y-acumulo-331-en-los-ultimos-doce-meses\/"},"wordCount":1185,"commentCount":0,"publisher":{"@id":"https:\/\/radioinfinitagoya.com.ar\/v1\/#organization"},"image":{"@id":"https:\/\/radioinfinitagoya.com.ar\/v1\/2026\/03\/12\/la-inflacion-fue-de-29-en-febrero-y-acumulo-331-en-los-ultimos-doce-meses\/#primaryimage"},"thumbnailUrl":"https:\/\/radioinfinitagoya.com.ar\/v1\/wp-content\/uploads\/2026\/03\/la-inflacion-de-febrero-fue-de-29percent-y-tuvo-F6JCJ4K3VVATNK4EBPRF7P32SA.avif","articleSection":["PRINCIPAL"],"inLanguage":"es-AR","potentialAction":[{"@type":"CommentAction","name":"Comment","target":["https:\/\/radioinfinitagoya.com.ar\/v1\/2026\/03\/12\/la-inflacion-fue-de-29-en-febrero-y-acumulo-331-en-los-ultimos-doce-meses\/#respond"]}]},{"@type":"WebPage","@id":"https:\/\/radioinfinitagoya.com.ar\/v1\/2026\/03\/12\/la-inflacion-fue-de-29-en-febrero-y-acumulo-331-en-los-ultimos-doce-meses\/","url":"https:\/\/radioinfinitagoya.com.ar\/v1\/2026\/03\/12\/la-inflacion-fue-de-29-en-febrero-y-acumulo-331-en-los-ultimos-doce-meses\/","name":"La inflaci\u00f3n fue de 2,9% en febrero y acumul\u00f3 33,1% en los \u00faltimos doce meses - Radio Infinita Goya","isPartOf":{"@id":"https:\/\/radioinfinitagoya.com.ar\/v1\/#website"},"primaryImageOfPage":{"@id":"https:\/\/radioinfinitagoya.com.ar\/v1\/2026\/03\/12\/la-inflacion-fue-de-29-en-febrero-y-acumulo-331-en-los-ultimos-doce-meses\/#primaryimage"},"image":{"@id":"https:\/\/radioinfinitagoya.com.ar\/v1\/2026\/03\/12\/la-inflacion-fue-de-29-en-febrero-y-acumulo-331-en-los-ultimos-doce-meses\/#primaryimage"},"thumbnailUrl":"https:\/\/radioinfinitagoya.com.ar\/v1\/wp-content\/uploads\/2026\/03\/la-inflacion-de-febrero-fue-de-29percent-y-tuvo-F6JCJ4K3VVATNK4EBPRF7P32SA.avif","datePublished":"2026-03-12T19:34:47+00:00","dateModified":"2026-03-12T19:53:50+00:00","description":"El Instituto Nacional de Estad\u00edstica y Censos (Indec) inform\u00f3 que la din\u00e1mica inflacionaria replic\u00f3 el n\u00famero de enero. La variaci\u00f3n acumulada en 2026 es","breadcrumb":{"@id":"https:\/\/radioinfinitagoya.com.ar\/v1\/2026\/03\/12\/la-inflacion-fue-de-29-en-febrero-y-acumulo-331-en-los-ultimos-doce-meses\/#breadcrumb"},"inLanguage":"es-AR","potentialAction":[{"@type":"ReadAction","target":["https:\/\/radioinfinitagoya.com.ar\/v1\/2026\/03\/12\/la-inflacion-fue-de-29-en-febrero-y-acumulo-331-en-los-ultimos-doce-meses\/"]}]},{"@type":"ImageObject","inLanguage":"es-AR","@id":"https:\/\/radioinfinitagoya.com.ar\/v1\/2026\/03\/12\/la-inflacion-fue-de-29-en-febrero-y-acumulo-331-en-los-ultimos-doce-meses\/#primaryimage","url":"https:\/\/radioinfinitagoya.com.ar\/v1\/wp-content\/uploads\/2026\/03\/la-inflacion-de-febrero-fue-de-29percent-y-tuvo-F6JCJ4K3VVATNK4EBPRF7P32SA.avif","contentUrl":"https:\/\/radioinfinitagoya.com.ar\/v1\/wp-content\/uploads\/2026\/03\/la-inflacion-de-febrero-fue-de-29percent-y-tuvo-F6JCJ4K3VVATNK4EBPRF7P32SA.avif","width":880,"height":586},{"@type":"BreadcrumbList","@id":"https:\/\/radioinfinitagoya.com.ar\/v1\/2026\/03\/12\/la-inflacion-fue-de-29-en-febrero-y-acumulo-331-en-los-ultimos-doce-meses\/#breadcrumb","itemListElement":[{"@type":"ListItem","position":1,"name":"Inicio","item":"https:\/\/radioinfinitagoya.com.ar\/v1\/"},{"@type":"ListItem","position":2,"name":"La inflaci\u00f3n fue de 2,9% en febrero y acumul\u00f3 33,1% en los \u00faltimos doce meses"}]},{"@type":"WebSite","@id":"https:\/\/radioinfinitagoya.com.ar\/v1\/#website","url":"https:\/\/radioinfinitagoya.com.ar\/v1\/","name":"radioinfinitagoya.com.ar","description":"Radio de noticias","publisher":{"@id":"https:\/\/radioinfinitagoya.com.ar\/v1\/#organization"},"potentialAction":[{"@type":"SearchAction","target":{"@type":"EntryPoint","urlTemplate":"https:\/\/radioinfinitagoya.com.ar\/v1\/?s={search_term_string}"},"query-input":{"@type":"PropertyValueSpecification","valueRequired":true,"valueName":"search_term_string"}}],"inLanguage":"es-AR"},{"@type":"Organization","@id":"https:\/\/radioinfinitagoya.com.ar\/v1\/#organization","name":"Radio Infinita Goya","url":"https:\/\/radioinfinitagoya.com.ar\/v1\/","logo":{"@type":"ImageObject","inLanguage":"es-AR","@id":"https:\/\/radioinfinitagoya.com.ar\/v1\/#\/schema\/logo\/image\/","url":"https:\/\/radioinfinitagoya.com.ar\/v1\/wp-content\/uploads\/2019\/11\/logo-pie-web.png","contentUrl":"https:\/\/radioinfinitagoya.com.ar\/v1\/wp-content\/uploads\/2019\/11\/logo-pie-web.png","width":635,"height":326,"caption":"Radio Infinita Goya"},"image":{"@id":"https:\/\/radioinfinitagoya.com.ar\/v1\/#\/schema\/logo\/image\/"},"sameAs":["https:\/\/www.facebook.com\/p\/Infinita-Goya-100063870918311\/"]},{"@type":"Person","@id":"https:\/\/radioinfinitagoya.com.ar\/v1\/#\/schema\/person\/d4cf9c413d4f6edb24aabdccab49ca4a","name":"Jorge Mi\u00f1o","image":{"@type":"ImageObject","inLanguage":"es-AR","@id":"https:\/\/secure.gravatar.com\/avatar\/910fcf6728fe95320e07a6643c1581fec1c7fc4bf8ae12e3d8f0d0373dc844be?s=96&d=mm&r=g","url":"https:\/\/secure.gravatar.com\/avatar\/910fcf6728fe95320e07a6643c1581fec1c7fc4bf8ae12e3d8f0d0373dc844be?s=96&d=mm&r=g","contentUrl":"https:\/\/secure.gravatar.com\/avatar\/910fcf6728fe95320e07a6643c1581fec1c7fc4bf8ae12e3d8f0d0373dc844be?s=96&d=mm&r=g","caption":"Jorge Mi\u00f1o"},"sameAs":["http:\/\/radioinfinitagoya.com.ar"]}]}},"_links":{"self":[{"href":"https:\/\/radioinfinitagoya.com.ar\/v1\/wp-json\/wp\/v2\/posts\/210093","targetHints":{"allow":["GET"]}}],"collection":[{"href":"https:\/\/radioinfinitagoya.com.ar\/v1\/wp-json\/wp\/v2\/posts"}],"about":[{"href":"https:\/\/radioinfinitagoya.com.ar\/v1\/wp-json\/wp\/v2\/types\/post"}],"author":[{"embeddable":true,"href":"https:\/\/radioinfinitagoya.com.ar\/v1\/wp-json\/wp\/v2\/users\/4"}],"replies":[{"embeddable":true,"href":"https:\/\/radioinfinitagoya.com.ar\/v1\/wp-json\/wp\/v2\/comments?post=210093"}],"version-history":[{"count":0,"href":"https:\/\/radioinfinitagoya.com.ar\/v1\/wp-json\/wp\/v2\/posts\/210093\/revisions"}],"wp:featuredmedia":[{"embeddable":true,"href":"https:\/\/radioinfinitagoya.com.ar\/v1\/wp-json\/wp\/v2\/media\/210108"}],"wp:attachment":[{"href":"https:\/\/radioinfinitagoya.com.ar\/v1\/wp-json\/wp\/v2\/media?parent=210093"}],"wp:term":[{"taxonomy":"category","embeddable":true,"href":"https:\/\/radioinfinitagoya.com.ar\/v1\/wp-json\/wp\/v2\/categories?post=210093"},{"taxonomy":"post_tag","embeddable":true,"href":"https:\/\/radioinfinitagoya.com.ar\/v1\/wp-json\/wp\/v2\/tags?post=210093"}],"curies":[{"name":"wp","href":"https:\/\/api.w.org\/{rel}","templated":true}]}}