{"id":210096,"date":"2026-03-12T16:38:29","date_gmt":"2026-03-12T19:38:29","guid":{"rendered":"https:\/\/radioinfinitagoya.com.ar\/v1\/?p=210096"},"modified":"2026-03-12T16:38:29","modified_gmt":"2026-03-12T19:38:29","slug":"valdes-participo-de-reuniones-con-empresarios-e-inversores-en-nueva-york","status":"publish","type":"post","link":"https:\/\/radioinfinitagoya.com.ar\/v1\/2026\/03\/12\/valdes-participo-de-reuniones-con-empresarios-e-inversores-en-nueva-york\/","title":{"rendered":"Vald\u00e9s particip\u00f3 de reuniones con empresarios e inversores en Nueva York"},"content":{"rendered":"<p>El gobernador de Corrientes comparti\u00f3 un encuentro con empresarios y equipos t\u00e9cnicos internacionales. Tambi\u00e9n participaron el ministro de Econom\u00eda, Luis Caputo, y el vocero presidencial Manuel Adorni.<\/p>\n<p>El gobernador de Corrientes, Juan Pablo Vald\u00e9s, particip\u00f3 este mi\u00e9rcoles de una nueva jornada de la Argentina Week que se desarrolla en Nueva York, donde mantuvo reuniones con empresarios, inversores y referentes del sector financiero internacional.<\/p>\n<p>Las actividades incluyeron un encuentro en la sede del Bank of America, en el que participaron gobernadores argentinos, directivos de compa\u00f1\u00edas y equipos t\u00e9cnicos de inversores globales interesados en analizar oportunidades de desarrollo en el pa\u00eds.<\/p>\n<p>Intercambio con el sector financiero internacional<br \/>\nDurante la jornada tambi\u00e9n estuvieron presentes el ministro de Econom\u00eda de la Naci\u00f3n, Luis Caputo, y el vocero presidencial Manuel Adorni, quienes acompa\u00f1aron a los mandatarios provinciales en las distintas reuniones con representantes del sector financiero.<\/p>\n<p>En el encuentro se analizaron estrategias vinculadas al desarrollo productivo, tecnol\u00f3gico y financiero en las provincias argentinas, con el objetivo de mostrar el potencial de las econom\u00edas regionales y generar nuevas oportunidades de inversi\u00f3n.<\/p>\n<p>A trav\u00e9s de sus redes sociales, Vald\u00e9s destac\u00f3 la importancia del intercambio con inversores internacionales para impulsar el crecimiento econ\u00f3mico de las provincias.<\/p>\n<p>&#8220;Intercambiamos estrategias implementadas en tecnolog\u00eda, producci\u00f3n y finanzas, y las posibilidades de desarrollo que tenemos en las provincias\u201d, expres\u00f3 el mandatario correntino al referirse a las reuniones mantenidas durante la jornada.<\/p>\n<p>Agenda con foco en inversiones<br \/>\nLa participaci\u00f3n de Corrientes en Argentina Week forma parte de una agenda orientada a promover inversiones y fortalecer v\u00ednculos con el sector privado internacional, en un evento que re\u00fane a gobernadores, empresarios e inversores interesados en conocer las oportunidades productivas del pa\u00eds.<\/p>\n<p>El encuentro, que se desarrolla en Nueva York, convoca a referentes del \u00e1mbito pol\u00edtico y econ\u00f3mico para debatir sobre el potencial de crecimiento de la Argentina y las posibilidades de financiamiento e inversi\u00f3n en distintos sectores estrat\u00e9gicos.<\/p>\n<p>&nbsp;<\/p>\n","protected":false},"excerpt":{"rendered":"<p>El gobernador de Corrientes comparti\u00f3 un encuentro con empresarios y equipos t\u00e9cnicos internacionales. Tambi\u00e9n participaron el ministro de Econom\u00eda, Luis Caputo, y el vocero presidencial Manuel Adorni. El gobernador de Corrientes, Juan Pablo Vald\u00e9s, particip\u00f3 este mi\u00e9rcoles de una nueva jornada de la Argentina Week que se desarrolla en Nueva York, donde mantuvo reuniones con [&hellip;]<\/p>\n","protected":false},"author":4,"featured_media":210097,"comment_status":"open","ping_status":"open","sticky":false,"template":"","format":"standard","meta":{"_joinchat":[],"footnotes":""},"categories":[26],"tags":[],"class_list":{"0":"post-210096","1":"post","2":"type-post","3":"status-publish","4":"format-standard","5":"has-post-thumbnail","7":"category-provinciales"},"yoast_head":"<!-- This site is optimized with the Yoast SEO plugin v27.2 - https:\/\/yoast.com\/product\/yoast-seo-wordpress\/ -->\n<title>Vald\u00e9s particip\u00f3 de reuniones con empresarios e inversores en Nueva York - Radio Infinita Goya<\/title>\n<meta name=\"description\" content=\"El gobernador de Corrientes comparti\u00f3 un encuentro con empresarios y equipos t\u00e9cnicos internacionales. Tambi\u00e9n participaron el ministro de Econom\u00eda, Luis\" \/>\n<meta name=\"robots\" content=\"index, follow, max-snippet:-1, max-image-preview:large, max-video-preview:-1\" \/>\n<link rel=\"canonical\" href=\"https:\/\/radioinfinitagoya.com.ar\/v1\/2026\/03\/12\/valdes-participo-de-reuniones-con-empresarios-e-inversores-en-nueva-york\/\" \/>\n<meta property=\"og:locale\" content=\"es_ES\" \/>\n<meta property=\"og:type\" content=\"article\" \/>\n<meta property=\"og:title\" content=\"Vald\u00e9s particip\u00f3 de reuniones con empresarios e inversores en Nueva York - Radio Infinita Goya\" \/>\n<meta property=\"og:description\" content=\"El gobernador de Corrientes comparti\u00f3 un encuentro con empresarios y equipos t\u00e9cnicos internacionales. Tambi\u00e9n participaron el ministro de Econom\u00eda, Luis\" \/>\n<meta property=\"og:url\" content=\"https:\/\/radioinfinitagoya.com.ar\/v1\/2026\/03\/12\/valdes-participo-de-reuniones-con-empresarios-e-inversores-en-nueva-york\/\" \/>\n<meta property=\"og:site_name\" content=\"Radio Infinita Goya\" \/>\n<meta property=\"article:publisher\" content=\"https:\/\/www.facebook.com\/p\/Infinita-Goya-100063870918311\/\" \/>\n<meta property=\"article:published_time\" content=\"2026-03-12T19:38:29+00:00\" \/>\n<meta property=\"og:image\" content=\"https:\/\/radioinfinitagoya.com.ar\/v1\/wp-content\/uploads\/2026\/03\/1773266574698.webp\" \/>\n\t<meta property=\"og:image:width\" content=\"1200\" \/>\n\t<meta property=\"og:image:height\" content=\"675\" \/>\n\t<meta property=\"og:image:type\" content=\"image\/webp\" \/>\n<meta name=\"author\" content=\"Jorge Mi\u00f1o\" \/>\n<meta name=\"twitter:card\" content=\"summary_large_image\" \/>\n<meta name=\"twitter:label1\" content=\"Escrito por\" \/>\n\t<meta name=\"twitter:data1\" content=\"Jorge Mi\u00f1o\" \/>\n\t<meta name=\"twitter:label2\" content=\"Tiempo de lectura\" \/>\n\t<meta name=\"twitter:data2\" content=\"2 minutos\" \/>\n<script type=\"application\/ld+json\" class=\"yoast-schema-graph\">{\"@context\":\"https:\/\/schema.org\",\"@graph\":[{\"@type\":\"Article\",\"@id\":\"https:\/\/radioinfinitagoya.com.ar\/v1\/2026\/03\/12\/valdes-participo-de-reuniones-con-empresarios-e-inversores-en-nueva-york\/#article\",\"isPartOf\":{\"@id\":\"https:\/\/radioinfinitagoya.com.ar\/v1\/2026\/03\/12\/valdes-participo-de-reuniones-con-empresarios-e-inversores-en-nueva-york\/\"},\"author\":{\"name\":\"Jorge Mi\u00f1o\",\"@id\":\"https:\/\/radioinfinitagoya.com.ar\/v1\/#\/schema\/person\/d4cf9c413d4f6edb24aabdccab49ca4a\"},\"headline\":\"Vald\u00e9s particip\u00f3 de reuniones con empresarios e inversores en Nueva York\",\"datePublished\":\"2026-03-12T19:38:29+00:00\",\"mainEntityOfPage\":{\"@id\":\"https:\/\/radioinfinitagoya.com.ar\/v1\/2026\/03\/12\/valdes-participo-de-reuniones-con-empresarios-e-inversores-en-nueva-york\/\"},\"wordCount\":354,\"commentCount\":0,\"publisher\":{\"@id\":\"https:\/\/radioinfinitagoya.com.ar\/v1\/#organization\"},\"image\":{\"@id\":\"https:\/\/radioinfinitagoya.com.ar\/v1\/2026\/03\/12\/valdes-participo-de-reuniones-con-empresarios-e-inversores-en-nueva-york\/#primaryimage\"},\"thumbnailUrl\":\"https:\/\/radioinfinitagoya.com.ar\/v1\/wp-content\/uploads\/2026\/03\/1773266574698.webp\",\"articleSection\":[\"PROVINCIALES\"],\"inLanguage\":\"es-AR\",\"potentialAction\":[{\"@type\":\"CommentAction\",\"name\":\"Comment\",\"target\":[\"https:\/\/radioinfinitagoya.com.ar\/v1\/2026\/03\/12\/valdes-participo-de-reuniones-con-empresarios-e-inversores-en-nueva-york\/#respond\"]}]},{\"@type\":\"WebPage\",\"@id\":\"https:\/\/radioinfinitagoya.com.ar\/v1\/2026\/03\/12\/valdes-participo-de-reuniones-con-empresarios-e-inversores-en-nueva-york\/\",\"url\":\"https:\/\/radioinfinitagoya.com.ar\/v1\/2026\/03\/12\/valdes-participo-de-reuniones-con-empresarios-e-inversores-en-nueva-york\/\",\"name\":\"Vald\u00e9s particip\u00f3 de reuniones con empresarios e inversores en Nueva York - Radio Infinita Goya\",\"isPartOf\":{\"@id\":\"https:\/\/radioinfinitagoya.com.ar\/v1\/#website\"},\"primaryImageOfPage\":{\"@id\":\"https:\/\/radioinfinitagoya.com.ar\/v1\/2026\/03\/12\/valdes-participo-de-reuniones-con-empresarios-e-inversores-en-nueva-york\/#primaryimage\"},\"image\":{\"@id\":\"https:\/\/radioinfinitagoya.com.ar\/v1\/2026\/03\/12\/valdes-participo-de-reuniones-con-empresarios-e-inversores-en-nueva-york\/#primaryimage\"},\"thumbnailUrl\":\"https:\/\/radioinfinitagoya.com.ar\/v1\/wp-content\/uploads\/2026\/03\/1773266574698.webp\",\"datePublished\":\"2026-03-12T19:38:29+00:00\",\"description\":\"El gobernador de Corrientes comparti\u00f3 un encuentro con empresarios y equipos t\u00e9cnicos internacionales. Tambi\u00e9n participaron el ministro de Econom\u00eda, Luis\",\"breadcrumb\":{\"@id\":\"https:\/\/radioinfinitagoya.com.ar\/v1\/2026\/03\/12\/valdes-participo-de-reuniones-con-empresarios-e-inversores-en-nueva-york\/#breadcrumb\"},\"inLanguage\":\"es-AR\",\"potentialAction\":[{\"@type\":\"ReadAction\",\"target\":[\"https:\/\/radioinfinitagoya.com.ar\/v1\/2026\/03\/12\/valdes-participo-de-reuniones-con-empresarios-e-inversores-en-nueva-york\/\"]}]},{\"@type\":\"ImageObject\",\"inLanguage\":\"es-AR\",\"@id\":\"https:\/\/radioinfinitagoya.com.ar\/v1\/2026\/03\/12\/valdes-participo-de-reuniones-con-empresarios-e-inversores-en-nueva-york\/#primaryimage\",\"url\":\"https:\/\/radioinfinitagoya.com.ar\/v1\/wp-content\/uploads\/2026\/03\/1773266574698.webp\",\"contentUrl\":\"https:\/\/radioinfinitagoya.com.ar\/v1\/wp-content\/uploads\/2026\/03\/1773266574698.webp\",\"width\":1200,\"height\":675},{\"@type\":\"BreadcrumbList\",\"@id\":\"https:\/\/radioinfinitagoya.com.ar\/v1\/2026\/03\/12\/valdes-participo-de-reuniones-con-empresarios-e-inversores-en-nueva-york\/#breadcrumb\",\"itemListElement\":[{\"@type\":\"ListItem\",\"position\":1,\"name\":\"Inicio\",\"item\":\"https:\/\/radioinfinitagoya.com.ar\/v1\/\"},{\"@type\":\"ListItem\",\"position\":2,\"name\":\"Vald\u00e9s particip\u00f3 de reuniones con empresarios e inversores en Nueva York\"}]},{\"@type\":\"WebSite\",\"@id\":\"https:\/\/radioinfinitagoya.com.ar\/v1\/#website\",\"url\":\"https:\/\/radioinfinitagoya.com.ar\/v1\/\",\"name\":\"radioinfinitagoya.com.ar\",\"description\":\"Radio de noticias\",\"publisher\":{\"@id\":\"https:\/\/radioinfinitagoya.com.ar\/v1\/#organization\"},\"potentialAction\":[{\"@type\":\"SearchAction\",\"target\":{\"@type\":\"EntryPoint\",\"urlTemplate\":\"https:\/\/radioinfinitagoya.com.ar\/v1\/?s={search_term_string}\"},\"query-input\":{\"@type\":\"PropertyValueSpecification\",\"valueRequired\":true,\"valueName\":\"search_term_string\"}}],\"inLanguage\":\"es-AR\"},{\"@type\":\"Organization\",\"@id\":\"https:\/\/radioinfinitagoya.com.ar\/v1\/#organization\",\"name\":\"Radio Infinita Goya\",\"url\":\"https:\/\/radioinfinitagoya.com.ar\/v1\/\",\"logo\":{\"@type\":\"ImageObject\",\"inLanguage\":\"es-AR\",\"@id\":\"https:\/\/radioinfinitagoya.com.ar\/v1\/#\/schema\/logo\/image\/\",\"url\":\"https:\/\/radioinfinitagoya.com.ar\/v1\/wp-content\/uploads\/2019\/11\/logo-pie-web.png\",\"contentUrl\":\"https:\/\/radioinfinitagoya.com.ar\/v1\/wp-content\/uploads\/2019\/11\/logo-pie-web.png\",\"width\":635,\"height\":326,\"caption\":\"Radio Infinita Goya\"},\"image\":{\"@id\":\"https:\/\/radioinfinitagoya.com.ar\/v1\/#\/schema\/logo\/image\/\"},\"sameAs\":[\"https:\/\/www.facebook.com\/p\/Infinita-Goya-100063870918311\/\"]},{\"@type\":\"Person\",\"@id\":\"https:\/\/radioinfinitagoya.com.ar\/v1\/#\/schema\/person\/d4cf9c413d4f6edb24aabdccab49ca4a\",\"name\":\"Jorge Mi\u00f1o\",\"image\":{\"@type\":\"ImageObject\",\"inLanguage\":\"es-AR\",\"@id\":\"https:\/\/secure.gravatar.com\/avatar\/910fcf6728fe95320e07a6643c1581fec1c7fc4bf8ae12e3d8f0d0373dc844be?s=96&d=mm&r=g\",\"url\":\"https:\/\/secure.gravatar.com\/avatar\/910fcf6728fe95320e07a6643c1581fec1c7fc4bf8ae12e3d8f0d0373dc844be?s=96&d=mm&r=g\",\"contentUrl\":\"https:\/\/secure.gravatar.com\/avatar\/910fcf6728fe95320e07a6643c1581fec1c7fc4bf8ae12e3d8f0d0373dc844be?s=96&d=mm&r=g\",\"caption\":\"Jorge Mi\u00f1o\"},\"sameAs\":[\"http:\/\/radioinfinitagoya.com.ar\"]}]}<\/script>\n<!-- \/ Yoast SEO plugin. -->","yoast_head_json":{"title":"Vald\u00e9s particip\u00f3 de reuniones con empresarios e inversores en Nueva York - Radio Infinita Goya","description":"El gobernador de Corrientes comparti\u00f3 un encuentro con empresarios y equipos t\u00e9cnicos internacionales. Tambi\u00e9n participaron el ministro de Econom\u00eda, Luis","robots":{"index":"index","follow":"follow","max-snippet":"max-snippet:-1","max-image-preview":"max-image-preview:large","max-video-preview":"max-video-preview:-1"},"canonical":"https:\/\/radioinfinitagoya.com.ar\/v1\/2026\/03\/12\/valdes-participo-de-reuniones-con-empresarios-e-inversores-en-nueva-york\/","og_locale":"es_ES","og_type":"article","og_title":"Vald\u00e9s particip\u00f3 de reuniones con empresarios e inversores en Nueva York - Radio Infinita Goya","og_description":"El gobernador de Corrientes comparti\u00f3 un encuentro con empresarios y equipos t\u00e9cnicos internacionales. Tambi\u00e9n participaron el ministro de Econom\u00eda, Luis","og_url":"https:\/\/radioinfinitagoya.com.ar\/v1\/2026\/03\/12\/valdes-participo-de-reuniones-con-empresarios-e-inversores-en-nueva-york\/","og_site_name":"Radio Infinita Goya","article_publisher":"https:\/\/www.facebook.com\/p\/Infinita-Goya-100063870918311\/","article_published_time":"2026-03-12T19:38:29+00:00","og_image":[{"width":1200,"height":675,"url":"https:\/\/radioinfinitagoya.com.ar\/v1\/wp-content\/uploads\/2026\/03\/1773266574698.webp","type":"image\/webp"}],"author":"Jorge Mi\u00f1o","twitter_card":"summary_large_image","twitter_misc":{"Escrito por":"Jorge Mi\u00f1o","Tiempo de lectura":"2 minutos"},"schema":{"@context":"https:\/\/schema.org","@graph":[{"@type":"Article","@id":"https:\/\/radioinfinitagoya.com.ar\/v1\/2026\/03\/12\/valdes-participo-de-reuniones-con-empresarios-e-inversores-en-nueva-york\/#article","isPartOf":{"@id":"https:\/\/radioinfinitagoya.com.ar\/v1\/2026\/03\/12\/valdes-participo-de-reuniones-con-empresarios-e-inversores-en-nueva-york\/"},"author":{"name":"Jorge Mi\u00f1o","@id":"https:\/\/radioinfinitagoya.com.ar\/v1\/#\/schema\/person\/d4cf9c413d4f6edb24aabdccab49ca4a"},"headline":"Vald\u00e9s particip\u00f3 de reuniones con empresarios e inversores en Nueva York","datePublished":"2026-03-12T19:38:29+00:00","mainEntityOfPage":{"@id":"https:\/\/radioinfinitagoya.com.ar\/v1\/2026\/03\/12\/valdes-participo-de-reuniones-con-empresarios-e-inversores-en-nueva-york\/"},"wordCount":354,"commentCount":0,"publisher":{"@id":"https:\/\/radioinfinitagoya.com.ar\/v1\/#organization"},"image":{"@id":"https:\/\/radioinfinitagoya.com.ar\/v1\/2026\/03\/12\/valdes-participo-de-reuniones-con-empresarios-e-inversores-en-nueva-york\/#primaryimage"},"thumbnailUrl":"https:\/\/radioinfinitagoya.com.ar\/v1\/wp-content\/uploads\/2026\/03\/1773266574698.webp","articleSection":["PROVINCIALES"],"inLanguage":"es-AR","potentialAction":[{"@type":"CommentAction","name":"Comment","target":["https:\/\/radioinfinitagoya.com.ar\/v1\/2026\/03\/12\/valdes-participo-de-reuniones-con-empresarios-e-inversores-en-nueva-york\/#respond"]}]},{"@type":"WebPage","@id":"https:\/\/radioinfinitagoya.com.ar\/v1\/2026\/03\/12\/valdes-participo-de-reuniones-con-empresarios-e-inversores-en-nueva-york\/","url":"https:\/\/radioinfinitagoya.com.ar\/v1\/2026\/03\/12\/valdes-participo-de-reuniones-con-empresarios-e-inversores-en-nueva-york\/","name":"Vald\u00e9s particip\u00f3 de reuniones con empresarios e inversores en Nueva York - Radio Infinita Goya","isPartOf":{"@id":"https:\/\/radioinfinitagoya.com.ar\/v1\/#website"},"primaryImageOfPage":{"@id":"https:\/\/radioinfinitagoya.com.ar\/v1\/2026\/03\/12\/valdes-participo-de-reuniones-con-empresarios-e-inversores-en-nueva-york\/#primaryimage"},"image":{"@id":"https:\/\/radioinfinitagoya.com.ar\/v1\/2026\/03\/12\/valdes-participo-de-reuniones-con-empresarios-e-inversores-en-nueva-york\/#primaryimage"},"thumbnailUrl":"https:\/\/radioinfinitagoya.com.ar\/v1\/wp-content\/uploads\/2026\/03\/1773266574698.webp","datePublished":"2026-03-12T19:38:29+00:00","description":"El gobernador de Corrientes comparti\u00f3 un encuentro con empresarios y equipos t\u00e9cnicos internacionales. Tambi\u00e9n participaron el ministro de Econom\u00eda, Luis","breadcrumb":{"@id":"https:\/\/radioinfinitagoya.com.ar\/v1\/2026\/03\/12\/valdes-participo-de-reuniones-con-empresarios-e-inversores-en-nueva-york\/#breadcrumb"},"inLanguage":"es-AR","potentialAction":[{"@type":"ReadAction","target":["https:\/\/radioinfinitagoya.com.ar\/v1\/2026\/03\/12\/valdes-participo-de-reuniones-con-empresarios-e-inversores-en-nueva-york\/"]}]},{"@type":"ImageObject","inLanguage":"es-AR","@id":"https:\/\/radioinfinitagoya.com.ar\/v1\/2026\/03\/12\/valdes-participo-de-reuniones-con-empresarios-e-inversores-en-nueva-york\/#primaryimage","url":"https:\/\/radioinfinitagoya.com.ar\/v1\/wp-content\/uploads\/2026\/03\/1773266574698.webp","contentUrl":"https:\/\/radioinfinitagoya.com.ar\/v1\/wp-content\/uploads\/2026\/03\/1773266574698.webp","width":1200,"height":675},{"@type":"BreadcrumbList","@id":"https:\/\/radioinfinitagoya.com.ar\/v1\/2026\/03\/12\/valdes-participo-de-reuniones-con-empresarios-e-inversores-en-nueva-york\/#breadcrumb","itemListElement":[{"@type":"ListItem","position":1,"name":"Inicio","item":"https:\/\/radioinfinitagoya.com.ar\/v1\/"},{"@type":"ListItem","position":2,"name":"Vald\u00e9s particip\u00f3 de reuniones con empresarios e inversores en Nueva York"}]},{"@type":"WebSite","@id":"https:\/\/radioinfinitagoya.com.ar\/v1\/#website","url":"https:\/\/radioinfinitagoya.com.ar\/v1\/","name":"radioinfinitagoya.com.ar","description":"Radio de noticias","publisher":{"@id":"https:\/\/radioinfinitagoya.com.ar\/v1\/#organization"},"potentialAction":[{"@type":"SearchAction","target":{"@type":"EntryPoint","urlTemplate":"https:\/\/radioinfinitagoya.com.ar\/v1\/?s={search_term_string}"},"query-input":{"@type":"PropertyValueSpecification","valueRequired":true,"valueName":"search_term_string"}}],"inLanguage":"es-AR"},{"@type":"Organization","@id":"https:\/\/radioinfinitagoya.com.ar\/v1\/#organization","name":"Radio Infinita Goya","url":"https:\/\/radioinfinitagoya.com.ar\/v1\/","logo":{"@type":"ImageObject","inLanguage":"es-AR","@id":"https:\/\/radioinfinitagoya.com.ar\/v1\/#\/schema\/logo\/image\/","url":"https:\/\/radioinfinitagoya.com.ar\/v1\/wp-content\/uploads\/2019\/11\/logo-pie-web.png","contentUrl":"https:\/\/radioinfinitagoya.com.ar\/v1\/wp-content\/uploads\/2019\/11\/logo-pie-web.png","width":635,"height":326,"caption":"Radio Infinita Goya"},"image":{"@id":"https:\/\/radioinfinitagoya.com.ar\/v1\/#\/schema\/logo\/image\/"},"sameAs":["https:\/\/www.facebook.com\/p\/Infinita-Goya-100063870918311\/"]},{"@type":"Person","@id":"https:\/\/radioinfinitagoya.com.ar\/v1\/#\/schema\/person\/d4cf9c413d4f6edb24aabdccab49ca4a","name":"Jorge Mi\u00f1o","image":{"@type":"ImageObject","inLanguage":"es-AR","@id":"https:\/\/secure.gravatar.com\/avatar\/910fcf6728fe95320e07a6643c1581fec1c7fc4bf8ae12e3d8f0d0373dc844be?s=96&d=mm&r=g","url":"https:\/\/secure.gravatar.com\/avatar\/910fcf6728fe95320e07a6643c1581fec1c7fc4bf8ae12e3d8f0d0373dc844be?s=96&d=mm&r=g","contentUrl":"https:\/\/secure.gravatar.com\/avatar\/910fcf6728fe95320e07a6643c1581fec1c7fc4bf8ae12e3d8f0d0373dc844be?s=96&d=mm&r=g","caption":"Jorge Mi\u00f1o"},"sameAs":["http:\/\/radioinfinitagoya.com.ar"]}]}},"_links":{"self":[{"href":"https:\/\/radioinfinitagoya.com.ar\/v1\/wp-json\/wp\/v2\/posts\/210096","targetHints":{"allow":["GET"]}}],"collection":[{"href":"https:\/\/radioinfinitagoya.com.ar\/v1\/wp-json\/wp\/v2\/posts"}],"about":[{"href":"https:\/\/radioinfinitagoya.com.ar\/v1\/wp-json\/wp\/v2\/types\/post"}],"author":[{"embeddable":true,"href":"https:\/\/radioinfinitagoya.com.ar\/v1\/wp-json\/wp\/v2\/users\/4"}],"replies":[{"embeddable":true,"href":"https:\/\/radioinfinitagoya.com.ar\/v1\/wp-json\/wp\/v2\/comments?post=210096"}],"version-history":[{"count":0,"href":"https:\/\/radioinfinitagoya.com.ar\/v1\/wp-json\/wp\/v2\/posts\/210096\/revisions"}],"wp:featuredmedia":[{"embeddable":true,"href":"https:\/\/radioinfinitagoya.com.ar\/v1\/wp-json\/wp\/v2\/media\/210097"}],"wp:attachment":[{"href":"https:\/\/radioinfinitagoya.com.ar\/v1\/wp-json\/wp\/v2\/media?parent=210096"}],"wp:term":[{"taxonomy":"category","embeddable":true,"href":"https:\/\/radioinfinitagoya.com.ar\/v1\/wp-json\/wp\/v2\/categories?post=210096"},{"taxonomy":"post_tag","embeddable":true,"href":"https:\/\/radioinfinitagoya.com.ar\/v1\/wp-json\/wp\/v2\/tags?post=210096"}],"curies":[{"name":"wp","href":"https:\/\/api.w.org\/{rel}","templated":true}]}}