{"id":210099,"date":"2026-03-12T16:42:40","date_gmt":"2026-03-12T19:42:40","guid":{"rendered":"https:\/\/radioinfinitagoya.com.ar\/v1\/?p=210099"},"modified":"2026-03-12T16:42:40","modified_gmt":"2026-03-12T19:42:40","slug":"la-postura-de-argentina-ante-la-chance-de-jugar-la-finalissima-en-el-estadio-santiago-bernabeu","status":"publish","type":"post","link":"https:\/\/radioinfinitagoya.com.ar\/v1\/2026\/03\/12\/la-postura-de-argentina-ante-la-chance-de-jugar-la-finalissima-en-el-estadio-santiago-bernabeu\/","title":{"rendered":"La postura de Argentina ante la chance de jugar la Final\u00edssima en el Estadio Santiago Bernab\u00e9u"},"content":{"rendered":"<p>Desde Europa surgi\u00f3 un rumor que asegura que la casa del Real Madrid recibir\u00eda el duelo del viernes 27 de marzo<\/p>\n<p>La Final\u00edssima entre Argentina y Espa\u00f1a entr\u00f3 en el terreno de definiciones. Con el Lusail Stadium de Qatar cada vez m\u00e1s cerca de quedar fuera de la programaci\u00f3n, las autoridades deportivas de ambos pa\u00edses deben acordar una nueva sede para disputar el t\u00edtulo el pr\u00f3ximo viernes 27 de marzo en el marco de la Fecha FIFA.<\/p>\n<p>En las \u00faltimas horas, desde Espa\u00f1a aseguraron que el Estadio Santiago Bernab\u00e9u del Real Madrid es el \u201cgran favorito\u201d a recibir el esperado cotejo, pero la postura desde la selecci\u00f3n argentina dista bastante de los informes que difundieron en territorio europeo.<\/p>\n<p>Diego Monroig, periodista de ESPN que sigue la actividad de la selecci\u00f3n argentina, afirm\u00f3 que en la directiva de la Asociaci\u00f3n del F\u00fatbol Argentino (AFA) no est\u00e1n de acuerdo con disputar este juego en Espa\u00f1a. En medio del informe sobre las versiones desde Europa, el periodista recibi\u00f3 un mensaje en vivo y asegur\u00f3: \u201cLa AFA no dio el ok para jugar en Espa\u00f1a y la AFA no va a dar el ok para jugar en Espa\u00f1a\u201d.<\/p>\n<p>En esa l\u00ednea, insisti\u00f3: \u201cEstoy en condiciones de decir que la AFA nunca y en ning\u00fan momento dio el ok para jugar en Espa\u00f1a. La postura de AFA es que nunca dio el ok para jugar en Espa\u00f1a y realmente lo sorprende la noticia que comienza a tomar fuera all\u00ed en Europa\u201d. Aunque tambi\u00e9n reconoci\u00f3 que la chance de reprogramar el duelo en el Viejo Continente es la m\u00e1s viable porque favorecer\u00eda al traslado de los futbolistas, ya que la mayor\u00eda milita en ligas europeas.<\/p>\n<p>Durante el mediod\u00eda de Argentina, el propio presidente de la AFA Claudio Chiqui Tapia se refiri\u00f3 a este tema: \u201cNos vamos a poner a trabajar porque Espa\u00f1a quiere que la final se juegue en Espa\u00f1a y yo quiero que se juegue en el Monumental\u201d.<\/p>\n<p>El foco est\u00e1 puesto en las negociaciones existentes entre las partes ante la oportunidad concreta de trasladar la sede de la Final\u00edssima del viernes 27 de marzo. El Lusail Stadium de Doha (Qatar) tiene cada vez menos chances de albergar el esperado duelo entre el campe\u00f3n de la Copa Am\u00e9rica y la Eurocopa por la situaci\u00f3n en Medio Oriente, aunque por el momento no hay una sede clara que reemplace a la qatar\u00ed.<\/p>\n<p>El presidente de la Real Federaci\u00f3n Espa\u00f1ola de F\u00fatbol (RFEF), Rafael Louz\u00e1n, hab\u00eda dicho el lunes que se iba a tomar una decisi\u00f3n \u201cen las pr\u00f3ximas 48 horas\u201d. En ese contexto, durante el comienzo del jueves se difundi\u00f3 en medios espa\u00f1oles que el Estadio Santiago Bernab\u00e9u era la opci\u00f3n firme para albergar este cotejo. Pablo Aimar, ayudante de campo de Lionel Scaloni en la Albiceleste, ya hab\u00eda marcado la postura del equipo nacional de jugar \u201cen un lugar seguro\u201d ante la situaci\u00f3n en Medio Oriente: \u201cNo sabemos d\u00f3nde se jugar\u00e1 todav\u00eda, ojal\u00e1 sea en un lugar seguro. Es una muy linda medida\u201d.<\/p>\n<p>El diario deportivo As asegur\u00f3 que el Bernab\u00e9u es \u201cel estadio madridista es el elegido\u201d y aclar\u00f3 que la \u201cUEFA considera que Madrid y el Bernab\u00e9u son las mejores alternativas europeas\u201d por delante de Roma o Lisboa. Sin embargo, el propio peri\u00f3dico espa\u00f1ol matiz\u00f3 con que tanto AFA como Conmebol \u201cdeben confirmar tambi\u00e9n esta sede\u201d.<\/p>\n<p>Ese mismo viernes 27 de marzo est\u00e1 pautado en Madrid otro partido de Fecha FIFA: Marruecos chocar\u00e1 con Ecuador en el Metropolitano, la casa del Atl\u00e9tico Madrid que est\u00e1 a unos 12 kil\u00f3metros del Bernab\u00e9u. Esto obligar\u00e1 a \u201cconsultar y consensuar\u201d con las autoridades de seguridad espa\u00f1olas, aunque desde AS afirmaron que \u201cla capital de Espa\u00f1a es capaz de soportar dos eventos de esta magnitud en un mismo d\u00eda\u201d. En ese contexto, recordaron incluso que la final de la Copa Libertadores entre River Plate y Boca Juniors fue trasladada al Bernab\u00e9u en 2018 \u201csin apenas tiempo\u201d y fue un \u201c\u00e9xito organizativo\u201d.<\/p>\n<p>Con toda esta presentaci\u00f3n en medios espa\u00f1oles presionando por tener la Final\u00edssima en Madrid, el periodista Monroig en ESPN insisti\u00f3 en que este viernes es \u201cel nuevo l\u00edmite\u201d para tomar una decisi\u00f3n sobre la sede, aunque record\u00f3 que ya hubo \u201cvarios d\u00edas claves\u201d que no terminaron siendo tal. Sin embargo, hay un punto importante: en los pr\u00f3ximos d\u00edas deben empezar a enviarse las citaciones de jugadores para esta doble Fecha FIFA, la \u00faltima antes de que comience el proceso preparatorio del Mundial 2026.<\/p>\n<p>Al mismo tiempo, Monroig analiz\u00f3 que detr\u00e1s del deseo espa\u00f1ol por tener a este importante partido entre campeones continentales existe tambi\u00e9n un foco sobre el Mundial 2030: \u201cSe habl\u00f3 de Marruecos, Portugal, no es casualidad que Espa\u00f1a juegue la carta m\u00e1s fuerte porque ac\u00e1 estamos hablando de tres pa\u00edses que son los organizadores del Mundial 2030. Mostrarle al mundo que en este contexto geopol\u00edtico pueden organizar un partido de tama\u00f1a envergadura&#8230; Lo quer\u00eda Portugal, lo quiere Marruecos y tambi\u00e9n lo quiere Espa\u00f1a. Al mismo tiempo ac\u00e1 hay que leer entre l\u00edneas de \u2018yo quiero la final del 30\u2032. Ah\u00ed tambi\u00e9n hay una puja&#8221;.<\/p>\n<p>&nbsp;<\/p>\n<p>&nbsp;<\/p>\n","protected":false},"excerpt":{"rendered":"<p>Desde Europa surgi\u00f3 un rumor que asegura que la casa del Real Madrid recibir\u00eda el duelo del viernes 27 de marzo La Final\u00edssima entre Argentina y Espa\u00f1a entr\u00f3 en el terreno de definiciones. Con el Lusail Stadium de Qatar cada vez m\u00e1s cerca de quedar fuera de la programaci\u00f3n, las autoridades deportivas de ambos pa\u00edses [&hellip;]<\/p>\n","protected":false},"author":4,"featured_media":210100,"comment_status":"open","ping_status":"open","sticky":false,"template":"","format":"standard","meta":{"_joinchat":[],"footnotes":""},"categories":[28],"tags":[],"class_list":{"0":"post-210099","1":"post","2":"type-post","3":"status-publish","4":"format-standard","5":"has-post-thumbnail","7":"category-deportes"},"yoast_head":"<!-- This site is optimized with the Yoast SEO plugin v27.2 - https:\/\/yoast.com\/product\/yoast-seo-wordpress\/ -->\n<title>La postura de Argentina ante la chance de jugar la Final\u00edssima en el Estadio Santiago Bernab\u00e9u - Radio Infinita Goya<\/title>\n<meta name=\"description\" content=\"Desde Europa surgi\u00f3 un rumor que asegura que la casa del Real Madrid recibir\u00eda el duelo del viernes 27 de marzo La Final\u00edssima entre Argentina y Espa\u00f1a\" \/>\n<meta name=\"robots\" content=\"index, follow, max-snippet:-1, max-image-preview:large, max-video-preview:-1\" \/>\n<link rel=\"canonical\" href=\"https:\/\/radioinfinitagoya.com.ar\/v1\/2026\/03\/12\/la-postura-de-argentina-ante-la-chance-de-jugar-la-finalissima-en-el-estadio-santiago-bernabeu\/\" \/>\n<meta property=\"og:locale\" content=\"es_ES\" \/>\n<meta property=\"og:type\" content=\"article\" \/>\n<meta property=\"og:title\" content=\"La postura de Argentina ante la chance de jugar la Final\u00edssima en el Estadio Santiago Bernab\u00e9u - Radio Infinita Goya\" \/>\n<meta property=\"og:description\" content=\"Desde Europa surgi\u00f3 un rumor que asegura que la casa del Real Madrid recibir\u00eda el duelo del viernes 27 de marzo La Final\u00edssima entre Argentina y Espa\u00f1a\" \/>\n<meta property=\"og:url\" content=\"https:\/\/radioinfinitagoya.com.ar\/v1\/2026\/03\/12\/la-postura-de-argentina-ante-la-chance-de-jugar-la-finalissima-en-el-estadio-santiago-bernabeu\/\" \/>\n<meta property=\"og:site_name\" content=\"Radio Infinita Goya\" \/>\n<meta property=\"article:publisher\" content=\"https:\/\/www.facebook.com\/p\/Infinita-Goya-100063870918311\/\" \/>\n<meta property=\"article:published_time\" content=\"2026-03-12T19:42:40+00:00\" \/>\n<meta property=\"og:image\" content=\"https:\/\/radioinfinitagoya.com.ar\/v1\/wp-content\/uploads\/2026\/03\/Leq4-xi.jpg\" \/>\n\t<meta property=\"og:image:width\" content=\"680\" \/>\n\t<meta property=\"og:image:height\" content=\"340\" \/>\n\t<meta property=\"og:image:type\" content=\"image\/jpeg\" \/>\n<meta name=\"author\" content=\"Jorge Mi\u00f1o\" \/>\n<meta name=\"twitter:card\" content=\"summary_large_image\" \/>\n<meta name=\"twitter:label1\" content=\"Escrito por\" \/>\n\t<meta name=\"twitter:data1\" content=\"Jorge Mi\u00f1o\" \/>\n\t<meta name=\"twitter:label2\" content=\"Tiempo de lectura\" \/>\n\t<meta name=\"twitter:data2\" content=\"5 minutos\" \/>\n<script type=\"application\/ld+json\" class=\"yoast-schema-graph\">{\"@context\":\"https:\/\/schema.org\",\"@graph\":[{\"@type\":\"Article\",\"@id\":\"https:\/\/radioinfinitagoya.com.ar\/v1\/2026\/03\/12\/la-postura-de-argentina-ante-la-chance-de-jugar-la-finalissima-en-el-estadio-santiago-bernabeu\/#article\",\"isPartOf\":{\"@id\":\"https:\/\/radioinfinitagoya.com.ar\/v1\/2026\/03\/12\/la-postura-de-argentina-ante-la-chance-de-jugar-la-finalissima-en-el-estadio-santiago-bernabeu\/\"},\"author\":{\"name\":\"Jorge Mi\u00f1o\",\"@id\":\"https:\/\/radioinfinitagoya.com.ar\/v1\/#\/schema\/person\/d4cf9c413d4f6edb24aabdccab49ca4a\"},\"headline\":\"La postura de Argentina ante la chance de jugar la Final\u00edssima en el Estadio Santiago Bernab\u00e9u\",\"datePublished\":\"2026-03-12T19:42:40+00:00\",\"mainEntityOfPage\":{\"@id\":\"https:\/\/radioinfinitagoya.com.ar\/v1\/2026\/03\/12\/la-postura-de-argentina-ante-la-chance-de-jugar-la-finalissima-en-el-estadio-santiago-bernabeu\/\"},\"wordCount\":929,\"commentCount\":0,\"publisher\":{\"@id\":\"https:\/\/radioinfinitagoya.com.ar\/v1\/#organization\"},\"image\":{\"@id\":\"https:\/\/radioinfinitagoya.com.ar\/v1\/2026\/03\/12\/la-postura-de-argentina-ante-la-chance-de-jugar-la-finalissima-en-el-estadio-santiago-bernabeu\/#primaryimage\"},\"thumbnailUrl\":\"https:\/\/radioinfinitagoya.com.ar\/v1\/wp-content\/uploads\/2026\/03\/Leq4-xi.jpg\",\"articleSection\":[\"DEPORTES\"],\"inLanguage\":\"es-AR\",\"potentialAction\":[{\"@type\":\"CommentAction\",\"name\":\"Comment\",\"target\":[\"https:\/\/radioinfinitagoya.com.ar\/v1\/2026\/03\/12\/la-postura-de-argentina-ante-la-chance-de-jugar-la-finalissima-en-el-estadio-santiago-bernabeu\/#respond\"]}]},{\"@type\":\"WebPage\",\"@id\":\"https:\/\/radioinfinitagoya.com.ar\/v1\/2026\/03\/12\/la-postura-de-argentina-ante-la-chance-de-jugar-la-finalissima-en-el-estadio-santiago-bernabeu\/\",\"url\":\"https:\/\/radioinfinitagoya.com.ar\/v1\/2026\/03\/12\/la-postura-de-argentina-ante-la-chance-de-jugar-la-finalissima-en-el-estadio-santiago-bernabeu\/\",\"name\":\"La postura de Argentina ante la chance de jugar la Final\u00edssima en el Estadio Santiago Bernab\u00e9u - Radio Infinita Goya\",\"isPartOf\":{\"@id\":\"https:\/\/radioinfinitagoya.com.ar\/v1\/#website\"},\"primaryImageOfPage\":{\"@id\":\"https:\/\/radioinfinitagoya.com.ar\/v1\/2026\/03\/12\/la-postura-de-argentina-ante-la-chance-de-jugar-la-finalissima-en-el-estadio-santiago-bernabeu\/#primaryimage\"},\"image\":{\"@id\":\"https:\/\/radioinfinitagoya.com.ar\/v1\/2026\/03\/12\/la-postura-de-argentina-ante-la-chance-de-jugar-la-finalissima-en-el-estadio-santiago-bernabeu\/#primaryimage\"},\"thumbnailUrl\":\"https:\/\/radioinfinitagoya.com.ar\/v1\/wp-content\/uploads\/2026\/03\/Leq4-xi.jpg\",\"datePublished\":\"2026-03-12T19:42:40+00:00\",\"description\":\"Desde Europa surgi\u00f3 un rumor que asegura que la casa del Real Madrid recibir\u00eda el duelo del viernes 27 de marzo La Final\u00edssima entre Argentina y Espa\u00f1a\",\"breadcrumb\":{\"@id\":\"https:\/\/radioinfinitagoya.com.ar\/v1\/2026\/03\/12\/la-postura-de-argentina-ante-la-chance-de-jugar-la-finalissima-en-el-estadio-santiago-bernabeu\/#breadcrumb\"},\"inLanguage\":\"es-AR\",\"potentialAction\":[{\"@type\":\"ReadAction\",\"target\":[\"https:\/\/radioinfinitagoya.com.ar\/v1\/2026\/03\/12\/la-postura-de-argentina-ante-la-chance-de-jugar-la-finalissima-en-el-estadio-santiago-bernabeu\/\"]}]},{\"@type\":\"ImageObject\",\"inLanguage\":\"es-AR\",\"@id\":\"https:\/\/radioinfinitagoya.com.ar\/v1\/2026\/03\/12\/la-postura-de-argentina-ante-la-chance-de-jugar-la-finalissima-en-el-estadio-santiago-bernabeu\/#primaryimage\",\"url\":\"https:\/\/radioinfinitagoya.com.ar\/v1\/wp-content\/uploads\/2026\/03\/Leq4-xi.jpg\",\"contentUrl\":\"https:\/\/radioinfinitagoya.com.ar\/v1\/wp-content\/uploads\/2026\/03\/Leq4-xi.jpg\",\"width\":680,\"height\":340},{\"@type\":\"BreadcrumbList\",\"@id\":\"https:\/\/radioinfinitagoya.com.ar\/v1\/2026\/03\/12\/la-postura-de-argentina-ante-la-chance-de-jugar-la-finalissima-en-el-estadio-santiago-bernabeu\/#breadcrumb\",\"itemListElement\":[{\"@type\":\"ListItem\",\"position\":1,\"name\":\"Inicio\",\"item\":\"https:\/\/radioinfinitagoya.com.ar\/v1\/\"},{\"@type\":\"ListItem\",\"position\":2,\"name\":\"La postura de Argentina ante la chance de jugar la Final\u00edssima en el Estadio Santiago Bernab\u00e9u\"}]},{\"@type\":\"WebSite\",\"@id\":\"https:\/\/radioinfinitagoya.com.ar\/v1\/#website\",\"url\":\"https:\/\/radioinfinitagoya.com.ar\/v1\/\",\"name\":\"radioinfinitagoya.com.ar\",\"description\":\"Radio de noticias\",\"publisher\":{\"@id\":\"https:\/\/radioinfinitagoya.com.ar\/v1\/#organization\"},\"potentialAction\":[{\"@type\":\"SearchAction\",\"target\":{\"@type\":\"EntryPoint\",\"urlTemplate\":\"https:\/\/radioinfinitagoya.com.ar\/v1\/?s={search_term_string}\"},\"query-input\":{\"@type\":\"PropertyValueSpecification\",\"valueRequired\":true,\"valueName\":\"search_term_string\"}}],\"inLanguage\":\"es-AR\"},{\"@type\":\"Organization\",\"@id\":\"https:\/\/radioinfinitagoya.com.ar\/v1\/#organization\",\"name\":\"Radio Infinita Goya\",\"url\":\"https:\/\/radioinfinitagoya.com.ar\/v1\/\",\"logo\":{\"@type\":\"ImageObject\",\"inLanguage\":\"es-AR\",\"@id\":\"https:\/\/radioinfinitagoya.com.ar\/v1\/#\/schema\/logo\/image\/\",\"url\":\"https:\/\/radioinfinitagoya.com.ar\/v1\/wp-content\/uploads\/2019\/11\/logo-pie-web.png\",\"contentUrl\":\"https:\/\/radioinfinitagoya.com.ar\/v1\/wp-content\/uploads\/2019\/11\/logo-pie-web.png\",\"width\":635,\"height\":326,\"caption\":\"Radio Infinita Goya\"},\"image\":{\"@id\":\"https:\/\/radioinfinitagoya.com.ar\/v1\/#\/schema\/logo\/image\/\"},\"sameAs\":[\"https:\/\/www.facebook.com\/p\/Infinita-Goya-100063870918311\/\"]},{\"@type\":\"Person\",\"@id\":\"https:\/\/radioinfinitagoya.com.ar\/v1\/#\/schema\/person\/d4cf9c413d4f6edb24aabdccab49ca4a\",\"name\":\"Jorge Mi\u00f1o\",\"image\":{\"@type\":\"ImageObject\",\"inLanguage\":\"es-AR\",\"@id\":\"https:\/\/secure.gravatar.com\/avatar\/910fcf6728fe95320e07a6643c1581fec1c7fc4bf8ae12e3d8f0d0373dc844be?s=96&d=mm&r=g\",\"url\":\"https:\/\/secure.gravatar.com\/avatar\/910fcf6728fe95320e07a6643c1581fec1c7fc4bf8ae12e3d8f0d0373dc844be?s=96&d=mm&r=g\",\"contentUrl\":\"https:\/\/secure.gravatar.com\/avatar\/910fcf6728fe95320e07a6643c1581fec1c7fc4bf8ae12e3d8f0d0373dc844be?s=96&d=mm&r=g\",\"caption\":\"Jorge Mi\u00f1o\"},\"sameAs\":[\"http:\/\/radioinfinitagoya.com.ar\"]}]}<\/script>\n<!-- \/ Yoast SEO plugin. -->","yoast_head_json":{"title":"La postura de Argentina ante la chance de jugar la Final\u00edssima en el Estadio Santiago Bernab\u00e9u - Radio Infinita Goya","description":"Desde Europa surgi\u00f3 un rumor que asegura que la casa del Real Madrid recibir\u00eda el duelo del viernes 27 de marzo La Final\u00edssima entre Argentina y Espa\u00f1a","robots":{"index":"index","follow":"follow","max-snippet":"max-snippet:-1","max-image-preview":"max-image-preview:large","max-video-preview":"max-video-preview:-1"},"canonical":"https:\/\/radioinfinitagoya.com.ar\/v1\/2026\/03\/12\/la-postura-de-argentina-ante-la-chance-de-jugar-la-finalissima-en-el-estadio-santiago-bernabeu\/","og_locale":"es_ES","og_type":"article","og_title":"La postura de Argentina ante la chance de jugar la Final\u00edssima en el Estadio Santiago Bernab\u00e9u - Radio Infinita Goya","og_description":"Desde Europa surgi\u00f3 un rumor que asegura que la casa del Real Madrid recibir\u00eda el duelo del viernes 27 de marzo La Final\u00edssima entre Argentina y Espa\u00f1a","og_url":"https:\/\/radioinfinitagoya.com.ar\/v1\/2026\/03\/12\/la-postura-de-argentina-ante-la-chance-de-jugar-la-finalissima-en-el-estadio-santiago-bernabeu\/","og_site_name":"Radio Infinita Goya","article_publisher":"https:\/\/www.facebook.com\/p\/Infinita-Goya-100063870918311\/","article_published_time":"2026-03-12T19:42:40+00:00","og_image":[{"width":680,"height":340,"url":"https:\/\/radioinfinitagoya.com.ar\/v1\/wp-content\/uploads\/2026\/03\/Leq4-xi.jpg","type":"image\/jpeg"}],"author":"Jorge Mi\u00f1o","twitter_card":"summary_large_image","twitter_misc":{"Escrito por":"Jorge Mi\u00f1o","Tiempo de lectura":"5 minutos"},"schema":{"@context":"https:\/\/schema.org","@graph":[{"@type":"Article","@id":"https:\/\/radioinfinitagoya.com.ar\/v1\/2026\/03\/12\/la-postura-de-argentina-ante-la-chance-de-jugar-la-finalissima-en-el-estadio-santiago-bernabeu\/#article","isPartOf":{"@id":"https:\/\/radioinfinitagoya.com.ar\/v1\/2026\/03\/12\/la-postura-de-argentina-ante-la-chance-de-jugar-la-finalissima-en-el-estadio-santiago-bernabeu\/"},"author":{"name":"Jorge Mi\u00f1o","@id":"https:\/\/radioinfinitagoya.com.ar\/v1\/#\/schema\/person\/d4cf9c413d4f6edb24aabdccab49ca4a"},"headline":"La postura de Argentina ante la chance de jugar la Final\u00edssima en el Estadio Santiago Bernab\u00e9u","datePublished":"2026-03-12T19:42:40+00:00","mainEntityOfPage":{"@id":"https:\/\/radioinfinitagoya.com.ar\/v1\/2026\/03\/12\/la-postura-de-argentina-ante-la-chance-de-jugar-la-finalissima-en-el-estadio-santiago-bernabeu\/"},"wordCount":929,"commentCount":0,"publisher":{"@id":"https:\/\/radioinfinitagoya.com.ar\/v1\/#organization"},"image":{"@id":"https:\/\/radioinfinitagoya.com.ar\/v1\/2026\/03\/12\/la-postura-de-argentina-ante-la-chance-de-jugar-la-finalissima-en-el-estadio-santiago-bernabeu\/#primaryimage"},"thumbnailUrl":"https:\/\/radioinfinitagoya.com.ar\/v1\/wp-content\/uploads\/2026\/03\/Leq4-xi.jpg","articleSection":["DEPORTES"],"inLanguage":"es-AR","potentialAction":[{"@type":"CommentAction","name":"Comment","target":["https:\/\/radioinfinitagoya.com.ar\/v1\/2026\/03\/12\/la-postura-de-argentina-ante-la-chance-de-jugar-la-finalissima-en-el-estadio-santiago-bernabeu\/#respond"]}]},{"@type":"WebPage","@id":"https:\/\/radioinfinitagoya.com.ar\/v1\/2026\/03\/12\/la-postura-de-argentina-ante-la-chance-de-jugar-la-finalissima-en-el-estadio-santiago-bernabeu\/","url":"https:\/\/radioinfinitagoya.com.ar\/v1\/2026\/03\/12\/la-postura-de-argentina-ante-la-chance-de-jugar-la-finalissima-en-el-estadio-santiago-bernabeu\/","name":"La postura de Argentina ante la chance de jugar la Final\u00edssima en el Estadio Santiago Bernab\u00e9u - Radio Infinita Goya","isPartOf":{"@id":"https:\/\/radioinfinitagoya.com.ar\/v1\/#website"},"primaryImageOfPage":{"@id":"https:\/\/radioinfinitagoya.com.ar\/v1\/2026\/03\/12\/la-postura-de-argentina-ante-la-chance-de-jugar-la-finalissima-en-el-estadio-santiago-bernabeu\/#primaryimage"},"image":{"@id":"https:\/\/radioinfinitagoya.com.ar\/v1\/2026\/03\/12\/la-postura-de-argentina-ante-la-chance-de-jugar-la-finalissima-en-el-estadio-santiago-bernabeu\/#primaryimage"},"thumbnailUrl":"https:\/\/radioinfinitagoya.com.ar\/v1\/wp-content\/uploads\/2026\/03\/Leq4-xi.jpg","datePublished":"2026-03-12T19:42:40+00:00","description":"Desde Europa surgi\u00f3 un rumor que asegura que la casa del Real Madrid recibir\u00eda el duelo del viernes 27 de marzo La Final\u00edssima entre Argentina y Espa\u00f1a","breadcrumb":{"@id":"https:\/\/radioinfinitagoya.com.ar\/v1\/2026\/03\/12\/la-postura-de-argentina-ante-la-chance-de-jugar-la-finalissima-en-el-estadio-santiago-bernabeu\/#breadcrumb"},"inLanguage":"es-AR","potentialAction":[{"@type":"ReadAction","target":["https:\/\/radioinfinitagoya.com.ar\/v1\/2026\/03\/12\/la-postura-de-argentina-ante-la-chance-de-jugar-la-finalissima-en-el-estadio-santiago-bernabeu\/"]}]},{"@type":"ImageObject","inLanguage":"es-AR","@id":"https:\/\/radioinfinitagoya.com.ar\/v1\/2026\/03\/12\/la-postura-de-argentina-ante-la-chance-de-jugar-la-finalissima-en-el-estadio-santiago-bernabeu\/#primaryimage","url":"https:\/\/radioinfinitagoya.com.ar\/v1\/wp-content\/uploads\/2026\/03\/Leq4-xi.jpg","contentUrl":"https:\/\/radioinfinitagoya.com.ar\/v1\/wp-content\/uploads\/2026\/03\/Leq4-xi.jpg","width":680,"height":340},{"@type":"BreadcrumbList","@id":"https:\/\/radioinfinitagoya.com.ar\/v1\/2026\/03\/12\/la-postura-de-argentina-ante-la-chance-de-jugar-la-finalissima-en-el-estadio-santiago-bernabeu\/#breadcrumb","itemListElement":[{"@type":"ListItem","position":1,"name":"Inicio","item":"https:\/\/radioinfinitagoya.com.ar\/v1\/"},{"@type":"ListItem","position":2,"name":"La postura de Argentina ante la chance de jugar la Final\u00edssima en el Estadio Santiago Bernab\u00e9u"}]},{"@type":"WebSite","@id":"https:\/\/radioinfinitagoya.com.ar\/v1\/#website","url":"https:\/\/radioinfinitagoya.com.ar\/v1\/","name":"radioinfinitagoya.com.ar","description":"Radio de noticias","publisher":{"@id":"https:\/\/radioinfinitagoya.com.ar\/v1\/#organization"},"potentialAction":[{"@type":"SearchAction","target":{"@type":"EntryPoint","urlTemplate":"https:\/\/radioinfinitagoya.com.ar\/v1\/?s={search_term_string}"},"query-input":{"@type":"PropertyValueSpecification","valueRequired":true,"valueName":"search_term_string"}}],"inLanguage":"es-AR"},{"@type":"Organization","@id":"https:\/\/radioinfinitagoya.com.ar\/v1\/#organization","name":"Radio Infinita Goya","url":"https:\/\/radioinfinitagoya.com.ar\/v1\/","logo":{"@type":"ImageObject","inLanguage":"es-AR","@id":"https:\/\/radioinfinitagoya.com.ar\/v1\/#\/schema\/logo\/image\/","url":"https:\/\/radioinfinitagoya.com.ar\/v1\/wp-content\/uploads\/2019\/11\/logo-pie-web.png","contentUrl":"https:\/\/radioinfinitagoya.com.ar\/v1\/wp-content\/uploads\/2019\/11\/logo-pie-web.png","width":635,"height":326,"caption":"Radio Infinita Goya"},"image":{"@id":"https:\/\/radioinfinitagoya.com.ar\/v1\/#\/schema\/logo\/image\/"},"sameAs":["https:\/\/www.facebook.com\/p\/Infinita-Goya-100063870918311\/"]},{"@type":"Person","@id":"https:\/\/radioinfinitagoya.com.ar\/v1\/#\/schema\/person\/d4cf9c413d4f6edb24aabdccab49ca4a","name":"Jorge Mi\u00f1o","image":{"@type":"ImageObject","inLanguage":"es-AR","@id":"https:\/\/secure.gravatar.com\/avatar\/910fcf6728fe95320e07a6643c1581fec1c7fc4bf8ae12e3d8f0d0373dc844be?s=96&d=mm&r=g","url":"https:\/\/secure.gravatar.com\/avatar\/910fcf6728fe95320e07a6643c1581fec1c7fc4bf8ae12e3d8f0d0373dc844be?s=96&d=mm&r=g","contentUrl":"https:\/\/secure.gravatar.com\/avatar\/910fcf6728fe95320e07a6643c1581fec1c7fc4bf8ae12e3d8f0d0373dc844be?s=96&d=mm&r=g","caption":"Jorge Mi\u00f1o"},"sameAs":["http:\/\/radioinfinitagoya.com.ar"]}]}},"_links":{"self":[{"href":"https:\/\/radioinfinitagoya.com.ar\/v1\/wp-json\/wp\/v2\/posts\/210099","targetHints":{"allow":["GET"]}}],"collection":[{"href":"https:\/\/radioinfinitagoya.com.ar\/v1\/wp-json\/wp\/v2\/posts"}],"about":[{"href":"https:\/\/radioinfinitagoya.com.ar\/v1\/wp-json\/wp\/v2\/types\/post"}],"author":[{"embeddable":true,"href":"https:\/\/radioinfinitagoya.com.ar\/v1\/wp-json\/wp\/v2\/users\/4"}],"replies":[{"embeddable":true,"href":"https:\/\/radioinfinitagoya.com.ar\/v1\/wp-json\/wp\/v2\/comments?post=210099"}],"version-history":[{"count":0,"href":"https:\/\/radioinfinitagoya.com.ar\/v1\/wp-json\/wp\/v2\/posts\/210099\/revisions"}],"wp:featuredmedia":[{"embeddable":true,"href":"https:\/\/radioinfinitagoya.com.ar\/v1\/wp-json\/wp\/v2\/media\/210100"}],"wp:attachment":[{"href":"https:\/\/radioinfinitagoya.com.ar\/v1\/wp-json\/wp\/v2\/media?parent=210099"}],"wp:term":[{"taxonomy":"category","embeddable":true,"href":"https:\/\/radioinfinitagoya.com.ar\/v1\/wp-json\/wp\/v2\/categories?post=210099"},{"taxonomy":"post_tag","embeddable":true,"href":"https:\/\/radioinfinitagoya.com.ar\/v1\/wp-json\/wp\/v2\/tags?post=210099"}],"curies":[{"name":"wp","href":"https:\/\/api.w.org\/{rel}","templated":true}]}}